{"id":263244,"date":"2024-10-22T08:46:16","date_gmt":"2024-10-22T11:46:16","guid":{"rendered":"https:\/\/noticiaempauta.com\/portal\/?p=263244"},"modified":"2024-10-22T08:46:19","modified_gmt":"2024-10-22T11:46:19","slug":"marcelo-castro-avalia-desempenho-nas-eleicoes-e-diz-que-mdb-quer-manter-vagas-em-2026","status":"publish","type":"post","link":"https:\/\/noticiaempauta.com\/portal\/marcelo-castro-avalia-desempenho-nas-eleicoes-e-diz-que-mdb-quer-manter-vagas-em-2026\/","title":{"rendered":"Marcelo Castro avalia desempenho nas elei\u00e7\u00f5es e diz que MDB quer manter vagas em 2026"},"content":{"rendered":"\n<p>Membros do\u00a0MDB\u00a0estiveram reunidos na manh\u00e3 desta segunda-feira (21) para uma reuni\u00e3o extraordin\u00e1ria, com foco no desempenho do partido nas elei\u00e7\u00f5es municipais. Segundo o presidente estadual do partido, senador\u00a0Marcelo Castro\u00a0(MDB), as elei\u00e7\u00f5es deste ano culminaram para um fortalecimento da sigla, com uma tend\u00eancia de favorecimento em v\u00e1rias cidades piauienses.<\/p>\n\n\n\n<p>O encontro reuniu a bancada estadual da sigla, juntamente com outros aliados pol\u00edticos federais. Al\u00e9m de um balan\u00e7o da legenda nas elei\u00e7\u00f5es, foi tratado ainda acerca do papel pol\u00edtico do MDB nas esferas de poder e tamb\u00e9m nas\u00a0estrat\u00e9gias para 2026.<\/p>\n\n\n\n<figure class=\"wp-block-image size-large\"><img fetchpriority=\"high\" decoding=\"async\" width=\"1024\" height=\"768\" src=\"https:\/\/noticiaempauta.com\/portal\/wp-content\/uploads\/2024\/10\/marcelocastro-1024x768.jpeg\" alt=\"\" class=\"wp-image-263245\" srcset=\"https:\/\/noticiaempauta.com\/portal\/wp-content\/uploads\/2024\/10\/marcelocastro-1024x768.jpeg 1024w, https:\/\/noticiaempauta.com\/portal\/wp-content\/uploads\/2024\/10\/marcelocastro-300x225.jpeg 300w, https:\/\/noticiaempauta.com\/portal\/wp-content\/uploads\/2024\/10\/marcelocastro-768x576.jpeg 768w, https:\/\/noticiaempauta.com\/portal\/wp-content\/uploads\/2024\/10\/marcelocastro-1536x1152.jpeg 1536w, https:\/\/noticiaempauta.com\/portal\/wp-content\/uploads\/2024\/10\/marcelocastro.jpeg 1600w\" sizes=\"(max-width: 1024px) 100vw, 1024px\" \/><figcaption class=\"wp-element-caption\">Senador Marcelo Castro | Foto: NoticiaEmPauta<\/figcaption><\/figure>\n\n\n\n<p>\u201cO balan\u00e7o que fizemos \u00e9 que as elei\u00e7\u00f5es municipais foram muito favor\u00e1veis ao MDB. Somos o partido que tivemos o maior n\u00famero de votos de prefeitos eleitos no estado, partido que fez o maior n\u00famero de vereadores ent\u00e3o a nossa conclus\u00e3o \u00e9 que somos o partido maior vitorioso nessa elei\u00e7\u00e3o\u201d, disse o senador em entrevista ao\u00a0O Dia<strong>.<\/strong><\/p>\n\n\n\n<p>Outro ponto citado pelo presidente regional do MDB foi sobre o respaldo do partido nas elei\u00e7\u00f5es deste ano, especialmente em continuar com vagas para o Senado Federal e no Governo do Estado. Segundo ele, a sigla vai buscar entendimento com o governador\u00a0Rafael Fonteles\u00a0(PT) para dar continuidade aos acordos firmados em 2022.<\/p>\n\n\n\n<p>\u201cIsso \u00e9 o \u00f3bvio (a continuidade dos acordos). O MDB tem duas vagas na chapa majorit\u00e1ria, do Senado e vice-governador. Ent\u00e3o se o governador perguntar \u2018o que o MDB quer?\u2019 a meta \u00e9 manter o que n\u00f3s temos. N\u00e3o queremos nada demais, quer dizer, nada al\u00e9m do que j\u00e1 temos\u201d, concluiu.<\/p>\n\n\n\n<p>Fonte: Portal O Dia<\/p>\n","protected":false},"excerpt":{"rendered":"<p>Segundo o presidente estadual do partido, as elei\u00e7\u00f5es deste ano culminaram para um fortalecimento da sigla.<\/p>\n","protected":false},"author":2,"featured_media":263245,"comment_status":"open","ping_status":"open","sticky":false,"template":"","format":"standard","meta":{"_mi_skip_tracking":false,"footnotes":""},"categories":[25,1,3,16],"tags":[192],"class_list":["post-263244","post","type-post","status-publish","format-standard","has-post-thumbnail","hentry","category-destaques-site","category-geral","category-politica","category-todas","tag-destaqueprincipal"],"acf":[],"yoast_head":"<!-- This site is optimized with the Yoast SEO Premium plugin v19.2 (Yoast SEO v26.9) - https:\/\/yoast.com\/product\/yoast-seo-premium-wordpress\/ -->\n<title>Marcelo Castro avalia desempenho nas elei\u00e7\u00f5es e diz que MDB quer manter vagas em 2026 - Portal Not\u00edcia em Pauta<\/title>\n<meta name=\"robots\" content=\"index, follow, max-snippet:-1, max-image-preview:large, max-video-preview:-1\" \/>\n<link rel=\"canonical\" href=\"https:\/\/noticiaempauta.com\/portal\/marcelo-castro-avalia-desempenho-nas-eleicoes-e-diz-que-mdb-quer-manter-vagas-em-2026\/\" \/>\n<meta property=\"og:locale\" content=\"pt_BR\" \/>\n<meta property=\"og:type\" content=\"article\" \/>\n<meta property=\"og:title\" content=\"Marcelo Castro avalia desempenho nas elei\u00e7\u00f5es e diz que MDB quer manter vagas em 2026\" \/>\n<meta property=\"og:description\" content=\"Segundo o presidente estadual do partido, as elei\u00e7\u00f5es deste ano culminaram para um fortalecimento da sigla.\" \/>\n<meta property=\"og:url\" content=\"https:\/\/noticiaempauta.com\/portal\/marcelo-castro-avalia-desempenho-nas-eleicoes-e-diz-que-mdb-quer-manter-vagas-em-2026\/\" \/>\n<meta property=\"og:site_name\" content=\"Portal Not\u00edcia em Pauta\" \/>\n<meta property=\"article:publisher\" content=\"https:\/\/www.facebook.com\/Portal-Notcia-Em-Pauta-102292869264820\/\" \/>\n<meta property=\"article:published_time\" content=\"2024-10-22T11:46:16+00:00\" \/>\n<meta property=\"article:modified_time\" content=\"2024-10-22T11:46:19+00:00\" \/>\n<meta property=\"og:image\" content=\"https:\/\/noticiaempauta.com\/portal\/wp-content\/uploads\/2024\/10\/marcelocastro.jpeg\" \/>\n\t<meta property=\"og:image:width\" content=\"1600\" \/>\n\t<meta property=\"og:image:height\" content=\"1200\" \/>\n\t<meta property=\"og:image:type\" content=\"image\/jpeg\" \/>\n<meta name=\"author\" content=\"Reda\u00e7\u00e3o\" \/>\n<meta name=\"twitter:card\" content=\"summary_large_image\" \/>\n<meta name=\"twitter:label1\" content=\"Escrito por\" \/>\n\t<meta name=\"twitter:data1\" content=\"Reda\u00e7\u00e3o\" \/>\n\t<meta name=\"twitter:label2\" content=\"Est. tempo de leitura\" \/>\n\t<meta name=\"twitter:data2\" content=\"2 minutos\" \/>\n<script type=\"application\/ld+json\" class=\"yoast-schema-graph\">{\"@context\":\"https:\/\/schema.org\",\"@graph\":[{\"@type\":\"Article\",\"@id\":\"https:\/\/noticiaempauta.com\/portal\/marcelo-castro-avalia-desempenho-nas-eleicoes-e-diz-que-mdb-quer-manter-vagas-em-2026\/#article\",\"isPartOf\":{\"@id\":\"https:\/\/noticiaempauta.com\/portal\/marcelo-castro-avalia-desempenho-nas-eleicoes-e-diz-que-mdb-quer-manter-vagas-em-2026\/\"},\"author\":{\"name\":\"Reda\u00e7\u00e3o\",\"@id\":\"https:\/\/noticiaempauta.com\/portal\/#\/schema\/person\/a74af43dd1ab3deca45f988c717d57ac\"},\"headline\":\"Marcelo Castro avalia desempenho nas elei\u00e7\u00f5es e diz que MDB quer manter vagas em 2026\",\"datePublished\":\"2024-10-22T11:46:16+00:00\",\"dateModified\":\"2024-10-22T11:46:19+00:00\",\"mainEntityOfPage\":{\"@id\":\"https:\/\/noticiaempauta.com\/portal\/marcelo-castro-avalia-desempenho-nas-eleicoes-e-diz-que-mdb-quer-manter-vagas-em-2026\/\"},\"wordCount\":299,\"commentCount\":0,\"publisher\":{\"@id\":\"https:\/\/noticiaempauta.com\/portal\/#organization\"},\"image\":{\"@id\":\"https:\/\/noticiaempauta.com\/portal\/marcelo-castro-avalia-desempenho-nas-eleicoes-e-diz-que-mdb-quer-manter-vagas-em-2026\/#primaryimage\"},\"thumbnailUrl\":\"https:\/\/noticiaempauta.com\/portal\/wp-content\/uploads\/2024\/10\/marcelocastro.jpeg\",\"keywords\":[\"destaqueprincipal\"],\"articleSection\":[\"Destaques\",\"Geral\",\"Pol\u00edtica\",\"Todas as Not\u00edcias\"],\"inLanguage\":\"pt-BR\",\"potentialAction\":[{\"@type\":\"CommentAction\",\"name\":\"Comment\",\"target\":[\"https:\/\/noticiaempauta.com\/portal\/marcelo-castro-avalia-desempenho-nas-eleicoes-e-diz-que-mdb-quer-manter-vagas-em-2026\/#respond\"]}]},{\"@type\":\"WebPage\",\"@id\":\"https:\/\/noticiaempauta.com\/portal\/marcelo-castro-avalia-desempenho-nas-eleicoes-e-diz-que-mdb-quer-manter-vagas-em-2026\/\",\"url\":\"https:\/\/noticiaempauta.com\/portal\/marcelo-castro-avalia-desempenho-nas-eleicoes-e-diz-que-mdb-quer-manter-vagas-em-2026\/\",\"name\":\"Marcelo Castro avalia desempenho nas elei\u00e7\u00f5es e diz que MDB quer manter vagas em 2026 - Portal Not\u00edcia em Pauta\",\"isPartOf\":{\"@id\":\"https:\/\/noticiaempauta.com\/portal\/#website\"},\"primaryImageOfPage\":{\"@id\":\"https:\/\/noticiaempauta.com\/portal\/marcelo-castro-avalia-desempenho-nas-eleicoes-e-diz-que-mdb-quer-manter-vagas-em-2026\/#primaryimage\"},\"image\":{\"@id\":\"https:\/\/noticiaempauta.com\/portal\/marcelo-castro-avalia-desempenho-nas-eleicoes-e-diz-que-mdb-quer-manter-vagas-em-2026\/#primaryimage\"},\"thumbnailUrl\":\"https:\/\/noticiaempauta.com\/portal\/wp-content\/uploads\/2024\/10\/marcelocastro.jpeg\",\"datePublished\":\"2024-10-22T11:46:16+00:00\",\"dateModified\":\"2024-10-22T11:46:19+00:00\",\"breadcrumb\":{\"@id\":\"https:\/\/noticiaempauta.com\/portal\/marcelo-castro-avalia-desempenho-nas-eleicoes-e-diz-que-mdb-quer-manter-vagas-em-2026\/#breadcrumb\"},\"inLanguage\":\"pt-BR\",\"potentialAction\":[{\"@type\":\"ReadAction\",\"target\":[\"https:\/\/noticiaempauta.com\/portal\/marcelo-castro-avalia-desempenho-nas-eleicoes-e-diz-que-mdb-quer-manter-vagas-em-2026\/\"]}]},{\"@type\":\"ImageObject\",\"inLanguage\":\"pt-BR\",\"@id\":\"https:\/\/noticiaempauta.com\/portal\/marcelo-castro-avalia-desempenho-nas-eleicoes-e-diz-que-mdb-quer-manter-vagas-em-2026\/#primaryimage\",\"url\":\"https:\/\/noticiaempauta.com\/portal\/wp-content\/uploads\/2024\/10\/marcelocastro.jpeg\",\"contentUrl\":\"https:\/\/noticiaempauta.com\/portal\/wp-content\/uploads\/2024\/10\/marcelocastro.jpeg\",\"width\":1600,\"height\":1200,\"caption\":\"Senador Marcelo Castro | Foto: NoticiaEmPauta\"},{\"@type\":\"BreadcrumbList\",\"@id\":\"https:\/\/noticiaempauta.com\/portal\/marcelo-castro-avalia-desempenho-nas-eleicoes-e-diz-que-mdb-quer-manter-vagas-em-2026\/#breadcrumb\",\"itemListElement\":[{\"@type\":\"ListItem\",\"position\":1,\"name\":\"P\u00e1gina Inicial\",\"item\":\"https:\/\/noticiaempauta.com\/portal\/\"},{\"@type\":\"ListItem\",\"position\":2,\"name\":\"Destaques\",\"item\":\"https:\/\/noticiaempauta.com\/portal\/destaques-site\/\"},{\"@type\":\"ListItem\",\"position\":3,\"name\":\"Marcelo Castro avalia desempenho nas elei\u00e7\u00f5es e diz que MDB quer manter vagas em 2026\"}]},{\"@type\":\"WebSite\",\"@id\":\"https:\/\/noticiaempauta.com\/portal\/#website\",\"url\":\"https:\/\/noticiaempauta.com\/portal\/\",\"name\":\"Portal Not\u00edcia em Pauta\",\"description\":\"Voc\u00ea bem informado\",\"publisher\":{\"@id\":\"https:\/\/noticiaempauta.com\/portal\/#organization\"},\"potentialAction\":[{\"@type\":\"SearchAction\",\"target\":{\"@type\":\"EntryPoint\",\"urlTemplate\":\"https:\/\/noticiaempauta.com\/portal\/?s={search_term_string}\"},\"query-input\":{\"@type\":\"PropertyValueSpecification\",\"valueRequired\":true,\"valueName\":\"search_term_string\"}}],\"inLanguage\":\"pt-BR\"},{\"@type\":\"Organization\",\"@id\":\"https:\/\/noticiaempauta.com\/portal\/#organization\",\"name\":\"Portal Not\u00edcia em Pauta\",\"url\":\"https:\/\/noticiaempauta.com\/portal\/\",\"logo\":{\"@type\":\"ImageObject\",\"inLanguage\":\"pt-BR\",\"@id\":\"https:\/\/noticiaempauta.com\/portal\/#\/schema\/logo\/image\/\",\"url\":\"https:\/\/noticiaempauta.com\/portal\/wp-content\/uploads\/2022\/08\/logomarca_tema.fw_.png\",\"contentUrl\":\"https:\/\/noticiaempauta.com\/portal\/wp-content\/uploads\/2022\/08\/logomarca_tema.fw_.png\",\"width\":400,\"height\":232,\"caption\":\"Portal Not\u00edcia em Pauta\"},\"image\":{\"@id\":\"https:\/\/noticiaempauta.com\/portal\/#\/schema\/logo\/image\/\"},\"sameAs\":[\"https:\/\/www.facebook.com\/Portal-Notcia-Em-Pauta-102292869264820\/\",\"https:\/\/www.instagram.com\/portalnoticiaempauta\/\"]},{\"@type\":\"Person\",\"@id\":\"https:\/\/noticiaempauta.com\/portal\/#\/schema\/person\/a74af43dd1ab3deca45f988c717d57ac\",\"name\":\"Reda\u00e7\u00e3o\",\"image\":{\"@type\":\"ImageObject\",\"inLanguage\":\"pt-BR\",\"@id\":\"https:\/\/noticiaempauta.com\/portal\/#\/schema\/person\/image\/\",\"url\":\"https:\/\/secure.gravatar.com\/avatar\/03179346ecce6cdfc13361603e8f54242a90e5cde8618fa23c5c00aa2b0aadf3?s=96&d=mm&r=g\",\"contentUrl\":\"https:\/\/secure.gravatar.com\/avatar\/03179346ecce6cdfc13361603e8f54242a90e5cde8618fa23c5c00aa2b0aadf3?s=96&d=mm&r=g\",\"caption\":\"Reda\u00e7\u00e3o\"},\"sameAs\":[\"https:\/\/noticiaempauta.com\/portal\/\"],\"url\":\"https:\/\/noticiaempauta.com\/portal\/author\/fernando\/\"}]}<\/script>\n<!-- \/ Yoast SEO Premium plugin. -->","yoast_head_json":{"title":"Marcelo Castro avalia desempenho nas elei\u00e7\u00f5es e diz que MDB quer manter vagas em 2026 - Portal Not\u00edcia em Pauta","robots":{"index":"index","follow":"follow","max-snippet":"max-snippet:-1","max-image-preview":"max-image-preview:large","max-video-preview":"max-video-preview:-1"},"canonical":"https:\/\/noticiaempauta.com\/portal\/marcelo-castro-avalia-desempenho-nas-eleicoes-e-diz-que-mdb-quer-manter-vagas-em-2026\/","og_locale":"pt_BR","og_type":"article","og_title":"Marcelo Castro avalia desempenho nas elei\u00e7\u00f5es e diz que MDB quer manter vagas em 2026","og_description":"Segundo o presidente estadual do partido, as elei\u00e7\u00f5es deste ano culminaram para um fortalecimento da sigla.","og_url":"https:\/\/noticiaempauta.com\/portal\/marcelo-castro-avalia-desempenho-nas-eleicoes-e-diz-que-mdb-quer-manter-vagas-em-2026\/","og_site_name":"Portal Not\u00edcia em Pauta","article_publisher":"https:\/\/www.facebook.com\/Portal-Notcia-Em-Pauta-102292869264820\/","article_published_time":"2024-10-22T11:46:16+00:00","article_modified_time":"2024-10-22T11:46:19+00:00","og_image":[{"width":1600,"height":1200,"url":"https:\/\/noticiaempauta.com\/portal\/wp-content\/uploads\/2024\/10\/marcelocastro.jpeg","type":"image\/jpeg"}],"author":"Reda\u00e7\u00e3o","twitter_card":"summary_large_image","twitter_misc":{"Escrito por":"Reda\u00e7\u00e3o","Est. tempo de leitura":"2 minutos"},"schema":{"@context":"https:\/\/schema.org","@graph":[{"@type":"Article","@id":"https:\/\/noticiaempauta.com\/portal\/marcelo-castro-avalia-desempenho-nas-eleicoes-e-diz-que-mdb-quer-manter-vagas-em-2026\/#article","isPartOf":{"@id":"https:\/\/noticiaempauta.com\/portal\/marcelo-castro-avalia-desempenho-nas-eleicoes-e-diz-que-mdb-quer-manter-vagas-em-2026\/"},"author":{"name":"Reda\u00e7\u00e3o","@id":"https:\/\/noticiaempauta.com\/portal\/#\/schema\/person\/a74af43dd1ab3deca45f988c717d57ac"},"headline":"Marcelo Castro avalia desempenho nas elei\u00e7\u00f5es e diz que MDB quer manter vagas em 2026","datePublished":"2024-10-22T11:46:16+00:00","dateModified":"2024-10-22T11:46:19+00:00","mainEntityOfPage":{"@id":"https:\/\/noticiaempauta.com\/portal\/marcelo-castro-avalia-desempenho-nas-eleicoes-e-diz-que-mdb-quer-manter-vagas-em-2026\/"},"wordCount":299,"commentCount":0,"publisher":{"@id":"https:\/\/noticiaempauta.com\/portal\/#organization"},"image":{"@id":"https:\/\/noticiaempauta.com\/portal\/marcelo-castro-avalia-desempenho-nas-eleicoes-e-diz-que-mdb-quer-manter-vagas-em-2026\/#primaryimage"},"thumbnailUrl":"https:\/\/noticiaempauta.com\/portal\/wp-content\/uploads\/2024\/10\/marcelocastro.jpeg","keywords":["destaqueprincipal"],"articleSection":["Destaques","Geral","Pol\u00edtica","Todas as Not\u00edcias"],"inLanguage":"pt-BR","potentialAction":[{"@type":"CommentAction","name":"Comment","target":["https:\/\/noticiaempauta.com\/portal\/marcelo-castro-avalia-desempenho-nas-eleicoes-e-diz-que-mdb-quer-manter-vagas-em-2026\/#respond"]}]},{"@type":"WebPage","@id":"https:\/\/noticiaempauta.com\/portal\/marcelo-castro-avalia-desempenho-nas-eleicoes-e-diz-que-mdb-quer-manter-vagas-em-2026\/","url":"https:\/\/noticiaempauta.com\/portal\/marcelo-castro-avalia-desempenho-nas-eleicoes-e-diz-que-mdb-quer-manter-vagas-em-2026\/","name":"Marcelo Castro avalia desempenho nas elei\u00e7\u00f5es e diz que MDB quer manter vagas em 2026 - Portal Not\u00edcia em Pauta","isPartOf":{"@id":"https:\/\/noticiaempauta.com\/portal\/#website"},"primaryImageOfPage":{"@id":"https:\/\/noticiaempauta.com\/portal\/marcelo-castro-avalia-desempenho-nas-eleicoes-e-diz-que-mdb-quer-manter-vagas-em-2026\/#primaryimage"},"image":{"@id":"https:\/\/noticiaempauta.com\/portal\/marcelo-castro-avalia-desempenho-nas-eleicoes-e-diz-que-mdb-quer-manter-vagas-em-2026\/#primaryimage"},"thumbnailUrl":"https:\/\/noticiaempauta.com\/portal\/wp-content\/uploads\/2024\/10\/marcelocastro.jpeg","datePublished":"2024-10-22T11:46:16+00:00","dateModified":"2024-10-22T11:46:19+00:00","breadcrumb":{"@id":"https:\/\/noticiaempauta.com\/portal\/marcelo-castro-avalia-desempenho-nas-eleicoes-e-diz-que-mdb-quer-manter-vagas-em-2026\/#breadcrumb"},"inLanguage":"pt-BR","potentialAction":[{"@type":"ReadAction","target":["https:\/\/noticiaempauta.com\/portal\/marcelo-castro-avalia-desempenho-nas-eleicoes-e-diz-que-mdb-quer-manter-vagas-em-2026\/"]}]},{"@type":"ImageObject","inLanguage":"pt-BR","@id":"https:\/\/noticiaempauta.com\/portal\/marcelo-castro-avalia-desempenho-nas-eleicoes-e-diz-que-mdb-quer-manter-vagas-em-2026\/#primaryimage","url":"https:\/\/noticiaempauta.com\/portal\/wp-content\/uploads\/2024\/10\/marcelocastro.jpeg","contentUrl":"https:\/\/noticiaempauta.com\/portal\/wp-content\/uploads\/2024\/10\/marcelocastro.jpeg","width":1600,"height":1200,"caption":"Senador Marcelo Castro | Foto: NoticiaEmPauta"},{"@type":"BreadcrumbList","@id":"https:\/\/noticiaempauta.com\/portal\/marcelo-castro-avalia-desempenho-nas-eleicoes-e-diz-que-mdb-quer-manter-vagas-em-2026\/#breadcrumb","itemListElement":[{"@type":"ListItem","position":1,"name":"P\u00e1gina Inicial","item":"https:\/\/noticiaempauta.com\/portal\/"},{"@type":"ListItem","position":2,"name":"Destaques","item":"https:\/\/noticiaempauta.com\/portal\/destaques-site\/"},{"@type":"ListItem","position":3,"name":"Marcelo Castro avalia desempenho nas elei\u00e7\u00f5es e diz que MDB quer manter vagas em 2026"}]},{"@type":"WebSite","@id":"https:\/\/noticiaempauta.com\/portal\/#website","url":"https:\/\/noticiaempauta.com\/portal\/","name":"Portal Not\u00edcia em Pauta","description":"Voc\u00ea bem informado","publisher":{"@id":"https:\/\/noticiaempauta.com\/portal\/#organization"},"potentialAction":[{"@type":"SearchAction","target":{"@type":"EntryPoint","urlTemplate":"https:\/\/noticiaempauta.com\/portal\/?s={search_term_string}"},"query-input":{"@type":"PropertyValueSpecification","valueRequired":true,"valueName":"search_term_string"}}],"inLanguage":"pt-BR"},{"@type":"Organization","@id":"https:\/\/noticiaempauta.com\/portal\/#organization","name":"Portal Not\u00edcia em Pauta","url":"https:\/\/noticiaempauta.com\/portal\/","logo":{"@type":"ImageObject","inLanguage":"pt-BR","@id":"https:\/\/noticiaempauta.com\/portal\/#\/schema\/logo\/image\/","url":"https:\/\/noticiaempauta.com\/portal\/wp-content\/uploads\/2022\/08\/logomarca_tema.fw_.png","contentUrl":"https:\/\/noticiaempauta.com\/portal\/wp-content\/uploads\/2022\/08\/logomarca_tema.fw_.png","width":400,"height":232,"caption":"Portal Not\u00edcia em Pauta"},"image":{"@id":"https:\/\/noticiaempauta.com\/portal\/#\/schema\/logo\/image\/"},"sameAs":["https:\/\/www.facebook.com\/Portal-Notcia-Em-Pauta-102292869264820\/","https:\/\/www.instagram.com\/portalnoticiaempauta\/"]},{"@type":"Person","@id":"https:\/\/noticiaempauta.com\/portal\/#\/schema\/person\/a74af43dd1ab3deca45f988c717d57ac","name":"Reda\u00e7\u00e3o","image":{"@type":"ImageObject","inLanguage":"pt-BR","@id":"https:\/\/noticiaempauta.com\/portal\/#\/schema\/person\/image\/","url":"https:\/\/secure.gravatar.com\/avatar\/03179346ecce6cdfc13361603e8f54242a90e5cde8618fa23c5c00aa2b0aadf3?s=96&d=mm&r=g","contentUrl":"https:\/\/secure.gravatar.com\/avatar\/03179346ecce6cdfc13361603e8f54242a90e5cde8618fa23c5c00aa2b0aadf3?s=96&d=mm&r=g","caption":"Reda\u00e7\u00e3o"},"sameAs":["https:\/\/noticiaempauta.com\/portal\/"],"url":"https:\/\/noticiaempauta.com\/portal\/author\/fernando\/"}]}},"_links":{"self":[{"href":"https:\/\/noticiaempauta.com\/portal\/wp-json\/wp\/v2\/posts\/263244","targetHints":{"allow":["GET"]}}],"collection":[{"href":"https:\/\/noticiaempauta.com\/portal\/wp-json\/wp\/v2\/posts"}],"about":[{"href":"https:\/\/noticiaempauta.com\/portal\/wp-json\/wp\/v2\/types\/post"}],"author":[{"embeddable":true,"href":"https:\/\/noticiaempauta.com\/portal\/wp-json\/wp\/v2\/users\/2"}],"replies":[{"embeddable":true,"href":"https:\/\/noticiaempauta.com\/portal\/wp-json\/wp\/v2\/comments?post=263244"}],"version-history":[{"count":2,"href":"https:\/\/noticiaempauta.com\/portal\/wp-json\/wp\/v2\/posts\/263244\/revisions"}],"predecessor-version":[{"id":263247,"href":"https:\/\/noticiaempauta.com\/portal\/wp-json\/wp\/v2\/posts\/263244\/revisions\/263247"}],"wp:featuredmedia":[{"embeddable":true,"href":"https:\/\/noticiaempauta.com\/portal\/wp-json\/wp\/v2\/media\/263245"}],"wp:attachment":[{"href":"https:\/\/noticiaempauta.com\/portal\/wp-json\/wp\/v2\/media?parent=263244"}],"wp:term":[{"taxonomy":"category","embeddable":true,"href":"https:\/\/noticiaempauta.com\/portal\/wp-json\/wp\/v2\/categories?post=263244"},{"taxonomy":"post_tag","embeddable":true,"href":"https:\/\/noticiaempauta.com\/portal\/wp-json\/wp\/v2\/tags?post=263244"}],"curies":[{"name":"wp","href":"https:\/\/api.w.org\/{rel}","templated":true}]}}