{"id":263249,"date":"2024-10-22T09:00:16","date_gmt":"2024-10-22T12:00:16","guid":{"rendered":"https:\/\/noticiaempauta.com\/portal\/?p=263249"},"modified":"2024-10-22T09:00:17","modified_gmt":"2024-10-22T12:00:17","slug":"governo-do-piaui-vai-inaugurar-dois-restaurantes-populares-em-novembro","status":"publish","type":"post","link":"https:\/\/noticiaempauta.com\/portal\/governo-do-piaui-vai-inaugurar-dois-restaurantes-populares-em-novembro\/","title":{"rendered":"Governo do Piau\u00ed vai inaugurar dois restaurantes populares em novembro"},"content":{"rendered":"\n<p>Teresina e Parna\u00edba v\u00e3o ganhar restaurantes populares que ter\u00e3o um diferencial. V\u00e3o fornecer caf\u00e9, almo\u00e7o e jantar ao pre\u00e7o de R$ 1 por refei\u00e7\u00e3o. Os dois est\u00e3o em fase de conclus\u00e3o e ser\u00e3o inaugurados no pr\u00f3ximo m\u00eas. Em audi\u00eancia com o governador Rafael Fonteles, a secret\u00e1ria da Assist\u00eancia Social, Trabalho e Direitos Humanos, Regina Sousa, informou que cada restaurante ir\u00e1 fornecer mil refei\u00e7\u00f5es di\u00e1rias e est\u00e3o inseridos no Programa Piau\u00ed Sem Fome.<\/p>\n\n\n\n<figure class=\"wp-block-image size-full\"><img fetchpriority=\"high\" decoding=\"async\" width=\"1000\" height=\"667\" src=\"https:\/\/noticiaempauta.com\/portal\/wp-content\/uploads\/2024\/10\/large_RS_e_governador_Rafael_dee439103c.jpeg\" alt=\"\" class=\"wp-image-263251\" srcset=\"https:\/\/noticiaempauta.com\/portal\/wp-content\/uploads\/2024\/10\/large_RS_e_governador_Rafael_dee439103c.jpeg 1000w, https:\/\/noticiaempauta.com\/portal\/wp-content\/uploads\/2024\/10\/large_RS_e_governador_Rafael_dee439103c-300x200.jpeg 300w, https:\/\/noticiaempauta.com\/portal\/wp-content\/uploads\/2024\/10\/large_RS_e_governador_Rafael_dee439103c-768x512.jpeg 768w\" sizes=\"(max-width: 1000px) 100vw, 1000px\" \/><\/figure>\n\n\n\n<p>Regina Sousa conta que em Teresina j\u00e1 tem o Restaurante Popular Betinho e uma cozinha comunit\u00e1ria na Universidade Estadual que fazem parte do &nbsp;programa de seguran\u00e7a alimentar do Brasil, que \u00e9 o Brasil Sem Fome. \u201cOs novos restaurantes v\u00e3o oferecer tr\u00eas refei\u00e7\u00f5es, caf\u00e9, almo\u00e7o e jantar. S\u00e3o mil refei\u00e7\u00f5es por dia em cada um deles, em Teresina e Parna\u00edba\u201d. Segundo a secret\u00e1ria, \u00e9 um avan\u00e7o na seguran\u00e7a alimentar das pessoas que est\u00e3o nas periferias, pois os restaurantes est\u00e3o localizados exatamente nas periferias.<\/p>\n\n\n\n<figure class=\"wp-block-image size-full\"><img decoding=\"async\" width=\"750\" height=\"421\" src=\"https:\/\/noticiaempauta.com\/portal\/wp-content\/uploads\/2024\/10\/medium_f632ee08_8a8e_4023_83c9_ff666951f769_d92d7ff8e3.jpeg\" alt=\"\" class=\"wp-image-263250\" srcset=\"https:\/\/noticiaempauta.com\/portal\/wp-content\/uploads\/2024\/10\/medium_f632ee08_8a8e_4023_83c9_ff666951f769_d92d7ff8e3.jpeg 750w, https:\/\/noticiaempauta.com\/portal\/wp-content\/uploads\/2024\/10\/medium_f632ee08_8a8e_4023_83c9_ff666951f769_d92d7ff8e3-300x168.jpeg 300w\" sizes=\"(max-width: 750px) 100vw, 750px\" \/><\/figure>\n\n\n\n<p>Em Teresina, vai funcionar no Dirceu, na zona sudeste. O de Parnaiba, no bairro Piau\u00ed, que congrega v\u00e1rias comunidades. \u201cOs restaurantes estar\u00e3o abertos exatamente onde est\u00e1 o p\u00fablico destinat\u00e1rio, aquelas pessoas empregadas, que vivem de bico, que est\u00e3o em situa\u00e7\u00e3o de rua e a refei\u00e7\u00e3o custa apenas R$ 1. Ent\u00e3o \u00e9 um grande passo que estamos dando junto com as cozinhas comunit\u00e1rias do Minist\u00e9rio do Desenvolvimento Social e faz parte do prop\u00f3sito do MDS que \u00e9 garantir mais possibilidade de alimenta\u00e7\u00e3o para as pessoas na rua\u201d.<\/p>\n\n\n\n<p>Os restaurantes populares ser\u00e3o administrados por uma OS que ganhou a licita\u00e7\u00e3o e acompanhados pela Sasc, como faz com o Restaurante Betinho que tem uma empresa que administra, mas a Secretaria acompanha para verificar a qualidade, o cumprimento das metas e das regras ambientais.<\/p>\n\n\n\n<p>O projeto de implanta\u00e7\u00e3o dos seis restaurantes populares tem valor total de R$ 29.725.410,00, sendo R$ 8.917.623,00 este ano para implanta\u00e7\u00e3o das unidades em Teresina e Parna\u00edba. E R$ 20.807.787,00 em 2025 para quatro unidades de prepara\u00e7\u00e3o e distribui\u00e7\u00e3o de refei\u00e7\u00f5es em Teresina.<\/p>\n\n\n\n<p>CCOM-PI<\/p>\n","protected":false},"excerpt":{"rendered":"<p>Ser\u00e1 um restaurante em Teresina e outro em Parna\u00edba que v\u00e3o fornecer as tr\u00eas refei\u00e7\u00f5es di\u00e1rias ao pre\u00e7o de R$ 1 cada uma.<\/p>\n","protected":false},"author":2,"featured_media":263250,"comment_status":"open","ping_status":"open","sticky":false,"template":"","format":"standard","meta":{"_mi_skip_tracking":false,"footnotes":""},"categories":[25,1,8,16],"tags":[],"class_list":["post-263249","post","type-post","status-publish","format-standard","has-post-thumbnail","hentry","category-destaques-site","category-geral","category-social","category-todas"],"acf":[],"yoast_head":"<!-- This site is optimized with the Yoast SEO Premium plugin v19.2 (Yoast SEO v26.9) - https:\/\/yoast.com\/product\/yoast-seo-premium-wordpress\/ -->\n<title>Governo do Piau\u00ed vai inaugurar dois restaurantes populares em novembro - Portal Not\u00edcia em Pauta<\/title>\n<meta name=\"robots\" content=\"index, follow, max-snippet:-1, max-image-preview:large, max-video-preview:-1\" \/>\n<link rel=\"canonical\" href=\"https:\/\/noticiaempauta.com\/portal\/governo-do-piaui-vai-inaugurar-dois-restaurantes-populares-em-novembro\/\" \/>\n<meta property=\"og:locale\" content=\"pt_BR\" \/>\n<meta property=\"og:type\" content=\"article\" \/>\n<meta property=\"og:title\" content=\"Governo do Piau\u00ed vai inaugurar dois restaurantes populares em novembro\" \/>\n<meta property=\"og:description\" content=\"Ser\u00e1 um restaurante em Teresina e outro em Parna\u00edba que v\u00e3o fornecer as tr\u00eas refei\u00e7\u00f5es di\u00e1rias ao pre\u00e7o de R$ 1 cada uma.\" \/>\n<meta property=\"og:url\" content=\"https:\/\/noticiaempauta.com\/portal\/governo-do-piaui-vai-inaugurar-dois-restaurantes-populares-em-novembro\/\" \/>\n<meta property=\"og:site_name\" content=\"Portal Not\u00edcia em Pauta\" \/>\n<meta property=\"article:publisher\" content=\"https:\/\/www.facebook.com\/Portal-Notcia-Em-Pauta-102292869264820\/\" \/>\n<meta property=\"article:published_time\" content=\"2024-10-22T12:00:16+00:00\" \/>\n<meta property=\"article:modified_time\" content=\"2024-10-22T12:00:17+00:00\" \/>\n<meta property=\"og:image\" content=\"https:\/\/noticiaempauta.com\/portal\/wp-content\/uploads\/2024\/10\/medium_f632ee08_8a8e_4023_83c9_ff666951f769_d92d7ff8e3.jpeg\" \/>\n\t<meta property=\"og:image:width\" content=\"750\" \/>\n\t<meta property=\"og:image:height\" content=\"421\" \/>\n\t<meta property=\"og:image:type\" content=\"image\/jpeg\" \/>\n<meta name=\"author\" content=\"Reda\u00e7\u00e3o\" \/>\n<meta name=\"twitter:card\" content=\"summary_large_image\" \/>\n<meta name=\"twitter:label1\" content=\"Escrito por\" \/>\n\t<meta name=\"twitter:data1\" content=\"Reda\u00e7\u00e3o\" \/>\n\t<meta name=\"twitter:label2\" content=\"Est. tempo de leitura\" \/>\n\t<meta name=\"twitter:data2\" content=\"3 minutos\" \/>\n<script type=\"application\/ld+json\" class=\"yoast-schema-graph\">{\"@context\":\"https:\/\/schema.org\",\"@graph\":[{\"@type\":\"Article\",\"@id\":\"https:\/\/noticiaempauta.com\/portal\/governo-do-piaui-vai-inaugurar-dois-restaurantes-populares-em-novembro\/#article\",\"isPartOf\":{\"@id\":\"https:\/\/noticiaempauta.com\/portal\/governo-do-piaui-vai-inaugurar-dois-restaurantes-populares-em-novembro\/\"},\"author\":{\"name\":\"Reda\u00e7\u00e3o\",\"@id\":\"https:\/\/noticiaempauta.com\/portal\/#\/schema\/person\/a74af43dd1ab3deca45f988c717d57ac\"},\"headline\":\"Governo do Piau\u00ed vai inaugurar dois restaurantes populares em novembro\",\"datePublished\":\"2024-10-22T12:00:16+00:00\",\"dateModified\":\"2024-10-22T12:00:17+00:00\",\"mainEntityOfPage\":{\"@id\":\"https:\/\/noticiaempauta.com\/portal\/governo-do-piaui-vai-inaugurar-dois-restaurantes-populares-em-novembro\/\"},\"wordCount\":381,\"commentCount\":0,\"publisher\":{\"@id\":\"https:\/\/noticiaempauta.com\/portal\/#organization\"},\"image\":{\"@id\":\"https:\/\/noticiaempauta.com\/portal\/governo-do-piaui-vai-inaugurar-dois-restaurantes-populares-em-novembro\/#primaryimage\"},\"thumbnailUrl\":\"https:\/\/noticiaempauta.com\/portal\/wp-content\/uploads\/2024\/10\/medium_f632ee08_8a8e_4023_83c9_ff666951f769_d92d7ff8e3.jpeg\",\"articleSection\":[\"Destaques\",\"Geral\",\"Social\",\"Todas as Not\u00edcias\"],\"inLanguage\":\"pt-BR\",\"potentialAction\":[{\"@type\":\"CommentAction\",\"name\":\"Comment\",\"target\":[\"https:\/\/noticiaempauta.com\/portal\/governo-do-piaui-vai-inaugurar-dois-restaurantes-populares-em-novembro\/#respond\"]}]},{\"@type\":\"WebPage\",\"@id\":\"https:\/\/noticiaempauta.com\/portal\/governo-do-piaui-vai-inaugurar-dois-restaurantes-populares-em-novembro\/\",\"url\":\"https:\/\/noticiaempauta.com\/portal\/governo-do-piaui-vai-inaugurar-dois-restaurantes-populares-em-novembro\/\",\"name\":\"Governo do Piau\u00ed vai inaugurar dois restaurantes populares em novembro - Portal Not\u00edcia em Pauta\",\"isPartOf\":{\"@id\":\"https:\/\/noticiaempauta.com\/portal\/#website\"},\"primaryImageOfPage\":{\"@id\":\"https:\/\/noticiaempauta.com\/portal\/governo-do-piaui-vai-inaugurar-dois-restaurantes-populares-em-novembro\/#primaryimage\"},\"image\":{\"@id\":\"https:\/\/noticiaempauta.com\/portal\/governo-do-piaui-vai-inaugurar-dois-restaurantes-populares-em-novembro\/#primaryimage\"},\"thumbnailUrl\":\"https:\/\/noticiaempauta.com\/portal\/wp-content\/uploads\/2024\/10\/medium_f632ee08_8a8e_4023_83c9_ff666951f769_d92d7ff8e3.jpeg\",\"datePublished\":\"2024-10-22T12:00:16+00:00\",\"dateModified\":\"2024-10-22T12:00:17+00:00\",\"breadcrumb\":{\"@id\":\"https:\/\/noticiaempauta.com\/portal\/governo-do-piaui-vai-inaugurar-dois-restaurantes-populares-em-novembro\/#breadcrumb\"},\"inLanguage\":\"pt-BR\",\"potentialAction\":[{\"@type\":\"ReadAction\",\"target\":[\"https:\/\/noticiaempauta.com\/portal\/governo-do-piaui-vai-inaugurar-dois-restaurantes-populares-em-novembro\/\"]}]},{\"@type\":\"ImageObject\",\"inLanguage\":\"pt-BR\",\"@id\":\"https:\/\/noticiaempauta.com\/portal\/governo-do-piaui-vai-inaugurar-dois-restaurantes-populares-em-novembro\/#primaryimage\",\"url\":\"https:\/\/noticiaempauta.com\/portal\/wp-content\/uploads\/2024\/10\/medium_f632ee08_8a8e_4023_83c9_ff666951f769_d92d7ff8e3.jpeg\",\"contentUrl\":\"https:\/\/noticiaempauta.com\/portal\/wp-content\/uploads\/2024\/10\/medium_f632ee08_8a8e_4023_83c9_ff666951f769_d92d7ff8e3.jpeg\",\"width\":750,\"height\":421},{\"@type\":\"BreadcrumbList\",\"@id\":\"https:\/\/noticiaempauta.com\/portal\/governo-do-piaui-vai-inaugurar-dois-restaurantes-populares-em-novembro\/#breadcrumb\",\"itemListElement\":[{\"@type\":\"ListItem\",\"position\":1,\"name\":\"P\u00e1gina Inicial\",\"item\":\"https:\/\/noticiaempauta.com\/portal\/\"},{\"@type\":\"ListItem\",\"position\":2,\"name\":\"Destaques\",\"item\":\"https:\/\/noticiaempauta.com\/portal\/destaques-site\/\"},{\"@type\":\"ListItem\",\"position\":3,\"name\":\"Governo do Piau\u00ed vai inaugurar dois restaurantes populares em novembro\"}]},{\"@type\":\"WebSite\",\"@id\":\"https:\/\/noticiaempauta.com\/portal\/#website\",\"url\":\"https:\/\/noticiaempauta.com\/portal\/\",\"name\":\"Portal Not\u00edcia em Pauta\",\"description\":\"Voc\u00ea bem informado\",\"publisher\":{\"@id\":\"https:\/\/noticiaempauta.com\/portal\/#organization\"},\"potentialAction\":[{\"@type\":\"SearchAction\",\"target\":{\"@type\":\"EntryPoint\",\"urlTemplate\":\"https:\/\/noticiaempauta.com\/portal\/?s={search_term_string}\"},\"query-input\":{\"@type\":\"PropertyValueSpecification\",\"valueRequired\":true,\"valueName\":\"search_term_string\"}}],\"inLanguage\":\"pt-BR\"},{\"@type\":\"Organization\",\"@id\":\"https:\/\/noticiaempauta.com\/portal\/#organization\",\"name\":\"Portal Not\u00edcia em Pauta\",\"url\":\"https:\/\/noticiaempauta.com\/portal\/\",\"logo\":{\"@type\":\"ImageObject\",\"inLanguage\":\"pt-BR\",\"@id\":\"https:\/\/noticiaempauta.com\/portal\/#\/schema\/logo\/image\/\",\"url\":\"https:\/\/noticiaempauta.com\/portal\/wp-content\/uploads\/2022\/08\/logomarca_tema.fw_.png\",\"contentUrl\":\"https:\/\/noticiaempauta.com\/portal\/wp-content\/uploads\/2022\/08\/logomarca_tema.fw_.png\",\"width\":400,\"height\":232,\"caption\":\"Portal Not\u00edcia em Pauta\"},\"image\":{\"@id\":\"https:\/\/noticiaempauta.com\/portal\/#\/schema\/logo\/image\/\"},\"sameAs\":[\"https:\/\/www.facebook.com\/Portal-Notcia-Em-Pauta-102292869264820\/\",\"https:\/\/www.instagram.com\/portalnoticiaempauta\/\"]},{\"@type\":\"Person\",\"@id\":\"https:\/\/noticiaempauta.com\/portal\/#\/schema\/person\/a74af43dd1ab3deca45f988c717d57ac\",\"name\":\"Reda\u00e7\u00e3o\",\"image\":{\"@type\":\"ImageObject\",\"inLanguage\":\"pt-BR\",\"@id\":\"https:\/\/noticiaempauta.com\/portal\/#\/schema\/person\/image\/\",\"url\":\"https:\/\/secure.gravatar.com\/avatar\/03179346ecce6cdfc13361603e8f54242a90e5cde8618fa23c5c00aa2b0aadf3?s=96&d=mm&r=g\",\"contentUrl\":\"https:\/\/secure.gravatar.com\/avatar\/03179346ecce6cdfc13361603e8f54242a90e5cde8618fa23c5c00aa2b0aadf3?s=96&d=mm&r=g\",\"caption\":\"Reda\u00e7\u00e3o\"},\"sameAs\":[\"https:\/\/noticiaempauta.com\/portal\/\"],\"url\":\"https:\/\/noticiaempauta.com\/portal\/author\/fernando\/\"}]}<\/script>\n<!-- \/ Yoast SEO Premium plugin. -->","yoast_head_json":{"title":"Governo do Piau\u00ed vai inaugurar dois restaurantes populares em novembro - Portal Not\u00edcia em Pauta","robots":{"index":"index","follow":"follow","max-snippet":"max-snippet:-1","max-image-preview":"max-image-preview:large","max-video-preview":"max-video-preview:-1"},"canonical":"https:\/\/noticiaempauta.com\/portal\/governo-do-piaui-vai-inaugurar-dois-restaurantes-populares-em-novembro\/","og_locale":"pt_BR","og_type":"article","og_title":"Governo do Piau\u00ed vai inaugurar dois restaurantes populares em novembro","og_description":"Ser\u00e1 um restaurante em Teresina e outro em Parna\u00edba que v\u00e3o fornecer as tr\u00eas refei\u00e7\u00f5es di\u00e1rias ao pre\u00e7o de R$ 1 cada uma.","og_url":"https:\/\/noticiaempauta.com\/portal\/governo-do-piaui-vai-inaugurar-dois-restaurantes-populares-em-novembro\/","og_site_name":"Portal Not\u00edcia em Pauta","article_publisher":"https:\/\/www.facebook.com\/Portal-Notcia-Em-Pauta-102292869264820\/","article_published_time":"2024-10-22T12:00:16+00:00","article_modified_time":"2024-10-22T12:00:17+00:00","og_image":[{"width":750,"height":421,"url":"https:\/\/noticiaempauta.com\/portal\/wp-content\/uploads\/2024\/10\/medium_f632ee08_8a8e_4023_83c9_ff666951f769_d92d7ff8e3.jpeg","type":"image\/jpeg"}],"author":"Reda\u00e7\u00e3o","twitter_card":"summary_large_image","twitter_misc":{"Escrito por":"Reda\u00e7\u00e3o","Est. tempo de leitura":"3 minutos"},"schema":{"@context":"https:\/\/schema.org","@graph":[{"@type":"Article","@id":"https:\/\/noticiaempauta.com\/portal\/governo-do-piaui-vai-inaugurar-dois-restaurantes-populares-em-novembro\/#article","isPartOf":{"@id":"https:\/\/noticiaempauta.com\/portal\/governo-do-piaui-vai-inaugurar-dois-restaurantes-populares-em-novembro\/"},"author":{"name":"Reda\u00e7\u00e3o","@id":"https:\/\/noticiaempauta.com\/portal\/#\/schema\/person\/a74af43dd1ab3deca45f988c717d57ac"},"headline":"Governo do Piau\u00ed vai inaugurar dois restaurantes populares em novembro","datePublished":"2024-10-22T12:00:16+00:00","dateModified":"2024-10-22T12:00:17+00:00","mainEntityOfPage":{"@id":"https:\/\/noticiaempauta.com\/portal\/governo-do-piaui-vai-inaugurar-dois-restaurantes-populares-em-novembro\/"},"wordCount":381,"commentCount":0,"publisher":{"@id":"https:\/\/noticiaempauta.com\/portal\/#organization"},"image":{"@id":"https:\/\/noticiaempauta.com\/portal\/governo-do-piaui-vai-inaugurar-dois-restaurantes-populares-em-novembro\/#primaryimage"},"thumbnailUrl":"https:\/\/noticiaempauta.com\/portal\/wp-content\/uploads\/2024\/10\/medium_f632ee08_8a8e_4023_83c9_ff666951f769_d92d7ff8e3.jpeg","articleSection":["Destaques","Geral","Social","Todas as Not\u00edcias"],"inLanguage":"pt-BR","potentialAction":[{"@type":"CommentAction","name":"Comment","target":["https:\/\/noticiaempauta.com\/portal\/governo-do-piaui-vai-inaugurar-dois-restaurantes-populares-em-novembro\/#respond"]}]},{"@type":"WebPage","@id":"https:\/\/noticiaempauta.com\/portal\/governo-do-piaui-vai-inaugurar-dois-restaurantes-populares-em-novembro\/","url":"https:\/\/noticiaempauta.com\/portal\/governo-do-piaui-vai-inaugurar-dois-restaurantes-populares-em-novembro\/","name":"Governo do Piau\u00ed vai inaugurar dois restaurantes populares em novembro - Portal Not\u00edcia em Pauta","isPartOf":{"@id":"https:\/\/noticiaempauta.com\/portal\/#website"},"primaryImageOfPage":{"@id":"https:\/\/noticiaempauta.com\/portal\/governo-do-piaui-vai-inaugurar-dois-restaurantes-populares-em-novembro\/#primaryimage"},"image":{"@id":"https:\/\/noticiaempauta.com\/portal\/governo-do-piaui-vai-inaugurar-dois-restaurantes-populares-em-novembro\/#primaryimage"},"thumbnailUrl":"https:\/\/noticiaempauta.com\/portal\/wp-content\/uploads\/2024\/10\/medium_f632ee08_8a8e_4023_83c9_ff666951f769_d92d7ff8e3.jpeg","datePublished":"2024-10-22T12:00:16+00:00","dateModified":"2024-10-22T12:00:17+00:00","breadcrumb":{"@id":"https:\/\/noticiaempauta.com\/portal\/governo-do-piaui-vai-inaugurar-dois-restaurantes-populares-em-novembro\/#breadcrumb"},"inLanguage":"pt-BR","potentialAction":[{"@type":"ReadAction","target":["https:\/\/noticiaempauta.com\/portal\/governo-do-piaui-vai-inaugurar-dois-restaurantes-populares-em-novembro\/"]}]},{"@type":"ImageObject","inLanguage":"pt-BR","@id":"https:\/\/noticiaempauta.com\/portal\/governo-do-piaui-vai-inaugurar-dois-restaurantes-populares-em-novembro\/#primaryimage","url":"https:\/\/noticiaempauta.com\/portal\/wp-content\/uploads\/2024\/10\/medium_f632ee08_8a8e_4023_83c9_ff666951f769_d92d7ff8e3.jpeg","contentUrl":"https:\/\/noticiaempauta.com\/portal\/wp-content\/uploads\/2024\/10\/medium_f632ee08_8a8e_4023_83c9_ff666951f769_d92d7ff8e3.jpeg","width":750,"height":421},{"@type":"BreadcrumbList","@id":"https:\/\/noticiaempauta.com\/portal\/governo-do-piaui-vai-inaugurar-dois-restaurantes-populares-em-novembro\/#breadcrumb","itemListElement":[{"@type":"ListItem","position":1,"name":"P\u00e1gina Inicial","item":"https:\/\/noticiaempauta.com\/portal\/"},{"@type":"ListItem","position":2,"name":"Destaques","item":"https:\/\/noticiaempauta.com\/portal\/destaques-site\/"},{"@type":"ListItem","position":3,"name":"Governo do Piau\u00ed vai inaugurar dois restaurantes populares em novembro"}]},{"@type":"WebSite","@id":"https:\/\/noticiaempauta.com\/portal\/#website","url":"https:\/\/noticiaempauta.com\/portal\/","name":"Portal Not\u00edcia em Pauta","description":"Voc\u00ea bem informado","publisher":{"@id":"https:\/\/noticiaempauta.com\/portal\/#organization"},"potentialAction":[{"@type":"SearchAction","target":{"@type":"EntryPoint","urlTemplate":"https:\/\/noticiaempauta.com\/portal\/?s={search_term_string}"},"query-input":{"@type":"PropertyValueSpecification","valueRequired":true,"valueName":"search_term_string"}}],"inLanguage":"pt-BR"},{"@type":"Organization","@id":"https:\/\/noticiaempauta.com\/portal\/#organization","name":"Portal Not\u00edcia em Pauta","url":"https:\/\/noticiaempauta.com\/portal\/","logo":{"@type":"ImageObject","inLanguage":"pt-BR","@id":"https:\/\/noticiaempauta.com\/portal\/#\/schema\/logo\/image\/","url":"https:\/\/noticiaempauta.com\/portal\/wp-content\/uploads\/2022\/08\/logomarca_tema.fw_.png","contentUrl":"https:\/\/noticiaempauta.com\/portal\/wp-content\/uploads\/2022\/08\/logomarca_tema.fw_.png","width":400,"height":232,"caption":"Portal Not\u00edcia em Pauta"},"image":{"@id":"https:\/\/noticiaempauta.com\/portal\/#\/schema\/logo\/image\/"},"sameAs":["https:\/\/www.facebook.com\/Portal-Notcia-Em-Pauta-102292869264820\/","https:\/\/www.instagram.com\/portalnoticiaempauta\/"]},{"@type":"Person","@id":"https:\/\/noticiaempauta.com\/portal\/#\/schema\/person\/a74af43dd1ab3deca45f988c717d57ac","name":"Reda\u00e7\u00e3o","image":{"@type":"ImageObject","inLanguage":"pt-BR","@id":"https:\/\/noticiaempauta.com\/portal\/#\/schema\/person\/image\/","url":"https:\/\/secure.gravatar.com\/avatar\/03179346ecce6cdfc13361603e8f54242a90e5cde8618fa23c5c00aa2b0aadf3?s=96&d=mm&r=g","contentUrl":"https:\/\/secure.gravatar.com\/avatar\/03179346ecce6cdfc13361603e8f54242a90e5cde8618fa23c5c00aa2b0aadf3?s=96&d=mm&r=g","caption":"Reda\u00e7\u00e3o"},"sameAs":["https:\/\/noticiaempauta.com\/portal\/"],"url":"https:\/\/noticiaempauta.com\/portal\/author\/fernando\/"}]}},"_links":{"self":[{"href":"https:\/\/noticiaempauta.com\/portal\/wp-json\/wp\/v2\/posts\/263249","targetHints":{"allow":["GET"]}}],"collection":[{"href":"https:\/\/noticiaempauta.com\/portal\/wp-json\/wp\/v2\/posts"}],"about":[{"href":"https:\/\/noticiaempauta.com\/portal\/wp-json\/wp\/v2\/types\/post"}],"author":[{"embeddable":true,"href":"https:\/\/noticiaempauta.com\/portal\/wp-json\/wp\/v2\/users\/2"}],"replies":[{"embeddable":true,"href":"https:\/\/noticiaempauta.com\/portal\/wp-json\/wp\/v2\/comments?post=263249"}],"version-history":[{"count":1,"href":"https:\/\/noticiaempauta.com\/portal\/wp-json\/wp\/v2\/posts\/263249\/revisions"}],"predecessor-version":[{"id":263252,"href":"https:\/\/noticiaempauta.com\/portal\/wp-json\/wp\/v2\/posts\/263249\/revisions\/263252"}],"wp:featuredmedia":[{"embeddable":true,"href":"https:\/\/noticiaempauta.com\/portal\/wp-json\/wp\/v2\/media\/263250"}],"wp:attachment":[{"href":"https:\/\/noticiaempauta.com\/portal\/wp-json\/wp\/v2\/media?parent=263249"}],"wp:term":[{"taxonomy":"category","embeddable":true,"href":"https:\/\/noticiaempauta.com\/portal\/wp-json\/wp\/v2\/categories?post=263249"},{"taxonomy":"post_tag","embeddable":true,"href":"https:\/\/noticiaempauta.com\/portal\/wp-json\/wp\/v2\/tags?post=263249"}],"curies":[{"name":"wp","href":"https:\/\/api.w.org\/{rel}","templated":true}]}}