{"id":263261,"date":"2024-10-22T16:18:30","date_gmt":"2024-10-22T19:18:30","guid":{"rendered":"https:\/\/noticiaempauta.com\/portal\/?p=263261"},"modified":"2024-10-22T16:18:31","modified_gmt":"2024-10-22T19:18:31","slug":"eleicoes-da-oab-yana-moura-e-glauber-silva-irao-disputar-presidencia-da-oab-subsecao-de-picos","status":"publish","type":"post","link":"https:\/\/noticiaempauta.com\/portal\/eleicoes-da-oab-yana-moura-e-glauber-silva-irao-disputar-presidencia-da-oab-subsecao-de-picos\/","title":{"rendered":"Elei\u00e7\u00f5es da OAB | Yana Moura e Gla\u00faber Silva ir\u00e3o disputar presid\u00eancia da OAB Subse\u00e7\u00e3o de Picos"},"content":{"rendered":"\n<p>As elei\u00e7\u00f5es da Ordem dos Advogados do Brasil, Seccional Piau\u00ed (OAB-PI), para o tri\u00eanio 2025\/2027 ser\u00e3o realizadas no dia 30 de novembro de 2024. Advogados e Advogadas de todo o Estado escolher\u00e3o os membros do Conselho Seccional e sua Diretoria, Conselheiros Federais, Diretoria da Caixa de Assist\u00eancia dos Advogados do Piau\u00ed (CAAPI) e das 20 Subse\u00e7\u00f5es da entidade. <\/p>\n\n\n\n<figure class=\"wp-block-image size-full\"><img fetchpriority=\"high\" decoding=\"async\" width=\"660\" height=\"330\" src=\"https:\/\/noticiaempauta.com\/portal\/wp-content\/uploads\/2024\/10\/Yana-Moura-e-Ernandes-Curica-lancamas-pre-candidatura-a-Presidencia-da-OAB-Picos.png\" alt=\"\" class=\"wp-image-263263\" srcset=\"https:\/\/noticiaempauta.com\/portal\/wp-content\/uploads\/2024\/10\/Yana-Moura-e-Ernandes-Curica-lancamas-pre-candidatura-a-Presidencia-da-OAB-Picos.png 660w, https:\/\/noticiaempauta.com\/portal\/wp-content\/uploads\/2024\/10\/Yana-Moura-e-Ernandes-Curica-lancamas-pre-candidatura-a-Presidencia-da-OAB-Picos-300x150.png 300w\" sizes=\"(max-width: 660px) 100vw, 660px\" \/><\/figure>\n\n\n\n<p>Em Picos, um importante polo jur\u00eddico regional, a atual vice-presidente da OAB-Picos, advogada Yana Moura, e o advogado Ernandes Curica lan\u00e7aram suas pr\u00e9-candidaturas a presidente e vice-presidente da Subse\u00e7\u00e3o de Picos, respectivamente. <\/p>\n\n\n\n<figure class=\"wp-block-image size-large\"><img decoding=\"async\" width=\"1024\" height=\"908\" src=\"https:\/\/noticiaempauta.com\/portal\/wp-content\/uploads\/2024\/10\/WhatsApp-Image-2024-10-22-at-16.08.59-1024x908.jpeg\" alt=\"\" class=\"wp-image-263265\" srcset=\"https:\/\/noticiaempauta.com\/portal\/wp-content\/uploads\/2024\/10\/WhatsApp-Image-2024-10-22-at-16.08.59-1024x908.jpeg 1024w, https:\/\/noticiaempauta.com\/portal\/wp-content\/uploads\/2024\/10\/WhatsApp-Image-2024-10-22-at-16.08.59-300x266.jpeg 300w, https:\/\/noticiaempauta.com\/portal\/wp-content\/uploads\/2024\/10\/WhatsApp-Image-2024-10-22-at-16.08.59-768x681.jpeg 768w, https:\/\/noticiaempauta.com\/portal\/wp-content\/uploads\/2024\/10\/WhatsApp-Image-2024-10-22-at-16.08.59.jpeg 1170w\" sizes=\"(max-width: 1024px) 100vw, 1024px\" \/><\/figure>\n\n\n\n<p>A chapa de oposi\u00e7\u00e3o a atual gest\u00e3o traz como proposta central a constru\u00e7\u00e3o do Projeto OAB em Movimento, que visa aproximar ainda mais a advocacia da sociedade, defendendo a valoriza\u00e7\u00e3o da classe e a inova\u00e7\u00e3o na gest\u00e3o da entidade, Yana Moura e Ernandes Curica contam com o apoio do grupo de oposi\u00e7\u00e3o a n\u00edvel local e estadual, obtendo forte apoio do ex-presidente da Subse\u00e7\u00e3o de Picos, advogado Kleber Curica e do pr\u00e9-candidato a OAB Piau\u00ed, Raimundo J\u00fanior.<\/p>\n\n\n\n<figure class=\"wp-block-image size-large\"><img decoding=\"async\" width=\"831\" height=\"1024\" src=\"https:\/\/noticiaempauta.com\/portal\/wp-content\/uploads\/2024\/10\/WhatsApp-Image-2024-10-22-at-16.08.04-831x1024.jpeg\" alt=\"\" class=\"wp-image-263264\" srcset=\"https:\/\/noticiaempauta.com\/portal\/wp-content\/uploads\/2024\/10\/WhatsApp-Image-2024-10-22-at-16.08.04-831x1024.jpeg 831w, https:\/\/noticiaempauta.com\/portal\/wp-content\/uploads\/2024\/10\/WhatsApp-Image-2024-10-22-at-16.08.04-244x300.jpeg 244w, https:\/\/noticiaempauta.com\/portal\/wp-content\/uploads\/2024\/10\/WhatsApp-Image-2024-10-22-at-16.08.04-768x946.jpeg 768w, https:\/\/noticiaempauta.com\/portal\/wp-content\/uploads\/2024\/10\/WhatsApp-Image-2024-10-22-at-16.08.04.jpeg 1170w\" sizes=\"(max-width: 831px) 100vw, 831px\" \/><\/figure>\n\n\n\n<p>O atual presidente da OAB Subse\u00e7\u00e3o de Picos, advogado Maycon Luz e demais membros da diretoria, em recente encontro realizado, definiu como pr\u00e9 &#8211; candidato a para o pr\u00f3ximo tri\u00eanio o advogado Gl\u00e1uber Silva, que representa o Projeto OAB + Forte,  que tamb\u00e9m conta com o apoio do atual presidente da OAB Piau\u00ed, Celso Barros, integrando o bloco de apoio ao nome do advogado Aur\u00e9lio Lob\u00e3o, que disputar\u00e1 a presid\u00eancia da seccional Piau\u00ed.<\/p>\n\n\n\n<figure class=\"wp-block-image size-large\"><img loading=\"lazy\" decoding=\"async\" width=\"1024\" height=\"954\" src=\"https:\/\/noticiaempauta.com\/portal\/wp-content\/uploads\/2024\/10\/WhatsApp-Image-2024-10-22-at-16.11.50-1024x954.jpeg\" alt=\"\" class=\"wp-image-263266\" srcset=\"https:\/\/noticiaempauta.com\/portal\/wp-content\/uploads\/2024\/10\/WhatsApp-Image-2024-10-22-at-16.11.50-1024x954.jpeg 1024w, https:\/\/noticiaempauta.com\/portal\/wp-content\/uploads\/2024\/10\/WhatsApp-Image-2024-10-22-at-16.11.50-300x279.jpeg 300w, https:\/\/noticiaempauta.com\/portal\/wp-content\/uploads\/2024\/10\/WhatsApp-Image-2024-10-22-at-16.11.50-768x715.jpeg 768w, https:\/\/noticiaempauta.com\/portal\/wp-content\/uploads\/2024\/10\/WhatsApp-Image-2024-10-22-at-16.11.50.jpeg 1170w\" sizes=\"(max-width: 1024px) 100vw, 1024px\" \/><\/figure>\n\n\n\n<p>O registro de chapas completas iniciou no primeiro dia \u00fatil ap\u00f3s a publica\u00e7\u00e3o do edital e segue at\u00e9 o dia 31 de outubro de 2024, a vota\u00e7\u00e3o acontecer\u00e1 no dia 30 de novembro das 10h30 \u00e0s 18h30 na Sede da OAB Piau\u00ed, em Teresina, e nas 20 Subse\u00e7\u00f5es piauienses.<\/p>\n","protected":false},"excerpt":{"rendered":"<p>As elei\u00e7\u00f5es da Ordem dos Advogados do Brasil, Seccional Piau\u00ed (OAB-PI), para o tri\u00eanio 2025\/2027 ser\u00e3o realizadas no dia 30 de novembro de 2024. Advogados e Advogadas de todo o Estado escolher\u00e3o os membros do Conselho Seccional e sua Diretoria, Conselheiros Federais, Diretoria da Caixa de Assist\u00eancia dos Advogados do Piau\u00ed (CAAPI) e das 20 [&hellip;]<\/p>\n","protected":false},"author":2,"featured_media":263262,"comment_status":"open","ping_status":"open","sticky":false,"template":"","format":"standard","meta":{"_mi_skip_tracking":false,"footnotes":""},"categories":[25,1,16],"tags":[],"class_list":["post-263261","post","type-post","status-publish","format-standard","has-post-thumbnail","hentry","category-destaques-site","category-geral","category-todas"],"acf":[],"yoast_head":"<!-- This site is optimized with the Yoast SEO Premium plugin v19.2 (Yoast SEO v26.9) - https:\/\/yoast.com\/product\/yoast-seo-premium-wordpress\/ -->\n<title>Elei\u00e7\u00f5es da OAB | Yana Moura e Gla\u00faber Silva ir\u00e3o disputar presid\u00eancia da OAB Subse\u00e7\u00e3o de Picos - Portal Not\u00edcia em Pauta<\/title>\n<meta name=\"robots\" content=\"index, follow, max-snippet:-1, max-image-preview:large, max-video-preview:-1\" \/>\n<link rel=\"canonical\" href=\"https:\/\/noticiaempauta.com\/portal\/eleicoes-da-oab-yana-moura-e-glauber-silva-irao-disputar-presidencia-da-oab-subsecao-de-picos\/\" \/>\n<meta property=\"og:locale\" content=\"pt_BR\" \/>\n<meta property=\"og:type\" content=\"article\" \/>\n<meta property=\"og:title\" content=\"Elei\u00e7\u00f5es da OAB | Yana Moura e Gla\u00faber Silva ir\u00e3o disputar presid\u00eancia da OAB Subse\u00e7\u00e3o de Picos\" \/>\n<meta property=\"og:description\" content=\"As elei\u00e7\u00f5es da Ordem dos Advogados do Brasil, Seccional Piau\u00ed (OAB-PI), para o tri\u00eanio 2025\/2027 ser\u00e3o realizadas no dia 30 de novembro de 2024. Advogados e Advogadas de todo o Estado escolher\u00e3o os membros do Conselho Seccional e sua Diretoria, Conselheiros Federais, Diretoria da Caixa de Assist\u00eancia dos Advogados do Piau\u00ed (CAAPI) e das 20 [&hellip;]\" \/>\n<meta property=\"og:url\" content=\"https:\/\/noticiaempauta.com\/portal\/eleicoes-da-oab-yana-moura-e-glauber-silva-irao-disputar-presidencia-da-oab-subsecao-de-picos\/\" \/>\n<meta property=\"og:site_name\" content=\"Portal Not\u00edcia em Pauta\" \/>\n<meta property=\"article:publisher\" content=\"https:\/\/www.facebook.com\/Portal-Notcia-Em-Pauta-102292869264820\/\" \/>\n<meta property=\"article:published_time\" content=\"2024-10-22T19:18:30+00:00\" \/>\n<meta property=\"article:modified_time\" content=\"2024-10-22T19:18:31+00:00\" \/>\n<meta property=\"og:image\" content=\"https:\/\/noticiaempauta.com\/portal\/wp-content\/uploads\/2024\/10\/WhatsApp-Image-2024-10-22-at-15.43.35.jpeg\" \/>\n\t<meta property=\"og:image:width\" content=\"1600\" \/>\n\t<meta property=\"og:image:height\" content=\"930\" \/>\n\t<meta property=\"og:image:type\" content=\"image\/jpeg\" \/>\n<meta name=\"author\" content=\"Reda\u00e7\u00e3o\" \/>\n<meta name=\"twitter:card\" content=\"summary_large_image\" \/>\n<meta name=\"twitter:label1\" content=\"Escrito por\" \/>\n\t<meta name=\"twitter:data1\" content=\"Reda\u00e7\u00e3o\" \/>\n\t<meta name=\"twitter:label2\" content=\"Est. tempo de leitura\" \/>\n\t<meta name=\"twitter:data2\" content=\"3 minutos\" \/>\n<script type=\"application\/ld+json\" class=\"yoast-schema-graph\">{\"@context\":\"https:\/\/schema.org\",\"@graph\":[{\"@type\":\"Article\",\"@id\":\"https:\/\/noticiaempauta.com\/portal\/eleicoes-da-oab-yana-moura-e-glauber-silva-irao-disputar-presidencia-da-oab-subsecao-de-picos\/#article\",\"isPartOf\":{\"@id\":\"https:\/\/noticiaempauta.com\/portal\/eleicoes-da-oab-yana-moura-e-glauber-silva-irao-disputar-presidencia-da-oab-subsecao-de-picos\/\"},\"author\":{\"name\":\"Reda\u00e7\u00e3o\",\"@id\":\"https:\/\/noticiaempauta.com\/portal\/#\/schema\/person\/a74af43dd1ab3deca45f988c717d57ac\"},\"headline\":\"Elei\u00e7\u00f5es da OAB | Yana Moura e Gla\u00faber Silva ir\u00e3o disputar presid\u00eancia da OAB Subse\u00e7\u00e3o de Picos\",\"datePublished\":\"2024-10-22T19:18:30+00:00\",\"dateModified\":\"2024-10-22T19:18:31+00:00\",\"mainEntityOfPage\":{\"@id\":\"https:\/\/noticiaempauta.com\/portal\/eleicoes-da-oab-yana-moura-e-glauber-silva-irao-disputar-presidencia-da-oab-subsecao-de-picos\/\"},\"wordCount\":334,\"commentCount\":0,\"publisher\":{\"@id\":\"https:\/\/noticiaempauta.com\/portal\/#organization\"},\"image\":{\"@id\":\"https:\/\/noticiaempauta.com\/portal\/eleicoes-da-oab-yana-moura-e-glauber-silva-irao-disputar-presidencia-da-oab-subsecao-de-picos\/#primaryimage\"},\"thumbnailUrl\":\"https:\/\/noticiaempauta.com\/portal\/wp-content\/uploads\/2024\/10\/WhatsApp-Image-2024-10-22-at-15.43.35.jpeg\",\"articleSection\":[\"Destaques\",\"Geral\",\"Todas as Not\u00edcias\"],\"inLanguage\":\"pt-BR\",\"potentialAction\":[{\"@type\":\"CommentAction\",\"name\":\"Comment\",\"target\":[\"https:\/\/noticiaempauta.com\/portal\/eleicoes-da-oab-yana-moura-e-glauber-silva-irao-disputar-presidencia-da-oab-subsecao-de-picos\/#respond\"]}]},{\"@type\":\"WebPage\",\"@id\":\"https:\/\/noticiaempauta.com\/portal\/eleicoes-da-oab-yana-moura-e-glauber-silva-irao-disputar-presidencia-da-oab-subsecao-de-picos\/\",\"url\":\"https:\/\/noticiaempauta.com\/portal\/eleicoes-da-oab-yana-moura-e-glauber-silva-irao-disputar-presidencia-da-oab-subsecao-de-picos\/\",\"name\":\"Elei\u00e7\u00f5es da OAB | Yana Moura e Gla\u00faber Silva ir\u00e3o disputar presid\u00eancia da OAB Subse\u00e7\u00e3o de Picos - Portal Not\u00edcia em Pauta\",\"isPartOf\":{\"@id\":\"https:\/\/noticiaempauta.com\/portal\/#website\"},\"primaryImageOfPage\":{\"@id\":\"https:\/\/noticiaempauta.com\/portal\/eleicoes-da-oab-yana-moura-e-glauber-silva-irao-disputar-presidencia-da-oab-subsecao-de-picos\/#primaryimage\"},\"image\":{\"@id\":\"https:\/\/noticiaempauta.com\/portal\/eleicoes-da-oab-yana-moura-e-glauber-silva-irao-disputar-presidencia-da-oab-subsecao-de-picos\/#primaryimage\"},\"thumbnailUrl\":\"https:\/\/noticiaempauta.com\/portal\/wp-content\/uploads\/2024\/10\/WhatsApp-Image-2024-10-22-at-15.43.35.jpeg\",\"datePublished\":\"2024-10-22T19:18:30+00:00\",\"dateModified\":\"2024-10-22T19:18:31+00:00\",\"breadcrumb\":{\"@id\":\"https:\/\/noticiaempauta.com\/portal\/eleicoes-da-oab-yana-moura-e-glauber-silva-irao-disputar-presidencia-da-oab-subsecao-de-picos\/#breadcrumb\"},\"inLanguage\":\"pt-BR\",\"potentialAction\":[{\"@type\":\"ReadAction\",\"target\":[\"https:\/\/noticiaempauta.com\/portal\/eleicoes-da-oab-yana-moura-e-glauber-silva-irao-disputar-presidencia-da-oab-subsecao-de-picos\/\"]}]},{\"@type\":\"ImageObject\",\"inLanguage\":\"pt-BR\",\"@id\":\"https:\/\/noticiaempauta.com\/portal\/eleicoes-da-oab-yana-moura-e-glauber-silva-irao-disputar-presidencia-da-oab-subsecao-de-picos\/#primaryimage\",\"url\":\"https:\/\/noticiaempauta.com\/portal\/wp-content\/uploads\/2024\/10\/WhatsApp-Image-2024-10-22-at-15.43.35.jpeg\",\"contentUrl\":\"https:\/\/noticiaempauta.com\/portal\/wp-content\/uploads\/2024\/10\/WhatsApp-Image-2024-10-22-at-15.43.35.jpeg\",\"width\":1600,\"height\":930},{\"@type\":\"BreadcrumbList\",\"@id\":\"https:\/\/noticiaempauta.com\/portal\/eleicoes-da-oab-yana-moura-e-glauber-silva-irao-disputar-presidencia-da-oab-subsecao-de-picos\/#breadcrumb\",\"itemListElement\":[{\"@type\":\"ListItem\",\"position\":1,\"name\":\"P\u00e1gina Inicial\",\"item\":\"https:\/\/noticiaempauta.com\/portal\/\"},{\"@type\":\"ListItem\",\"position\":2,\"name\":\"Destaques\",\"item\":\"https:\/\/noticiaempauta.com\/portal\/destaques-site\/\"},{\"@type\":\"ListItem\",\"position\":3,\"name\":\"Elei\u00e7\u00f5es da OAB | Yana Moura e Gla\u00faber Silva ir\u00e3o disputar presid\u00eancia da OAB Subse\u00e7\u00e3o de Picos\"}]},{\"@type\":\"WebSite\",\"@id\":\"https:\/\/noticiaempauta.com\/portal\/#website\",\"url\":\"https:\/\/noticiaempauta.com\/portal\/\",\"name\":\"Portal Not\u00edcia em Pauta\",\"description\":\"Voc\u00ea bem informado\",\"publisher\":{\"@id\":\"https:\/\/noticiaempauta.com\/portal\/#organization\"},\"potentialAction\":[{\"@type\":\"SearchAction\",\"target\":{\"@type\":\"EntryPoint\",\"urlTemplate\":\"https:\/\/noticiaempauta.com\/portal\/?s={search_term_string}\"},\"query-input\":{\"@type\":\"PropertyValueSpecification\",\"valueRequired\":true,\"valueName\":\"search_term_string\"}}],\"inLanguage\":\"pt-BR\"},{\"@type\":\"Organization\",\"@id\":\"https:\/\/noticiaempauta.com\/portal\/#organization\",\"name\":\"Portal Not\u00edcia em Pauta\",\"url\":\"https:\/\/noticiaempauta.com\/portal\/\",\"logo\":{\"@type\":\"ImageObject\",\"inLanguage\":\"pt-BR\",\"@id\":\"https:\/\/noticiaempauta.com\/portal\/#\/schema\/logo\/image\/\",\"url\":\"https:\/\/noticiaempauta.com\/portal\/wp-content\/uploads\/2022\/08\/logomarca_tema.fw_.png\",\"contentUrl\":\"https:\/\/noticiaempauta.com\/portal\/wp-content\/uploads\/2022\/08\/logomarca_tema.fw_.png\",\"width\":400,\"height\":232,\"caption\":\"Portal Not\u00edcia em Pauta\"},\"image\":{\"@id\":\"https:\/\/noticiaempauta.com\/portal\/#\/schema\/logo\/image\/\"},\"sameAs\":[\"https:\/\/www.facebook.com\/Portal-Notcia-Em-Pauta-102292869264820\/\",\"https:\/\/www.instagram.com\/portalnoticiaempauta\/\"]},{\"@type\":\"Person\",\"@id\":\"https:\/\/noticiaempauta.com\/portal\/#\/schema\/person\/a74af43dd1ab3deca45f988c717d57ac\",\"name\":\"Reda\u00e7\u00e3o\",\"image\":{\"@type\":\"ImageObject\",\"inLanguage\":\"pt-BR\",\"@id\":\"https:\/\/noticiaempauta.com\/portal\/#\/schema\/person\/image\/\",\"url\":\"https:\/\/secure.gravatar.com\/avatar\/03179346ecce6cdfc13361603e8f54242a90e5cde8618fa23c5c00aa2b0aadf3?s=96&d=mm&r=g\",\"contentUrl\":\"https:\/\/secure.gravatar.com\/avatar\/03179346ecce6cdfc13361603e8f54242a90e5cde8618fa23c5c00aa2b0aadf3?s=96&d=mm&r=g\",\"caption\":\"Reda\u00e7\u00e3o\"},\"sameAs\":[\"https:\/\/noticiaempauta.com\/portal\/\"],\"url\":\"https:\/\/noticiaempauta.com\/portal\/author\/fernando\/\"}]}<\/script>\n<!-- \/ Yoast SEO Premium plugin. -->","yoast_head_json":{"title":"Elei\u00e7\u00f5es da OAB | Yana Moura e Gla\u00faber Silva ir\u00e3o disputar presid\u00eancia da OAB Subse\u00e7\u00e3o de Picos - Portal Not\u00edcia em Pauta","robots":{"index":"index","follow":"follow","max-snippet":"max-snippet:-1","max-image-preview":"max-image-preview:large","max-video-preview":"max-video-preview:-1"},"canonical":"https:\/\/noticiaempauta.com\/portal\/eleicoes-da-oab-yana-moura-e-glauber-silva-irao-disputar-presidencia-da-oab-subsecao-de-picos\/","og_locale":"pt_BR","og_type":"article","og_title":"Elei\u00e7\u00f5es da OAB | Yana Moura e Gla\u00faber Silva ir\u00e3o disputar presid\u00eancia da OAB Subse\u00e7\u00e3o de Picos","og_description":"As elei\u00e7\u00f5es da Ordem dos Advogados do Brasil, Seccional Piau\u00ed (OAB-PI), para o tri\u00eanio 2025\/2027 ser\u00e3o realizadas no dia 30 de novembro de 2024. Advogados e Advogadas de todo o Estado escolher\u00e3o os membros do Conselho Seccional e sua Diretoria, Conselheiros Federais, Diretoria da Caixa de Assist\u00eancia dos Advogados do Piau\u00ed (CAAPI) e das 20 [&hellip;]","og_url":"https:\/\/noticiaempauta.com\/portal\/eleicoes-da-oab-yana-moura-e-glauber-silva-irao-disputar-presidencia-da-oab-subsecao-de-picos\/","og_site_name":"Portal Not\u00edcia em Pauta","article_publisher":"https:\/\/www.facebook.com\/Portal-Notcia-Em-Pauta-102292869264820\/","article_published_time":"2024-10-22T19:18:30+00:00","article_modified_time":"2024-10-22T19:18:31+00:00","og_image":[{"width":1600,"height":930,"url":"https:\/\/noticiaempauta.com\/portal\/wp-content\/uploads\/2024\/10\/WhatsApp-Image-2024-10-22-at-15.43.35.jpeg","type":"image\/jpeg"}],"author":"Reda\u00e7\u00e3o","twitter_card":"summary_large_image","twitter_misc":{"Escrito por":"Reda\u00e7\u00e3o","Est. tempo de leitura":"3 minutos"},"schema":{"@context":"https:\/\/schema.org","@graph":[{"@type":"Article","@id":"https:\/\/noticiaempauta.com\/portal\/eleicoes-da-oab-yana-moura-e-glauber-silva-irao-disputar-presidencia-da-oab-subsecao-de-picos\/#article","isPartOf":{"@id":"https:\/\/noticiaempauta.com\/portal\/eleicoes-da-oab-yana-moura-e-glauber-silva-irao-disputar-presidencia-da-oab-subsecao-de-picos\/"},"author":{"name":"Reda\u00e7\u00e3o","@id":"https:\/\/noticiaempauta.com\/portal\/#\/schema\/person\/a74af43dd1ab3deca45f988c717d57ac"},"headline":"Elei\u00e7\u00f5es da OAB | Yana Moura e Gla\u00faber Silva ir\u00e3o disputar presid\u00eancia da OAB Subse\u00e7\u00e3o de Picos","datePublished":"2024-10-22T19:18:30+00:00","dateModified":"2024-10-22T19:18:31+00:00","mainEntityOfPage":{"@id":"https:\/\/noticiaempauta.com\/portal\/eleicoes-da-oab-yana-moura-e-glauber-silva-irao-disputar-presidencia-da-oab-subsecao-de-picos\/"},"wordCount":334,"commentCount":0,"publisher":{"@id":"https:\/\/noticiaempauta.com\/portal\/#organization"},"image":{"@id":"https:\/\/noticiaempauta.com\/portal\/eleicoes-da-oab-yana-moura-e-glauber-silva-irao-disputar-presidencia-da-oab-subsecao-de-picos\/#primaryimage"},"thumbnailUrl":"https:\/\/noticiaempauta.com\/portal\/wp-content\/uploads\/2024\/10\/WhatsApp-Image-2024-10-22-at-15.43.35.jpeg","articleSection":["Destaques","Geral","Todas as Not\u00edcias"],"inLanguage":"pt-BR","potentialAction":[{"@type":"CommentAction","name":"Comment","target":["https:\/\/noticiaempauta.com\/portal\/eleicoes-da-oab-yana-moura-e-glauber-silva-irao-disputar-presidencia-da-oab-subsecao-de-picos\/#respond"]}]},{"@type":"WebPage","@id":"https:\/\/noticiaempauta.com\/portal\/eleicoes-da-oab-yana-moura-e-glauber-silva-irao-disputar-presidencia-da-oab-subsecao-de-picos\/","url":"https:\/\/noticiaempauta.com\/portal\/eleicoes-da-oab-yana-moura-e-glauber-silva-irao-disputar-presidencia-da-oab-subsecao-de-picos\/","name":"Elei\u00e7\u00f5es da OAB | Yana Moura e Gla\u00faber Silva ir\u00e3o disputar presid\u00eancia da OAB Subse\u00e7\u00e3o de Picos - Portal Not\u00edcia em Pauta","isPartOf":{"@id":"https:\/\/noticiaempauta.com\/portal\/#website"},"primaryImageOfPage":{"@id":"https:\/\/noticiaempauta.com\/portal\/eleicoes-da-oab-yana-moura-e-glauber-silva-irao-disputar-presidencia-da-oab-subsecao-de-picos\/#primaryimage"},"image":{"@id":"https:\/\/noticiaempauta.com\/portal\/eleicoes-da-oab-yana-moura-e-glauber-silva-irao-disputar-presidencia-da-oab-subsecao-de-picos\/#primaryimage"},"thumbnailUrl":"https:\/\/noticiaempauta.com\/portal\/wp-content\/uploads\/2024\/10\/WhatsApp-Image-2024-10-22-at-15.43.35.jpeg","datePublished":"2024-10-22T19:18:30+00:00","dateModified":"2024-10-22T19:18:31+00:00","breadcrumb":{"@id":"https:\/\/noticiaempauta.com\/portal\/eleicoes-da-oab-yana-moura-e-glauber-silva-irao-disputar-presidencia-da-oab-subsecao-de-picos\/#breadcrumb"},"inLanguage":"pt-BR","potentialAction":[{"@type":"ReadAction","target":["https:\/\/noticiaempauta.com\/portal\/eleicoes-da-oab-yana-moura-e-glauber-silva-irao-disputar-presidencia-da-oab-subsecao-de-picos\/"]}]},{"@type":"ImageObject","inLanguage":"pt-BR","@id":"https:\/\/noticiaempauta.com\/portal\/eleicoes-da-oab-yana-moura-e-glauber-silva-irao-disputar-presidencia-da-oab-subsecao-de-picos\/#primaryimage","url":"https:\/\/noticiaempauta.com\/portal\/wp-content\/uploads\/2024\/10\/WhatsApp-Image-2024-10-22-at-15.43.35.jpeg","contentUrl":"https:\/\/noticiaempauta.com\/portal\/wp-content\/uploads\/2024\/10\/WhatsApp-Image-2024-10-22-at-15.43.35.jpeg","width":1600,"height":930},{"@type":"BreadcrumbList","@id":"https:\/\/noticiaempauta.com\/portal\/eleicoes-da-oab-yana-moura-e-glauber-silva-irao-disputar-presidencia-da-oab-subsecao-de-picos\/#breadcrumb","itemListElement":[{"@type":"ListItem","position":1,"name":"P\u00e1gina Inicial","item":"https:\/\/noticiaempauta.com\/portal\/"},{"@type":"ListItem","position":2,"name":"Destaques","item":"https:\/\/noticiaempauta.com\/portal\/destaques-site\/"},{"@type":"ListItem","position":3,"name":"Elei\u00e7\u00f5es da OAB | Yana Moura e Gla\u00faber Silva ir\u00e3o disputar presid\u00eancia da OAB Subse\u00e7\u00e3o de Picos"}]},{"@type":"WebSite","@id":"https:\/\/noticiaempauta.com\/portal\/#website","url":"https:\/\/noticiaempauta.com\/portal\/","name":"Portal Not\u00edcia em Pauta","description":"Voc\u00ea bem informado","publisher":{"@id":"https:\/\/noticiaempauta.com\/portal\/#organization"},"potentialAction":[{"@type":"SearchAction","target":{"@type":"EntryPoint","urlTemplate":"https:\/\/noticiaempauta.com\/portal\/?s={search_term_string}"},"query-input":{"@type":"PropertyValueSpecification","valueRequired":true,"valueName":"search_term_string"}}],"inLanguage":"pt-BR"},{"@type":"Organization","@id":"https:\/\/noticiaempauta.com\/portal\/#organization","name":"Portal Not\u00edcia em Pauta","url":"https:\/\/noticiaempauta.com\/portal\/","logo":{"@type":"ImageObject","inLanguage":"pt-BR","@id":"https:\/\/noticiaempauta.com\/portal\/#\/schema\/logo\/image\/","url":"https:\/\/noticiaempauta.com\/portal\/wp-content\/uploads\/2022\/08\/logomarca_tema.fw_.png","contentUrl":"https:\/\/noticiaempauta.com\/portal\/wp-content\/uploads\/2022\/08\/logomarca_tema.fw_.png","width":400,"height":232,"caption":"Portal Not\u00edcia em Pauta"},"image":{"@id":"https:\/\/noticiaempauta.com\/portal\/#\/schema\/logo\/image\/"},"sameAs":["https:\/\/www.facebook.com\/Portal-Notcia-Em-Pauta-102292869264820\/","https:\/\/www.instagram.com\/portalnoticiaempauta\/"]},{"@type":"Person","@id":"https:\/\/noticiaempauta.com\/portal\/#\/schema\/person\/a74af43dd1ab3deca45f988c717d57ac","name":"Reda\u00e7\u00e3o","image":{"@type":"ImageObject","inLanguage":"pt-BR","@id":"https:\/\/noticiaempauta.com\/portal\/#\/schema\/person\/image\/","url":"https:\/\/secure.gravatar.com\/avatar\/03179346ecce6cdfc13361603e8f54242a90e5cde8618fa23c5c00aa2b0aadf3?s=96&d=mm&r=g","contentUrl":"https:\/\/secure.gravatar.com\/avatar\/03179346ecce6cdfc13361603e8f54242a90e5cde8618fa23c5c00aa2b0aadf3?s=96&d=mm&r=g","caption":"Reda\u00e7\u00e3o"},"sameAs":["https:\/\/noticiaempauta.com\/portal\/"],"url":"https:\/\/noticiaempauta.com\/portal\/author\/fernando\/"}]}},"_links":{"self":[{"href":"https:\/\/noticiaempauta.com\/portal\/wp-json\/wp\/v2\/posts\/263261","targetHints":{"allow":["GET"]}}],"collection":[{"href":"https:\/\/noticiaempauta.com\/portal\/wp-json\/wp\/v2\/posts"}],"about":[{"href":"https:\/\/noticiaempauta.com\/portal\/wp-json\/wp\/v2\/types\/post"}],"author":[{"embeddable":true,"href":"https:\/\/noticiaempauta.com\/portal\/wp-json\/wp\/v2\/users\/2"}],"replies":[{"embeddable":true,"href":"https:\/\/noticiaempauta.com\/portal\/wp-json\/wp\/v2\/comments?post=263261"}],"version-history":[{"count":1,"href":"https:\/\/noticiaempauta.com\/portal\/wp-json\/wp\/v2\/posts\/263261\/revisions"}],"predecessor-version":[{"id":263267,"href":"https:\/\/noticiaempauta.com\/portal\/wp-json\/wp\/v2\/posts\/263261\/revisions\/263267"}],"wp:featuredmedia":[{"embeddable":true,"href":"https:\/\/noticiaempauta.com\/portal\/wp-json\/wp\/v2\/media\/263262"}],"wp:attachment":[{"href":"https:\/\/noticiaempauta.com\/portal\/wp-json\/wp\/v2\/media?parent=263261"}],"wp:term":[{"taxonomy":"category","embeddable":true,"href":"https:\/\/noticiaempauta.com\/portal\/wp-json\/wp\/v2\/categories?post=263261"},{"taxonomy":"post_tag","embeddable":true,"href":"https:\/\/noticiaempauta.com\/portal\/wp-json\/wp\/v2\/tags?post=263261"}],"curies":[{"name":"wp","href":"https:\/\/api.w.org\/{rel}","templated":true}]}}