{"id":263285,"date":"2024-10-23T09:47:49","date_gmt":"2024-10-23T12:47:49","guid":{"rendered":"https:\/\/noticiaempauta.com\/portal\/?p=263285"},"modified":"2024-10-23T09:47:50","modified_gmt":"2024-10-23T12:47:50","slug":"aroeiras-do-itaim-prefeito-eleito-marciano-macedo-e-vice-zenio-neves-serao-diplomados-dia-13-de-dezembro","status":"publish","type":"post","link":"https:\/\/noticiaempauta.com\/portal\/aroeiras-do-itaim-prefeito-eleito-marciano-macedo-e-vice-zenio-neves-serao-diplomados-dia-13-de-dezembro\/","title":{"rendered":"Aroeiras do Itaim | Prefeito eleito Marciano Macedo e Vice Z\u00eanio Neves ser\u00e3o diplomados dia 13 de dezembro"},"content":{"rendered":"\n<p>O juiz da 10\u00aa Zona Eleitoral de Picos, Dr. Adelmar de Sousa Martins, marcou para o dia 13 de dezembro a cerim\u00f4nia de diploma\u00e7\u00e3o do prefeito eleito de Aroeiras do Itaim, Marciano Mac\u00eado (PSD), do vice-prefeito eleito Zenio Neves (PSD), e dos vereadores eleitos. A solenidade acontecer\u00e1 a partir das 19h no Audit\u00f3rio do F\u00f3rum da Comarca de Picos.<\/p>\n\n\n\n<figure class=\"wp-block-image size-full\"><img fetchpriority=\"high\" decoding=\"async\" width=\"719\" height=\"599\" src=\"https:\/\/noticiaempauta.com\/portal\/wp-content\/uploads\/2024\/10\/WhatsApp-Image-2024-10-23-at-09.46.34.jpeg\" alt=\"\" class=\"wp-image-263286\" srcset=\"https:\/\/noticiaempauta.com\/portal\/wp-content\/uploads\/2024\/10\/WhatsApp-Image-2024-10-23-at-09.46.34.jpeg 719w, https:\/\/noticiaempauta.com\/portal\/wp-content\/uploads\/2024\/10\/WhatsApp-Image-2024-10-23-at-09.46.34-300x250.jpeg 300w\" sizes=\"(max-width: 719px) 100vw, 719px\" \/><\/figure>\n\n\n\n<p>A 10\u00aa Zona Eleitoral abrange os munic\u00edpios de Picos, Aroeiras do Itaim e Paquet\u00e1 do Piau\u00ed. Por conta disso, o magistrado optou por dividir a diploma\u00e7\u00e3o em duas datas, com Picos ficando para uma ocasi\u00e3o posterior, devido ao maior n\u00famero de eleitos no munic\u00edpio.<\/p>\n\n\n\n<p>Marciano Mac\u00eado, prefeito eleito de Aroeiras do Itaim, afirmou estar satisfeito com a escolha do dia 13 de dezembro para a diploma\u00e7\u00e3o. Ele destacou que a data \u00e9 oportuna, j\u00e1 que a equipe de transi\u00e7\u00e3o estar\u00e1 avan\u00e7ada no processo de mapeamento da atual gest\u00e3o, permitindo uma prepara\u00e7\u00e3o tranquila para a posse e, ao mesmo tempo, aproveitando o clima festivo de fim de ano.<\/p>\n\n\n\n<p>Quanto ao local da solenidade, Marciano mencionou que, embora preferisse que a diploma\u00e7\u00e3o fosse realizada em seu munic\u00edpio, entende a decis\u00e3o da justi\u00e7a eleitoral de realizar o evento em Picos. \u201cO hor\u00e1rio ficou adequado, e apesar de minha prefer\u00eancia por Aroeiras do Itaim, n\u00e3o vejo problema na escolha por Picos\u201d, comentou o prefeito eleito.<\/p>\n\n\n\n<p>Fonte: Portal AgoraED<\/p>\n","protected":false},"excerpt":{"rendered":"<p>O juiz da 10\u00aa Zona Eleitoral de Picos, Dr. Adelmar de Sousa Martins, marcou para o dia 13 de dezembro a cerim\u00f4nia de diploma\u00e7\u00e3o do prefeito eleito de Aroeiras do Itaim, Marciano Mac\u00eado (PSD), do vice-prefeito eleito Zenio Neves (PSD), e dos vereadores eleitos. A solenidade acontecer\u00e1 a partir das 19h no Audit\u00f3rio do F\u00f3rum [&hellip;]<\/p>\n","protected":false},"author":2,"featured_media":263286,"comment_status":"open","ping_status":"open","sticky":false,"template":"","format":"standard","meta":{"_mi_skip_tracking":false,"footnotes":""},"categories":[25,1,9,16],"tags":[],"class_list":["post-263285","post","type-post","status-publish","format-standard","has-post-thumbnail","hentry","category-destaques-site","category-geral","category-municipios","category-todas"],"acf":[],"yoast_head":"<!-- This site is optimized with the Yoast SEO Premium plugin v19.2 (Yoast SEO v26.9) - https:\/\/yoast.com\/product\/yoast-seo-premium-wordpress\/ -->\n<title>Aroeiras do Itaim | Prefeito eleito Marciano Macedo e Vice Z\u00eanio Neves ser\u00e3o diplomados dia 13 de dezembro - Portal Not\u00edcia em Pauta<\/title>\n<meta name=\"robots\" content=\"index, follow, max-snippet:-1, max-image-preview:large, max-video-preview:-1\" \/>\n<link rel=\"canonical\" href=\"https:\/\/noticiaempauta.com\/portal\/aroeiras-do-itaim-prefeito-eleito-marciano-macedo-e-vice-zenio-neves-serao-diplomados-dia-13-de-dezembro\/\" \/>\n<meta property=\"og:locale\" content=\"pt_BR\" \/>\n<meta property=\"og:type\" content=\"article\" \/>\n<meta property=\"og:title\" content=\"Aroeiras do Itaim | Prefeito eleito Marciano Macedo e Vice Z\u00eanio Neves ser\u00e3o diplomados dia 13 de dezembro\" \/>\n<meta property=\"og:description\" content=\"O juiz da 10\u00aa Zona Eleitoral de Picos, Dr. Adelmar de Sousa Martins, marcou para o dia 13 de dezembro a cerim\u00f4nia de diploma\u00e7\u00e3o do prefeito eleito de Aroeiras do Itaim, Marciano Mac\u00eado (PSD), do vice-prefeito eleito Zenio Neves (PSD), e dos vereadores eleitos. A solenidade acontecer\u00e1 a partir das 19h no Audit\u00f3rio do F\u00f3rum [&hellip;]\" \/>\n<meta property=\"og:url\" content=\"https:\/\/noticiaempauta.com\/portal\/aroeiras-do-itaim-prefeito-eleito-marciano-macedo-e-vice-zenio-neves-serao-diplomados-dia-13-de-dezembro\/\" \/>\n<meta property=\"og:site_name\" content=\"Portal Not\u00edcia em Pauta\" \/>\n<meta property=\"article:publisher\" content=\"https:\/\/www.facebook.com\/Portal-Notcia-Em-Pauta-102292869264820\/\" \/>\n<meta property=\"article:published_time\" content=\"2024-10-23T12:47:49+00:00\" \/>\n<meta property=\"article:modified_time\" content=\"2024-10-23T12:47:50+00:00\" \/>\n<meta property=\"og:image\" content=\"https:\/\/noticiaempauta.com\/portal\/wp-content\/uploads\/2024\/10\/WhatsApp-Image-2024-10-23-at-09.46.34.jpeg\" \/>\n\t<meta property=\"og:image:width\" content=\"719\" \/>\n\t<meta property=\"og:image:height\" content=\"599\" \/>\n\t<meta property=\"og:image:type\" content=\"image\/jpeg\" \/>\n<meta name=\"author\" content=\"Reda\u00e7\u00e3o\" \/>\n<meta name=\"twitter:card\" content=\"summary_large_image\" \/>\n<meta name=\"twitter:label1\" content=\"Escrito por\" \/>\n\t<meta name=\"twitter:data1\" content=\"Reda\u00e7\u00e3o\" \/>\n\t<meta name=\"twitter:label2\" content=\"Est. tempo de leitura\" \/>\n\t<meta name=\"twitter:data2\" content=\"2 minutos\" \/>\n<script type=\"application\/ld+json\" class=\"yoast-schema-graph\">{\"@context\":\"https:\/\/schema.org\",\"@graph\":[{\"@type\":\"Article\",\"@id\":\"https:\/\/noticiaempauta.com\/portal\/aroeiras-do-itaim-prefeito-eleito-marciano-macedo-e-vice-zenio-neves-serao-diplomados-dia-13-de-dezembro\/#article\",\"isPartOf\":{\"@id\":\"https:\/\/noticiaempauta.com\/portal\/aroeiras-do-itaim-prefeito-eleito-marciano-macedo-e-vice-zenio-neves-serao-diplomados-dia-13-de-dezembro\/\"},\"author\":{\"name\":\"Reda\u00e7\u00e3o\",\"@id\":\"https:\/\/noticiaempauta.com\/portal\/#\/schema\/person\/a74af43dd1ab3deca45f988c717d57ac\"},\"headline\":\"Aroeiras do Itaim | Prefeito eleito Marciano Macedo e Vice Z\u00eanio Neves ser\u00e3o diplomados dia 13 de dezembro\",\"datePublished\":\"2024-10-23T12:47:49+00:00\",\"dateModified\":\"2024-10-23T12:47:50+00:00\",\"mainEntityOfPage\":{\"@id\":\"https:\/\/noticiaempauta.com\/portal\/aroeiras-do-itaim-prefeito-eleito-marciano-macedo-e-vice-zenio-neves-serao-diplomados-dia-13-de-dezembro\/\"},\"wordCount\":259,\"commentCount\":0,\"publisher\":{\"@id\":\"https:\/\/noticiaempauta.com\/portal\/#organization\"},\"image\":{\"@id\":\"https:\/\/noticiaempauta.com\/portal\/aroeiras-do-itaim-prefeito-eleito-marciano-macedo-e-vice-zenio-neves-serao-diplomados-dia-13-de-dezembro\/#primaryimage\"},\"thumbnailUrl\":\"https:\/\/noticiaempauta.com\/portal\/wp-content\/uploads\/2024\/10\/WhatsApp-Image-2024-10-23-at-09.46.34.jpeg\",\"articleSection\":[\"Destaques\",\"Geral\",\"Munic\u00edpios\",\"Todas as Not\u00edcias\"],\"inLanguage\":\"pt-BR\",\"potentialAction\":[{\"@type\":\"CommentAction\",\"name\":\"Comment\",\"target\":[\"https:\/\/noticiaempauta.com\/portal\/aroeiras-do-itaim-prefeito-eleito-marciano-macedo-e-vice-zenio-neves-serao-diplomados-dia-13-de-dezembro\/#respond\"]}]},{\"@type\":\"WebPage\",\"@id\":\"https:\/\/noticiaempauta.com\/portal\/aroeiras-do-itaim-prefeito-eleito-marciano-macedo-e-vice-zenio-neves-serao-diplomados-dia-13-de-dezembro\/\",\"url\":\"https:\/\/noticiaempauta.com\/portal\/aroeiras-do-itaim-prefeito-eleito-marciano-macedo-e-vice-zenio-neves-serao-diplomados-dia-13-de-dezembro\/\",\"name\":\"Aroeiras do Itaim | Prefeito eleito Marciano Macedo e Vice Z\u00eanio Neves ser\u00e3o diplomados dia 13 de dezembro - Portal Not\u00edcia em Pauta\",\"isPartOf\":{\"@id\":\"https:\/\/noticiaempauta.com\/portal\/#website\"},\"primaryImageOfPage\":{\"@id\":\"https:\/\/noticiaempauta.com\/portal\/aroeiras-do-itaim-prefeito-eleito-marciano-macedo-e-vice-zenio-neves-serao-diplomados-dia-13-de-dezembro\/#primaryimage\"},\"image\":{\"@id\":\"https:\/\/noticiaempauta.com\/portal\/aroeiras-do-itaim-prefeito-eleito-marciano-macedo-e-vice-zenio-neves-serao-diplomados-dia-13-de-dezembro\/#primaryimage\"},\"thumbnailUrl\":\"https:\/\/noticiaempauta.com\/portal\/wp-content\/uploads\/2024\/10\/WhatsApp-Image-2024-10-23-at-09.46.34.jpeg\",\"datePublished\":\"2024-10-23T12:47:49+00:00\",\"dateModified\":\"2024-10-23T12:47:50+00:00\",\"breadcrumb\":{\"@id\":\"https:\/\/noticiaempauta.com\/portal\/aroeiras-do-itaim-prefeito-eleito-marciano-macedo-e-vice-zenio-neves-serao-diplomados-dia-13-de-dezembro\/#breadcrumb\"},\"inLanguage\":\"pt-BR\",\"potentialAction\":[{\"@type\":\"ReadAction\",\"target\":[\"https:\/\/noticiaempauta.com\/portal\/aroeiras-do-itaim-prefeito-eleito-marciano-macedo-e-vice-zenio-neves-serao-diplomados-dia-13-de-dezembro\/\"]}]},{\"@type\":\"ImageObject\",\"inLanguage\":\"pt-BR\",\"@id\":\"https:\/\/noticiaempauta.com\/portal\/aroeiras-do-itaim-prefeito-eleito-marciano-macedo-e-vice-zenio-neves-serao-diplomados-dia-13-de-dezembro\/#primaryimage\",\"url\":\"https:\/\/noticiaempauta.com\/portal\/wp-content\/uploads\/2024\/10\/WhatsApp-Image-2024-10-23-at-09.46.34.jpeg\",\"contentUrl\":\"https:\/\/noticiaempauta.com\/portal\/wp-content\/uploads\/2024\/10\/WhatsApp-Image-2024-10-23-at-09.46.34.jpeg\",\"width\":719,\"height\":599},{\"@type\":\"BreadcrumbList\",\"@id\":\"https:\/\/noticiaempauta.com\/portal\/aroeiras-do-itaim-prefeito-eleito-marciano-macedo-e-vice-zenio-neves-serao-diplomados-dia-13-de-dezembro\/#breadcrumb\",\"itemListElement\":[{\"@type\":\"ListItem\",\"position\":1,\"name\":\"P\u00e1gina Inicial\",\"item\":\"https:\/\/noticiaempauta.com\/portal\/\"},{\"@type\":\"ListItem\",\"position\":2,\"name\":\"Destaques\",\"item\":\"https:\/\/noticiaempauta.com\/portal\/destaques-site\/\"},{\"@type\":\"ListItem\",\"position\":3,\"name\":\"Aroeiras do Itaim | Prefeito eleito Marciano Macedo e Vice Z\u00eanio Neves ser\u00e3o diplomados dia 13 de dezembro\"}]},{\"@type\":\"WebSite\",\"@id\":\"https:\/\/noticiaempauta.com\/portal\/#website\",\"url\":\"https:\/\/noticiaempauta.com\/portal\/\",\"name\":\"Portal Not\u00edcia em Pauta\",\"description\":\"Voc\u00ea bem informado\",\"publisher\":{\"@id\":\"https:\/\/noticiaempauta.com\/portal\/#organization\"},\"potentialAction\":[{\"@type\":\"SearchAction\",\"target\":{\"@type\":\"EntryPoint\",\"urlTemplate\":\"https:\/\/noticiaempauta.com\/portal\/?s={search_term_string}\"},\"query-input\":{\"@type\":\"PropertyValueSpecification\",\"valueRequired\":true,\"valueName\":\"search_term_string\"}}],\"inLanguage\":\"pt-BR\"},{\"@type\":\"Organization\",\"@id\":\"https:\/\/noticiaempauta.com\/portal\/#organization\",\"name\":\"Portal Not\u00edcia em Pauta\",\"url\":\"https:\/\/noticiaempauta.com\/portal\/\",\"logo\":{\"@type\":\"ImageObject\",\"inLanguage\":\"pt-BR\",\"@id\":\"https:\/\/noticiaempauta.com\/portal\/#\/schema\/logo\/image\/\",\"url\":\"https:\/\/noticiaempauta.com\/portal\/wp-content\/uploads\/2022\/08\/logomarca_tema.fw_.png\",\"contentUrl\":\"https:\/\/noticiaempauta.com\/portal\/wp-content\/uploads\/2022\/08\/logomarca_tema.fw_.png\",\"width\":400,\"height\":232,\"caption\":\"Portal Not\u00edcia em Pauta\"},\"image\":{\"@id\":\"https:\/\/noticiaempauta.com\/portal\/#\/schema\/logo\/image\/\"},\"sameAs\":[\"https:\/\/www.facebook.com\/Portal-Notcia-Em-Pauta-102292869264820\/\",\"https:\/\/www.instagram.com\/portalnoticiaempauta\/\"]},{\"@type\":\"Person\",\"@id\":\"https:\/\/noticiaempauta.com\/portal\/#\/schema\/person\/a74af43dd1ab3deca45f988c717d57ac\",\"name\":\"Reda\u00e7\u00e3o\",\"image\":{\"@type\":\"ImageObject\",\"inLanguage\":\"pt-BR\",\"@id\":\"https:\/\/noticiaempauta.com\/portal\/#\/schema\/person\/image\/\",\"url\":\"https:\/\/secure.gravatar.com\/avatar\/03179346ecce6cdfc13361603e8f54242a90e5cde8618fa23c5c00aa2b0aadf3?s=96&d=mm&r=g\",\"contentUrl\":\"https:\/\/secure.gravatar.com\/avatar\/03179346ecce6cdfc13361603e8f54242a90e5cde8618fa23c5c00aa2b0aadf3?s=96&d=mm&r=g\",\"caption\":\"Reda\u00e7\u00e3o\"},\"sameAs\":[\"https:\/\/noticiaempauta.com\/portal\/\"],\"url\":\"https:\/\/noticiaempauta.com\/portal\/author\/fernando\/\"}]}<\/script>\n<!-- \/ Yoast SEO Premium plugin. -->","yoast_head_json":{"title":"Aroeiras do Itaim | Prefeito eleito Marciano Macedo e Vice Z\u00eanio Neves ser\u00e3o diplomados dia 13 de dezembro - Portal Not\u00edcia em Pauta","robots":{"index":"index","follow":"follow","max-snippet":"max-snippet:-1","max-image-preview":"max-image-preview:large","max-video-preview":"max-video-preview:-1"},"canonical":"https:\/\/noticiaempauta.com\/portal\/aroeiras-do-itaim-prefeito-eleito-marciano-macedo-e-vice-zenio-neves-serao-diplomados-dia-13-de-dezembro\/","og_locale":"pt_BR","og_type":"article","og_title":"Aroeiras do Itaim | Prefeito eleito Marciano Macedo e Vice Z\u00eanio Neves ser\u00e3o diplomados dia 13 de dezembro","og_description":"O juiz da 10\u00aa Zona Eleitoral de Picos, Dr. Adelmar de Sousa Martins, marcou para o dia 13 de dezembro a cerim\u00f4nia de diploma\u00e7\u00e3o do prefeito eleito de Aroeiras do Itaim, Marciano Mac\u00eado (PSD), do vice-prefeito eleito Zenio Neves (PSD), e dos vereadores eleitos. A solenidade acontecer\u00e1 a partir das 19h no Audit\u00f3rio do F\u00f3rum [&hellip;]","og_url":"https:\/\/noticiaempauta.com\/portal\/aroeiras-do-itaim-prefeito-eleito-marciano-macedo-e-vice-zenio-neves-serao-diplomados-dia-13-de-dezembro\/","og_site_name":"Portal Not\u00edcia em Pauta","article_publisher":"https:\/\/www.facebook.com\/Portal-Notcia-Em-Pauta-102292869264820\/","article_published_time":"2024-10-23T12:47:49+00:00","article_modified_time":"2024-10-23T12:47:50+00:00","og_image":[{"width":719,"height":599,"url":"https:\/\/noticiaempauta.com\/portal\/wp-content\/uploads\/2024\/10\/WhatsApp-Image-2024-10-23-at-09.46.34.jpeg","type":"image\/jpeg"}],"author":"Reda\u00e7\u00e3o","twitter_card":"summary_large_image","twitter_misc":{"Escrito por":"Reda\u00e7\u00e3o","Est. tempo de leitura":"2 minutos"},"schema":{"@context":"https:\/\/schema.org","@graph":[{"@type":"Article","@id":"https:\/\/noticiaempauta.com\/portal\/aroeiras-do-itaim-prefeito-eleito-marciano-macedo-e-vice-zenio-neves-serao-diplomados-dia-13-de-dezembro\/#article","isPartOf":{"@id":"https:\/\/noticiaempauta.com\/portal\/aroeiras-do-itaim-prefeito-eleito-marciano-macedo-e-vice-zenio-neves-serao-diplomados-dia-13-de-dezembro\/"},"author":{"name":"Reda\u00e7\u00e3o","@id":"https:\/\/noticiaempauta.com\/portal\/#\/schema\/person\/a74af43dd1ab3deca45f988c717d57ac"},"headline":"Aroeiras do Itaim | Prefeito eleito Marciano Macedo e Vice Z\u00eanio Neves ser\u00e3o diplomados dia 13 de dezembro","datePublished":"2024-10-23T12:47:49+00:00","dateModified":"2024-10-23T12:47:50+00:00","mainEntityOfPage":{"@id":"https:\/\/noticiaempauta.com\/portal\/aroeiras-do-itaim-prefeito-eleito-marciano-macedo-e-vice-zenio-neves-serao-diplomados-dia-13-de-dezembro\/"},"wordCount":259,"commentCount":0,"publisher":{"@id":"https:\/\/noticiaempauta.com\/portal\/#organization"},"image":{"@id":"https:\/\/noticiaempauta.com\/portal\/aroeiras-do-itaim-prefeito-eleito-marciano-macedo-e-vice-zenio-neves-serao-diplomados-dia-13-de-dezembro\/#primaryimage"},"thumbnailUrl":"https:\/\/noticiaempauta.com\/portal\/wp-content\/uploads\/2024\/10\/WhatsApp-Image-2024-10-23-at-09.46.34.jpeg","articleSection":["Destaques","Geral","Munic\u00edpios","Todas as Not\u00edcias"],"inLanguage":"pt-BR","potentialAction":[{"@type":"CommentAction","name":"Comment","target":["https:\/\/noticiaempauta.com\/portal\/aroeiras-do-itaim-prefeito-eleito-marciano-macedo-e-vice-zenio-neves-serao-diplomados-dia-13-de-dezembro\/#respond"]}]},{"@type":"WebPage","@id":"https:\/\/noticiaempauta.com\/portal\/aroeiras-do-itaim-prefeito-eleito-marciano-macedo-e-vice-zenio-neves-serao-diplomados-dia-13-de-dezembro\/","url":"https:\/\/noticiaempauta.com\/portal\/aroeiras-do-itaim-prefeito-eleito-marciano-macedo-e-vice-zenio-neves-serao-diplomados-dia-13-de-dezembro\/","name":"Aroeiras do Itaim | Prefeito eleito Marciano Macedo e Vice Z\u00eanio Neves ser\u00e3o diplomados dia 13 de dezembro - Portal Not\u00edcia em Pauta","isPartOf":{"@id":"https:\/\/noticiaempauta.com\/portal\/#website"},"primaryImageOfPage":{"@id":"https:\/\/noticiaempauta.com\/portal\/aroeiras-do-itaim-prefeito-eleito-marciano-macedo-e-vice-zenio-neves-serao-diplomados-dia-13-de-dezembro\/#primaryimage"},"image":{"@id":"https:\/\/noticiaempauta.com\/portal\/aroeiras-do-itaim-prefeito-eleito-marciano-macedo-e-vice-zenio-neves-serao-diplomados-dia-13-de-dezembro\/#primaryimage"},"thumbnailUrl":"https:\/\/noticiaempauta.com\/portal\/wp-content\/uploads\/2024\/10\/WhatsApp-Image-2024-10-23-at-09.46.34.jpeg","datePublished":"2024-10-23T12:47:49+00:00","dateModified":"2024-10-23T12:47:50+00:00","breadcrumb":{"@id":"https:\/\/noticiaempauta.com\/portal\/aroeiras-do-itaim-prefeito-eleito-marciano-macedo-e-vice-zenio-neves-serao-diplomados-dia-13-de-dezembro\/#breadcrumb"},"inLanguage":"pt-BR","potentialAction":[{"@type":"ReadAction","target":["https:\/\/noticiaempauta.com\/portal\/aroeiras-do-itaim-prefeito-eleito-marciano-macedo-e-vice-zenio-neves-serao-diplomados-dia-13-de-dezembro\/"]}]},{"@type":"ImageObject","inLanguage":"pt-BR","@id":"https:\/\/noticiaempauta.com\/portal\/aroeiras-do-itaim-prefeito-eleito-marciano-macedo-e-vice-zenio-neves-serao-diplomados-dia-13-de-dezembro\/#primaryimage","url":"https:\/\/noticiaempauta.com\/portal\/wp-content\/uploads\/2024\/10\/WhatsApp-Image-2024-10-23-at-09.46.34.jpeg","contentUrl":"https:\/\/noticiaempauta.com\/portal\/wp-content\/uploads\/2024\/10\/WhatsApp-Image-2024-10-23-at-09.46.34.jpeg","width":719,"height":599},{"@type":"BreadcrumbList","@id":"https:\/\/noticiaempauta.com\/portal\/aroeiras-do-itaim-prefeito-eleito-marciano-macedo-e-vice-zenio-neves-serao-diplomados-dia-13-de-dezembro\/#breadcrumb","itemListElement":[{"@type":"ListItem","position":1,"name":"P\u00e1gina Inicial","item":"https:\/\/noticiaempauta.com\/portal\/"},{"@type":"ListItem","position":2,"name":"Destaques","item":"https:\/\/noticiaempauta.com\/portal\/destaques-site\/"},{"@type":"ListItem","position":3,"name":"Aroeiras do Itaim | Prefeito eleito Marciano Macedo e Vice Z\u00eanio Neves ser\u00e3o diplomados dia 13 de dezembro"}]},{"@type":"WebSite","@id":"https:\/\/noticiaempauta.com\/portal\/#website","url":"https:\/\/noticiaempauta.com\/portal\/","name":"Portal Not\u00edcia em Pauta","description":"Voc\u00ea bem informado","publisher":{"@id":"https:\/\/noticiaempauta.com\/portal\/#organization"},"potentialAction":[{"@type":"SearchAction","target":{"@type":"EntryPoint","urlTemplate":"https:\/\/noticiaempauta.com\/portal\/?s={search_term_string}"},"query-input":{"@type":"PropertyValueSpecification","valueRequired":true,"valueName":"search_term_string"}}],"inLanguage":"pt-BR"},{"@type":"Organization","@id":"https:\/\/noticiaempauta.com\/portal\/#organization","name":"Portal Not\u00edcia em Pauta","url":"https:\/\/noticiaempauta.com\/portal\/","logo":{"@type":"ImageObject","inLanguage":"pt-BR","@id":"https:\/\/noticiaempauta.com\/portal\/#\/schema\/logo\/image\/","url":"https:\/\/noticiaempauta.com\/portal\/wp-content\/uploads\/2022\/08\/logomarca_tema.fw_.png","contentUrl":"https:\/\/noticiaempauta.com\/portal\/wp-content\/uploads\/2022\/08\/logomarca_tema.fw_.png","width":400,"height":232,"caption":"Portal Not\u00edcia em Pauta"},"image":{"@id":"https:\/\/noticiaempauta.com\/portal\/#\/schema\/logo\/image\/"},"sameAs":["https:\/\/www.facebook.com\/Portal-Notcia-Em-Pauta-102292869264820\/","https:\/\/www.instagram.com\/portalnoticiaempauta\/"]},{"@type":"Person","@id":"https:\/\/noticiaempauta.com\/portal\/#\/schema\/person\/a74af43dd1ab3deca45f988c717d57ac","name":"Reda\u00e7\u00e3o","image":{"@type":"ImageObject","inLanguage":"pt-BR","@id":"https:\/\/noticiaempauta.com\/portal\/#\/schema\/person\/image\/","url":"https:\/\/secure.gravatar.com\/avatar\/03179346ecce6cdfc13361603e8f54242a90e5cde8618fa23c5c00aa2b0aadf3?s=96&d=mm&r=g","contentUrl":"https:\/\/secure.gravatar.com\/avatar\/03179346ecce6cdfc13361603e8f54242a90e5cde8618fa23c5c00aa2b0aadf3?s=96&d=mm&r=g","caption":"Reda\u00e7\u00e3o"},"sameAs":["https:\/\/noticiaempauta.com\/portal\/"],"url":"https:\/\/noticiaempauta.com\/portal\/author\/fernando\/"}]}},"_links":{"self":[{"href":"https:\/\/noticiaempauta.com\/portal\/wp-json\/wp\/v2\/posts\/263285","targetHints":{"allow":["GET"]}}],"collection":[{"href":"https:\/\/noticiaempauta.com\/portal\/wp-json\/wp\/v2\/posts"}],"about":[{"href":"https:\/\/noticiaempauta.com\/portal\/wp-json\/wp\/v2\/types\/post"}],"author":[{"embeddable":true,"href":"https:\/\/noticiaempauta.com\/portal\/wp-json\/wp\/v2\/users\/2"}],"replies":[{"embeddable":true,"href":"https:\/\/noticiaempauta.com\/portal\/wp-json\/wp\/v2\/comments?post=263285"}],"version-history":[{"count":1,"href":"https:\/\/noticiaempauta.com\/portal\/wp-json\/wp\/v2\/posts\/263285\/revisions"}],"predecessor-version":[{"id":263287,"href":"https:\/\/noticiaempauta.com\/portal\/wp-json\/wp\/v2\/posts\/263285\/revisions\/263287"}],"wp:featuredmedia":[{"embeddable":true,"href":"https:\/\/noticiaempauta.com\/portal\/wp-json\/wp\/v2\/media\/263286"}],"wp:attachment":[{"href":"https:\/\/noticiaempauta.com\/portal\/wp-json\/wp\/v2\/media?parent=263285"}],"wp:term":[{"taxonomy":"category","embeddable":true,"href":"https:\/\/noticiaempauta.com\/portal\/wp-json\/wp\/v2\/categories?post=263285"},{"taxonomy":"post_tag","embeddable":true,"href":"https:\/\/noticiaempauta.com\/portal\/wp-json\/wp\/v2\/tags?post=263285"}],"curies":[{"name":"wp","href":"https:\/\/api.w.org\/{rel}","templated":true}]}}