{"id":263288,"date":"2024-10-23T15:19:37","date_gmt":"2024-10-23T18:19:37","guid":{"rendered":"https:\/\/noticiaempauta.com\/portal\/?p=263288"},"modified":"2024-10-23T15:19:39","modified_gmt":"2024-10-23T18:19:39","slug":"evento-alusivo-ao-outubro-rosa-sera-realizado-na-camara-de-santana-do-piaui-nesta-quinta-24","status":"publish","type":"post","link":"https:\/\/noticiaempauta.com\/portal\/evento-alusivo-ao-outubro-rosa-sera-realizado-na-camara-de-santana-do-piaui-nesta-quinta-24\/","title":{"rendered":"Evento alusivo ao Outubro Rosa ser\u00e1 realizado na C\u00e2mara de Santana do Piau\u00ed nesta quinta (24)"},"content":{"rendered":"\n<p>A C\u00e2mara Municipal de Santana do Piau\u00ed, realizar\u00e1 nesta quinta-feira (24), uma palestra sobre o Outubro Rosa. O evento acontecer\u00e1 a partir das 19h no plen\u00e1rio Chico Borges, onde dever\u00e1 contar com a presen\u00e7a dos vereadores e de convidados.<\/p>\n\n\n\n<figure class=\"wp-block-image size-large\"><img fetchpriority=\"high\" decoding=\"async\" width=\"1024\" height=\"683\" src=\"https:\/\/noticiaempauta.com\/portal\/wp-content\/uploads\/2024\/10\/IMG_3518-1024x683.jpg\" alt=\"\" class=\"wp-image-263291\" srcset=\"https:\/\/noticiaempauta.com\/portal\/wp-content\/uploads\/2024\/10\/IMG_3518-1024x683.jpg 1024w, https:\/\/noticiaempauta.com\/portal\/wp-content\/uploads\/2024\/10\/IMG_3518-300x200.jpg 300w, https:\/\/noticiaempauta.com\/portal\/wp-content\/uploads\/2024\/10\/IMG_3518-768x512.jpg 768w, https:\/\/noticiaempauta.com\/portal\/wp-content\/uploads\/2024\/10\/IMG_3518.jpg 1200w\" sizes=\"(max-width: 1024px) 100vw, 1024px\" \/><\/figure>\n\n\n\n<p>A presidente da C\u00e2mara, Clarete Rab\u00ealo, informou que a palestra ser\u00e1 voltada mais para as mulheres por se tratar de um tema que \u00e9 vivenciado por elas, ent\u00e3o esse ser\u00e1 um momento para tirar muitas d\u00favidas e saber como se proteger.<\/p>\n\n\n\n<figure class=\"wp-block-image size-large\"><img decoding=\"async\" width=\"1024\" height=\"1024\" src=\"https:\/\/noticiaempauta.com\/portal\/wp-content\/uploads\/2024\/10\/IMG-20241021-WA0003-1024x1024.jpg\" alt=\"\" class=\"wp-image-263289\" srcset=\"https:\/\/noticiaempauta.com\/portal\/wp-content\/uploads\/2024\/10\/IMG-20241021-WA0003-1024x1024.jpg 1024w, https:\/\/noticiaempauta.com\/portal\/wp-content\/uploads\/2024\/10\/IMG-20241021-WA0003-300x300.jpg 300w, https:\/\/noticiaempauta.com\/portal\/wp-content\/uploads\/2024\/10\/IMG-20241021-WA0003-150x150.jpg 150w, https:\/\/noticiaempauta.com\/portal\/wp-content\/uploads\/2024\/10\/IMG-20241021-WA0003-768x768.jpg 768w, https:\/\/noticiaempauta.com\/portal\/wp-content\/uploads\/2024\/10\/IMG-20241021-WA0003.jpg 1080w\" sizes=\"(max-width: 1024px) 100vw, 1024px\" \/><\/figure>\n\n\n\n<p>O Outubro Rosa \u00e9 um movimento internacional de conscientiza\u00e7\u00e3o sobre a preven\u00e7\u00e3o e o diagn\u00f3stico precoce do c\u00e2ncer de mama e do colo do \u00fatero. A campanha \u00e9 celebrada anualmente desde os anos 1990 e tem como objetivo reduzir a incid\u00eancia e a mortalidade pela doen\u00e7a.<\/p>\n\n\n\n<p>Com informa\u00e7\u00f5es do Portal AgoraED<\/p>\n","protected":false},"excerpt":{"rendered":"<p>A C\u00e2mara Municipal de Santana do Piau\u00ed, realizar\u00e1 nesta quinta-feira (24), uma palestra sobre o Outubro Rosa. O evento acontecer\u00e1 a partir das 19h no plen\u00e1rio Chico Borges, onde dever\u00e1 contar com a presen\u00e7a dos vereadores e de convidados. A presidente da C\u00e2mara, Clarete Rab\u00ealo, informou que a palestra ser\u00e1 voltada mais para as mulheres [&hellip;]<\/p>\n","protected":false},"author":2,"featured_media":263292,"comment_status":"open","ping_status":"open","sticky":false,"template":"","format":"standard","meta":{"_mi_skip_tracking":false,"footnotes":""},"categories":[9,16],"tags":[],"class_list":["post-263288","post","type-post","status-publish","format-standard","has-post-thumbnail","hentry","category-municipios","category-todas"],"acf":[],"yoast_head":"<!-- This site is optimized with the Yoast SEO Premium plugin v19.2 (Yoast SEO v26.9) - https:\/\/yoast.com\/product\/yoast-seo-premium-wordpress\/ -->\n<title>Evento alusivo ao Outubro Rosa ser\u00e1 realizado na C\u00e2mara de Santana do Piau\u00ed nesta quinta (24) - Portal Not\u00edcia em Pauta<\/title>\n<meta name=\"robots\" content=\"index, follow, max-snippet:-1, max-image-preview:large, max-video-preview:-1\" \/>\n<link rel=\"canonical\" href=\"https:\/\/noticiaempauta.com\/portal\/evento-alusivo-ao-outubro-rosa-sera-realizado-na-camara-de-santana-do-piaui-nesta-quinta-24\/\" \/>\n<meta property=\"og:locale\" content=\"pt_BR\" \/>\n<meta property=\"og:type\" content=\"article\" \/>\n<meta property=\"og:title\" content=\"Evento alusivo ao Outubro Rosa ser\u00e1 realizado na C\u00e2mara de Santana do Piau\u00ed nesta quinta (24)\" \/>\n<meta property=\"og:description\" content=\"A C\u00e2mara Municipal de Santana do Piau\u00ed, realizar\u00e1 nesta quinta-feira (24), uma palestra sobre o Outubro Rosa. O evento acontecer\u00e1 a partir das 19h no plen\u00e1rio Chico Borges, onde dever\u00e1 contar com a presen\u00e7a dos vereadores e de convidados. A presidente da C\u00e2mara, Clarete Rab\u00ealo, informou que a palestra ser\u00e1 voltada mais para as mulheres [&hellip;]\" \/>\n<meta property=\"og:url\" content=\"https:\/\/noticiaempauta.com\/portal\/evento-alusivo-ao-outubro-rosa-sera-realizado-na-camara-de-santana-do-piaui-nesta-quinta-24\/\" \/>\n<meta property=\"og:site_name\" content=\"Portal Not\u00edcia em Pauta\" \/>\n<meta property=\"article:publisher\" content=\"https:\/\/www.facebook.com\/Portal-Notcia-Em-Pauta-102292869264820\/\" \/>\n<meta property=\"article:published_time\" content=\"2024-10-23T18:19:37+00:00\" \/>\n<meta property=\"article:modified_time\" content=\"2024-10-23T18:19:39+00:00\" \/>\n<meta property=\"og:image\" content=\"https:\/\/noticiaempauta.com\/portal\/wp-content\/uploads\/2024\/10\/IMG_2734-qhktkc8wwdtspvrvp97z7lnaxky6581aojr7jx26o0.webp\" \/>\n\t<meta property=\"og:image:width\" content=\"1200\" \/>\n\t<meta property=\"og:image:height\" content=\"800\" \/>\n\t<meta property=\"og:image:type\" content=\"image\/webp\" \/>\n<meta name=\"author\" content=\"Reda\u00e7\u00e3o\" \/>\n<meta name=\"twitter:card\" content=\"summary_large_image\" \/>\n<meta name=\"twitter:label1\" content=\"Escrito por\" \/>\n\t<meta name=\"twitter:data1\" content=\"Reda\u00e7\u00e3o\" \/>\n\t<meta name=\"twitter:label2\" content=\"Est. tempo de leitura\" \/>\n\t<meta name=\"twitter:data2\" content=\"2 minutos\" \/>\n<script type=\"application\/ld+json\" class=\"yoast-schema-graph\">{\"@context\":\"https:\/\/schema.org\",\"@graph\":[{\"@type\":\"Article\",\"@id\":\"https:\/\/noticiaempauta.com\/portal\/evento-alusivo-ao-outubro-rosa-sera-realizado-na-camara-de-santana-do-piaui-nesta-quinta-24\/#article\",\"isPartOf\":{\"@id\":\"https:\/\/noticiaempauta.com\/portal\/evento-alusivo-ao-outubro-rosa-sera-realizado-na-camara-de-santana-do-piaui-nesta-quinta-24\/\"},\"author\":{\"name\":\"Reda\u00e7\u00e3o\",\"@id\":\"https:\/\/noticiaempauta.com\/portal\/#\/schema\/person\/a74af43dd1ab3deca45f988c717d57ac\"},\"headline\":\"Evento alusivo ao Outubro Rosa ser\u00e1 realizado na C\u00e2mara de Santana do Piau\u00ed nesta quinta (24)\",\"datePublished\":\"2024-10-23T18:19:37+00:00\",\"dateModified\":\"2024-10-23T18:19:39+00:00\",\"mainEntityOfPage\":{\"@id\":\"https:\/\/noticiaempauta.com\/portal\/evento-alusivo-ao-outubro-rosa-sera-realizado-na-camara-de-santana-do-piaui-nesta-quinta-24\/\"},\"wordCount\":156,\"commentCount\":0,\"publisher\":{\"@id\":\"https:\/\/noticiaempauta.com\/portal\/#organization\"},\"image\":{\"@id\":\"https:\/\/noticiaempauta.com\/portal\/evento-alusivo-ao-outubro-rosa-sera-realizado-na-camara-de-santana-do-piaui-nesta-quinta-24\/#primaryimage\"},\"thumbnailUrl\":\"https:\/\/noticiaempauta.com\/portal\/wp-content\/uploads\/2024\/10\/IMG_2734-qhktkc8wwdtspvrvp97z7lnaxky6581aojr7jx26o0.webp\",\"articleSection\":[\"Munic\u00edpios\",\"Todas as Not\u00edcias\"],\"inLanguage\":\"pt-BR\",\"potentialAction\":[{\"@type\":\"CommentAction\",\"name\":\"Comment\",\"target\":[\"https:\/\/noticiaempauta.com\/portal\/evento-alusivo-ao-outubro-rosa-sera-realizado-na-camara-de-santana-do-piaui-nesta-quinta-24\/#respond\"]}]},{\"@type\":\"WebPage\",\"@id\":\"https:\/\/noticiaempauta.com\/portal\/evento-alusivo-ao-outubro-rosa-sera-realizado-na-camara-de-santana-do-piaui-nesta-quinta-24\/\",\"url\":\"https:\/\/noticiaempauta.com\/portal\/evento-alusivo-ao-outubro-rosa-sera-realizado-na-camara-de-santana-do-piaui-nesta-quinta-24\/\",\"name\":\"Evento alusivo ao Outubro Rosa ser\u00e1 realizado na C\u00e2mara de Santana do Piau\u00ed nesta quinta (24) - Portal Not\u00edcia em Pauta\",\"isPartOf\":{\"@id\":\"https:\/\/noticiaempauta.com\/portal\/#website\"},\"primaryImageOfPage\":{\"@id\":\"https:\/\/noticiaempauta.com\/portal\/evento-alusivo-ao-outubro-rosa-sera-realizado-na-camara-de-santana-do-piaui-nesta-quinta-24\/#primaryimage\"},\"image\":{\"@id\":\"https:\/\/noticiaempauta.com\/portal\/evento-alusivo-ao-outubro-rosa-sera-realizado-na-camara-de-santana-do-piaui-nesta-quinta-24\/#primaryimage\"},\"thumbnailUrl\":\"https:\/\/noticiaempauta.com\/portal\/wp-content\/uploads\/2024\/10\/IMG_2734-qhktkc8wwdtspvrvp97z7lnaxky6581aojr7jx26o0.webp\",\"datePublished\":\"2024-10-23T18:19:37+00:00\",\"dateModified\":\"2024-10-23T18:19:39+00:00\",\"breadcrumb\":{\"@id\":\"https:\/\/noticiaempauta.com\/portal\/evento-alusivo-ao-outubro-rosa-sera-realizado-na-camara-de-santana-do-piaui-nesta-quinta-24\/#breadcrumb\"},\"inLanguage\":\"pt-BR\",\"potentialAction\":[{\"@type\":\"ReadAction\",\"target\":[\"https:\/\/noticiaempauta.com\/portal\/evento-alusivo-ao-outubro-rosa-sera-realizado-na-camara-de-santana-do-piaui-nesta-quinta-24\/\"]}]},{\"@type\":\"ImageObject\",\"inLanguage\":\"pt-BR\",\"@id\":\"https:\/\/noticiaempauta.com\/portal\/evento-alusivo-ao-outubro-rosa-sera-realizado-na-camara-de-santana-do-piaui-nesta-quinta-24\/#primaryimage\",\"url\":\"https:\/\/noticiaempauta.com\/portal\/wp-content\/uploads\/2024\/10\/IMG_2734-qhktkc8wwdtspvrvp97z7lnaxky6581aojr7jx26o0.webp\",\"contentUrl\":\"https:\/\/noticiaempauta.com\/portal\/wp-content\/uploads\/2024\/10\/IMG_2734-qhktkc8wwdtspvrvp97z7lnaxky6581aojr7jx26o0.webp\",\"width\":1200,\"height\":800},{\"@type\":\"BreadcrumbList\",\"@id\":\"https:\/\/noticiaempauta.com\/portal\/evento-alusivo-ao-outubro-rosa-sera-realizado-na-camara-de-santana-do-piaui-nesta-quinta-24\/#breadcrumb\",\"itemListElement\":[{\"@type\":\"ListItem\",\"position\":1,\"name\":\"P\u00e1gina Inicial\",\"item\":\"https:\/\/noticiaempauta.com\/portal\/\"},{\"@type\":\"ListItem\",\"position\":2,\"name\":\"Todas as Not\u00edcias\",\"item\":\"https:\/\/noticiaempauta.com\/portal\/todas\/\"},{\"@type\":\"ListItem\",\"position\":3,\"name\":\"Evento alusivo ao Outubro Rosa ser\u00e1 realizado na C\u00e2mara de Santana do Piau\u00ed nesta quinta (24)\"}]},{\"@type\":\"WebSite\",\"@id\":\"https:\/\/noticiaempauta.com\/portal\/#website\",\"url\":\"https:\/\/noticiaempauta.com\/portal\/\",\"name\":\"Portal Not\u00edcia em Pauta\",\"description\":\"Voc\u00ea bem informado\",\"publisher\":{\"@id\":\"https:\/\/noticiaempauta.com\/portal\/#organization\"},\"potentialAction\":[{\"@type\":\"SearchAction\",\"target\":{\"@type\":\"EntryPoint\",\"urlTemplate\":\"https:\/\/noticiaempauta.com\/portal\/?s={search_term_string}\"},\"query-input\":{\"@type\":\"PropertyValueSpecification\",\"valueRequired\":true,\"valueName\":\"search_term_string\"}}],\"inLanguage\":\"pt-BR\"},{\"@type\":\"Organization\",\"@id\":\"https:\/\/noticiaempauta.com\/portal\/#organization\",\"name\":\"Portal Not\u00edcia em Pauta\",\"url\":\"https:\/\/noticiaempauta.com\/portal\/\",\"logo\":{\"@type\":\"ImageObject\",\"inLanguage\":\"pt-BR\",\"@id\":\"https:\/\/noticiaempauta.com\/portal\/#\/schema\/logo\/image\/\",\"url\":\"https:\/\/noticiaempauta.com\/portal\/wp-content\/uploads\/2022\/08\/logomarca_tema.fw_.png\",\"contentUrl\":\"https:\/\/noticiaempauta.com\/portal\/wp-content\/uploads\/2022\/08\/logomarca_tema.fw_.png\",\"width\":400,\"height\":232,\"caption\":\"Portal Not\u00edcia em Pauta\"},\"image\":{\"@id\":\"https:\/\/noticiaempauta.com\/portal\/#\/schema\/logo\/image\/\"},\"sameAs\":[\"https:\/\/www.facebook.com\/Portal-Notcia-Em-Pauta-102292869264820\/\",\"https:\/\/www.instagram.com\/portalnoticiaempauta\/\"]},{\"@type\":\"Person\",\"@id\":\"https:\/\/noticiaempauta.com\/portal\/#\/schema\/person\/a74af43dd1ab3deca45f988c717d57ac\",\"name\":\"Reda\u00e7\u00e3o\",\"image\":{\"@type\":\"ImageObject\",\"inLanguage\":\"pt-BR\",\"@id\":\"https:\/\/noticiaempauta.com\/portal\/#\/schema\/person\/image\/\",\"url\":\"https:\/\/secure.gravatar.com\/avatar\/03179346ecce6cdfc13361603e8f54242a90e5cde8618fa23c5c00aa2b0aadf3?s=96&d=mm&r=g\",\"contentUrl\":\"https:\/\/secure.gravatar.com\/avatar\/03179346ecce6cdfc13361603e8f54242a90e5cde8618fa23c5c00aa2b0aadf3?s=96&d=mm&r=g\",\"caption\":\"Reda\u00e7\u00e3o\"},\"sameAs\":[\"https:\/\/noticiaempauta.com\/portal\/\"],\"url\":\"https:\/\/noticiaempauta.com\/portal\/author\/fernando\/\"}]}<\/script>\n<!-- \/ Yoast SEO Premium plugin. -->","yoast_head_json":{"title":"Evento alusivo ao Outubro Rosa ser\u00e1 realizado na C\u00e2mara de Santana do Piau\u00ed nesta quinta (24) - Portal Not\u00edcia em Pauta","robots":{"index":"index","follow":"follow","max-snippet":"max-snippet:-1","max-image-preview":"max-image-preview:large","max-video-preview":"max-video-preview:-1"},"canonical":"https:\/\/noticiaempauta.com\/portal\/evento-alusivo-ao-outubro-rosa-sera-realizado-na-camara-de-santana-do-piaui-nesta-quinta-24\/","og_locale":"pt_BR","og_type":"article","og_title":"Evento alusivo ao Outubro Rosa ser\u00e1 realizado na C\u00e2mara de Santana do Piau\u00ed nesta quinta (24)","og_description":"A C\u00e2mara Municipal de Santana do Piau\u00ed, realizar\u00e1 nesta quinta-feira (24), uma palestra sobre o Outubro Rosa. O evento acontecer\u00e1 a partir das 19h no plen\u00e1rio Chico Borges, onde dever\u00e1 contar com a presen\u00e7a dos vereadores e de convidados. A presidente da C\u00e2mara, Clarete Rab\u00ealo, informou que a palestra ser\u00e1 voltada mais para as mulheres [&hellip;]","og_url":"https:\/\/noticiaempauta.com\/portal\/evento-alusivo-ao-outubro-rosa-sera-realizado-na-camara-de-santana-do-piaui-nesta-quinta-24\/","og_site_name":"Portal Not\u00edcia em Pauta","article_publisher":"https:\/\/www.facebook.com\/Portal-Notcia-Em-Pauta-102292869264820\/","article_published_time":"2024-10-23T18:19:37+00:00","article_modified_time":"2024-10-23T18:19:39+00:00","og_image":[{"width":1200,"height":800,"url":"https:\/\/noticiaempauta.com\/portal\/wp-content\/uploads\/2024\/10\/IMG_2734-qhktkc8wwdtspvrvp97z7lnaxky6581aojr7jx26o0.webp","type":"image\/webp"}],"author":"Reda\u00e7\u00e3o","twitter_card":"summary_large_image","twitter_misc":{"Escrito por":"Reda\u00e7\u00e3o","Est. tempo de leitura":"2 minutos"},"schema":{"@context":"https:\/\/schema.org","@graph":[{"@type":"Article","@id":"https:\/\/noticiaempauta.com\/portal\/evento-alusivo-ao-outubro-rosa-sera-realizado-na-camara-de-santana-do-piaui-nesta-quinta-24\/#article","isPartOf":{"@id":"https:\/\/noticiaempauta.com\/portal\/evento-alusivo-ao-outubro-rosa-sera-realizado-na-camara-de-santana-do-piaui-nesta-quinta-24\/"},"author":{"name":"Reda\u00e7\u00e3o","@id":"https:\/\/noticiaempauta.com\/portal\/#\/schema\/person\/a74af43dd1ab3deca45f988c717d57ac"},"headline":"Evento alusivo ao Outubro Rosa ser\u00e1 realizado na C\u00e2mara de Santana do Piau\u00ed nesta quinta (24)","datePublished":"2024-10-23T18:19:37+00:00","dateModified":"2024-10-23T18:19:39+00:00","mainEntityOfPage":{"@id":"https:\/\/noticiaempauta.com\/portal\/evento-alusivo-ao-outubro-rosa-sera-realizado-na-camara-de-santana-do-piaui-nesta-quinta-24\/"},"wordCount":156,"commentCount":0,"publisher":{"@id":"https:\/\/noticiaempauta.com\/portal\/#organization"},"image":{"@id":"https:\/\/noticiaempauta.com\/portal\/evento-alusivo-ao-outubro-rosa-sera-realizado-na-camara-de-santana-do-piaui-nesta-quinta-24\/#primaryimage"},"thumbnailUrl":"https:\/\/noticiaempauta.com\/portal\/wp-content\/uploads\/2024\/10\/IMG_2734-qhktkc8wwdtspvrvp97z7lnaxky6581aojr7jx26o0.webp","articleSection":["Munic\u00edpios","Todas as Not\u00edcias"],"inLanguage":"pt-BR","potentialAction":[{"@type":"CommentAction","name":"Comment","target":["https:\/\/noticiaempauta.com\/portal\/evento-alusivo-ao-outubro-rosa-sera-realizado-na-camara-de-santana-do-piaui-nesta-quinta-24\/#respond"]}]},{"@type":"WebPage","@id":"https:\/\/noticiaempauta.com\/portal\/evento-alusivo-ao-outubro-rosa-sera-realizado-na-camara-de-santana-do-piaui-nesta-quinta-24\/","url":"https:\/\/noticiaempauta.com\/portal\/evento-alusivo-ao-outubro-rosa-sera-realizado-na-camara-de-santana-do-piaui-nesta-quinta-24\/","name":"Evento alusivo ao Outubro Rosa ser\u00e1 realizado na C\u00e2mara de Santana do Piau\u00ed nesta quinta (24) - Portal Not\u00edcia em Pauta","isPartOf":{"@id":"https:\/\/noticiaempauta.com\/portal\/#website"},"primaryImageOfPage":{"@id":"https:\/\/noticiaempauta.com\/portal\/evento-alusivo-ao-outubro-rosa-sera-realizado-na-camara-de-santana-do-piaui-nesta-quinta-24\/#primaryimage"},"image":{"@id":"https:\/\/noticiaempauta.com\/portal\/evento-alusivo-ao-outubro-rosa-sera-realizado-na-camara-de-santana-do-piaui-nesta-quinta-24\/#primaryimage"},"thumbnailUrl":"https:\/\/noticiaempauta.com\/portal\/wp-content\/uploads\/2024\/10\/IMG_2734-qhktkc8wwdtspvrvp97z7lnaxky6581aojr7jx26o0.webp","datePublished":"2024-10-23T18:19:37+00:00","dateModified":"2024-10-23T18:19:39+00:00","breadcrumb":{"@id":"https:\/\/noticiaempauta.com\/portal\/evento-alusivo-ao-outubro-rosa-sera-realizado-na-camara-de-santana-do-piaui-nesta-quinta-24\/#breadcrumb"},"inLanguage":"pt-BR","potentialAction":[{"@type":"ReadAction","target":["https:\/\/noticiaempauta.com\/portal\/evento-alusivo-ao-outubro-rosa-sera-realizado-na-camara-de-santana-do-piaui-nesta-quinta-24\/"]}]},{"@type":"ImageObject","inLanguage":"pt-BR","@id":"https:\/\/noticiaempauta.com\/portal\/evento-alusivo-ao-outubro-rosa-sera-realizado-na-camara-de-santana-do-piaui-nesta-quinta-24\/#primaryimage","url":"https:\/\/noticiaempauta.com\/portal\/wp-content\/uploads\/2024\/10\/IMG_2734-qhktkc8wwdtspvrvp97z7lnaxky6581aojr7jx26o0.webp","contentUrl":"https:\/\/noticiaempauta.com\/portal\/wp-content\/uploads\/2024\/10\/IMG_2734-qhktkc8wwdtspvrvp97z7lnaxky6581aojr7jx26o0.webp","width":1200,"height":800},{"@type":"BreadcrumbList","@id":"https:\/\/noticiaempauta.com\/portal\/evento-alusivo-ao-outubro-rosa-sera-realizado-na-camara-de-santana-do-piaui-nesta-quinta-24\/#breadcrumb","itemListElement":[{"@type":"ListItem","position":1,"name":"P\u00e1gina Inicial","item":"https:\/\/noticiaempauta.com\/portal\/"},{"@type":"ListItem","position":2,"name":"Todas as Not\u00edcias","item":"https:\/\/noticiaempauta.com\/portal\/todas\/"},{"@type":"ListItem","position":3,"name":"Evento alusivo ao Outubro Rosa ser\u00e1 realizado na C\u00e2mara de Santana do Piau\u00ed nesta quinta (24)"}]},{"@type":"WebSite","@id":"https:\/\/noticiaempauta.com\/portal\/#website","url":"https:\/\/noticiaempauta.com\/portal\/","name":"Portal Not\u00edcia em Pauta","description":"Voc\u00ea bem informado","publisher":{"@id":"https:\/\/noticiaempauta.com\/portal\/#organization"},"potentialAction":[{"@type":"SearchAction","target":{"@type":"EntryPoint","urlTemplate":"https:\/\/noticiaempauta.com\/portal\/?s={search_term_string}"},"query-input":{"@type":"PropertyValueSpecification","valueRequired":true,"valueName":"search_term_string"}}],"inLanguage":"pt-BR"},{"@type":"Organization","@id":"https:\/\/noticiaempauta.com\/portal\/#organization","name":"Portal Not\u00edcia em Pauta","url":"https:\/\/noticiaempauta.com\/portal\/","logo":{"@type":"ImageObject","inLanguage":"pt-BR","@id":"https:\/\/noticiaempauta.com\/portal\/#\/schema\/logo\/image\/","url":"https:\/\/noticiaempauta.com\/portal\/wp-content\/uploads\/2022\/08\/logomarca_tema.fw_.png","contentUrl":"https:\/\/noticiaempauta.com\/portal\/wp-content\/uploads\/2022\/08\/logomarca_tema.fw_.png","width":400,"height":232,"caption":"Portal Not\u00edcia em Pauta"},"image":{"@id":"https:\/\/noticiaempauta.com\/portal\/#\/schema\/logo\/image\/"},"sameAs":["https:\/\/www.facebook.com\/Portal-Notcia-Em-Pauta-102292869264820\/","https:\/\/www.instagram.com\/portalnoticiaempauta\/"]},{"@type":"Person","@id":"https:\/\/noticiaempauta.com\/portal\/#\/schema\/person\/a74af43dd1ab3deca45f988c717d57ac","name":"Reda\u00e7\u00e3o","image":{"@type":"ImageObject","inLanguage":"pt-BR","@id":"https:\/\/noticiaempauta.com\/portal\/#\/schema\/person\/image\/","url":"https:\/\/secure.gravatar.com\/avatar\/03179346ecce6cdfc13361603e8f54242a90e5cde8618fa23c5c00aa2b0aadf3?s=96&d=mm&r=g","contentUrl":"https:\/\/secure.gravatar.com\/avatar\/03179346ecce6cdfc13361603e8f54242a90e5cde8618fa23c5c00aa2b0aadf3?s=96&d=mm&r=g","caption":"Reda\u00e7\u00e3o"},"sameAs":["https:\/\/noticiaempauta.com\/portal\/"],"url":"https:\/\/noticiaempauta.com\/portal\/author\/fernando\/"}]}},"_links":{"self":[{"href":"https:\/\/noticiaempauta.com\/portal\/wp-json\/wp\/v2\/posts\/263288","targetHints":{"allow":["GET"]}}],"collection":[{"href":"https:\/\/noticiaempauta.com\/portal\/wp-json\/wp\/v2\/posts"}],"about":[{"href":"https:\/\/noticiaempauta.com\/portal\/wp-json\/wp\/v2\/types\/post"}],"author":[{"embeddable":true,"href":"https:\/\/noticiaempauta.com\/portal\/wp-json\/wp\/v2\/users\/2"}],"replies":[{"embeddable":true,"href":"https:\/\/noticiaempauta.com\/portal\/wp-json\/wp\/v2\/comments?post=263288"}],"version-history":[{"count":1,"href":"https:\/\/noticiaempauta.com\/portal\/wp-json\/wp\/v2\/posts\/263288\/revisions"}],"predecessor-version":[{"id":263293,"href":"https:\/\/noticiaempauta.com\/portal\/wp-json\/wp\/v2\/posts\/263288\/revisions\/263293"}],"wp:featuredmedia":[{"embeddable":true,"href":"https:\/\/noticiaempauta.com\/portal\/wp-json\/wp\/v2\/media\/263292"}],"wp:attachment":[{"href":"https:\/\/noticiaempauta.com\/portal\/wp-json\/wp\/v2\/media?parent=263288"}],"wp:term":[{"taxonomy":"category","embeddable":true,"href":"https:\/\/noticiaempauta.com\/portal\/wp-json\/wp\/v2\/categories?post=263288"},{"taxonomy":"post_tag","embeddable":true,"href":"https:\/\/noticiaempauta.com\/portal\/wp-json\/wp\/v2\/tags?post=263288"}],"curies":[{"name":"wp","href":"https:\/\/api.w.org\/{rel}","templated":true}]}}