{"id":263315,"date":"2024-10-24T12:07:13","date_gmt":"2024-10-24T15:07:13","guid":{"rendered":"https:\/\/noticiaempauta.com\/portal\/?p=263315"},"modified":"2024-10-24T12:07:14","modified_gmt":"2024-10-24T15:07:14","slug":"grupo-insolo-apresenta-a-rafael-fonteles-projeto-de-irrigacao-para-triplicar-produtividade-no-cerrado-do-piaui","status":"publish","type":"post","link":"https:\/\/noticiaempauta.com\/portal\/grupo-insolo-apresenta-a-rafael-fonteles-projeto-de-irrigacao-para-triplicar-produtividade-no-cerrado-do-piaui\/","title":{"rendered":"Grupo Insolo apresenta a Rafael Fonteles projeto de irriga\u00e7\u00e3o para triplicar produtividade no Cerrado do Piau\u00ed"},"content":{"rendered":"\n<p>O empres\u00e1rio Ricardo Faria, presidente do Grupo Insolo, anunciou ao governador Rafael Fonteles um projeto de irriga\u00e7\u00e3o que promete triplicar a produtividade nas fazendas do grupo, localizadas no Cerrado do Piau\u00ed.\u00a0Eles estiveram reunidos, nesta quarta-feira (23), no Hub Investe Piau\u00ed, em Teresina, encontro que contou com a participa\u00e7\u00e3o dos presidentes do Banco do Nordeste, Paulo C\u00e2mara, e da Investe Piau\u00ed, Victor Hugo.<\/p>\n\n\n\n<figure class=\"wp-block-image size-full\"><img fetchpriority=\"high\" decoding=\"async\" width=\"1000\" height=\"667\" src=\"https:\/\/noticiaempauta.com\/portal\/wp-content\/uploads\/2024\/10\/large-reuniao-com-paulo-camara-e-ricardo-faria-1-e53db2f179-1729713500.jpeg\" alt=\"\" class=\"wp-image-263317\" srcset=\"https:\/\/noticiaempauta.com\/portal\/wp-content\/uploads\/2024\/10\/large-reuniao-com-paulo-camara-e-ricardo-faria-1-e53db2f179-1729713500.jpeg 1000w, https:\/\/noticiaempauta.com\/portal\/wp-content\/uploads\/2024\/10\/large-reuniao-com-paulo-camara-e-ricardo-faria-1-e53db2f179-1729713500-300x200.jpeg 300w, https:\/\/noticiaempauta.com\/portal\/wp-content\/uploads\/2024\/10\/large-reuniao-com-paulo-camara-e-ricardo-faria-1-e53db2f179-1729713500-768x512.jpeg 768w\" sizes=\"(max-width: 1000px) 100vw, 1000px\" \/><\/figure>\n\n\n\n<p>Rafael Fonteles frisou que o projeto de fazendas irrigadas \u00e9 uma nova tend\u00eancia no Piau\u00ed e vai desenvolver a economia. \u201cVai gerar muito emprego, aumentar a nossa produ\u00e7\u00e3o agr\u00edcola. Estou muito feliz de ver cada vez mais os empreendedores despertando para novas oportunidades no agro e em outros segmentos econ\u00f4micos\u201d, destacou o governador.<\/p>\n\n\n\n<p>O Governo do Estado tem apoiado todos os projetos de investimento na regi\u00e3o, oferecendo, por meio da Investe Piau\u00ed, o acompanhamento dos licenciamentos e de investimentos em infraestrutura energ\u00e9tica. Esse projeto de irriga\u00e7\u00e3o, por exemplo, vai demandar 300 megawatts de energia.<\/p>\n\n\n\n<figure class=\"wp-block-image size-full\"><img decoding=\"async\" width=\"1000\" height=\"667\" src=\"https:\/\/noticiaempauta.com\/portal\/wp-content\/uploads\/2024\/10\/large-reuniao-com-paulo-camara-e-ricardo-faria-9-1e66aa26ad_44789a3d44418659e6a09c6134fa4a26ed506592.jpeg\" alt=\"\" class=\"wp-image-263316\" srcset=\"https:\/\/noticiaempauta.com\/portal\/wp-content\/uploads\/2024\/10\/large-reuniao-com-paulo-camara-e-ricardo-faria-9-1e66aa26ad_44789a3d44418659e6a09c6134fa4a26ed506592.jpeg 1000w, https:\/\/noticiaempauta.com\/portal\/wp-content\/uploads\/2024\/10\/large-reuniao-com-paulo-camara-e-ricardo-faria-9-1e66aa26ad_44789a3d44418659e6a09c6134fa4a26ed506592-300x200.jpeg 300w, https:\/\/noticiaempauta.com\/portal\/wp-content\/uploads\/2024\/10\/large-reuniao-com-paulo-camara-e-ricardo-faria-9-1e66aa26ad_44789a3d44418659e6a09c6134fa4a26ed506592-768x512.jpeg 768w\" sizes=\"(max-width: 1000px) 100vw, 1000px\" \/><\/figure>\n\n\n\n<h2 class=\"wp-block-heading\"><strong>Grupo produz em 210 mil hectares no Piau\u00ed<\/strong><\/h2>\n\n\n\n<p>O Grupo Insolo produz atualmente no Piau\u00ed soja, milho e algod\u00e3o, em uma \u00e1rea de 210 mil hectares. A meta do grupo agora, por meio da implanta\u00e7\u00e3o de sistemas irrigados, \u00e9 a verticaliza\u00e7\u00e3o e aumento da produtividade, a exemplo do que fez o grupo Franciosi, ao implantar um sistema de irriga\u00e7\u00e3o em Baixa Grande do Ribeiro, no sul do Piau\u00ed.<\/p>\n\n\n\n<p>Ricardo Faria destacou a import\u00e2ncia de cada vez mais industrializar o agro, gerando mais valor, renda e receita na mesma \u00e1rea.\u00a0Ele frisou tamb\u00e9m o apoio do Banco do Nordeste em investimentos do Grupo Insolo. \u201cO projeto de agricultura irrigada \u00e9 um momento de expans\u00e3o n\u00e3o para os lados, mas para cima. E essa constru\u00e7\u00e3o do que \u00e9 a Insolo hoje se d\u00e1 gra\u00e7as a essa integra\u00e7\u00e3o com as iniciativas do estado e com os financiamentos do Banco do Nordeste, sempre junto da Insolo\u201d, afirmou.<\/p>\n\n\n\n<h2 class=\"wp-block-heading\"><strong>Banco do Nordeste elogia pioneirismo do projeto<\/strong><\/h2>\n\n\n\n<p>Paulo C\u00e2mara, do BNB, afirmou que o banco vai buscar solu\u00e7\u00f5es para a viabilidade do projeto, considerado interessante e pioneiro.\u00a0\u201c\u00c9 um projeto audacioso, mas muito interessante, porque o pioneirismo de projetos como este faz a diferen\u00e7a daquilo que o banco quer investir na regi\u00e3o. Vamos nos debru\u00e7ar sobre o plano, junto com o empres\u00e1rio Ricardo Faria, e procurar solu\u00e7\u00f5es para que isso fique vi\u00e1vel o mais r\u00e1pido poss\u00edvel\u201d, comentou.<\/p>\n\n\n\n<p>Victor Hugo frisou que o projeto do Grupo Insolo no Piau\u00ed \u00e9 o maior do Brasil em irriga\u00e7\u00e3o para novas culturas e que pode incentivar outras empresas a investirem no estado. \u201c\u00c9 um exemplo para os outros empres\u00e1rios. O Piau\u00ed tem vivenciado essa mudan\u00e7a para sistemas irrigados, a exemplo do Grupo Franciosi. E a gente observa que \u00e9 isso que teremos para os pr\u00f3ximos anos nas principais fazendas do estado\u201d, finaliza.<\/p>\n\n\n\n<p>CCOM-PI<\/p>\n","protected":false},"excerpt":{"rendered":"<p>O empres\u00e1rio Ricardo Faria, presidente do Grupo Insolo, anunciou ao governador Rafael Fonteles um projeto de irriga\u00e7\u00e3o que promete triplicar a produtividade nas fazendas do grupo, localizadas no Cerrado do Piau\u00ed.\u00a0Eles estiveram reunidos, nesta quarta-feira (23), no Hub Investe Piau\u00ed, em Teresina, encontro que contou com a participa\u00e7\u00e3o dos presidentes do Banco do Nordeste, Paulo [&hellip;]<\/p>\n","protected":false},"author":2,"featured_media":263316,"comment_status":"open","ping_status":"open","sticky":false,"template":"","format":"standard","meta":{"_mi_skip_tracking":false,"footnotes":""},"categories":[25,6,1,16],"tags":[192],"class_list":["post-263315","post","type-post","status-publish","format-standard","has-post-thumbnail","hentry","category-destaques-site","category-economia","category-geral","category-todas","tag-destaqueprincipal"],"acf":[],"yoast_head":"<!-- This site is optimized with the Yoast SEO Premium plugin v19.2 (Yoast SEO v26.9) - https:\/\/yoast.com\/product\/yoast-seo-premium-wordpress\/ -->\n<title>Grupo Insolo apresenta a Rafael Fonteles projeto de irriga\u00e7\u00e3o para triplicar produtividade no Cerrado do Piau\u00ed - Portal Not\u00edcia em Pauta<\/title>\n<meta name=\"robots\" content=\"index, follow, max-snippet:-1, max-image-preview:large, max-video-preview:-1\" \/>\n<link rel=\"canonical\" href=\"https:\/\/noticiaempauta.com\/portal\/grupo-insolo-apresenta-a-rafael-fonteles-projeto-de-irrigacao-para-triplicar-produtividade-no-cerrado-do-piaui\/\" \/>\n<meta property=\"og:locale\" content=\"pt_BR\" \/>\n<meta property=\"og:type\" content=\"article\" \/>\n<meta property=\"og:title\" content=\"Grupo Insolo apresenta a Rafael Fonteles projeto de irriga\u00e7\u00e3o para triplicar produtividade no Cerrado do Piau\u00ed\" \/>\n<meta property=\"og:description\" content=\"O empres\u00e1rio Ricardo Faria, presidente do Grupo Insolo, anunciou ao governador Rafael Fonteles um projeto de irriga\u00e7\u00e3o que promete triplicar a produtividade nas fazendas do grupo, localizadas no Cerrado do Piau\u00ed.\u00a0Eles estiveram reunidos, nesta quarta-feira (23), no Hub Investe Piau\u00ed, em Teresina, encontro que contou com a participa\u00e7\u00e3o dos presidentes do Banco do Nordeste, Paulo [&hellip;]\" \/>\n<meta property=\"og:url\" content=\"https:\/\/noticiaempauta.com\/portal\/grupo-insolo-apresenta-a-rafael-fonteles-projeto-de-irrigacao-para-triplicar-produtividade-no-cerrado-do-piaui\/\" \/>\n<meta property=\"og:site_name\" content=\"Portal Not\u00edcia em Pauta\" \/>\n<meta property=\"article:publisher\" content=\"https:\/\/www.facebook.com\/Portal-Notcia-Em-Pauta-102292869264820\/\" \/>\n<meta property=\"article:published_time\" content=\"2024-10-24T15:07:13+00:00\" \/>\n<meta property=\"article:modified_time\" content=\"2024-10-24T15:07:14+00:00\" \/>\n<meta property=\"og:image\" content=\"https:\/\/noticiaempauta.com\/portal\/wp-content\/uploads\/2024\/10\/large-reuniao-com-paulo-camara-e-ricardo-faria-9-1e66aa26ad_44789a3d44418659e6a09c6134fa4a26ed506592.jpeg\" \/>\n\t<meta property=\"og:image:width\" content=\"1000\" \/>\n\t<meta property=\"og:image:height\" content=\"667\" \/>\n\t<meta property=\"og:image:type\" content=\"image\/jpeg\" \/>\n<meta name=\"author\" content=\"Reda\u00e7\u00e3o\" \/>\n<meta name=\"twitter:card\" content=\"summary_large_image\" \/>\n<meta name=\"twitter:label1\" content=\"Escrito por\" \/>\n\t<meta name=\"twitter:data1\" content=\"Reda\u00e7\u00e3o\" \/>\n\t<meta name=\"twitter:label2\" content=\"Est. tempo de leitura\" \/>\n\t<meta name=\"twitter:data2\" content=\"4 minutos\" \/>\n<script type=\"application\/ld+json\" class=\"yoast-schema-graph\">{\"@context\":\"https:\/\/schema.org\",\"@graph\":[{\"@type\":\"Article\",\"@id\":\"https:\/\/noticiaempauta.com\/portal\/grupo-insolo-apresenta-a-rafael-fonteles-projeto-de-irrigacao-para-triplicar-produtividade-no-cerrado-do-piaui\/#article\",\"isPartOf\":{\"@id\":\"https:\/\/noticiaempauta.com\/portal\/grupo-insolo-apresenta-a-rafael-fonteles-projeto-de-irrigacao-para-triplicar-produtividade-no-cerrado-do-piaui\/\"},\"author\":{\"name\":\"Reda\u00e7\u00e3o\",\"@id\":\"https:\/\/noticiaempauta.com\/portal\/#\/schema\/person\/a74af43dd1ab3deca45f988c717d57ac\"},\"headline\":\"Grupo Insolo apresenta a Rafael Fonteles projeto de irriga\u00e7\u00e3o para triplicar produtividade no Cerrado do Piau\u00ed\",\"datePublished\":\"2024-10-24T15:07:13+00:00\",\"dateModified\":\"2024-10-24T15:07:14+00:00\",\"mainEntityOfPage\":{\"@id\":\"https:\/\/noticiaempauta.com\/portal\/grupo-insolo-apresenta-a-rafael-fonteles-projeto-de-irrigacao-para-triplicar-produtividade-no-cerrado-do-piaui\/\"},\"wordCount\":500,\"commentCount\":0,\"publisher\":{\"@id\":\"https:\/\/noticiaempauta.com\/portal\/#organization\"},\"image\":{\"@id\":\"https:\/\/noticiaempauta.com\/portal\/grupo-insolo-apresenta-a-rafael-fonteles-projeto-de-irrigacao-para-triplicar-produtividade-no-cerrado-do-piaui\/#primaryimage\"},\"thumbnailUrl\":\"https:\/\/noticiaempauta.com\/portal\/wp-content\/uploads\/2024\/10\/large-reuniao-com-paulo-camara-e-ricardo-faria-9-1e66aa26ad_44789a3d44418659e6a09c6134fa4a26ed506592.jpeg\",\"keywords\":[\"destaqueprincipal\"],\"articleSection\":[\"Destaques\",\"Economia\",\"Geral\",\"Todas as Not\u00edcias\"],\"inLanguage\":\"pt-BR\",\"potentialAction\":[{\"@type\":\"CommentAction\",\"name\":\"Comment\",\"target\":[\"https:\/\/noticiaempauta.com\/portal\/grupo-insolo-apresenta-a-rafael-fonteles-projeto-de-irrigacao-para-triplicar-produtividade-no-cerrado-do-piaui\/#respond\"]}]},{\"@type\":\"WebPage\",\"@id\":\"https:\/\/noticiaempauta.com\/portal\/grupo-insolo-apresenta-a-rafael-fonteles-projeto-de-irrigacao-para-triplicar-produtividade-no-cerrado-do-piaui\/\",\"url\":\"https:\/\/noticiaempauta.com\/portal\/grupo-insolo-apresenta-a-rafael-fonteles-projeto-de-irrigacao-para-triplicar-produtividade-no-cerrado-do-piaui\/\",\"name\":\"Grupo Insolo apresenta a Rafael Fonteles projeto de irriga\u00e7\u00e3o para triplicar produtividade no Cerrado do Piau\u00ed - Portal Not\u00edcia em Pauta\",\"isPartOf\":{\"@id\":\"https:\/\/noticiaempauta.com\/portal\/#website\"},\"primaryImageOfPage\":{\"@id\":\"https:\/\/noticiaempauta.com\/portal\/grupo-insolo-apresenta-a-rafael-fonteles-projeto-de-irrigacao-para-triplicar-produtividade-no-cerrado-do-piaui\/#primaryimage\"},\"image\":{\"@id\":\"https:\/\/noticiaempauta.com\/portal\/grupo-insolo-apresenta-a-rafael-fonteles-projeto-de-irrigacao-para-triplicar-produtividade-no-cerrado-do-piaui\/#primaryimage\"},\"thumbnailUrl\":\"https:\/\/noticiaempauta.com\/portal\/wp-content\/uploads\/2024\/10\/large-reuniao-com-paulo-camara-e-ricardo-faria-9-1e66aa26ad_44789a3d44418659e6a09c6134fa4a26ed506592.jpeg\",\"datePublished\":\"2024-10-24T15:07:13+00:00\",\"dateModified\":\"2024-10-24T15:07:14+00:00\",\"breadcrumb\":{\"@id\":\"https:\/\/noticiaempauta.com\/portal\/grupo-insolo-apresenta-a-rafael-fonteles-projeto-de-irrigacao-para-triplicar-produtividade-no-cerrado-do-piaui\/#breadcrumb\"},\"inLanguage\":\"pt-BR\",\"potentialAction\":[{\"@type\":\"ReadAction\",\"target\":[\"https:\/\/noticiaempauta.com\/portal\/grupo-insolo-apresenta-a-rafael-fonteles-projeto-de-irrigacao-para-triplicar-produtividade-no-cerrado-do-piaui\/\"]}]},{\"@type\":\"ImageObject\",\"inLanguage\":\"pt-BR\",\"@id\":\"https:\/\/noticiaempauta.com\/portal\/grupo-insolo-apresenta-a-rafael-fonteles-projeto-de-irrigacao-para-triplicar-produtividade-no-cerrado-do-piaui\/#primaryimage\",\"url\":\"https:\/\/noticiaempauta.com\/portal\/wp-content\/uploads\/2024\/10\/large-reuniao-com-paulo-camara-e-ricardo-faria-9-1e66aa26ad_44789a3d44418659e6a09c6134fa4a26ed506592.jpeg\",\"contentUrl\":\"https:\/\/noticiaempauta.com\/portal\/wp-content\/uploads\/2024\/10\/large-reuniao-com-paulo-camara-e-ricardo-faria-9-1e66aa26ad_44789a3d44418659e6a09c6134fa4a26ed506592.jpeg\",\"width\":1000,\"height\":667},{\"@type\":\"BreadcrumbList\",\"@id\":\"https:\/\/noticiaempauta.com\/portal\/grupo-insolo-apresenta-a-rafael-fonteles-projeto-de-irrigacao-para-triplicar-produtividade-no-cerrado-do-piaui\/#breadcrumb\",\"itemListElement\":[{\"@type\":\"ListItem\",\"position\":1,\"name\":\"P\u00e1gina Inicial\",\"item\":\"https:\/\/noticiaempauta.com\/portal\/\"},{\"@type\":\"ListItem\",\"position\":2,\"name\":\"Destaques\",\"item\":\"https:\/\/noticiaempauta.com\/portal\/destaques-site\/\"},{\"@type\":\"ListItem\",\"position\":3,\"name\":\"Grupo Insolo apresenta a Rafael Fonteles projeto de irriga\u00e7\u00e3o para triplicar produtividade no Cerrado do Piau\u00ed\"}]},{\"@type\":\"WebSite\",\"@id\":\"https:\/\/noticiaempauta.com\/portal\/#website\",\"url\":\"https:\/\/noticiaempauta.com\/portal\/\",\"name\":\"Portal Not\u00edcia em Pauta\",\"description\":\"Voc\u00ea bem informado\",\"publisher\":{\"@id\":\"https:\/\/noticiaempauta.com\/portal\/#organization\"},\"potentialAction\":[{\"@type\":\"SearchAction\",\"target\":{\"@type\":\"EntryPoint\",\"urlTemplate\":\"https:\/\/noticiaempauta.com\/portal\/?s={search_term_string}\"},\"query-input\":{\"@type\":\"PropertyValueSpecification\",\"valueRequired\":true,\"valueName\":\"search_term_string\"}}],\"inLanguage\":\"pt-BR\"},{\"@type\":\"Organization\",\"@id\":\"https:\/\/noticiaempauta.com\/portal\/#organization\",\"name\":\"Portal Not\u00edcia em Pauta\",\"url\":\"https:\/\/noticiaempauta.com\/portal\/\",\"logo\":{\"@type\":\"ImageObject\",\"inLanguage\":\"pt-BR\",\"@id\":\"https:\/\/noticiaempauta.com\/portal\/#\/schema\/logo\/image\/\",\"url\":\"https:\/\/noticiaempauta.com\/portal\/wp-content\/uploads\/2022\/08\/logomarca_tema.fw_.png\",\"contentUrl\":\"https:\/\/noticiaempauta.com\/portal\/wp-content\/uploads\/2022\/08\/logomarca_tema.fw_.png\",\"width\":400,\"height\":232,\"caption\":\"Portal Not\u00edcia em Pauta\"},\"image\":{\"@id\":\"https:\/\/noticiaempauta.com\/portal\/#\/schema\/logo\/image\/\"},\"sameAs\":[\"https:\/\/www.facebook.com\/Portal-Notcia-Em-Pauta-102292869264820\/\",\"https:\/\/www.instagram.com\/portalnoticiaempauta\/\"]},{\"@type\":\"Person\",\"@id\":\"https:\/\/noticiaempauta.com\/portal\/#\/schema\/person\/a74af43dd1ab3deca45f988c717d57ac\",\"name\":\"Reda\u00e7\u00e3o\",\"image\":{\"@type\":\"ImageObject\",\"inLanguage\":\"pt-BR\",\"@id\":\"https:\/\/noticiaempauta.com\/portal\/#\/schema\/person\/image\/\",\"url\":\"https:\/\/secure.gravatar.com\/avatar\/03179346ecce6cdfc13361603e8f54242a90e5cde8618fa23c5c00aa2b0aadf3?s=96&d=mm&r=g\",\"contentUrl\":\"https:\/\/secure.gravatar.com\/avatar\/03179346ecce6cdfc13361603e8f54242a90e5cde8618fa23c5c00aa2b0aadf3?s=96&d=mm&r=g\",\"caption\":\"Reda\u00e7\u00e3o\"},\"sameAs\":[\"https:\/\/noticiaempauta.com\/portal\/\"],\"url\":\"https:\/\/noticiaempauta.com\/portal\/author\/fernando\/\"}]}<\/script>\n<!-- \/ Yoast SEO Premium plugin. -->","yoast_head_json":{"title":"Grupo Insolo apresenta a Rafael Fonteles projeto de irriga\u00e7\u00e3o para triplicar produtividade no Cerrado do Piau\u00ed - Portal Not\u00edcia em Pauta","robots":{"index":"index","follow":"follow","max-snippet":"max-snippet:-1","max-image-preview":"max-image-preview:large","max-video-preview":"max-video-preview:-1"},"canonical":"https:\/\/noticiaempauta.com\/portal\/grupo-insolo-apresenta-a-rafael-fonteles-projeto-de-irrigacao-para-triplicar-produtividade-no-cerrado-do-piaui\/","og_locale":"pt_BR","og_type":"article","og_title":"Grupo Insolo apresenta a Rafael Fonteles projeto de irriga\u00e7\u00e3o para triplicar produtividade no Cerrado do Piau\u00ed","og_description":"O empres\u00e1rio Ricardo Faria, presidente do Grupo Insolo, anunciou ao governador Rafael Fonteles um projeto de irriga\u00e7\u00e3o que promete triplicar a produtividade nas fazendas do grupo, localizadas no Cerrado do Piau\u00ed.\u00a0Eles estiveram reunidos, nesta quarta-feira (23), no Hub Investe Piau\u00ed, em Teresina, encontro que contou com a participa\u00e7\u00e3o dos presidentes do Banco do Nordeste, Paulo [&hellip;]","og_url":"https:\/\/noticiaempauta.com\/portal\/grupo-insolo-apresenta-a-rafael-fonteles-projeto-de-irrigacao-para-triplicar-produtividade-no-cerrado-do-piaui\/","og_site_name":"Portal Not\u00edcia em Pauta","article_publisher":"https:\/\/www.facebook.com\/Portal-Notcia-Em-Pauta-102292869264820\/","article_published_time":"2024-10-24T15:07:13+00:00","article_modified_time":"2024-10-24T15:07:14+00:00","og_image":[{"width":1000,"height":667,"url":"https:\/\/noticiaempauta.com\/portal\/wp-content\/uploads\/2024\/10\/large-reuniao-com-paulo-camara-e-ricardo-faria-9-1e66aa26ad_44789a3d44418659e6a09c6134fa4a26ed506592.jpeg","type":"image\/jpeg"}],"author":"Reda\u00e7\u00e3o","twitter_card":"summary_large_image","twitter_misc":{"Escrito por":"Reda\u00e7\u00e3o","Est. tempo de leitura":"4 minutos"},"schema":{"@context":"https:\/\/schema.org","@graph":[{"@type":"Article","@id":"https:\/\/noticiaempauta.com\/portal\/grupo-insolo-apresenta-a-rafael-fonteles-projeto-de-irrigacao-para-triplicar-produtividade-no-cerrado-do-piaui\/#article","isPartOf":{"@id":"https:\/\/noticiaempauta.com\/portal\/grupo-insolo-apresenta-a-rafael-fonteles-projeto-de-irrigacao-para-triplicar-produtividade-no-cerrado-do-piaui\/"},"author":{"name":"Reda\u00e7\u00e3o","@id":"https:\/\/noticiaempauta.com\/portal\/#\/schema\/person\/a74af43dd1ab3deca45f988c717d57ac"},"headline":"Grupo Insolo apresenta a Rafael Fonteles projeto de irriga\u00e7\u00e3o para triplicar produtividade no Cerrado do Piau\u00ed","datePublished":"2024-10-24T15:07:13+00:00","dateModified":"2024-10-24T15:07:14+00:00","mainEntityOfPage":{"@id":"https:\/\/noticiaempauta.com\/portal\/grupo-insolo-apresenta-a-rafael-fonteles-projeto-de-irrigacao-para-triplicar-produtividade-no-cerrado-do-piaui\/"},"wordCount":500,"commentCount":0,"publisher":{"@id":"https:\/\/noticiaempauta.com\/portal\/#organization"},"image":{"@id":"https:\/\/noticiaempauta.com\/portal\/grupo-insolo-apresenta-a-rafael-fonteles-projeto-de-irrigacao-para-triplicar-produtividade-no-cerrado-do-piaui\/#primaryimage"},"thumbnailUrl":"https:\/\/noticiaempauta.com\/portal\/wp-content\/uploads\/2024\/10\/large-reuniao-com-paulo-camara-e-ricardo-faria-9-1e66aa26ad_44789a3d44418659e6a09c6134fa4a26ed506592.jpeg","keywords":["destaqueprincipal"],"articleSection":["Destaques","Economia","Geral","Todas as Not\u00edcias"],"inLanguage":"pt-BR","potentialAction":[{"@type":"CommentAction","name":"Comment","target":["https:\/\/noticiaempauta.com\/portal\/grupo-insolo-apresenta-a-rafael-fonteles-projeto-de-irrigacao-para-triplicar-produtividade-no-cerrado-do-piaui\/#respond"]}]},{"@type":"WebPage","@id":"https:\/\/noticiaempauta.com\/portal\/grupo-insolo-apresenta-a-rafael-fonteles-projeto-de-irrigacao-para-triplicar-produtividade-no-cerrado-do-piaui\/","url":"https:\/\/noticiaempauta.com\/portal\/grupo-insolo-apresenta-a-rafael-fonteles-projeto-de-irrigacao-para-triplicar-produtividade-no-cerrado-do-piaui\/","name":"Grupo Insolo apresenta a Rafael Fonteles projeto de irriga\u00e7\u00e3o para triplicar produtividade no Cerrado do Piau\u00ed - Portal Not\u00edcia em Pauta","isPartOf":{"@id":"https:\/\/noticiaempauta.com\/portal\/#website"},"primaryImageOfPage":{"@id":"https:\/\/noticiaempauta.com\/portal\/grupo-insolo-apresenta-a-rafael-fonteles-projeto-de-irrigacao-para-triplicar-produtividade-no-cerrado-do-piaui\/#primaryimage"},"image":{"@id":"https:\/\/noticiaempauta.com\/portal\/grupo-insolo-apresenta-a-rafael-fonteles-projeto-de-irrigacao-para-triplicar-produtividade-no-cerrado-do-piaui\/#primaryimage"},"thumbnailUrl":"https:\/\/noticiaempauta.com\/portal\/wp-content\/uploads\/2024\/10\/large-reuniao-com-paulo-camara-e-ricardo-faria-9-1e66aa26ad_44789a3d44418659e6a09c6134fa4a26ed506592.jpeg","datePublished":"2024-10-24T15:07:13+00:00","dateModified":"2024-10-24T15:07:14+00:00","breadcrumb":{"@id":"https:\/\/noticiaempauta.com\/portal\/grupo-insolo-apresenta-a-rafael-fonteles-projeto-de-irrigacao-para-triplicar-produtividade-no-cerrado-do-piaui\/#breadcrumb"},"inLanguage":"pt-BR","potentialAction":[{"@type":"ReadAction","target":["https:\/\/noticiaempauta.com\/portal\/grupo-insolo-apresenta-a-rafael-fonteles-projeto-de-irrigacao-para-triplicar-produtividade-no-cerrado-do-piaui\/"]}]},{"@type":"ImageObject","inLanguage":"pt-BR","@id":"https:\/\/noticiaempauta.com\/portal\/grupo-insolo-apresenta-a-rafael-fonteles-projeto-de-irrigacao-para-triplicar-produtividade-no-cerrado-do-piaui\/#primaryimage","url":"https:\/\/noticiaempauta.com\/portal\/wp-content\/uploads\/2024\/10\/large-reuniao-com-paulo-camara-e-ricardo-faria-9-1e66aa26ad_44789a3d44418659e6a09c6134fa4a26ed506592.jpeg","contentUrl":"https:\/\/noticiaempauta.com\/portal\/wp-content\/uploads\/2024\/10\/large-reuniao-com-paulo-camara-e-ricardo-faria-9-1e66aa26ad_44789a3d44418659e6a09c6134fa4a26ed506592.jpeg","width":1000,"height":667},{"@type":"BreadcrumbList","@id":"https:\/\/noticiaempauta.com\/portal\/grupo-insolo-apresenta-a-rafael-fonteles-projeto-de-irrigacao-para-triplicar-produtividade-no-cerrado-do-piaui\/#breadcrumb","itemListElement":[{"@type":"ListItem","position":1,"name":"P\u00e1gina Inicial","item":"https:\/\/noticiaempauta.com\/portal\/"},{"@type":"ListItem","position":2,"name":"Destaques","item":"https:\/\/noticiaempauta.com\/portal\/destaques-site\/"},{"@type":"ListItem","position":3,"name":"Grupo Insolo apresenta a Rafael Fonteles projeto de irriga\u00e7\u00e3o para triplicar produtividade no Cerrado do Piau\u00ed"}]},{"@type":"WebSite","@id":"https:\/\/noticiaempauta.com\/portal\/#website","url":"https:\/\/noticiaempauta.com\/portal\/","name":"Portal Not\u00edcia em Pauta","description":"Voc\u00ea bem informado","publisher":{"@id":"https:\/\/noticiaempauta.com\/portal\/#organization"},"potentialAction":[{"@type":"SearchAction","target":{"@type":"EntryPoint","urlTemplate":"https:\/\/noticiaempauta.com\/portal\/?s={search_term_string}"},"query-input":{"@type":"PropertyValueSpecification","valueRequired":true,"valueName":"search_term_string"}}],"inLanguage":"pt-BR"},{"@type":"Organization","@id":"https:\/\/noticiaempauta.com\/portal\/#organization","name":"Portal Not\u00edcia em Pauta","url":"https:\/\/noticiaempauta.com\/portal\/","logo":{"@type":"ImageObject","inLanguage":"pt-BR","@id":"https:\/\/noticiaempauta.com\/portal\/#\/schema\/logo\/image\/","url":"https:\/\/noticiaempauta.com\/portal\/wp-content\/uploads\/2022\/08\/logomarca_tema.fw_.png","contentUrl":"https:\/\/noticiaempauta.com\/portal\/wp-content\/uploads\/2022\/08\/logomarca_tema.fw_.png","width":400,"height":232,"caption":"Portal Not\u00edcia em Pauta"},"image":{"@id":"https:\/\/noticiaempauta.com\/portal\/#\/schema\/logo\/image\/"},"sameAs":["https:\/\/www.facebook.com\/Portal-Notcia-Em-Pauta-102292869264820\/","https:\/\/www.instagram.com\/portalnoticiaempauta\/"]},{"@type":"Person","@id":"https:\/\/noticiaempauta.com\/portal\/#\/schema\/person\/a74af43dd1ab3deca45f988c717d57ac","name":"Reda\u00e7\u00e3o","image":{"@type":"ImageObject","inLanguage":"pt-BR","@id":"https:\/\/noticiaempauta.com\/portal\/#\/schema\/person\/image\/","url":"https:\/\/secure.gravatar.com\/avatar\/03179346ecce6cdfc13361603e8f54242a90e5cde8618fa23c5c00aa2b0aadf3?s=96&d=mm&r=g","contentUrl":"https:\/\/secure.gravatar.com\/avatar\/03179346ecce6cdfc13361603e8f54242a90e5cde8618fa23c5c00aa2b0aadf3?s=96&d=mm&r=g","caption":"Reda\u00e7\u00e3o"},"sameAs":["https:\/\/noticiaempauta.com\/portal\/"],"url":"https:\/\/noticiaempauta.com\/portal\/author\/fernando\/"}]}},"_links":{"self":[{"href":"https:\/\/noticiaempauta.com\/portal\/wp-json\/wp\/v2\/posts\/263315","targetHints":{"allow":["GET"]}}],"collection":[{"href":"https:\/\/noticiaempauta.com\/portal\/wp-json\/wp\/v2\/posts"}],"about":[{"href":"https:\/\/noticiaempauta.com\/portal\/wp-json\/wp\/v2\/types\/post"}],"author":[{"embeddable":true,"href":"https:\/\/noticiaempauta.com\/portal\/wp-json\/wp\/v2\/users\/2"}],"replies":[{"embeddable":true,"href":"https:\/\/noticiaempauta.com\/portal\/wp-json\/wp\/v2\/comments?post=263315"}],"version-history":[{"count":2,"href":"https:\/\/noticiaempauta.com\/portal\/wp-json\/wp\/v2\/posts\/263315\/revisions"}],"predecessor-version":[{"id":263319,"href":"https:\/\/noticiaempauta.com\/portal\/wp-json\/wp\/v2\/posts\/263315\/revisions\/263319"}],"wp:featuredmedia":[{"embeddable":true,"href":"https:\/\/noticiaempauta.com\/portal\/wp-json\/wp\/v2\/media\/263316"}],"wp:attachment":[{"href":"https:\/\/noticiaempauta.com\/portal\/wp-json\/wp\/v2\/media?parent=263315"}],"wp:term":[{"taxonomy":"category","embeddable":true,"href":"https:\/\/noticiaempauta.com\/portal\/wp-json\/wp\/v2\/categories?post=263315"},{"taxonomy":"post_tag","embeddable":true,"href":"https:\/\/noticiaempauta.com\/portal\/wp-json\/wp\/v2\/tags?post=263315"}],"curies":[{"name":"wp","href":"https:\/\/api.w.org\/{rel}","templated":true}]}}