{"id":263320,"date":"2024-10-25T09:19:32","date_gmt":"2024-10-25T12:19:32","guid":{"rendered":"https:\/\/noticiaempauta.com\/portal\/?p=263320"},"modified":"2024-10-25T09:23:09","modified_gmt":"2024-10-25T12:23:09","slug":"camara-municipal-de-santana-do-piaui-realiza-palestra-em-alusao-ao-outubro-rosa","status":"publish","type":"post","link":"https:\/\/noticiaempauta.com\/portal\/camara-municipal-de-santana-do-piaui-realiza-palestra-em-alusao-ao-outubro-rosa\/","title":{"rendered":"C\u00e2mara Municipal de Santana do Piau\u00ed realiza palestra em alus\u00e3o ao Outubro Rosa"},"content":{"rendered":"\n<p>Com grande p\u00fablico feminino presente, a C\u00e2mara Municipal de Santana do Piau\u00ed realizou na noite desta quinta-feira (24), uma palestra sobre o Outubro Rosa, onde teve como palestrante a enfermeira obstetra Emanuela Leal, que falou ao p\u00fablico feminino durante sua apresenta\u00e7\u00e3o.<\/p>\n\n\n\n<figure class=\"wp-block-image size-full\"><img fetchpriority=\"high\" decoding=\"async\" width=\"400\" height=\"267\" src=\"https:\/\/noticiaempauta.com\/portal\/wp-content\/uploads\/2024\/10\/IMG_3407-1.jpg\" alt=\"\" class=\"wp-image-263322\" srcset=\"https:\/\/noticiaempauta.com\/portal\/wp-content\/uploads\/2024\/10\/IMG_3407-1.jpg 400w, https:\/\/noticiaempauta.com\/portal\/wp-content\/uploads\/2024\/10\/IMG_3407-1-300x200.jpg 300w\" sizes=\"(max-width: 400px) 100vw, 400px\" \/><\/figure>\n\n\n\n<figure class=\"wp-block-image size-full\"><img decoding=\"async\" width=\"400\" height=\"267\" src=\"https:\/\/noticiaempauta.com\/portal\/wp-content\/uploads\/2024\/10\/IMG_3408.jpg\" alt=\"\" class=\"wp-image-263329\" srcset=\"https:\/\/noticiaempauta.com\/portal\/wp-content\/uploads\/2024\/10\/IMG_3408.jpg 400w, https:\/\/noticiaempauta.com\/portal\/wp-content\/uploads\/2024\/10\/IMG_3408-300x200.jpg 300w\" sizes=\"(max-width: 400px) 100vw, 400px\" \/><\/figure>\n\n\n\n<p>A palestra sobre o Outubro Rosa foi uma proposta apresentada pela vereadora e presidente da C\u00e2mara, Clarete Rab\u00ealo, e que contou com a participa\u00e7\u00e3o dos vereadores Ant\u00f4nio de Herc\u00edlia, Marcos Vinicio, Francisquinho, enfermeira Layane e v\u00e1rios convidados.<\/p>\n\n\n\n<figure class=\"wp-block-image size-full\"><img decoding=\"async\" width=\"400\" height=\"267\" src=\"https:\/\/noticiaempauta.com\/portal\/wp-content\/uploads\/2024\/10\/IMG_3381.jpg\" alt=\"\" class=\"wp-image-263324\" srcset=\"https:\/\/noticiaempauta.com\/portal\/wp-content\/uploads\/2024\/10\/IMG_3381.jpg 400w, https:\/\/noticiaempauta.com\/portal\/wp-content\/uploads\/2024\/10\/IMG_3381-300x200.jpg 300w\" sizes=\"(max-width: 400px) 100vw, 400px\" \/><\/figure>\n\n\n\n<p>Durante a palestra a enfermeira falou sobre a import\u00e2ncia da preven\u00e7\u00e3o, e tamb\u00e9m do autoexame, uma vez que o c\u00e2ncer de mama \u00e9 o crescimento descontrolado de c\u00e9lulas da mama que adquiriram caracter\u00edsticas anormais (c\u00e9lulas dos lobos, c\u00e9lulas produtoras de leite, ou dos ductos, por onde \u00e9 drenado o leite), anormalidades estas causadas por uma ou mais muta\u00e7\u00f5es no material gen\u00e9tico da c\u00e9lula. A doen\u00e7a ocorre quase que exclusivamente em mulheres, mas os homens tamb\u00e9m podem ter c\u00e2ncer de mama.<\/p>\n\n\n\n<figure class=\"wp-block-image size-full\"><img loading=\"lazy\" decoding=\"async\" width=\"400\" height=\"267\" src=\"https:\/\/noticiaempauta.com\/portal\/wp-content\/uploads\/2024\/10\/IMG_3376.jpg\" alt=\"\" class=\"wp-image-263323\" srcset=\"https:\/\/noticiaempauta.com\/portal\/wp-content\/uploads\/2024\/10\/IMG_3376.jpg 400w, https:\/\/noticiaempauta.com\/portal\/wp-content\/uploads\/2024\/10\/IMG_3376-300x200.jpg 300w\" sizes=\"(max-width: 400px) 100vw, 400px\" \/><\/figure>\n\n\n\n<p>De acordo com a enfermeira Emanuela Leal, uma das formas de identificar um n\u00f3dulo na mama \u00e9 com o toque, pois eles tendem a ser redondos ou ovais e, muitas vezes, s\u00e3o sentidos como protuber\u00e2ncias (parte mais elevada) redondas e m\u00f3veis. Apesar disso, nem todos os cistos s\u00e3o moles; alguns podem ser duros e o tamanho pode variar. J\u00e1 n\u00f3dulos s\u00e3o les\u00f5es s\u00f3lidas, distinguindo-se dos cistos preenchidos com l\u00edquido.<\/p>\n\n\n\n<figure class=\"wp-block-image size-full\"><img fetchpriority=\"high\" decoding=\"async\" width=\"400\" height=\"267\" src=\"https:\/\/noticiaempauta.com\/portal\/wp-content\/uploads\/2024\/10\/IMG_3407-1.jpg\" alt=\"\" class=\"wp-image-263322\" srcset=\"https:\/\/noticiaempauta.com\/portal\/wp-content\/uploads\/2024\/10\/IMG_3407-1.jpg 400w, https:\/\/noticiaempauta.com\/portal\/wp-content\/uploads\/2024\/10\/IMG_3407-1-300x200.jpg 300w\" sizes=\"(max-width: 400px) 100vw, 400px\" \/><\/figure>\n\n\n\n<p><strong>Autoexame:<\/strong><\/p>\n\n\n\n<p>Em p\u00e9: de frente para o espelho, observar o bico dos seios, a superf\u00edcie e o contorno das mamas. Em seguida, levantar os bra\u00e7os e verificar se h\u00e1 alguma altera\u00e7\u00e3o. Deitada: apalpar a mama esquerda com a m\u00e3o direita com movimentos circulares suaves, apertando levemente com a ponta dos dedos.<\/p>\n\n\n\n<figure class=\"wp-block-image size-full\"><img loading=\"lazy\" decoding=\"async\" width=\"400\" height=\"267\" src=\"https:\/\/noticiaempauta.com\/portal\/wp-content\/uploads\/2024\/10\/IMG_3412.jpg\" alt=\"\" class=\"wp-image-263325\" srcset=\"https:\/\/noticiaempauta.com\/portal\/wp-content\/uploads\/2024\/10\/IMG_3412.jpg 400w, https:\/\/noticiaempauta.com\/portal\/wp-content\/uploads\/2024\/10\/IMG_3412-300x200.jpg 300w\" sizes=\"(max-width: 400px) 100vw, 400px\" \/><\/figure>\n\n\n\n<p>A vereadora Clarete Rab\u00ealo agradeceu o apoio dos seus colegas vereadores, agradeceu a palestrante por ter se disponibilizado a falar para as mulheres santanenses com um tema t\u00e3o atual e muito importante, bem como tamb\u00e9m aos parceiros que doaram brindes para serem sorteados logo ap\u00f3s a palestra, e no final, ofereceu um coffee break para todas as pessoas que estiveram presentes.<\/p>\n\n\n\n<figure class=\"wp-block-image size-full\"><img loading=\"lazy\" decoding=\"async\" width=\"400\" height=\"267\" src=\"https:\/\/noticiaempauta.com\/portal\/wp-content\/uploads\/2024\/10\/IMG_3373.jpg\" alt=\"\" class=\"wp-image-263326\" srcset=\"https:\/\/noticiaempauta.com\/portal\/wp-content\/uploads\/2024\/10\/IMG_3373.jpg 400w, https:\/\/noticiaempauta.com\/portal\/wp-content\/uploads\/2024\/10\/IMG_3373-300x200.jpg 300w\" sizes=\"(max-width: 400px) 100vw, 400px\" \/><\/figure>\n\n\n\n<p><strong>Veja mais imagens<\/strong><\/p>\n\n\n\n<figure class=\"wp-block-image size-full\"><img loading=\"lazy\" decoding=\"async\" width=\"400\" height=\"267\" src=\"https:\/\/noticiaempauta.com\/portal\/wp-content\/uploads\/2024\/10\/IMG_3341.jpg\" alt=\"\" class=\"wp-image-263327\" srcset=\"https:\/\/noticiaempauta.com\/portal\/wp-content\/uploads\/2024\/10\/IMG_3341.jpg 400w, https:\/\/noticiaempauta.com\/portal\/wp-content\/uploads\/2024\/10\/IMG_3341-300x200.jpg 300w\" sizes=\"(max-width: 400px) 100vw, 400px\" \/><\/figure>\n\n\n\n<figure class=\"wp-block-image size-full\"><img loading=\"lazy\" decoding=\"async\" width=\"400\" height=\"267\" src=\"https:\/\/noticiaempauta.com\/portal\/wp-content\/uploads\/2024\/10\/IMG_3474.jpg\" alt=\"\" class=\"wp-image-263328\" srcset=\"https:\/\/noticiaempauta.com\/portal\/wp-content\/uploads\/2024\/10\/IMG_3474.jpg 400w, https:\/\/noticiaempauta.com\/portal\/wp-content\/uploads\/2024\/10\/IMG_3474-300x200.jpg 300w\" sizes=\"(max-width: 400px) 100vw, 400px\" \/><\/figure>\n\n\n\n<figure class=\"wp-block-image size-full\"><img loading=\"lazy\" decoding=\"async\" width=\"400\" height=\"267\" src=\"https:\/\/noticiaempauta.com\/portal\/wp-content\/uploads\/2024\/10\/IMG_3400.jpg\" alt=\"\" class=\"wp-image-263330\" srcset=\"https:\/\/noticiaempauta.com\/portal\/wp-content\/uploads\/2024\/10\/IMG_3400.jpg 400w, https:\/\/noticiaempauta.com\/portal\/wp-content\/uploads\/2024\/10\/IMG_3400-300x200.jpg 300w\" sizes=\"(max-width: 400px) 100vw, 400px\" \/><\/figure>\n\n\n\n<figure class=\"wp-block-image size-full\"><img loading=\"lazy\" decoding=\"async\" width=\"400\" height=\"267\" src=\"https:\/\/noticiaempauta.com\/portal\/wp-content\/uploads\/2024\/10\/IMG_3465.jpg\" alt=\"\" class=\"wp-image-263332\" srcset=\"https:\/\/noticiaempauta.com\/portal\/wp-content\/uploads\/2024\/10\/IMG_3465.jpg 400w, https:\/\/noticiaempauta.com\/portal\/wp-content\/uploads\/2024\/10\/IMG_3465-300x200.jpg 300w\" sizes=\"(max-width: 400px) 100vw, 400px\" \/><\/figure>\n\n\n\n<figure class=\"wp-block-image size-full\"><img loading=\"lazy\" decoding=\"async\" width=\"400\" height=\"267\" src=\"https:\/\/noticiaempauta.com\/portal\/wp-content\/uploads\/2024\/10\/IMG_3425.jpg\" alt=\"\" class=\"wp-image-263333\" srcset=\"https:\/\/noticiaempauta.com\/portal\/wp-content\/uploads\/2024\/10\/IMG_3425.jpg 400w, https:\/\/noticiaempauta.com\/portal\/wp-content\/uploads\/2024\/10\/IMG_3425-300x200.jpg 300w\" sizes=\"(max-width: 400px) 100vw, 400px\" \/><\/figure>\n\n\n\n<figure class=\"wp-block-image size-full\"><img loading=\"lazy\" decoding=\"async\" width=\"400\" height=\"267\" src=\"https:\/\/noticiaempauta.com\/portal\/wp-content\/uploads\/2024\/10\/IMG_3466.jpg\" alt=\"\" class=\"wp-image-263334\" srcset=\"https:\/\/noticiaempauta.com\/portal\/wp-content\/uploads\/2024\/10\/IMG_3466.jpg 400w, https:\/\/noticiaempauta.com\/portal\/wp-content\/uploads\/2024\/10\/IMG_3466-300x200.jpg 300w\" sizes=\"(max-width: 400px) 100vw, 400px\" \/><\/figure>\n\n\n\n<figure class=\"wp-block-image size-full\"><img loading=\"lazy\" decoding=\"async\" width=\"400\" height=\"267\" src=\"https:\/\/noticiaempauta.com\/portal\/wp-content\/uploads\/2024\/10\/IMG_3349.jpg\" alt=\"\" class=\"wp-image-263335\" srcset=\"https:\/\/noticiaempauta.com\/portal\/wp-content\/uploads\/2024\/10\/IMG_3349.jpg 400w, https:\/\/noticiaempauta.com\/portal\/wp-content\/uploads\/2024\/10\/IMG_3349-300x200.jpg 300w\" sizes=\"(max-width: 400px) 100vw, 400px\" \/><\/figure>\n\n\n\n<figure class=\"wp-block-image size-full\"><img loading=\"lazy\" decoding=\"async\" width=\"400\" height=\"267\" src=\"https:\/\/noticiaempauta.com\/portal\/wp-content\/uploads\/2024\/10\/IMG_3356.jpg\" alt=\"\" class=\"wp-image-263336\" srcset=\"https:\/\/noticiaempauta.com\/portal\/wp-content\/uploads\/2024\/10\/IMG_3356.jpg 400w, https:\/\/noticiaempauta.com\/portal\/wp-content\/uploads\/2024\/10\/IMG_3356-300x200.jpg 300w\" sizes=\"(max-width: 400px) 100vw, 400px\" \/><\/figure>\n\n\n\n<figure class=\"wp-block-image size-full\"><img loading=\"lazy\" decoding=\"async\" width=\"400\" height=\"267\" src=\"https:\/\/noticiaempauta.com\/portal\/wp-content\/uploads\/2024\/10\/IMG_3398.jpg\" alt=\"\" class=\"wp-image-263337\" srcset=\"https:\/\/noticiaempauta.com\/portal\/wp-content\/uploads\/2024\/10\/IMG_3398.jpg 400w, https:\/\/noticiaempauta.com\/portal\/wp-content\/uploads\/2024\/10\/IMG_3398-300x200.jpg 300w\" sizes=\"(max-width: 400px) 100vw, 400px\" \/><\/figure>\n\n\n\n<figure class=\"wp-block-image size-full\"><img loading=\"lazy\" decoding=\"async\" width=\"400\" height=\"267\" src=\"https:\/\/noticiaempauta.com\/portal\/wp-content\/uploads\/2024\/10\/IMG_3406.jpg\" alt=\"\" class=\"wp-image-263338\" srcset=\"https:\/\/noticiaempauta.com\/portal\/wp-content\/uploads\/2024\/10\/IMG_3406.jpg 400w, https:\/\/noticiaempauta.com\/portal\/wp-content\/uploads\/2024\/10\/IMG_3406-300x200.jpg 300w\" sizes=\"(max-width: 400px) 100vw, 400px\" \/><\/figure>\n\n\n\n<figure class=\"wp-block-image size-full\"><img loading=\"lazy\" decoding=\"async\" width=\"400\" height=\"267\" src=\"https:\/\/noticiaempauta.com\/portal\/wp-content\/uploads\/2024\/10\/IMG_3410.jpg\" alt=\"\" class=\"wp-image-263339\" srcset=\"https:\/\/noticiaempauta.com\/portal\/wp-content\/uploads\/2024\/10\/IMG_3410.jpg 400w, https:\/\/noticiaempauta.com\/portal\/wp-content\/uploads\/2024\/10\/IMG_3410-300x200.jpg 300w\" sizes=\"(max-width: 400px) 100vw, 400px\" \/><\/figure>\n\n\n\n<figure class=\"wp-block-image size-full\"><img loading=\"lazy\" decoding=\"async\" width=\"400\" height=\"267\" src=\"https:\/\/noticiaempauta.com\/portal\/wp-content\/uploads\/2024\/10\/IMG_3413.jpg\" alt=\"\" class=\"wp-image-263340\" srcset=\"https:\/\/noticiaempauta.com\/portal\/wp-content\/uploads\/2024\/10\/IMG_3413.jpg 400w, https:\/\/noticiaempauta.com\/portal\/wp-content\/uploads\/2024\/10\/IMG_3413-300x200.jpg 300w\" sizes=\"(max-width: 400px) 100vw, 400px\" \/><\/figure>\n\n\n\n<figure class=\"wp-block-image size-full\"><img loading=\"lazy\" decoding=\"async\" width=\"400\" height=\"267\" src=\"https:\/\/noticiaempauta.com\/portal\/wp-content\/uploads\/2024\/10\/IMG_3420.jpg\" alt=\"\" class=\"wp-image-263341\" srcset=\"https:\/\/noticiaempauta.com\/portal\/wp-content\/uploads\/2024\/10\/IMG_3420.jpg 400w, https:\/\/noticiaempauta.com\/portal\/wp-content\/uploads\/2024\/10\/IMG_3420-300x200.jpg 300w\" sizes=\"(max-width: 400px) 100vw, 400px\" \/><\/figure>\n\n\n\n<figure class=\"wp-block-image size-full\"><img loading=\"lazy\" decoding=\"async\" width=\"400\" height=\"267\" src=\"https:\/\/noticiaempauta.com\/portal\/wp-content\/uploads\/2024\/10\/IMG_3424.jpg\" alt=\"\" class=\"wp-image-263342\" srcset=\"https:\/\/noticiaempauta.com\/portal\/wp-content\/uploads\/2024\/10\/IMG_3424.jpg 400w, https:\/\/noticiaempauta.com\/portal\/wp-content\/uploads\/2024\/10\/IMG_3424-300x200.jpg 300w\" sizes=\"(max-width: 400px) 100vw, 400px\" \/><\/figure>\n\n\n\n<figure class=\"wp-block-image size-full\"><img loading=\"lazy\" decoding=\"async\" width=\"400\" height=\"267\" src=\"https:\/\/noticiaempauta.com\/portal\/wp-content\/uploads\/2024\/10\/IMG_3432.jpg\" alt=\"\" class=\"wp-image-263343\" srcset=\"https:\/\/noticiaempauta.com\/portal\/wp-content\/uploads\/2024\/10\/IMG_3432.jpg 400w, https:\/\/noticiaempauta.com\/portal\/wp-content\/uploads\/2024\/10\/IMG_3432-300x200.jpg 300w\" sizes=\"(max-width: 400px) 100vw, 400px\" \/><\/figure>\n\n\n\n<figure class=\"wp-block-image size-full\"><img loading=\"lazy\" decoding=\"async\" width=\"400\" height=\"267\" src=\"https:\/\/noticiaempauta.com\/portal\/wp-content\/uploads\/2024\/10\/IMG_3436.jpg\" alt=\"\" class=\"wp-image-263344\" srcset=\"https:\/\/noticiaempauta.com\/portal\/wp-content\/uploads\/2024\/10\/IMG_3436.jpg 400w, https:\/\/noticiaempauta.com\/portal\/wp-content\/uploads\/2024\/10\/IMG_3436-300x200.jpg 300w\" sizes=\"(max-width: 400px) 100vw, 400px\" \/><\/figure>\n\n\n\n<figure class=\"wp-block-image size-full\"><img loading=\"lazy\" decoding=\"async\" width=\"400\" height=\"267\" src=\"https:\/\/noticiaempauta.com\/portal\/wp-content\/uploads\/2024\/10\/IMG_3452.jpg\" alt=\"\" class=\"wp-image-263345\" srcset=\"https:\/\/noticiaempauta.com\/portal\/wp-content\/uploads\/2024\/10\/IMG_3452.jpg 400w, https:\/\/noticiaempauta.com\/portal\/wp-content\/uploads\/2024\/10\/IMG_3452-300x200.jpg 300w\" sizes=\"(max-width: 400px) 100vw, 400px\" \/><\/figure>\n\n\n\n<figure class=\"wp-block-image size-full\"><img loading=\"lazy\" decoding=\"async\" width=\"400\" height=\"267\" src=\"https:\/\/noticiaempauta.com\/portal\/wp-content\/uploads\/2024\/10\/IMG_3453.jpg\" alt=\"\" class=\"wp-image-263346\" srcset=\"https:\/\/noticiaempauta.com\/portal\/wp-content\/uploads\/2024\/10\/IMG_3453.jpg 400w, https:\/\/noticiaempauta.com\/portal\/wp-content\/uploads\/2024\/10\/IMG_3453-300x200.jpg 300w\" sizes=\"(max-width: 400px) 100vw, 400px\" \/><\/figure>\n\n\n\n<figure class=\"wp-block-image size-full\"><img loading=\"lazy\" decoding=\"async\" width=\"400\" height=\"267\" src=\"https:\/\/noticiaempauta.com\/portal\/wp-content\/uploads\/2024\/10\/IMG_3455.jpg\" alt=\"\" class=\"wp-image-263347\" srcset=\"https:\/\/noticiaempauta.com\/portal\/wp-content\/uploads\/2024\/10\/IMG_3455.jpg 400w, https:\/\/noticiaempauta.com\/portal\/wp-content\/uploads\/2024\/10\/IMG_3455-300x200.jpg 300w\" sizes=\"(max-width: 400px) 100vw, 400px\" \/><\/figure>\n\n\n\n<figure class=\"wp-block-image size-full\"><img loading=\"lazy\" decoding=\"async\" width=\"400\" height=\"267\" src=\"https:\/\/noticiaempauta.com\/portal\/wp-content\/uploads\/2024\/10\/IMG_3463.jpg\" alt=\"\" class=\"wp-image-263348\" srcset=\"https:\/\/noticiaempauta.com\/portal\/wp-content\/uploads\/2024\/10\/IMG_3463.jpg 400w, https:\/\/noticiaempauta.com\/portal\/wp-content\/uploads\/2024\/10\/IMG_3463-300x200.jpg 300w\" sizes=\"(max-width: 400px) 100vw, 400px\" \/><\/figure>\n\n\n\n<p>Fonte e Fotos: Portal AgoraED<\/p>\n","protected":false},"excerpt":{"rendered":"<p>Com grande p\u00fablico feminino presente, a C\u00e2mara Municipal de Santana do Piau\u00ed realizou na noite desta quinta-feira (24), uma palestra sobre o Outubro Rosa, onde teve como palestrante a enfermeira obstetra Emanuela Leal, que falou ao p\u00fablico feminino durante sua apresenta\u00e7\u00e3o. A palestra sobre o Outubro Rosa foi uma proposta apresentada pela vereadora e presidente [&hellip;]<\/p>\n","protected":false},"author":2,"featured_media":263321,"comment_status":"open","ping_status":"open","sticky":false,"template":"","format":"standard","meta":{"_mi_skip_tracking":false,"footnotes":""},"categories":[1,9,16],"tags":[],"class_list":["post-263320","post","type-post","status-publish","format-standard","has-post-thumbnail","hentry","category-geral","category-municipios","category-todas"],"acf":[],"yoast_head":"<!-- This site is optimized with the Yoast SEO Premium plugin v19.2 (Yoast SEO v26.9) - https:\/\/yoast.com\/product\/yoast-seo-premium-wordpress\/ -->\n<title>C\u00e2mara Municipal de Santana do Piau\u00ed realiza palestra em alus\u00e3o ao Outubro Rosa - Portal Not\u00edcia em Pauta<\/title>\n<meta name=\"robots\" content=\"index, follow, max-snippet:-1, max-image-preview:large, max-video-preview:-1\" \/>\n<link rel=\"canonical\" href=\"https:\/\/noticiaempauta.com\/portal\/camara-municipal-de-santana-do-piaui-realiza-palestra-em-alusao-ao-outubro-rosa\/\" \/>\n<meta property=\"og:locale\" content=\"pt_BR\" \/>\n<meta property=\"og:type\" content=\"article\" \/>\n<meta property=\"og:title\" content=\"C\u00e2mara Municipal de Santana do Piau\u00ed realiza palestra em alus\u00e3o ao Outubro Rosa\" \/>\n<meta property=\"og:description\" content=\"Com grande p\u00fablico feminino presente, a C\u00e2mara Municipal de Santana do Piau\u00ed realizou na noite desta quinta-feira (24), uma palestra sobre o Outubro Rosa, onde teve como palestrante a enfermeira obstetra Emanuela Leal, que falou ao p\u00fablico feminino durante sua apresenta\u00e7\u00e3o. A palestra sobre o Outubro Rosa foi uma proposta apresentada pela vereadora e presidente [&hellip;]\" \/>\n<meta property=\"og:url\" content=\"https:\/\/noticiaempauta.com\/portal\/camara-municipal-de-santana-do-piaui-realiza-palestra-em-alusao-ao-outubro-rosa\/\" \/>\n<meta property=\"og:site_name\" content=\"Portal Not\u00edcia em Pauta\" \/>\n<meta property=\"article:publisher\" content=\"https:\/\/www.facebook.com\/Portal-Notcia-Em-Pauta-102292869264820\/\" \/>\n<meta property=\"article:published_time\" content=\"2024-10-25T12:19:32+00:00\" \/>\n<meta property=\"article:modified_time\" content=\"2024-10-25T12:23:09+00:00\" \/>\n<meta property=\"og:image\" content=\"https:\/\/noticiaempauta.com\/portal\/wp-content\/uploads\/2024\/10\/IMG_3384-1.jpg\" \/>\n\t<meta property=\"og:image:width\" content=\"400\" \/>\n\t<meta property=\"og:image:height\" content=\"267\" \/>\n\t<meta property=\"og:image:type\" content=\"image\/jpeg\" \/>\n<meta name=\"author\" content=\"Reda\u00e7\u00e3o\" \/>\n<meta name=\"twitter:card\" content=\"summary_large_image\" \/>\n<meta name=\"twitter:label1\" content=\"Escrito por\" \/>\n\t<meta name=\"twitter:data1\" content=\"Reda\u00e7\u00e3o\" \/>\n\t<meta name=\"twitter:label2\" content=\"Est. tempo de leitura\" \/>\n\t<meta name=\"twitter:data2\" content=\"8 minutos\" \/>\n<script type=\"application\/ld+json\" class=\"yoast-schema-graph\">{\"@context\":\"https:\/\/schema.org\",\"@graph\":[{\"@type\":\"Article\",\"@id\":\"https:\/\/noticiaempauta.com\/portal\/camara-municipal-de-santana-do-piaui-realiza-palestra-em-alusao-ao-outubro-rosa\/#article\",\"isPartOf\":{\"@id\":\"https:\/\/noticiaempauta.com\/portal\/camara-municipal-de-santana-do-piaui-realiza-palestra-em-alusao-ao-outubro-rosa\/\"},\"author\":{\"name\":\"Reda\u00e7\u00e3o\",\"@id\":\"https:\/\/noticiaempauta.com\/portal\/#\/schema\/person\/a74af43dd1ab3deca45f988c717d57ac\"},\"headline\":\"C\u00e2mara Municipal de Santana do Piau\u00ed realiza palestra em alus\u00e3o ao Outubro Rosa\",\"datePublished\":\"2024-10-25T12:19:32+00:00\",\"dateModified\":\"2024-10-25T12:23:09+00:00\",\"mainEntityOfPage\":{\"@id\":\"https:\/\/noticiaempauta.com\/portal\/camara-municipal-de-santana-do-piaui-realiza-palestra-em-alusao-ao-outubro-rosa\/\"},\"wordCount\":400,\"commentCount\":0,\"publisher\":{\"@id\":\"https:\/\/noticiaempauta.com\/portal\/#organization\"},\"image\":{\"@id\":\"https:\/\/noticiaempauta.com\/portal\/camara-municipal-de-santana-do-piaui-realiza-palestra-em-alusao-ao-outubro-rosa\/#primaryimage\"},\"thumbnailUrl\":\"https:\/\/noticiaempauta.com\/portal\/wp-content\/uploads\/2024\/10\/IMG_3384-1.jpg\",\"articleSection\":[\"Geral\",\"Munic\u00edpios\",\"Todas as Not\u00edcias\"],\"inLanguage\":\"pt-BR\",\"potentialAction\":[{\"@type\":\"CommentAction\",\"name\":\"Comment\",\"target\":[\"https:\/\/noticiaempauta.com\/portal\/camara-municipal-de-santana-do-piaui-realiza-palestra-em-alusao-ao-outubro-rosa\/#respond\"]}]},{\"@type\":\"WebPage\",\"@id\":\"https:\/\/noticiaempauta.com\/portal\/camara-municipal-de-santana-do-piaui-realiza-palestra-em-alusao-ao-outubro-rosa\/\",\"url\":\"https:\/\/noticiaempauta.com\/portal\/camara-municipal-de-santana-do-piaui-realiza-palestra-em-alusao-ao-outubro-rosa\/\",\"name\":\"C\u00e2mara Municipal de Santana do Piau\u00ed realiza palestra em alus\u00e3o ao Outubro Rosa - Portal Not\u00edcia em Pauta\",\"isPartOf\":{\"@id\":\"https:\/\/noticiaempauta.com\/portal\/#website\"},\"primaryImageOfPage\":{\"@id\":\"https:\/\/noticiaempauta.com\/portal\/camara-municipal-de-santana-do-piaui-realiza-palestra-em-alusao-ao-outubro-rosa\/#primaryimage\"},\"image\":{\"@id\":\"https:\/\/noticiaempauta.com\/portal\/camara-municipal-de-santana-do-piaui-realiza-palestra-em-alusao-ao-outubro-rosa\/#primaryimage\"},\"thumbnailUrl\":\"https:\/\/noticiaempauta.com\/portal\/wp-content\/uploads\/2024\/10\/IMG_3384-1.jpg\",\"datePublished\":\"2024-10-25T12:19:32+00:00\",\"dateModified\":\"2024-10-25T12:23:09+00:00\",\"breadcrumb\":{\"@id\":\"https:\/\/noticiaempauta.com\/portal\/camara-municipal-de-santana-do-piaui-realiza-palestra-em-alusao-ao-outubro-rosa\/#breadcrumb\"},\"inLanguage\":\"pt-BR\",\"potentialAction\":[{\"@type\":\"ReadAction\",\"target\":[\"https:\/\/noticiaempauta.com\/portal\/camara-municipal-de-santana-do-piaui-realiza-palestra-em-alusao-ao-outubro-rosa\/\"]}]},{\"@type\":\"ImageObject\",\"inLanguage\":\"pt-BR\",\"@id\":\"https:\/\/noticiaempauta.com\/portal\/camara-municipal-de-santana-do-piaui-realiza-palestra-em-alusao-ao-outubro-rosa\/#primaryimage\",\"url\":\"https:\/\/noticiaempauta.com\/portal\/wp-content\/uploads\/2024\/10\/IMG_3384-1.jpg\",\"contentUrl\":\"https:\/\/noticiaempauta.com\/portal\/wp-content\/uploads\/2024\/10\/IMG_3384-1.jpg\",\"width\":400,\"height\":267},{\"@type\":\"BreadcrumbList\",\"@id\":\"https:\/\/noticiaempauta.com\/portal\/camara-municipal-de-santana-do-piaui-realiza-palestra-em-alusao-ao-outubro-rosa\/#breadcrumb\",\"itemListElement\":[{\"@type\":\"ListItem\",\"position\":1,\"name\":\"P\u00e1gina Inicial\",\"item\":\"https:\/\/noticiaempauta.com\/portal\/\"},{\"@type\":\"ListItem\",\"position\":2,\"name\":\"Geral\",\"item\":\"https:\/\/noticiaempauta.com\/portal\/geral\/\"},{\"@type\":\"ListItem\",\"position\":3,\"name\":\"C\u00e2mara Municipal de Santana do Piau\u00ed realiza palestra em alus\u00e3o ao Outubro Rosa\"}]},{\"@type\":\"WebSite\",\"@id\":\"https:\/\/noticiaempauta.com\/portal\/#website\",\"url\":\"https:\/\/noticiaempauta.com\/portal\/\",\"name\":\"Portal Not\u00edcia em Pauta\",\"description\":\"Voc\u00ea bem informado\",\"publisher\":{\"@id\":\"https:\/\/noticiaempauta.com\/portal\/#organization\"},\"potentialAction\":[{\"@type\":\"SearchAction\",\"target\":{\"@type\":\"EntryPoint\",\"urlTemplate\":\"https:\/\/noticiaempauta.com\/portal\/?s={search_term_string}\"},\"query-input\":{\"@type\":\"PropertyValueSpecification\",\"valueRequired\":true,\"valueName\":\"search_term_string\"}}],\"inLanguage\":\"pt-BR\"},{\"@type\":\"Organization\",\"@id\":\"https:\/\/noticiaempauta.com\/portal\/#organization\",\"name\":\"Portal Not\u00edcia em Pauta\",\"url\":\"https:\/\/noticiaempauta.com\/portal\/\",\"logo\":{\"@type\":\"ImageObject\",\"inLanguage\":\"pt-BR\",\"@id\":\"https:\/\/noticiaempauta.com\/portal\/#\/schema\/logo\/image\/\",\"url\":\"https:\/\/noticiaempauta.com\/portal\/wp-content\/uploads\/2022\/08\/logomarca_tema.fw_.png\",\"contentUrl\":\"https:\/\/noticiaempauta.com\/portal\/wp-content\/uploads\/2022\/08\/logomarca_tema.fw_.png\",\"width\":400,\"height\":232,\"caption\":\"Portal Not\u00edcia em Pauta\"},\"image\":{\"@id\":\"https:\/\/noticiaempauta.com\/portal\/#\/schema\/logo\/image\/\"},\"sameAs\":[\"https:\/\/www.facebook.com\/Portal-Notcia-Em-Pauta-102292869264820\/\",\"https:\/\/www.instagram.com\/portalnoticiaempauta\/\"]},{\"@type\":\"Person\",\"@id\":\"https:\/\/noticiaempauta.com\/portal\/#\/schema\/person\/a74af43dd1ab3deca45f988c717d57ac\",\"name\":\"Reda\u00e7\u00e3o\",\"image\":{\"@type\":\"ImageObject\",\"inLanguage\":\"pt-BR\",\"@id\":\"https:\/\/noticiaempauta.com\/portal\/#\/schema\/person\/image\/\",\"url\":\"https:\/\/secure.gravatar.com\/avatar\/03179346ecce6cdfc13361603e8f54242a90e5cde8618fa23c5c00aa2b0aadf3?s=96&d=mm&r=g\",\"contentUrl\":\"https:\/\/secure.gravatar.com\/avatar\/03179346ecce6cdfc13361603e8f54242a90e5cde8618fa23c5c00aa2b0aadf3?s=96&d=mm&r=g\",\"caption\":\"Reda\u00e7\u00e3o\"},\"sameAs\":[\"https:\/\/noticiaempauta.com\/portal\/\"],\"url\":\"https:\/\/noticiaempauta.com\/portal\/author\/fernando\/\"}]}<\/script>\n<!-- \/ Yoast SEO Premium plugin. -->","yoast_head_json":{"title":"C\u00e2mara Municipal de Santana do Piau\u00ed realiza palestra em alus\u00e3o ao Outubro Rosa - Portal Not\u00edcia em Pauta","robots":{"index":"index","follow":"follow","max-snippet":"max-snippet:-1","max-image-preview":"max-image-preview:large","max-video-preview":"max-video-preview:-1"},"canonical":"https:\/\/noticiaempauta.com\/portal\/camara-municipal-de-santana-do-piaui-realiza-palestra-em-alusao-ao-outubro-rosa\/","og_locale":"pt_BR","og_type":"article","og_title":"C\u00e2mara Municipal de Santana do Piau\u00ed realiza palestra em alus\u00e3o ao Outubro Rosa","og_description":"Com grande p\u00fablico feminino presente, a C\u00e2mara Municipal de Santana do Piau\u00ed realizou na noite desta quinta-feira (24), uma palestra sobre o Outubro Rosa, onde teve como palestrante a enfermeira obstetra Emanuela Leal, que falou ao p\u00fablico feminino durante sua apresenta\u00e7\u00e3o. A palestra sobre o Outubro Rosa foi uma proposta apresentada pela vereadora e presidente [&hellip;]","og_url":"https:\/\/noticiaempauta.com\/portal\/camara-municipal-de-santana-do-piaui-realiza-palestra-em-alusao-ao-outubro-rosa\/","og_site_name":"Portal Not\u00edcia em Pauta","article_publisher":"https:\/\/www.facebook.com\/Portal-Notcia-Em-Pauta-102292869264820\/","article_published_time":"2024-10-25T12:19:32+00:00","article_modified_time":"2024-10-25T12:23:09+00:00","og_image":[{"width":400,"height":267,"url":"https:\/\/noticiaempauta.com\/portal\/wp-content\/uploads\/2024\/10\/IMG_3384-1.jpg","type":"image\/jpeg"}],"author":"Reda\u00e7\u00e3o","twitter_card":"summary_large_image","twitter_misc":{"Escrito por":"Reda\u00e7\u00e3o","Est. tempo de leitura":"8 minutos"},"schema":{"@context":"https:\/\/schema.org","@graph":[{"@type":"Article","@id":"https:\/\/noticiaempauta.com\/portal\/camara-municipal-de-santana-do-piaui-realiza-palestra-em-alusao-ao-outubro-rosa\/#article","isPartOf":{"@id":"https:\/\/noticiaempauta.com\/portal\/camara-municipal-de-santana-do-piaui-realiza-palestra-em-alusao-ao-outubro-rosa\/"},"author":{"name":"Reda\u00e7\u00e3o","@id":"https:\/\/noticiaempauta.com\/portal\/#\/schema\/person\/a74af43dd1ab3deca45f988c717d57ac"},"headline":"C\u00e2mara Municipal de Santana do Piau\u00ed realiza palestra em alus\u00e3o ao Outubro Rosa","datePublished":"2024-10-25T12:19:32+00:00","dateModified":"2024-10-25T12:23:09+00:00","mainEntityOfPage":{"@id":"https:\/\/noticiaempauta.com\/portal\/camara-municipal-de-santana-do-piaui-realiza-palestra-em-alusao-ao-outubro-rosa\/"},"wordCount":400,"commentCount":0,"publisher":{"@id":"https:\/\/noticiaempauta.com\/portal\/#organization"},"image":{"@id":"https:\/\/noticiaempauta.com\/portal\/camara-municipal-de-santana-do-piaui-realiza-palestra-em-alusao-ao-outubro-rosa\/#primaryimage"},"thumbnailUrl":"https:\/\/noticiaempauta.com\/portal\/wp-content\/uploads\/2024\/10\/IMG_3384-1.jpg","articleSection":["Geral","Munic\u00edpios","Todas as Not\u00edcias"],"inLanguage":"pt-BR","potentialAction":[{"@type":"CommentAction","name":"Comment","target":["https:\/\/noticiaempauta.com\/portal\/camara-municipal-de-santana-do-piaui-realiza-palestra-em-alusao-ao-outubro-rosa\/#respond"]}]},{"@type":"WebPage","@id":"https:\/\/noticiaempauta.com\/portal\/camara-municipal-de-santana-do-piaui-realiza-palestra-em-alusao-ao-outubro-rosa\/","url":"https:\/\/noticiaempauta.com\/portal\/camara-municipal-de-santana-do-piaui-realiza-palestra-em-alusao-ao-outubro-rosa\/","name":"C\u00e2mara Municipal de Santana do Piau\u00ed realiza palestra em alus\u00e3o ao Outubro Rosa - Portal Not\u00edcia em Pauta","isPartOf":{"@id":"https:\/\/noticiaempauta.com\/portal\/#website"},"primaryImageOfPage":{"@id":"https:\/\/noticiaempauta.com\/portal\/camara-municipal-de-santana-do-piaui-realiza-palestra-em-alusao-ao-outubro-rosa\/#primaryimage"},"image":{"@id":"https:\/\/noticiaempauta.com\/portal\/camara-municipal-de-santana-do-piaui-realiza-palestra-em-alusao-ao-outubro-rosa\/#primaryimage"},"thumbnailUrl":"https:\/\/noticiaempauta.com\/portal\/wp-content\/uploads\/2024\/10\/IMG_3384-1.jpg","datePublished":"2024-10-25T12:19:32+00:00","dateModified":"2024-10-25T12:23:09+00:00","breadcrumb":{"@id":"https:\/\/noticiaempauta.com\/portal\/camara-municipal-de-santana-do-piaui-realiza-palestra-em-alusao-ao-outubro-rosa\/#breadcrumb"},"inLanguage":"pt-BR","potentialAction":[{"@type":"ReadAction","target":["https:\/\/noticiaempauta.com\/portal\/camara-municipal-de-santana-do-piaui-realiza-palestra-em-alusao-ao-outubro-rosa\/"]}]},{"@type":"ImageObject","inLanguage":"pt-BR","@id":"https:\/\/noticiaempauta.com\/portal\/camara-municipal-de-santana-do-piaui-realiza-palestra-em-alusao-ao-outubro-rosa\/#primaryimage","url":"https:\/\/noticiaempauta.com\/portal\/wp-content\/uploads\/2024\/10\/IMG_3384-1.jpg","contentUrl":"https:\/\/noticiaempauta.com\/portal\/wp-content\/uploads\/2024\/10\/IMG_3384-1.jpg","width":400,"height":267},{"@type":"BreadcrumbList","@id":"https:\/\/noticiaempauta.com\/portal\/camara-municipal-de-santana-do-piaui-realiza-palestra-em-alusao-ao-outubro-rosa\/#breadcrumb","itemListElement":[{"@type":"ListItem","position":1,"name":"P\u00e1gina Inicial","item":"https:\/\/noticiaempauta.com\/portal\/"},{"@type":"ListItem","position":2,"name":"Geral","item":"https:\/\/noticiaempauta.com\/portal\/geral\/"},{"@type":"ListItem","position":3,"name":"C\u00e2mara Municipal de Santana do Piau\u00ed realiza palestra em alus\u00e3o ao Outubro Rosa"}]},{"@type":"WebSite","@id":"https:\/\/noticiaempauta.com\/portal\/#website","url":"https:\/\/noticiaempauta.com\/portal\/","name":"Portal Not\u00edcia em Pauta","description":"Voc\u00ea bem informado","publisher":{"@id":"https:\/\/noticiaempauta.com\/portal\/#organization"},"potentialAction":[{"@type":"SearchAction","target":{"@type":"EntryPoint","urlTemplate":"https:\/\/noticiaempauta.com\/portal\/?s={search_term_string}"},"query-input":{"@type":"PropertyValueSpecification","valueRequired":true,"valueName":"search_term_string"}}],"inLanguage":"pt-BR"},{"@type":"Organization","@id":"https:\/\/noticiaempauta.com\/portal\/#organization","name":"Portal Not\u00edcia em Pauta","url":"https:\/\/noticiaempauta.com\/portal\/","logo":{"@type":"ImageObject","inLanguage":"pt-BR","@id":"https:\/\/noticiaempauta.com\/portal\/#\/schema\/logo\/image\/","url":"https:\/\/noticiaempauta.com\/portal\/wp-content\/uploads\/2022\/08\/logomarca_tema.fw_.png","contentUrl":"https:\/\/noticiaempauta.com\/portal\/wp-content\/uploads\/2022\/08\/logomarca_tema.fw_.png","width":400,"height":232,"caption":"Portal Not\u00edcia em Pauta"},"image":{"@id":"https:\/\/noticiaempauta.com\/portal\/#\/schema\/logo\/image\/"},"sameAs":["https:\/\/www.facebook.com\/Portal-Notcia-Em-Pauta-102292869264820\/","https:\/\/www.instagram.com\/portalnoticiaempauta\/"]},{"@type":"Person","@id":"https:\/\/noticiaempauta.com\/portal\/#\/schema\/person\/a74af43dd1ab3deca45f988c717d57ac","name":"Reda\u00e7\u00e3o","image":{"@type":"ImageObject","inLanguage":"pt-BR","@id":"https:\/\/noticiaempauta.com\/portal\/#\/schema\/person\/image\/","url":"https:\/\/secure.gravatar.com\/avatar\/03179346ecce6cdfc13361603e8f54242a90e5cde8618fa23c5c00aa2b0aadf3?s=96&d=mm&r=g","contentUrl":"https:\/\/secure.gravatar.com\/avatar\/03179346ecce6cdfc13361603e8f54242a90e5cde8618fa23c5c00aa2b0aadf3?s=96&d=mm&r=g","caption":"Reda\u00e7\u00e3o"},"sameAs":["https:\/\/noticiaempauta.com\/portal\/"],"url":"https:\/\/noticiaempauta.com\/portal\/author\/fernando\/"}]}},"_links":{"self":[{"href":"https:\/\/noticiaempauta.com\/portal\/wp-json\/wp\/v2\/posts\/263320","targetHints":{"allow":["GET"]}}],"collection":[{"href":"https:\/\/noticiaempauta.com\/portal\/wp-json\/wp\/v2\/posts"}],"about":[{"href":"https:\/\/noticiaempauta.com\/portal\/wp-json\/wp\/v2\/types\/post"}],"author":[{"embeddable":true,"href":"https:\/\/noticiaempauta.com\/portal\/wp-json\/wp\/v2\/users\/2"}],"replies":[{"embeddable":true,"href":"https:\/\/noticiaempauta.com\/portal\/wp-json\/wp\/v2\/comments?post=263320"}],"version-history":[{"count":2,"href":"https:\/\/noticiaempauta.com\/portal\/wp-json\/wp\/v2\/posts\/263320\/revisions"}],"predecessor-version":[{"id":263350,"href":"https:\/\/noticiaempauta.com\/portal\/wp-json\/wp\/v2\/posts\/263320\/revisions\/263350"}],"wp:featuredmedia":[{"embeddable":true,"href":"https:\/\/noticiaempauta.com\/portal\/wp-json\/wp\/v2\/media\/263321"}],"wp:attachment":[{"href":"https:\/\/noticiaempauta.com\/portal\/wp-json\/wp\/v2\/media?parent=263320"}],"wp:term":[{"taxonomy":"category","embeddable":true,"href":"https:\/\/noticiaempauta.com\/portal\/wp-json\/wp\/v2\/categories?post=263320"},{"taxonomy":"post_tag","embeddable":true,"href":"https:\/\/noticiaempauta.com\/portal\/wp-json\/wp\/v2\/tags?post=263320"}],"curies":[{"name":"wp","href":"https:\/\/api.w.org\/{rel}","templated":true}]}}