{"id":263362,"date":"2024-10-25T09:39:45","date_gmt":"2024-10-25T12:39:45","guid":{"rendered":"https:\/\/noticiaempauta.com\/portal\/?p=263362"},"modified":"2024-10-25T09:39:46","modified_gmt":"2024-10-25T12:39:46","slug":"rede-publica-estadual-alcanca-100-de-estudantes-concluintes-do-ensino-medio-inscritos-no-enem-2024","status":"publish","type":"post","link":"https:\/\/noticiaempauta.com\/portal\/rede-publica-estadual-alcanca-100-de-estudantes-concluintes-do-ensino-medio-inscritos-no-enem-2024\/","title":{"rendered":"Rede P\u00fablica Estadual alcan\u00e7a 100% de estudantes concluintes do Ensino M\u00e9dio inscritos no Enem 2024"},"content":{"rendered":"\n<p>A Rede P\u00fablica Estadual de Ensino piauiense alcan\u00e7ou a meta de 100% de estudantes concluintes do Ensino M\u00e9dio inscritos no Enem 2024 &#8211; Exame Nacional do Ensino M\u00e9dio. De acordo com o Minist\u00e9rio da Educa\u00e7\u00e3o (MEC), o Piau\u00ed registrou 35.114 inscri\u00e7\u00f5es de alunos da rede p\u00fablica de ensino (que inclui as redes p\u00fablicas estadual e federal), sendo 31.197 alunos da rede estadual de ensino com inscri\u00e7\u00f5es confirmadas. Os percentuais foram estimados com base no Censo Escolar 2023.<\/p>\n\n\n\n<figure class=\"wp-block-image size-full\"><img fetchpriority=\"high\" decoding=\"async\" width=\"750\" height=\"500\" src=\"https:\/\/noticiaempauta.com\/portal\/wp-content\/uploads\/2024\/10\/medium_image_0c1765838d.png\" alt=\"\" class=\"wp-image-263363\" srcset=\"https:\/\/noticiaempauta.com\/portal\/wp-content\/uploads\/2024\/10\/medium_image_0c1765838d.png 750w, https:\/\/noticiaempauta.com\/portal\/wp-content\/uploads\/2024\/10\/medium_image_0c1765838d-300x200.png 300w\" sizes=\"(max-width: 750px) 100vw, 750px\" \/><\/figure>\n\n\n\n<p>Para alcan\u00e7ar a meta, a Secretaria de Estado da Educa\u00e7\u00e3o (Seduc) realizou, durante todo o per\u00edodo de inscri\u00e7\u00f5es, uma campanha de mobiliza\u00e7\u00e3o intitulada Escola 100% Enem, que teve por objetivo estimular e auxiliar os estudantes no processo de ades\u00e3o ao certame.<\/p>\n\n\n\n<p>Segundo o secret\u00e1rio da Educa\u00e7\u00e3o, Washington Bandeira, a Seduc tamb\u00e9m investiu esfor\u00e7os na realiza\u00e7\u00e3o de atividades preparat\u00f3rias para o Exame atrav\u00e9s do Pr\u00e9-Enem Seduc.<\/p>\n\n\n\n<p>\u201cA prepara\u00e7\u00e3o foi intensa, cheia de a\u00e7\u00f5es in\u00e9ditas, com muito trabalho dos nossos gestores e professores e muita dedica\u00e7\u00e3o e disciplina dos nossos estudantes. Em 2023, tivemos o melhor resultado da hist\u00f3ria da Seduc no Enem\/Sisu e, neste ano, iremos ter resultados ainda melhores\u201d, afirmou Bandeira.<\/p>\n\n\n\n<p><strong>Perfil dos inscritos no Piau\u00ed<\/strong><\/p>\n\n\n\n<p>Ainda de acordo com o MEC, o Piau\u00ed foi respons\u00e1vel por 107.979 inscri\u00e7\u00f5es. Destas, 46.441 s\u00e3o de candidatos que terminaram o Ensino M\u00e9dio, 26.577 s\u00e3o de estudantes do 1\u00ba ou 2\u00ba ano e 799 pessoas que n\u00e3o cursam nem completaram o ensino m\u00e9dio, mas o far\u00e3o como treineiros.<\/p>\n\n\n\n<p>No estado, 70,96% (76.620) dos postulantes s\u00e3o isentos da taxa de inscri\u00e7\u00e3o. As candidatas mulheres s\u00e3o maioria e equivalem a 59,87% (64.645) dos candidatos, enquanto os homens representam 40,13% (43.334).<\/p>\n\n\n\n<p>A aplica\u00e7\u00e3o do Exame Nacional do Ensino M\u00e9dio ser\u00e1 nos dias 3 e 10 de novembro, em cerca de 10 mil locais, distribu\u00eddos por 1.753 munic\u00edpios de todo o Brasil.<\/p>\n\n\n\n<p>O Enem \u00e9 a principal prova de admiss\u00e3o \u00e0 educa\u00e7\u00e3o superior no pa\u00eds e \u00e9 realizado pelo Instituto Nacional de Estudos e Pesquisas Educacionais An\u00edsio Teixeira (INEP), autarquia vinculada ao Minist\u00e9rio da Educa\u00e7\u00e3o do Brasil.<\/p>\n\n\n\n<p>CCOM-PI<\/p>\n","protected":false},"excerpt":{"rendered":"<p>A Rede P\u00fablica Estadual de Ensino piauiense alcan\u00e7ou a meta de 100% de estudantes concluintes do Ensino M\u00e9dio inscritos no Enem 2024 &#8211; Exame Nacional do Ensino M\u00e9dio. De acordo com o Minist\u00e9rio da Educa\u00e7\u00e3o (MEC), o Piau\u00ed registrou 35.114 inscri\u00e7\u00f5es de alunos da rede p\u00fablica de ensino (que inclui as redes p\u00fablicas estadual e [&hellip;]<\/p>\n","protected":false},"author":2,"featured_media":263363,"comment_status":"open","ping_status":"open","sticky":false,"template":"","format":"standard","meta":{"_mi_skip_tracking":false,"footnotes":""},"categories":[25,1,16],"tags":[192],"class_list":["post-263362","post","type-post","status-publish","format-standard","has-post-thumbnail","hentry","category-destaques-site","category-geral","category-todas","tag-destaqueprincipal"],"acf":[],"yoast_head":"<!-- This site is optimized with the Yoast SEO Premium plugin v19.2 (Yoast SEO v26.9) - https:\/\/yoast.com\/product\/yoast-seo-premium-wordpress\/ -->\n<title>Rede P\u00fablica Estadual alcan\u00e7a 100% de estudantes concluintes do Ensino M\u00e9dio inscritos no Enem 2024 - Portal Not\u00edcia em Pauta<\/title>\n<meta name=\"robots\" content=\"index, follow, max-snippet:-1, max-image-preview:large, max-video-preview:-1\" \/>\n<link rel=\"canonical\" href=\"https:\/\/noticiaempauta.com\/portal\/rede-publica-estadual-alcanca-100-de-estudantes-concluintes-do-ensino-medio-inscritos-no-enem-2024\/\" \/>\n<meta property=\"og:locale\" content=\"pt_BR\" \/>\n<meta property=\"og:type\" content=\"article\" \/>\n<meta property=\"og:title\" content=\"Rede P\u00fablica Estadual alcan\u00e7a 100% de estudantes concluintes do Ensino M\u00e9dio inscritos no Enem 2024\" \/>\n<meta property=\"og:description\" content=\"A Rede P\u00fablica Estadual de Ensino piauiense alcan\u00e7ou a meta de 100% de estudantes concluintes do Ensino M\u00e9dio inscritos no Enem 2024 &#8211; Exame Nacional do Ensino M\u00e9dio. De acordo com o Minist\u00e9rio da Educa\u00e7\u00e3o (MEC), o Piau\u00ed registrou 35.114 inscri\u00e7\u00f5es de alunos da rede p\u00fablica de ensino (que inclui as redes p\u00fablicas estadual e [&hellip;]\" \/>\n<meta property=\"og:url\" content=\"https:\/\/noticiaempauta.com\/portal\/rede-publica-estadual-alcanca-100-de-estudantes-concluintes-do-ensino-medio-inscritos-no-enem-2024\/\" \/>\n<meta property=\"og:site_name\" content=\"Portal Not\u00edcia em Pauta\" \/>\n<meta property=\"article:publisher\" content=\"https:\/\/www.facebook.com\/Portal-Notcia-Em-Pauta-102292869264820\/\" \/>\n<meta property=\"article:published_time\" content=\"2024-10-25T12:39:45+00:00\" \/>\n<meta property=\"article:modified_time\" content=\"2024-10-25T12:39:46+00:00\" \/>\n<meta property=\"og:image\" content=\"https:\/\/noticiaempauta.com\/portal\/wp-content\/uploads\/2024\/10\/medium_image_0c1765838d.png\" \/>\n\t<meta property=\"og:image:width\" content=\"750\" \/>\n\t<meta property=\"og:image:height\" content=\"500\" \/>\n\t<meta property=\"og:image:type\" content=\"image\/png\" \/>\n<meta name=\"author\" content=\"Reda\u00e7\u00e3o\" \/>\n<meta name=\"twitter:card\" content=\"summary_large_image\" \/>\n<meta name=\"twitter:label1\" content=\"Escrito por\" \/>\n\t<meta name=\"twitter:data1\" content=\"Reda\u00e7\u00e3o\" \/>\n\t<meta name=\"twitter:label2\" content=\"Est. tempo de leitura\" \/>\n\t<meta name=\"twitter:data2\" content=\"3 minutos\" \/>\n<script type=\"application\/ld+json\" class=\"yoast-schema-graph\">{\"@context\":\"https:\/\/schema.org\",\"@graph\":[{\"@type\":\"Article\",\"@id\":\"https:\/\/noticiaempauta.com\/portal\/rede-publica-estadual-alcanca-100-de-estudantes-concluintes-do-ensino-medio-inscritos-no-enem-2024\/#article\",\"isPartOf\":{\"@id\":\"https:\/\/noticiaempauta.com\/portal\/rede-publica-estadual-alcanca-100-de-estudantes-concluintes-do-ensino-medio-inscritos-no-enem-2024\/\"},\"author\":{\"name\":\"Reda\u00e7\u00e3o\",\"@id\":\"https:\/\/noticiaempauta.com\/portal\/#\/schema\/person\/a74af43dd1ab3deca45f988c717d57ac\"},\"headline\":\"Rede P\u00fablica Estadual alcan\u00e7a 100% de estudantes concluintes do Ensino M\u00e9dio inscritos no Enem 2024\",\"datePublished\":\"2024-10-25T12:39:45+00:00\",\"dateModified\":\"2024-10-25T12:39:46+00:00\",\"mainEntityOfPage\":{\"@id\":\"https:\/\/noticiaempauta.com\/portal\/rede-publica-estadual-alcanca-100-de-estudantes-concluintes-do-ensino-medio-inscritos-no-enem-2024\/\"},\"wordCount\":378,\"commentCount\":0,\"publisher\":{\"@id\":\"https:\/\/noticiaempauta.com\/portal\/#organization\"},\"image\":{\"@id\":\"https:\/\/noticiaempauta.com\/portal\/rede-publica-estadual-alcanca-100-de-estudantes-concluintes-do-ensino-medio-inscritos-no-enem-2024\/#primaryimage\"},\"thumbnailUrl\":\"https:\/\/noticiaempauta.com\/portal\/wp-content\/uploads\/2024\/10\/medium_image_0c1765838d.png\",\"keywords\":[\"destaqueprincipal\"],\"articleSection\":[\"Destaques\",\"Geral\",\"Todas as Not\u00edcias\"],\"inLanguage\":\"pt-BR\",\"potentialAction\":[{\"@type\":\"CommentAction\",\"name\":\"Comment\",\"target\":[\"https:\/\/noticiaempauta.com\/portal\/rede-publica-estadual-alcanca-100-de-estudantes-concluintes-do-ensino-medio-inscritos-no-enem-2024\/#respond\"]}]},{\"@type\":\"WebPage\",\"@id\":\"https:\/\/noticiaempauta.com\/portal\/rede-publica-estadual-alcanca-100-de-estudantes-concluintes-do-ensino-medio-inscritos-no-enem-2024\/\",\"url\":\"https:\/\/noticiaempauta.com\/portal\/rede-publica-estadual-alcanca-100-de-estudantes-concluintes-do-ensino-medio-inscritos-no-enem-2024\/\",\"name\":\"Rede P\u00fablica Estadual alcan\u00e7a 100% de estudantes concluintes do Ensino M\u00e9dio inscritos no Enem 2024 - Portal Not\u00edcia em Pauta\",\"isPartOf\":{\"@id\":\"https:\/\/noticiaempauta.com\/portal\/#website\"},\"primaryImageOfPage\":{\"@id\":\"https:\/\/noticiaempauta.com\/portal\/rede-publica-estadual-alcanca-100-de-estudantes-concluintes-do-ensino-medio-inscritos-no-enem-2024\/#primaryimage\"},\"image\":{\"@id\":\"https:\/\/noticiaempauta.com\/portal\/rede-publica-estadual-alcanca-100-de-estudantes-concluintes-do-ensino-medio-inscritos-no-enem-2024\/#primaryimage\"},\"thumbnailUrl\":\"https:\/\/noticiaempauta.com\/portal\/wp-content\/uploads\/2024\/10\/medium_image_0c1765838d.png\",\"datePublished\":\"2024-10-25T12:39:45+00:00\",\"dateModified\":\"2024-10-25T12:39:46+00:00\",\"breadcrumb\":{\"@id\":\"https:\/\/noticiaempauta.com\/portal\/rede-publica-estadual-alcanca-100-de-estudantes-concluintes-do-ensino-medio-inscritos-no-enem-2024\/#breadcrumb\"},\"inLanguage\":\"pt-BR\",\"potentialAction\":[{\"@type\":\"ReadAction\",\"target\":[\"https:\/\/noticiaempauta.com\/portal\/rede-publica-estadual-alcanca-100-de-estudantes-concluintes-do-ensino-medio-inscritos-no-enem-2024\/\"]}]},{\"@type\":\"ImageObject\",\"inLanguage\":\"pt-BR\",\"@id\":\"https:\/\/noticiaempauta.com\/portal\/rede-publica-estadual-alcanca-100-de-estudantes-concluintes-do-ensino-medio-inscritos-no-enem-2024\/#primaryimage\",\"url\":\"https:\/\/noticiaempauta.com\/portal\/wp-content\/uploads\/2024\/10\/medium_image_0c1765838d.png\",\"contentUrl\":\"https:\/\/noticiaempauta.com\/portal\/wp-content\/uploads\/2024\/10\/medium_image_0c1765838d.png\",\"width\":750,\"height\":500},{\"@type\":\"BreadcrumbList\",\"@id\":\"https:\/\/noticiaempauta.com\/portal\/rede-publica-estadual-alcanca-100-de-estudantes-concluintes-do-ensino-medio-inscritos-no-enem-2024\/#breadcrumb\",\"itemListElement\":[{\"@type\":\"ListItem\",\"position\":1,\"name\":\"P\u00e1gina Inicial\",\"item\":\"https:\/\/noticiaempauta.com\/portal\/\"},{\"@type\":\"ListItem\",\"position\":2,\"name\":\"Destaques\",\"item\":\"https:\/\/noticiaempauta.com\/portal\/destaques-site\/\"},{\"@type\":\"ListItem\",\"position\":3,\"name\":\"Rede P\u00fablica Estadual alcan\u00e7a 100% de estudantes concluintes do Ensino M\u00e9dio inscritos no Enem 2024\"}]},{\"@type\":\"WebSite\",\"@id\":\"https:\/\/noticiaempauta.com\/portal\/#website\",\"url\":\"https:\/\/noticiaempauta.com\/portal\/\",\"name\":\"Portal Not\u00edcia em Pauta\",\"description\":\"Voc\u00ea bem informado\",\"publisher\":{\"@id\":\"https:\/\/noticiaempauta.com\/portal\/#organization\"},\"potentialAction\":[{\"@type\":\"SearchAction\",\"target\":{\"@type\":\"EntryPoint\",\"urlTemplate\":\"https:\/\/noticiaempauta.com\/portal\/?s={search_term_string}\"},\"query-input\":{\"@type\":\"PropertyValueSpecification\",\"valueRequired\":true,\"valueName\":\"search_term_string\"}}],\"inLanguage\":\"pt-BR\"},{\"@type\":\"Organization\",\"@id\":\"https:\/\/noticiaempauta.com\/portal\/#organization\",\"name\":\"Portal Not\u00edcia em Pauta\",\"url\":\"https:\/\/noticiaempauta.com\/portal\/\",\"logo\":{\"@type\":\"ImageObject\",\"inLanguage\":\"pt-BR\",\"@id\":\"https:\/\/noticiaempauta.com\/portal\/#\/schema\/logo\/image\/\",\"url\":\"https:\/\/noticiaempauta.com\/portal\/wp-content\/uploads\/2022\/08\/logomarca_tema.fw_.png\",\"contentUrl\":\"https:\/\/noticiaempauta.com\/portal\/wp-content\/uploads\/2022\/08\/logomarca_tema.fw_.png\",\"width\":400,\"height\":232,\"caption\":\"Portal Not\u00edcia em Pauta\"},\"image\":{\"@id\":\"https:\/\/noticiaempauta.com\/portal\/#\/schema\/logo\/image\/\"},\"sameAs\":[\"https:\/\/www.facebook.com\/Portal-Notcia-Em-Pauta-102292869264820\/\",\"https:\/\/www.instagram.com\/portalnoticiaempauta\/\"]},{\"@type\":\"Person\",\"@id\":\"https:\/\/noticiaempauta.com\/portal\/#\/schema\/person\/a74af43dd1ab3deca45f988c717d57ac\",\"name\":\"Reda\u00e7\u00e3o\",\"image\":{\"@type\":\"ImageObject\",\"inLanguage\":\"pt-BR\",\"@id\":\"https:\/\/noticiaempauta.com\/portal\/#\/schema\/person\/image\/\",\"url\":\"https:\/\/secure.gravatar.com\/avatar\/03179346ecce6cdfc13361603e8f54242a90e5cde8618fa23c5c00aa2b0aadf3?s=96&d=mm&r=g\",\"contentUrl\":\"https:\/\/secure.gravatar.com\/avatar\/03179346ecce6cdfc13361603e8f54242a90e5cde8618fa23c5c00aa2b0aadf3?s=96&d=mm&r=g\",\"caption\":\"Reda\u00e7\u00e3o\"},\"sameAs\":[\"https:\/\/noticiaempauta.com\/portal\/\"],\"url\":\"https:\/\/noticiaempauta.com\/portal\/author\/fernando\/\"}]}<\/script>\n<!-- \/ Yoast SEO Premium plugin. -->","yoast_head_json":{"title":"Rede P\u00fablica Estadual alcan\u00e7a 100% de estudantes concluintes do Ensino M\u00e9dio inscritos no Enem 2024 - Portal Not\u00edcia em Pauta","robots":{"index":"index","follow":"follow","max-snippet":"max-snippet:-1","max-image-preview":"max-image-preview:large","max-video-preview":"max-video-preview:-1"},"canonical":"https:\/\/noticiaempauta.com\/portal\/rede-publica-estadual-alcanca-100-de-estudantes-concluintes-do-ensino-medio-inscritos-no-enem-2024\/","og_locale":"pt_BR","og_type":"article","og_title":"Rede P\u00fablica Estadual alcan\u00e7a 100% de estudantes concluintes do Ensino M\u00e9dio inscritos no Enem 2024","og_description":"A Rede P\u00fablica Estadual de Ensino piauiense alcan\u00e7ou a meta de 100% de estudantes concluintes do Ensino M\u00e9dio inscritos no Enem 2024 &#8211; Exame Nacional do Ensino M\u00e9dio. De acordo com o Minist\u00e9rio da Educa\u00e7\u00e3o (MEC), o Piau\u00ed registrou 35.114 inscri\u00e7\u00f5es de alunos da rede p\u00fablica de ensino (que inclui as redes p\u00fablicas estadual e [&hellip;]","og_url":"https:\/\/noticiaempauta.com\/portal\/rede-publica-estadual-alcanca-100-de-estudantes-concluintes-do-ensino-medio-inscritos-no-enem-2024\/","og_site_name":"Portal Not\u00edcia em Pauta","article_publisher":"https:\/\/www.facebook.com\/Portal-Notcia-Em-Pauta-102292869264820\/","article_published_time":"2024-10-25T12:39:45+00:00","article_modified_time":"2024-10-25T12:39:46+00:00","og_image":[{"width":750,"height":500,"url":"https:\/\/noticiaempauta.com\/portal\/wp-content\/uploads\/2024\/10\/medium_image_0c1765838d.png","type":"image\/png"}],"author":"Reda\u00e7\u00e3o","twitter_card":"summary_large_image","twitter_misc":{"Escrito por":"Reda\u00e7\u00e3o","Est. tempo de leitura":"3 minutos"},"schema":{"@context":"https:\/\/schema.org","@graph":[{"@type":"Article","@id":"https:\/\/noticiaempauta.com\/portal\/rede-publica-estadual-alcanca-100-de-estudantes-concluintes-do-ensino-medio-inscritos-no-enem-2024\/#article","isPartOf":{"@id":"https:\/\/noticiaempauta.com\/portal\/rede-publica-estadual-alcanca-100-de-estudantes-concluintes-do-ensino-medio-inscritos-no-enem-2024\/"},"author":{"name":"Reda\u00e7\u00e3o","@id":"https:\/\/noticiaempauta.com\/portal\/#\/schema\/person\/a74af43dd1ab3deca45f988c717d57ac"},"headline":"Rede P\u00fablica Estadual alcan\u00e7a 100% de estudantes concluintes do Ensino M\u00e9dio inscritos no Enem 2024","datePublished":"2024-10-25T12:39:45+00:00","dateModified":"2024-10-25T12:39:46+00:00","mainEntityOfPage":{"@id":"https:\/\/noticiaempauta.com\/portal\/rede-publica-estadual-alcanca-100-de-estudantes-concluintes-do-ensino-medio-inscritos-no-enem-2024\/"},"wordCount":378,"commentCount":0,"publisher":{"@id":"https:\/\/noticiaempauta.com\/portal\/#organization"},"image":{"@id":"https:\/\/noticiaempauta.com\/portal\/rede-publica-estadual-alcanca-100-de-estudantes-concluintes-do-ensino-medio-inscritos-no-enem-2024\/#primaryimage"},"thumbnailUrl":"https:\/\/noticiaempauta.com\/portal\/wp-content\/uploads\/2024\/10\/medium_image_0c1765838d.png","keywords":["destaqueprincipal"],"articleSection":["Destaques","Geral","Todas as Not\u00edcias"],"inLanguage":"pt-BR","potentialAction":[{"@type":"CommentAction","name":"Comment","target":["https:\/\/noticiaempauta.com\/portal\/rede-publica-estadual-alcanca-100-de-estudantes-concluintes-do-ensino-medio-inscritos-no-enem-2024\/#respond"]}]},{"@type":"WebPage","@id":"https:\/\/noticiaempauta.com\/portal\/rede-publica-estadual-alcanca-100-de-estudantes-concluintes-do-ensino-medio-inscritos-no-enem-2024\/","url":"https:\/\/noticiaempauta.com\/portal\/rede-publica-estadual-alcanca-100-de-estudantes-concluintes-do-ensino-medio-inscritos-no-enem-2024\/","name":"Rede P\u00fablica Estadual alcan\u00e7a 100% de estudantes concluintes do Ensino M\u00e9dio inscritos no Enem 2024 - Portal Not\u00edcia em Pauta","isPartOf":{"@id":"https:\/\/noticiaempauta.com\/portal\/#website"},"primaryImageOfPage":{"@id":"https:\/\/noticiaempauta.com\/portal\/rede-publica-estadual-alcanca-100-de-estudantes-concluintes-do-ensino-medio-inscritos-no-enem-2024\/#primaryimage"},"image":{"@id":"https:\/\/noticiaempauta.com\/portal\/rede-publica-estadual-alcanca-100-de-estudantes-concluintes-do-ensino-medio-inscritos-no-enem-2024\/#primaryimage"},"thumbnailUrl":"https:\/\/noticiaempauta.com\/portal\/wp-content\/uploads\/2024\/10\/medium_image_0c1765838d.png","datePublished":"2024-10-25T12:39:45+00:00","dateModified":"2024-10-25T12:39:46+00:00","breadcrumb":{"@id":"https:\/\/noticiaempauta.com\/portal\/rede-publica-estadual-alcanca-100-de-estudantes-concluintes-do-ensino-medio-inscritos-no-enem-2024\/#breadcrumb"},"inLanguage":"pt-BR","potentialAction":[{"@type":"ReadAction","target":["https:\/\/noticiaempauta.com\/portal\/rede-publica-estadual-alcanca-100-de-estudantes-concluintes-do-ensino-medio-inscritos-no-enem-2024\/"]}]},{"@type":"ImageObject","inLanguage":"pt-BR","@id":"https:\/\/noticiaempauta.com\/portal\/rede-publica-estadual-alcanca-100-de-estudantes-concluintes-do-ensino-medio-inscritos-no-enem-2024\/#primaryimage","url":"https:\/\/noticiaempauta.com\/portal\/wp-content\/uploads\/2024\/10\/medium_image_0c1765838d.png","contentUrl":"https:\/\/noticiaempauta.com\/portal\/wp-content\/uploads\/2024\/10\/medium_image_0c1765838d.png","width":750,"height":500},{"@type":"BreadcrumbList","@id":"https:\/\/noticiaempauta.com\/portal\/rede-publica-estadual-alcanca-100-de-estudantes-concluintes-do-ensino-medio-inscritos-no-enem-2024\/#breadcrumb","itemListElement":[{"@type":"ListItem","position":1,"name":"P\u00e1gina Inicial","item":"https:\/\/noticiaempauta.com\/portal\/"},{"@type":"ListItem","position":2,"name":"Destaques","item":"https:\/\/noticiaempauta.com\/portal\/destaques-site\/"},{"@type":"ListItem","position":3,"name":"Rede P\u00fablica Estadual alcan\u00e7a 100% de estudantes concluintes do Ensino M\u00e9dio inscritos no Enem 2024"}]},{"@type":"WebSite","@id":"https:\/\/noticiaempauta.com\/portal\/#website","url":"https:\/\/noticiaempauta.com\/portal\/","name":"Portal Not\u00edcia em Pauta","description":"Voc\u00ea bem informado","publisher":{"@id":"https:\/\/noticiaempauta.com\/portal\/#organization"},"potentialAction":[{"@type":"SearchAction","target":{"@type":"EntryPoint","urlTemplate":"https:\/\/noticiaempauta.com\/portal\/?s={search_term_string}"},"query-input":{"@type":"PropertyValueSpecification","valueRequired":true,"valueName":"search_term_string"}}],"inLanguage":"pt-BR"},{"@type":"Organization","@id":"https:\/\/noticiaempauta.com\/portal\/#organization","name":"Portal Not\u00edcia em Pauta","url":"https:\/\/noticiaempauta.com\/portal\/","logo":{"@type":"ImageObject","inLanguage":"pt-BR","@id":"https:\/\/noticiaempauta.com\/portal\/#\/schema\/logo\/image\/","url":"https:\/\/noticiaempauta.com\/portal\/wp-content\/uploads\/2022\/08\/logomarca_tema.fw_.png","contentUrl":"https:\/\/noticiaempauta.com\/portal\/wp-content\/uploads\/2022\/08\/logomarca_tema.fw_.png","width":400,"height":232,"caption":"Portal Not\u00edcia em Pauta"},"image":{"@id":"https:\/\/noticiaempauta.com\/portal\/#\/schema\/logo\/image\/"},"sameAs":["https:\/\/www.facebook.com\/Portal-Notcia-Em-Pauta-102292869264820\/","https:\/\/www.instagram.com\/portalnoticiaempauta\/"]},{"@type":"Person","@id":"https:\/\/noticiaempauta.com\/portal\/#\/schema\/person\/a74af43dd1ab3deca45f988c717d57ac","name":"Reda\u00e7\u00e3o","image":{"@type":"ImageObject","inLanguage":"pt-BR","@id":"https:\/\/noticiaempauta.com\/portal\/#\/schema\/person\/image\/","url":"https:\/\/secure.gravatar.com\/avatar\/03179346ecce6cdfc13361603e8f54242a90e5cde8618fa23c5c00aa2b0aadf3?s=96&d=mm&r=g","contentUrl":"https:\/\/secure.gravatar.com\/avatar\/03179346ecce6cdfc13361603e8f54242a90e5cde8618fa23c5c00aa2b0aadf3?s=96&d=mm&r=g","caption":"Reda\u00e7\u00e3o"},"sameAs":["https:\/\/noticiaempauta.com\/portal\/"],"url":"https:\/\/noticiaempauta.com\/portal\/author\/fernando\/"}]}},"_links":{"self":[{"href":"https:\/\/noticiaempauta.com\/portal\/wp-json\/wp\/v2\/posts\/263362","targetHints":{"allow":["GET"]}}],"collection":[{"href":"https:\/\/noticiaempauta.com\/portal\/wp-json\/wp\/v2\/posts"}],"about":[{"href":"https:\/\/noticiaempauta.com\/portal\/wp-json\/wp\/v2\/types\/post"}],"author":[{"embeddable":true,"href":"https:\/\/noticiaempauta.com\/portal\/wp-json\/wp\/v2\/users\/2"}],"replies":[{"embeddable":true,"href":"https:\/\/noticiaempauta.com\/portal\/wp-json\/wp\/v2\/comments?post=263362"}],"version-history":[{"count":2,"href":"https:\/\/noticiaempauta.com\/portal\/wp-json\/wp\/v2\/posts\/263362\/revisions"}],"predecessor-version":[{"id":263365,"href":"https:\/\/noticiaempauta.com\/portal\/wp-json\/wp\/v2\/posts\/263362\/revisions\/263365"}],"wp:featuredmedia":[{"embeddable":true,"href":"https:\/\/noticiaempauta.com\/portal\/wp-json\/wp\/v2\/media\/263363"}],"wp:attachment":[{"href":"https:\/\/noticiaempauta.com\/portal\/wp-json\/wp\/v2\/media?parent=263362"}],"wp:term":[{"taxonomy":"category","embeddable":true,"href":"https:\/\/noticiaempauta.com\/portal\/wp-json\/wp\/v2\/categories?post=263362"},{"taxonomy":"post_tag","embeddable":true,"href":"https:\/\/noticiaempauta.com\/portal\/wp-json\/wp\/v2\/tags?post=263362"}],"curies":[{"name":"wp","href":"https:\/\/api.w.org\/{rel}","templated":true}]}}