{"id":263366,"date":"2024-10-25T09:47:09","date_gmt":"2024-10-25T12:47:09","guid":{"rendered":"https:\/\/noticiaempauta.com\/portal\/?p=263366"},"modified":"2024-10-25T10:37:32","modified_gmt":"2024-10-25T13:37:32","slug":"pablo-santos-e-xandu-neri-serao-diplomados-no-dia-11-de-dezembro","status":"publish","type":"post","link":"https:\/\/noticiaempauta.com\/portal\/pablo-santos-e-xandu-neri-serao-diplomados-no-dia-11-de-dezembro\/","title":{"rendered":"Pablo Santos e Xand\u00fa Neri ser\u00e3o diplomados no dia 11 de dezembro"},"content":{"rendered":"\n<p>A Justi\u00e7a Eleitoral diplomar\u00e1 o prefeito eleito de Picos, Pablo Santos, assim como a vice-prefeita reeleita, Xand\u00fa Neri, e os vereadores.<\/p>\n\n\n\n<figure class=\"wp-block-image size-large\"><img fetchpriority=\"high\" decoding=\"async\" width=\"1024\" height=\"685\" src=\"https:\/\/noticiaempauta.com\/portal\/wp-content\/uploads\/2024\/10\/298ab671-ef67-45c3-a355-d3df4604769f-1536x1027.jpeg-1024x685.webp\" alt=\"\" class=\"wp-image-263367\" srcset=\"https:\/\/noticiaempauta.com\/portal\/wp-content\/uploads\/2024\/10\/298ab671-ef67-45c3-a355-d3df4604769f-1536x1027.jpeg-1024x685.webp 1024w, https:\/\/noticiaempauta.com\/portal\/wp-content\/uploads\/2024\/10\/298ab671-ef67-45c3-a355-d3df4604769f-1536x1027.jpeg-300x201.webp 300w, https:\/\/noticiaempauta.com\/portal\/wp-content\/uploads\/2024\/10\/298ab671-ef67-45c3-a355-d3df4604769f-1536x1027.jpeg-768x514.webp 768w, https:\/\/noticiaempauta.com\/portal\/wp-content\/uploads\/2024\/10\/298ab671-ef67-45c3-a355-d3df4604769f-1536x1027.jpeg.webp 1536w\" sizes=\"(max-width: 1024px) 100vw, 1024px\" \/><figcaption class=\"wp-element-caption\">(Foto: Ascom)<\/figcaption><\/figure>\n\n\n\n<p>A diploma\u00e7\u00e3o \u00e9 o \u00faltimo passo para realiza\u00e7\u00e3o do processo eleitoral e se trata de um rito formal para realiza\u00e7\u00e3o da posse, que acontecer\u00e1 em 01 de janeiro de 2025.<\/p>\n\n\n\n<p>No dia 13 de dezembro, acontecer\u00e1 a diploma\u00e7\u00e3o dos eleitos em Paquet\u00e1 e Aroeitas do Itaim. Os eventos acontecer\u00e3o no audit\u00f3rio do F\u00f3rum da Comarca de Picos.<\/p>\n\n\n\n<p>Na 62\u00aa zona eleitoral tamb\u00e9m foi definida data para realiza\u00e7\u00e3o da diploma\u00e7\u00e3o. No dia 02 de dezembro acontecer\u00e1 a diploma\u00e7\u00e3o dos eleitos em Geminiano. No dia 04 de dezembro ser\u00e3o diplomados os eleitos em Santana do Piau\u00ed, Wall Ferraz e Sussuapara.<\/p>\n\n\n\n<p>fonte: Cidade Verde<\/p>\n","protected":false},"excerpt":{"rendered":"<p>A Justi\u00e7a Eleitoral diplomar\u00e1 o prefeito eleito de Picos, Pablo Santos, assim como a vice-prefeita reeleita, Xand\u00fa Neri, e os vereadores. A diploma\u00e7\u00e3o \u00e9 o \u00faltimo passo para realiza\u00e7\u00e3o do processo eleitoral e se trata de um rito formal para realiza\u00e7\u00e3o da posse, que acontecer\u00e1 em 01 de janeiro de 2025. No dia 13 de [&hellip;]<\/p>\n","protected":false},"author":2,"featured_media":263367,"comment_status":"open","ping_status":"open","sticky":false,"template":"","format":"standard","meta":{"_mi_skip_tracking":false,"footnotes":""},"categories":[25,1,16],"tags":[192],"class_list":["post-263366","post","type-post","status-publish","format-standard","has-post-thumbnail","hentry","category-destaques-site","category-geral","category-todas","tag-destaqueprincipal"],"acf":[],"yoast_head":"<!-- This site is optimized with the Yoast SEO Premium plugin v19.2 (Yoast SEO v26.9) - https:\/\/yoast.com\/product\/yoast-seo-premium-wordpress\/ -->\n<title>Pablo Santos e Xand\u00fa Neri ser\u00e3o diplomados no dia 11 de dezembro - Portal Not\u00edcia em Pauta<\/title>\n<meta name=\"robots\" content=\"index, follow, max-snippet:-1, max-image-preview:large, max-video-preview:-1\" \/>\n<link rel=\"canonical\" href=\"https:\/\/noticiaempauta.com\/portal\/pablo-santos-e-xandu-neri-serao-diplomados-no-dia-11-de-dezembro\/\" \/>\n<meta property=\"og:locale\" content=\"pt_BR\" \/>\n<meta property=\"og:type\" content=\"article\" \/>\n<meta property=\"og:title\" content=\"Pablo Santos e Xand\u00fa Neri ser\u00e3o diplomados no dia 11 de dezembro\" \/>\n<meta property=\"og:description\" content=\"A Justi\u00e7a Eleitoral diplomar\u00e1 o prefeito eleito de Picos, Pablo Santos, assim como a vice-prefeita reeleita, Xand\u00fa Neri, e os vereadores. A diploma\u00e7\u00e3o \u00e9 o \u00faltimo passo para realiza\u00e7\u00e3o do processo eleitoral e se trata de um rito formal para realiza\u00e7\u00e3o da posse, que acontecer\u00e1 em 01 de janeiro de 2025. No dia 13 de [&hellip;]\" \/>\n<meta property=\"og:url\" content=\"https:\/\/noticiaempauta.com\/portal\/pablo-santos-e-xandu-neri-serao-diplomados-no-dia-11-de-dezembro\/\" \/>\n<meta property=\"og:site_name\" content=\"Portal Not\u00edcia em Pauta\" \/>\n<meta property=\"article:publisher\" content=\"https:\/\/www.facebook.com\/Portal-Notcia-Em-Pauta-102292869264820\/\" \/>\n<meta property=\"article:published_time\" content=\"2024-10-25T12:47:09+00:00\" \/>\n<meta property=\"article:modified_time\" content=\"2024-10-25T13:37:32+00:00\" \/>\n<meta property=\"og:image\" content=\"https:\/\/noticiaempauta.com\/portal\/wp-content\/uploads\/2024\/10\/298ab671-ef67-45c3-a355-d3df4604769f-1536x1027.jpeg.webp\" \/>\n\t<meta property=\"og:image:width\" content=\"1536\" \/>\n\t<meta property=\"og:image:height\" content=\"1027\" \/>\n\t<meta property=\"og:image:type\" content=\"image\/webp\" \/>\n<meta name=\"author\" content=\"Reda\u00e7\u00e3o\" \/>\n<meta name=\"twitter:card\" content=\"summary_large_image\" \/>\n<meta name=\"twitter:label1\" content=\"Escrito por\" \/>\n\t<meta name=\"twitter:data1\" content=\"Reda\u00e7\u00e3o\" \/>\n\t<meta name=\"twitter:label2\" content=\"Est. tempo de leitura\" \/>\n\t<meta name=\"twitter:data2\" content=\"2 minutos\" \/>\n<script type=\"application\/ld+json\" class=\"yoast-schema-graph\">{\"@context\":\"https:\/\/schema.org\",\"@graph\":[{\"@type\":\"Article\",\"@id\":\"https:\/\/noticiaempauta.com\/portal\/pablo-santos-e-xandu-neri-serao-diplomados-no-dia-11-de-dezembro\/#article\",\"isPartOf\":{\"@id\":\"https:\/\/noticiaempauta.com\/portal\/pablo-santos-e-xandu-neri-serao-diplomados-no-dia-11-de-dezembro\/\"},\"author\":{\"name\":\"Reda\u00e7\u00e3o\",\"@id\":\"https:\/\/noticiaempauta.com\/portal\/#\/schema\/person\/a74af43dd1ab3deca45f988c717d57ac\"},\"headline\":\"Pablo Santos e Xand\u00fa Neri ser\u00e3o diplomados no dia 11 de dezembro\",\"datePublished\":\"2024-10-25T12:47:09+00:00\",\"dateModified\":\"2024-10-25T13:37:32+00:00\",\"mainEntityOfPage\":{\"@id\":\"https:\/\/noticiaempauta.com\/portal\/pablo-santos-e-xandu-neri-serao-diplomados-no-dia-11-de-dezembro\/\"},\"wordCount\":142,\"commentCount\":0,\"publisher\":{\"@id\":\"https:\/\/noticiaempauta.com\/portal\/#organization\"},\"image\":{\"@id\":\"https:\/\/noticiaempauta.com\/portal\/pablo-santos-e-xandu-neri-serao-diplomados-no-dia-11-de-dezembro\/#primaryimage\"},\"thumbnailUrl\":\"https:\/\/noticiaempauta.com\/portal\/wp-content\/uploads\/2024\/10\/298ab671-ef67-45c3-a355-d3df4604769f-1536x1027.jpeg.webp\",\"keywords\":[\"destaqueprincipal\"],\"articleSection\":[\"Destaques\",\"Geral\",\"Todas as Not\u00edcias\"],\"inLanguage\":\"pt-BR\",\"potentialAction\":[{\"@type\":\"CommentAction\",\"name\":\"Comment\",\"target\":[\"https:\/\/noticiaempauta.com\/portal\/pablo-santos-e-xandu-neri-serao-diplomados-no-dia-11-de-dezembro\/#respond\"]}]},{\"@type\":\"WebPage\",\"@id\":\"https:\/\/noticiaempauta.com\/portal\/pablo-santos-e-xandu-neri-serao-diplomados-no-dia-11-de-dezembro\/\",\"url\":\"https:\/\/noticiaempauta.com\/portal\/pablo-santos-e-xandu-neri-serao-diplomados-no-dia-11-de-dezembro\/\",\"name\":\"Pablo Santos e Xand\u00fa Neri ser\u00e3o diplomados no dia 11 de dezembro - Portal Not\u00edcia em Pauta\",\"isPartOf\":{\"@id\":\"https:\/\/noticiaempauta.com\/portal\/#website\"},\"primaryImageOfPage\":{\"@id\":\"https:\/\/noticiaempauta.com\/portal\/pablo-santos-e-xandu-neri-serao-diplomados-no-dia-11-de-dezembro\/#primaryimage\"},\"image\":{\"@id\":\"https:\/\/noticiaempauta.com\/portal\/pablo-santos-e-xandu-neri-serao-diplomados-no-dia-11-de-dezembro\/#primaryimage\"},\"thumbnailUrl\":\"https:\/\/noticiaempauta.com\/portal\/wp-content\/uploads\/2024\/10\/298ab671-ef67-45c3-a355-d3df4604769f-1536x1027.jpeg.webp\",\"datePublished\":\"2024-10-25T12:47:09+00:00\",\"dateModified\":\"2024-10-25T13:37:32+00:00\",\"breadcrumb\":{\"@id\":\"https:\/\/noticiaempauta.com\/portal\/pablo-santos-e-xandu-neri-serao-diplomados-no-dia-11-de-dezembro\/#breadcrumb\"},\"inLanguage\":\"pt-BR\",\"potentialAction\":[{\"@type\":\"ReadAction\",\"target\":[\"https:\/\/noticiaempauta.com\/portal\/pablo-santos-e-xandu-neri-serao-diplomados-no-dia-11-de-dezembro\/\"]}]},{\"@type\":\"ImageObject\",\"inLanguage\":\"pt-BR\",\"@id\":\"https:\/\/noticiaempauta.com\/portal\/pablo-santos-e-xandu-neri-serao-diplomados-no-dia-11-de-dezembro\/#primaryimage\",\"url\":\"https:\/\/noticiaempauta.com\/portal\/wp-content\/uploads\/2024\/10\/298ab671-ef67-45c3-a355-d3df4604769f-1536x1027.jpeg.webp\",\"contentUrl\":\"https:\/\/noticiaempauta.com\/portal\/wp-content\/uploads\/2024\/10\/298ab671-ef67-45c3-a355-d3df4604769f-1536x1027.jpeg.webp\",\"width\":1536,\"height\":1027,\"caption\":\"(Foto: Ascom)\"},{\"@type\":\"BreadcrumbList\",\"@id\":\"https:\/\/noticiaempauta.com\/portal\/pablo-santos-e-xandu-neri-serao-diplomados-no-dia-11-de-dezembro\/#breadcrumb\",\"itemListElement\":[{\"@type\":\"ListItem\",\"position\":1,\"name\":\"P\u00e1gina Inicial\",\"item\":\"https:\/\/noticiaempauta.com\/portal\/\"},{\"@type\":\"ListItem\",\"position\":2,\"name\":\"Destaques\",\"item\":\"https:\/\/noticiaempauta.com\/portal\/destaques-site\/\"},{\"@type\":\"ListItem\",\"position\":3,\"name\":\"Pablo Santos e Xand\u00fa Neri ser\u00e3o diplomados no dia 11 de dezembro\"}]},{\"@type\":\"WebSite\",\"@id\":\"https:\/\/noticiaempauta.com\/portal\/#website\",\"url\":\"https:\/\/noticiaempauta.com\/portal\/\",\"name\":\"Portal Not\u00edcia em Pauta\",\"description\":\"Voc\u00ea bem informado\",\"publisher\":{\"@id\":\"https:\/\/noticiaempauta.com\/portal\/#organization\"},\"potentialAction\":[{\"@type\":\"SearchAction\",\"target\":{\"@type\":\"EntryPoint\",\"urlTemplate\":\"https:\/\/noticiaempauta.com\/portal\/?s={search_term_string}\"},\"query-input\":{\"@type\":\"PropertyValueSpecification\",\"valueRequired\":true,\"valueName\":\"search_term_string\"}}],\"inLanguage\":\"pt-BR\"},{\"@type\":\"Organization\",\"@id\":\"https:\/\/noticiaempauta.com\/portal\/#organization\",\"name\":\"Portal Not\u00edcia em Pauta\",\"url\":\"https:\/\/noticiaempauta.com\/portal\/\",\"logo\":{\"@type\":\"ImageObject\",\"inLanguage\":\"pt-BR\",\"@id\":\"https:\/\/noticiaempauta.com\/portal\/#\/schema\/logo\/image\/\",\"url\":\"https:\/\/noticiaempauta.com\/portal\/wp-content\/uploads\/2022\/08\/logomarca_tema.fw_.png\",\"contentUrl\":\"https:\/\/noticiaempauta.com\/portal\/wp-content\/uploads\/2022\/08\/logomarca_tema.fw_.png\",\"width\":400,\"height\":232,\"caption\":\"Portal Not\u00edcia em Pauta\"},\"image\":{\"@id\":\"https:\/\/noticiaempauta.com\/portal\/#\/schema\/logo\/image\/\"},\"sameAs\":[\"https:\/\/www.facebook.com\/Portal-Notcia-Em-Pauta-102292869264820\/\",\"https:\/\/www.instagram.com\/portalnoticiaempauta\/\"]},{\"@type\":\"Person\",\"@id\":\"https:\/\/noticiaempauta.com\/portal\/#\/schema\/person\/a74af43dd1ab3deca45f988c717d57ac\",\"name\":\"Reda\u00e7\u00e3o\",\"image\":{\"@type\":\"ImageObject\",\"inLanguage\":\"pt-BR\",\"@id\":\"https:\/\/noticiaempauta.com\/portal\/#\/schema\/person\/image\/\",\"url\":\"https:\/\/secure.gravatar.com\/avatar\/03179346ecce6cdfc13361603e8f54242a90e5cde8618fa23c5c00aa2b0aadf3?s=96&d=mm&r=g\",\"contentUrl\":\"https:\/\/secure.gravatar.com\/avatar\/03179346ecce6cdfc13361603e8f54242a90e5cde8618fa23c5c00aa2b0aadf3?s=96&d=mm&r=g\",\"caption\":\"Reda\u00e7\u00e3o\"},\"sameAs\":[\"https:\/\/noticiaempauta.com\/portal\/\"],\"url\":\"https:\/\/noticiaempauta.com\/portal\/author\/fernando\/\"}]}<\/script>\n<!-- \/ Yoast SEO Premium plugin. -->","yoast_head_json":{"title":"Pablo Santos e Xand\u00fa Neri ser\u00e3o diplomados no dia 11 de dezembro - Portal Not\u00edcia em Pauta","robots":{"index":"index","follow":"follow","max-snippet":"max-snippet:-1","max-image-preview":"max-image-preview:large","max-video-preview":"max-video-preview:-1"},"canonical":"https:\/\/noticiaempauta.com\/portal\/pablo-santos-e-xandu-neri-serao-diplomados-no-dia-11-de-dezembro\/","og_locale":"pt_BR","og_type":"article","og_title":"Pablo Santos e Xand\u00fa Neri ser\u00e3o diplomados no dia 11 de dezembro","og_description":"A Justi\u00e7a Eleitoral diplomar\u00e1 o prefeito eleito de Picos, Pablo Santos, assim como a vice-prefeita reeleita, Xand\u00fa Neri, e os vereadores. A diploma\u00e7\u00e3o \u00e9 o \u00faltimo passo para realiza\u00e7\u00e3o do processo eleitoral e se trata de um rito formal para realiza\u00e7\u00e3o da posse, que acontecer\u00e1 em 01 de janeiro de 2025. No dia 13 de [&hellip;]","og_url":"https:\/\/noticiaempauta.com\/portal\/pablo-santos-e-xandu-neri-serao-diplomados-no-dia-11-de-dezembro\/","og_site_name":"Portal Not\u00edcia em Pauta","article_publisher":"https:\/\/www.facebook.com\/Portal-Notcia-Em-Pauta-102292869264820\/","article_published_time":"2024-10-25T12:47:09+00:00","article_modified_time":"2024-10-25T13:37:32+00:00","og_image":[{"width":1536,"height":1027,"url":"https:\/\/noticiaempauta.com\/portal\/wp-content\/uploads\/2024\/10\/298ab671-ef67-45c3-a355-d3df4604769f-1536x1027.jpeg.webp","type":"image\/webp"}],"author":"Reda\u00e7\u00e3o","twitter_card":"summary_large_image","twitter_misc":{"Escrito por":"Reda\u00e7\u00e3o","Est. tempo de leitura":"2 minutos"},"schema":{"@context":"https:\/\/schema.org","@graph":[{"@type":"Article","@id":"https:\/\/noticiaempauta.com\/portal\/pablo-santos-e-xandu-neri-serao-diplomados-no-dia-11-de-dezembro\/#article","isPartOf":{"@id":"https:\/\/noticiaempauta.com\/portal\/pablo-santos-e-xandu-neri-serao-diplomados-no-dia-11-de-dezembro\/"},"author":{"name":"Reda\u00e7\u00e3o","@id":"https:\/\/noticiaempauta.com\/portal\/#\/schema\/person\/a74af43dd1ab3deca45f988c717d57ac"},"headline":"Pablo Santos e Xand\u00fa Neri ser\u00e3o diplomados no dia 11 de dezembro","datePublished":"2024-10-25T12:47:09+00:00","dateModified":"2024-10-25T13:37:32+00:00","mainEntityOfPage":{"@id":"https:\/\/noticiaempauta.com\/portal\/pablo-santos-e-xandu-neri-serao-diplomados-no-dia-11-de-dezembro\/"},"wordCount":142,"commentCount":0,"publisher":{"@id":"https:\/\/noticiaempauta.com\/portal\/#organization"},"image":{"@id":"https:\/\/noticiaempauta.com\/portal\/pablo-santos-e-xandu-neri-serao-diplomados-no-dia-11-de-dezembro\/#primaryimage"},"thumbnailUrl":"https:\/\/noticiaempauta.com\/portal\/wp-content\/uploads\/2024\/10\/298ab671-ef67-45c3-a355-d3df4604769f-1536x1027.jpeg.webp","keywords":["destaqueprincipal"],"articleSection":["Destaques","Geral","Todas as Not\u00edcias"],"inLanguage":"pt-BR","potentialAction":[{"@type":"CommentAction","name":"Comment","target":["https:\/\/noticiaempauta.com\/portal\/pablo-santos-e-xandu-neri-serao-diplomados-no-dia-11-de-dezembro\/#respond"]}]},{"@type":"WebPage","@id":"https:\/\/noticiaempauta.com\/portal\/pablo-santos-e-xandu-neri-serao-diplomados-no-dia-11-de-dezembro\/","url":"https:\/\/noticiaempauta.com\/portal\/pablo-santos-e-xandu-neri-serao-diplomados-no-dia-11-de-dezembro\/","name":"Pablo Santos e Xand\u00fa Neri ser\u00e3o diplomados no dia 11 de dezembro - Portal Not\u00edcia em Pauta","isPartOf":{"@id":"https:\/\/noticiaempauta.com\/portal\/#website"},"primaryImageOfPage":{"@id":"https:\/\/noticiaempauta.com\/portal\/pablo-santos-e-xandu-neri-serao-diplomados-no-dia-11-de-dezembro\/#primaryimage"},"image":{"@id":"https:\/\/noticiaempauta.com\/portal\/pablo-santos-e-xandu-neri-serao-diplomados-no-dia-11-de-dezembro\/#primaryimage"},"thumbnailUrl":"https:\/\/noticiaempauta.com\/portal\/wp-content\/uploads\/2024\/10\/298ab671-ef67-45c3-a355-d3df4604769f-1536x1027.jpeg.webp","datePublished":"2024-10-25T12:47:09+00:00","dateModified":"2024-10-25T13:37:32+00:00","breadcrumb":{"@id":"https:\/\/noticiaempauta.com\/portal\/pablo-santos-e-xandu-neri-serao-diplomados-no-dia-11-de-dezembro\/#breadcrumb"},"inLanguage":"pt-BR","potentialAction":[{"@type":"ReadAction","target":["https:\/\/noticiaempauta.com\/portal\/pablo-santos-e-xandu-neri-serao-diplomados-no-dia-11-de-dezembro\/"]}]},{"@type":"ImageObject","inLanguage":"pt-BR","@id":"https:\/\/noticiaempauta.com\/portal\/pablo-santos-e-xandu-neri-serao-diplomados-no-dia-11-de-dezembro\/#primaryimage","url":"https:\/\/noticiaempauta.com\/portal\/wp-content\/uploads\/2024\/10\/298ab671-ef67-45c3-a355-d3df4604769f-1536x1027.jpeg.webp","contentUrl":"https:\/\/noticiaempauta.com\/portal\/wp-content\/uploads\/2024\/10\/298ab671-ef67-45c3-a355-d3df4604769f-1536x1027.jpeg.webp","width":1536,"height":1027,"caption":"(Foto: Ascom)"},{"@type":"BreadcrumbList","@id":"https:\/\/noticiaempauta.com\/portal\/pablo-santos-e-xandu-neri-serao-diplomados-no-dia-11-de-dezembro\/#breadcrumb","itemListElement":[{"@type":"ListItem","position":1,"name":"P\u00e1gina Inicial","item":"https:\/\/noticiaempauta.com\/portal\/"},{"@type":"ListItem","position":2,"name":"Destaques","item":"https:\/\/noticiaempauta.com\/portal\/destaques-site\/"},{"@type":"ListItem","position":3,"name":"Pablo Santos e Xand\u00fa Neri ser\u00e3o diplomados no dia 11 de dezembro"}]},{"@type":"WebSite","@id":"https:\/\/noticiaempauta.com\/portal\/#website","url":"https:\/\/noticiaempauta.com\/portal\/","name":"Portal Not\u00edcia em Pauta","description":"Voc\u00ea bem informado","publisher":{"@id":"https:\/\/noticiaempauta.com\/portal\/#organization"},"potentialAction":[{"@type":"SearchAction","target":{"@type":"EntryPoint","urlTemplate":"https:\/\/noticiaempauta.com\/portal\/?s={search_term_string}"},"query-input":{"@type":"PropertyValueSpecification","valueRequired":true,"valueName":"search_term_string"}}],"inLanguage":"pt-BR"},{"@type":"Organization","@id":"https:\/\/noticiaempauta.com\/portal\/#organization","name":"Portal Not\u00edcia em Pauta","url":"https:\/\/noticiaempauta.com\/portal\/","logo":{"@type":"ImageObject","inLanguage":"pt-BR","@id":"https:\/\/noticiaempauta.com\/portal\/#\/schema\/logo\/image\/","url":"https:\/\/noticiaempauta.com\/portal\/wp-content\/uploads\/2022\/08\/logomarca_tema.fw_.png","contentUrl":"https:\/\/noticiaempauta.com\/portal\/wp-content\/uploads\/2022\/08\/logomarca_tema.fw_.png","width":400,"height":232,"caption":"Portal Not\u00edcia em Pauta"},"image":{"@id":"https:\/\/noticiaempauta.com\/portal\/#\/schema\/logo\/image\/"},"sameAs":["https:\/\/www.facebook.com\/Portal-Notcia-Em-Pauta-102292869264820\/","https:\/\/www.instagram.com\/portalnoticiaempauta\/"]},{"@type":"Person","@id":"https:\/\/noticiaempauta.com\/portal\/#\/schema\/person\/a74af43dd1ab3deca45f988c717d57ac","name":"Reda\u00e7\u00e3o","image":{"@type":"ImageObject","inLanguage":"pt-BR","@id":"https:\/\/noticiaempauta.com\/portal\/#\/schema\/person\/image\/","url":"https:\/\/secure.gravatar.com\/avatar\/03179346ecce6cdfc13361603e8f54242a90e5cde8618fa23c5c00aa2b0aadf3?s=96&d=mm&r=g","contentUrl":"https:\/\/secure.gravatar.com\/avatar\/03179346ecce6cdfc13361603e8f54242a90e5cde8618fa23c5c00aa2b0aadf3?s=96&d=mm&r=g","caption":"Reda\u00e7\u00e3o"},"sameAs":["https:\/\/noticiaempauta.com\/portal\/"],"url":"https:\/\/noticiaempauta.com\/portal\/author\/fernando\/"}]}},"_links":{"self":[{"href":"https:\/\/noticiaempauta.com\/portal\/wp-json\/wp\/v2\/posts\/263366","targetHints":{"allow":["GET"]}}],"collection":[{"href":"https:\/\/noticiaempauta.com\/portal\/wp-json\/wp\/v2\/posts"}],"about":[{"href":"https:\/\/noticiaempauta.com\/portal\/wp-json\/wp\/v2\/types\/post"}],"author":[{"embeddable":true,"href":"https:\/\/noticiaempauta.com\/portal\/wp-json\/wp\/v2\/users\/2"}],"replies":[{"embeddable":true,"href":"https:\/\/noticiaempauta.com\/portal\/wp-json\/wp\/v2\/comments?post=263366"}],"version-history":[{"count":6,"href":"https:\/\/noticiaempauta.com\/portal\/wp-json\/wp\/v2\/posts\/263366\/revisions"}],"predecessor-version":[{"id":263373,"href":"https:\/\/noticiaempauta.com\/portal\/wp-json\/wp\/v2\/posts\/263366\/revisions\/263373"}],"wp:featuredmedia":[{"embeddable":true,"href":"https:\/\/noticiaempauta.com\/portal\/wp-json\/wp\/v2\/media\/263367"}],"wp:attachment":[{"href":"https:\/\/noticiaempauta.com\/portal\/wp-json\/wp\/v2\/media?parent=263366"}],"wp:term":[{"taxonomy":"category","embeddable":true,"href":"https:\/\/noticiaempauta.com\/portal\/wp-json\/wp\/v2\/categories?post=263366"},{"taxonomy":"post_tag","embeddable":true,"href":"https:\/\/noticiaempauta.com\/portal\/wp-json\/wp\/v2\/tags?post=263366"}],"curies":[{"name":"wp","href":"https:\/\/api.w.org\/{rel}","templated":true}]}}