{"id":263614,"date":"2024-10-30T09:53:56","date_gmt":"2024-10-30T12:53:56","guid":{"rendered":"https:\/\/noticiaempauta.com\/portal\/?p=263614"},"modified":"2024-10-30T09:53:58","modified_gmt":"2024-10-30T12:53:58","slug":"deputados-aprovam-mudanca-no-regimento-e-proibem-eleicoes-seguidas-para-a-presidencia-da-alepi","status":"publish","type":"post","link":"https:\/\/noticiaempauta.com\/portal\/deputados-aprovam-mudanca-no-regimento-e-proibem-eleicoes-seguidas-para-a-presidencia-da-alepi\/","title":{"rendered":"Deputados aprovam mudan\u00e7a no regimento e pro\u00edbem elei\u00e7\u00f5es seguidas para a presid\u00eancia da Alepi"},"content":{"rendered":"\n<p>Foram aprovadas no plen\u00e1rio da Assembleia Legislativa do Piau\u00ed (Alepi) nesta ter\u00e7a-feira (29) uma Proposta de Emenda Constitucional (PEC) e uma altera\u00e7\u00e3o em um regimento que\u00a0pro\u00edbem que sejam feitas elei\u00e7\u00f5es seguidas para a presid\u00eancia da Alepi\u00a0e para os demais membros da mesa-diretora.\u00a0<\/p>\n\n\n\n<figure class=\"wp-block-image size-full\"><img fetchpriority=\"high\" decoding=\"async\" width=\"768\" height=\"512\" src=\"https:\/\/noticiaempauta.com\/portal\/wp-content\/uploads\/2024\/08\/alepinovoplenario.jpeg\" alt=\"\" class=\"wp-image-261193\" srcset=\"https:\/\/noticiaempauta.com\/portal\/wp-content\/uploads\/2024\/08\/alepinovoplenario.jpeg 768w, https:\/\/noticiaempauta.com\/portal\/wp-content\/uploads\/2024\/08\/alepinovoplenario-300x200.jpeg 300w\" sizes=\"(max-width: 768px) 100vw, 768px\" \/><\/figure>\n\n\n\n<p>A nova regulamenta\u00e7\u00e3o deve ser seguida a partir das pr\u00f3ximas elei\u00e7\u00f5es e\u00a0n\u00e3o deve interferir na elei\u00e7\u00e3o de Severo Eul\u00e1lio (MDB), que foi eleito em 1\u00ba de fevereiro de 2023 como presidente da Assembleia Legislativa do Piau\u00ed para assumir s\u00f3 dois anos depois, no bi\u00eanio 2025-2026. A elei\u00e7\u00e3o aconteceu\u00a0juntamente com a do atual presidente, Franz\u00e9 Silva\u00a0(PT), que est\u00e1 no comando da casa no primeiro bi\u00eanio da legislatura, entre 2023 e 2024. As elei\u00e7\u00f5es aconteceram na data em que os deputados tomaram posse na atual legislatura e foram poss\u00edveis ap\u00f3s acordo entre os partidos pol\u00edticos.\u00a0<\/p>\n\n\n\n<p>A nova regulamenta\u00e7\u00e3o estabelece que, no caso da elei\u00e7\u00e3o para o segundo bi\u00eanio da legislatura, a\u00a0elei\u00e7\u00e3o deve ser feita quatro meses antes do dia 3 de fevereiro do \u00faltimo ano de mandato. Com a nova determina\u00e7\u00e3o, se atende a uma decis\u00e3o do Supremo Tribunal Federal (STF) de que as elei\u00e7\u00f5es devem respeitar o princ\u00edpio da contemporaneidade. A mat\u00e9ria foi aprovada por unanimidade na Comiss\u00e3o de Constitui\u00e7\u00e3o e Justi\u00e7a (CCJ) e, em seguida, em plen\u00e1rio.<\/p>\n\n\n\n<p>O relator da mat\u00e9ria na CCJ, deputado Wilson Brand\u00e3o (Progressistas), explicou que o julgamento apontou que a elei\u00e7\u00e3o deve ser &#8216;contempor\u00e2nea&#8217; \u00e0 posse, ou seja, em datas pr\u00f3ximas.<\/p>\n\n\n\n<blockquote class=\"wp-block-quote is-layout-flow wp-block-quote-is-layout-flow\">\n<p>\u201cO Supremo Tribunal Federal, em recente julgamento, determinou que n\u00e3o considera como sendo contempor\u00e2nea uma elei\u00e7\u00e3o feita dois anos antes da sua data de voto nos respectivos deputados\u201d, citou.<\/p>\n<\/blockquote>\n\n\n\n<p>A a\u00e7\u00e3o da Alepi acompanha a repercuss\u00e3o da medida tomada pela Assembleia da Para\u00edba. No Tocantins, onde aconteceu caso parecido, o STF\u00a0anulou a elei\u00e7\u00e3o antecipada para o segundo bi\u00eanio, e acendeu o alerta entre os deputados do Piau\u00ed. Uma a\u00e7\u00e3o encabe\u00e7ada pelo PSDB chegou a ser iniciada contestando a segunda elei\u00e7\u00e3o no STF, mas o\u00a0partido desistiu de dar prosseguimento.<\/p>\n\n\n\n<p>Fonte: Cidade Verde<\/p>\n\n\n\n<p><\/p>\n","protected":false},"excerpt":{"rendered":"<p>Foram aprovadas no plen\u00e1rio da Assembleia Legislativa do Piau\u00ed (Alepi) nesta ter\u00e7a-feira (29) uma Proposta de Emenda Constitucional (PEC) e uma altera\u00e7\u00e3o em um regimento que\u00a0pro\u00edbem que sejam feitas elei\u00e7\u00f5es seguidas para a presid\u00eancia da Alepi\u00a0e para os demais membros da mesa-diretora.\u00a0 A nova regulamenta\u00e7\u00e3o deve ser seguida a partir das pr\u00f3ximas elei\u00e7\u00f5es e\u00a0n\u00e3o deve [&hellip;]<\/p>\n","protected":false},"author":2,"featured_media":261193,"comment_status":"open","ping_status":"open","sticky":false,"template":"","format":"standard","meta":{"_mi_skip_tracking":false,"footnotes":""},"categories":[25,1,16],"tags":[192],"class_list":["post-263614","post","type-post","status-publish","format-standard","has-post-thumbnail","hentry","category-destaques-site","category-geral","category-todas","tag-destaqueprincipal"],"acf":[],"yoast_head":"<!-- This site is optimized with the Yoast SEO Premium plugin v19.2 (Yoast SEO v26.9) - https:\/\/yoast.com\/product\/yoast-seo-premium-wordpress\/ -->\n<title>Deputados aprovam mudan\u00e7a no regimento e pro\u00edbem elei\u00e7\u00f5es seguidas para a presid\u00eancia da Alepi - Portal Not\u00edcia em Pauta<\/title>\n<meta name=\"robots\" content=\"index, follow, max-snippet:-1, max-image-preview:large, max-video-preview:-1\" \/>\n<link rel=\"canonical\" href=\"https:\/\/noticiaempauta.com\/portal\/deputados-aprovam-mudanca-no-regimento-e-proibem-eleicoes-seguidas-para-a-presidencia-da-alepi\/\" \/>\n<meta property=\"og:locale\" content=\"pt_BR\" \/>\n<meta property=\"og:type\" content=\"article\" \/>\n<meta property=\"og:title\" content=\"Deputados aprovam mudan\u00e7a no regimento e pro\u00edbem elei\u00e7\u00f5es seguidas para a presid\u00eancia da Alepi\" \/>\n<meta property=\"og:description\" content=\"Foram aprovadas no plen\u00e1rio da Assembleia Legislativa do Piau\u00ed (Alepi) nesta ter\u00e7a-feira (29) uma Proposta de Emenda Constitucional (PEC) e uma altera\u00e7\u00e3o em um regimento que\u00a0pro\u00edbem que sejam feitas elei\u00e7\u00f5es seguidas para a presid\u00eancia da Alepi\u00a0e para os demais membros da mesa-diretora.\u00a0 A nova regulamenta\u00e7\u00e3o deve ser seguida a partir das pr\u00f3ximas elei\u00e7\u00f5es e\u00a0n\u00e3o deve [&hellip;]\" \/>\n<meta property=\"og:url\" content=\"https:\/\/noticiaempauta.com\/portal\/deputados-aprovam-mudanca-no-regimento-e-proibem-eleicoes-seguidas-para-a-presidencia-da-alepi\/\" \/>\n<meta property=\"og:site_name\" content=\"Portal Not\u00edcia em Pauta\" \/>\n<meta property=\"article:publisher\" content=\"https:\/\/www.facebook.com\/Portal-Notcia-Em-Pauta-102292869264820\/\" \/>\n<meta property=\"article:published_time\" content=\"2024-10-30T12:53:56+00:00\" \/>\n<meta property=\"article:modified_time\" content=\"2024-10-30T12:53:58+00:00\" \/>\n<meta property=\"og:image\" content=\"https:\/\/noticiaempauta.com\/portal\/wp-content\/uploads\/2024\/08\/alepinovoplenario.jpeg\" \/>\n\t<meta property=\"og:image:width\" content=\"768\" \/>\n\t<meta property=\"og:image:height\" content=\"512\" \/>\n\t<meta property=\"og:image:type\" content=\"image\/jpeg\" \/>\n<meta name=\"author\" content=\"Reda\u00e7\u00e3o\" \/>\n<meta name=\"twitter:card\" content=\"summary_large_image\" \/>\n<meta name=\"twitter:label1\" content=\"Escrito por\" \/>\n\t<meta name=\"twitter:data1\" content=\"Reda\u00e7\u00e3o\" \/>\n\t<meta name=\"twitter:label2\" content=\"Est. tempo de leitura\" \/>\n\t<meta name=\"twitter:data2\" content=\"3 minutos\" \/>\n<script type=\"application\/ld+json\" class=\"yoast-schema-graph\">{\"@context\":\"https:\/\/schema.org\",\"@graph\":[{\"@type\":\"Article\",\"@id\":\"https:\/\/noticiaempauta.com\/portal\/deputados-aprovam-mudanca-no-regimento-e-proibem-eleicoes-seguidas-para-a-presidencia-da-alepi\/#article\",\"isPartOf\":{\"@id\":\"https:\/\/noticiaempauta.com\/portal\/deputados-aprovam-mudanca-no-regimento-e-proibem-eleicoes-seguidas-para-a-presidencia-da-alepi\/\"},\"author\":{\"name\":\"Reda\u00e7\u00e3o\",\"@id\":\"https:\/\/noticiaempauta.com\/portal\/#\/schema\/person\/a74af43dd1ab3deca45f988c717d57ac\"},\"headline\":\"Deputados aprovam mudan\u00e7a no regimento e pro\u00edbem elei\u00e7\u00f5es seguidas para a presid\u00eancia da Alepi\",\"datePublished\":\"2024-10-30T12:53:56+00:00\",\"dateModified\":\"2024-10-30T12:53:58+00:00\",\"mainEntityOfPage\":{\"@id\":\"https:\/\/noticiaempauta.com\/portal\/deputados-aprovam-mudanca-no-regimento-e-proibem-eleicoes-seguidas-para-a-presidencia-da-alepi\/\"},\"wordCount\":395,\"commentCount\":0,\"publisher\":{\"@id\":\"https:\/\/noticiaempauta.com\/portal\/#organization\"},\"image\":{\"@id\":\"https:\/\/noticiaempauta.com\/portal\/deputados-aprovam-mudanca-no-regimento-e-proibem-eleicoes-seguidas-para-a-presidencia-da-alepi\/#primaryimage\"},\"thumbnailUrl\":\"https:\/\/noticiaempauta.com\/portal\/wp-content\/uploads\/2024\/08\/alepinovoplenario.jpeg\",\"keywords\":[\"destaqueprincipal\"],\"articleSection\":[\"Destaques\",\"Geral\",\"Todas as Not\u00edcias\"],\"inLanguage\":\"pt-BR\",\"potentialAction\":[{\"@type\":\"CommentAction\",\"name\":\"Comment\",\"target\":[\"https:\/\/noticiaempauta.com\/portal\/deputados-aprovam-mudanca-no-regimento-e-proibem-eleicoes-seguidas-para-a-presidencia-da-alepi\/#respond\"]}]},{\"@type\":\"WebPage\",\"@id\":\"https:\/\/noticiaempauta.com\/portal\/deputados-aprovam-mudanca-no-regimento-e-proibem-eleicoes-seguidas-para-a-presidencia-da-alepi\/\",\"url\":\"https:\/\/noticiaempauta.com\/portal\/deputados-aprovam-mudanca-no-regimento-e-proibem-eleicoes-seguidas-para-a-presidencia-da-alepi\/\",\"name\":\"Deputados aprovam mudan\u00e7a no regimento e pro\u00edbem elei\u00e7\u00f5es seguidas para a presid\u00eancia da Alepi - Portal Not\u00edcia em Pauta\",\"isPartOf\":{\"@id\":\"https:\/\/noticiaempauta.com\/portal\/#website\"},\"primaryImageOfPage\":{\"@id\":\"https:\/\/noticiaempauta.com\/portal\/deputados-aprovam-mudanca-no-regimento-e-proibem-eleicoes-seguidas-para-a-presidencia-da-alepi\/#primaryimage\"},\"image\":{\"@id\":\"https:\/\/noticiaempauta.com\/portal\/deputados-aprovam-mudanca-no-regimento-e-proibem-eleicoes-seguidas-para-a-presidencia-da-alepi\/#primaryimage\"},\"thumbnailUrl\":\"https:\/\/noticiaempauta.com\/portal\/wp-content\/uploads\/2024\/08\/alepinovoplenario.jpeg\",\"datePublished\":\"2024-10-30T12:53:56+00:00\",\"dateModified\":\"2024-10-30T12:53:58+00:00\",\"breadcrumb\":{\"@id\":\"https:\/\/noticiaempauta.com\/portal\/deputados-aprovam-mudanca-no-regimento-e-proibem-eleicoes-seguidas-para-a-presidencia-da-alepi\/#breadcrumb\"},\"inLanguage\":\"pt-BR\",\"potentialAction\":[{\"@type\":\"ReadAction\",\"target\":[\"https:\/\/noticiaempauta.com\/portal\/deputados-aprovam-mudanca-no-regimento-e-proibem-eleicoes-seguidas-para-a-presidencia-da-alepi\/\"]}]},{\"@type\":\"ImageObject\",\"inLanguage\":\"pt-BR\",\"@id\":\"https:\/\/noticiaempauta.com\/portal\/deputados-aprovam-mudanca-no-regimento-e-proibem-eleicoes-seguidas-para-a-presidencia-da-alepi\/#primaryimage\",\"url\":\"https:\/\/noticiaempauta.com\/portal\/wp-content\/uploads\/2024\/08\/alepinovoplenario.jpeg\",\"contentUrl\":\"https:\/\/noticiaempauta.com\/portal\/wp-content\/uploads\/2024\/08\/alepinovoplenario.jpeg\",\"width\":768,\"height\":512},{\"@type\":\"BreadcrumbList\",\"@id\":\"https:\/\/noticiaempauta.com\/portal\/deputados-aprovam-mudanca-no-regimento-e-proibem-eleicoes-seguidas-para-a-presidencia-da-alepi\/#breadcrumb\",\"itemListElement\":[{\"@type\":\"ListItem\",\"position\":1,\"name\":\"P\u00e1gina Inicial\",\"item\":\"https:\/\/noticiaempauta.com\/portal\/\"},{\"@type\":\"ListItem\",\"position\":2,\"name\":\"Destaques\",\"item\":\"https:\/\/noticiaempauta.com\/portal\/destaques-site\/\"},{\"@type\":\"ListItem\",\"position\":3,\"name\":\"Deputados aprovam mudan\u00e7a no regimento e pro\u00edbem elei\u00e7\u00f5es seguidas para a presid\u00eancia da Alepi\"}]},{\"@type\":\"WebSite\",\"@id\":\"https:\/\/noticiaempauta.com\/portal\/#website\",\"url\":\"https:\/\/noticiaempauta.com\/portal\/\",\"name\":\"Portal Not\u00edcia em Pauta\",\"description\":\"Voc\u00ea bem informado\",\"publisher\":{\"@id\":\"https:\/\/noticiaempauta.com\/portal\/#organization\"},\"potentialAction\":[{\"@type\":\"SearchAction\",\"target\":{\"@type\":\"EntryPoint\",\"urlTemplate\":\"https:\/\/noticiaempauta.com\/portal\/?s={search_term_string}\"},\"query-input\":{\"@type\":\"PropertyValueSpecification\",\"valueRequired\":true,\"valueName\":\"search_term_string\"}}],\"inLanguage\":\"pt-BR\"},{\"@type\":\"Organization\",\"@id\":\"https:\/\/noticiaempauta.com\/portal\/#organization\",\"name\":\"Portal Not\u00edcia em Pauta\",\"url\":\"https:\/\/noticiaempauta.com\/portal\/\",\"logo\":{\"@type\":\"ImageObject\",\"inLanguage\":\"pt-BR\",\"@id\":\"https:\/\/noticiaempauta.com\/portal\/#\/schema\/logo\/image\/\",\"url\":\"https:\/\/noticiaempauta.com\/portal\/wp-content\/uploads\/2022\/08\/logomarca_tema.fw_.png\",\"contentUrl\":\"https:\/\/noticiaempauta.com\/portal\/wp-content\/uploads\/2022\/08\/logomarca_tema.fw_.png\",\"width\":400,\"height\":232,\"caption\":\"Portal Not\u00edcia em Pauta\"},\"image\":{\"@id\":\"https:\/\/noticiaempauta.com\/portal\/#\/schema\/logo\/image\/\"},\"sameAs\":[\"https:\/\/www.facebook.com\/Portal-Notcia-Em-Pauta-102292869264820\/\",\"https:\/\/www.instagram.com\/portalnoticiaempauta\/\"]},{\"@type\":\"Person\",\"@id\":\"https:\/\/noticiaempauta.com\/portal\/#\/schema\/person\/a74af43dd1ab3deca45f988c717d57ac\",\"name\":\"Reda\u00e7\u00e3o\",\"image\":{\"@type\":\"ImageObject\",\"inLanguage\":\"pt-BR\",\"@id\":\"https:\/\/noticiaempauta.com\/portal\/#\/schema\/person\/image\/\",\"url\":\"https:\/\/secure.gravatar.com\/avatar\/03179346ecce6cdfc13361603e8f54242a90e5cde8618fa23c5c00aa2b0aadf3?s=96&d=mm&r=g\",\"contentUrl\":\"https:\/\/secure.gravatar.com\/avatar\/03179346ecce6cdfc13361603e8f54242a90e5cde8618fa23c5c00aa2b0aadf3?s=96&d=mm&r=g\",\"caption\":\"Reda\u00e7\u00e3o\"},\"sameAs\":[\"https:\/\/noticiaempauta.com\/portal\/\"],\"url\":\"https:\/\/noticiaempauta.com\/portal\/author\/fernando\/\"}]}<\/script>\n<!-- \/ Yoast SEO Premium plugin. -->","yoast_head_json":{"title":"Deputados aprovam mudan\u00e7a no regimento e pro\u00edbem elei\u00e7\u00f5es seguidas para a presid\u00eancia da Alepi - Portal Not\u00edcia em Pauta","robots":{"index":"index","follow":"follow","max-snippet":"max-snippet:-1","max-image-preview":"max-image-preview:large","max-video-preview":"max-video-preview:-1"},"canonical":"https:\/\/noticiaempauta.com\/portal\/deputados-aprovam-mudanca-no-regimento-e-proibem-eleicoes-seguidas-para-a-presidencia-da-alepi\/","og_locale":"pt_BR","og_type":"article","og_title":"Deputados aprovam mudan\u00e7a no regimento e pro\u00edbem elei\u00e7\u00f5es seguidas para a presid\u00eancia da Alepi","og_description":"Foram aprovadas no plen\u00e1rio da Assembleia Legislativa do Piau\u00ed (Alepi) nesta ter\u00e7a-feira (29) uma Proposta de Emenda Constitucional (PEC) e uma altera\u00e7\u00e3o em um regimento que\u00a0pro\u00edbem que sejam feitas elei\u00e7\u00f5es seguidas para a presid\u00eancia da Alepi\u00a0e para os demais membros da mesa-diretora.\u00a0 A nova regulamenta\u00e7\u00e3o deve ser seguida a partir das pr\u00f3ximas elei\u00e7\u00f5es e\u00a0n\u00e3o deve [&hellip;]","og_url":"https:\/\/noticiaempauta.com\/portal\/deputados-aprovam-mudanca-no-regimento-e-proibem-eleicoes-seguidas-para-a-presidencia-da-alepi\/","og_site_name":"Portal Not\u00edcia em Pauta","article_publisher":"https:\/\/www.facebook.com\/Portal-Notcia-Em-Pauta-102292869264820\/","article_published_time":"2024-10-30T12:53:56+00:00","article_modified_time":"2024-10-30T12:53:58+00:00","og_image":[{"width":768,"height":512,"url":"https:\/\/noticiaempauta.com\/portal\/wp-content\/uploads\/2024\/08\/alepinovoplenario.jpeg","type":"image\/jpeg"}],"author":"Reda\u00e7\u00e3o","twitter_card":"summary_large_image","twitter_misc":{"Escrito por":"Reda\u00e7\u00e3o","Est. tempo de leitura":"3 minutos"},"schema":{"@context":"https:\/\/schema.org","@graph":[{"@type":"Article","@id":"https:\/\/noticiaempauta.com\/portal\/deputados-aprovam-mudanca-no-regimento-e-proibem-eleicoes-seguidas-para-a-presidencia-da-alepi\/#article","isPartOf":{"@id":"https:\/\/noticiaempauta.com\/portal\/deputados-aprovam-mudanca-no-regimento-e-proibem-eleicoes-seguidas-para-a-presidencia-da-alepi\/"},"author":{"name":"Reda\u00e7\u00e3o","@id":"https:\/\/noticiaempauta.com\/portal\/#\/schema\/person\/a74af43dd1ab3deca45f988c717d57ac"},"headline":"Deputados aprovam mudan\u00e7a no regimento e pro\u00edbem elei\u00e7\u00f5es seguidas para a presid\u00eancia da Alepi","datePublished":"2024-10-30T12:53:56+00:00","dateModified":"2024-10-30T12:53:58+00:00","mainEntityOfPage":{"@id":"https:\/\/noticiaempauta.com\/portal\/deputados-aprovam-mudanca-no-regimento-e-proibem-eleicoes-seguidas-para-a-presidencia-da-alepi\/"},"wordCount":395,"commentCount":0,"publisher":{"@id":"https:\/\/noticiaempauta.com\/portal\/#organization"},"image":{"@id":"https:\/\/noticiaempauta.com\/portal\/deputados-aprovam-mudanca-no-regimento-e-proibem-eleicoes-seguidas-para-a-presidencia-da-alepi\/#primaryimage"},"thumbnailUrl":"https:\/\/noticiaempauta.com\/portal\/wp-content\/uploads\/2024\/08\/alepinovoplenario.jpeg","keywords":["destaqueprincipal"],"articleSection":["Destaques","Geral","Todas as Not\u00edcias"],"inLanguage":"pt-BR","potentialAction":[{"@type":"CommentAction","name":"Comment","target":["https:\/\/noticiaempauta.com\/portal\/deputados-aprovam-mudanca-no-regimento-e-proibem-eleicoes-seguidas-para-a-presidencia-da-alepi\/#respond"]}]},{"@type":"WebPage","@id":"https:\/\/noticiaempauta.com\/portal\/deputados-aprovam-mudanca-no-regimento-e-proibem-eleicoes-seguidas-para-a-presidencia-da-alepi\/","url":"https:\/\/noticiaempauta.com\/portal\/deputados-aprovam-mudanca-no-regimento-e-proibem-eleicoes-seguidas-para-a-presidencia-da-alepi\/","name":"Deputados aprovam mudan\u00e7a no regimento e pro\u00edbem elei\u00e7\u00f5es seguidas para a presid\u00eancia da Alepi - Portal Not\u00edcia em Pauta","isPartOf":{"@id":"https:\/\/noticiaempauta.com\/portal\/#website"},"primaryImageOfPage":{"@id":"https:\/\/noticiaempauta.com\/portal\/deputados-aprovam-mudanca-no-regimento-e-proibem-eleicoes-seguidas-para-a-presidencia-da-alepi\/#primaryimage"},"image":{"@id":"https:\/\/noticiaempauta.com\/portal\/deputados-aprovam-mudanca-no-regimento-e-proibem-eleicoes-seguidas-para-a-presidencia-da-alepi\/#primaryimage"},"thumbnailUrl":"https:\/\/noticiaempauta.com\/portal\/wp-content\/uploads\/2024\/08\/alepinovoplenario.jpeg","datePublished":"2024-10-30T12:53:56+00:00","dateModified":"2024-10-30T12:53:58+00:00","breadcrumb":{"@id":"https:\/\/noticiaempauta.com\/portal\/deputados-aprovam-mudanca-no-regimento-e-proibem-eleicoes-seguidas-para-a-presidencia-da-alepi\/#breadcrumb"},"inLanguage":"pt-BR","potentialAction":[{"@type":"ReadAction","target":["https:\/\/noticiaempauta.com\/portal\/deputados-aprovam-mudanca-no-regimento-e-proibem-eleicoes-seguidas-para-a-presidencia-da-alepi\/"]}]},{"@type":"ImageObject","inLanguage":"pt-BR","@id":"https:\/\/noticiaempauta.com\/portal\/deputados-aprovam-mudanca-no-regimento-e-proibem-eleicoes-seguidas-para-a-presidencia-da-alepi\/#primaryimage","url":"https:\/\/noticiaempauta.com\/portal\/wp-content\/uploads\/2024\/08\/alepinovoplenario.jpeg","contentUrl":"https:\/\/noticiaempauta.com\/portal\/wp-content\/uploads\/2024\/08\/alepinovoplenario.jpeg","width":768,"height":512},{"@type":"BreadcrumbList","@id":"https:\/\/noticiaempauta.com\/portal\/deputados-aprovam-mudanca-no-regimento-e-proibem-eleicoes-seguidas-para-a-presidencia-da-alepi\/#breadcrumb","itemListElement":[{"@type":"ListItem","position":1,"name":"P\u00e1gina Inicial","item":"https:\/\/noticiaempauta.com\/portal\/"},{"@type":"ListItem","position":2,"name":"Destaques","item":"https:\/\/noticiaempauta.com\/portal\/destaques-site\/"},{"@type":"ListItem","position":3,"name":"Deputados aprovam mudan\u00e7a no regimento e pro\u00edbem elei\u00e7\u00f5es seguidas para a presid\u00eancia da Alepi"}]},{"@type":"WebSite","@id":"https:\/\/noticiaempauta.com\/portal\/#website","url":"https:\/\/noticiaempauta.com\/portal\/","name":"Portal Not\u00edcia em Pauta","description":"Voc\u00ea bem informado","publisher":{"@id":"https:\/\/noticiaempauta.com\/portal\/#organization"},"potentialAction":[{"@type":"SearchAction","target":{"@type":"EntryPoint","urlTemplate":"https:\/\/noticiaempauta.com\/portal\/?s={search_term_string}"},"query-input":{"@type":"PropertyValueSpecification","valueRequired":true,"valueName":"search_term_string"}}],"inLanguage":"pt-BR"},{"@type":"Organization","@id":"https:\/\/noticiaempauta.com\/portal\/#organization","name":"Portal Not\u00edcia em Pauta","url":"https:\/\/noticiaempauta.com\/portal\/","logo":{"@type":"ImageObject","inLanguage":"pt-BR","@id":"https:\/\/noticiaempauta.com\/portal\/#\/schema\/logo\/image\/","url":"https:\/\/noticiaempauta.com\/portal\/wp-content\/uploads\/2022\/08\/logomarca_tema.fw_.png","contentUrl":"https:\/\/noticiaempauta.com\/portal\/wp-content\/uploads\/2022\/08\/logomarca_tema.fw_.png","width":400,"height":232,"caption":"Portal Not\u00edcia em Pauta"},"image":{"@id":"https:\/\/noticiaempauta.com\/portal\/#\/schema\/logo\/image\/"},"sameAs":["https:\/\/www.facebook.com\/Portal-Notcia-Em-Pauta-102292869264820\/","https:\/\/www.instagram.com\/portalnoticiaempauta\/"]},{"@type":"Person","@id":"https:\/\/noticiaempauta.com\/portal\/#\/schema\/person\/a74af43dd1ab3deca45f988c717d57ac","name":"Reda\u00e7\u00e3o","image":{"@type":"ImageObject","inLanguage":"pt-BR","@id":"https:\/\/noticiaempauta.com\/portal\/#\/schema\/person\/image\/","url":"https:\/\/secure.gravatar.com\/avatar\/03179346ecce6cdfc13361603e8f54242a90e5cde8618fa23c5c00aa2b0aadf3?s=96&d=mm&r=g","contentUrl":"https:\/\/secure.gravatar.com\/avatar\/03179346ecce6cdfc13361603e8f54242a90e5cde8618fa23c5c00aa2b0aadf3?s=96&d=mm&r=g","caption":"Reda\u00e7\u00e3o"},"sameAs":["https:\/\/noticiaempauta.com\/portal\/"],"url":"https:\/\/noticiaempauta.com\/portal\/author\/fernando\/"}]}},"_links":{"self":[{"href":"https:\/\/noticiaempauta.com\/portal\/wp-json\/wp\/v2\/posts\/263614","targetHints":{"allow":["GET"]}}],"collection":[{"href":"https:\/\/noticiaempauta.com\/portal\/wp-json\/wp\/v2\/posts"}],"about":[{"href":"https:\/\/noticiaempauta.com\/portal\/wp-json\/wp\/v2\/types\/post"}],"author":[{"embeddable":true,"href":"https:\/\/noticiaempauta.com\/portal\/wp-json\/wp\/v2\/users\/2"}],"replies":[{"embeddable":true,"href":"https:\/\/noticiaempauta.com\/portal\/wp-json\/wp\/v2\/comments?post=263614"}],"version-history":[{"count":2,"href":"https:\/\/noticiaempauta.com\/portal\/wp-json\/wp\/v2\/posts\/263614\/revisions"}],"predecessor-version":[{"id":263616,"href":"https:\/\/noticiaempauta.com\/portal\/wp-json\/wp\/v2\/posts\/263614\/revisions\/263616"}],"wp:featuredmedia":[{"embeddable":true,"href":"https:\/\/noticiaempauta.com\/portal\/wp-json\/wp\/v2\/media\/261193"}],"wp:attachment":[{"href":"https:\/\/noticiaempauta.com\/portal\/wp-json\/wp\/v2\/media?parent=263614"}],"wp:term":[{"taxonomy":"category","embeddable":true,"href":"https:\/\/noticiaempauta.com\/portal\/wp-json\/wp\/v2\/categories?post=263614"},{"taxonomy":"post_tag","embeddable":true,"href":"https:\/\/noticiaempauta.com\/portal\/wp-json\/wp\/v2\/tags?post=263614"}],"curies":[{"name":"wp","href":"https:\/\/api.w.org\/{rel}","templated":true}]}}