{"id":263617,"date":"2024-10-30T09:58:26","date_gmt":"2024-10-30T12:58:26","guid":{"rendered":"https:\/\/noticiaempauta.com\/portal\/?p=263617"},"modified":"2024-10-30T09:58:27","modified_gmt":"2024-10-30T12:58:27","slug":"rafael-fonteles-garante-que-todas-escolas-estaduais-do-piaui-serao-em-tempo-integral-a-partir-de-2025","status":"publish","type":"post","link":"https:\/\/noticiaempauta.com\/portal\/rafael-fonteles-garante-que-todas-escolas-estaduais-do-piaui-serao-em-tempo-integral-a-partir-de-2025\/","title":{"rendered":"Rafael Fonteles garante que todas escolas estaduais do Piau\u00ed ser\u00e3o em tempo integral a partir de 2025"},"content":{"rendered":"\n<p>Durante entrega da reforma do Centro Estadual de Tempo Integral (Ceti) \u00c1urea Freire, nesta ter\u00e7a-feira (29), na zona sul de Teresina, o governador Rafael Fonteles destacou que a reforma das escolas estaduais, adaptadas para o ensino integral, est\u00e1 sendo bem r\u00e1pida e garantiu que no pr\u00f3ximo ano 100% das escolas da rede estadual ser\u00e3o na modalidade tempo integral, como forma de transformar a educa\u00e7\u00e3o do estado na melhor do Brasil.<\/p>\n\n\n\n<figure class=\"wp-block-image size-full\"><img fetchpriority=\"high\" decoding=\"async\" width=\"1000\" height=\"667\" src=\"https:\/\/noticiaempauta.com\/portal\/wp-content\/uploads\/2024\/10\/large_Inauguracao_da_reforma_do_Centro_Estadual_de_Tempo_Integral_Professora_Aurea_Freire_Gabriel_Paulino10_e60a259df2.jpg\" alt=\"\" class=\"wp-image-263619\" srcset=\"https:\/\/noticiaempauta.com\/portal\/wp-content\/uploads\/2024\/10\/large_Inauguracao_da_reforma_do_Centro_Estadual_de_Tempo_Integral_Professora_Aurea_Freire_Gabriel_Paulino10_e60a259df2.jpg 1000w, https:\/\/noticiaempauta.com\/portal\/wp-content\/uploads\/2024\/10\/large_Inauguracao_da_reforma_do_Centro_Estadual_de_Tempo_Integral_Professora_Aurea_Freire_Gabriel_Paulino10_e60a259df2-300x200.jpg 300w, https:\/\/noticiaempauta.com\/portal\/wp-content\/uploads\/2024\/10\/large_Inauguracao_da_reforma_do_Centro_Estadual_de_Tempo_Integral_Professora_Aurea_Freire_Gabriel_Paulino10_e60a259df2-768x512.jpg 768w\" sizes=\"(max-width: 1000px) 100vw, 1000px\" \/><\/figure>\n\n\n\n<p>\u201cA realiza\u00e7\u00e3o dessa meta de governo est\u00e1 ocorrendo numa velocidade muito elevada. Todas as escolas de ensino m\u00e9dio do estado do Piau\u00ed, que s\u00e3o 502 escolas, ter\u00e3o esse padr\u00e3o de qualidade que voc\u00eas est\u00e3o vendo aqui no Centro de Ensino de Tempo Integral \u00c1urea Freire\u201d, afirmou.<\/p>\n\n\n\n<figure class=\"wp-block-image size-full\"><img decoding=\"async\" width=\"1000\" height=\"667\" src=\"https:\/\/noticiaempauta.com\/portal\/wp-content\/uploads\/2024\/10\/large_Inauguracao_da_reforma_do_Centro_Estadual_de_Tempo_Integral_Professora_Aurea_Freire_Gabriel_Paulino9_c0ab56a3c0.jpg\" alt=\"\" class=\"wp-image-263618\" srcset=\"https:\/\/noticiaempauta.com\/portal\/wp-content\/uploads\/2024\/10\/large_Inauguracao_da_reforma_do_Centro_Estadual_de_Tempo_Integral_Professora_Aurea_Freire_Gabriel_Paulino9_c0ab56a3c0.jpg 1000w, https:\/\/noticiaempauta.com\/portal\/wp-content\/uploads\/2024\/10\/large_Inauguracao_da_reforma_do_Centro_Estadual_de_Tempo_Integral_Professora_Aurea_Freire_Gabriel_Paulino9_c0ab56a3c0-300x200.jpg 300w, https:\/\/noticiaempauta.com\/portal\/wp-content\/uploads\/2024\/10\/large_Inauguracao_da_reforma_do_Centro_Estadual_de_Tempo_Integral_Professora_Aurea_Freire_Gabriel_Paulino9_c0ab56a3c0-768x512.jpg 768w\" sizes=\"(max-width: 1000px) 100vw, 1000px\" \/><\/figure>\n\n\n\n<p>Rafael explicou que para oferecer tempo integral de qualidade, as escolas precisam de uma infraestrutura f\u00edsica e tecnol\u00f3gica muito melhor. E \u00e9 isso que est\u00e1 sendo feito nas unidades escolares. \u201cEsses investimentos robustos em cada uma dessas unidades v\u00e3o permitir um modelo pedag\u00f3gico em que alunos chegam \u00e0s 7h, saindo \u00e0s 17h, combinado com a educa\u00e7\u00e3o profissional e t\u00e9cnica para todos esses alunos de ensino m\u00e9dio\u201d, frisou.<\/p>\n\n\n\n<p>CCOM-PI<\/p>\n","protected":false},"excerpt":{"rendered":"<p>Durante entrega da reforma do Centro Estadual de Tempo Integral (Ceti) \u00c1urea Freire, nesta ter\u00e7a-feira (29), na zona sul de Teresina, o governador Rafael Fonteles destacou que a reforma das escolas estaduais, adaptadas para o ensino integral, est\u00e1 sendo bem r\u00e1pida e garantiu que no pr\u00f3ximo ano 100% das escolas da rede estadual ser\u00e3o na [&hellip;]<\/p>\n","protected":false},"author":2,"featured_media":263618,"comment_status":"open","ping_status":"open","sticky":false,"template":"","format":"standard","meta":{"_mi_skip_tracking":false,"footnotes":""},"categories":[25,1,9,16],"tags":[],"class_list":["post-263617","post","type-post","status-publish","format-standard","has-post-thumbnail","hentry","category-destaques-site","category-geral","category-municipios","category-todas"],"acf":[],"yoast_head":"<!-- This site is optimized with the Yoast SEO Premium plugin v19.2 (Yoast SEO v26.9) - https:\/\/yoast.com\/product\/yoast-seo-premium-wordpress\/ -->\n<title>Rafael Fonteles garante que todas escolas estaduais do Piau\u00ed ser\u00e3o em tempo integral a partir de 2025 - Portal Not\u00edcia em Pauta<\/title>\n<meta name=\"robots\" content=\"index, follow, max-snippet:-1, max-image-preview:large, max-video-preview:-1\" \/>\n<link rel=\"canonical\" href=\"https:\/\/noticiaempauta.com\/portal\/rafael-fonteles-garante-que-todas-escolas-estaduais-do-piaui-serao-em-tempo-integral-a-partir-de-2025\/\" \/>\n<meta property=\"og:locale\" content=\"pt_BR\" \/>\n<meta property=\"og:type\" content=\"article\" \/>\n<meta property=\"og:title\" content=\"Rafael Fonteles garante que todas escolas estaduais do Piau\u00ed ser\u00e3o em tempo integral a partir de 2025\" \/>\n<meta property=\"og:description\" content=\"Durante entrega da reforma do Centro Estadual de Tempo Integral (Ceti) \u00c1urea Freire, nesta ter\u00e7a-feira (29), na zona sul de Teresina, o governador Rafael Fonteles destacou que a reforma das escolas estaduais, adaptadas para o ensino integral, est\u00e1 sendo bem r\u00e1pida e garantiu que no pr\u00f3ximo ano 100% das escolas da rede estadual ser\u00e3o na [&hellip;]\" \/>\n<meta property=\"og:url\" content=\"https:\/\/noticiaempauta.com\/portal\/rafael-fonteles-garante-que-todas-escolas-estaduais-do-piaui-serao-em-tempo-integral-a-partir-de-2025\/\" \/>\n<meta property=\"og:site_name\" content=\"Portal Not\u00edcia em Pauta\" \/>\n<meta property=\"article:publisher\" content=\"https:\/\/www.facebook.com\/Portal-Notcia-Em-Pauta-102292869264820\/\" \/>\n<meta property=\"article:published_time\" content=\"2024-10-30T12:58:26+00:00\" \/>\n<meta property=\"article:modified_time\" content=\"2024-10-30T12:58:27+00:00\" \/>\n<meta property=\"og:image\" content=\"https:\/\/noticiaempauta.com\/portal\/wp-content\/uploads\/2024\/10\/large_Inauguracao_da_reforma_do_Centro_Estadual_de_Tempo_Integral_Professora_Aurea_Freire_Gabriel_Paulino9_c0ab56a3c0.jpg\" \/>\n\t<meta property=\"og:image:width\" content=\"1000\" \/>\n\t<meta property=\"og:image:height\" content=\"667\" \/>\n\t<meta property=\"og:image:type\" content=\"image\/jpeg\" \/>\n<meta name=\"author\" content=\"Reda\u00e7\u00e3o\" \/>\n<meta name=\"twitter:card\" content=\"summary_large_image\" \/>\n<meta name=\"twitter:label1\" content=\"Escrito por\" \/>\n\t<meta name=\"twitter:data1\" content=\"Reda\u00e7\u00e3o\" \/>\n\t<meta name=\"twitter:label2\" content=\"Est. tempo de leitura\" \/>\n\t<meta name=\"twitter:data2\" content=\"2 minutos\" \/>\n<script type=\"application\/ld+json\" class=\"yoast-schema-graph\">{\"@context\":\"https:\/\/schema.org\",\"@graph\":[{\"@type\":\"Article\",\"@id\":\"https:\/\/noticiaempauta.com\/portal\/rafael-fonteles-garante-que-todas-escolas-estaduais-do-piaui-serao-em-tempo-integral-a-partir-de-2025\/#article\",\"isPartOf\":{\"@id\":\"https:\/\/noticiaempauta.com\/portal\/rafael-fonteles-garante-que-todas-escolas-estaduais-do-piaui-serao-em-tempo-integral-a-partir-de-2025\/\"},\"author\":{\"name\":\"Reda\u00e7\u00e3o\",\"@id\":\"https:\/\/noticiaempauta.com\/portal\/#\/schema\/person\/a74af43dd1ab3deca45f988c717d57ac\"},\"headline\":\"Rafael Fonteles garante que todas escolas estaduais do Piau\u00ed ser\u00e3o em tempo integral a partir de 2025\",\"datePublished\":\"2024-10-30T12:58:26+00:00\",\"dateModified\":\"2024-10-30T12:58:27+00:00\",\"mainEntityOfPage\":{\"@id\":\"https:\/\/noticiaempauta.com\/portal\/rafael-fonteles-garante-que-todas-escolas-estaduais-do-piaui-serao-em-tempo-integral-a-partir-de-2025\/\"},\"wordCount\":216,\"commentCount\":0,\"publisher\":{\"@id\":\"https:\/\/noticiaempauta.com\/portal\/#organization\"},\"image\":{\"@id\":\"https:\/\/noticiaempauta.com\/portal\/rafael-fonteles-garante-que-todas-escolas-estaduais-do-piaui-serao-em-tempo-integral-a-partir-de-2025\/#primaryimage\"},\"thumbnailUrl\":\"https:\/\/noticiaempauta.com\/portal\/wp-content\/uploads\/2024\/10\/large_Inauguracao_da_reforma_do_Centro_Estadual_de_Tempo_Integral_Professora_Aurea_Freire_Gabriel_Paulino9_c0ab56a3c0.jpg\",\"articleSection\":[\"Destaques\",\"Geral\",\"Munic\u00edpios\",\"Todas as Not\u00edcias\"],\"inLanguage\":\"pt-BR\",\"potentialAction\":[{\"@type\":\"CommentAction\",\"name\":\"Comment\",\"target\":[\"https:\/\/noticiaempauta.com\/portal\/rafael-fonteles-garante-que-todas-escolas-estaduais-do-piaui-serao-em-tempo-integral-a-partir-de-2025\/#respond\"]}]},{\"@type\":\"WebPage\",\"@id\":\"https:\/\/noticiaempauta.com\/portal\/rafael-fonteles-garante-que-todas-escolas-estaduais-do-piaui-serao-em-tempo-integral-a-partir-de-2025\/\",\"url\":\"https:\/\/noticiaempauta.com\/portal\/rafael-fonteles-garante-que-todas-escolas-estaduais-do-piaui-serao-em-tempo-integral-a-partir-de-2025\/\",\"name\":\"Rafael Fonteles garante que todas escolas estaduais do Piau\u00ed ser\u00e3o em tempo integral a partir de 2025 - Portal Not\u00edcia em Pauta\",\"isPartOf\":{\"@id\":\"https:\/\/noticiaempauta.com\/portal\/#website\"},\"primaryImageOfPage\":{\"@id\":\"https:\/\/noticiaempauta.com\/portal\/rafael-fonteles-garante-que-todas-escolas-estaduais-do-piaui-serao-em-tempo-integral-a-partir-de-2025\/#primaryimage\"},\"image\":{\"@id\":\"https:\/\/noticiaempauta.com\/portal\/rafael-fonteles-garante-que-todas-escolas-estaduais-do-piaui-serao-em-tempo-integral-a-partir-de-2025\/#primaryimage\"},\"thumbnailUrl\":\"https:\/\/noticiaempauta.com\/portal\/wp-content\/uploads\/2024\/10\/large_Inauguracao_da_reforma_do_Centro_Estadual_de_Tempo_Integral_Professora_Aurea_Freire_Gabriel_Paulino9_c0ab56a3c0.jpg\",\"datePublished\":\"2024-10-30T12:58:26+00:00\",\"dateModified\":\"2024-10-30T12:58:27+00:00\",\"breadcrumb\":{\"@id\":\"https:\/\/noticiaempauta.com\/portal\/rafael-fonteles-garante-que-todas-escolas-estaduais-do-piaui-serao-em-tempo-integral-a-partir-de-2025\/#breadcrumb\"},\"inLanguage\":\"pt-BR\",\"potentialAction\":[{\"@type\":\"ReadAction\",\"target\":[\"https:\/\/noticiaempauta.com\/portal\/rafael-fonteles-garante-que-todas-escolas-estaduais-do-piaui-serao-em-tempo-integral-a-partir-de-2025\/\"]}]},{\"@type\":\"ImageObject\",\"inLanguage\":\"pt-BR\",\"@id\":\"https:\/\/noticiaempauta.com\/portal\/rafael-fonteles-garante-que-todas-escolas-estaduais-do-piaui-serao-em-tempo-integral-a-partir-de-2025\/#primaryimage\",\"url\":\"https:\/\/noticiaempauta.com\/portal\/wp-content\/uploads\/2024\/10\/large_Inauguracao_da_reforma_do_Centro_Estadual_de_Tempo_Integral_Professora_Aurea_Freire_Gabriel_Paulino9_c0ab56a3c0.jpg\",\"contentUrl\":\"https:\/\/noticiaempauta.com\/portal\/wp-content\/uploads\/2024\/10\/large_Inauguracao_da_reforma_do_Centro_Estadual_de_Tempo_Integral_Professora_Aurea_Freire_Gabriel_Paulino9_c0ab56a3c0.jpg\",\"width\":1000,\"height\":667},{\"@type\":\"BreadcrumbList\",\"@id\":\"https:\/\/noticiaempauta.com\/portal\/rafael-fonteles-garante-que-todas-escolas-estaduais-do-piaui-serao-em-tempo-integral-a-partir-de-2025\/#breadcrumb\",\"itemListElement\":[{\"@type\":\"ListItem\",\"position\":1,\"name\":\"P\u00e1gina Inicial\",\"item\":\"https:\/\/noticiaempauta.com\/portal\/\"},{\"@type\":\"ListItem\",\"position\":2,\"name\":\"Destaques\",\"item\":\"https:\/\/noticiaempauta.com\/portal\/destaques-site\/\"},{\"@type\":\"ListItem\",\"position\":3,\"name\":\"Rafael Fonteles garante que todas escolas estaduais do Piau\u00ed ser\u00e3o em tempo integral a partir de 2025\"}]},{\"@type\":\"WebSite\",\"@id\":\"https:\/\/noticiaempauta.com\/portal\/#website\",\"url\":\"https:\/\/noticiaempauta.com\/portal\/\",\"name\":\"Portal Not\u00edcia em Pauta\",\"description\":\"Voc\u00ea bem informado\",\"publisher\":{\"@id\":\"https:\/\/noticiaempauta.com\/portal\/#organization\"},\"potentialAction\":[{\"@type\":\"SearchAction\",\"target\":{\"@type\":\"EntryPoint\",\"urlTemplate\":\"https:\/\/noticiaempauta.com\/portal\/?s={search_term_string}\"},\"query-input\":{\"@type\":\"PropertyValueSpecification\",\"valueRequired\":true,\"valueName\":\"search_term_string\"}}],\"inLanguage\":\"pt-BR\"},{\"@type\":\"Organization\",\"@id\":\"https:\/\/noticiaempauta.com\/portal\/#organization\",\"name\":\"Portal Not\u00edcia em Pauta\",\"url\":\"https:\/\/noticiaempauta.com\/portal\/\",\"logo\":{\"@type\":\"ImageObject\",\"inLanguage\":\"pt-BR\",\"@id\":\"https:\/\/noticiaempauta.com\/portal\/#\/schema\/logo\/image\/\",\"url\":\"https:\/\/noticiaempauta.com\/portal\/wp-content\/uploads\/2022\/08\/logomarca_tema.fw_.png\",\"contentUrl\":\"https:\/\/noticiaempauta.com\/portal\/wp-content\/uploads\/2022\/08\/logomarca_tema.fw_.png\",\"width\":400,\"height\":232,\"caption\":\"Portal Not\u00edcia em Pauta\"},\"image\":{\"@id\":\"https:\/\/noticiaempauta.com\/portal\/#\/schema\/logo\/image\/\"},\"sameAs\":[\"https:\/\/www.facebook.com\/Portal-Notcia-Em-Pauta-102292869264820\/\",\"https:\/\/www.instagram.com\/portalnoticiaempauta\/\"]},{\"@type\":\"Person\",\"@id\":\"https:\/\/noticiaempauta.com\/portal\/#\/schema\/person\/a74af43dd1ab3deca45f988c717d57ac\",\"name\":\"Reda\u00e7\u00e3o\",\"image\":{\"@type\":\"ImageObject\",\"inLanguage\":\"pt-BR\",\"@id\":\"https:\/\/noticiaempauta.com\/portal\/#\/schema\/person\/image\/\",\"url\":\"https:\/\/secure.gravatar.com\/avatar\/03179346ecce6cdfc13361603e8f54242a90e5cde8618fa23c5c00aa2b0aadf3?s=96&d=mm&r=g\",\"contentUrl\":\"https:\/\/secure.gravatar.com\/avatar\/03179346ecce6cdfc13361603e8f54242a90e5cde8618fa23c5c00aa2b0aadf3?s=96&d=mm&r=g\",\"caption\":\"Reda\u00e7\u00e3o\"},\"sameAs\":[\"https:\/\/noticiaempauta.com\/portal\/\"],\"url\":\"https:\/\/noticiaempauta.com\/portal\/author\/fernando\/\"}]}<\/script>\n<!-- \/ Yoast SEO Premium plugin. -->","yoast_head_json":{"title":"Rafael Fonteles garante que todas escolas estaduais do Piau\u00ed ser\u00e3o em tempo integral a partir de 2025 - Portal Not\u00edcia em Pauta","robots":{"index":"index","follow":"follow","max-snippet":"max-snippet:-1","max-image-preview":"max-image-preview:large","max-video-preview":"max-video-preview:-1"},"canonical":"https:\/\/noticiaempauta.com\/portal\/rafael-fonteles-garante-que-todas-escolas-estaduais-do-piaui-serao-em-tempo-integral-a-partir-de-2025\/","og_locale":"pt_BR","og_type":"article","og_title":"Rafael Fonteles garante que todas escolas estaduais do Piau\u00ed ser\u00e3o em tempo integral a partir de 2025","og_description":"Durante entrega da reforma do Centro Estadual de Tempo Integral (Ceti) \u00c1urea Freire, nesta ter\u00e7a-feira (29), na zona sul de Teresina, o governador Rafael Fonteles destacou que a reforma das escolas estaduais, adaptadas para o ensino integral, est\u00e1 sendo bem r\u00e1pida e garantiu que no pr\u00f3ximo ano 100% das escolas da rede estadual ser\u00e3o na [&hellip;]","og_url":"https:\/\/noticiaempauta.com\/portal\/rafael-fonteles-garante-que-todas-escolas-estaduais-do-piaui-serao-em-tempo-integral-a-partir-de-2025\/","og_site_name":"Portal Not\u00edcia em Pauta","article_publisher":"https:\/\/www.facebook.com\/Portal-Notcia-Em-Pauta-102292869264820\/","article_published_time":"2024-10-30T12:58:26+00:00","article_modified_time":"2024-10-30T12:58:27+00:00","og_image":[{"width":1000,"height":667,"url":"https:\/\/noticiaempauta.com\/portal\/wp-content\/uploads\/2024\/10\/large_Inauguracao_da_reforma_do_Centro_Estadual_de_Tempo_Integral_Professora_Aurea_Freire_Gabriel_Paulino9_c0ab56a3c0.jpg","type":"image\/jpeg"}],"author":"Reda\u00e7\u00e3o","twitter_card":"summary_large_image","twitter_misc":{"Escrito por":"Reda\u00e7\u00e3o","Est. tempo de leitura":"2 minutos"},"schema":{"@context":"https:\/\/schema.org","@graph":[{"@type":"Article","@id":"https:\/\/noticiaempauta.com\/portal\/rafael-fonteles-garante-que-todas-escolas-estaduais-do-piaui-serao-em-tempo-integral-a-partir-de-2025\/#article","isPartOf":{"@id":"https:\/\/noticiaempauta.com\/portal\/rafael-fonteles-garante-que-todas-escolas-estaduais-do-piaui-serao-em-tempo-integral-a-partir-de-2025\/"},"author":{"name":"Reda\u00e7\u00e3o","@id":"https:\/\/noticiaempauta.com\/portal\/#\/schema\/person\/a74af43dd1ab3deca45f988c717d57ac"},"headline":"Rafael Fonteles garante que todas escolas estaduais do Piau\u00ed ser\u00e3o em tempo integral a partir de 2025","datePublished":"2024-10-30T12:58:26+00:00","dateModified":"2024-10-30T12:58:27+00:00","mainEntityOfPage":{"@id":"https:\/\/noticiaempauta.com\/portal\/rafael-fonteles-garante-que-todas-escolas-estaduais-do-piaui-serao-em-tempo-integral-a-partir-de-2025\/"},"wordCount":216,"commentCount":0,"publisher":{"@id":"https:\/\/noticiaempauta.com\/portal\/#organization"},"image":{"@id":"https:\/\/noticiaempauta.com\/portal\/rafael-fonteles-garante-que-todas-escolas-estaduais-do-piaui-serao-em-tempo-integral-a-partir-de-2025\/#primaryimage"},"thumbnailUrl":"https:\/\/noticiaempauta.com\/portal\/wp-content\/uploads\/2024\/10\/large_Inauguracao_da_reforma_do_Centro_Estadual_de_Tempo_Integral_Professora_Aurea_Freire_Gabriel_Paulino9_c0ab56a3c0.jpg","articleSection":["Destaques","Geral","Munic\u00edpios","Todas as Not\u00edcias"],"inLanguage":"pt-BR","potentialAction":[{"@type":"CommentAction","name":"Comment","target":["https:\/\/noticiaempauta.com\/portal\/rafael-fonteles-garante-que-todas-escolas-estaduais-do-piaui-serao-em-tempo-integral-a-partir-de-2025\/#respond"]}]},{"@type":"WebPage","@id":"https:\/\/noticiaempauta.com\/portal\/rafael-fonteles-garante-que-todas-escolas-estaduais-do-piaui-serao-em-tempo-integral-a-partir-de-2025\/","url":"https:\/\/noticiaempauta.com\/portal\/rafael-fonteles-garante-que-todas-escolas-estaduais-do-piaui-serao-em-tempo-integral-a-partir-de-2025\/","name":"Rafael Fonteles garante que todas escolas estaduais do Piau\u00ed ser\u00e3o em tempo integral a partir de 2025 - Portal Not\u00edcia em Pauta","isPartOf":{"@id":"https:\/\/noticiaempauta.com\/portal\/#website"},"primaryImageOfPage":{"@id":"https:\/\/noticiaempauta.com\/portal\/rafael-fonteles-garante-que-todas-escolas-estaduais-do-piaui-serao-em-tempo-integral-a-partir-de-2025\/#primaryimage"},"image":{"@id":"https:\/\/noticiaempauta.com\/portal\/rafael-fonteles-garante-que-todas-escolas-estaduais-do-piaui-serao-em-tempo-integral-a-partir-de-2025\/#primaryimage"},"thumbnailUrl":"https:\/\/noticiaempauta.com\/portal\/wp-content\/uploads\/2024\/10\/large_Inauguracao_da_reforma_do_Centro_Estadual_de_Tempo_Integral_Professora_Aurea_Freire_Gabriel_Paulino9_c0ab56a3c0.jpg","datePublished":"2024-10-30T12:58:26+00:00","dateModified":"2024-10-30T12:58:27+00:00","breadcrumb":{"@id":"https:\/\/noticiaempauta.com\/portal\/rafael-fonteles-garante-que-todas-escolas-estaduais-do-piaui-serao-em-tempo-integral-a-partir-de-2025\/#breadcrumb"},"inLanguage":"pt-BR","potentialAction":[{"@type":"ReadAction","target":["https:\/\/noticiaempauta.com\/portal\/rafael-fonteles-garante-que-todas-escolas-estaduais-do-piaui-serao-em-tempo-integral-a-partir-de-2025\/"]}]},{"@type":"ImageObject","inLanguage":"pt-BR","@id":"https:\/\/noticiaempauta.com\/portal\/rafael-fonteles-garante-que-todas-escolas-estaduais-do-piaui-serao-em-tempo-integral-a-partir-de-2025\/#primaryimage","url":"https:\/\/noticiaempauta.com\/portal\/wp-content\/uploads\/2024\/10\/large_Inauguracao_da_reforma_do_Centro_Estadual_de_Tempo_Integral_Professora_Aurea_Freire_Gabriel_Paulino9_c0ab56a3c0.jpg","contentUrl":"https:\/\/noticiaempauta.com\/portal\/wp-content\/uploads\/2024\/10\/large_Inauguracao_da_reforma_do_Centro_Estadual_de_Tempo_Integral_Professora_Aurea_Freire_Gabriel_Paulino9_c0ab56a3c0.jpg","width":1000,"height":667},{"@type":"BreadcrumbList","@id":"https:\/\/noticiaempauta.com\/portal\/rafael-fonteles-garante-que-todas-escolas-estaduais-do-piaui-serao-em-tempo-integral-a-partir-de-2025\/#breadcrumb","itemListElement":[{"@type":"ListItem","position":1,"name":"P\u00e1gina Inicial","item":"https:\/\/noticiaempauta.com\/portal\/"},{"@type":"ListItem","position":2,"name":"Destaques","item":"https:\/\/noticiaempauta.com\/portal\/destaques-site\/"},{"@type":"ListItem","position":3,"name":"Rafael Fonteles garante que todas escolas estaduais do Piau\u00ed ser\u00e3o em tempo integral a partir de 2025"}]},{"@type":"WebSite","@id":"https:\/\/noticiaempauta.com\/portal\/#website","url":"https:\/\/noticiaempauta.com\/portal\/","name":"Portal Not\u00edcia em Pauta","description":"Voc\u00ea bem informado","publisher":{"@id":"https:\/\/noticiaempauta.com\/portal\/#organization"},"potentialAction":[{"@type":"SearchAction","target":{"@type":"EntryPoint","urlTemplate":"https:\/\/noticiaempauta.com\/portal\/?s={search_term_string}"},"query-input":{"@type":"PropertyValueSpecification","valueRequired":true,"valueName":"search_term_string"}}],"inLanguage":"pt-BR"},{"@type":"Organization","@id":"https:\/\/noticiaempauta.com\/portal\/#organization","name":"Portal Not\u00edcia em Pauta","url":"https:\/\/noticiaempauta.com\/portal\/","logo":{"@type":"ImageObject","inLanguage":"pt-BR","@id":"https:\/\/noticiaempauta.com\/portal\/#\/schema\/logo\/image\/","url":"https:\/\/noticiaempauta.com\/portal\/wp-content\/uploads\/2022\/08\/logomarca_tema.fw_.png","contentUrl":"https:\/\/noticiaempauta.com\/portal\/wp-content\/uploads\/2022\/08\/logomarca_tema.fw_.png","width":400,"height":232,"caption":"Portal Not\u00edcia em Pauta"},"image":{"@id":"https:\/\/noticiaempauta.com\/portal\/#\/schema\/logo\/image\/"},"sameAs":["https:\/\/www.facebook.com\/Portal-Notcia-Em-Pauta-102292869264820\/","https:\/\/www.instagram.com\/portalnoticiaempauta\/"]},{"@type":"Person","@id":"https:\/\/noticiaempauta.com\/portal\/#\/schema\/person\/a74af43dd1ab3deca45f988c717d57ac","name":"Reda\u00e7\u00e3o","image":{"@type":"ImageObject","inLanguage":"pt-BR","@id":"https:\/\/noticiaempauta.com\/portal\/#\/schema\/person\/image\/","url":"https:\/\/secure.gravatar.com\/avatar\/03179346ecce6cdfc13361603e8f54242a90e5cde8618fa23c5c00aa2b0aadf3?s=96&d=mm&r=g","contentUrl":"https:\/\/secure.gravatar.com\/avatar\/03179346ecce6cdfc13361603e8f54242a90e5cde8618fa23c5c00aa2b0aadf3?s=96&d=mm&r=g","caption":"Reda\u00e7\u00e3o"},"sameAs":["https:\/\/noticiaempauta.com\/portal\/"],"url":"https:\/\/noticiaempauta.com\/portal\/author\/fernando\/"}]}},"_links":{"self":[{"href":"https:\/\/noticiaempauta.com\/portal\/wp-json\/wp\/v2\/posts\/263617","targetHints":{"allow":["GET"]}}],"collection":[{"href":"https:\/\/noticiaempauta.com\/portal\/wp-json\/wp\/v2\/posts"}],"about":[{"href":"https:\/\/noticiaempauta.com\/portal\/wp-json\/wp\/v2\/types\/post"}],"author":[{"embeddable":true,"href":"https:\/\/noticiaempauta.com\/portal\/wp-json\/wp\/v2\/users\/2"}],"replies":[{"embeddable":true,"href":"https:\/\/noticiaempauta.com\/portal\/wp-json\/wp\/v2\/comments?post=263617"}],"version-history":[{"count":1,"href":"https:\/\/noticiaempauta.com\/portal\/wp-json\/wp\/v2\/posts\/263617\/revisions"}],"predecessor-version":[{"id":263620,"href":"https:\/\/noticiaempauta.com\/portal\/wp-json\/wp\/v2\/posts\/263617\/revisions\/263620"}],"wp:featuredmedia":[{"embeddable":true,"href":"https:\/\/noticiaempauta.com\/portal\/wp-json\/wp\/v2\/media\/263618"}],"wp:attachment":[{"href":"https:\/\/noticiaempauta.com\/portal\/wp-json\/wp\/v2\/media?parent=263617"}],"wp:term":[{"taxonomy":"category","embeddable":true,"href":"https:\/\/noticiaempauta.com\/portal\/wp-json\/wp\/v2\/categories?post=263617"},{"taxonomy":"post_tag","embeddable":true,"href":"https:\/\/noticiaempauta.com\/portal\/wp-json\/wp\/v2\/tags?post=263617"}],"curies":[{"name":"wp","href":"https:\/\/api.w.org\/{rel}","templated":true}]}}