{"id":263633,"date":"2024-10-30T10:55:34","date_gmt":"2024-10-30T13:55:34","guid":{"rendered":"https:\/\/noticiaempauta.com\/portal\/?p=263633"},"modified":"2024-10-30T10:55:36","modified_gmt":"2024-10-30T13:55:36","slug":"yana-moura-e-ernandes-curica-defendem-dialogo-e-transparencia-em-uma-nova-oab","status":"publish","type":"post","link":"https:\/\/noticiaempauta.com\/portal\/yana-moura-e-ernandes-curica-defendem-dialogo-e-transparencia-em-uma-nova-oab\/","title":{"rendered":"Yana Moura e Ernandes Curica defendem di\u00e1logo e transpar\u00eancia em uma nova OAB"},"content":{"rendered":"\n<p>Os pr\u00e9-candidatos a presidente e vice-presidente da Ordem dos Advogados do Brasil, Subse\u00e7\u00e3o de Picos, Yana Moura e Ernandes Curica, est\u00e3o na linha de frente para representar a advocacia da regi\u00e3o na chapa de oposi\u00e7\u00e3o em Picos. A n\u00edvel de Seccional OAB\/PI, seguem alinhados com o discurso do pr\u00e9-candidato, o advogado Raimundo J\u00fanior, que possui extensa lista de servi\u00e7os prestados \u00e0 advocacia picoense.<\/p>\n\n\n\n<figure class=\"wp-block-image size-full\"><img fetchpriority=\"high\" decoding=\"async\" width=\"957\" height=\"863\" src=\"https:\/\/noticiaempauta.com\/portal\/wp-content\/uploads\/2024\/10\/WhatsApp-Image-2024-10-30-at-08.28.14.jpeg\" alt=\"\" class=\"wp-image-263634\" srcset=\"https:\/\/noticiaempauta.com\/portal\/wp-content\/uploads\/2024\/10\/WhatsApp-Image-2024-10-30-at-08.28.14.jpeg 957w, https:\/\/noticiaempauta.com\/portal\/wp-content\/uploads\/2024\/10\/WhatsApp-Image-2024-10-30-at-08.28.14-300x271.jpeg 300w, https:\/\/noticiaempauta.com\/portal\/wp-content\/uploads\/2024\/10\/WhatsApp-Image-2024-10-30-at-08.28.14-768x693.jpeg 768w\" sizes=\"(max-width: 957px) 100vw, 957px\" \/><\/figure>\n\n\n\n<p>Yana Moura, candidata a presidenta, \u00e9 advogada e mestre em sociologia. Tem uma carreira s\u00f3lida e dedicada \u00e0s \u00e1reas de Direito do Trabalho e Direito P\u00fablico. J\u00e1 atuou como professora da Uespi e atualmente exerce o cargo de assessora jur\u00eddica municipal e Agente Territorial Sebrae\/PI. \u00c9 pesquisadora de estruturas e conflitos no campo jur\u00eddico piauiense. A advogada tamb\u00e9m integra o Grupo de Pesquisa Din\u00e2micas Socioambientais, Cultura e Desenvolvimento no Semi\u00e1rido pela Universidade Estadual do Piau\u00ed.<\/p>\n\n\n\n<p>Desde o in\u00edcio de sua trajet\u00f3ria profissional, Dra.Yana Moura conta que abra\u00e7ou as causas essenciais para a advocacia, defendendo as prerrogativas da categoria e a transpar\u00eancia nos processos internos da OAB.<\/p>\n\n\n\n<p>Para ela, foi exatamente a falta de di\u00e1logo, transpar\u00eancia e compromisso com os advogados e advogadas que a posicionou como oposi\u00e7\u00e3o da atual gest\u00e3o do presidente Dr. Maycon Luz.*<\/p>\n\n\n\n<p>Segundo a advogada, \u00e9 preciso dar voz e oportunidade aos profissionais, incentivando a renova\u00e7\u00e3o, a inclus\u00e3o e a participa\u00e7\u00e3o ativa da advocacia na condu\u00e7\u00e3o de suas pr\u00f3prias demandas. \u201cNosso compromisso \u00e9 com a constru\u00e7\u00e3o de uma OAB que acolha, que escute, e que d\u00ea espa\u00e7o para todos, dos jovens advogados at\u00e9 os veteranos\u201d, destaca.<\/p>\n\n\n\n<p>Para o experiente advogado, Ernandes Curica, pr\u00e9-candidato a vice-presidente, sendo tido como outro nome de destaque na \u00e1rea de Direito da regi\u00e3o de Picos, a OAB-PI precisa se reinventar para ser a institui\u00e7\u00e3o que os advogados e advogadas almejam. \u201cA OAB-PI precisa ser uma porta aberta para todos os profissionais\u201d, destaca. \u201cA chapa liderada por Raimundo J\u00fanior \u00e9 a uni\u00e3o de vozes que acreditam que a advocacia pode ser mais participativa e transparente. \u00c9 isso que queremos construir no Piau\u00ed\u201d.<\/p>\n\n\n\n<p>Assim como Yana, Ernandes tem um curr\u00edculo robusto. \u00c9 advogado formado pela Unifor, ex-juiz leigo e com grande expertise no direito previdenci\u00e1rio. Ele tamb\u00e9m possui ampla experi\u00eancia e reconhecimento dentro da OAB-PI, onde j\u00e1 exerceu v\u00e1rios cargos ao longo dos anos, especialmente na Comiss\u00e3o de Direito Previdenci\u00e1rio, sendo membro da Associa\u00e7\u00e3o de Advogados Previdenciaristas do Piau\u00ed-AAPP.<\/p>\n\n\n\n<p>Fonte: WebPiaui<\/p>\n","protected":false},"excerpt":{"rendered":"<p>Os pr\u00e9-candidatos a presidente e vice-presidente da Ordem dos Advogados do Brasil, Subse\u00e7\u00e3o de Picos, Yana Moura e Ernandes Curica, est\u00e3o na linha de frente para representar a advocacia da regi\u00e3o na chapa de oposi\u00e7\u00e3o em Picos. A n\u00edvel de Seccional OAB\/PI, seguem alinhados com o discurso do pr\u00e9-candidato, o advogado Raimundo J\u00fanior, que possui [&hellip;]<\/p>\n","protected":false},"author":2,"featured_media":263634,"comment_status":"open","ping_status":"open","sticky":false,"template":"","format":"standard","meta":{"_mi_skip_tracking":false,"footnotes":""},"categories":[25,1,16],"tags":[],"class_list":["post-263633","post","type-post","status-publish","format-standard","has-post-thumbnail","hentry","category-destaques-site","category-geral","category-todas"],"acf":[],"yoast_head":"<!-- This site is optimized with the Yoast SEO Premium plugin v19.2 (Yoast SEO v26.9) - https:\/\/yoast.com\/product\/yoast-seo-premium-wordpress\/ -->\n<title>Yana Moura e Ernandes Curica defendem di\u00e1logo e transpar\u00eancia em uma nova OAB - Portal Not\u00edcia em Pauta<\/title>\n<meta name=\"robots\" content=\"index, follow, max-snippet:-1, max-image-preview:large, max-video-preview:-1\" \/>\n<link rel=\"canonical\" href=\"https:\/\/noticiaempauta.com\/portal\/yana-moura-e-ernandes-curica-defendem-dialogo-e-transparencia-em-uma-nova-oab\/\" \/>\n<meta property=\"og:locale\" content=\"pt_BR\" \/>\n<meta property=\"og:type\" content=\"article\" \/>\n<meta property=\"og:title\" content=\"Yana Moura e Ernandes Curica defendem di\u00e1logo e transpar\u00eancia em uma nova OAB\" \/>\n<meta property=\"og:description\" content=\"Os pr\u00e9-candidatos a presidente e vice-presidente da Ordem dos Advogados do Brasil, Subse\u00e7\u00e3o de Picos, Yana Moura e Ernandes Curica, est\u00e3o na linha de frente para representar a advocacia da regi\u00e3o na chapa de oposi\u00e7\u00e3o em Picos. A n\u00edvel de Seccional OAB\/PI, seguem alinhados com o discurso do pr\u00e9-candidato, o advogado Raimundo J\u00fanior, que possui [&hellip;]\" \/>\n<meta property=\"og:url\" content=\"https:\/\/noticiaempauta.com\/portal\/yana-moura-e-ernandes-curica-defendem-dialogo-e-transparencia-em-uma-nova-oab\/\" \/>\n<meta property=\"og:site_name\" content=\"Portal Not\u00edcia em Pauta\" \/>\n<meta property=\"article:publisher\" content=\"https:\/\/www.facebook.com\/Portal-Notcia-Em-Pauta-102292869264820\/\" \/>\n<meta property=\"article:published_time\" content=\"2024-10-30T13:55:34+00:00\" \/>\n<meta property=\"article:modified_time\" content=\"2024-10-30T13:55:36+00:00\" \/>\n<meta property=\"og:image\" content=\"https:\/\/noticiaempauta.com\/portal\/wp-content\/uploads\/2024\/10\/WhatsApp-Image-2024-10-30-at-08.28.14.jpeg\" \/>\n\t<meta property=\"og:image:width\" content=\"957\" \/>\n\t<meta property=\"og:image:height\" content=\"863\" \/>\n\t<meta property=\"og:image:type\" content=\"image\/jpeg\" \/>\n<meta name=\"author\" content=\"Reda\u00e7\u00e3o\" \/>\n<meta name=\"twitter:card\" content=\"summary_large_image\" \/>\n<meta name=\"twitter:label1\" content=\"Escrito por\" \/>\n\t<meta name=\"twitter:data1\" content=\"Reda\u00e7\u00e3o\" \/>\n\t<meta name=\"twitter:label2\" content=\"Est. tempo de leitura\" \/>\n\t<meta name=\"twitter:data2\" content=\"3 minutos\" \/>\n<script type=\"application\/ld+json\" class=\"yoast-schema-graph\">{\"@context\":\"https:\/\/schema.org\",\"@graph\":[{\"@type\":\"Article\",\"@id\":\"https:\/\/noticiaempauta.com\/portal\/yana-moura-e-ernandes-curica-defendem-dialogo-e-transparencia-em-uma-nova-oab\/#article\",\"isPartOf\":{\"@id\":\"https:\/\/noticiaempauta.com\/portal\/yana-moura-e-ernandes-curica-defendem-dialogo-e-transparencia-em-uma-nova-oab\/\"},\"author\":{\"name\":\"Reda\u00e7\u00e3o\",\"@id\":\"https:\/\/noticiaempauta.com\/portal\/#\/schema\/person\/a74af43dd1ab3deca45f988c717d57ac\"},\"headline\":\"Yana Moura e Ernandes Curica defendem di\u00e1logo e transpar\u00eancia em uma nova OAB\",\"datePublished\":\"2024-10-30T13:55:34+00:00\",\"dateModified\":\"2024-10-30T13:55:36+00:00\",\"mainEntityOfPage\":{\"@id\":\"https:\/\/noticiaempauta.com\/portal\/yana-moura-e-ernandes-curica-defendem-dialogo-e-transparencia-em-uma-nova-oab\/\"},\"wordCount\":445,\"commentCount\":0,\"publisher\":{\"@id\":\"https:\/\/noticiaempauta.com\/portal\/#organization\"},\"image\":{\"@id\":\"https:\/\/noticiaempauta.com\/portal\/yana-moura-e-ernandes-curica-defendem-dialogo-e-transparencia-em-uma-nova-oab\/#primaryimage\"},\"thumbnailUrl\":\"https:\/\/noticiaempauta.com\/portal\/wp-content\/uploads\/2024\/10\/WhatsApp-Image-2024-10-30-at-08.28.14.jpeg\",\"articleSection\":[\"Destaques\",\"Geral\",\"Todas as Not\u00edcias\"],\"inLanguage\":\"pt-BR\",\"potentialAction\":[{\"@type\":\"CommentAction\",\"name\":\"Comment\",\"target\":[\"https:\/\/noticiaempauta.com\/portal\/yana-moura-e-ernandes-curica-defendem-dialogo-e-transparencia-em-uma-nova-oab\/#respond\"]}]},{\"@type\":\"WebPage\",\"@id\":\"https:\/\/noticiaempauta.com\/portal\/yana-moura-e-ernandes-curica-defendem-dialogo-e-transparencia-em-uma-nova-oab\/\",\"url\":\"https:\/\/noticiaempauta.com\/portal\/yana-moura-e-ernandes-curica-defendem-dialogo-e-transparencia-em-uma-nova-oab\/\",\"name\":\"Yana Moura e Ernandes Curica defendem di\u00e1logo e transpar\u00eancia em uma nova OAB - Portal Not\u00edcia em Pauta\",\"isPartOf\":{\"@id\":\"https:\/\/noticiaempauta.com\/portal\/#website\"},\"primaryImageOfPage\":{\"@id\":\"https:\/\/noticiaempauta.com\/portal\/yana-moura-e-ernandes-curica-defendem-dialogo-e-transparencia-em-uma-nova-oab\/#primaryimage\"},\"image\":{\"@id\":\"https:\/\/noticiaempauta.com\/portal\/yana-moura-e-ernandes-curica-defendem-dialogo-e-transparencia-em-uma-nova-oab\/#primaryimage\"},\"thumbnailUrl\":\"https:\/\/noticiaempauta.com\/portal\/wp-content\/uploads\/2024\/10\/WhatsApp-Image-2024-10-30-at-08.28.14.jpeg\",\"datePublished\":\"2024-10-30T13:55:34+00:00\",\"dateModified\":\"2024-10-30T13:55:36+00:00\",\"breadcrumb\":{\"@id\":\"https:\/\/noticiaempauta.com\/portal\/yana-moura-e-ernandes-curica-defendem-dialogo-e-transparencia-em-uma-nova-oab\/#breadcrumb\"},\"inLanguage\":\"pt-BR\",\"potentialAction\":[{\"@type\":\"ReadAction\",\"target\":[\"https:\/\/noticiaempauta.com\/portal\/yana-moura-e-ernandes-curica-defendem-dialogo-e-transparencia-em-uma-nova-oab\/\"]}]},{\"@type\":\"ImageObject\",\"inLanguage\":\"pt-BR\",\"@id\":\"https:\/\/noticiaempauta.com\/portal\/yana-moura-e-ernandes-curica-defendem-dialogo-e-transparencia-em-uma-nova-oab\/#primaryimage\",\"url\":\"https:\/\/noticiaempauta.com\/portal\/wp-content\/uploads\/2024\/10\/WhatsApp-Image-2024-10-30-at-08.28.14.jpeg\",\"contentUrl\":\"https:\/\/noticiaempauta.com\/portal\/wp-content\/uploads\/2024\/10\/WhatsApp-Image-2024-10-30-at-08.28.14.jpeg\",\"width\":957,\"height\":863},{\"@type\":\"BreadcrumbList\",\"@id\":\"https:\/\/noticiaempauta.com\/portal\/yana-moura-e-ernandes-curica-defendem-dialogo-e-transparencia-em-uma-nova-oab\/#breadcrumb\",\"itemListElement\":[{\"@type\":\"ListItem\",\"position\":1,\"name\":\"P\u00e1gina Inicial\",\"item\":\"https:\/\/noticiaempauta.com\/portal\/\"},{\"@type\":\"ListItem\",\"position\":2,\"name\":\"Destaques\",\"item\":\"https:\/\/noticiaempauta.com\/portal\/destaques-site\/\"},{\"@type\":\"ListItem\",\"position\":3,\"name\":\"Yana Moura e Ernandes Curica defendem di\u00e1logo e transpar\u00eancia em uma nova OAB\"}]},{\"@type\":\"WebSite\",\"@id\":\"https:\/\/noticiaempauta.com\/portal\/#website\",\"url\":\"https:\/\/noticiaempauta.com\/portal\/\",\"name\":\"Portal Not\u00edcia em Pauta\",\"description\":\"Voc\u00ea bem informado\",\"publisher\":{\"@id\":\"https:\/\/noticiaempauta.com\/portal\/#organization\"},\"potentialAction\":[{\"@type\":\"SearchAction\",\"target\":{\"@type\":\"EntryPoint\",\"urlTemplate\":\"https:\/\/noticiaempauta.com\/portal\/?s={search_term_string}\"},\"query-input\":{\"@type\":\"PropertyValueSpecification\",\"valueRequired\":true,\"valueName\":\"search_term_string\"}}],\"inLanguage\":\"pt-BR\"},{\"@type\":\"Organization\",\"@id\":\"https:\/\/noticiaempauta.com\/portal\/#organization\",\"name\":\"Portal Not\u00edcia em Pauta\",\"url\":\"https:\/\/noticiaempauta.com\/portal\/\",\"logo\":{\"@type\":\"ImageObject\",\"inLanguage\":\"pt-BR\",\"@id\":\"https:\/\/noticiaempauta.com\/portal\/#\/schema\/logo\/image\/\",\"url\":\"https:\/\/noticiaempauta.com\/portal\/wp-content\/uploads\/2022\/08\/logomarca_tema.fw_.png\",\"contentUrl\":\"https:\/\/noticiaempauta.com\/portal\/wp-content\/uploads\/2022\/08\/logomarca_tema.fw_.png\",\"width\":400,\"height\":232,\"caption\":\"Portal Not\u00edcia em Pauta\"},\"image\":{\"@id\":\"https:\/\/noticiaempauta.com\/portal\/#\/schema\/logo\/image\/\"},\"sameAs\":[\"https:\/\/www.facebook.com\/Portal-Notcia-Em-Pauta-102292869264820\/\",\"https:\/\/www.instagram.com\/portalnoticiaempauta\/\"]},{\"@type\":\"Person\",\"@id\":\"https:\/\/noticiaempauta.com\/portal\/#\/schema\/person\/a74af43dd1ab3deca45f988c717d57ac\",\"name\":\"Reda\u00e7\u00e3o\",\"image\":{\"@type\":\"ImageObject\",\"inLanguage\":\"pt-BR\",\"@id\":\"https:\/\/noticiaempauta.com\/portal\/#\/schema\/person\/image\/\",\"url\":\"https:\/\/secure.gravatar.com\/avatar\/03179346ecce6cdfc13361603e8f54242a90e5cde8618fa23c5c00aa2b0aadf3?s=96&d=mm&r=g\",\"contentUrl\":\"https:\/\/secure.gravatar.com\/avatar\/03179346ecce6cdfc13361603e8f54242a90e5cde8618fa23c5c00aa2b0aadf3?s=96&d=mm&r=g\",\"caption\":\"Reda\u00e7\u00e3o\"},\"sameAs\":[\"https:\/\/noticiaempauta.com\/portal\/\"],\"url\":\"https:\/\/noticiaempauta.com\/portal\/author\/fernando\/\"}]}<\/script>\n<!-- \/ Yoast SEO Premium plugin. -->","yoast_head_json":{"title":"Yana Moura e Ernandes Curica defendem di\u00e1logo e transpar\u00eancia em uma nova OAB - Portal Not\u00edcia em Pauta","robots":{"index":"index","follow":"follow","max-snippet":"max-snippet:-1","max-image-preview":"max-image-preview:large","max-video-preview":"max-video-preview:-1"},"canonical":"https:\/\/noticiaempauta.com\/portal\/yana-moura-e-ernandes-curica-defendem-dialogo-e-transparencia-em-uma-nova-oab\/","og_locale":"pt_BR","og_type":"article","og_title":"Yana Moura e Ernandes Curica defendem di\u00e1logo e transpar\u00eancia em uma nova OAB","og_description":"Os pr\u00e9-candidatos a presidente e vice-presidente da Ordem dos Advogados do Brasil, Subse\u00e7\u00e3o de Picos, Yana Moura e Ernandes Curica, est\u00e3o na linha de frente para representar a advocacia da regi\u00e3o na chapa de oposi\u00e7\u00e3o em Picos. A n\u00edvel de Seccional OAB\/PI, seguem alinhados com o discurso do pr\u00e9-candidato, o advogado Raimundo J\u00fanior, que possui [&hellip;]","og_url":"https:\/\/noticiaempauta.com\/portal\/yana-moura-e-ernandes-curica-defendem-dialogo-e-transparencia-em-uma-nova-oab\/","og_site_name":"Portal Not\u00edcia em Pauta","article_publisher":"https:\/\/www.facebook.com\/Portal-Notcia-Em-Pauta-102292869264820\/","article_published_time":"2024-10-30T13:55:34+00:00","article_modified_time":"2024-10-30T13:55:36+00:00","og_image":[{"width":957,"height":863,"url":"https:\/\/noticiaempauta.com\/portal\/wp-content\/uploads\/2024\/10\/WhatsApp-Image-2024-10-30-at-08.28.14.jpeg","type":"image\/jpeg"}],"author":"Reda\u00e7\u00e3o","twitter_card":"summary_large_image","twitter_misc":{"Escrito por":"Reda\u00e7\u00e3o","Est. tempo de leitura":"3 minutos"},"schema":{"@context":"https:\/\/schema.org","@graph":[{"@type":"Article","@id":"https:\/\/noticiaempauta.com\/portal\/yana-moura-e-ernandes-curica-defendem-dialogo-e-transparencia-em-uma-nova-oab\/#article","isPartOf":{"@id":"https:\/\/noticiaempauta.com\/portal\/yana-moura-e-ernandes-curica-defendem-dialogo-e-transparencia-em-uma-nova-oab\/"},"author":{"name":"Reda\u00e7\u00e3o","@id":"https:\/\/noticiaempauta.com\/portal\/#\/schema\/person\/a74af43dd1ab3deca45f988c717d57ac"},"headline":"Yana Moura e Ernandes Curica defendem di\u00e1logo e transpar\u00eancia em uma nova OAB","datePublished":"2024-10-30T13:55:34+00:00","dateModified":"2024-10-30T13:55:36+00:00","mainEntityOfPage":{"@id":"https:\/\/noticiaempauta.com\/portal\/yana-moura-e-ernandes-curica-defendem-dialogo-e-transparencia-em-uma-nova-oab\/"},"wordCount":445,"commentCount":0,"publisher":{"@id":"https:\/\/noticiaempauta.com\/portal\/#organization"},"image":{"@id":"https:\/\/noticiaempauta.com\/portal\/yana-moura-e-ernandes-curica-defendem-dialogo-e-transparencia-em-uma-nova-oab\/#primaryimage"},"thumbnailUrl":"https:\/\/noticiaempauta.com\/portal\/wp-content\/uploads\/2024\/10\/WhatsApp-Image-2024-10-30-at-08.28.14.jpeg","articleSection":["Destaques","Geral","Todas as Not\u00edcias"],"inLanguage":"pt-BR","potentialAction":[{"@type":"CommentAction","name":"Comment","target":["https:\/\/noticiaempauta.com\/portal\/yana-moura-e-ernandes-curica-defendem-dialogo-e-transparencia-em-uma-nova-oab\/#respond"]}]},{"@type":"WebPage","@id":"https:\/\/noticiaempauta.com\/portal\/yana-moura-e-ernandes-curica-defendem-dialogo-e-transparencia-em-uma-nova-oab\/","url":"https:\/\/noticiaempauta.com\/portal\/yana-moura-e-ernandes-curica-defendem-dialogo-e-transparencia-em-uma-nova-oab\/","name":"Yana Moura e Ernandes Curica defendem di\u00e1logo e transpar\u00eancia em uma nova OAB - Portal Not\u00edcia em Pauta","isPartOf":{"@id":"https:\/\/noticiaempauta.com\/portal\/#website"},"primaryImageOfPage":{"@id":"https:\/\/noticiaempauta.com\/portal\/yana-moura-e-ernandes-curica-defendem-dialogo-e-transparencia-em-uma-nova-oab\/#primaryimage"},"image":{"@id":"https:\/\/noticiaempauta.com\/portal\/yana-moura-e-ernandes-curica-defendem-dialogo-e-transparencia-em-uma-nova-oab\/#primaryimage"},"thumbnailUrl":"https:\/\/noticiaempauta.com\/portal\/wp-content\/uploads\/2024\/10\/WhatsApp-Image-2024-10-30-at-08.28.14.jpeg","datePublished":"2024-10-30T13:55:34+00:00","dateModified":"2024-10-30T13:55:36+00:00","breadcrumb":{"@id":"https:\/\/noticiaempauta.com\/portal\/yana-moura-e-ernandes-curica-defendem-dialogo-e-transparencia-em-uma-nova-oab\/#breadcrumb"},"inLanguage":"pt-BR","potentialAction":[{"@type":"ReadAction","target":["https:\/\/noticiaempauta.com\/portal\/yana-moura-e-ernandes-curica-defendem-dialogo-e-transparencia-em-uma-nova-oab\/"]}]},{"@type":"ImageObject","inLanguage":"pt-BR","@id":"https:\/\/noticiaempauta.com\/portal\/yana-moura-e-ernandes-curica-defendem-dialogo-e-transparencia-em-uma-nova-oab\/#primaryimage","url":"https:\/\/noticiaempauta.com\/portal\/wp-content\/uploads\/2024\/10\/WhatsApp-Image-2024-10-30-at-08.28.14.jpeg","contentUrl":"https:\/\/noticiaempauta.com\/portal\/wp-content\/uploads\/2024\/10\/WhatsApp-Image-2024-10-30-at-08.28.14.jpeg","width":957,"height":863},{"@type":"BreadcrumbList","@id":"https:\/\/noticiaempauta.com\/portal\/yana-moura-e-ernandes-curica-defendem-dialogo-e-transparencia-em-uma-nova-oab\/#breadcrumb","itemListElement":[{"@type":"ListItem","position":1,"name":"P\u00e1gina Inicial","item":"https:\/\/noticiaempauta.com\/portal\/"},{"@type":"ListItem","position":2,"name":"Destaques","item":"https:\/\/noticiaempauta.com\/portal\/destaques-site\/"},{"@type":"ListItem","position":3,"name":"Yana Moura e Ernandes Curica defendem di\u00e1logo e transpar\u00eancia em uma nova OAB"}]},{"@type":"WebSite","@id":"https:\/\/noticiaempauta.com\/portal\/#website","url":"https:\/\/noticiaempauta.com\/portal\/","name":"Portal Not\u00edcia em Pauta","description":"Voc\u00ea bem informado","publisher":{"@id":"https:\/\/noticiaempauta.com\/portal\/#organization"},"potentialAction":[{"@type":"SearchAction","target":{"@type":"EntryPoint","urlTemplate":"https:\/\/noticiaempauta.com\/portal\/?s={search_term_string}"},"query-input":{"@type":"PropertyValueSpecification","valueRequired":true,"valueName":"search_term_string"}}],"inLanguage":"pt-BR"},{"@type":"Organization","@id":"https:\/\/noticiaempauta.com\/portal\/#organization","name":"Portal Not\u00edcia em Pauta","url":"https:\/\/noticiaempauta.com\/portal\/","logo":{"@type":"ImageObject","inLanguage":"pt-BR","@id":"https:\/\/noticiaempauta.com\/portal\/#\/schema\/logo\/image\/","url":"https:\/\/noticiaempauta.com\/portal\/wp-content\/uploads\/2022\/08\/logomarca_tema.fw_.png","contentUrl":"https:\/\/noticiaempauta.com\/portal\/wp-content\/uploads\/2022\/08\/logomarca_tema.fw_.png","width":400,"height":232,"caption":"Portal Not\u00edcia em Pauta"},"image":{"@id":"https:\/\/noticiaempauta.com\/portal\/#\/schema\/logo\/image\/"},"sameAs":["https:\/\/www.facebook.com\/Portal-Notcia-Em-Pauta-102292869264820\/","https:\/\/www.instagram.com\/portalnoticiaempauta\/"]},{"@type":"Person","@id":"https:\/\/noticiaempauta.com\/portal\/#\/schema\/person\/a74af43dd1ab3deca45f988c717d57ac","name":"Reda\u00e7\u00e3o","image":{"@type":"ImageObject","inLanguage":"pt-BR","@id":"https:\/\/noticiaempauta.com\/portal\/#\/schema\/person\/image\/","url":"https:\/\/secure.gravatar.com\/avatar\/03179346ecce6cdfc13361603e8f54242a90e5cde8618fa23c5c00aa2b0aadf3?s=96&d=mm&r=g","contentUrl":"https:\/\/secure.gravatar.com\/avatar\/03179346ecce6cdfc13361603e8f54242a90e5cde8618fa23c5c00aa2b0aadf3?s=96&d=mm&r=g","caption":"Reda\u00e7\u00e3o"},"sameAs":["https:\/\/noticiaempauta.com\/portal\/"],"url":"https:\/\/noticiaempauta.com\/portal\/author\/fernando\/"}]}},"_links":{"self":[{"href":"https:\/\/noticiaempauta.com\/portal\/wp-json\/wp\/v2\/posts\/263633","targetHints":{"allow":["GET"]}}],"collection":[{"href":"https:\/\/noticiaempauta.com\/portal\/wp-json\/wp\/v2\/posts"}],"about":[{"href":"https:\/\/noticiaempauta.com\/portal\/wp-json\/wp\/v2\/types\/post"}],"author":[{"embeddable":true,"href":"https:\/\/noticiaempauta.com\/portal\/wp-json\/wp\/v2\/users\/2"}],"replies":[{"embeddable":true,"href":"https:\/\/noticiaempauta.com\/portal\/wp-json\/wp\/v2\/comments?post=263633"}],"version-history":[{"count":1,"href":"https:\/\/noticiaempauta.com\/portal\/wp-json\/wp\/v2\/posts\/263633\/revisions"}],"predecessor-version":[{"id":263635,"href":"https:\/\/noticiaempauta.com\/portal\/wp-json\/wp\/v2\/posts\/263633\/revisions\/263635"}],"wp:featuredmedia":[{"embeddable":true,"href":"https:\/\/noticiaempauta.com\/portal\/wp-json\/wp\/v2\/media\/263634"}],"wp:attachment":[{"href":"https:\/\/noticiaempauta.com\/portal\/wp-json\/wp\/v2\/media?parent=263633"}],"wp:term":[{"taxonomy":"category","embeddable":true,"href":"https:\/\/noticiaempauta.com\/portal\/wp-json\/wp\/v2\/categories?post=263633"},{"taxonomy":"post_tag","embeddable":true,"href":"https:\/\/noticiaempauta.com\/portal\/wp-json\/wp\/v2\/tags?post=263633"}],"curies":[{"name":"wp","href":"https:\/\/api.w.org\/{rel}","templated":true}]}}