{"id":263639,"date":"2024-10-30T17:36:00","date_gmt":"2024-10-30T20:36:00","guid":{"rendered":"https:\/\/noticiaempauta.com\/portal\/?p=263639"},"modified":"2024-10-30T17:36:01","modified_gmt":"2024-10-30T20:36:01","slug":"paqueta-do-piaui-e-contemplada-com-50-novas-moradias-pelo-programa-minha-casa-minha-vida","status":"publish","type":"post","link":"https:\/\/noticiaempauta.com\/portal\/paqueta-do-piaui-e-contemplada-com-50-novas-moradias-pelo-programa-minha-casa-minha-vida\/","title":{"rendered":"Paquet\u00e1 do Piau\u00ed \u00e9 contemplada com 50 novas moradias pelo programa Minha Casa Minha Vida"},"content":{"rendered":"\n<p>O munic\u00edpio de Paquet\u00e1 do Piau\u00ed foi contemplado pelo Governo Federal atrav\u00e9s do programa Minha Casa Minha Vida com a constru\u00e7\u00e3o de 50 novas unidades habitacionais.<\/p>\n\n\n\n<figure class=\"wp-block-image size-large\"><img fetchpriority=\"high\" decoding=\"async\" width=\"1024\" height=\"984\" src=\"https:\/\/noticiaempauta.com\/portal\/wp-content\/uploads\/2024\/10\/IMG_6145-1024x984.jpeg\" alt=\"\" class=\"wp-image-263641\" srcset=\"https:\/\/noticiaempauta.com\/portal\/wp-content\/uploads\/2024\/10\/IMG_6145-1024x984.jpeg 1024w, https:\/\/noticiaempauta.com\/portal\/wp-content\/uploads\/2024\/10\/IMG_6145-300x288.jpeg 300w, https:\/\/noticiaempauta.com\/portal\/wp-content\/uploads\/2024\/10\/IMG_6145-768x738.jpeg 768w, https:\/\/noticiaempauta.com\/portal\/wp-content\/uploads\/2024\/10\/IMG_6145.jpeg 1170w\" sizes=\"(max-width: 1024px) 100vw, 1024px\" \/><\/figure>\n\n\n\n<p>A informa\u00e7\u00e3o foi publicada pelo prefeito do munic\u00edpio Dr. Clayton Barros em suas redes sociais, o gestor ressalta a felicidade e import\u00e2ncia do investimento para o munic\u00edpio.<\/p>\n\n\n\n<figure class=\"wp-block-image size-full\"><img decoding=\"async\" width=\"1021\" height=\"741\" src=\"https:\/\/noticiaempauta.com\/portal\/wp-content\/uploads\/2024\/10\/IMG_6146.jpeg\" alt=\"\" class=\"wp-image-263642\" srcset=\"https:\/\/noticiaempauta.com\/portal\/wp-content\/uploads\/2024\/10\/IMG_6146.jpeg 1021w, https:\/\/noticiaempauta.com\/portal\/wp-content\/uploads\/2024\/10\/IMG_6146-300x218.jpeg 300w, https:\/\/noticiaempauta.com\/portal\/wp-content\/uploads\/2024\/10\/IMG_6146-768x557.jpeg 768w\" sizes=\"(max-width: 1021px) 100vw, 1021px\" \/><\/figure>\n\n\n\n<p>\u201cEste \u00e9 um passo importante na luta por mais dignidade e qualidade de vida para todos os cidad\u00e3os. Cada nova resid\u00eancia representa n\u00e3o apenas um lar, mas tamb\u00e9m esperan\u00e7a, seguran\u00e7a e um futuro melhor para nossas fam\u00edlias. Seguimos juntos na constru\u00e7\u00e3o de uma Paquet\u00e1 ainda mais unida e solid\u00e1ria \u201c comentou o prefeito.<\/p>\n\n\n\n<p><\/p>\n","protected":false},"excerpt":{"rendered":"<p>O munic\u00edpio de Paquet\u00e1 do Piau\u00ed foi contemplado pelo Governo Federal atrav\u00e9s do programa Minha Casa Minha Vida com a constru\u00e7\u00e3o de 50 novas unidades habitacionais. A informa\u00e7\u00e3o foi publicada pelo prefeito do munic\u00edpio Dr. Clayton Barros em suas redes sociais, o gestor ressalta a felicidade e import\u00e2ncia do investimento para o munic\u00edpio. \u201cEste \u00e9 [&hellip;]<\/p>\n","protected":false},"author":2,"featured_media":263640,"comment_status":"open","ping_status":"open","sticky":false,"template":"","format":"standard","meta":{"_mi_skip_tracking":false,"footnotes":""},"categories":[25,1,9,16],"tags":[],"class_list":["post-263639","post","type-post","status-publish","format-standard","has-post-thumbnail","hentry","category-destaques-site","category-geral","category-municipios","category-todas"],"acf":[],"yoast_head":"<!-- This site is optimized with the Yoast SEO Premium plugin v19.2 (Yoast SEO v26.9) - https:\/\/yoast.com\/product\/yoast-seo-premium-wordpress\/ -->\n<title>Paquet\u00e1 do Piau\u00ed \u00e9 contemplada com 50 novas moradias pelo programa Minha Casa Minha Vida - Portal Not\u00edcia em Pauta<\/title>\n<meta name=\"robots\" content=\"index, follow, max-snippet:-1, max-image-preview:large, max-video-preview:-1\" \/>\n<link rel=\"canonical\" href=\"https:\/\/noticiaempauta.com\/portal\/paqueta-do-piaui-e-contemplada-com-50-novas-moradias-pelo-programa-minha-casa-minha-vida\/\" \/>\n<meta property=\"og:locale\" content=\"pt_BR\" \/>\n<meta property=\"og:type\" content=\"article\" \/>\n<meta property=\"og:title\" content=\"Paquet\u00e1 do Piau\u00ed \u00e9 contemplada com 50 novas moradias pelo programa Minha Casa Minha Vida\" \/>\n<meta property=\"og:description\" content=\"O munic\u00edpio de Paquet\u00e1 do Piau\u00ed foi contemplado pelo Governo Federal atrav\u00e9s do programa Minha Casa Minha Vida com a constru\u00e7\u00e3o de 50 novas unidades habitacionais. A informa\u00e7\u00e3o foi publicada pelo prefeito do munic\u00edpio Dr. Clayton Barros em suas redes sociais, o gestor ressalta a felicidade e import\u00e2ncia do investimento para o munic\u00edpio. \u201cEste \u00e9 [&hellip;]\" \/>\n<meta property=\"og:url\" content=\"https:\/\/noticiaempauta.com\/portal\/paqueta-do-piaui-e-contemplada-com-50-novas-moradias-pelo-programa-minha-casa-minha-vida\/\" \/>\n<meta property=\"og:site_name\" content=\"Portal Not\u00edcia em Pauta\" \/>\n<meta property=\"article:publisher\" content=\"https:\/\/www.facebook.com\/Portal-Notcia-Em-Pauta-102292869264820\/\" \/>\n<meta property=\"article:published_time\" content=\"2024-10-30T20:36:00+00:00\" \/>\n<meta property=\"article:modified_time\" content=\"2024-10-30T20:36:01+00:00\" \/>\n<meta property=\"og:image\" content=\"https:\/\/noticiaempauta.com\/portal\/wp-content\/uploads\/2024\/10\/IMG_6143.jpeg\" \/>\n\t<meta property=\"og:image:width\" content=\"1115\" \/>\n\t<meta property=\"og:image:height\" content=\"957\" \/>\n\t<meta property=\"og:image:type\" content=\"image\/jpeg\" \/>\n<meta name=\"author\" content=\"Reda\u00e7\u00e3o\" \/>\n<meta name=\"twitter:card\" content=\"summary_large_image\" \/>\n<meta name=\"twitter:label1\" content=\"Escrito por\" \/>\n\t<meta name=\"twitter:data1\" content=\"Reda\u00e7\u00e3o\" \/>\n\t<meta name=\"twitter:label2\" content=\"Est. tempo de leitura\" \/>\n\t<meta name=\"twitter:data2\" content=\"2 minutos\" \/>\n<script type=\"application\/ld+json\" class=\"yoast-schema-graph\">{\"@context\":\"https:\/\/schema.org\",\"@graph\":[{\"@type\":\"Article\",\"@id\":\"https:\/\/noticiaempauta.com\/portal\/paqueta-do-piaui-e-contemplada-com-50-novas-moradias-pelo-programa-minha-casa-minha-vida\/#article\",\"isPartOf\":{\"@id\":\"https:\/\/noticiaempauta.com\/portal\/paqueta-do-piaui-e-contemplada-com-50-novas-moradias-pelo-programa-minha-casa-minha-vida\/\"},\"author\":{\"name\":\"Reda\u00e7\u00e3o\",\"@id\":\"https:\/\/noticiaempauta.com\/portal\/#\/schema\/person\/a74af43dd1ab3deca45f988c717d57ac\"},\"headline\":\"Paquet\u00e1 do Piau\u00ed \u00e9 contemplada com 50 novas moradias pelo programa Minha Casa Minha Vida\",\"datePublished\":\"2024-10-30T20:36:00+00:00\",\"dateModified\":\"2024-10-30T20:36:01+00:00\",\"mainEntityOfPage\":{\"@id\":\"https:\/\/noticiaempauta.com\/portal\/paqueta-do-piaui-e-contemplada-com-50-novas-moradias-pelo-programa-minha-casa-minha-vida\/\"},\"wordCount\":132,\"commentCount\":0,\"publisher\":{\"@id\":\"https:\/\/noticiaempauta.com\/portal\/#organization\"},\"image\":{\"@id\":\"https:\/\/noticiaempauta.com\/portal\/paqueta-do-piaui-e-contemplada-com-50-novas-moradias-pelo-programa-minha-casa-minha-vida\/#primaryimage\"},\"thumbnailUrl\":\"https:\/\/noticiaempauta.com\/portal\/wp-content\/uploads\/2024\/10\/IMG_6143.jpeg\",\"articleSection\":[\"Destaques\",\"Geral\",\"Munic\u00edpios\",\"Todas as Not\u00edcias\"],\"inLanguage\":\"pt-BR\",\"potentialAction\":[{\"@type\":\"CommentAction\",\"name\":\"Comment\",\"target\":[\"https:\/\/noticiaempauta.com\/portal\/paqueta-do-piaui-e-contemplada-com-50-novas-moradias-pelo-programa-minha-casa-minha-vida\/#respond\"]}]},{\"@type\":\"WebPage\",\"@id\":\"https:\/\/noticiaempauta.com\/portal\/paqueta-do-piaui-e-contemplada-com-50-novas-moradias-pelo-programa-minha-casa-minha-vida\/\",\"url\":\"https:\/\/noticiaempauta.com\/portal\/paqueta-do-piaui-e-contemplada-com-50-novas-moradias-pelo-programa-minha-casa-minha-vida\/\",\"name\":\"Paquet\u00e1 do Piau\u00ed \u00e9 contemplada com 50 novas moradias pelo programa Minha Casa Minha Vida - Portal Not\u00edcia em Pauta\",\"isPartOf\":{\"@id\":\"https:\/\/noticiaempauta.com\/portal\/#website\"},\"primaryImageOfPage\":{\"@id\":\"https:\/\/noticiaempauta.com\/portal\/paqueta-do-piaui-e-contemplada-com-50-novas-moradias-pelo-programa-minha-casa-minha-vida\/#primaryimage\"},\"image\":{\"@id\":\"https:\/\/noticiaempauta.com\/portal\/paqueta-do-piaui-e-contemplada-com-50-novas-moradias-pelo-programa-minha-casa-minha-vida\/#primaryimage\"},\"thumbnailUrl\":\"https:\/\/noticiaempauta.com\/portal\/wp-content\/uploads\/2024\/10\/IMG_6143.jpeg\",\"datePublished\":\"2024-10-30T20:36:00+00:00\",\"dateModified\":\"2024-10-30T20:36:01+00:00\",\"breadcrumb\":{\"@id\":\"https:\/\/noticiaempauta.com\/portal\/paqueta-do-piaui-e-contemplada-com-50-novas-moradias-pelo-programa-minha-casa-minha-vida\/#breadcrumb\"},\"inLanguage\":\"pt-BR\",\"potentialAction\":[{\"@type\":\"ReadAction\",\"target\":[\"https:\/\/noticiaempauta.com\/portal\/paqueta-do-piaui-e-contemplada-com-50-novas-moradias-pelo-programa-minha-casa-minha-vida\/\"]}]},{\"@type\":\"ImageObject\",\"inLanguage\":\"pt-BR\",\"@id\":\"https:\/\/noticiaempauta.com\/portal\/paqueta-do-piaui-e-contemplada-com-50-novas-moradias-pelo-programa-minha-casa-minha-vida\/#primaryimage\",\"url\":\"https:\/\/noticiaempauta.com\/portal\/wp-content\/uploads\/2024\/10\/IMG_6143.jpeg\",\"contentUrl\":\"https:\/\/noticiaempauta.com\/portal\/wp-content\/uploads\/2024\/10\/IMG_6143.jpeg\",\"width\":1115,\"height\":957,\"caption\":\"Screenshot\"},{\"@type\":\"BreadcrumbList\",\"@id\":\"https:\/\/noticiaempauta.com\/portal\/paqueta-do-piaui-e-contemplada-com-50-novas-moradias-pelo-programa-minha-casa-minha-vida\/#breadcrumb\",\"itemListElement\":[{\"@type\":\"ListItem\",\"position\":1,\"name\":\"P\u00e1gina Inicial\",\"item\":\"https:\/\/noticiaempauta.com\/portal\/\"},{\"@type\":\"ListItem\",\"position\":2,\"name\":\"Geral\",\"item\":\"https:\/\/noticiaempauta.com\/portal\/geral\/\"},{\"@type\":\"ListItem\",\"position\":3,\"name\":\"Paquet\u00e1 do Piau\u00ed \u00e9 contemplada com 50 novas moradias pelo programa Minha Casa Minha Vida\"}]},{\"@type\":\"WebSite\",\"@id\":\"https:\/\/noticiaempauta.com\/portal\/#website\",\"url\":\"https:\/\/noticiaempauta.com\/portal\/\",\"name\":\"Portal Not\u00edcia em Pauta\",\"description\":\"Voc\u00ea bem informado\",\"publisher\":{\"@id\":\"https:\/\/noticiaempauta.com\/portal\/#organization\"},\"potentialAction\":[{\"@type\":\"SearchAction\",\"target\":{\"@type\":\"EntryPoint\",\"urlTemplate\":\"https:\/\/noticiaempauta.com\/portal\/?s={search_term_string}\"},\"query-input\":{\"@type\":\"PropertyValueSpecification\",\"valueRequired\":true,\"valueName\":\"search_term_string\"}}],\"inLanguage\":\"pt-BR\"},{\"@type\":\"Organization\",\"@id\":\"https:\/\/noticiaempauta.com\/portal\/#organization\",\"name\":\"Portal Not\u00edcia em Pauta\",\"url\":\"https:\/\/noticiaempauta.com\/portal\/\",\"logo\":{\"@type\":\"ImageObject\",\"inLanguage\":\"pt-BR\",\"@id\":\"https:\/\/noticiaempauta.com\/portal\/#\/schema\/logo\/image\/\",\"url\":\"https:\/\/noticiaempauta.com\/portal\/wp-content\/uploads\/2022\/08\/logomarca_tema.fw_.png\",\"contentUrl\":\"https:\/\/noticiaempauta.com\/portal\/wp-content\/uploads\/2022\/08\/logomarca_tema.fw_.png\",\"width\":400,\"height\":232,\"caption\":\"Portal Not\u00edcia em Pauta\"},\"image\":{\"@id\":\"https:\/\/noticiaempauta.com\/portal\/#\/schema\/logo\/image\/\"},\"sameAs\":[\"https:\/\/www.facebook.com\/Portal-Notcia-Em-Pauta-102292869264820\/\",\"https:\/\/www.instagram.com\/portalnoticiaempauta\/\"]},{\"@type\":\"Person\",\"@id\":\"https:\/\/noticiaempauta.com\/portal\/#\/schema\/person\/a74af43dd1ab3deca45f988c717d57ac\",\"name\":\"Reda\u00e7\u00e3o\",\"image\":{\"@type\":\"ImageObject\",\"inLanguage\":\"pt-BR\",\"@id\":\"https:\/\/noticiaempauta.com\/portal\/#\/schema\/person\/image\/\",\"url\":\"https:\/\/secure.gravatar.com\/avatar\/03179346ecce6cdfc13361603e8f54242a90e5cde8618fa23c5c00aa2b0aadf3?s=96&d=mm&r=g\",\"contentUrl\":\"https:\/\/secure.gravatar.com\/avatar\/03179346ecce6cdfc13361603e8f54242a90e5cde8618fa23c5c00aa2b0aadf3?s=96&d=mm&r=g\",\"caption\":\"Reda\u00e7\u00e3o\"},\"sameAs\":[\"https:\/\/noticiaempauta.com\/portal\/\"],\"url\":\"https:\/\/noticiaempauta.com\/portal\/author\/fernando\/\"}]}<\/script>\n<!-- \/ Yoast SEO Premium plugin. -->","yoast_head_json":{"title":"Paquet\u00e1 do Piau\u00ed \u00e9 contemplada com 50 novas moradias pelo programa Minha Casa Minha Vida - Portal Not\u00edcia em Pauta","robots":{"index":"index","follow":"follow","max-snippet":"max-snippet:-1","max-image-preview":"max-image-preview:large","max-video-preview":"max-video-preview:-1"},"canonical":"https:\/\/noticiaempauta.com\/portal\/paqueta-do-piaui-e-contemplada-com-50-novas-moradias-pelo-programa-minha-casa-minha-vida\/","og_locale":"pt_BR","og_type":"article","og_title":"Paquet\u00e1 do Piau\u00ed \u00e9 contemplada com 50 novas moradias pelo programa Minha Casa Minha Vida","og_description":"O munic\u00edpio de Paquet\u00e1 do Piau\u00ed foi contemplado pelo Governo Federal atrav\u00e9s do programa Minha Casa Minha Vida com a constru\u00e7\u00e3o de 50 novas unidades habitacionais. A informa\u00e7\u00e3o foi publicada pelo prefeito do munic\u00edpio Dr. Clayton Barros em suas redes sociais, o gestor ressalta a felicidade e import\u00e2ncia do investimento para o munic\u00edpio. \u201cEste \u00e9 [&hellip;]","og_url":"https:\/\/noticiaempauta.com\/portal\/paqueta-do-piaui-e-contemplada-com-50-novas-moradias-pelo-programa-minha-casa-minha-vida\/","og_site_name":"Portal Not\u00edcia em Pauta","article_publisher":"https:\/\/www.facebook.com\/Portal-Notcia-Em-Pauta-102292869264820\/","article_published_time":"2024-10-30T20:36:00+00:00","article_modified_time":"2024-10-30T20:36:01+00:00","og_image":[{"width":1115,"height":957,"url":"https:\/\/noticiaempauta.com\/portal\/wp-content\/uploads\/2024\/10\/IMG_6143.jpeg","type":"image\/jpeg"}],"author":"Reda\u00e7\u00e3o","twitter_card":"summary_large_image","twitter_misc":{"Escrito por":"Reda\u00e7\u00e3o","Est. tempo de leitura":"2 minutos"},"schema":{"@context":"https:\/\/schema.org","@graph":[{"@type":"Article","@id":"https:\/\/noticiaempauta.com\/portal\/paqueta-do-piaui-e-contemplada-com-50-novas-moradias-pelo-programa-minha-casa-minha-vida\/#article","isPartOf":{"@id":"https:\/\/noticiaempauta.com\/portal\/paqueta-do-piaui-e-contemplada-com-50-novas-moradias-pelo-programa-minha-casa-minha-vida\/"},"author":{"name":"Reda\u00e7\u00e3o","@id":"https:\/\/noticiaempauta.com\/portal\/#\/schema\/person\/a74af43dd1ab3deca45f988c717d57ac"},"headline":"Paquet\u00e1 do Piau\u00ed \u00e9 contemplada com 50 novas moradias pelo programa Minha Casa Minha Vida","datePublished":"2024-10-30T20:36:00+00:00","dateModified":"2024-10-30T20:36:01+00:00","mainEntityOfPage":{"@id":"https:\/\/noticiaempauta.com\/portal\/paqueta-do-piaui-e-contemplada-com-50-novas-moradias-pelo-programa-minha-casa-minha-vida\/"},"wordCount":132,"commentCount":0,"publisher":{"@id":"https:\/\/noticiaempauta.com\/portal\/#organization"},"image":{"@id":"https:\/\/noticiaempauta.com\/portal\/paqueta-do-piaui-e-contemplada-com-50-novas-moradias-pelo-programa-minha-casa-minha-vida\/#primaryimage"},"thumbnailUrl":"https:\/\/noticiaempauta.com\/portal\/wp-content\/uploads\/2024\/10\/IMG_6143.jpeg","articleSection":["Destaques","Geral","Munic\u00edpios","Todas as Not\u00edcias"],"inLanguage":"pt-BR","potentialAction":[{"@type":"CommentAction","name":"Comment","target":["https:\/\/noticiaempauta.com\/portal\/paqueta-do-piaui-e-contemplada-com-50-novas-moradias-pelo-programa-minha-casa-minha-vida\/#respond"]}]},{"@type":"WebPage","@id":"https:\/\/noticiaempauta.com\/portal\/paqueta-do-piaui-e-contemplada-com-50-novas-moradias-pelo-programa-minha-casa-minha-vida\/","url":"https:\/\/noticiaempauta.com\/portal\/paqueta-do-piaui-e-contemplada-com-50-novas-moradias-pelo-programa-minha-casa-minha-vida\/","name":"Paquet\u00e1 do Piau\u00ed \u00e9 contemplada com 50 novas moradias pelo programa Minha Casa Minha Vida - Portal Not\u00edcia em Pauta","isPartOf":{"@id":"https:\/\/noticiaempauta.com\/portal\/#website"},"primaryImageOfPage":{"@id":"https:\/\/noticiaempauta.com\/portal\/paqueta-do-piaui-e-contemplada-com-50-novas-moradias-pelo-programa-minha-casa-minha-vida\/#primaryimage"},"image":{"@id":"https:\/\/noticiaempauta.com\/portal\/paqueta-do-piaui-e-contemplada-com-50-novas-moradias-pelo-programa-minha-casa-minha-vida\/#primaryimage"},"thumbnailUrl":"https:\/\/noticiaempauta.com\/portal\/wp-content\/uploads\/2024\/10\/IMG_6143.jpeg","datePublished":"2024-10-30T20:36:00+00:00","dateModified":"2024-10-30T20:36:01+00:00","breadcrumb":{"@id":"https:\/\/noticiaempauta.com\/portal\/paqueta-do-piaui-e-contemplada-com-50-novas-moradias-pelo-programa-minha-casa-minha-vida\/#breadcrumb"},"inLanguage":"pt-BR","potentialAction":[{"@type":"ReadAction","target":["https:\/\/noticiaempauta.com\/portal\/paqueta-do-piaui-e-contemplada-com-50-novas-moradias-pelo-programa-minha-casa-minha-vida\/"]}]},{"@type":"ImageObject","inLanguage":"pt-BR","@id":"https:\/\/noticiaempauta.com\/portal\/paqueta-do-piaui-e-contemplada-com-50-novas-moradias-pelo-programa-minha-casa-minha-vida\/#primaryimage","url":"https:\/\/noticiaempauta.com\/portal\/wp-content\/uploads\/2024\/10\/IMG_6143.jpeg","contentUrl":"https:\/\/noticiaempauta.com\/portal\/wp-content\/uploads\/2024\/10\/IMG_6143.jpeg","width":1115,"height":957,"caption":"Screenshot"},{"@type":"BreadcrumbList","@id":"https:\/\/noticiaempauta.com\/portal\/paqueta-do-piaui-e-contemplada-com-50-novas-moradias-pelo-programa-minha-casa-minha-vida\/#breadcrumb","itemListElement":[{"@type":"ListItem","position":1,"name":"P\u00e1gina Inicial","item":"https:\/\/noticiaempauta.com\/portal\/"},{"@type":"ListItem","position":2,"name":"Geral","item":"https:\/\/noticiaempauta.com\/portal\/geral\/"},{"@type":"ListItem","position":3,"name":"Paquet\u00e1 do Piau\u00ed \u00e9 contemplada com 50 novas moradias pelo programa Minha Casa Minha Vida"}]},{"@type":"WebSite","@id":"https:\/\/noticiaempauta.com\/portal\/#website","url":"https:\/\/noticiaempauta.com\/portal\/","name":"Portal Not\u00edcia em Pauta","description":"Voc\u00ea bem informado","publisher":{"@id":"https:\/\/noticiaempauta.com\/portal\/#organization"},"potentialAction":[{"@type":"SearchAction","target":{"@type":"EntryPoint","urlTemplate":"https:\/\/noticiaempauta.com\/portal\/?s={search_term_string}"},"query-input":{"@type":"PropertyValueSpecification","valueRequired":true,"valueName":"search_term_string"}}],"inLanguage":"pt-BR"},{"@type":"Organization","@id":"https:\/\/noticiaempauta.com\/portal\/#organization","name":"Portal Not\u00edcia em Pauta","url":"https:\/\/noticiaempauta.com\/portal\/","logo":{"@type":"ImageObject","inLanguage":"pt-BR","@id":"https:\/\/noticiaempauta.com\/portal\/#\/schema\/logo\/image\/","url":"https:\/\/noticiaempauta.com\/portal\/wp-content\/uploads\/2022\/08\/logomarca_tema.fw_.png","contentUrl":"https:\/\/noticiaempauta.com\/portal\/wp-content\/uploads\/2022\/08\/logomarca_tema.fw_.png","width":400,"height":232,"caption":"Portal Not\u00edcia em Pauta"},"image":{"@id":"https:\/\/noticiaempauta.com\/portal\/#\/schema\/logo\/image\/"},"sameAs":["https:\/\/www.facebook.com\/Portal-Notcia-Em-Pauta-102292869264820\/","https:\/\/www.instagram.com\/portalnoticiaempauta\/"]},{"@type":"Person","@id":"https:\/\/noticiaempauta.com\/portal\/#\/schema\/person\/a74af43dd1ab3deca45f988c717d57ac","name":"Reda\u00e7\u00e3o","image":{"@type":"ImageObject","inLanguage":"pt-BR","@id":"https:\/\/noticiaempauta.com\/portal\/#\/schema\/person\/image\/","url":"https:\/\/secure.gravatar.com\/avatar\/03179346ecce6cdfc13361603e8f54242a90e5cde8618fa23c5c00aa2b0aadf3?s=96&d=mm&r=g","contentUrl":"https:\/\/secure.gravatar.com\/avatar\/03179346ecce6cdfc13361603e8f54242a90e5cde8618fa23c5c00aa2b0aadf3?s=96&d=mm&r=g","caption":"Reda\u00e7\u00e3o"},"sameAs":["https:\/\/noticiaempauta.com\/portal\/"],"url":"https:\/\/noticiaempauta.com\/portal\/author\/fernando\/"}]}},"_links":{"self":[{"href":"https:\/\/noticiaempauta.com\/portal\/wp-json\/wp\/v2\/posts\/263639","targetHints":{"allow":["GET"]}}],"collection":[{"href":"https:\/\/noticiaempauta.com\/portal\/wp-json\/wp\/v2\/posts"}],"about":[{"href":"https:\/\/noticiaempauta.com\/portal\/wp-json\/wp\/v2\/types\/post"}],"author":[{"embeddable":true,"href":"https:\/\/noticiaempauta.com\/portal\/wp-json\/wp\/v2\/users\/2"}],"replies":[{"embeddable":true,"href":"https:\/\/noticiaempauta.com\/portal\/wp-json\/wp\/v2\/comments?post=263639"}],"version-history":[{"count":1,"href":"https:\/\/noticiaempauta.com\/portal\/wp-json\/wp\/v2\/posts\/263639\/revisions"}],"predecessor-version":[{"id":263643,"href":"https:\/\/noticiaempauta.com\/portal\/wp-json\/wp\/v2\/posts\/263639\/revisions\/263643"}],"wp:featuredmedia":[{"embeddable":true,"href":"https:\/\/noticiaempauta.com\/portal\/wp-json\/wp\/v2\/media\/263640"}],"wp:attachment":[{"href":"https:\/\/noticiaempauta.com\/portal\/wp-json\/wp\/v2\/media?parent=263639"}],"wp:term":[{"taxonomy":"category","embeddable":true,"href":"https:\/\/noticiaempauta.com\/portal\/wp-json\/wp\/v2\/categories?post=263639"},{"taxonomy":"post_tag","embeddable":true,"href":"https:\/\/noticiaempauta.com\/portal\/wp-json\/wp\/v2\/tags?post=263639"}],"curies":[{"name":"wp","href":"https:\/\/api.w.org\/{rel}","templated":true}]}}