{"id":263650,"date":"2024-10-31T09:08:57","date_gmt":"2024-10-31T12:08:57","guid":{"rendered":"https:\/\/noticiaempauta.com\/portal\/?p=263650"},"modified":"2024-10-31T09:08:58","modified_gmt":"2024-10-31T12:08:58","slug":"governo-federal-anuncia-novas-regras-mais-rigidas-para-transporte-aereo-de-pets","status":"publish","type":"post","link":"https:\/\/noticiaempauta.com\/portal\/governo-federal-anuncia-novas-regras-mais-rigidas-para-transporte-aereo-de-pets\/","title":{"rendered":"Governo Federal anuncia novas regras mais r\u00edgidas para transporte a\u00e9reo de pets"},"content":{"rendered":"\n<p>O\u00a0governo federal anunciou\u00a0na quarta-feira (30)\u00a0regras mais r\u00edgidas para o transporte de animais\u00a0em voos. Os tutores poder\u00e3o rastrear os pets em todas as etapas do transporte a\u00e9reo, do embarque ao desembarque.\u00a0<\/p>\n\n\n\n<figure class=\"wp-block-image size-large\"><img fetchpriority=\"high\" decoding=\"async\" width=\"1024\" height=\"613\" src=\"https:\/\/noticiaempauta.com\/portal\/wp-content\/uploads\/2024\/10\/governo-federal-anuncia-novas-regras-mais-rigidas-para-transporte-aereo-de-pets-efb99514-b0c7-4745-a394-753a4f3f238a.jpg-1024x613.webp\" alt=\"\" class=\"wp-image-263651\" srcset=\"https:\/\/noticiaempauta.com\/portal\/wp-content\/uploads\/2024\/10\/governo-federal-anuncia-novas-regras-mais-rigidas-para-transporte-aereo-de-pets-efb99514-b0c7-4745-a394-753a4f3f238a.jpg-1024x613.webp 1024w, https:\/\/noticiaempauta.com\/portal\/wp-content\/uploads\/2024\/10\/governo-federal-anuncia-novas-regras-mais-rigidas-para-transporte-aereo-de-pets-efb99514-b0c7-4745-a394-753a4f3f238a.jpg-300x179.webp 300w, https:\/\/noticiaempauta.com\/portal\/wp-content\/uploads\/2024\/10\/governo-federal-anuncia-novas-regras-mais-rigidas-para-transporte-aereo-de-pets-efb99514-b0c7-4745-a394-753a4f3f238a.jpg-768x459.webp 768w, https:\/\/noticiaempauta.com\/portal\/wp-content\/uploads\/2024\/10\/governo-federal-anuncia-novas-regras-mais-rigidas-para-transporte-aereo-de-pets-efb99514-b0c7-4745-a394-753a4f3f238a.jpg.webp 1170w\" sizes=\"(max-width: 1024px) 100vw, 1024px\" \/><figcaption class=\"wp-element-caption\">Foto: Fabio Rodrigues\/Ag\u00eancia Brasil<\/figcaption><\/figure>\n\n\n\n<p>Esse monitoramento ser\u00e1 feito por meio de c\u00e2meras e aplicativos, informou o Minist\u00e9rio de Portos e Aeroportos, que anunciou as novas normas, chamadas Plano de Transporte A\u00e9reo de Animais (Pata). Outra medida \u00e9 que as companhias a\u00e9reas ter\u00e3o de oferecer servi\u00e7os veterin\u00e1rios para emerg\u00eancias, como forma de garantir que os animais ir\u00e3o receber o atendimento adequado.\u00a0<\/p>\n\n\n\n<p>O plano ainda prev\u00ea cria\u00e7\u00e3o de canal direto de comunica\u00e7\u00e3o com os tutores, que ir\u00e1 fornecer informa\u00e7\u00f5es sobre a situa\u00e7\u00e3o do voo; capacita\u00e7\u00e3o e treinamento dos profissionais do setor a\u00e9reo e controle do servi\u00e7o prestado.\u00a0As regras ser\u00e3o publicadas nesta quinta-feira (31) e entrar\u00e3o em vigor.<\/p>\n\n\n\n<p>Caber\u00e1 \u00e0 Ag\u00eancia Nacional de Avia\u00e7\u00e3o Civil (Anac) fiscalizar o cumprimento do plano. As empresas a\u00e9reas ter\u00e3o prazo de 30 dias para se adaptarem \u00e0s normas.&nbsp;<\/p>\n\n\n\n<blockquote class=\"wp-block-quote is-layout-flow wp-block-quote-is-layout-flow\">\n<p>&#8220;Haver\u00e1 um trabalho coletivo da Anac no sentido de fiscalizar, de cobrar e de multar as companhias a\u00e9reas que n\u00e3o atuem conforme o bom servi\u00e7o de transporte animal&#8221;, disse o ministro de Portos e Aeroportos, Silvio Costa Filho.<\/p>\n<\/blockquote>\n\n\n\n<p>O\u00a0plano foi elaborado por um grupo de trabalho, formado por representantes de nove \u00f3rg\u00e3os governamentais, entidades de prote\u00e7\u00e3o animal, companhias a\u00e9reas, que analisou mais de 3,5 mil sugest\u00f5es da sociedade.\u00a0<\/p>\n\n\n\n<p><em>(Com informa\u00e7\u00f5es da Ag\u00eancia Brasil e Oussama El Ghaouri, rep\u00f3rter da R\u00e1dio Nacional)<\/em><\/p>\n","protected":false},"excerpt":{"rendered":"<p>O\u00a0governo federal anunciou\u00a0na quarta-feira (30)\u00a0regras mais r\u00edgidas para o transporte de animais\u00a0em voos. Os tutores poder\u00e3o rastrear os pets em todas as etapas do transporte a\u00e9reo, do embarque ao desembarque.\u00a0 Esse monitoramento ser\u00e1 feito por meio de c\u00e2meras e aplicativos, informou o Minist\u00e9rio de Portos e Aeroportos, que anunciou as novas normas, chamadas Plano de [&hellip;]<\/p>\n","protected":false},"author":2,"featured_media":263651,"comment_status":"open","ping_status":"open","sticky":false,"template":"","format":"standard","meta":{"_mi_skip_tracking":false,"footnotes":""},"categories":[25,1,16],"tags":[192],"class_list":["post-263650","post","type-post","status-publish","format-standard","has-post-thumbnail","hentry","category-destaques-site","category-geral","category-todas","tag-destaqueprincipal"],"acf":[],"yoast_head":"<!-- This site is optimized with the Yoast SEO Premium plugin v19.2 (Yoast SEO v26.9) - https:\/\/yoast.com\/product\/yoast-seo-premium-wordpress\/ -->\n<title>Governo Federal anuncia novas regras mais r\u00edgidas para transporte a\u00e9reo de pets - Portal Not\u00edcia em Pauta<\/title>\n<meta name=\"robots\" content=\"index, follow, max-snippet:-1, max-image-preview:large, max-video-preview:-1\" \/>\n<link rel=\"canonical\" href=\"https:\/\/noticiaempauta.com\/portal\/governo-federal-anuncia-novas-regras-mais-rigidas-para-transporte-aereo-de-pets\/\" \/>\n<meta property=\"og:locale\" content=\"pt_BR\" \/>\n<meta property=\"og:type\" content=\"article\" \/>\n<meta property=\"og:title\" content=\"Governo Federal anuncia novas regras mais r\u00edgidas para transporte a\u00e9reo de pets\" \/>\n<meta property=\"og:description\" content=\"O\u00a0governo federal anunciou\u00a0na quarta-feira (30)\u00a0regras mais r\u00edgidas para o transporte de animais\u00a0em voos. Os tutores poder\u00e3o rastrear os pets em todas as etapas do transporte a\u00e9reo, do embarque ao desembarque.\u00a0 Esse monitoramento ser\u00e1 feito por meio de c\u00e2meras e aplicativos, informou o Minist\u00e9rio de Portos e Aeroportos, que anunciou as novas normas, chamadas Plano de [&hellip;]\" \/>\n<meta property=\"og:url\" content=\"https:\/\/noticiaempauta.com\/portal\/governo-federal-anuncia-novas-regras-mais-rigidas-para-transporte-aereo-de-pets\/\" \/>\n<meta property=\"og:site_name\" content=\"Portal Not\u00edcia em Pauta\" \/>\n<meta property=\"article:publisher\" content=\"https:\/\/www.facebook.com\/Portal-Notcia-Em-Pauta-102292869264820\/\" \/>\n<meta property=\"article:published_time\" content=\"2024-10-31T12:08:57+00:00\" \/>\n<meta property=\"article:modified_time\" content=\"2024-10-31T12:08:58+00:00\" \/>\n<meta property=\"og:image\" content=\"https:\/\/noticiaempauta.com\/portal\/wp-content\/uploads\/2024\/10\/governo-federal-anuncia-novas-regras-mais-rigidas-para-transporte-aereo-de-pets-efb99514-b0c7-4745-a394-753a4f3f238a.jpg.webp\" \/>\n\t<meta property=\"og:image:width\" content=\"1170\" \/>\n\t<meta property=\"og:image:height\" content=\"700\" \/>\n\t<meta property=\"og:image:type\" content=\"image\/webp\" \/>\n<meta name=\"author\" content=\"Reda\u00e7\u00e3o\" \/>\n<meta name=\"twitter:card\" content=\"summary_large_image\" \/>\n<meta name=\"twitter:label1\" content=\"Escrito por\" \/>\n\t<meta name=\"twitter:data1\" content=\"Reda\u00e7\u00e3o\" \/>\n\t<meta name=\"twitter:label2\" content=\"Est. tempo de leitura\" \/>\n\t<meta name=\"twitter:data2\" content=\"2 minutos\" \/>\n<script type=\"application\/ld+json\" class=\"yoast-schema-graph\">{\"@context\":\"https:\/\/schema.org\",\"@graph\":[{\"@type\":\"Article\",\"@id\":\"https:\/\/noticiaempauta.com\/portal\/governo-federal-anuncia-novas-regras-mais-rigidas-para-transporte-aereo-de-pets\/#article\",\"isPartOf\":{\"@id\":\"https:\/\/noticiaempauta.com\/portal\/governo-federal-anuncia-novas-regras-mais-rigidas-para-transporte-aereo-de-pets\/\"},\"author\":{\"name\":\"Reda\u00e7\u00e3o\",\"@id\":\"https:\/\/noticiaempauta.com\/portal\/#\/schema\/person\/a74af43dd1ab3deca45f988c717d57ac\"},\"headline\":\"Governo Federal anuncia novas regras mais r\u00edgidas para transporte a\u00e9reo de pets\",\"datePublished\":\"2024-10-31T12:08:57+00:00\",\"dateModified\":\"2024-10-31T12:08:58+00:00\",\"mainEntityOfPage\":{\"@id\":\"https:\/\/noticiaempauta.com\/portal\/governo-federal-anuncia-novas-regras-mais-rigidas-para-transporte-aereo-de-pets\/\"},\"wordCount\":295,\"commentCount\":0,\"publisher\":{\"@id\":\"https:\/\/noticiaempauta.com\/portal\/#organization\"},\"image\":{\"@id\":\"https:\/\/noticiaempauta.com\/portal\/governo-federal-anuncia-novas-regras-mais-rigidas-para-transporte-aereo-de-pets\/#primaryimage\"},\"thumbnailUrl\":\"https:\/\/noticiaempauta.com\/portal\/wp-content\/uploads\/2024\/10\/governo-federal-anuncia-novas-regras-mais-rigidas-para-transporte-aereo-de-pets-efb99514-b0c7-4745-a394-753a4f3f238a.jpg.webp\",\"keywords\":[\"destaqueprincipal\"],\"articleSection\":[\"Destaques\",\"Geral\",\"Todas as Not\u00edcias\"],\"inLanguage\":\"pt-BR\",\"potentialAction\":[{\"@type\":\"CommentAction\",\"name\":\"Comment\",\"target\":[\"https:\/\/noticiaempauta.com\/portal\/governo-federal-anuncia-novas-regras-mais-rigidas-para-transporte-aereo-de-pets\/#respond\"]}]},{\"@type\":\"WebPage\",\"@id\":\"https:\/\/noticiaempauta.com\/portal\/governo-federal-anuncia-novas-regras-mais-rigidas-para-transporte-aereo-de-pets\/\",\"url\":\"https:\/\/noticiaempauta.com\/portal\/governo-federal-anuncia-novas-regras-mais-rigidas-para-transporte-aereo-de-pets\/\",\"name\":\"Governo Federal anuncia novas regras mais r\u00edgidas para transporte a\u00e9reo de pets - Portal Not\u00edcia em Pauta\",\"isPartOf\":{\"@id\":\"https:\/\/noticiaempauta.com\/portal\/#website\"},\"primaryImageOfPage\":{\"@id\":\"https:\/\/noticiaempauta.com\/portal\/governo-federal-anuncia-novas-regras-mais-rigidas-para-transporte-aereo-de-pets\/#primaryimage\"},\"image\":{\"@id\":\"https:\/\/noticiaempauta.com\/portal\/governo-federal-anuncia-novas-regras-mais-rigidas-para-transporte-aereo-de-pets\/#primaryimage\"},\"thumbnailUrl\":\"https:\/\/noticiaempauta.com\/portal\/wp-content\/uploads\/2024\/10\/governo-federal-anuncia-novas-regras-mais-rigidas-para-transporte-aereo-de-pets-efb99514-b0c7-4745-a394-753a4f3f238a.jpg.webp\",\"datePublished\":\"2024-10-31T12:08:57+00:00\",\"dateModified\":\"2024-10-31T12:08:58+00:00\",\"breadcrumb\":{\"@id\":\"https:\/\/noticiaempauta.com\/portal\/governo-federal-anuncia-novas-regras-mais-rigidas-para-transporte-aereo-de-pets\/#breadcrumb\"},\"inLanguage\":\"pt-BR\",\"potentialAction\":[{\"@type\":\"ReadAction\",\"target\":[\"https:\/\/noticiaempauta.com\/portal\/governo-federal-anuncia-novas-regras-mais-rigidas-para-transporte-aereo-de-pets\/\"]}]},{\"@type\":\"ImageObject\",\"inLanguage\":\"pt-BR\",\"@id\":\"https:\/\/noticiaempauta.com\/portal\/governo-federal-anuncia-novas-regras-mais-rigidas-para-transporte-aereo-de-pets\/#primaryimage\",\"url\":\"https:\/\/noticiaempauta.com\/portal\/wp-content\/uploads\/2024\/10\/governo-federal-anuncia-novas-regras-mais-rigidas-para-transporte-aereo-de-pets-efb99514-b0c7-4745-a394-753a4f3f238a.jpg.webp\",\"contentUrl\":\"https:\/\/noticiaempauta.com\/portal\/wp-content\/uploads\/2024\/10\/governo-federal-anuncia-novas-regras-mais-rigidas-para-transporte-aereo-de-pets-efb99514-b0c7-4745-a394-753a4f3f238a.jpg.webp\",\"width\":1170,\"height\":700},{\"@type\":\"BreadcrumbList\",\"@id\":\"https:\/\/noticiaempauta.com\/portal\/governo-federal-anuncia-novas-regras-mais-rigidas-para-transporte-aereo-de-pets\/#breadcrumb\",\"itemListElement\":[{\"@type\":\"ListItem\",\"position\":1,\"name\":\"P\u00e1gina Inicial\",\"item\":\"https:\/\/noticiaempauta.com\/portal\/\"},{\"@type\":\"ListItem\",\"position\":2,\"name\":\"Destaques\",\"item\":\"https:\/\/noticiaempauta.com\/portal\/destaques-site\/\"},{\"@type\":\"ListItem\",\"position\":3,\"name\":\"Governo Federal anuncia novas regras mais r\u00edgidas para transporte a\u00e9reo de pets\"}]},{\"@type\":\"WebSite\",\"@id\":\"https:\/\/noticiaempauta.com\/portal\/#website\",\"url\":\"https:\/\/noticiaempauta.com\/portal\/\",\"name\":\"Portal Not\u00edcia em Pauta\",\"description\":\"Voc\u00ea bem informado\",\"publisher\":{\"@id\":\"https:\/\/noticiaempauta.com\/portal\/#organization\"},\"potentialAction\":[{\"@type\":\"SearchAction\",\"target\":{\"@type\":\"EntryPoint\",\"urlTemplate\":\"https:\/\/noticiaempauta.com\/portal\/?s={search_term_string}\"},\"query-input\":{\"@type\":\"PropertyValueSpecification\",\"valueRequired\":true,\"valueName\":\"search_term_string\"}}],\"inLanguage\":\"pt-BR\"},{\"@type\":\"Organization\",\"@id\":\"https:\/\/noticiaempauta.com\/portal\/#organization\",\"name\":\"Portal Not\u00edcia em Pauta\",\"url\":\"https:\/\/noticiaempauta.com\/portal\/\",\"logo\":{\"@type\":\"ImageObject\",\"inLanguage\":\"pt-BR\",\"@id\":\"https:\/\/noticiaempauta.com\/portal\/#\/schema\/logo\/image\/\",\"url\":\"https:\/\/noticiaempauta.com\/portal\/wp-content\/uploads\/2022\/08\/logomarca_tema.fw_.png\",\"contentUrl\":\"https:\/\/noticiaempauta.com\/portal\/wp-content\/uploads\/2022\/08\/logomarca_tema.fw_.png\",\"width\":400,\"height\":232,\"caption\":\"Portal Not\u00edcia em Pauta\"},\"image\":{\"@id\":\"https:\/\/noticiaempauta.com\/portal\/#\/schema\/logo\/image\/\"},\"sameAs\":[\"https:\/\/www.facebook.com\/Portal-Notcia-Em-Pauta-102292869264820\/\",\"https:\/\/www.instagram.com\/portalnoticiaempauta\/\"]},{\"@type\":\"Person\",\"@id\":\"https:\/\/noticiaempauta.com\/portal\/#\/schema\/person\/a74af43dd1ab3deca45f988c717d57ac\",\"name\":\"Reda\u00e7\u00e3o\",\"image\":{\"@type\":\"ImageObject\",\"inLanguage\":\"pt-BR\",\"@id\":\"https:\/\/noticiaempauta.com\/portal\/#\/schema\/person\/image\/\",\"url\":\"https:\/\/secure.gravatar.com\/avatar\/03179346ecce6cdfc13361603e8f54242a90e5cde8618fa23c5c00aa2b0aadf3?s=96&d=mm&r=g\",\"contentUrl\":\"https:\/\/secure.gravatar.com\/avatar\/03179346ecce6cdfc13361603e8f54242a90e5cde8618fa23c5c00aa2b0aadf3?s=96&d=mm&r=g\",\"caption\":\"Reda\u00e7\u00e3o\"},\"sameAs\":[\"https:\/\/noticiaempauta.com\/portal\/\"],\"url\":\"https:\/\/noticiaempauta.com\/portal\/author\/fernando\/\"}]}<\/script>\n<!-- \/ Yoast SEO Premium plugin. -->","yoast_head_json":{"title":"Governo Federal anuncia novas regras mais r\u00edgidas para transporte a\u00e9reo de pets - Portal Not\u00edcia em Pauta","robots":{"index":"index","follow":"follow","max-snippet":"max-snippet:-1","max-image-preview":"max-image-preview:large","max-video-preview":"max-video-preview:-1"},"canonical":"https:\/\/noticiaempauta.com\/portal\/governo-federal-anuncia-novas-regras-mais-rigidas-para-transporte-aereo-de-pets\/","og_locale":"pt_BR","og_type":"article","og_title":"Governo Federal anuncia novas regras mais r\u00edgidas para transporte a\u00e9reo de pets","og_description":"O\u00a0governo federal anunciou\u00a0na quarta-feira (30)\u00a0regras mais r\u00edgidas para o transporte de animais\u00a0em voos. Os tutores poder\u00e3o rastrear os pets em todas as etapas do transporte a\u00e9reo, do embarque ao desembarque.\u00a0 Esse monitoramento ser\u00e1 feito por meio de c\u00e2meras e aplicativos, informou o Minist\u00e9rio de Portos e Aeroportos, que anunciou as novas normas, chamadas Plano de [&hellip;]","og_url":"https:\/\/noticiaempauta.com\/portal\/governo-federal-anuncia-novas-regras-mais-rigidas-para-transporte-aereo-de-pets\/","og_site_name":"Portal Not\u00edcia em Pauta","article_publisher":"https:\/\/www.facebook.com\/Portal-Notcia-Em-Pauta-102292869264820\/","article_published_time":"2024-10-31T12:08:57+00:00","article_modified_time":"2024-10-31T12:08:58+00:00","og_image":[{"width":1170,"height":700,"url":"https:\/\/noticiaempauta.com\/portal\/wp-content\/uploads\/2024\/10\/governo-federal-anuncia-novas-regras-mais-rigidas-para-transporte-aereo-de-pets-efb99514-b0c7-4745-a394-753a4f3f238a.jpg.webp","type":"image\/webp"}],"author":"Reda\u00e7\u00e3o","twitter_card":"summary_large_image","twitter_misc":{"Escrito por":"Reda\u00e7\u00e3o","Est. tempo de leitura":"2 minutos"},"schema":{"@context":"https:\/\/schema.org","@graph":[{"@type":"Article","@id":"https:\/\/noticiaempauta.com\/portal\/governo-federal-anuncia-novas-regras-mais-rigidas-para-transporte-aereo-de-pets\/#article","isPartOf":{"@id":"https:\/\/noticiaempauta.com\/portal\/governo-federal-anuncia-novas-regras-mais-rigidas-para-transporte-aereo-de-pets\/"},"author":{"name":"Reda\u00e7\u00e3o","@id":"https:\/\/noticiaempauta.com\/portal\/#\/schema\/person\/a74af43dd1ab3deca45f988c717d57ac"},"headline":"Governo Federal anuncia novas regras mais r\u00edgidas para transporte a\u00e9reo de pets","datePublished":"2024-10-31T12:08:57+00:00","dateModified":"2024-10-31T12:08:58+00:00","mainEntityOfPage":{"@id":"https:\/\/noticiaempauta.com\/portal\/governo-federal-anuncia-novas-regras-mais-rigidas-para-transporte-aereo-de-pets\/"},"wordCount":295,"commentCount":0,"publisher":{"@id":"https:\/\/noticiaempauta.com\/portal\/#organization"},"image":{"@id":"https:\/\/noticiaempauta.com\/portal\/governo-federal-anuncia-novas-regras-mais-rigidas-para-transporte-aereo-de-pets\/#primaryimage"},"thumbnailUrl":"https:\/\/noticiaempauta.com\/portal\/wp-content\/uploads\/2024\/10\/governo-federal-anuncia-novas-regras-mais-rigidas-para-transporte-aereo-de-pets-efb99514-b0c7-4745-a394-753a4f3f238a.jpg.webp","keywords":["destaqueprincipal"],"articleSection":["Destaques","Geral","Todas as Not\u00edcias"],"inLanguage":"pt-BR","potentialAction":[{"@type":"CommentAction","name":"Comment","target":["https:\/\/noticiaempauta.com\/portal\/governo-federal-anuncia-novas-regras-mais-rigidas-para-transporte-aereo-de-pets\/#respond"]}]},{"@type":"WebPage","@id":"https:\/\/noticiaempauta.com\/portal\/governo-federal-anuncia-novas-regras-mais-rigidas-para-transporte-aereo-de-pets\/","url":"https:\/\/noticiaempauta.com\/portal\/governo-federal-anuncia-novas-regras-mais-rigidas-para-transporte-aereo-de-pets\/","name":"Governo Federal anuncia novas regras mais r\u00edgidas para transporte a\u00e9reo de pets - Portal Not\u00edcia em Pauta","isPartOf":{"@id":"https:\/\/noticiaempauta.com\/portal\/#website"},"primaryImageOfPage":{"@id":"https:\/\/noticiaempauta.com\/portal\/governo-federal-anuncia-novas-regras-mais-rigidas-para-transporte-aereo-de-pets\/#primaryimage"},"image":{"@id":"https:\/\/noticiaempauta.com\/portal\/governo-federal-anuncia-novas-regras-mais-rigidas-para-transporte-aereo-de-pets\/#primaryimage"},"thumbnailUrl":"https:\/\/noticiaempauta.com\/portal\/wp-content\/uploads\/2024\/10\/governo-federal-anuncia-novas-regras-mais-rigidas-para-transporte-aereo-de-pets-efb99514-b0c7-4745-a394-753a4f3f238a.jpg.webp","datePublished":"2024-10-31T12:08:57+00:00","dateModified":"2024-10-31T12:08:58+00:00","breadcrumb":{"@id":"https:\/\/noticiaempauta.com\/portal\/governo-federal-anuncia-novas-regras-mais-rigidas-para-transporte-aereo-de-pets\/#breadcrumb"},"inLanguage":"pt-BR","potentialAction":[{"@type":"ReadAction","target":["https:\/\/noticiaempauta.com\/portal\/governo-federal-anuncia-novas-regras-mais-rigidas-para-transporte-aereo-de-pets\/"]}]},{"@type":"ImageObject","inLanguage":"pt-BR","@id":"https:\/\/noticiaempauta.com\/portal\/governo-federal-anuncia-novas-regras-mais-rigidas-para-transporte-aereo-de-pets\/#primaryimage","url":"https:\/\/noticiaempauta.com\/portal\/wp-content\/uploads\/2024\/10\/governo-federal-anuncia-novas-regras-mais-rigidas-para-transporte-aereo-de-pets-efb99514-b0c7-4745-a394-753a4f3f238a.jpg.webp","contentUrl":"https:\/\/noticiaempauta.com\/portal\/wp-content\/uploads\/2024\/10\/governo-federal-anuncia-novas-regras-mais-rigidas-para-transporte-aereo-de-pets-efb99514-b0c7-4745-a394-753a4f3f238a.jpg.webp","width":1170,"height":700},{"@type":"BreadcrumbList","@id":"https:\/\/noticiaempauta.com\/portal\/governo-federal-anuncia-novas-regras-mais-rigidas-para-transporte-aereo-de-pets\/#breadcrumb","itemListElement":[{"@type":"ListItem","position":1,"name":"P\u00e1gina Inicial","item":"https:\/\/noticiaempauta.com\/portal\/"},{"@type":"ListItem","position":2,"name":"Destaques","item":"https:\/\/noticiaempauta.com\/portal\/destaques-site\/"},{"@type":"ListItem","position":3,"name":"Governo Federal anuncia novas regras mais r\u00edgidas para transporte a\u00e9reo de pets"}]},{"@type":"WebSite","@id":"https:\/\/noticiaempauta.com\/portal\/#website","url":"https:\/\/noticiaempauta.com\/portal\/","name":"Portal Not\u00edcia em Pauta","description":"Voc\u00ea bem informado","publisher":{"@id":"https:\/\/noticiaempauta.com\/portal\/#organization"},"potentialAction":[{"@type":"SearchAction","target":{"@type":"EntryPoint","urlTemplate":"https:\/\/noticiaempauta.com\/portal\/?s={search_term_string}"},"query-input":{"@type":"PropertyValueSpecification","valueRequired":true,"valueName":"search_term_string"}}],"inLanguage":"pt-BR"},{"@type":"Organization","@id":"https:\/\/noticiaempauta.com\/portal\/#organization","name":"Portal Not\u00edcia em Pauta","url":"https:\/\/noticiaempauta.com\/portal\/","logo":{"@type":"ImageObject","inLanguage":"pt-BR","@id":"https:\/\/noticiaempauta.com\/portal\/#\/schema\/logo\/image\/","url":"https:\/\/noticiaempauta.com\/portal\/wp-content\/uploads\/2022\/08\/logomarca_tema.fw_.png","contentUrl":"https:\/\/noticiaempauta.com\/portal\/wp-content\/uploads\/2022\/08\/logomarca_tema.fw_.png","width":400,"height":232,"caption":"Portal Not\u00edcia em Pauta"},"image":{"@id":"https:\/\/noticiaempauta.com\/portal\/#\/schema\/logo\/image\/"},"sameAs":["https:\/\/www.facebook.com\/Portal-Notcia-Em-Pauta-102292869264820\/","https:\/\/www.instagram.com\/portalnoticiaempauta\/"]},{"@type":"Person","@id":"https:\/\/noticiaempauta.com\/portal\/#\/schema\/person\/a74af43dd1ab3deca45f988c717d57ac","name":"Reda\u00e7\u00e3o","image":{"@type":"ImageObject","inLanguage":"pt-BR","@id":"https:\/\/noticiaempauta.com\/portal\/#\/schema\/person\/image\/","url":"https:\/\/secure.gravatar.com\/avatar\/03179346ecce6cdfc13361603e8f54242a90e5cde8618fa23c5c00aa2b0aadf3?s=96&d=mm&r=g","contentUrl":"https:\/\/secure.gravatar.com\/avatar\/03179346ecce6cdfc13361603e8f54242a90e5cde8618fa23c5c00aa2b0aadf3?s=96&d=mm&r=g","caption":"Reda\u00e7\u00e3o"},"sameAs":["https:\/\/noticiaempauta.com\/portal\/"],"url":"https:\/\/noticiaempauta.com\/portal\/author\/fernando\/"}]}},"_links":{"self":[{"href":"https:\/\/noticiaempauta.com\/portal\/wp-json\/wp\/v2\/posts\/263650","targetHints":{"allow":["GET"]}}],"collection":[{"href":"https:\/\/noticiaempauta.com\/portal\/wp-json\/wp\/v2\/posts"}],"about":[{"href":"https:\/\/noticiaempauta.com\/portal\/wp-json\/wp\/v2\/types\/post"}],"author":[{"embeddable":true,"href":"https:\/\/noticiaempauta.com\/portal\/wp-json\/wp\/v2\/users\/2"}],"replies":[{"embeddable":true,"href":"https:\/\/noticiaempauta.com\/portal\/wp-json\/wp\/v2\/comments?post=263650"}],"version-history":[{"count":2,"href":"https:\/\/noticiaempauta.com\/portal\/wp-json\/wp\/v2\/posts\/263650\/revisions"}],"predecessor-version":[{"id":263653,"href":"https:\/\/noticiaempauta.com\/portal\/wp-json\/wp\/v2\/posts\/263650\/revisions\/263653"}],"wp:featuredmedia":[{"embeddable":true,"href":"https:\/\/noticiaempauta.com\/portal\/wp-json\/wp\/v2\/media\/263651"}],"wp:attachment":[{"href":"https:\/\/noticiaempauta.com\/portal\/wp-json\/wp\/v2\/media?parent=263650"}],"wp:term":[{"taxonomy":"category","embeddable":true,"href":"https:\/\/noticiaempauta.com\/portal\/wp-json\/wp\/v2\/categories?post=263650"},{"taxonomy":"post_tag","embeddable":true,"href":"https:\/\/noticiaempauta.com\/portal\/wp-json\/wp\/v2\/tags?post=263650"}],"curies":[{"name":"wp","href":"https:\/\/api.w.org\/{rel}","templated":true}]}}