{"id":263654,"date":"2024-10-31T09:55:23","date_gmt":"2024-10-31T12:55:23","guid":{"rendered":"https:\/\/noticiaempauta.com\/portal\/?p=263654"},"modified":"2024-10-31T09:55:24","modified_gmt":"2024-10-31T12:55:24","slug":"enem-2024-veja-horarios-de-aplicacao-das-provas-e-o-que-pode-ou-nao-pode-levar-no-dia-do-exame","status":"publish","type":"post","link":"https:\/\/noticiaempauta.com\/portal\/enem-2024-veja-horarios-de-aplicacao-das-provas-e-o-que-pode-ou-nao-pode-levar-no-dia-do-exame\/","title":{"rendered":"Enem 2024: veja hor\u00e1rios de aplica\u00e7\u00e3o das provas e o que pode ou n\u00e3o pode levar no dia do exame"},"content":{"rendered":"\n<p>O Exame Nacional do Ensino M\u00e9dio (Enem) 2024 come\u00e7a neste domingo (3), para mais de 125 mil estudantes do Piau\u00ed inscritos, confirmados.<\/p>\n\n\n\n<p>Para ajudar o candidato, o&nbsp;g1&nbsp;reuniu algumas informa\u00e7\u00f5es importantes para o dia de aplica\u00e7\u00e3o das provas, como&nbsp;o que levar, o que&nbsp;n\u00e3o levar&nbsp;e os&nbsp;hor\u00e1rios do exame.<\/p>\n\n\n\n<figure class=\"wp-block-image size-large\"><img fetchpriority=\"high\" decoding=\"async\" width=\"1024\" height=\"622\" src=\"https:\/\/noticiaempauta.com\/portal\/wp-content\/uploads\/2024\/10\/Sem-titulo-12-1024x622.jpg\" alt=\"\" class=\"wp-image-263655\" srcset=\"https:\/\/noticiaempauta.com\/portal\/wp-content\/uploads\/2024\/10\/Sem-titulo-12-1024x622.jpg 1024w, https:\/\/noticiaempauta.com\/portal\/wp-content\/uploads\/2024\/10\/Sem-titulo-12-300x182.jpg 300w, https:\/\/noticiaempauta.com\/portal\/wp-content\/uploads\/2024\/10\/Sem-titulo-12-768x467.jpg 768w, https:\/\/noticiaempauta.com\/portal\/wp-content\/uploads\/2024\/10\/Sem-titulo-12.jpg 1200w\" sizes=\"(max-width: 1024px) 100vw, 1024px\" \/><\/figure>\n\n\n\n<p>A primeira etapa do Enem 2024 testa com conhecimentos de linguagens, ci\u00eancias humanas e reda\u00e7\u00e3o. Ao todo,&nbsp;s\u00e3o cerca de 10 mil salas de aplica\u00e7\u00e3o em 1.753 munic\u00edpios de todos os estados e o Distrito Federal.<\/p>\n\n\n\n<p>Em 2024, segundo a Secret\u00e1ria de Educa\u00e7\u00e3o do Estado (Seduc),&nbsp;o Piau\u00ed alcan\u00e7ou a meta de 100% de estudantes da rede p\u00fablica concluintes do Ensino M\u00e9dio inscritos&nbsp;no certame, foram 35.114 (redes p\u00fablicas estadual e federal), sendo 31.197 alunos da Seduc com inscri\u00e7\u00f5es confirmadas.<\/p>\n\n\n\n<h2 class=\"wp-block-heading\">\ud83d\udd8b\ufe0f O que precisa levar para o Enem<\/h2>\n\n\n\n<ul class=\"wp-block-list\">\n<li><strong>Documento<\/strong>: RG ou outra documenta\u00e7\u00e3o oficial com foto (documentos digitais tamb\u00e9m s\u00e3o v\u00e1lidos);<\/li>\n\n\n\n<li><strong>Caneta para Enem<\/strong>: a caneta deve ser esferogr\u00e1fica transparente com\u00a0<strong>tinta na cor preta<\/strong>\u00a0(leve pelo menos duas para o caso de uma falhar);<\/li>\n\n\n\n<li><strong>Opcional<\/strong>: cart\u00e3o de confirma\u00e7\u00e3o de inscri\u00e7\u00e3o;<\/li>\n\n\n\n<li><strong>O que levar para comer<\/strong>: lanche, idealmente levar alimentos que deem energia,\u00a0como chocolates, castanhas e barras de cereal, e \u00e1gua\u00a0em garrafa transparente (a embalagem n\u00e3o deve ter r\u00f3tulo). O lanche poder\u00e1 ser vistoriado pelo fiscal de sala.<\/li>\n<\/ul>\n\n\n\n<p><strong>Dica<\/strong>: Como s\u00e3o cinco horas e meia de exame, \u00e9 recomendado que o candidato v\u00e1 com uma roupa confort\u00e1vel e cal\u00e7ados que n\u00e3o apertem.<\/p>\n\n\n\n<p>Exemplos de&nbsp;documentos digitais&nbsp;de identifica\u00e7\u00e3o que ser\u00e3o aceitos pelo Inep:<\/p>\n\n\n\n<ul class=\"wp-block-list\">\n<li>e-T\u00edtulo,<\/li>\n\n\n\n<li>Carteira Nacional de Habilita\u00e7\u00e3o (CNH) Digital; e<\/li>\n\n\n\n<li>RG Digital.<\/li>\n<\/ul>\n\n\n\n<p>Aten\u00e7\u00e3o: O candidato deve apresentar o aplicativo oficial ao fiscal \u2014&nbsp;capturas de tela n\u00e3o ser\u00e3o v\u00e1lidas. Ap\u00f3s a entrada na sala de aula, o uso do celular continuar\u00e1 vetado.<\/p>\n\n\n\n<p>\ud83c\udf92 Ah, e pode levar bolsa e mochila para o Enem, j\u00e1 que o edital n\u00e3o pro\u00edbe. Mas, uma vez dentro da sala de aplica\u00e7\u00e3o, a mochila deve ser colocada debaixo da cadeira e n\u00e3o pode ser manuseada. Ent\u00e3o, tudo que for ser utilizado durante a prova, como canetas, \u00e1gua, lanche e m\u00e1scaras, deve ficar fora da bolsa.<\/p>\n\n\n\n<p>As&nbsp;identifica\u00e7\u00f5es f\u00edsicas&nbsp;aceitas s\u00e3o:<\/p>\n\n\n\n<ul class=\"wp-block-list\">\n<li><strong>C\u00e9dula de Identidade<\/strong>\u00a0expedida por secretarias de Seguran\u00e7a P\u00fablica, For\u00e7as Armadas, Pol\u00edcia Militar e Pol\u00edcia Federal;<\/li>\n\n\n\n<li><strong>Identidade expedida pelo Minist\u00e9rio da Justi\u00e7a<\/strong>\u00a0para estrangeiros, inclusive aqueles reconhecidos como refugiados, em conson\u00e2ncia com a Lei n.\u00ba 9.474, de 22 de julho de 1997;<\/li>\n\n\n\n<li><strong>Carteira de Registro Nacional Migrat\u00f3rio<\/strong>, de que trata a Lei n.\u00ba 13.445, de 24 de maio de 2017;<\/li>\n\n\n\n<li><strong>Documento Provis\u00f3rio de Registro Nacional Migrat\u00f3rio<\/strong>, de que trata o Decreto n.\u00ba 9.277, de 5 de fevereiro de 2018;<\/li>\n\n\n\n<li><strong>Identifica\u00e7\u00e3o fornecida por ordens ou conselhos<\/strong>\u00a0de classes que por lei tenha validade como documento de identidade;<\/li>\n\n\n\n<li><strong>Passaporte<\/strong>;<\/li>\n\n\n\n<li><strong>Carteira Nacional de<\/strong>\u00a0<strong>Habilita\u00e7\u00e3o<\/strong>, na forma da Lei n.\u00ba 9.503, de 23 de setembro de 1997;<\/li>\n\n\n\n<li><strong>Carteira de Trabalho<\/strong>\u00a0(emitida ap\u00f3s 27 de janeiro de 1997);<\/li>\n\n\n\n<li><strong>Identidade funcional<\/strong>, em conson\u00e2ncia com o Decreto n.\u00ba 5.703, de 15 de fevereiro de 2006 (crach\u00e1 de servidor p\u00fablico municipal, distrital, estadual, federal e dos poderes Executivo, Legislativo e Judici\u00e1rio).<\/li>\n<\/ul>\n\n\n\n<h2 class=\"wp-block-heading\">\u274c O que n\u00e3o pode levar para o Enem<\/h2>\n\n\n\n<ul class=\"wp-block-list\">\n<li>Telefones celulares, calculadoras ou\u00a0qualquer equipamento eletr\u00f4nico\u00a0devem ser desligados e guardados no envelope porta-objetos antes de entrar na sala de provas. Caso algum som seja emitido dos aparelhos durante a prova,\u00a0o candidato ser\u00e1 eliminado;<\/li>\n\n\n\n<li>Qualquer dispositivo que receba imagens, v\u00eddeos ou mensagens;<\/li>\n\n\n\n<li>\u00d3culos escuros, bon\u00e9s, chap\u00e9us, viseiras ou gorros;<\/li>\n\n\n\n<li>Bebidas alco\u00f3licas, cigarro e\/ou drogas il\u00edcitas.<\/li>\n<\/ul>\n\n\n\n<p><strong>\ud83d\udea8 Aten\u00e7\u00e3o<\/strong>: O envelope porta-objetos, lacrado e identificado, deve ser mantido debaixo da carteira desde o ingresso na sala de provas at\u00e9 a sa\u00edda definitiva do local de provas.<\/p>\n\n\n\n<h2 class=\"wp-block-heading\">\u231a Veja os hor\u00e1rios de aplica\u00e7\u00e3o (no fuso de Bras\u00edlia):<\/h2>\n\n\n\n<ul class=\"wp-block-list\">\n<li>Port\u00f5es abrem \u00e0s: 12h<\/li>\n\n\n\n<li>Port\u00f5es fecham \u00e0s: 13h<\/li>\n\n\n\n<li>Prova come\u00e7a \u00e0s: 13h30<\/li>\n\n\n\n<li>Pode sair, mas sem o caderno de quest\u00f5es: a partir das 15h30<\/li>\n\n\n\n<li>Pode sair da prova com o caderno de quest\u00f5es: a partir das 18h<\/li>\n\n\n\n<li>Aplica\u00e7\u00e3o da prova no 1\u00ba dia acaba \u00e0s: 19h<\/li>\n\n\n\n<li>Aplica\u00e7\u00e3o da prova no 2\u00ba dia acaba \u00e0s: 18h30<\/li>\n<\/ul>\n\n\n\n<p>O candidato s\u00f3 deixa o local de aplica\u00e7\u00e3o com o&nbsp;Caderno de Quest\u00f5es nos \u00faltimos 30 minutos&nbsp;que antecedem o t\u00e9rmino da prova.<\/p>\n\n\n\n<h2 class=\"wp-block-heading\">\ud83d\uddfa\ufe0f Locais de prova<\/h2>\n\n\n\n<p>O local de prova de cada participante \u00e9 informando no&nbsp;cart\u00e3o de confirma\u00e7\u00e3o de inscri\u00e7\u00e3o, que re\u00fane as principais informa\u00e7\u00f5es e recomenda\u00e7\u00f5es para os candidatos. O candidato pode consult\u00e1-lo na&nbsp;p\u00e1gina de participante, neste link, com login gov.br (cpf e senha).<\/p>\n\n\n\n<p>Ap\u00f3s consultar o cart\u00e3o de confirma\u00e7\u00e3o, as dicas s\u00e3o:<\/p>\n\n\n\n<ul class=\"wp-block-list\">\n<li>pesquisar o endere\u00e7o do seu local de prova;<\/li>\n\n\n\n<li>verificar a dist\u00e2ncia e o tempo de deslocamento; e,<\/li>\n\n\n\n<li>se poss\u00edvel, simular o percurso antes, e considerar que, aos domingos, o tr\u00e2nsito e o transporte p\u00fablico t\u00eam fluxos diferentes.<\/li>\n<\/ul>\n\n\n\n<p>\ud83d\udea8 O port\u00e3o fecha \u00e0s 13h, mas a orienta\u00e7\u00e3o do Inep \u00e9 chegar \u00e0s 12h no local de prova.<\/p>\n\n\n\n<p>No cart\u00e3o de confirma\u00e7\u00e3o, o candidato tamb\u00e9m pode&nbsp;confirmar o idioma escolhido para a prova&nbsp;de l\u00edngua estrangeira (ingl\u00eas ou espanhol), datas do exame e solicita\u00e7\u00f5es de atendimento especializado (como adapta\u00e7\u00f5es para pessoas com defici\u00eancia).<\/p>\n\n\n\n<p><strong>O Inep recomenda&nbsp;<\/strong>que o candidato imprima o documento e o leve no dia do Enem, mas isso n\u00e3o \u00e9 obrigat\u00f3rio.<\/p>\n\n\n\n<h2 class=\"wp-block-heading\">\u2705 Quando sai o resultado do Enem?<\/h2>\n\n\n\n<p>De acordo com o edital do Enem 2024, o&nbsp;<strong>gabarito oficial<\/strong>&nbsp;do exame vai ser divulgado em 20 de novembro.<\/p>\n\n\n\n<p>J\u00e1 o resultado com as notas individuais deve ficar dispon\u00edvel para os participantes em&nbsp;13 de janeiro de 2025.<\/p>\n\n\n\n<h2 class=\"wp-block-heading\">Provas<\/h2>\n\n\n\n<p><strong>Dia 3 de novembro:<\/strong><\/p>\n\n\n\n<p>\ud83d\uddfa\ufe0f Ci\u00eancias Humanas e suas Tecnologias: 45 quest\u00f5es de m\u00faltipla escolha de geografia, hist\u00f3ria, filosofia e sociologia.<\/p>\n\n\n\n<p>&nbsp;Linguagens, C\u00f3digos e suas Tecnologias: 40 quest\u00f5es de m\u00faltipla escolha de portugu\u00eas e literatura e mais 5 de l\u00edngua estrangeira (ingl\u00eas ou espanhol).<\/p>\n\n\n\n<p>\u270d\ufe0f Reda\u00e7\u00e3o dissertativa-argumentativa: texto tem que ser escrito com base em uma situa\u00e7\u00e3o-problema apresentada. Veja reda\u00e7\u00f5es nota mil.<\/p>\n\n\n\n<p><strong>Dia 10 de novembro:<\/strong><\/p>\n\n\n\n<p>\ud83d\udd22 Matem\u00e1tica e suas Tecnologias: 45 quest\u00f5es de m\u00faltipla escolha.<\/p>\n\n\n\n<p>\ud83e\uddea Ci\u00eancias da Natureza e suas Tecnologias: 45 quest\u00f5es de m\u00faltipla escolha de biologia, qu\u00edmica e f\u00edsica.<\/p>\n\n\n\n<p>Fonte: G1 PI \/\u00a0Foto: Ardilhes Moreira\/G1<\/p>\n","protected":false},"excerpt":{"rendered":"<p>O Exame Nacional do Ensino M\u00e9dio (Enem) 2024 come\u00e7a neste domingo (3), para mais de 125 mil estudantes do Piau\u00ed inscritos, confirmados. Para ajudar o candidato, o&nbsp;g1&nbsp;reuniu algumas informa\u00e7\u00f5es importantes para o dia de aplica\u00e7\u00e3o das provas, como&nbsp;o que levar, o que&nbsp;n\u00e3o levar&nbsp;e os&nbsp;hor\u00e1rios do exame. A primeira etapa do Enem 2024 testa com conhecimentos [&hellip;]<\/p>\n","protected":false},"author":2,"featured_media":263655,"comment_status":"open","ping_status":"open","sticky":false,"template":"","format":"standard","meta":{"_mi_skip_tracking":false,"footnotes":""},"categories":[25,1,16],"tags":[192],"class_list":["post-263654","post","type-post","status-publish","format-standard","has-post-thumbnail","hentry","category-destaques-site","category-geral","category-todas","tag-destaqueprincipal"],"acf":[],"yoast_head":"<!-- This site is optimized with the Yoast SEO Premium plugin v19.2 (Yoast SEO v26.9) - https:\/\/yoast.com\/product\/yoast-seo-premium-wordpress\/ -->\n<title>Enem 2024: veja hor\u00e1rios de aplica\u00e7\u00e3o das provas e o que pode ou n\u00e3o pode levar no dia do exame - Portal Not\u00edcia em Pauta<\/title>\n<meta name=\"robots\" content=\"index, follow, max-snippet:-1, max-image-preview:large, max-video-preview:-1\" \/>\n<link rel=\"canonical\" href=\"https:\/\/noticiaempauta.com\/portal\/enem-2024-veja-horarios-de-aplicacao-das-provas-e-o-que-pode-ou-nao-pode-levar-no-dia-do-exame\/\" \/>\n<meta property=\"og:locale\" content=\"pt_BR\" \/>\n<meta property=\"og:type\" content=\"article\" \/>\n<meta property=\"og:title\" content=\"Enem 2024: veja hor\u00e1rios de aplica\u00e7\u00e3o das provas e o que pode ou n\u00e3o pode levar no dia do exame\" \/>\n<meta property=\"og:description\" content=\"O Exame Nacional do Ensino M\u00e9dio (Enem) 2024 come\u00e7a neste domingo (3), para mais de 125 mil estudantes do Piau\u00ed inscritos, confirmados. Para ajudar o candidato, o&nbsp;g1&nbsp;reuniu algumas informa\u00e7\u00f5es importantes para o dia de aplica\u00e7\u00e3o das provas, como&nbsp;o que levar, o que&nbsp;n\u00e3o levar&nbsp;e os&nbsp;hor\u00e1rios do exame. A primeira etapa do Enem 2024 testa com conhecimentos [&hellip;]\" \/>\n<meta property=\"og:url\" content=\"https:\/\/noticiaempauta.com\/portal\/enem-2024-veja-horarios-de-aplicacao-das-provas-e-o-que-pode-ou-nao-pode-levar-no-dia-do-exame\/\" \/>\n<meta property=\"og:site_name\" content=\"Portal Not\u00edcia em Pauta\" \/>\n<meta property=\"article:publisher\" content=\"https:\/\/www.facebook.com\/Portal-Notcia-Em-Pauta-102292869264820\/\" \/>\n<meta property=\"article:published_time\" content=\"2024-10-31T12:55:23+00:00\" \/>\n<meta property=\"article:modified_time\" content=\"2024-10-31T12:55:24+00:00\" \/>\n<meta property=\"og:image\" content=\"https:\/\/noticiaempauta.com\/portal\/wp-content\/uploads\/2024\/10\/Sem-titulo-12.jpg\" \/>\n\t<meta property=\"og:image:width\" content=\"1200\" \/>\n\t<meta property=\"og:image:height\" content=\"729\" \/>\n\t<meta property=\"og:image:type\" content=\"image\/jpeg\" \/>\n<meta name=\"author\" content=\"Reda\u00e7\u00e3o\" \/>\n<meta name=\"twitter:card\" content=\"summary_large_image\" \/>\n<meta name=\"twitter:label1\" content=\"Escrito por\" \/>\n\t<meta name=\"twitter:data1\" content=\"Reda\u00e7\u00e3o\" \/>\n\t<meta name=\"twitter:label2\" content=\"Est. tempo de leitura\" \/>\n\t<meta name=\"twitter:data2\" content=\"6 minutos\" \/>\n<script type=\"application\/ld+json\" class=\"yoast-schema-graph\">{\"@context\":\"https:\/\/schema.org\",\"@graph\":[{\"@type\":\"Article\",\"@id\":\"https:\/\/noticiaempauta.com\/portal\/enem-2024-veja-horarios-de-aplicacao-das-provas-e-o-que-pode-ou-nao-pode-levar-no-dia-do-exame\/#article\",\"isPartOf\":{\"@id\":\"https:\/\/noticiaempauta.com\/portal\/enem-2024-veja-horarios-de-aplicacao-das-provas-e-o-que-pode-ou-nao-pode-levar-no-dia-do-exame\/\"},\"author\":{\"name\":\"Reda\u00e7\u00e3o\",\"@id\":\"https:\/\/noticiaempauta.com\/portal\/#\/schema\/person\/a74af43dd1ab3deca45f988c717d57ac\"},\"headline\":\"Enem 2024: veja hor\u00e1rios de aplica\u00e7\u00e3o das provas e o que pode ou n\u00e3o pode levar no dia do exame\",\"datePublished\":\"2024-10-31T12:55:23+00:00\",\"dateModified\":\"2024-10-31T12:55:24+00:00\",\"mainEntityOfPage\":{\"@id\":\"https:\/\/noticiaempauta.com\/portal\/enem-2024-veja-horarios-de-aplicacao-das-provas-e-o-que-pode-ou-nao-pode-levar-no-dia-do-exame\/\"},\"wordCount\":1142,\"commentCount\":0,\"publisher\":{\"@id\":\"https:\/\/noticiaempauta.com\/portal\/#organization\"},\"image\":{\"@id\":\"https:\/\/noticiaempauta.com\/portal\/enem-2024-veja-horarios-de-aplicacao-das-provas-e-o-que-pode-ou-nao-pode-levar-no-dia-do-exame\/#primaryimage\"},\"thumbnailUrl\":\"https:\/\/noticiaempauta.com\/portal\/wp-content\/uploads\/2024\/10\/Sem-titulo-12.jpg\",\"keywords\":[\"destaqueprincipal\"],\"articleSection\":[\"Destaques\",\"Geral\",\"Todas as Not\u00edcias\"],\"inLanguage\":\"pt-BR\",\"potentialAction\":[{\"@type\":\"CommentAction\",\"name\":\"Comment\",\"target\":[\"https:\/\/noticiaempauta.com\/portal\/enem-2024-veja-horarios-de-aplicacao-das-provas-e-o-que-pode-ou-nao-pode-levar-no-dia-do-exame\/#respond\"]}]},{\"@type\":\"WebPage\",\"@id\":\"https:\/\/noticiaempauta.com\/portal\/enem-2024-veja-horarios-de-aplicacao-das-provas-e-o-que-pode-ou-nao-pode-levar-no-dia-do-exame\/\",\"url\":\"https:\/\/noticiaempauta.com\/portal\/enem-2024-veja-horarios-de-aplicacao-das-provas-e-o-que-pode-ou-nao-pode-levar-no-dia-do-exame\/\",\"name\":\"Enem 2024: veja hor\u00e1rios de aplica\u00e7\u00e3o das provas e o que pode ou n\u00e3o pode levar no dia do exame - Portal Not\u00edcia em Pauta\",\"isPartOf\":{\"@id\":\"https:\/\/noticiaempauta.com\/portal\/#website\"},\"primaryImageOfPage\":{\"@id\":\"https:\/\/noticiaempauta.com\/portal\/enem-2024-veja-horarios-de-aplicacao-das-provas-e-o-que-pode-ou-nao-pode-levar-no-dia-do-exame\/#primaryimage\"},\"image\":{\"@id\":\"https:\/\/noticiaempauta.com\/portal\/enem-2024-veja-horarios-de-aplicacao-das-provas-e-o-que-pode-ou-nao-pode-levar-no-dia-do-exame\/#primaryimage\"},\"thumbnailUrl\":\"https:\/\/noticiaempauta.com\/portal\/wp-content\/uploads\/2024\/10\/Sem-titulo-12.jpg\",\"datePublished\":\"2024-10-31T12:55:23+00:00\",\"dateModified\":\"2024-10-31T12:55:24+00:00\",\"breadcrumb\":{\"@id\":\"https:\/\/noticiaempauta.com\/portal\/enem-2024-veja-horarios-de-aplicacao-das-provas-e-o-que-pode-ou-nao-pode-levar-no-dia-do-exame\/#breadcrumb\"},\"inLanguage\":\"pt-BR\",\"potentialAction\":[{\"@type\":\"ReadAction\",\"target\":[\"https:\/\/noticiaempauta.com\/portal\/enem-2024-veja-horarios-de-aplicacao-das-provas-e-o-que-pode-ou-nao-pode-levar-no-dia-do-exame\/\"]}]},{\"@type\":\"ImageObject\",\"inLanguage\":\"pt-BR\",\"@id\":\"https:\/\/noticiaempauta.com\/portal\/enem-2024-veja-horarios-de-aplicacao-das-provas-e-o-que-pode-ou-nao-pode-levar-no-dia-do-exame\/#primaryimage\",\"url\":\"https:\/\/noticiaempauta.com\/portal\/wp-content\/uploads\/2024\/10\/Sem-titulo-12.jpg\",\"contentUrl\":\"https:\/\/noticiaempauta.com\/portal\/wp-content\/uploads\/2024\/10\/Sem-titulo-12.jpg\",\"width\":1200,\"height\":729},{\"@type\":\"BreadcrumbList\",\"@id\":\"https:\/\/noticiaempauta.com\/portal\/enem-2024-veja-horarios-de-aplicacao-das-provas-e-o-que-pode-ou-nao-pode-levar-no-dia-do-exame\/#breadcrumb\",\"itemListElement\":[{\"@type\":\"ListItem\",\"position\":1,\"name\":\"P\u00e1gina Inicial\",\"item\":\"https:\/\/noticiaempauta.com\/portal\/\"},{\"@type\":\"ListItem\",\"position\":2,\"name\":\"Destaques\",\"item\":\"https:\/\/noticiaempauta.com\/portal\/destaques-site\/\"},{\"@type\":\"ListItem\",\"position\":3,\"name\":\"Enem 2024: veja hor\u00e1rios de aplica\u00e7\u00e3o das provas e o que pode ou n\u00e3o pode levar no dia do exame\"}]},{\"@type\":\"WebSite\",\"@id\":\"https:\/\/noticiaempauta.com\/portal\/#website\",\"url\":\"https:\/\/noticiaempauta.com\/portal\/\",\"name\":\"Portal Not\u00edcia em Pauta\",\"description\":\"Voc\u00ea bem informado\",\"publisher\":{\"@id\":\"https:\/\/noticiaempauta.com\/portal\/#organization\"},\"potentialAction\":[{\"@type\":\"SearchAction\",\"target\":{\"@type\":\"EntryPoint\",\"urlTemplate\":\"https:\/\/noticiaempauta.com\/portal\/?s={search_term_string}\"},\"query-input\":{\"@type\":\"PropertyValueSpecification\",\"valueRequired\":true,\"valueName\":\"search_term_string\"}}],\"inLanguage\":\"pt-BR\"},{\"@type\":\"Organization\",\"@id\":\"https:\/\/noticiaempauta.com\/portal\/#organization\",\"name\":\"Portal Not\u00edcia em Pauta\",\"url\":\"https:\/\/noticiaempauta.com\/portal\/\",\"logo\":{\"@type\":\"ImageObject\",\"inLanguage\":\"pt-BR\",\"@id\":\"https:\/\/noticiaempauta.com\/portal\/#\/schema\/logo\/image\/\",\"url\":\"https:\/\/noticiaempauta.com\/portal\/wp-content\/uploads\/2022\/08\/logomarca_tema.fw_.png\",\"contentUrl\":\"https:\/\/noticiaempauta.com\/portal\/wp-content\/uploads\/2022\/08\/logomarca_tema.fw_.png\",\"width\":400,\"height\":232,\"caption\":\"Portal Not\u00edcia em Pauta\"},\"image\":{\"@id\":\"https:\/\/noticiaempauta.com\/portal\/#\/schema\/logo\/image\/\"},\"sameAs\":[\"https:\/\/www.facebook.com\/Portal-Notcia-Em-Pauta-102292869264820\/\",\"https:\/\/www.instagram.com\/portalnoticiaempauta\/\"]},{\"@type\":\"Person\",\"@id\":\"https:\/\/noticiaempauta.com\/portal\/#\/schema\/person\/a74af43dd1ab3deca45f988c717d57ac\",\"name\":\"Reda\u00e7\u00e3o\",\"image\":{\"@type\":\"ImageObject\",\"inLanguage\":\"pt-BR\",\"@id\":\"https:\/\/noticiaempauta.com\/portal\/#\/schema\/person\/image\/\",\"url\":\"https:\/\/secure.gravatar.com\/avatar\/03179346ecce6cdfc13361603e8f54242a90e5cde8618fa23c5c00aa2b0aadf3?s=96&d=mm&r=g\",\"contentUrl\":\"https:\/\/secure.gravatar.com\/avatar\/03179346ecce6cdfc13361603e8f54242a90e5cde8618fa23c5c00aa2b0aadf3?s=96&d=mm&r=g\",\"caption\":\"Reda\u00e7\u00e3o\"},\"sameAs\":[\"https:\/\/noticiaempauta.com\/portal\/\"],\"url\":\"https:\/\/noticiaempauta.com\/portal\/author\/fernando\/\"}]}<\/script>\n<!-- \/ Yoast SEO Premium plugin. -->","yoast_head_json":{"title":"Enem 2024: veja hor\u00e1rios de aplica\u00e7\u00e3o das provas e o que pode ou n\u00e3o pode levar no dia do exame - Portal Not\u00edcia em Pauta","robots":{"index":"index","follow":"follow","max-snippet":"max-snippet:-1","max-image-preview":"max-image-preview:large","max-video-preview":"max-video-preview:-1"},"canonical":"https:\/\/noticiaempauta.com\/portal\/enem-2024-veja-horarios-de-aplicacao-das-provas-e-o-que-pode-ou-nao-pode-levar-no-dia-do-exame\/","og_locale":"pt_BR","og_type":"article","og_title":"Enem 2024: veja hor\u00e1rios de aplica\u00e7\u00e3o das provas e o que pode ou n\u00e3o pode levar no dia do exame","og_description":"O Exame Nacional do Ensino M\u00e9dio (Enem) 2024 come\u00e7a neste domingo (3), para mais de 125 mil estudantes do Piau\u00ed inscritos, confirmados. Para ajudar o candidato, o&nbsp;g1&nbsp;reuniu algumas informa\u00e7\u00f5es importantes para o dia de aplica\u00e7\u00e3o das provas, como&nbsp;o que levar, o que&nbsp;n\u00e3o levar&nbsp;e os&nbsp;hor\u00e1rios do exame. A primeira etapa do Enem 2024 testa com conhecimentos [&hellip;]","og_url":"https:\/\/noticiaempauta.com\/portal\/enem-2024-veja-horarios-de-aplicacao-das-provas-e-o-que-pode-ou-nao-pode-levar-no-dia-do-exame\/","og_site_name":"Portal Not\u00edcia em Pauta","article_publisher":"https:\/\/www.facebook.com\/Portal-Notcia-Em-Pauta-102292869264820\/","article_published_time":"2024-10-31T12:55:23+00:00","article_modified_time":"2024-10-31T12:55:24+00:00","og_image":[{"width":1200,"height":729,"url":"https:\/\/noticiaempauta.com\/portal\/wp-content\/uploads\/2024\/10\/Sem-titulo-12.jpg","type":"image\/jpeg"}],"author":"Reda\u00e7\u00e3o","twitter_card":"summary_large_image","twitter_misc":{"Escrito por":"Reda\u00e7\u00e3o","Est. tempo de leitura":"6 minutos"},"schema":{"@context":"https:\/\/schema.org","@graph":[{"@type":"Article","@id":"https:\/\/noticiaempauta.com\/portal\/enem-2024-veja-horarios-de-aplicacao-das-provas-e-o-que-pode-ou-nao-pode-levar-no-dia-do-exame\/#article","isPartOf":{"@id":"https:\/\/noticiaempauta.com\/portal\/enem-2024-veja-horarios-de-aplicacao-das-provas-e-o-que-pode-ou-nao-pode-levar-no-dia-do-exame\/"},"author":{"name":"Reda\u00e7\u00e3o","@id":"https:\/\/noticiaempauta.com\/portal\/#\/schema\/person\/a74af43dd1ab3deca45f988c717d57ac"},"headline":"Enem 2024: veja hor\u00e1rios de aplica\u00e7\u00e3o das provas e o que pode ou n\u00e3o pode levar no dia do exame","datePublished":"2024-10-31T12:55:23+00:00","dateModified":"2024-10-31T12:55:24+00:00","mainEntityOfPage":{"@id":"https:\/\/noticiaempauta.com\/portal\/enem-2024-veja-horarios-de-aplicacao-das-provas-e-o-que-pode-ou-nao-pode-levar-no-dia-do-exame\/"},"wordCount":1142,"commentCount":0,"publisher":{"@id":"https:\/\/noticiaempauta.com\/portal\/#organization"},"image":{"@id":"https:\/\/noticiaempauta.com\/portal\/enem-2024-veja-horarios-de-aplicacao-das-provas-e-o-que-pode-ou-nao-pode-levar-no-dia-do-exame\/#primaryimage"},"thumbnailUrl":"https:\/\/noticiaempauta.com\/portal\/wp-content\/uploads\/2024\/10\/Sem-titulo-12.jpg","keywords":["destaqueprincipal"],"articleSection":["Destaques","Geral","Todas as Not\u00edcias"],"inLanguage":"pt-BR","potentialAction":[{"@type":"CommentAction","name":"Comment","target":["https:\/\/noticiaempauta.com\/portal\/enem-2024-veja-horarios-de-aplicacao-das-provas-e-o-que-pode-ou-nao-pode-levar-no-dia-do-exame\/#respond"]}]},{"@type":"WebPage","@id":"https:\/\/noticiaempauta.com\/portal\/enem-2024-veja-horarios-de-aplicacao-das-provas-e-o-que-pode-ou-nao-pode-levar-no-dia-do-exame\/","url":"https:\/\/noticiaempauta.com\/portal\/enem-2024-veja-horarios-de-aplicacao-das-provas-e-o-que-pode-ou-nao-pode-levar-no-dia-do-exame\/","name":"Enem 2024: veja hor\u00e1rios de aplica\u00e7\u00e3o das provas e o que pode ou n\u00e3o pode levar no dia do exame - Portal Not\u00edcia em Pauta","isPartOf":{"@id":"https:\/\/noticiaempauta.com\/portal\/#website"},"primaryImageOfPage":{"@id":"https:\/\/noticiaempauta.com\/portal\/enem-2024-veja-horarios-de-aplicacao-das-provas-e-o-que-pode-ou-nao-pode-levar-no-dia-do-exame\/#primaryimage"},"image":{"@id":"https:\/\/noticiaempauta.com\/portal\/enem-2024-veja-horarios-de-aplicacao-das-provas-e-o-que-pode-ou-nao-pode-levar-no-dia-do-exame\/#primaryimage"},"thumbnailUrl":"https:\/\/noticiaempauta.com\/portal\/wp-content\/uploads\/2024\/10\/Sem-titulo-12.jpg","datePublished":"2024-10-31T12:55:23+00:00","dateModified":"2024-10-31T12:55:24+00:00","breadcrumb":{"@id":"https:\/\/noticiaempauta.com\/portal\/enem-2024-veja-horarios-de-aplicacao-das-provas-e-o-que-pode-ou-nao-pode-levar-no-dia-do-exame\/#breadcrumb"},"inLanguage":"pt-BR","potentialAction":[{"@type":"ReadAction","target":["https:\/\/noticiaempauta.com\/portal\/enem-2024-veja-horarios-de-aplicacao-das-provas-e-o-que-pode-ou-nao-pode-levar-no-dia-do-exame\/"]}]},{"@type":"ImageObject","inLanguage":"pt-BR","@id":"https:\/\/noticiaempauta.com\/portal\/enem-2024-veja-horarios-de-aplicacao-das-provas-e-o-que-pode-ou-nao-pode-levar-no-dia-do-exame\/#primaryimage","url":"https:\/\/noticiaempauta.com\/portal\/wp-content\/uploads\/2024\/10\/Sem-titulo-12.jpg","contentUrl":"https:\/\/noticiaempauta.com\/portal\/wp-content\/uploads\/2024\/10\/Sem-titulo-12.jpg","width":1200,"height":729},{"@type":"BreadcrumbList","@id":"https:\/\/noticiaempauta.com\/portal\/enem-2024-veja-horarios-de-aplicacao-das-provas-e-o-que-pode-ou-nao-pode-levar-no-dia-do-exame\/#breadcrumb","itemListElement":[{"@type":"ListItem","position":1,"name":"P\u00e1gina Inicial","item":"https:\/\/noticiaempauta.com\/portal\/"},{"@type":"ListItem","position":2,"name":"Destaques","item":"https:\/\/noticiaempauta.com\/portal\/destaques-site\/"},{"@type":"ListItem","position":3,"name":"Enem 2024: veja hor\u00e1rios de aplica\u00e7\u00e3o das provas e o que pode ou n\u00e3o pode levar no dia do exame"}]},{"@type":"WebSite","@id":"https:\/\/noticiaempauta.com\/portal\/#website","url":"https:\/\/noticiaempauta.com\/portal\/","name":"Portal Not\u00edcia em Pauta","description":"Voc\u00ea bem informado","publisher":{"@id":"https:\/\/noticiaempauta.com\/portal\/#organization"},"potentialAction":[{"@type":"SearchAction","target":{"@type":"EntryPoint","urlTemplate":"https:\/\/noticiaempauta.com\/portal\/?s={search_term_string}"},"query-input":{"@type":"PropertyValueSpecification","valueRequired":true,"valueName":"search_term_string"}}],"inLanguage":"pt-BR"},{"@type":"Organization","@id":"https:\/\/noticiaempauta.com\/portal\/#organization","name":"Portal Not\u00edcia em Pauta","url":"https:\/\/noticiaempauta.com\/portal\/","logo":{"@type":"ImageObject","inLanguage":"pt-BR","@id":"https:\/\/noticiaempauta.com\/portal\/#\/schema\/logo\/image\/","url":"https:\/\/noticiaempauta.com\/portal\/wp-content\/uploads\/2022\/08\/logomarca_tema.fw_.png","contentUrl":"https:\/\/noticiaempauta.com\/portal\/wp-content\/uploads\/2022\/08\/logomarca_tema.fw_.png","width":400,"height":232,"caption":"Portal Not\u00edcia em Pauta"},"image":{"@id":"https:\/\/noticiaempauta.com\/portal\/#\/schema\/logo\/image\/"},"sameAs":["https:\/\/www.facebook.com\/Portal-Notcia-Em-Pauta-102292869264820\/","https:\/\/www.instagram.com\/portalnoticiaempauta\/"]},{"@type":"Person","@id":"https:\/\/noticiaempauta.com\/portal\/#\/schema\/person\/a74af43dd1ab3deca45f988c717d57ac","name":"Reda\u00e7\u00e3o","image":{"@type":"ImageObject","inLanguage":"pt-BR","@id":"https:\/\/noticiaempauta.com\/portal\/#\/schema\/person\/image\/","url":"https:\/\/secure.gravatar.com\/avatar\/03179346ecce6cdfc13361603e8f54242a90e5cde8618fa23c5c00aa2b0aadf3?s=96&d=mm&r=g","contentUrl":"https:\/\/secure.gravatar.com\/avatar\/03179346ecce6cdfc13361603e8f54242a90e5cde8618fa23c5c00aa2b0aadf3?s=96&d=mm&r=g","caption":"Reda\u00e7\u00e3o"},"sameAs":["https:\/\/noticiaempauta.com\/portal\/"],"url":"https:\/\/noticiaempauta.com\/portal\/author\/fernando\/"}]}},"_links":{"self":[{"href":"https:\/\/noticiaempauta.com\/portal\/wp-json\/wp\/v2\/posts\/263654","targetHints":{"allow":["GET"]}}],"collection":[{"href":"https:\/\/noticiaempauta.com\/portal\/wp-json\/wp\/v2\/posts"}],"about":[{"href":"https:\/\/noticiaempauta.com\/portal\/wp-json\/wp\/v2\/types\/post"}],"author":[{"embeddable":true,"href":"https:\/\/noticiaempauta.com\/portal\/wp-json\/wp\/v2\/users\/2"}],"replies":[{"embeddable":true,"href":"https:\/\/noticiaempauta.com\/portal\/wp-json\/wp\/v2\/comments?post=263654"}],"version-history":[{"count":2,"href":"https:\/\/noticiaempauta.com\/portal\/wp-json\/wp\/v2\/posts\/263654\/revisions"}],"predecessor-version":[{"id":263657,"href":"https:\/\/noticiaempauta.com\/portal\/wp-json\/wp\/v2\/posts\/263654\/revisions\/263657"}],"wp:featuredmedia":[{"embeddable":true,"href":"https:\/\/noticiaempauta.com\/portal\/wp-json\/wp\/v2\/media\/263655"}],"wp:attachment":[{"href":"https:\/\/noticiaempauta.com\/portal\/wp-json\/wp\/v2\/media?parent=263654"}],"wp:term":[{"taxonomy":"category","embeddable":true,"href":"https:\/\/noticiaempauta.com\/portal\/wp-json\/wp\/v2\/categories?post=263654"},{"taxonomy":"post_tag","embeddable":true,"href":"https:\/\/noticiaempauta.com\/portal\/wp-json\/wp\/v2\/tags?post=263654"}],"curies":[{"name":"wp","href":"https:\/\/api.w.org\/{rel}","templated":true}]}}