{"id":263658,"date":"2024-10-31T16:27:20","date_gmt":"2024-10-31T19:27:20","guid":{"rendered":"https:\/\/noticiaempauta.com\/portal\/?p=263658"},"modified":"2024-10-31T16:33:53","modified_gmt":"2024-10-31T19:33:53","slug":"chapa-a-ordem-e-avancar-registra-candidatura-e-apresenta-diretoria-e-conselho-para-as-eleicoes-da-oab-subsecao-de-picos","status":"publish","type":"post","link":"https:\/\/noticiaempauta.com\/portal\/chapa-a-ordem-e-avancar-registra-candidatura-e-apresenta-diretoria-e-conselho-para-as-eleicoes-da-oab-subsecao-de-picos\/","title":{"rendered":"Chapa \u201cA Ordem \u00e9 Avan\u00e7ar\u201d registra candidatura e apresenta Diretoria e Conselho para as elei\u00e7\u00f5es da OAB Subse\u00e7\u00e3o de Picos"},"content":{"rendered":"\n<p>A chapa \u201cA Ordem \u00e9 Avan\u00e7ar: Juntos pela Advocacia\u201d foi a primeira a registrar oficialmente sua candidatura para as elei\u00e7\u00f5es da OAB Subse\u00e7\u00e3o de Picos, com o n\u00famero 10. <\/p>\n\n\n\n<figure class=\"wp-block-image size-large\"><img fetchpriority=\"high\" decoding=\"async\" width=\"1024\" height=\"683\" src=\"https:\/\/noticiaempauta.com\/portal\/wp-content\/uploads\/2024\/10\/f5527016-c28d-40dc-bdd8-334167326338-1024x683.jpeg\" alt=\"\" class=\"wp-image-263661\" srcset=\"https:\/\/noticiaempauta.com\/portal\/wp-content\/uploads\/2024\/10\/f5527016-c28d-40dc-bdd8-334167326338-1024x683.jpeg 1024w, https:\/\/noticiaempauta.com\/portal\/wp-content\/uploads\/2024\/10\/f5527016-c28d-40dc-bdd8-334167326338-300x200.jpeg 300w, https:\/\/noticiaempauta.com\/portal\/wp-content\/uploads\/2024\/10\/f5527016-c28d-40dc-bdd8-334167326338-768x512.jpeg 768w, https:\/\/noticiaempauta.com\/portal\/wp-content\/uploads\/2024\/10\/f5527016-c28d-40dc-bdd8-334167326338-1536x1024.jpeg 1536w, https:\/\/noticiaempauta.com\/portal\/wp-content\/uploads\/2024\/10\/f5527016-c28d-40dc-bdd8-334167326338-2048x1365.jpeg 2048w\" sizes=\"(max-width: 1024px) 100vw, 1024px\" \/><\/figure>\n\n\n\n<p>Liderada pela advogada Yana Moura como presidente e Ernandes Curica como vice-presidente, a chapa se apresenta com propostas voltadas ao fortalecimento da advocacia regional, com foco na defesa das prerrogativas e na capacita\u00e7\u00e3o dos advogados.<\/p>\n\n\n\n<p>\u201cHoje, com muita determina\u00e7\u00e3o, registramos oficialmente a chapa \u2018A Ordem \u00e9 Avan\u00e7ar\u2019, com o n\u00famero 10, para concorrer \u00e0s elei\u00e7\u00f5es da subse\u00e7\u00e3o de Picos. Nosso compromisso \u00e9 construir uma representatividade cada vez mais forte e atuante para atender aos anseios de nossa classe. Seguimos juntos, com garra e prop\u00f3sito, rumo a um futuro melhor!\u201d, declarou Dra. Yana Moura.<\/p>\n\n\n\n<p>O Dr. Ernandes Curica, candidato \u00e0 vice-presid\u00eancia, tamb\u00e9m ressaltou o compromisso da chapa com a defesa dos direitos e o fortalecimento da advocacia: \u201cO registro oficial da nossa chapa consolida uma uni\u00e3o em busca de melhorias para a Subse\u00e7\u00e3o de Picos, no intuito de garantir o respeito \u00e0s prerrogativas de advogados e advogadas atuantes na nossa regi\u00e3o, bem como a observ\u00e2ncia aos direitos da sociedade! Convidamos todos os colegas a acompanhar esse movimento e, futuramente, fazer parte de uma gest\u00e3o forte, unida e representativa! Vamos juntos, vamos em frente! Chapa 10: \u2018A Ordem \u00e9 Avan\u00e7ar\u2019!\u201d.<\/p>\n\n\n\n<figure class=\"wp-block-image size-large\"><img decoding=\"async\" width=\"1024\" height=\"683\" src=\"https:\/\/noticiaempauta.com\/portal\/wp-content\/uploads\/2024\/10\/05c7349c-930a-44cd-afdc-e58654b063e0-1-1024x683.jpeg\" alt=\"\" class=\"wp-image-263660\" srcset=\"https:\/\/noticiaempauta.com\/portal\/wp-content\/uploads\/2024\/10\/05c7349c-930a-44cd-afdc-e58654b063e0-1-1024x683.jpeg 1024w, https:\/\/noticiaempauta.com\/portal\/wp-content\/uploads\/2024\/10\/05c7349c-930a-44cd-afdc-e58654b063e0-1-300x200.jpeg 300w, https:\/\/noticiaempauta.com\/portal\/wp-content\/uploads\/2024\/10\/05c7349c-930a-44cd-afdc-e58654b063e0-1-768x512.jpeg 768w, https:\/\/noticiaempauta.com\/portal\/wp-content\/uploads\/2024\/10\/05c7349c-930a-44cd-afdc-e58654b063e0-1-1536x1024.jpeg 1536w, https:\/\/noticiaempauta.com\/portal\/wp-content\/uploads\/2024\/10\/05c7349c-930a-44cd-afdc-e58654b063e0-1-2048x1365.jpeg 2048w\" sizes=\"(max-width: 1024px) 100vw, 1024px\" \/><\/figure>\n\n\n\n<p><strong>Diretoria do Conselho Subseccional<\/strong><br>Presidente: Yana de Moura Gon\u00e7alves, OAB\/PI n\u00b0 12.019<br>Vice-Presidente: Ernandes Paulino Gomes Sousa, OAB\/PI n\u00b0 13.934<br>Secret\u00e1rio(a)-Geral: Noanne Moura Campos, OAB\/PI n\u00b0 17.635<br>Secret\u00e1rio(a)-Geral Adjunto(a): Jarbas de Carvalho Costa Junior, OAB\/PI n\u00b0 16.467<br>Diretor(a) Tesoureiro(a): Francisco de Assis Moura de Carvalho J\u00fanior, OAB\/PI n\u00b0 16.531<\/p>\n\n\n\n<p><strong>Conselheiros(as) Subseccionais Titulares<\/strong><br>Ad\u00e3o Joaquim de Sousa Neto, OAB\/PI n\u00b0 11.242<br>Diego Pereira Santos, OAB\/PI n\u00b0 19.299<br>Jannice Maria de Jesus, OAB\/PI n\u00b0 6.301<br>Lu\u00eds Henrique Carvalho Moura de Barros, OAB\/PI n\u00b0 9.277<br>N\u00fabia Josefa da Rocha, OAB\/PI n\u00b0 16.835<br>Ozildo Henrique Alves Albano, OAB\/PI n\u00b0 12.491<br>Renata Lustosa de Santana, OAB\/PI n\u00b0 19.297<\/p>\n\n\n\n<p><strong>Conselheiros(as) Subseccionais Suplentes<\/strong><br>Alex Alessandro de Sousa, OAB\/PI n\u00b0 16.838<br>Ediz\u00e2ngela de Lima Monteiro Rodrigues, OAB\/PI n\u00b0 12.877<br>Hil\u00e1ryo Barbosa Guimar\u00e3es, OAB\/PI n\u00b0 17.557<br>K\u00e9rcya Mayahara Moura Cavalcante, OAB\/PI n\u00b0 16.250<br>Luiza Claryssy de Sousa, OAB\/PI n\u00b0 19.116<br>Roseglisse Gon\u00e7alves Nunes, OAB\/PI n\u00b0 4.124<\/p>\n\n\n\n<p>Com a proximidade das elei\u00e7\u00f5es, que ocorrer\u00e3o em 30 de novembro de 2024, a chapa denominada \u201cA Ordem \u00e9 Avan\u00e7ar\u201d convida a advocacia da regi\u00e3o a participar e contribuir com este importante momento democr\u00e1tico para a classe.<\/p>\n\n\n\n<p>Ascom<\/p>\n","protected":false},"excerpt":{"rendered":"<p>A chapa \u201cA Ordem \u00e9 Avan\u00e7ar: Juntos pela Advocacia\u201d foi a primeira a registrar oficialmente sua candidatura para as elei\u00e7\u00f5es da OAB Subse\u00e7\u00e3o de Picos, com o n\u00famero 10. Liderada pela advogada Yana Moura como presidente e Ernandes Curica como vice-presidente, a chapa se apresenta com propostas voltadas ao fortalecimento da advocacia regional, com foco [&hellip;]<\/p>\n","protected":false},"author":2,"featured_media":263660,"comment_status":"open","ping_status":"open","sticky":false,"template":"","format":"standard","meta":{"_mi_skip_tracking":false,"footnotes":""},"categories":[25,1,16],"tags":[],"class_list":["post-263658","post","type-post","status-publish","format-standard","has-post-thumbnail","hentry","category-destaques-site","category-geral","category-todas"],"acf":[],"yoast_head":"<!-- This site is optimized with the Yoast SEO Premium plugin v19.2 (Yoast SEO v26.9) - https:\/\/yoast.com\/product\/yoast-seo-premium-wordpress\/ -->\n<title>Chapa \u201cA Ordem \u00e9 Avan\u00e7ar\u201d registra candidatura e apresenta Diretoria e Conselho para as elei\u00e7\u00f5es da OAB Subse\u00e7\u00e3o de Picos - Portal Not\u00edcia em Pauta<\/title>\n<meta name=\"robots\" content=\"index, follow, max-snippet:-1, max-image-preview:large, max-video-preview:-1\" \/>\n<link rel=\"canonical\" href=\"https:\/\/noticiaempauta.com\/portal\/chapa-a-ordem-e-avancar-registra-candidatura-e-apresenta-diretoria-e-conselho-para-as-eleicoes-da-oab-subsecao-de-picos\/\" \/>\n<meta property=\"og:locale\" content=\"pt_BR\" \/>\n<meta property=\"og:type\" content=\"article\" \/>\n<meta property=\"og:title\" content=\"Chapa \u201cA Ordem \u00e9 Avan\u00e7ar\u201d registra candidatura e apresenta Diretoria e Conselho para as elei\u00e7\u00f5es da OAB Subse\u00e7\u00e3o de Picos\" \/>\n<meta property=\"og:description\" content=\"A chapa \u201cA Ordem \u00e9 Avan\u00e7ar: Juntos pela Advocacia\u201d foi a primeira a registrar oficialmente sua candidatura para as elei\u00e7\u00f5es da OAB Subse\u00e7\u00e3o de Picos, com o n\u00famero 10. Liderada pela advogada Yana Moura como presidente e Ernandes Curica como vice-presidente, a chapa se apresenta com propostas voltadas ao fortalecimento da advocacia regional, com foco [&hellip;]\" \/>\n<meta property=\"og:url\" content=\"https:\/\/noticiaempauta.com\/portal\/chapa-a-ordem-e-avancar-registra-candidatura-e-apresenta-diretoria-e-conselho-para-as-eleicoes-da-oab-subsecao-de-picos\/\" \/>\n<meta property=\"og:site_name\" content=\"Portal Not\u00edcia em Pauta\" \/>\n<meta property=\"article:publisher\" content=\"https:\/\/www.facebook.com\/Portal-Notcia-Em-Pauta-102292869264820\/\" \/>\n<meta property=\"article:published_time\" content=\"2024-10-31T19:27:20+00:00\" \/>\n<meta property=\"article:modified_time\" content=\"2024-10-31T19:33:53+00:00\" \/>\n<meta property=\"og:image\" content=\"https:\/\/noticiaempauta.com\/portal\/wp-content\/uploads\/2024\/10\/05c7349c-930a-44cd-afdc-e58654b063e0-1-scaled.jpeg\" \/>\n\t<meta property=\"og:image:width\" content=\"2560\" \/>\n\t<meta property=\"og:image:height\" content=\"1706\" \/>\n\t<meta property=\"og:image:type\" content=\"image\/jpeg\" \/>\n<meta name=\"author\" content=\"Reda\u00e7\u00e3o\" \/>\n<meta name=\"twitter:card\" content=\"summary_large_image\" \/>\n<meta name=\"twitter:label1\" content=\"Escrito por\" \/>\n\t<meta name=\"twitter:data1\" content=\"Reda\u00e7\u00e3o\" \/>\n\t<meta name=\"twitter:label2\" content=\"Est. tempo de leitura\" \/>\n\t<meta name=\"twitter:data2\" content=\"3 minutos\" \/>\n<script type=\"application\/ld+json\" class=\"yoast-schema-graph\">{\"@context\":\"https:\/\/schema.org\",\"@graph\":[{\"@type\":\"Article\",\"@id\":\"https:\/\/noticiaempauta.com\/portal\/chapa-a-ordem-e-avancar-registra-candidatura-e-apresenta-diretoria-e-conselho-para-as-eleicoes-da-oab-subsecao-de-picos\/#article\",\"isPartOf\":{\"@id\":\"https:\/\/noticiaempauta.com\/portal\/chapa-a-ordem-e-avancar-registra-candidatura-e-apresenta-diretoria-e-conselho-para-as-eleicoes-da-oab-subsecao-de-picos\/\"},\"author\":{\"name\":\"Reda\u00e7\u00e3o\",\"@id\":\"https:\/\/noticiaempauta.com\/portal\/#\/schema\/person\/a74af43dd1ab3deca45f988c717d57ac\"},\"headline\":\"Chapa \u201cA Ordem \u00e9 Avan\u00e7ar\u201d registra candidatura e apresenta Diretoria e Conselho para as elei\u00e7\u00f5es da OAB Subse\u00e7\u00e3o de Picos\",\"datePublished\":\"2024-10-31T19:27:20+00:00\",\"dateModified\":\"2024-10-31T19:33:53+00:00\",\"mainEntityOfPage\":{\"@id\":\"https:\/\/noticiaempauta.com\/portal\/chapa-a-ordem-e-avancar-registra-candidatura-e-apresenta-diretoria-e-conselho-para-as-eleicoes-da-oab-subsecao-de-picos\/\"},\"wordCount\":458,\"commentCount\":0,\"publisher\":{\"@id\":\"https:\/\/noticiaempauta.com\/portal\/#organization\"},\"image\":{\"@id\":\"https:\/\/noticiaempauta.com\/portal\/chapa-a-ordem-e-avancar-registra-candidatura-e-apresenta-diretoria-e-conselho-para-as-eleicoes-da-oab-subsecao-de-picos\/#primaryimage\"},\"thumbnailUrl\":\"https:\/\/noticiaempauta.com\/portal\/wp-content\/uploads\/2024\/10\/05c7349c-930a-44cd-afdc-e58654b063e0-1-scaled.jpeg\",\"articleSection\":[\"Destaques\",\"Geral\",\"Todas as Not\u00edcias\"],\"inLanguage\":\"pt-BR\",\"potentialAction\":[{\"@type\":\"CommentAction\",\"name\":\"Comment\",\"target\":[\"https:\/\/noticiaempauta.com\/portal\/chapa-a-ordem-e-avancar-registra-candidatura-e-apresenta-diretoria-e-conselho-para-as-eleicoes-da-oab-subsecao-de-picos\/#respond\"]}]},{\"@type\":\"WebPage\",\"@id\":\"https:\/\/noticiaempauta.com\/portal\/chapa-a-ordem-e-avancar-registra-candidatura-e-apresenta-diretoria-e-conselho-para-as-eleicoes-da-oab-subsecao-de-picos\/\",\"url\":\"https:\/\/noticiaempauta.com\/portal\/chapa-a-ordem-e-avancar-registra-candidatura-e-apresenta-diretoria-e-conselho-para-as-eleicoes-da-oab-subsecao-de-picos\/\",\"name\":\"Chapa \u201cA Ordem \u00e9 Avan\u00e7ar\u201d registra candidatura e apresenta Diretoria e Conselho para as elei\u00e7\u00f5es da OAB Subse\u00e7\u00e3o de Picos - Portal Not\u00edcia em Pauta\",\"isPartOf\":{\"@id\":\"https:\/\/noticiaempauta.com\/portal\/#website\"},\"primaryImageOfPage\":{\"@id\":\"https:\/\/noticiaempauta.com\/portal\/chapa-a-ordem-e-avancar-registra-candidatura-e-apresenta-diretoria-e-conselho-para-as-eleicoes-da-oab-subsecao-de-picos\/#primaryimage\"},\"image\":{\"@id\":\"https:\/\/noticiaempauta.com\/portal\/chapa-a-ordem-e-avancar-registra-candidatura-e-apresenta-diretoria-e-conselho-para-as-eleicoes-da-oab-subsecao-de-picos\/#primaryimage\"},\"thumbnailUrl\":\"https:\/\/noticiaempauta.com\/portal\/wp-content\/uploads\/2024\/10\/05c7349c-930a-44cd-afdc-e58654b063e0-1-scaled.jpeg\",\"datePublished\":\"2024-10-31T19:27:20+00:00\",\"dateModified\":\"2024-10-31T19:33:53+00:00\",\"breadcrumb\":{\"@id\":\"https:\/\/noticiaempauta.com\/portal\/chapa-a-ordem-e-avancar-registra-candidatura-e-apresenta-diretoria-e-conselho-para-as-eleicoes-da-oab-subsecao-de-picos\/#breadcrumb\"},\"inLanguage\":\"pt-BR\",\"potentialAction\":[{\"@type\":\"ReadAction\",\"target\":[\"https:\/\/noticiaempauta.com\/portal\/chapa-a-ordem-e-avancar-registra-candidatura-e-apresenta-diretoria-e-conselho-para-as-eleicoes-da-oab-subsecao-de-picos\/\"]}]},{\"@type\":\"ImageObject\",\"inLanguage\":\"pt-BR\",\"@id\":\"https:\/\/noticiaempauta.com\/portal\/chapa-a-ordem-e-avancar-registra-candidatura-e-apresenta-diretoria-e-conselho-para-as-eleicoes-da-oab-subsecao-de-picos\/#primaryimage\",\"url\":\"https:\/\/noticiaempauta.com\/portal\/wp-content\/uploads\/2024\/10\/05c7349c-930a-44cd-afdc-e58654b063e0-1-scaled.jpeg\",\"contentUrl\":\"https:\/\/noticiaempauta.com\/portal\/wp-content\/uploads\/2024\/10\/05c7349c-930a-44cd-afdc-e58654b063e0-1-scaled.jpeg\",\"width\":2560,\"height\":1706},{\"@type\":\"BreadcrumbList\",\"@id\":\"https:\/\/noticiaempauta.com\/portal\/chapa-a-ordem-e-avancar-registra-candidatura-e-apresenta-diretoria-e-conselho-para-as-eleicoes-da-oab-subsecao-de-picos\/#breadcrumb\",\"itemListElement\":[{\"@type\":\"ListItem\",\"position\":1,\"name\":\"P\u00e1gina Inicial\",\"item\":\"https:\/\/noticiaempauta.com\/portal\/\"},{\"@type\":\"ListItem\",\"position\":2,\"name\":\"Destaques\",\"item\":\"https:\/\/noticiaempauta.com\/portal\/destaques-site\/\"},{\"@type\":\"ListItem\",\"position\":3,\"name\":\"Chapa \u201cA Ordem \u00e9 Avan\u00e7ar\u201d registra candidatura e apresenta Diretoria e Conselho para as elei\u00e7\u00f5es da OAB Subse\u00e7\u00e3o de Picos\"}]},{\"@type\":\"WebSite\",\"@id\":\"https:\/\/noticiaempauta.com\/portal\/#website\",\"url\":\"https:\/\/noticiaempauta.com\/portal\/\",\"name\":\"Portal Not\u00edcia em Pauta\",\"description\":\"Voc\u00ea bem informado\",\"publisher\":{\"@id\":\"https:\/\/noticiaempauta.com\/portal\/#organization\"},\"potentialAction\":[{\"@type\":\"SearchAction\",\"target\":{\"@type\":\"EntryPoint\",\"urlTemplate\":\"https:\/\/noticiaempauta.com\/portal\/?s={search_term_string}\"},\"query-input\":{\"@type\":\"PropertyValueSpecification\",\"valueRequired\":true,\"valueName\":\"search_term_string\"}}],\"inLanguage\":\"pt-BR\"},{\"@type\":\"Organization\",\"@id\":\"https:\/\/noticiaempauta.com\/portal\/#organization\",\"name\":\"Portal Not\u00edcia em Pauta\",\"url\":\"https:\/\/noticiaempauta.com\/portal\/\",\"logo\":{\"@type\":\"ImageObject\",\"inLanguage\":\"pt-BR\",\"@id\":\"https:\/\/noticiaempauta.com\/portal\/#\/schema\/logo\/image\/\",\"url\":\"https:\/\/noticiaempauta.com\/portal\/wp-content\/uploads\/2022\/08\/logomarca_tema.fw_.png\",\"contentUrl\":\"https:\/\/noticiaempauta.com\/portal\/wp-content\/uploads\/2022\/08\/logomarca_tema.fw_.png\",\"width\":400,\"height\":232,\"caption\":\"Portal Not\u00edcia em Pauta\"},\"image\":{\"@id\":\"https:\/\/noticiaempauta.com\/portal\/#\/schema\/logo\/image\/\"},\"sameAs\":[\"https:\/\/www.facebook.com\/Portal-Notcia-Em-Pauta-102292869264820\/\",\"https:\/\/www.instagram.com\/portalnoticiaempauta\/\"]},{\"@type\":\"Person\",\"@id\":\"https:\/\/noticiaempauta.com\/portal\/#\/schema\/person\/a74af43dd1ab3deca45f988c717d57ac\",\"name\":\"Reda\u00e7\u00e3o\",\"image\":{\"@type\":\"ImageObject\",\"inLanguage\":\"pt-BR\",\"@id\":\"https:\/\/noticiaempauta.com\/portal\/#\/schema\/person\/image\/\",\"url\":\"https:\/\/secure.gravatar.com\/avatar\/03179346ecce6cdfc13361603e8f54242a90e5cde8618fa23c5c00aa2b0aadf3?s=96&d=mm&r=g\",\"contentUrl\":\"https:\/\/secure.gravatar.com\/avatar\/03179346ecce6cdfc13361603e8f54242a90e5cde8618fa23c5c00aa2b0aadf3?s=96&d=mm&r=g\",\"caption\":\"Reda\u00e7\u00e3o\"},\"sameAs\":[\"https:\/\/noticiaempauta.com\/portal\/\"],\"url\":\"https:\/\/noticiaempauta.com\/portal\/author\/fernando\/\"}]}<\/script>\n<!-- \/ Yoast SEO Premium plugin. -->","yoast_head_json":{"title":"Chapa \u201cA Ordem \u00e9 Avan\u00e7ar\u201d registra candidatura e apresenta Diretoria e Conselho para as elei\u00e7\u00f5es da OAB Subse\u00e7\u00e3o de Picos - Portal Not\u00edcia em Pauta","robots":{"index":"index","follow":"follow","max-snippet":"max-snippet:-1","max-image-preview":"max-image-preview:large","max-video-preview":"max-video-preview:-1"},"canonical":"https:\/\/noticiaempauta.com\/portal\/chapa-a-ordem-e-avancar-registra-candidatura-e-apresenta-diretoria-e-conselho-para-as-eleicoes-da-oab-subsecao-de-picos\/","og_locale":"pt_BR","og_type":"article","og_title":"Chapa \u201cA Ordem \u00e9 Avan\u00e7ar\u201d registra candidatura e apresenta Diretoria e Conselho para as elei\u00e7\u00f5es da OAB Subse\u00e7\u00e3o de Picos","og_description":"A chapa \u201cA Ordem \u00e9 Avan\u00e7ar: Juntos pela Advocacia\u201d foi a primeira a registrar oficialmente sua candidatura para as elei\u00e7\u00f5es da OAB Subse\u00e7\u00e3o de Picos, com o n\u00famero 10. Liderada pela advogada Yana Moura como presidente e Ernandes Curica como vice-presidente, a chapa se apresenta com propostas voltadas ao fortalecimento da advocacia regional, com foco [&hellip;]","og_url":"https:\/\/noticiaempauta.com\/portal\/chapa-a-ordem-e-avancar-registra-candidatura-e-apresenta-diretoria-e-conselho-para-as-eleicoes-da-oab-subsecao-de-picos\/","og_site_name":"Portal Not\u00edcia em Pauta","article_publisher":"https:\/\/www.facebook.com\/Portal-Notcia-Em-Pauta-102292869264820\/","article_published_time":"2024-10-31T19:27:20+00:00","article_modified_time":"2024-10-31T19:33:53+00:00","og_image":[{"width":2560,"height":1706,"url":"https:\/\/noticiaempauta.com\/portal\/wp-content\/uploads\/2024\/10\/05c7349c-930a-44cd-afdc-e58654b063e0-1-scaled.jpeg","type":"image\/jpeg"}],"author":"Reda\u00e7\u00e3o","twitter_card":"summary_large_image","twitter_misc":{"Escrito por":"Reda\u00e7\u00e3o","Est. tempo de leitura":"3 minutos"},"schema":{"@context":"https:\/\/schema.org","@graph":[{"@type":"Article","@id":"https:\/\/noticiaempauta.com\/portal\/chapa-a-ordem-e-avancar-registra-candidatura-e-apresenta-diretoria-e-conselho-para-as-eleicoes-da-oab-subsecao-de-picos\/#article","isPartOf":{"@id":"https:\/\/noticiaempauta.com\/portal\/chapa-a-ordem-e-avancar-registra-candidatura-e-apresenta-diretoria-e-conselho-para-as-eleicoes-da-oab-subsecao-de-picos\/"},"author":{"name":"Reda\u00e7\u00e3o","@id":"https:\/\/noticiaempauta.com\/portal\/#\/schema\/person\/a74af43dd1ab3deca45f988c717d57ac"},"headline":"Chapa \u201cA Ordem \u00e9 Avan\u00e7ar\u201d registra candidatura e apresenta Diretoria e Conselho para as elei\u00e7\u00f5es da OAB Subse\u00e7\u00e3o de Picos","datePublished":"2024-10-31T19:27:20+00:00","dateModified":"2024-10-31T19:33:53+00:00","mainEntityOfPage":{"@id":"https:\/\/noticiaempauta.com\/portal\/chapa-a-ordem-e-avancar-registra-candidatura-e-apresenta-diretoria-e-conselho-para-as-eleicoes-da-oab-subsecao-de-picos\/"},"wordCount":458,"commentCount":0,"publisher":{"@id":"https:\/\/noticiaempauta.com\/portal\/#organization"},"image":{"@id":"https:\/\/noticiaempauta.com\/portal\/chapa-a-ordem-e-avancar-registra-candidatura-e-apresenta-diretoria-e-conselho-para-as-eleicoes-da-oab-subsecao-de-picos\/#primaryimage"},"thumbnailUrl":"https:\/\/noticiaempauta.com\/portal\/wp-content\/uploads\/2024\/10\/05c7349c-930a-44cd-afdc-e58654b063e0-1-scaled.jpeg","articleSection":["Destaques","Geral","Todas as Not\u00edcias"],"inLanguage":"pt-BR","potentialAction":[{"@type":"CommentAction","name":"Comment","target":["https:\/\/noticiaempauta.com\/portal\/chapa-a-ordem-e-avancar-registra-candidatura-e-apresenta-diretoria-e-conselho-para-as-eleicoes-da-oab-subsecao-de-picos\/#respond"]}]},{"@type":"WebPage","@id":"https:\/\/noticiaempauta.com\/portal\/chapa-a-ordem-e-avancar-registra-candidatura-e-apresenta-diretoria-e-conselho-para-as-eleicoes-da-oab-subsecao-de-picos\/","url":"https:\/\/noticiaempauta.com\/portal\/chapa-a-ordem-e-avancar-registra-candidatura-e-apresenta-diretoria-e-conselho-para-as-eleicoes-da-oab-subsecao-de-picos\/","name":"Chapa \u201cA Ordem \u00e9 Avan\u00e7ar\u201d registra candidatura e apresenta Diretoria e Conselho para as elei\u00e7\u00f5es da OAB Subse\u00e7\u00e3o de Picos - Portal Not\u00edcia em Pauta","isPartOf":{"@id":"https:\/\/noticiaempauta.com\/portal\/#website"},"primaryImageOfPage":{"@id":"https:\/\/noticiaempauta.com\/portal\/chapa-a-ordem-e-avancar-registra-candidatura-e-apresenta-diretoria-e-conselho-para-as-eleicoes-da-oab-subsecao-de-picos\/#primaryimage"},"image":{"@id":"https:\/\/noticiaempauta.com\/portal\/chapa-a-ordem-e-avancar-registra-candidatura-e-apresenta-diretoria-e-conselho-para-as-eleicoes-da-oab-subsecao-de-picos\/#primaryimage"},"thumbnailUrl":"https:\/\/noticiaempauta.com\/portal\/wp-content\/uploads\/2024\/10\/05c7349c-930a-44cd-afdc-e58654b063e0-1-scaled.jpeg","datePublished":"2024-10-31T19:27:20+00:00","dateModified":"2024-10-31T19:33:53+00:00","breadcrumb":{"@id":"https:\/\/noticiaempauta.com\/portal\/chapa-a-ordem-e-avancar-registra-candidatura-e-apresenta-diretoria-e-conselho-para-as-eleicoes-da-oab-subsecao-de-picos\/#breadcrumb"},"inLanguage":"pt-BR","potentialAction":[{"@type":"ReadAction","target":["https:\/\/noticiaempauta.com\/portal\/chapa-a-ordem-e-avancar-registra-candidatura-e-apresenta-diretoria-e-conselho-para-as-eleicoes-da-oab-subsecao-de-picos\/"]}]},{"@type":"ImageObject","inLanguage":"pt-BR","@id":"https:\/\/noticiaempauta.com\/portal\/chapa-a-ordem-e-avancar-registra-candidatura-e-apresenta-diretoria-e-conselho-para-as-eleicoes-da-oab-subsecao-de-picos\/#primaryimage","url":"https:\/\/noticiaempauta.com\/portal\/wp-content\/uploads\/2024\/10\/05c7349c-930a-44cd-afdc-e58654b063e0-1-scaled.jpeg","contentUrl":"https:\/\/noticiaempauta.com\/portal\/wp-content\/uploads\/2024\/10\/05c7349c-930a-44cd-afdc-e58654b063e0-1-scaled.jpeg","width":2560,"height":1706},{"@type":"BreadcrumbList","@id":"https:\/\/noticiaempauta.com\/portal\/chapa-a-ordem-e-avancar-registra-candidatura-e-apresenta-diretoria-e-conselho-para-as-eleicoes-da-oab-subsecao-de-picos\/#breadcrumb","itemListElement":[{"@type":"ListItem","position":1,"name":"P\u00e1gina Inicial","item":"https:\/\/noticiaempauta.com\/portal\/"},{"@type":"ListItem","position":2,"name":"Destaques","item":"https:\/\/noticiaempauta.com\/portal\/destaques-site\/"},{"@type":"ListItem","position":3,"name":"Chapa \u201cA Ordem \u00e9 Avan\u00e7ar\u201d registra candidatura e apresenta Diretoria e Conselho para as elei\u00e7\u00f5es da OAB Subse\u00e7\u00e3o de Picos"}]},{"@type":"WebSite","@id":"https:\/\/noticiaempauta.com\/portal\/#website","url":"https:\/\/noticiaempauta.com\/portal\/","name":"Portal Not\u00edcia em Pauta","description":"Voc\u00ea bem informado","publisher":{"@id":"https:\/\/noticiaempauta.com\/portal\/#organization"},"potentialAction":[{"@type":"SearchAction","target":{"@type":"EntryPoint","urlTemplate":"https:\/\/noticiaempauta.com\/portal\/?s={search_term_string}"},"query-input":{"@type":"PropertyValueSpecification","valueRequired":true,"valueName":"search_term_string"}}],"inLanguage":"pt-BR"},{"@type":"Organization","@id":"https:\/\/noticiaempauta.com\/portal\/#organization","name":"Portal Not\u00edcia em Pauta","url":"https:\/\/noticiaempauta.com\/portal\/","logo":{"@type":"ImageObject","inLanguage":"pt-BR","@id":"https:\/\/noticiaempauta.com\/portal\/#\/schema\/logo\/image\/","url":"https:\/\/noticiaempauta.com\/portal\/wp-content\/uploads\/2022\/08\/logomarca_tema.fw_.png","contentUrl":"https:\/\/noticiaempauta.com\/portal\/wp-content\/uploads\/2022\/08\/logomarca_tema.fw_.png","width":400,"height":232,"caption":"Portal Not\u00edcia em Pauta"},"image":{"@id":"https:\/\/noticiaempauta.com\/portal\/#\/schema\/logo\/image\/"},"sameAs":["https:\/\/www.facebook.com\/Portal-Notcia-Em-Pauta-102292869264820\/","https:\/\/www.instagram.com\/portalnoticiaempauta\/"]},{"@type":"Person","@id":"https:\/\/noticiaempauta.com\/portal\/#\/schema\/person\/a74af43dd1ab3deca45f988c717d57ac","name":"Reda\u00e7\u00e3o","image":{"@type":"ImageObject","inLanguage":"pt-BR","@id":"https:\/\/noticiaempauta.com\/portal\/#\/schema\/person\/image\/","url":"https:\/\/secure.gravatar.com\/avatar\/03179346ecce6cdfc13361603e8f54242a90e5cde8618fa23c5c00aa2b0aadf3?s=96&d=mm&r=g","contentUrl":"https:\/\/secure.gravatar.com\/avatar\/03179346ecce6cdfc13361603e8f54242a90e5cde8618fa23c5c00aa2b0aadf3?s=96&d=mm&r=g","caption":"Reda\u00e7\u00e3o"},"sameAs":["https:\/\/noticiaempauta.com\/portal\/"],"url":"https:\/\/noticiaempauta.com\/portal\/author\/fernando\/"}]}},"_links":{"self":[{"href":"https:\/\/noticiaempauta.com\/portal\/wp-json\/wp\/v2\/posts\/263658","targetHints":{"allow":["GET"]}}],"collection":[{"href":"https:\/\/noticiaempauta.com\/portal\/wp-json\/wp\/v2\/posts"}],"about":[{"href":"https:\/\/noticiaempauta.com\/portal\/wp-json\/wp\/v2\/types\/post"}],"author":[{"embeddable":true,"href":"https:\/\/noticiaempauta.com\/portal\/wp-json\/wp\/v2\/users\/2"}],"replies":[{"embeddable":true,"href":"https:\/\/noticiaempauta.com\/portal\/wp-json\/wp\/v2\/comments?post=263658"}],"version-history":[{"count":4,"href":"https:\/\/noticiaempauta.com\/portal\/wp-json\/wp\/v2\/posts\/263658\/revisions"}],"predecessor-version":[{"id":263665,"href":"https:\/\/noticiaempauta.com\/portal\/wp-json\/wp\/v2\/posts\/263658\/revisions\/263665"}],"wp:featuredmedia":[{"embeddable":true,"href":"https:\/\/noticiaempauta.com\/portal\/wp-json\/wp\/v2\/media\/263660"}],"wp:attachment":[{"href":"https:\/\/noticiaempauta.com\/portal\/wp-json\/wp\/v2\/media?parent=263658"}],"wp:term":[{"taxonomy":"category","embeddable":true,"href":"https:\/\/noticiaempauta.com\/portal\/wp-json\/wp\/v2\/categories?post=263658"},{"taxonomy":"post_tag","embeddable":true,"href":"https:\/\/noticiaempauta.com\/portal\/wp-json\/wp\/v2\/tags?post=263658"}],"curies":[{"name":"wp","href":"https:\/\/api.w.org\/{rel}","templated":true}]}}