{"id":263672,"date":"2024-11-01T09:41:05","date_gmt":"2024-11-01T12:41:05","guid":{"rendered":"https:\/\/noticiaempauta.com\/portal\/?p=263672"},"modified":"2024-11-01T09:41:06","modified_gmt":"2024-11-01T12:41:06","slug":"pec-da-seguranca-rafael-fonteles-destaca-integracao-das-forcas-como-sugestao-para-a-proposta-nacional","status":"publish","type":"post","link":"https:\/\/noticiaempauta.com\/portal\/pec-da-seguranca-rafael-fonteles-destaca-integracao-das-forcas-como-sugestao-para-a-proposta-nacional\/","title":{"rendered":"PEC da Seguran\u00e7a: Rafael Fonteles destaca integra\u00e7\u00e3o das for\u00e7as como sugest\u00e3o para a proposta nacional"},"content":{"rendered":"\n<p>O governador Rafael Fonteles participou nesta quinta-feira, em Bras\u00edlia, da reuni\u00e3o onde o presidente Lula apresentou aos governadores do Brasil, a chamada PEC da Seguran\u00e7a. Os chefes de Executivos Estaduais tiveram oportunidade de opinar e dar sugest\u00f5es ao texto, que ser\u00e1 discutido no Congresso Nacional.<\/p>\n\n\n\n<figure class=\"wp-block-image size-full\"><img fetchpriority=\"high\" decoding=\"async\" width=\"1000\" height=\"666\" src=\"https:\/\/noticiaempauta.com\/portal\/wp-content\/uploads\/2024\/11\/large_49bbf362_9323_4cc1_b749_128326450a55_3a7fd4ccba.jpeg\" alt=\"\" class=\"wp-image-263675\" srcset=\"https:\/\/noticiaempauta.com\/portal\/wp-content\/uploads\/2024\/11\/large_49bbf362_9323_4cc1_b749_128326450a55_3a7fd4ccba.jpeg 1000w, https:\/\/noticiaempauta.com\/portal\/wp-content\/uploads\/2024\/11\/large_49bbf362_9323_4cc1_b749_128326450a55_3a7fd4ccba-300x200.jpeg 300w, https:\/\/noticiaempauta.com\/portal\/wp-content\/uploads\/2024\/11\/large_49bbf362_9323_4cc1_b749_128326450a55_3a7fd4ccba-768x511.jpeg 768w\" sizes=\"(max-width: 1000px) 100vw, 1000px\" \/><\/figure>\n\n\n\n<p>Fonteles destacou a iniciativa da Uni\u00e3o em contribuir com a seguran\u00e7a, que \u00e9 fun\u00e7\u00e3o dos governadores. Ressaltou tamb\u00e9m a integra\u00e7\u00e3o das for\u00e7as de seguran\u00e7a, como fator que fez a diferen\u00e7a no Piau\u00ed e que deve ser considerado na discuss\u00e3o nacional.<\/p>\n\n\n\n<p>\u201c\u00c9 com cada vez mais integra\u00e7\u00e3o, mais intelig\u00eancia e mais investimento, que a gente vai ter melhores solu\u00e7\u00f5es para a redu\u00e7\u00e3o dos \u00edndices de viol\u00eancia e tornar o Piau\u00ed e o Brasil, um lugar mais seguro, como \u00e9 a prioridade do nosso povo\u201d declarou Rafael.<\/p>\n\n\n\n<figure class=\"wp-block-image size-full\"><img decoding=\"async\" width=\"1000\" height=\"666\" src=\"https:\/\/noticiaempauta.com\/portal\/wp-content\/uploads\/2024\/11\/large_92345bdc_4eab_48a6_bc7f_b0ca7344acc4_698f42e330.jpeg\" alt=\"\" class=\"wp-image-263674\" srcset=\"https:\/\/noticiaempauta.com\/portal\/wp-content\/uploads\/2024\/11\/large_92345bdc_4eab_48a6_bc7f_b0ca7344acc4_698f42e330.jpeg 1000w, https:\/\/noticiaempauta.com\/portal\/wp-content\/uploads\/2024\/11\/large_92345bdc_4eab_48a6_bc7f_b0ca7344acc4_698f42e330-300x200.jpeg 300w, https:\/\/noticiaempauta.com\/portal\/wp-content\/uploads\/2024\/11\/large_92345bdc_4eab_48a6_bc7f_b0ca7344acc4_698f42e330-768x511.jpeg 768w\" sizes=\"(max-width: 1000px) 100vw, 1000px\" \/><\/figure>\n\n\n\n<p>Um dos pontos centrais da proposta \u00e9 criar estrat\u00e9gias de combate \u00e0s organiza\u00e7\u00f5es criminosas. Entre outras coisas, a Proposta de Emenda \u00e0 Constitui\u00e7\u00e3o (PEC) fala em amplia\u00e7\u00e3o de atribui\u00e7\u00f5es das pol\u00edcias Federal e Rodovi\u00e1ria Federal.<\/p>\n\n\n\n<p>O presidente Lula declarou em seu discurso que a apresenta\u00e7\u00e3o dessa PEC \u00e9 o come\u00e7o de uma grande discuss\u00e3o para cria\u00e7\u00e3o de um sistema \u00fanico de seguran\u00e7a p\u00fablica.<\/p>\n\n\n\n<figure class=\"wp-block-image size-full\"><img decoding=\"async\" width=\"1000\" height=\"667\" src=\"https:\/\/noticiaempauta.com\/portal\/wp-content\/uploads\/2024\/11\/large_b4a6c07d_2463_4c83_87d8_3a77c6c99a5e_b0df645a3d.jpeg\" alt=\"\" class=\"wp-image-263673\" srcset=\"https:\/\/noticiaempauta.com\/portal\/wp-content\/uploads\/2024\/11\/large_b4a6c07d_2463_4c83_87d8_3a77c6c99a5e_b0df645a3d.jpeg 1000w, https:\/\/noticiaempauta.com\/portal\/wp-content\/uploads\/2024\/11\/large_b4a6c07d_2463_4c83_87d8_3a77c6c99a5e_b0df645a3d-300x200.jpeg 300w, https:\/\/noticiaempauta.com\/portal\/wp-content\/uploads\/2024\/11\/large_b4a6c07d_2463_4c83_87d8_3a77c6c99a5e_b0df645a3d-768x512.jpeg 768w\" sizes=\"(max-width: 1000px) 100vw, 1000px\" \/><\/figure>\n\n\n\n<p>Al\u00e9m de governadores, participaram do encontro o Secret\u00e1rio da Seguran\u00e7a P\u00fablica do Piau\u00ed, Chico Lucas, l\u00edderes do Judici\u00e1rio&nbsp;e do Legislativo, bem como de outros \u00f3rg\u00e3os de seguran\u00e7a p\u00fablica.<\/p>\n","protected":false},"excerpt":{"rendered":"<p>Fonteles destacou a iniciativa da Uni\u00e3o em contribuir com a seguran\u00e7a, que \u00e9 fun\u00e7\u00e3o dos governadores.<\/p>\n","protected":false},"author":2,"featured_media":263675,"comment_status":"open","ping_status":"open","sticky":false,"template":"","format":"standard","meta":{"_mi_skip_tracking":false,"footnotes":""},"categories":[25,1,16],"tags":[192],"class_list":["post-263672","post","type-post","status-publish","format-standard","has-post-thumbnail","hentry","category-destaques-site","category-geral","category-todas","tag-destaqueprincipal"],"acf":[],"yoast_head":"<!-- This site is optimized with the Yoast SEO Premium plugin v19.2 (Yoast SEO v26.9) - https:\/\/yoast.com\/product\/yoast-seo-premium-wordpress\/ -->\n<title>PEC da Seguran\u00e7a: Rafael Fonteles destaca integra\u00e7\u00e3o das for\u00e7as como sugest\u00e3o para a proposta nacional - Portal Not\u00edcia em Pauta<\/title>\n<meta name=\"robots\" content=\"index, follow, max-snippet:-1, max-image-preview:large, max-video-preview:-1\" \/>\n<link rel=\"canonical\" href=\"https:\/\/noticiaempauta.com\/portal\/pec-da-seguranca-rafael-fonteles-destaca-integracao-das-forcas-como-sugestao-para-a-proposta-nacional\/\" \/>\n<meta property=\"og:locale\" content=\"pt_BR\" \/>\n<meta property=\"og:type\" content=\"article\" \/>\n<meta property=\"og:title\" content=\"PEC da Seguran\u00e7a: Rafael Fonteles destaca integra\u00e7\u00e3o das for\u00e7as como sugest\u00e3o para a proposta nacional\" \/>\n<meta property=\"og:description\" content=\"Fonteles destacou a iniciativa da Uni\u00e3o em contribuir com a seguran\u00e7a, que \u00e9 fun\u00e7\u00e3o dos governadores.\" \/>\n<meta property=\"og:url\" content=\"https:\/\/noticiaempauta.com\/portal\/pec-da-seguranca-rafael-fonteles-destaca-integracao-das-forcas-como-sugestao-para-a-proposta-nacional\/\" \/>\n<meta property=\"og:site_name\" content=\"Portal Not\u00edcia em Pauta\" \/>\n<meta property=\"article:publisher\" content=\"https:\/\/www.facebook.com\/Portal-Notcia-Em-Pauta-102292869264820\/\" \/>\n<meta property=\"article:published_time\" content=\"2024-11-01T12:41:05+00:00\" \/>\n<meta property=\"article:modified_time\" content=\"2024-11-01T12:41:06+00:00\" \/>\n<meta property=\"og:image\" content=\"https:\/\/noticiaempauta.com\/portal\/wp-content\/uploads\/2024\/11\/large_49bbf362_9323_4cc1_b749_128326450a55_3a7fd4ccba.jpeg\" \/>\n\t<meta property=\"og:image:width\" content=\"1000\" \/>\n\t<meta property=\"og:image:height\" content=\"666\" \/>\n\t<meta property=\"og:image:type\" content=\"image\/jpeg\" \/>\n<meta name=\"author\" content=\"Reda\u00e7\u00e3o\" \/>\n<meta name=\"twitter:card\" content=\"summary_large_image\" \/>\n<meta name=\"twitter:label1\" content=\"Escrito por\" \/>\n\t<meta name=\"twitter:data1\" content=\"Reda\u00e7\u00e3o\" \/>\n\t<meta name=\"twitter:label2\" content=\"Est. tempo de leitura\" \/>\n\t<meta name=\"twitter:data2\" content=\"3 minutos\" \/>\n<script type=\"application\/ld+json\" class=\"yoast-schema-graph\">{\"@context\":\"https:\/\/schema.org\",\"@graph\":[{\"@type\":\"Article\",\"@id\":\"https:\/\/noticiaempauta.com\/portal\/pec-da-seguranca-rafael-fonteles-destaca-integracao-das-forcas-como-sugestao-para-a-proposta-nacional\/#article\",\"isPartOf\":{\"@id\":\"https:\/\/noticiaempauta.com\/portal\/pec-da-seguranca-rafael-fonteles-destaca-integracao-das-forcas-como-sugestao-para-a-proposta-nacional\/\"},\"author\":{\"name\":\"Reda\u00e7\u00e3o\",\"@id\":\"https:\/\/noticiaempauta.com\/portal\/#\/schema\/person\/a74af43dd1ab3deca45f988c717d57ac\"},\"headline\":\"PEC da Seguran\u00e7a: Rafael Fonteles destaca integra\u00e7\u00e3o das for\u00e7as como sugest\u00e3o para a proposta nacional\",\"datePublished\":\"2024-11-01T12:41:05+00:00\",\"dateModified\":\"2024-11-01T12:41:06+00:00\",\"mainEntityOfPage\":{\"@id\":\"https:\/\/noticiaempauta.com\/portal\/pec-da-seguranca-rafael-fonteles-destaca-integracao-das-forcas-como-sugestao-para-a-proposta-nacional\/\"},\"wordCount\":276,\"commentCount\":0,\"publisher\":{\"@id\":\"https:\/\/noticiaempauta.com\/portal\/#organization\"},\"image\":{\"@id\":\"https:\/\/noticiaempauta.com\/portal\/pec-da-seguranca-rafael-fonteles-destaca-integracao-das-forcas-como-sugestao-para-a-proposta-nacional\/#primaryimage\"},\"thumbnailUrl\":\"https:\/\/noticiaempauta.com\/portal\/wp-content\/uploads\/2024\/11\/large_49bbf362_9323_4cc1_b749_128326450a55_3a7fd4ccba.jpeg\",\"keywords\":[\"destaqueprincipal\"],\"articleSection\":[\"Destaques\",\"Geral\",\"Todas as Not\u00edcias\"],\"inLanguage\":\"pt-BR\",\"potentialAction\":[{\"@type\":\"CommentAction\",\"name\":\"Comment\",\"target\":[\"https:\/\/noticiaempauta.com\/portal\/pec-da-seguranca-rafael-fonteles-destaca-integracao-das-forcas-como-sugestao-para-a-proposta-nacional\/#respond\"]}]},{\"@type\":\"WebPage\",\"@id\":\"https:\/\/noticiaempauta.com\/portal\/pec-da-seguranca-rafael-fonteles-destaca-integracao-das-forcas-como-sugestao-para-a-proposta-nacional\/\",\"url\":\"https:\/\/noticiaempauta.com\/portal\/pec-da-seguranca-rafael-fonteles-destaca-integracao-das-forcas-como-sugestao-para-a-proposta-nacional\/\",\"name\":\"PEC da Seguran\u00e7a: Rafael Fonteles destaca integra\u00e7\u00e3o das for\u00e7as como sugest\u00e3o para a proposta nacional - Portal Not\u00edcia em Pauta\",\"isPartOf\":{\"@id\":\"https:\/\/noticiaempauta.com\/portal\/#website\"},\"primaryImageOfPage\":{\"@id\":\"https:\/\/noticiaempauta.com\/portal\/pec-da-seguranca-rafael-fonteles-destaca-integracao-das-forcas-como-sugestao-para-a-proposta-nacional\/#primaryimage\"},\"image\":{\"@id\":\"https:\/\/noticiaempauta.com\/portal\/pec-da-seguranca-rafael-fonteles-destaca-integracao-das-forcas-como-sugestao-para-a-proposta-nacional\/#primaryimage\"},\"thumbnailUrl\":\"https:\/\/noticiaempauta.com\/portal\/wp-content\/uploads\/2024\/11\/large_49bbf362_9323_4cc1_b749_128326450a55_3a7fd4ccba.jpeg\",\"datePublished\":\"2024-11-01T12:41:05+00:00\",\"dateModified\":\"2024-11-01T12:41:06+00:00\",\"breadcrumb\":{\"@id\":\"https:\/\/noticiaempauta.com\/portal\/pec-da-seguranca-rafael-fonteles-destaca-integracao-das-forcas-como-sugestao-para-a-proposta-nacional\/#breadcrumb\"},\"inLanguage\":\"pt-BR\",\"potentialAction\":[{\"@type\":\"ReadAction\",\"target\":[\"https:\/\/noticiaempauta.com\/portal\/pec-da-seguranca-rafael-fonteles-destaca-integracao-das-forcas-como-sugestao-para-a-proposta-nacional\/\"]}]},{\"@type\":\"ImageObject\",\"inLanguage\":\"pt-BR\",\"@id\":\"https:\/\/noticiaempauta.com\/portal\/pec-da-seguranca-rafael-fonteles-destaca-integracao-das-forcas-como-sugestao-para-a-proposta-nacional\/#primaryimage\",\"url\":\"https:\/\/noticiaempauta.com\/portal\/wp-content\/uploads\/2024\/11\/large_49bbf362_9323_4cc1_b749_128326450a55_3a7fd4ccba.jpeg\",\"contentUrl\":\"https:\/\/noticiaempauta.com\/portal\/wp-content\/uploads\/2024\/11\/large_49bbf362_9323_4cc1_b749_128326450a55_3a7fd4ccba.jpeg\",\"width\":1000,\"height\":666},{\"@type\":\"BreadcrumbList\",\"@id\":\"https:\/\/noticiaempauta.com\/portal\/pec-da-seguranca-rafael-fonteles-destaca-integracao-das-forcas-como-sugestao-para-a-proposta-nacional\/#breadcrumb\",\"itemListElement\":[{\"@type\":\"ListItem\",\"position\":1,\"name\":\"P\u00e1gina Inicial\",\"item\":\"https:\/\/noticiaempauta.com\/portal\/\"},{\"@type\":\"ListItem\",\"position\":2,\"name\":\"Destaques\",\"item\":\"https:\/\/noticiaempauta.com\/portal\/destaques-site\/\"},{\"@type\":\"ListItem\",\"position\":3,\"name\":\"PEC da Seguran\u00e7a: Rafael Fonteles destaca integra\u00e7\u00e3o das for\u00e7as como sugest\u00e3o para a proposta nacional\"}]},{\"@type\":\"WebSite\",\"@id\":\"https:\/\/noticiaempauta.com\/portal\/#website\",\"url\":\"https:\/\/noticiaempauta.com\/portal\/\",\"name\":\"Portal Not\u00edcia em Pauta\",\"description\":\"Voc\u00ea bem informado\",\"publisher\":{\"@id\":\"https:\/\/noticiaempauta.com\/portal\/#organization\"},\"potentialAction\":[{\"@type\":\"SearchAction\",\"target\":{\"@type\":\"EntryPoint\",\"urlTemplate\":\"https:\/\/noticiaempauta.com\/portal\/?s={search_term_string}\"},\"query-input\":{\"@type\":\"PropertyValueSpecification\",\"valueRequired\":true,\"valueName\":\"search_term_string\"}}],\"inLanguage\":\"pt-BR\"},{\"@type\":\"Organization\",\"@id\":\"https:\/\/noticiaempauta.com\/portal\/#organization\",\"name\":\"Portal Not\u00edcia em Pauta\",\"url\":\"https:\/\/noticiaempauta.com\/portal\/\",\"logo\":{\"@type\":\"ImageObject\",\"inLanguage\":\"pt-BR\",\"@id\":\"https:\/\/noticiaempauta.com\/portal\/#\/schema\/logo\/image\/\",\"url\":\"https:\/\/noticiaempauta.com\/portal\/wp-content\/uploads\/2022\/08\/logomarca_tema.fw_.png\",\"contentUrl\":\"https:\/\/noticiaempauta.com\/portal\/wp-content\/uploads\/2022\/08\/logomarca_tema.fw_.png\",\"width\":400,\"height\":232,\"caption\":\"Portal Not\u00edcia em Pauta\"},\"image\":{\"@id\":\"https:\/\/noticiaempauta.com\/portal\/#\/schema\/logo\/image\/\"},\"sameAs\":[\"https:\/\/www.facebook.com\/Portal-Notcia-Em-Pauta-102292869264820\/\",\"https:\/\/www.instagram.com\/portalnoticiaempauta\/\"]},{\"@type\":\"Person\",\"@id\":\"https:\/\/noticiaempauta.com\/portal\/#\/schema\/person\/a74af43dd1ab3deca45f988c717d57ac\",\"name\":\"Reda\u00e7\u00e3o\",\"image\":{\"@type\":\"ImageObject\",\"inLanguage\":\"pt-BR\",\"@id\":\"https:\/\/noticiaempauta.com\/portal\/#\/schema\/person\/image\/\",\"url\":\"https:\/\/secure.gravatar.com\/avatar\/03179346ecce6cdfc13361603e8f54242a90e5cde8618fa23c5c00aa2b0aadf3?s=96&d=mm&r=g\",\"contentUrl\":\"https:\/\/secure.gravatar.com\/avatar\/03179346ecce6cdfc13361603e8f54242a90e5cde8618fa23c5c00aa2b0aadf3?s=96&d=mm&r=g\",\"caption\":\"Reda\u00e7\u00e3o\"},\"sameAs\":[\"https:\/\/noticiaempauta.com\/portal\/\"],\"url\":\"https:\/\/noticiaempauta.com\/portal\/author\/fernando\/\"}]}<\/script>\n<!-- \/ Yoast SEO Premium plugin. -->","yoast_head_json":{"title":"PEC da Seguran\u00e7a: Rafael Fonteles destaca integra\u00e7\u00e3o das for\u00e7as como sugest\u00e3o para a proposta nacional - Portal Not\u00edcia em Pauta","robots":{"index":"index","follow":"follow","max-snippet":"max-snippet:-1","max-image-preview":"max-image-preview:large","max-video-preview":"max-video-preview:-1"},"canonical":"https:\/\/noticiaempauta.com\/portal\/pec-da-seguranca-rafael-fonteles-destaca-integracao-das-forcas-como-sugestao-para-a-proposta-nacional\/","og_locale":"pt_BR","og_type":"article","og_title":"PEC da Seguran\u00e7a: Rafael Fonteles destaca integra\u00e7\u00e3o das for\u00e7as como sugest\u00e3o para a proposta nacional","og_description":"Fonteles destacou a iniciativa da Uni\u00e3o em contribuir com a seguran\u00e7a, que \u00e9 fun\u00e7\u00e3o dos governadores.","og_url":"https:\/\/noticiaempauta.com\/portal\/pec-da-seguranca-rafael-fonteles-destaca-integracao-das-forcas-como-sugestao-para-a-proposta-nacional\/","og_site_name":"Portal Not\u00edcia em Pauta","article_publisher":"https:\/\/www.facebook.com\/Portal-Notcia-Em-Pauta-102292869264820\/","article_published_time":"2024-11-01T12:41:05+00:00","article_modified_time":"2024-11-01T12:41:06+00:00","og_image":[{"width":1000,"height":666,"url":"https:\/\/noticiaempauta.com\/portal\/wp-content\/uploads\/2024\/11\/large_49bbf362_9323_4cc1_b749_128326450a55_3a7fd4ccba.jpeg","type":"image\/jpeg"}],"author":"Reda\u00e7\u00e3o","twitter_card":"summary_large_image","twitter_misc":{"Escrito por":"Reda\u00e7\u00e3o","Est. tempo de leitura":"3 minutos"},"schema":{"@context":"https:\/\/schema.org","@graph":[{"@type":"Article","@id":"https:\/\/noticiaempauta.com\/portal\/pec-da-seguranca-rafael-fonteles-destaca-integracao-das-forcas-como-sugestao-para-a-proposta-nacional\/#article","isPartOf":{"@id":"https:\/\/noticiaempauta.com\/portal\/pec-da-seguranca-rafael-fonteles-destaca-integracao-das-forcas-como-sugestao-para-a-proposta-nacional\/"},"author":{"name":"Reda\u00e7\u00e3o","@id":"https:\/\/noticiaempauta.com\/portal\/#\/schema\/person\/a74af43dd1ab3deca45f988c717d57ac"},"headline":"PEC da Seguran\u00e7a: Rafael Fonteles destaca integra\u00e7\u00e3o das for\u00e7as como sugest\u00e3o para a proposta nacional","datePublished":"2024-11-01T12:41:05+00:00","dateModified":"2024-11-01T12:41:06+00:00","mainEntityOfPage":{"@id":"https:\/\/noticiaempauta.com\/portal\/pec-da-seguranca-rafael-fonteles-destaca-integracao-das-forcas-como-sugestao-para-a-proposta-nacional\/"},"wordCount":276,"commentCount":0,"publisher":{"@id":"https:\/\/noticiaempauta.com\/portal\/#organization"},"image":{"@id":"https:\/\/noticiaempauta.com\/portal\/pec-da-seguranca-rafael-fonteles-destaca-integracao-das-forcas-como-sugestao-para-a-proposta-nacional\/#primaryimage"},"thumbnailUrl":"https:\/\/noticiaempauta.com\/portal\/wp-content\/uploads\/2024\/11\/large_49bbf362_9323_4cc1_b749_128326450a55_3a7fd4ccba.jpeg","keywords":["destaqueprincipal"],"articleSection":["Destaques","Geral","Todas as Not\u00edcias"],"inLanguage":"pt-BR","potentialAction":[{"@type":"CommentAction","name":"Comment","target":["https:\/\/noticiaempauta.com\/portal\/pec-da-seguranca-rafael-fonteles-destaca-integracao-das-forcas-como-sugestao-para-a-proposta-nacional\/#respond"]}]},{"@type":"WebPage","@id":"https:\/\/noticiaempauta.com\/portal\/pec-da-seguranca-rafael-fonteles-destaca-integracao-das-forcas-como-sugestao-para-a-proposta-nacional\/","url":"https:\/\/noticiaempauta.com\/portal\/pec-da-seguranca-rafael-fonteles-destaca-integracao-das-forcas-como-sugestao-para-a-proposta-nacional\/","name":"PEC da Seguran\u00e7a: Rafael Fonteles destaca integra\u00e7\u00e3o das for\u00e7as como sugest\u00e3o para a proposta nacional - Portal Not\u00edcia em Pauta","isPartOf":{"@id":"https:\/\/noticiaempauta.com\/portal\/#website"},"primaryImageOfPage":{"@id":"https:\/\/noticiaempauta.com\/portal\/pec-da-seguranca-rafael-fonteles-destaca-integracao-das-forcas-como-sugestao-para-a-proposta-nacional\/#primaryimage"},"image":{"@id":"https:\/\/noticiaempauta.com\/portal\/pec-da-seguranca-rafael-fonteles-destaca-integracao-das-forcas-como-sugestao-para-a-proposta-nacional\/#primaryimage"},"thumbnailUrl":"https:\/\/noticiaempauta.com\/portal\/wp-content\/uploads\/2024\/11\/large_49bbf362_9323_4cc1_b749_128326450a55_3a7fd4ccba.jpeg","datePublished":"2024-11-01T12:41:05+00:00","dateModified":"2024-11-01T12:41:06+00:00","breadcrumb":{"@id":"https:\/\/noticiaempauta.com\/portal\/pec-da-seguranca-rafael-fonteles-destaca-integracao-das-forcas-como-sugestao-para-a-proposta-nacional\/#breadcrumb"},"inLanguage":"pt-BR","potentialAction":[{"@type":"ReadAction","target":["https:\/\/noticiaempauta.com\/portal\/pec-da-seguranca-rafael-fonteles-destaca-integracao-das-forcas-como-sugestao-para-a-proposta-nacional\/"]}]},{"@type":"ImageObject","inLanguage":"pt-BR","@id":"https:\/\/noticiaempauta.com\/portal\/pec-da-seguranca-rafael-fonteles-destaca-integracao-das-forcas-como-sugestao-para-a-proposta-nacional\/#primaryimage","url":"https:\/\/noticiaempauta.com\/portal\/wp-content\/uploads\/2024\/11\/large_49bbf362_9323_4cc1_b749_128326450a55_3a7fd4ccba.jpeg","contentUrl":"https:\/\/noticiaempauta.com\/portal\/wp-content\/uploads\/2024\/11\/large_49bbf362_9323_4cc1_b749_128326450a55_3a7fd4ccba.jpeg","width":1000,"height":666},{"@type":"BreadcrumbList","@id":"https:\/\/noticiaempauta.com\/portal\/pec-da-seguranca-rafael-fonteles-destaca-integracao-das-forcas-como-sugestao-para-a-proposta-nacional\/#breadcrumb","itemListElement":[{"@type":"ListItem","position":1,"name":"P\u00e1gina Inicial","item":"https:\/\/noticiaempauta.com\/portal\/"},{"@type":"ListItem","position":2,"name":"Destaques","item":"https:\/\/noticiaempauta.com\/portal\/destaques-site\/"},{"@type":"ListItem","position":3,"name":"PEC da Seguran\u00e7a: Rafael Fonteles destaca integra\u00e7\u00e3o das for\u00e7as como sugest\u00e3o para a proposta nacional"}]},{"@type":"WebSite","@id":"https:\/\/noticiaempauta.com\/portal\/#website","url":"https:\/\/noticiaempauta.com\/portal\/","name":"Portal Not\u00edcia em Pauta","description":"Voc\u00ea bem informado","publisher":{"@id":"https:\/\/noticiaempauta.com\/portal\/#organization"},"potentialAction":[{"@type":"SearchAction","target":{"@type":"EntryPoint","urlTemplate":"https:\/\/noticiaempauta.com\/portal\/?s={search_term_string}"},"query-input":{"@type":"PropertyValueSpecification","valueRequired":true,"valueName":"search_term_string"}}],"inLanguage":"pt-BR"},{"@type":"Organization","@id":"https:\/\/noticiaempauta.com\/portal\/#organization","name":"Portal Not\u00edcia em Pauta","url":"https:\/\/noticiaempauta.com\/portal\/","logo":{"@type":"ImageObject","inLanguage":"pt-BR","@id":"https:\/\/noticiaempauta.com\/portal\/#\/schema\/logo\/image\/","url":"https:\/\/noticiaempauta.com\/portal\/wp-content\/uploads\/2022\/08\/logomarca_tema.fw_.png","contentUrl":"https:\/\/noticiaempauta.com\/portal\/wp-content\/uploads\/2022\/08\/logomarca_tema.fw_.png","width":400,"height":232,"caption":"Portal Not\u00edcia em Pauta"},"image":{"@id":"https:\/\/noticiaempauta.com\/portal\/#\/schema\/logo\/image\/"},"sameAs":["https:\/\/www.facebook.com\/Portal-Notcia-Em-Pauta-102292869264820\/","https:\/\/www.instagram.com\/portalnoticiaempauta\/"]},{"@type":"Person","@id":"https:\/\/noticiaempauta.com\/portal\/#\/schema\/person\/a74af43dd1ab3deca45f988c717d57ac","name":"Reda\u00e7\u00e3o","image":{"@type":"ImageObject","inLanguage":"pt-BR","@id":"https:\/\/noticiaempauta.com\/portal\/#\/schema\/person\/image\/","url":"https:\/\/secure.gravatar.com\/avatar\/03179346ecce6cdfc13361603e8f54242a90e5cde8618fa23c5c00aa2b0aadf3?s=96&d=mm&r=g","contentUrl":"https:\/\/secure.gravatar.com\/avatar\/03179346ecce6cdfc13361603e8f54242a90e5cde8618fa23c5c00aa2b0aadf3?s=96&d=mm&r=g","caption":"Reda\u00e7\u00e3o"},"sameAs":["https:\/\/noticiaempauta.com\/portal\/"],"url":"https:\/\/noticiaempauta.com\/portal\/author\/fernando\/"}]}},"_links":{"self":[{"href":"https:\/\/noticiaempauta.com\/portal\/wp-json\/wp\/v2\/posts\/263672","targetHints":{"allow":["GET"]}}],"collection":[{"href":"https:\/\/noticiaempauta.com\/portal\/wp-json\/wp\/v2\/posts"}],"about":[{"href":"https:\/\/noticiaempauta.com\/portal\/wp-json\/wp\/v2\/types\/post"}],"author":[{"embeddable":true,"href":"https:\/\/noticiaempauta.com\/portal\/wp-json\/wp\/v2\/users\/2"}],"replies":[{"embeddable":true,"href":"https:\/\/noticiaempauta.com\/portal\/wp-json\/wp\/v2\/comments?post=263672"}],"version-history":[{"count":2,"href":"https:\/\/noticiaempauta.com\/portal\/wp-json\/wp\/v2\/posts\/263672\/revisions"}],"predecessor-version":[{"id":263677,"href":"https:\/\/noticiaempauta.com\/portal\/wp-json\/wp\/v2\/posts\/263672\/revisions\/263677"}],"wp:featuredmedia":[{"embeddable":true,"href":"https:\/\/noticiaempauta.com\/portal\/wp-json\/wp\/v2\/media\/263675"}],"wp:attachment":[{"href":"https:\/\/noticiaempauta.com\/portal\/wp-json\/wp\/v2\/media?parent=263672"}],"wp:term":[{"taxonomy":"category","embeddable":true,"href":"https:\/\/noticiaempauta.com\/portal\/wp-json\/wp\/v2\/categories?post=263672"},{"taxonomy":"post_tag","embeddable":true,"href":"https:\/\/noticiaempauta.com\/portal\/wp-json\/wp\/v2\/tags?post=263672"}],"curies":[{"name":"wp","href":"https:\/\/api.w.org\/{rel}","templated":true}]}}