{"id":263699,"date":"2024-11-02T14:45:40","date_gmt":"2024-11-02T17:45:40","guid":{"rendered":"https:\/\/noticiaempauta.com\/portal\/?p=263699"},"modified":"2024-11-02T14:45:42","modified_gmt":"2024-11-02T17:45:42","slug":"alfabetiza-piaui-aos-52-anos-estudante-da-rede-estadual-de-jaicos-assina-rg-pela-primeira-vez","status":"publish","type":"post","link":"https:\/\/noticiaempauta.com\/portal\/alfabetiza-piaui-aos-52-anos-estudante-da-rede-estadual-de-jaicos-assina-rg-pela-primeira-vez\/","title":{"rendered":"Alfabetiza Piau\u00ed: aos 52 anos, estudante da rede estadual de Jaic\u00f3s assina RG pela primeira vez"},"content":{"rendered":"\n<p>De volta \u00e0 sala de aula ap\u00f3s 40 anos, dona Domingas do Esp\u00edrito Santo, de 52 anos, celebra um feito in\u00e9dito em sua vida: assinou pela primeira vez seu documento de identifica\u00e7\u00e3o (RG). Desde agosto deste ano, ela frequenta o Centro Estadual de Educa\u00e7\u00e3o de Jovens e Adultos (Ceja) Professor Mariano da Silva Neto, no munic\u00edpio de Jaic\u00f3s (PI), a 364 quil\u00f4metros da capital Teresina.\u00a0\u00a0<br><\/p>\n\n\n\n<figure class=\"wp-block-image size-full\"><img fetchpriority=\"high\" decoding=\"async\" width=\"790\" height=\"500\" src=\"https:\/\/noticiaempauta.com\/portal\/wp-content\/uploads\/2024\/11\/IMG_6200.jpeg\" alt=\"\" class=\"wp-image-263700\" srcset=\"https:\/\/noticiaempauta.com\/portal\/wp-content\/uploads\/2024\/11\/IMG_6200.jpeg 790w, https:\/\/noticiaempauta.com\/portal\/wp-content\/uploads\/2024\/11\/IMG_6200-300x190.jpeg 300w, https:\/\/noticiaempauta.com\/portal\/wp-content\/uploads\/2024\/11\/IMG_6200-768x486.jpeg 768w\" sizes=\"(max-width: 790px) 100vw, 790px\" \/><\/figure>\n\n\n\n<p>O gesto de escrever o pr\u00f3prio nome, t\u00e3o comum para muitos, marcou o in\u00edcio de uma jornada pela alfabetiza\u00e7\u00e3o. Hoje, gra\u00e7as ao Programa Alfabetiza Piau\u00ed, Dona Domingas \u00e9 mais uma das milhares de pessoas que est\u00e3o descobrindo o poder da educa\u00e7\u00e3o por meio das habilidades da escrita e da leitura.&nbsp;<\/p>\n\n\n\n<p>Casada e m\u00e3e de sete filhos, Dona Domingas sempre viveu em Jaic\u00f3s, munic\u00edpio do sert\u00e3o piauiense, e por muitos anos teve sua vida limitada pela falta de oportunidades de estudo. Vinda da zona rural, ela experimentou o primeiro contato com a escola aos 12 anos, mas logo precisou abandonar os estudos por n\u00e3o conseguir conciliar as tarefas dom\u00e9sticas e da ro\u00e7a com a sala de aula. \u201cEu me sentia muito cansada, chegava na sala e queria dormir. Ent\u00e3o abandonei os estudos\u201d, comenta.&nbsp;<\/p>\n\n\n\n<p>A realidade de Domingas representa a de muitas pessoas que n\u00e3o puderam estudar na inf\u00e2ncia. Mas, para ela, esse passado de limita\u00e7\u00f5es e sacrif\u00edcios come\u00e7ou a mudar. Em agosto de 2024, Dona Domingas deu o primeiro passo em sua jornada de aprendizado, matriculando-se nas aulas do Alfabetiza Piau\u00ed.&nbsp;<\/p>\n\n\n\n<p>Nos primeiros dias, ela enfrentou o desafio de estar de volta \u00e0 sala de aula e reconhece que se sentia insegura ao pegar o l\u00e1pis e caneta, receosa de n\u00e3o conseguir. No entanto, o incentivo de sua professora, Lucileide Sousa Silva, foi essencial para que ela seguisse em frente. \u201cQuero agradecer \u00e0 minha professora. Eu entrei nessa sala de aula e n\u00e3o sabia escrever nem a primeira letra do meu nome. Hoje, eu tenho um documento com o nome assinado por mim\u201d, conta.&nbsp;<\/p>\n\n\n\n<p>A conquista foi t\u00e3o significativa que, assim que aprendeu a escrever seu nome, Dona Domingas fez quest\u00e3o de ir at\u00e9 o Instituto de Identifica\u00e7\u00e3o na Prefeitura de Jaic\u00f3s. Embora tenha atualizado seu documento de identidade no ano passado, apenas com a impress\u00e3o digital, ela voltou para solicitar uma nova via, agora com sua assinatura. \u201cAssinar o pr\u00f3prio nome \u00e9 algo muito simples para alguns, mas, para mim, era uma grande vontade\u201d, diz ela.&nbsp;<\/p>\n\n\n\n<p>O Programa Alfabetiza Piau\u00ed, lan\u00e7ado pelo Governo do Estado, por meio da Secretaria da Educa\u00e7\u00e3o (Seduc), em junho, tem como meta alfabetizar 100 mil pessoas at\u00e9 2026, oferecendo uma bolsa de R$ 600,00 para incentivar a participa\u00e7\u00e3o e a perman\u00eancia nas aulas, al\u00e9m de transporte e alimenta\u00e7\u00e3o. A trajet\u00f3ria de Dona Domingas, que j\u00e1 recebeu a primeira parcela da bolsa, revela a import\u00e2ncia n\u00e3o apenas na redu\u00e7\u00e3o dos \u00edndices de analfabetismo, mas tamb\u00e9m na transforma\u00e7\u00e3o de vidas atrav\u00e9s da continuidade dos estudos.<\/p>\n\n\n\n<p>O secret\u00e1rio de Estado da Educa\u00e7\u00e3o, Washington Bandeira, refor\u00e7a que o programa \u00e9 parte de um compromisso do governador Rafael Fonteles. \u201cA nossa meta \u00e9, nos pr\u00f3ximos anos, atingir a menor taxa de analfabetismo de jovens e adultos do Brasil. Estamos realizando este trabalho de trazer de volta essas pessoas para a escola para que elas concluam o seu processo de letramento matem\u00e1tico, leitura e escrita. Dessa forma, elas ter\u00e3o uma nova oportunidade de, inclusive, se inserir no mercado de trabalho em condi\u00e7\u00f5es melhores\u201d, pontuou o secret\u00e1rio.<\/p>\n\n\n\n<p>Fonte: Cidade Verde<\/p>\n","protected":false},"excerpt":{"rendered":"<p>De volta \u00e0 sala de aula ap\u00f3s 40 anos, dona Domingas do Esp\u00edrito Santo, de 52 anos, celebra um feito in\u00e9dito em sua vida: assinou pela primeira vez seu documento de identifica\u00e7\u00e3o (RG). Desde agosto deste ano, ela frequenta o Centro Estadual de Educa\u00e7\u00e3o de Jovens e Adultos (Ceja) Professor Mariano da Silva Neto, no [&hellip;]<\/p>\n","protected":false},"author":2,"featured_media":263700,"comment_status":"open","ping_status":"open","sticky":false,"template":"","format":"standard","meta":{"_mi_skip_tracking":false,"footnotes":""},"categories":[25,1,9,16],"tags":[192],"class_list":["post-263699","post","type-post","status-publish","format-standard","has-post-thumbnail","hentry","category-destaques-site","category-geral","category-municipios","category-todas","tag-destaqueprincipal"],"acf":[],"yoast_head":"<!-- This site is optimized with the Yoast SEO Premium plugin v19.2 (Yoast SEO v26.9) - https:\/\/yoast.com\/product\/yoast-seo-premium-wordpress\/ -->\n<title>Alfabetiza Piau\u00ed: aos 52 anos, estudante da rede estadual de Jaic\u00f3s assina RG pela primeira vez - Portal Not\u00edcia em Pauta<\/title>\n<meta name=\"robots\" content=\"index, follow, max-snippet:-1, max-image-preview:large, max-video-preview:-1\" \/>\n<link rel=\"canonical\" href=\"https:\/\/noticiaempauta.com\/portal\/alfabetiza-piaui-aos-52-anos-estudante-da-rede-estadual-de-jaicos-assina-rg-pela-primeira-vez\/\" \/>\n<meta property=\"og:locale\" content=\"pt_BR\" \/>\n<meta property=\"og:type\" content=\"article\" \/>\n<meta property=\"og:title\" content=\"Alfabetiza Piau\u00ed: aos 52 anos, estudante da rede estadual de Jaic\u00f3s assina RG pela primeira vez\" \/>\n<meta property=\"og:description\" content=\"De volta \u00e0 sala de aula ap\u00f3s 40 anos, dona Domingas do Esp\u00edrito Santo, de 52 anos, celebra um feito in\u00e9dito em sua vida: assinou pela primeira vez seu documento de identifica\u00e7\u00e3o (RG). Desde agosto deste ano, ela frequenta o Centro Estadual de Educa\u00e7\u00e3o de Jovens e Adultos (Ceja) Professor Mariano da Silva Neto, no [&hellip;]\" \/>\n<meta property=\"og:url\" content=\"https:\/\/noticiaempauta.com\/portal\/alfabetiza-piaui-aos-52-anos-estudante-da-rede-estadual-de-jaicos-assina-rg-pela-primeira-vez\/\" \/>\n<meta property=\"og:site_name\" content=\"Portal Not\u00edcia em Pauta\" \/>\n<meta property=\"article:publisher\" content=\"https:\/\/www.facebook.com\/Portal-Notcia-Em-Pauta-102292869264820\/\" \/>\n<meta property=\"article:published_time\" content=\"2024-11-02T17:45:40+00:00\" \/>\n<meta property=\"article:modified_time\" content=\"2024-11-02T17:45:42+00:00\" \/>\n<meta property=\"og:image\" content=\"https:\/\/noticiaempauta.com\/portal\/wp-content\/uploads\/2024\/11\/IMG_6200.jpeg\" \/>\n\t<meta property=\"og:image:width\" content=\"790\" \/>\n\t<meta property=\"og:image:height\" content=\"500\" \/>\n\t<meta property=\"og:image:type\" content=\"image\/jpeg\" \/>\n<meta name=\"author\" content=\"Reda\u00e7\u00e3o\" \/>\n<meta name=\"twitter:card\" content=\"summary_large_image\" \/>\n<meta name=\"twitter:label1\" content=\"Escrito por\" \/>\n\t<meta name=\"twitter:data1\" content=\"Reda\u00e7\u00e3o\" \/>\n\t<meta name=\"twitter:label2\" content=\"Est. tempo de leitura\" \/>\n\t<meta name=\"twitter:data2\" content=\"4 minutos\" \/>\n<script type=\"application\/ld+json\" class=\"yoast-schema-graph\">{\"@context\":\"https:\/\/schema.org\",\"@graph\":[{\"@type\":\"Article\",\"@id\":\"https:\/\/noticiaempauta.com\/portal\/alfabetiza-piaui-aos-52-anos-estudante-da-rede-estadual-de-jaicos-assina-rg-pela-primeira-vez\/#article\",\"isPartOf\":{\"@id\":\"https:\/\/noticiaempauta.com\/portal\/alfabetiza-piaui-aos-52-anos-estudante-da-rede-estadual-de-jaicos-assina-rg-pela-primeira-vez\/\"},\"author\":{\"name\":\"Reda\u00e7\u00e3o\",\"@id\":\"https:\/\/noticiaempauta.com\/portal\/#\/schema\/person\/a74af43dd1ab3deca45f988c717d57ac\"},\"headline\":\"Alfabetiza Piau\u00ed: aos 52 anos, estudante da rede estadual de Jaic\u00f3s assina RG pela primeira vez\",\"datePublished\":\"2024-11-02T17:45:40+00:00\",\"dateModified\":\"2024-11-02T17:45:42+00:00\",\"mainEntityOfPage\":{\"@id\":\"https:\/\/noticiaempauta.com\/portal\/alfabetiza-piaui-aos-52-anos-estudante-da-rede-estadual-de-jaicos-assina-rg-pela-primeira-vez\/\"},\"wordCount\":637,\"commentCount\":0,\"publisher\":{\"@id\":\"https:\/\/noticiaempauta.com\/portal\/#organization\"},\"image\":{\"@id\":\"https:\/\/noticiaempauta.com\/portal\/alfabetiza-piaui-aos-52-anos-estudante-da-rede-estadual-de-jaicos-assina-rg-pela-primeira-vez\/#primaryimage\"},\"thumbnailUrl\":\"https:\/\/noticiaempauta.com\/portal\/wp-content\/uploads\/2024\/11\/IMG_6200.jpeg\",\"keywords\":[\"destaqueprincipal\"],\"articleSection\":[\"Destaques\",\"Geral\",\"Munic\u00edpios\",\"Todas as Not\u00edcias\"],\"inLanguage\":\"pt-BR\",\"potentialAction\":[{\"@type\":\"CommentAction\",\"name\":\"Comment\",\"target\":[\"https:\/\/noticiaempauta.com\/portal\/alfabetiza-piaui-aos-52-anos-estudante-da-rede-estadual-de-jaicos-assina-rg-pela-primeira-vez\/#respond\"]}]},{\"@type\":\"WebPage\",\"@id\":\"https:\/\/noticiaempauta.com\/portal\/alfabetiza-piaui-aos-52-anos-estudante-da-rede-estadual-de-jaicos-assina-rg-pela-primeira-vez\/\",\"url\":\"https:\/\/noticiaempauta.com\/portal\/alfabetiza-piaui-aos-52-anos-estudante-da-rede-estadual-de-jaicos-assina-rg-pela-primeira-vez\/\",\"name\":\"Alfabetiza Piau\u00ed: aos 52 anos, estudante da rede estadual de Jaic\u00f3s assina RG pela primeira vez - Portal Not\u00edcia em Pauta\",\"isPartOf\":{\"@id\":\"https:\/\/noticiaempauta.com\/portal\/#website\"},\"primaryImageOfPage\":{\"@id\":\"https:\/\/noticiaempauta.com\/portal\/alfabetiza-piaui-aos-52-anos-estudante-da-rede-estadual-de-jaicos-assina-rg-pela-primeira-vez\/#primaryimage\"},\"image\":{\"@id\":\"https:\/\/noticiaempauta.com\/portal\/alfabetiza-piaui-aos-52-anos-estudante-da-rede-estadual-de-jaicos-assina-rg-pela-primeira-vez\/#primaryimage\"},\"thumbnailUrl\":\"https:\/\/noticiaempauta.com\/portal\/wp-content\/uploads\/2024\/11\/IMG_6200.jpeg\",\"datePublished\":\"2024-11-02T17:45:40+00:00\",\"dateModified\":\"2024-11-02T17:45:42+00:00\",\"breadcrumb\":{\"@id\":\"https:\/\/noticiaempauta.com\/portal\/alfabetiza-piaui-aos-52-anos-estudante-da-rede-estadual-de-jaicos-assina-rg-pela-primeira-vez\/#breadcrumb\"},\"inLanguage\":\"pt-BR\",\"potentialAction\":[{\"@type\":\"ReadAction\",\"target\":[\"https:\/\/noticiaempauta.com\/portal\/alfabetiza-piaui-aos-52-anos-estudante-da-rede-estadual-de-jaicos-assina-rg-pela-primeira-vez\/\"]}]},{\"@type\":\"ImageObject\",\"inLanguage\":\"pt-BR\",\"@id\":\"https:\/\/noticiaempauta.com\/portal\/alfabetiza-piaui-aos-52-anos-estudante-da-rede-estadual-de-jaicos-assina-rg-pela-primeira-vez\/#primaryimage\",\"url\":\"https:\/\/noticiaempauta.com\/portal\/wp-content\/uploads\/2024\/11\/IMG_6200.jpeg\",\"contentUrl\":\"https:\/\/noticiaempauta.com\/portal\/wp-content\/uploads\/2024\/11\/IMG_6200.jpeg\",\"width\":790,\"height\":500},{\"@type\":\"BreadcrumbList\",\"@id\":\"https:\/\/noticiaempauta.com\/portal\/alfabetiza-piaui-aos-52-anos-estudante-da-rede-estadual-de-jaicos-assina-rg-pela-primeira-vez\/#breadcrumb\",\"itemListElement\":[{\"@type\":\"ListItem\",\"position\":1,\"name\":\"P\u00e1gina Inicial\",\"item\":\"https:\/\/noticiaempauta.com\/portal\/\"},{\"@type\":\"ListItem\",\"position\":2,\"name\":\"Destaques\",\"item\":\"https:\/\/noticiaempauta.com\/portal\/destaques-site\/\"},{\"@type\":\"ListItem\",\"position\":3,\"name\":\"Alfabetiza Piau\u00ed: aos 52 anos, estudante da rede estadual de Jaic\u00f3s assina RG pela primeira vez\"}]},{\"@type\":\"WebSite\",\"@id\":\"https:\/\/noticiaempauta.com\/portal\/#website\",\"url\":\"https:\/\/noticiaempauta.com\/portal\/\",\"name\":\"Portal Not\u00edcia em Pauta\",\"description\":\"Voc\u00ea bem informado\",\"publisher\":{\"@id\":\"https:\/\/noticiaempauta.com\/portal\/#organization\"},\"potentialAction\":[{\"@type\":\"SearchAction\",\"target\":{\"@type\":\"EntryPoint\",\"urlTemplate\":\"https:\/\/noticiaempauta.com\/portal\/?s={search_term_string}\"},\"query-input\":{\"@type\":\"PropertyValueSpecification\",\"valueRequired\":true,\"valueName\":\"search_term_string\"}}],\"inLanguage\":\"pt-BR\"},{\"@type\":\"Organization\",\"@id\":\"https:\/\/noticiaempauta.com\/portal\/#organization\",\"name\":\"Portal Not\u00edcia em Pauta\",\"url\":\"https:\/\/noticiaempauta.com\/portal\/\",\"logo\":{\"@type\":\"ImageObject\",\"inLanguage\":\"pt-BR\",\"@id\":\"https:\/\/noticiaempauta.com\/portal\/#\/schema\/logo\/image\/\",\"url\":\"https:\/\/noticiaempauta.com\/portal\/wp-content\/uploads\/2022\/08\/logomarca_tema.fw_.png\",\"contentUrl\":\"https:\/\/noticiaempauta.com\/portal\/wp-content\/uploads\/2022\/08\/logomarca_tema.fw_.png\",\"width\":400,\"height\":232,\"caption\":\"Portal Not\u00edcia em Pauta\"},\"image\":{\"@id\":\"https:\/\/noticiaempauta.com\/portal\/#\/schema\/logo\/image\/\"},\"sameAs\":[\"https:\/\/www.facebook.com\/Portal-Notcia-Em-Pauta-102292869264820\/\",\"https:\/\/www.instagram.com\/portalnoticiaempauta\/\"]},{\"@type\":\"Person\",\"@id\":\"https:\/\/noticiaempauta.com\/portal\/#\/schema\/person\/a74af43dd1ab3deca45f988c717d57ac\",\"name\":\"Reda\u00e7\u00e3o\",\"image\":{\"@type\":\"ImageObject\",\"inLanguage\":\"pt-BR\",\"@id\":\"https:\/\/noticiaempauta.com\/portal\/#\/schema\/person\/image\/\",\"url\":\"https:\/\/secure.gravatar.com\/avatar\/03179346ecce6cdfc13361603e8f54242a90e5cde8618fa23c5c00aa2b0aadf3?s=96&d=mm&r=g\",\"contentUrl\":\"https:\/\/secure.gravatar.com\/avatar\/03179346ecce6cdfc13361603e8f54242a90e5cde8618fa23c5c00aa2b0aadf3?s=96&d=mm&r=g\",\"caption\":\"Reda\u00e7\u00e3o\"},\"sameAs\":[\"https:\/\/noticiaempauta.com\/portal\/\"],\"url\":\"https:\/\/noticiaempauta.com\/portal\/author\/fernando\/\"}]}<\/script>\n<!-- \/ Yoast SEO Premium plugin. -->","yoast_head_json":{"title":"Alfabetiza Piau\u00ed: aos 52 anos, estudante da rede estadual de Jaic\u00f3s assina RG pela primeira vez - Portal Not\u00edcia em Pauta","robots":{"index":"index","follow":"follow","max-snippet":"max-snippet:-1","max-image-preview":"max-image-preview:large","max-video-preview":"max-video-preview:-1"},"canonical":"https:\/\/noticiaempauta.com\/portal\/alfabetiza-piaui-aos-52-anos-estudante-da-rede-estadual-de-jaicos-assina-rg-pela-primeira-vez\/","og_locale":"pt_BR","og_type":"article","og_title":"Alfabetiza Piau\u00ed: aos 52 anos, estudante da rede estadual de Jaic\u00f3s assina RG pela primeira vez","og_description":"De volta \u00e0 sala de aula ap\u00f3s 40 anos, dona Domingas do Esp\u00edrito Santo, de 52 anos, celebra um feito in\u00e9dito em sua vida: assinou pela primeira vez seu documento de identifica\u00e7\u00e3o (RG). Desde agosto deste ano, ela frequenta o Centro Estadual de Educa\u00e7\u00e3o de Jovens e Adultos (Ceja) Professor Mariano da Silva Neto, no [&hellip;]","og_url":"https:\/\/noticiaempauta.com\/portal\/alfabetiza-piaui-aos-52-anos-estudante-da-rede-estadual-de-jaicos-assina-rg-pela-primeira-vez\/","og_site_name":"Portal Not\u00edcia em Pauta","article_publisher":"https:\/\/www.facebook.com\/Portal-Notcia-Em-Pauta-102292869264820\/","article_published_time":"2024-11-02T17:45:40+00:00","article_modified_time":"2024-11-02T17:45:42+00:00","og_image":[{"width":790,"height":500,"url":"https:\/\/noticiaempauta.com\/portal\/wp-content\/uploads\/2024\/11\/IMG_6200.jpeg","type":"image\/jpeg"}],"author":"Reda\u00e7\u00e3o","twitter_card":"summary_large_image","twitter_misc":{"Escrito por":"Reda\u00e7\u00e3o","Est. tempo de leitura":"4 minutos"},"schema":{"@context":"https:\/\/schema.org","@graph":[{"@type":"Article","@id":"https:\/\/noticiaempauta.com\/portal\/alfabetiza-piaui-aos-52-anos-estudante-da-rede-estadual-de-jaicos-assina-rg-pela-primeira-vez\/#article","isPartOf":{"@id":"https:\/\/noticiaempauta.com\/portal\/alfabetiza-piaui-aos-52-anos-estudante-da-rede-estadual-de-jaicos-assina-rg-pela-primeira-vez\/"},"author":{"name":"Reda\u00e7\u00e3o","@id":"https:\/\/noticiaempauta.com\/portal\/#\/schema\/person\/a74af43dd1ab3deca45f988c717d57ac"},"headline":"Alfabetiza Piau\u00ed: aos 52 anos, estudante da rede estadual de Jaic\u00f3s assina RG pela primeira vez","datePublished":"2024-11-02T17:45:40+00:00","dateModified":"2024-11-02T17:45:42+00:00","mainEntityOfPage":{"@id":"https:\/\/noticiaempauta.com\/portal\/alfabetiza-piaui-aos-52-anos-estudante-da-rede-estadual-de-jaicos-assina-rg-pela-primeira-vez\/"},"wordCount":637,"commentCount":0,"publisher":{"@id":"https:\/\/noticiaempauta.com\/portal\/#organization"},"image":{"@id":"https:\/\/noticiaempauta.com\/portal\/alfabetiza-piaui-aos-52-anos-estudante-da-rede-estadual-de-jaicos-assina-rg-pela-primeira-vez\/#primaryimage"},"thumbnailUrl":"https:\/\/noticiaempauta.com\/portal\/wp-content\/uploads\/2024\/11\/IMG_6200.jpeg","keywords":["destaqueprincipal"],"articleSection":["Destaques","Geral","Munic\u00edpios","Todas as Not\u00edcias"],"inLanguage":"pt-BR","potentialAction":[{"@type":"CommentAction","name":"Comment","target":["https:\/\/noticiaempauta.com\/portal\/alfabetiza-piaui-aos-52-anos-estudante-da-rede-estadual-de-jaicos-assina-rg-pela-primeira-vez\/#respond"]}]},{"@type":"WebPage","@id":"https:\/\/noticiaempauta.com\/portal\/alfabetiza-piaui-aos-52-anos-estudante-da-rede-estadual-de-jaicos-assina-rg-pela-primeira-vez\/","url":"https:\/\/noticiaempauta.com\/portal\/alfabetiza-piaui-aos-52-anos-estudante-da-rede-estadual-de-jaicos-assina-rg-pela-primeira-vez\/","name":"Alfabetiza Piau\u00ed: aos 52 anos, estudante da rede estadual de Jaic\u00f3s assina RG pela primeira vez - Portal Not\u00edcia em Pauta","isPartOf":{"@id":"https:\/\/noticiaempauta.com\/portal\/#website"},"primaryImageOfPage":{"@id":"https:\/\/noticiaempauta.com\/portal\/alfabetiza-piaui-aos-52-anos-estudante-da-rede-estadual-de-jaicos-assina-rg-pela-primeira-vez\/#primaryimage"},"image":{"@id":"https:\/\/noticiaempauta.com\/portal\/alfabetiza-piaui-aos-52-anos-estudante-da-rede-estadual-de-jaicos-assina-rg-pela-primeira-vez\/#primaryimage"},"thumbnailUrl":"https:\/\/noticiaempauta.com\/portal\/wp-content\/uploads\/2024\/11\/IMG_6200.jpeg","datePublished":"2024-11-02T17:45:40+00:00","dateModified":"2024-11-02T17:45:42+00:00","breadcrumb":{"@id":"https:\/\/noticiaempauta.com\/portal\/alfabetiza-piaui-aos-52-anos-estudante-da-rede-estadual-de-jaicos-assina-rg-pela-primeira-vez\/#breadcrumb"},"inLanguage":"pt-BR","potentialAction":[{"@type":"ReadAction","target":["https:\/\/noticiaempauta.com\/portal\/alfabetiza-piaui-aos-52-anos-estudante-da-rede-estadual-de-jaicos-assina-rg-pela-primeira-vez\/"]}]},{"@type":"ImageObject","inLanguage":"pt-BR","@id":"https:\/\/noticiaempauta.com\/portal\/alfabetiza-piaui-aos-52-anos-estudante-da-rede-estadual-de-jaicos-assina-rg-pela-primeira-vez\/#primaryimage","url":"https:\/\/noticiaempauta.com\/portal\/wp-content\/uploads\/2024\/11\/IMG_6200.jpeg","contentUrl":"https:\/\/noticiaempauta.com\/portal\/wp-content\/uploads\/2024\/11\/IMG_6200.jpeg","width":790,"height":500},{"@type":"BreadcrumbList","@id":"https:\/\/noticiaempauta.com\/portal\/alfabetiza-piaui-aos-52-anos-estudante-da-rede-estadual-de-jaicos-assina-rg-pela-primeira-vez\/#breadcrumb","itemListElement":[{"@type":"ListItem","position":1,"name":"P\u00e1gina Inicial","item":"https:\/\/noticiaempauta.com\/portal\/"},{"@type":"ListItem","position":2,"name":"Destaques","item":"https:\/\/noticiaempauta.com\/portal\/destaques-site\/"},{"@type":"ListItem","position":3,"name":"Alfabetiza Piau\u00ed: aos 52 anos, estudante da rede estadual de Jaic\u00f3s assina RG pela primeira vez"}]},{"@type":"WebSite","@id":"https:\/\/noticiaempauta.com\/portal\/#website","url":"https:\/\/noticiaempauta.com\/portal\/","name":"Portal Not\u00edcia em Pauta","description":"Voc\u00ea bem informado","publisher":{"@id":"https:\/\/noticiaempauta.com\/portal\/#organization"},"potentialAction":[{"@type":"SearchAction","target":{"@type":"EntryPoint","urlTemplate":"https:\/\/noticiaempauta.com\/portal\/?s={search_term_string}"},"query-input":{"@type":"PropertyValueSpecification","valueRequired":true,"valueName":"search_term_string"}}],"inLanguage":"pt-BR"},{"@type":"Organization","@id":"https:\/\/noticiaempauta.com\/portal\/#organization","name":"Portal Not\u00edcia em Pauta","url":"https:\/\/noticiaempauta.com\/portal\/","logo":{"@type":"ImageObject","inLanguage":"pt-BR","@id":"https:\/\/noticiaempauta.com\/portal\/#\/schema\/logo\/image\/","url":"https:\/\/noticiaempauta.com\/portal\/wp-content\/uploads\/2022\/08\/logomarca_tema.fw_.png","contentUrl":"https:\/\/noticiaempauta.com\/portal\/wp-content\/uploads\/2022\/08\/logomarca_tema.fw_.png","width":400,"height":232,"caption":"Portal Not\u00edcia em Pauta"},"image":{"@id":"https:\/\/noticiaempauta.com\/portal\/#\/schema\/logo\/image\/"},"sameAs":["https:\/\/www.facebook.com\/Portal-Notcia-Em-Pauta-102292869264820\/","https:\/\/www.instagram.com\/portalnoticiaempauta\/"]},{"@type":"Person","@id":"https:\/\/noticiaempauta.com\/portal\/#\/schema\/person\/a74af43dd1ab3deca45f988c717d57ac","name":"Reda\u00e7\u00e3o","image":{"@type":"ImageObject","inLanguage":"pt-BR","@id":"https:\/\/noticiaempauta.com\/portal\/#\/schema\/person\/image\/","url":"https:\/\/secure.gravatar.com\/avatar\/03179346ecce6cdfc13361603e8f54242a90e5cde8618fa23c5c00aa2b0aadf3?s=96&d=mm&r=g","contentUrl":"https:\/\/secure.gravatar.com\/avatar\/03179346ecce6cdfc13361603e8f54242a90e5cde8618fa23c5c00aa2b0aadf3?s=96&d=mm&r=g","caption":"Reda\u00e7\u00e3o"},"sameAs":["https:\/\/noticiaempauta.com\/portal\/"],"url":"https:\/\/noticiaempauta.com\/portal\/author\/fernando\/"}]}},"_links":{"self":[{"href":"https:\/\/noticiaempauta.com\/portal\/wp-json\/wp\/v2\/posts\/263699","targetHints":{"allow":["GET"]}}],"collection":[{"href":"https:\/\/noticiaempauta.com\/portal\/wp-json\/wp\/v2\/posts"}],"about":[{"href":"https:\/\/noticiaempauta.com\/portal\/wp-json\/wp\/v2\/types\/post"}],"author":[{"embeddable":true,"href":"https:\/\/noticiaempauta.com\/portal\/wp-json\/wp\/v2\/users\/2"}],"replies":[{"embeddable":true,"href":"https:\/\/noticiaempauta.com\/portal\/wp-json\/wp\/v2\/comments?post=263699"}],"version-history":[{"count":3,"href":"https:\/\/noticiaempauta.com\/portal\/wp-json\/wp\/v2\/posts\/263699\/revisions"}],"predecessor-version":[{"id":263703,"href":"https:\/\/noticiaempauta.com\/portal\/wp-json\/wp\/v2\/posts\/263699\/revisions\/263703"}],"wp:featuredmedia":[{"embeddable":true,"href":"https:\/\/noticiaempauta.com\/portal\/wp-json\/wp\/v2\/media\/263700"}],"wp:attachment":[{"href":"https:\/\/noticiaempauta.com\/portal\/wp-json\/wp\/v2\/media?parent=263699"}],"wp:term":[{"taxonomy":"category","embeddable":true,"href":"https:\/\/noticiaempauta.com\/portal\/wp-json\/wp\/v2\/categories?post=263699"},{"taxonomy":"post_tag","embeddable":true,"href":"https:\/\/noticiaempauta.com\/portal\/wp-json\/wp\/v2\/tags?post=263699"}],"curies":[{"name":"wp","href":"https:\/\/api.w.org\/{rel}","templated":true}]}}