{"id":263718,"date":"2024-11-04T09:22:37","date_gmt":"2024-11-04T12:22:37","guid":{"rendered":"https:\/\/noticiaempauta.com\/portal\/?p=263718"},"modified":"2024-11-04T09:28:40","modified_gmt":"2024-11-04T12:28:40","slug":"prazo-para-inscricoes-para-exame-classificatorio-do-ifpi-encerra-nesta-segunda-4","status":"publish","type":"post","link":"https:\/\/noticiaempauta.com\/portal\/prazo-para-inscricoes-para-exame-classificatorio-do-ifpi-encerra-nesta-segunda-4\/","title":{"rendered":"Inscri\u00e7\u00f5es para Exame Classificat\u00f3rio do IFPI encerram nesta segunda, 4"},"content":{"rendered":"\n<p>As&nbsp;inscri\u00e7\u00f5es do Exame Classificat\u00f3rio 2025.1&nbsp;do&nbsp;Instituto Federal do Piau\u00ed&nbsp;acontecem at\u00e9 segunda-feira, 4. Esse processo seletivo est\u00e1&nbsp;oferecendo 4.460 vagas para cursos t\u00e9cnicos integrados ao m\u00e9dio&nbsp;(para quem possui apenas o Ensino Fundamental), concomitantes (para quem j\u00e1 est\u00e1 cursando o Ensino M\u00e9dio) e subsequentes (para quem j\u00e1 completou o Ensino M\u00e9dio).<\/p>\n\n\n\n<figure class=\"wp-block-image size-large\"><img fetchpriority=\"high\" decoding=\"async\" width=\"1024\" height=\"576\" src=\"https:\/\/noticiaempauta.com\/portal\/wp-content\/uploads\/2024\/11\/image-1-1024x576.jpeg\" alt=\"\" class=\"wp-image-263722\" srcset=\"https:\/\/noticiaempauta.com\/portal\/wp-content\/uploads\/2024\/11\/image-1-1024x576.jpeg 1024w, https:\/\/noticiaempauta.com\/portal\/wp-content\/uploads\/2024\/11\/image-1-300x169.jpeg 300w, https:\/\/noticiaempauta.com\/portal\/wp-content\/uploads\/2024\/11\/image-1-768x432.jpeg 768w, https:\/\/noticiaempauta.com\/portal\/wp-content\/uploads\/2024\/11\/image-1.jpeg 1200w\" sizes=\"(max-width: 1024px) 100vw, 1024px\" \/><figcaption class=\"wp-element-caption\">(Foto: Reprodu\u00e7\u00e3o)<\/figcaption><\/figure>\n\n\n\n<h2 class=\"wp-block-heading\">INSCRI\u00c7\u00d5ES<\/h2>\n\n\n\n<p>As&nbsp;inscri\u00e7\u00f5es ser\u00e3o realizadas, exclusivamente, de forma on-line, no site<strong>&nbsp;<\/strong><a href=\"http:\/\/selecao.ifpi.edu.br\/\"><strong>selecao.ifpi.edu.br<\/strong><\/a>. Ap\u00f3s o preenchimento do formul\u00e1rio de inscri\u00e7\u00e3o, o candidato dever\u00e1 imprimir o boleto para pagamento da&nbsp;taxa no valor de 15 reais, que poder\u00e1 ser pago em qualquer banco, institui\u00e7\u00e3o financeira habilitada ou por meio de PIX.<\/p>\n\n\n\n<p><a href=\"https:\/\/www.ifpi.edu.br\/ifpi-lanca-edital-com-oferta-de-4-460-vagas-para-cursos-tecnicos\/copy_of_EditalClassificatorio20251Assinado_241009_181805.pdf\" target=\"_blank\" rel=\"noreferrer noopener\"><strong>ACESSE AQUI O EDITAL COMPLETO<\/strong><\/a><\/p>\n\n\n\n<h2 class=\"wp-block-heading\">SOBRE AS VAGAS<\/h2>\n\n\n\n<p>As vagas est\u00e3o distribu\u00eddas nos campi&nbsp;Angical, Campo Maior, Cocal, Corrente, Floriano, Jos\u00e9 de Freitas, Oeiras, Parna\u00edba, Paulistana, Pedro II, Picos, Pio IX, Piripiri, S\u00e3o Jo\u00e3o do Piau\u00ed, S\u00e3o Raimundo Nonato, Teresina Central, Teresina Dirceu, Teresina Zona Sul, Uru\u00e7u\u00ed e Valen\u00e7a.<\/p>\n\n\n\n<h2 class=\"wp-block-heading\">PROVAS<\/h2>\n\n\n\n<p>A&nbsp;prova do Exame Classificat\u00f3rio ser\u00e1 aplicada em 15 de dezembro, com 30 quest\u00f5es de L\u00edngua Portuguesa e 30 de Matem\u00e1tica. O resultado final do processo seletivo est\u00e1 previsto para 14 de janeiro de 2025.<\/p>\n\n\n\n<h2 class=\"wp-block-heading\">HETEROIDENTIFICA\u00c7\u00c3O<\/h2>\n\n\n\n<p>Candidatos autodeclarados pretos, pardos, ind\u00edgenas ou quilombolas para uso de cotas dever\u00e3o realizar obrigatoriamente o procedimento de heteroidentifica\u00e7\u00e3o,&nbsp;seguindo as orienta\u00e7\u00f5es do edital. A n\u00e3o realiza\u00e7\u00e3o do procedimento e os procedimentos indeferidos ir\u00e3o remanejar o candidato para vagas de ampla concorr\u00eancia.<\/p>\n\n\n\n<h2 class=\"wp-block-heading\">ATENDIMENTO ESPECIAL<\/h2>\n\n\n\n<p>Candidato com defici\u00eancia de natureza f\u00edsica, mental, intelectual ou sensorial e lactante poder\u00e1 solicitar aux\u00edlio para realiza\u00e7\u00e3o da prova, de acordo com as especifica\u00e7\u00f5es do edital. A solicita\u00e7\u00e3o tamb\u00e9m \u00e9 on-line, em&nbsp;<a href=\"http:\/\/selecao.ifpi.edu.br\/\"><strong>selecao.ifpi.edu.br<\/strong><\/a>, no per\u00edodo de 11 de outubro a 4 de novembro.<\/p>\n\n\n\n<p>Meio News<\/p>\n","protected":false},"excerpt":{"rendered":"<p>As&nbsp;inscri\u00e7\u00f5es do Exame Classificat\u00f3rio 2025.1&nbsp;do&nbsp;Instituto Federal do Piau\u00ed&nbsp;acontecem at\u00e9 segunda-feira, 4. Esse processo seletivo est\u00e1&nbsp;oferecendo 4.460 vagas para cursos t\u00e9cnicos integrados ao m\u00e9dio&nbsp;(para quem possui apenas o Ensino Fundamental), concomitantes (para quem j\u00e1 est\u00e1 cursando o Ensino M\u00e9dio) e subsequentes (para quem j\u00e1 completou o Ensino M\u00e9dio). INSCRI\u00c7\u00d5ES As&nbsp;inscri\u00e7\u00f5es ser\u00e3o realizadas, exclusivamente, de forma on-line, [&hellip;]<\/p>\n","protected":false},"author":2,"featured_media":263722,"comment_status":"open","ping_status":"open","sticky":false,"template":"","format":"standard","meta":{"_mi_skip_tracking":false,"footnotes":""},"categories":[25,1,16],"tags":[192],"class_list":["post-263718","post","type-post","status-publish","format-standard","has-post-thumbnail","hentry","category-destaques-site","category-geral","category-todas","tag-destaqueprincipal"],"acf":[],"yoast_head":"<!-- This site is optimized with the Yoast SEO Premium plugin v19.2 (Yoast SEO v26.9) - https:\/\/yoast.com\/product\/yoast-seo-premium-wordpress\/ -->\n<title>Inscri\u00e7\u00f5es para Exame Classificat\u00f3rio do IFPI encerram nesta segunda, 4 - Portal Not\u00edcia em Pauta<\/title>\n<meta name=\"robots\" content=\"index, follow, max-snippet:-1, max-image-preview:large, max-video-preview:-1\" \/>\n<link rel=\"canonical\" href=\"https:\/\/noticiaempauta.com\/portal\/prazo-para-inscricoes-para-exame-classificatorio-do-ifpi-encerra-nesta-segunda-4\/\" \/>\n<meta property=\"og:locale\" content=\"pt_BR\" \/>\n<meta property=\"og:type\" content=\"article\" \/>\n<meta property=\"og:title\" content=\"Inscri\u00e7\u00f5es para Exame Classificat\u00f3rio do IFPI encerram nesta segunda, 4\" \/>\n<meta property=\"og:description\" content=\"As&nbsp;inscri\u00e7\u00f5es do Exame Classificat\u00f3rio 2025.1&nbsp;do&nbsp;Instituto Federal do Piau\u00ed&nbsp;acontecem at\u00e9 segunda-feira, 4. Esse processo seletivo est\u00e1&nbsp;oferecendo 4.460 vagas para cursos t\u00e9cnicos integrados ao m\u00e9dio&nbsp;(para quem possui apenas o Ensino Fundamental), concomitantes (para quem j\u00e1 est\u00e1 cursando o Ensino M\u00e9dio) e subsequentes (para quem j\u00e1 completou o Ensino M\u00e9dio). INSCRI\u00c7\u00d5ES As&nbsp;inscri\u00e7\u00f5es ser\u00e3o realizadas, exclusivamente, de forma on-line, [&hellip;]\" \/>\n<meta property=\"og:url\" content=\"https:\/\/noticiaempauta.com\/portal\/prazo-para-inscricoes-para-exame-classificatorio-do-ifpi-encerra-nesta-segunda-4\/\" \/>\n<meta property=\"og:site_name\" content=\"Portal Not\u00edcia em Pauta\" \/>\n<meta property=\"article:publisher\" content=\"https:\/\/www.facebook.com\/Portal-Notcia-Em-Pauta-102292869264820\/\" \/>\n<meta property=\"article:published_time\" content=\"2024-11-04T12:22:37+00:00\" \/>\n<meta property=\"article:modified_time\" content=\"2024-11-04T12:28:40+00:00\" \/>\n<meta property=\"og:image\" content=\"https:\/\/noticiaempauta.com\/portal\/wp-content\/uploads\/2024\/11\/image-1.jpeg\" \/>\n\t<meta property=\"og:image:width\" content=\"1200\" \/>\n\t<meta property=\"og:image:height\" content=\"675\" \/>\n\t<meta property=\"og:image:type\" content=\"image\/jpeg\" \/>\n<meta name=\"author\" content=\"Reda\u00e7\u00e3o\" \/>\n<meta name=\"twitter:card\" content=\"summary_large_image\" \/>\n<meta name=\"twitter:label1\" content=\"Escrito por\" \/>\n\t<meta name=\"twitter:data1\" content=\"Reda\u00e7\u00e3o\" \/>\n\t<meta name=\"twitter:label2\" content=\"Est. tempo de leitura\" \/>\n\t<meta name=\"twitter:data2\" content=\"2 minutos\" \/>\n<script type=\"application\/ld+json\" class=\"yoast-schema-graph\">{\"@context\":\"https:\/\/schema.org\",\"@graph\":[{\"@type\":\"Article\",\"@id\":\"https:\/\/noticiaempauta.com\/portal\/prazo-para-inscricoes-para-exame-classificatorio-do-ifpi-encerra-nesta-segunda-4\/#article\",\"isPartOf\":{\"@id\":\"https:\/\/noticiaempauta.com\/portal\/prazo-para-inscricoes-para-exame-classificatorio-do-ifpi-encerra-nesta-segunda-4\/\"},\"author\":{\"name\":\"Reda\u00e7\u00e3o\",\"@id\":\"https:\/\/noticiaempauta.com\/portal\/#\/schema\/person\/a74af43dd1ab3deca45f988c717d57ac\"},\"headline\":\"Inscri\u00e7\u00f5es para Exame Classificat\u00f3rio do IFPI encerram nesta segunda, 4\",\"datePublished\":\"2024-11-04T12:22:37+00:00\",\"dateModified\":\"2024-11-04T12:28:40+00:00\",\"mainEntityOfPage\":{\"@id\":\"https:\/\/noticiaempauta.com\/portal\/prazo-para-inscricoes-para-exame-classificatorio-do-ifpi-encerra-nesta-segunda-4\/\"},\"wordCount\":339,\"commentCount\":0,\"publisher\":{\"@id\":\"https:\/\/noticiaempauta.com\/portal\/#organization\"},\"image\":{\"@id\":\"https:\/\/noticiaempauta.com\/portal\/prazo-para-inscricoes-para-exame-classificatorio-do-ifpi-encerra-nesta-segunda-4\/#primaryimage\"},\"thumbnailUrl\":\"https:\/\/noticiaempauta.com\/portal\/wp-content\/uploads\/2024\/11\/image-1.jpeg\",\"keywords\":[\"destaqueprincipal\"],\"articleSection\":[\"Destaques\",\"Geral\",\"Todas as Not\u00edcias\"],\"inLanguage\":\"pt-BR\",\"potentialAction\":[{\"@type\":\"CommentAction\",\"name\":\"Comment\",\"target\":[\"https:\/\/noticiaempauta.com\/portal\/prazo-para-inscricoes-para-exame-classificatorio-do-ifpi-encerra-nesta-segunda-4\/#respond\"]}]},{\"@type\":\"WebPage\",\"@id\":\"https:\/\/noticiaempauta.com\/portal\/prazo-para-inscricoes-para-exame-classificatorio-do-ifpi-encerra-nesta-segunda-4\/\",\"url\":\"https:\/\/noticiaempauta.com\/portal\/prazo-para-inscricoes-para-exame-classificatorio-do-ifpi-encerra-nesta-segunda-4\/\",\"name\":\"Inscri\u00e7\u00f5es para Exame Classificat\u00f3rio do IFPI encerram nesta segunda, 4 - Portal Not\u00edcia em Pauta\",\"isPartOf\":{\"@id\":\"https:\/\/noticiaempauta.com\/portal\/#website\"},\"primaryImageOfPage\":{\"@id\":\"https:\/\/noticiaempauta.com\/portal\/prazo-para-inscricoes-para-exame-classificatorio-do-ifpi-encerra-nesta-segunda-4\/#primaryimage\"},\"image\":{\"@id\":\"https:\/\/noticiaempauta.com\/portal\/prazo-para-inscricoes-para-exame-classificatorio-do-ifpi-encerra-nesta-segunda-4\/#primaryimage\"},\"thumbnailUrl\":\"https:\/\/noticiaempauta.com\/portal\/wp-content\/uploads\/2024\/11\/image-1.jpeg\",\"datePublished\":\"2024-11-04T12:22:37+00:00\",\"dateModified\":\"2024-11-04T12:28:40+00:00\",\"breadcrumb\":{\"@id\":\"https:\/\/noticiaempauta.com\/portal\/prazo-para-inscricoes-para-exame-classificatorio-do-ifpi-encerra-nesta-segunda-4\/#breadcrumb\"},\"inLanguage\":\"pt-BR\",\"potentialAction\":[{\"@type\":\"ReadAction\",\"target\":[\"https:\/\/noticiaempauta.com\/portal\/prazo-para-inscricoes-para-exame-classificatorio-do-ifpi-encerra-nesta-segunda-4\/\"]}]},{\"@type\":\"ImageObject\",\"inLanguage\":\"pt-BR\",\"@id\":\"https:\/\/noticiaempauta.com\/portal\/prazo-para-inscricoes-para-exame-classificatorio-do-ifpi-encerra-nesta-segunda-4\/#primaryimage\",\"url\":\"https:\/\/noticiaempauta.com\/portal\/wp-content\/uploads\/2024\/11\/image-1.jpeg\",\"contentUrl\":\"https:\/\/noticiaempauta.com\/portal\/wp-content\/uploads\/2024\/11\/image-1.jpeg\",\"width\":1200,\"height\":675,\"caption\":\"(Foto: Reprodu\u00e7\u00e3o)\"},{\"@type\":\"BreadcrumbList\",\"@id\":\"https:\/\/noticiaempauta.com\/portal\/prazo-para-inscricoes-para-exame-classificatorio-do-ifpi-encerra-nesta-segunda-4\/#breadcrumb\",\"itemListElement\":[{\"@type\":\"ListItem\",\"position\":1,\"name\":\"P\u00e1gina Inicial\",\"item\":\"https:\/\/noticiaempauta.com\/portal\/\"},{\"@type\":\"ListItem\",\"position\":2,\"name\":\"Destaques\",\"item\":\"https:\/\/noticiaempauta.com\/portal\/destaques-site\/\"},{\"@type\":\"ListItem\",\"position\":3,\"name\":\"Inscri\u00e7\u00f5es para Exame Classificat\u00f3rio do IFPI encerram nesta segunda, 4\"}]},{\"@type\":\"WebSite\",\"@id\":\"https:\/\/noticiaempauta.com\/portal\/#website\",\"url\":\"https:\/\/noticiaempauta.com\/portal\/\",\"name\":\"Portal Not\u00edcia em Pauta\",\"description\":\"Voc\u00ea bem informado\",\"publisher\":{\"@id\":\"https:\/\/noticiaempauta.com\/portal\/#organization\"},\"potentialAction\":[{\"@type\":\"SearchAction\",\"target\":{\"@type\":\"EntryPoint\",\"urlTemplate\":\"https:\/\/noticiaempauta.com\/portal\/?s={search_term_string}\"},\"query-input\":{\"@type\":\"PropertyValueSpecification\",\"valueRequired\":true,\"valueName\":\"search_term_string\"}}],\"inLanguage\":\"pt-BR\"},{\"@type\":\"Organization\",\"@id\":\"https:\/\/noticiaempauta.com\/portal\/#organization\",\"name\":\"Portal Not\u00edcia em Pauta\",\"url\":\"https:\/\/noticiaempauta.com\/portal\/\",\"logo\":{\"@type\":\"ImageObject\",\"inLanguage\":\"pt-BR\",\"@id\":\"https:\/\/noticiaempauta.com\/portal\/#\/schema\/logo\/image\/\",\"url\":\"https:\/\/noticiaempauta.com\/portal\/wp-content\/uploads\/2022\/08\/logomarca_tema.fw_.png\",\"contentUrl\":\"https:\/\/noticiaempauta.com\/portal\/wp-content\/uploads\/2022\/08\/logomarca_tema.fw_.png\",\"width\":400,\"height\":232,\"caption\":\"Portal Not\u00edcia em Pauta\"},\"image\":{\"@id\":\"https:\/\/noticiaempauta.com\/portal\/#\/schema\/logo\/image\/\"},\"sameAs\":[\"https:\/\/www.facebook.com\/Portal-Notcia-Em-Pauta-102292869264820\/\",\"https:\/\/www.instagram.com\/portalnoticiaempauta\/\"]},{\"@type\":\"Person\",\"@id\":\"https:\/\/noticiaempauta.com\/portal\/#\/schema\/person\/a74af43dd1ab3deca45f988c717d57ac\",\"name\":\"Reda\u00e7\u00e3o\",\"image\":{\"@type\":\"ImageObject\",\"inLanguage\":\"pt-BR\",\"@id\":\"https:\/\/noticiaempauta.com\/portal\/#\/schema\/person\/image\/\",\"url\":\"https:\/\/secure.gravatar.com\/avatar\/03179346ecce6cdfc13361603e8f54242a90e5cde8618fa23c5c00aa2b0aadf3?s=96&d=mm&r=g\",\"contentUrl\":\"https:\/\/secure.gravatar.com\/avatar\/03179346ecce6cdfc13361603e8f54242a90e5cde8618fa23c5c00aa2b0aadf3?s=96&d=mm&r=g\",\"caption\":\"Reda\u00e7\u00e3o\"},\"sameAs\":[\"https:\/\/noticiaempauta.com\/portal\/\"],\"url\":\"https:\/\/noticiaempauta.com\/portal\/author\/fernando\/\"}]}<\/script>\n<!-- \/ Yoast SEO Premium plugin. -->","yoast_head_json":{"title":"Inscri\u00e7\u00f5es para Exame Classificat\u00f3rio do IFPI encerram nesta segunda, 4 - Portal Not\u00edcia em Pauta","robots":{"index":"index","follow":"follow","max-snippet":"max-snippet:-1","max-image-preview":"max-image-preview:large","max-video-preview":"max-video-preview:-1"},"canonical":"https:\/\/noticiaempauta.com\/portal\/prazo-para-inscricoes-para-exame-classificatorio-do-ifpi-encerra-nesta-segunda-4\/","og_locale":"pt_BR","og_type":"article","og_title":"Inscri\u00e7\u00f5es para Exame Classificat\u00f3rio do IFPI encerram nesta segunda, 4","og_description":"As&nbsp;inscri\u00e7\u00f5es do Exame Classificat\u00f3rio 2025.1&nbsp;do&nbsp;Instituto Federal do Piau\u00ed&nbsp;acontecem at\u00e9 segunda-feira, 4. Esse processo seletivo est\u00e1&nbsp;oferecendo 4.460 vagas para cursos t\u00e9cnicos integrados ao m\u00e9dio&nbsp;(para quem possui apenas o Ensino Fundamental), concomitantes (para quem j\u00e1 est\u00e1 cursando o Ensino M\u00e9dio) e subsequentes (para quem j\u00e1 completou o Ensino M\u00e9dio). INSCRI\u00c7\u00d5ES As&nbsp;inscri\u00e7\u00f5es ser\u00e3o realizadas, exclusivamente, de forma on-line, [&hellip;]","og_url":"https:\/\/noticiaempauta.com\/portal\/prazo-para-inscricoes-para-exame-classificatorio-do-ifpi-encerra-nesta-segunda-4\/","og_site_name":"Portal Not\u00edcia em Pauta","article_publisher":"https:\/\/www.facebook.com\/Portal-Notcia-Em-Pauta-102292869264820\/","article_published_time":"2024-11-04T12:22:37+00:00","article_modified_time":"2024-11-04T12:28:40+00:00","og_image":[{"width":1200,"height":675,"url":"https:\/\/noticiaempauta.com\/portal\/wp-content\/uploads\/2024\/11\/image-1.jpeg","type":"image\/jpeg"}],"author":"Reda\u00e7\u00e3o","twitter_card":"summary_large_image","twitter_misc":{"Escrito por":"Reda\u00e7\u00e3o","Est. tempo de leitura":"2 minutos"},"schema":{"@context":"https:\/\/schema.org","@graph":[{"@type":"Article","@id":"https:\/\/noticiaempauta.com\/portal\/prazo-para-inscricoes-para-exame-classificatorio-do-ifpi-encerra-nesta-segunda-4\/#article","isPartOf":{"@id":"https:\/\/noticiaempauta.com\/portal\/prazo-para-inscricoes-para-exame-classificatorio-do-ifpi-encerra-nesta-segunda-4\/"},"author":{"name":"Reda\u00e7\u00e3o","@id":"https:\/\/noticiaempauta.com\/portal\/#\/schema\/person\/a74af43dd1ab3deca45f988c717d57ac"},"headline":"Inscri\u00e7\u00f5es para Exame Classificat\u00f3rio do IFPI encerram nesta segunda, 4","datePublished":"2024-11-04T12:22:37+00:00","dateModified":"2024-11-04T12:28:40+00:00","mainEntityOfPage":{"@id":"https:\/\/noticiaempauta.com\/portal\/prazo-para-inscricoes-para-exame-classificatorio-do-ifpi-encerra-nesta-segunda-4\/"},"wordCount":339,"commentCount":0,"publisher":{"@id":"https:\/\/noticiaempauta.com\/portal\/#organization"},"image":{"@id":"https:\/\/noticiaempauta.com\/portal\/prazo-para-inscricoes-para-exame-classificatorio-do-ifpi-encerra-nesta-segunda-4\/#primaryimage"},"thumbnailUrl":"https:\/\/noticiaempauta.com\/portal\/wp-content\/uploads\/2024\/11\/image-1.jpeg","keywords":["destaqueprincipal"],"articleSection":["Destaques","Geral","Todas as Not\u00edcias"],"inLanguage":"pt-BR","potentialAction":[{"@type":"CommentAction","name":"Comment","target":["https:\/\/noticiaempauta.com\/portal\/prazo-para-inscricoes-para-exame-classificatorio-do-ifpi-encerra-nesta-segunda-4\/#respond"]}]},{"@type":"WebPage","@id":"https:\/\/noticiaempauta.com\/portal\/prazo-para-inscricoes-para-exame-classificatorio-do-ifpi-encerra-nesta-segunda-4\/","url":"https:\/\/noticiaempauta.com\/portal\/prazo-para-inscricoes-para-exame-classificatorio-do-ifpi-encerra-nesta-segunda-4\/","name":"Inscri\u00e7\u00f5es para Exame Classificat\u00f3rio do IFPI encerram nesta segunda, 4 - Portal Not\u00edcia em Pauta","isPartOf":{"@id":"https:\/\/noticiaempauta.com\/portal\/#website"},"primaryImageOfPage":{"@id":"https:\/\/noticiaempauta.com\/portal\/prazo-para-inscricoes-para-exame-classificatorio-do-ifpi-encerra-nesta-segunda-4\/#primaryimage"},"image":{"@id":"https:\/\/noticiaempauta.com\/portal\/prazo-para-inscricoes-para-exame-classificatorio-do-ifpi-encerra-nesta-segunda-4\/#primaryimage"},"thumbnailUrl":"https:\/\/noticiaempauta.com\/portal\/wp-content\/uploads\/2024\/11\/image-1.jpeg","datePublished":"2024-11-04T12:22:37+00:00","dateModified":"2024-11-04T12:28:40+00:00","breadcrumb":{"@id":"https:\/\/noticiaempauta.com\/portal\/prazo-para-inscricoes-para-exame-classificatorio-do-ifpi-encerra-nesta-segunda-4\/#breadcrumb"},"inLanguage":"pt-BR","potentialAction":[{"@type":"ReadAction","target":["https:\/\/noticiaempauta.com\/portal\/prazo-para-inscricoes-para-exame-classificatorio-do-ifpi-encerra-nesta-segunda-4\/"]}]},{"@type":"ImageObject","inLanguage":"pt-BR","@id":"https:\/\/noticiaempauta.com\/portal\/prazo-para-inscricoes-para-exame-classificatorio-do-ifpi-encerra-nesta-segunda-4\/#primaryimage","url":"https:\/\/noticiaempauta.com\/portal\/wp-content\/uploads\/2024\/11\/image-1.jpeg","contentUrl":"https:\/\/noticiaempauta.com\/portal\/wp-content\/uploads\/2024\/11\/image-1.jpeg","width":1200,"height":675,"caption":"(Foto: Reprodu\u00e7\u00e3o)"},{"@type":"BreadcrumbList","@id":"https:\/\/noticiaempauta.com\/portal\/prazo-para-inscricoes-para-exame-classificatorio-do-ifpi-encerra-nesta-segunda-4\/#breadcrumb","itemListElement":[{"@type":"ListItem","position":1,"name":"P\u00e1gina Inicial","item":"https:\/\/noticiaempauta.com\/portal\/"},{"@type":"ListItem","position":2,"name":"Destaques","item":"https:\/\/noticiaempauta.com\/portal\/destaques-site\/"},{"@type":"ListItem","position":3,"name":"Inscri\u00e7\u00f5es para Exame Classificat\u00f3rio do IFPI encerram nesta segunda, 4"}]},{"@type":"WebSite","@id":"https:\/\/noticiaempauta.com\/portal\/#website","url":"https:\/\/noticiaempauta.com\/portal\/","name":"Portal Not\u00edcia em Pauta","description":"Voc\u00ea bem informado","publisher":{"@id":"https:\/\/noticiaempauta.com\/portal\/#organization"},"potentialAction":[{"@type":"SearchAction","target":{"@type":"EntryPoint","urlTemplate":"https:\/\/noticiaempauta.com\/portal\/?s={search_term_string}"},"query-input":{"@type":"PropertyValueSpecification","valueRequired":true,"valueName":"search_term_string"}}],"inLanguage":"pt-BR"},{"@type":"Organization","@id":"https:\/\/noticiaempauta.com\/portal\/#organization","name":"Portal Not\u00edcia em Pauta","url":"https:\/\/noticiaempauta.com\/portal\/","logo":{"@type":"ImageObject","inLanguage":"pt-BR","@id":"https:\/\/noticiaempauta.com\/portal\/#\/schema\/logo\/image\/","url":"https:\/\/noticiaempauta.com\/portal\/wp-content\/uploads\/2022\/08\/logomarca_tema.fw_.png","contentUrl":"https:\/\/noticiaempauta.com\/portal\/wp-content\/uploads\/2022\/08\/logomarca_tema.fw_.png","width":400,"height":232,"caption":"Portal Not\u00edcia em Pauta"},"image":{"@id":"https:\/\/noticiaempauta.com\/portal\/#\/schema\/logo\/image\/"},"sameAs":["https:\/\/www.facebook.com\/Portal-Notcia-Em-Pauta-102292869264820\/","https:\/\/www.instagram.com\/portalnoticiaempauta\/"]},{"@type":"Person","@id":"https:\/\/noticiaempauta.com\/portal\/#\/schema\/person\/a74af43dd1ab3deca45f988c717d57ac","name":"Reda\u00e7\u00e3o","image":{"@type":"ImageObject","inLanguage":"pt-BR","@id":"https:\/\/noticiaempauta.com\/portal\/#\/schema\/person\/image\/","url":"https:\/\/secure.gravatar.com\/avatar\/03179346ecce6cdfc13361603e8f54242a90e5cde8618fa23c5c00aa2b0aadf3?s=96&d=mm&r=g","contentUrl":"https:\/\/secure.gravatar.com\/avatar\/03179346ecce6cdfc13361603e8f54242a90e5cde8618fa23c5c00aa2b0aadf3?s=96&d=mm&r=g","caption":"Reda\u00e7\u00e3o"},"sameAs":["https:\/\/noticiaempauta.com\/portal\/"],"url":"https:\/\/noticiaempauta.com\/portal\/author\/fernando\/"}]}},"_links":{"self":[{"href":"https:\/\/noticiaempauta.com\/portal\/wp-json\/wp\/v2\/posts\/263718","targetHints":{"allow":["GET"]}}],"collection":[{"href":"https:\/\/noticiaempauta.com\/portal\/wp-json\/wp\/v2\/posts"}],"about":[{"href":"https:\/\/noticiaempauta.com\/portal\/wp-json\/wp\/v2\/types\/post"}],"author":[{"embeddable":true,"href":"https:\/\/noticiaempauta.com\/portal\/wp-json\/wp\/v2\/users\/2"}],"replies":[{"embeddable":true,"href":"https:\/\/noticiaempauta.com\/portal\/wp-json\/wp\/v2\/comments?post=263718"}],"version-history":[{"count":5,"href":"https:\/\/noticiaempauta.com\/portal\/wp-json\/wp\/v2\/posts\/263718\/revisions"}],"predecessor-version":[{"id":263725,"href":"https:\/\/noticiaempauta.com\/portal\/wp-json\/wp\/v2\/posts\/263718\/revisions\/263725"}],"wp:featuredmedia":[{"embeddable":true,"href":"https:\/\/noticiaempauta.com\/portal\/wp-json\/wp\/v2\/media\/263722"}],"wp:attachment":[{"href":"https:\/\/noticiaempauta.com\/portal\/wp-json\/wp\/v2\/media?parent=263718"}],"wp:term":[{"taxonomy":"category","embeddable":true,"href":"https:\/\/noticiaempauta.com\/portal\/wp-json\/wp\/v2\/categories?post=263718"},{"taxonomy":"post_tag","embeddable":true,"href":"https:\/\/noticiaempauta.com\/portal\/wp-json\/wp\/v2\/tags?post=263718"}],"curies":[{"name":"wp","href":"https:\/\/api.w.org\/{rel}","templated":true}]}}