{"id":263726,"date":"2024-11-04T09:30:56","date_gmt":"2024-11-04T12:30:56","guid":{"rendered":"https:\/\/noticiaempauta.com\/portal\/?p=263726"},"modified":"2024-11-04T09:30:57","modified_gmt":"2024-11-04T12:30:57","slug":"fugitivo-do-sistema-prisional-e-capturado-na-zona-rural-de-santana-do-piaui","status":"publish","type":"post","link":"https:\/\/noticiaempauta.com\/portal\/fugitivo-do-sistema-prisional-e-capturado-na-zona-rural-de-santana-do-piaui\/","title":{"rendered":"Fugitivo do sistema prisional \u00e9 capturado na zona rural de Santana do Piau\u00ed"},"content":{"rendered":"\n<p>No in\u00edcio da tarde deste domingo (03) um homem identificado pelas iniciais L.D.S.S. foi preso no munic\u00edpio de Santana do Piau\u00ed. O indiv\u00edduo possu\u00eda em seu desfavor um mandado de pris\u00e3o judicial pendente, al\u00e9m de ser foragido do sistema prisional do Piau\u00ed.<\/p>\n\n\n\n<figure class=\"wp-block-image size-full\"><img fetchpriority=\"high\" decoding=\"async\" width=\"790\" height=\"534\" src=\"https:\/\/noticiaempauta.com\/portal\/wp-content\/uploads\/2024\/11\/090e2b28422814fa640c51bb474ec937.jpg\" alt=\"\" class=\"wp-image-263727\" srcset=\"https:\/\/noticiaempauta.com\/portal\/wp-content\/uploads\/2024\/11\/090e2b28422814fa640c51bb474ec937.jpg 790w, https:\/\/noticiaempauta.com\/portal\/wp-content\/uploads\/2024\/11\/090e2b28422814fa640c51bb474ec937-300x203.jpg 300w, https:\/\/noticiaempauta.com\/portal\/wp-content\/uploads\/2024\/11\/090e2b28422814fa640c51bb474ec937-768x519.jpg 768w\" sizes=\"(max-width: 790px) 100vw, 790px\" \/><figcaption class=\"wp-element-caption\"><em>Foto: GPM\/Santana do Piau\u00ed<\/em><\/figcaption><\/figure>\n\n\n\n<p>Segundo informa\u00e7\u00f5es do Grupamento de Pol\u00edcia Militar de Santana do Piau\u00ed, o indiv\u00edduo estava na comunidade Barro, zona rural do munic\u00edpio.<\/p>\n\n\n\n<p>\u201cEm posse das informa\u00e7\u00f5es, a equipe se deslocou para a comunidade com o objetivo de captur\u00e1-lo. Ap\u00f3s abordagem, o homem recebeu voz de pris\u00e3o \u201c, informou a pol\u00edcia.<\/p>\n\n\n\n<p>Diante do ocorrido, o homem foi levado para a Central de Flagrantes para ado\u00e7\u00e3o dos procedimentos cab\u00edveis, sendo encaminhado para o pres\u00eddio.<\/p>\n\n\n\n<p>Paula Monize\/CidadeVerde<\/p>\n","protected":false},"excerpt":{"rendered":"<p>No in\u00edcio da tarde deste domingo (03) um homem identificado pelas iniciais L.D.S.S. foi preso no munic\u00edpio de Santana do Piau\u00ed. O indiv\u00edduo possu\u00eda em seu desfavor um mandado de pris\u00e3o judicial pendente, al\u00e9m de ser foragido do sistema prisional do Piau\u00ed. Segundo informa\u00e7\u00f5es do Grupamento de Pol\u00edcia Militar de Santana do Piau\u00ed, o indiv\u00edduo [&hellip;]<\/p>\n","protected":false},"author":2,"featured_media":263727,"comment_status":"open","ping_status":"open","sticky":false,"template":"","format":"standard","meta":{"_mi_skip_tracking":false,"footnotes":""},"categories":[25,1,9,137,16],"tags":[192],"class_list":["post-263726","post","type-post","status-publish","format-standard","has-post-thumbnail","hentry","category-destaques-site","category-geral","category-municipios","category-policia","category-todas","tag-destaqueprincipal"],"acf":[],"yoast_head":"<!-- This site is optimized with the Yoast SEO Premium plugin v19.2 (Yoast SEO v26.9) - https:\/\/yoast.com\/product\/yoast-seo-premium-wordpress\/ -->\n<title>Fugitivo do sistema prisional \u00e9 capturado na zona rural de Santana do Piau\u00ed - Portal Not\u00edcia em Pauta<\/title>\n<meta name=\"robots\" content=\"index, follow, max-snippet:-1, max-image-preview:large, max-video-preview:-1\" \/>\n<link rel=\"canonical\" href=\"https:\/\/noticiaempauta.com\/portal\/fugitivo-do-sistema-prisional-e-capturado-na-zona-rural-de-santana-do-piaui\/\" \/>\n<meta property=\"og:locale\" content=\"pt_BR\" \/>\n<meta property=\"og:type\" content=\"article\" \/>\n<meta property=\"og:title\" content=\"Fugitivo do sistema prisional \u00e9 capturado na zona rural de Santana do Piau\u00ed\" \/>\n<meta property=\"og:description\" content=\"No in\u00edcio da tarde deste domingo (03) um homem identificado pelas iniciais L.D.S.S. foi preso no munic\u00edpio de Santana do Piau\u00ed. O indiv\u00edduo possu\u00eda em seu desfavor um mandado de pris\u00e3o judicial pendente, al\u00e9m de ser foragido do sistema prisional do Piau\u00ed. Segundo informa\u00e7\u00f5es do Grupamento de Pol\u00edcia Militar de Santana do Piau\u00ed, o indiv\u00edduo [&hellip;]\" \/>\n<meta property=\"og:url\" content=\"https:\/\/noticiaempauta.com\/portal\/fugitivo-do-sistema-prisional-e-capturado-na-zona-rural-de-santana-do-piaui\/\" \/>\n<meta property=\"og:site_name\" content=\"Portal Not\u00edcia em Pauta\" \/>\n<meta property=\"article:publisher\" content=\"https:\/\/www.facebook.com\/Portal-Notcia-Em-Pauta-102292869264820\/\" \/>\n<meta property=\"article:published_time\" content=\"2024-11-04T12:30:56+00:00\" \/>\n<meta property=\"article:modified_time\" content=\"2024-11-04T12:30:57+00:00\" \/>\n<meta property=\"og:image\" content=\"https:\/\/noticiaempauta.com\/portal\/wp-content\/uploads\/2024\/11\/090e2b28422814fa640c51bb474ec937.jpg\" \/>\n\t<meta property=\"og:image:width\" content=\"790\" \/>\n\t<meta property=\"og:image:height\" content=\"534\" \/>\n\t<meta property=\"og:image:type\" content=\"image\/jpeg\" \/>\n<meta name=\"author\" content=\"Reda\u00e7\u00e3o\" \/>\n<meta name=\"twitter:card\" content=\"summary_large_image\" \/>\n<meta name=\"twitter:label1\" content=\"Escrito por\" \/>\n\t<meta name=\"twitter:data1\" content=\"Reda\u00e7\u00e3o\" \/>\n\t<meta name=\"twitter:label2\" content=\"Est. tempo de leitura\" \/>\n\t<meta name=\"twitter:data2\" content=\"2 minutos\" \/>\n<script type=\"application\/ld+json\" class=\"yoast-schema-graph\">{\"@context\":\"https:\/\/schema.org\",\"@graph\":[{\"@type\":\"Article\",\"@id\":\"https:\/\/noticiaempauta.com\/portal\/fugitivo-do-sistema-prisional-e-capturado-na-zona-rural-de-santana-do-piaui\/#article\",\"isPartOf\":{\"@id\":\"https:\/\/noticiaempauta.com\/portal\/fugitivo-do-sistema-prisional-e-capturado-na-zona-rural-de-santana-do-piaui\/\"},\"author\":{\"name\":\"Reda\u00e7\u00e3o\",\"@id\":\"https:\/\/noticiaempauta.com\/portal\/#\/schema\/person\/a74af43dd1ab3deca45f988c717d57ac\"},\"headline\":\"Fugitivo do sistema prisional \u00e9 capturado na zona rural de Santana do Piau\u00ed\",\"datePublished\":\"2024-11-04T12:30:56+00:00\",\"dateModified\":\"2024-11-04T12:30:57+00:00\",\"mainEntityOfPage\":{\"@id\":\"https:\/\/noticiaempauta.com\/portal\/fugitivo-do-sistema-prisional-e-capturado-na-zona-rural-de-santana-do-piaui\/\"},\"wordCount\":152,\"commentCount\":0,\"publisher\":{\"@id\":\"https:\/\/noticiaempauta.com\/portal\/#organization\"},\"image\":{\"@id\":\"https:\/\/noticiaempauta.com\/portal\/fugitivo-do-sistema-prisional-e-capturado-na-zona-rural-de-santana-do-piaui\/#primaryimage\"},\"thumbnailUrl\":\"https:\/\/noticiaempauta.com\/portal\/wp-content\/uploads\/2024\/11\/090e2b28422814fa640c51bb474ec937.jpg\",\"keywords\":[\"destaqueprincipal\"],\"articleSection\":[\"Destaques\",\"Geral\",\"Munic\u00edpios\",\"Pol\u00edcia\",\"Todas as Not\u00edcias\"],\"inLanguage\":\"pt-BR\",\"potentialAction\":[{\"@type\":\"CommentAction\",\"name\":\"Comment\",\"target\":[\"https:\/\/noticiaempauta.com\/portal\/fugitivo-do-sistema-prisional-e-capturado-na-zona-rural-de-santana-do-piaui\/#respond\"]}]},{\"@type\":\"WebPage\",\"@id\":\"https:\/\/noticiaempauta.com\/portal\/fugitivo-do-sistema-prisional-e-capturado-na-zona-rural-de-santana-do-piaui\/\",\"url\":\"https:\/\/noticiaempauta.com\/portal\/fugitivo-do-sistema-prisional-e-capturado-na-zona-rural-de-santana-do-piaui\/\",\"name\":\"Fugitivo do sistema prisional \u00e9 capturado na zona rural de Santana do Piau\u00ed - Portal Not\u00edcia em Pauta\",\"isPartOf\":{\"@id\":\"https:\/\/noticiaempauta.com\/portal\/#website\"},\"primaryImageOfPage\":{\"@id\":\"https:\/\/noticiaempauta.com\/portal\/fugitivo-do-sistema-prisional-e-capturado-na-zona-rural-de-santana-do-piaui\/#primaryimage\"},\"image\":{\"@id\":\"https:\/\/noticiaempauta.com\/portal\/fugitivo-do-sistema-prisional-e-capturado-na-zona-rural-de-santana-do-piaui\/#primaryimage\"},\"thumbnailUrl\":\"https:\/\/noticiaempauta.com\/portal\/wp-content\/uploads\/2024\/11\/090e2b28422814fa640c51bb474ec937.jpg\",\"datePublished\":\"2024-11-04T12:30:56+00:00\",\"dateModified\":\"2024-11-04T12:30:57+00:00\",\"breadcrumb\":{\"@id\":\"https:\/\/noticiaempauta.com\/portal\/fugitivo-do-sistema-prisional-e-capturado-na-zona-rural-de-santana-do-piaui\/#breadcrumb\"},\"inLanguage\":\"pt-BR\",\"potentialAction\":[{\"@type\":\"ReadAction\",\"target\":[\"https:\/\/noticiaempauta.com\/portal\/fugitivo-do-sistema-prisional-e-capturado-na-zona-rural-de-santana-do-piaui\/\"]}]},{\"@type\":\"ImageObject\",\"inLanguage\":\"pt-BR\",\"@id\":\"https:\/\/noticiaempauta.com\/portal\/fugitivo-do-sistema-prisional-e-capturado-na-zona-rural-de-santana-do-piaui\/#primaryimage\",\"url\":\"https:\/\/noticiaempauta.com\/portal\/wp-content\/uploads\/2024\/11\/090e2b28422814fa640c51bb474ec937.jpg\",\"contentUrl\":\"https:\/\/noticiaempauta.com\/portal\/wp-content\/uploads\/2024\/11\/090e2b28422814fa640c51bb474ec937.jpg\",\"width\":790,\"height\":534},{\"@type\":\"BreadcrumbList\",\"@id\":\"https:\/\/noticiaempauta.com\/portal\/fugitivo-do-sistema-prisional-e-capturado-na-zona-rural-de-santana-do-piaui\/#breadcrumb\",\"itemListElement\":[{\"@type\":\"ListItem\",\"position\":1,\"name\":\"P\u00e1gina Inicial\",\"item\":\"https:\/\/noticiaempauta.com\/portal\/\"},{\"@type\":\"ListItem\",\"position\":2,\"name\":\"Destaques\",\"item\":\"https:\/\/noticiaempauta.com\/portal\/destaques-site\/\"},{\"@type\":\"ListItem\",\"position\":3,\"name\":\"Fugitivo do sistema prisional \u00e9 capturado na zona rural de Santana do Piau\u00ed\"}]},{\"@type\":\"WebSite\",\"@id\":\"https:\/\/noticiaempauta.com\/portal\/#website\",\"url\":\"https:\/\/noticiaempauta.com\/portal\/\",\"name\":\"Portal Not\u00edcia em Pauta\",\"description\":\"Voc\u00ea bem informado\",\"publisher\":{\"@id\":\"https:\/\/noticiaempauta.com\/portal\/#organization\"},\"potentialAction\":[{\"@type\":\"SearchAction\",\"target\":{\"@type\":\"EntryPoint\",\"urlTemplate\":\"https:\/\/noticiaempauta.com\/portal\/?s={search_term_string}\"},\"query-input\":{\"@type\":\"PropertyValueSpecification\",\"valueRequired\":true,\"valueName\":\"search_term_string\"}}],\"inLanguage\":\"pt-BR\"},{\"@type\":\"Organization\",\"@id\":\"https:\/\/noticiaempauta.com\/portal\/#organization\",\"name\":\"Portal Not\u00edcia em Pauta\",\"url\":\"https:\/\/noticiaempauta.com\/portal\/\",\"logo\":{\"@type\":\"ImageObject\",\"inLanguage\":\"pt-BR\",\"@id\":\"https:\/\/noticiaempauta.com\/portal\/#\/schema\/logo\/image\/\",\"url\":\"https:\/\/noticiaempauta.com\/portal\/wp-content\/uploads\/2022\/08\/logomarca_tema.fw_.png\",\"contentUrl\":\"https:\/\/noticiaempauta.com\/portal\/wp-content\/uploads\/2022\/08\/logomarca_tema.fw_.png\",\"width\":400,\"height\":232,\"caption\":\"Portal Not\u00edcia em Pauta\"},\"image\":{\"@id\":\"https:\/\/noticiaempauta.com\/portal\/#\/schema\/logo\/image\/\"},\"sameAs\":[\"https:\/\/www.facebook.com\/Portal-Notcia-Em-Pauta-102292869264820\/\",\"https:\/\/www.instagram.com\/portalnoticiaempauta\/\"]},{\"@type\":\"Person\",\"@id\":\"https:\/\/noticiaempauta.com\/portal\/#\/schema\/person\/a74af43dd1ab3deca45f988c717d57ac\",\"name\":\"Reda\u00e7\u00e3o\",\"image\":{\"@type\":\"ImageObject\",\"inLanguage\":\"pt-BR\",\"@id\":\"https:\/\/noticiaempauta.com\/portal\/#\/schema\/person\/image\/\",\"url\":\"https:\/\/secure.gravatar.com\/avatar\/03179346ecce6cdfc13361603e8f54242a90e5cde8618fa23c5c00aa2b0aadf3?s=96&d=mm&r=g\",\"contentUrl\":\"https:\/\/secure.gravatar.com\/avatar\/03179346ecce6cdfc13361603e8f54242a90e5cde8618fa23c5c00aa2b0aadf3?s=96&d=mm&r=g\",\"caption\":\"Reda\u00e7\u00e3o\"},\"sameAs\":[\"https:\/\/noticiaempauta.com\/portal\/\"],\"url\":\"https:\/\/noticiaempauta.com\/portal\/author\/fernando\/\"}]}<\/script>\n<!-- \/ Yoast SEO Premium plugin. -->","yoast_head_json":{"title":"Fugitivo do sistema prisional \u00e9 capturado na zona rural de Santana do Piau\u00ed - Portal Not\u00edcia em Pauta","robots":{"index":"index","follow":"follow","max-snippet":"max-snippet:-1","max-image-preview":"max-image-preview:large","max-video-preview":"max-video-preview:-1"},"canonical":"https:\/\/noticiaempauta.com\/portal\/fugitivo-do-sistema-prisional-e-capturado-na-zona-rural-de-santana-do-piaui\/","og_locale":"pt_BR","og_type":"article","og_title":"Fugitivo do sistema prisional \u00e9 capturado na zona rural de Santana do Piau\u00ed","og_description":"No in\u00edcio da tarde deste domingo (03) um homem identificado pelas iniciais L.D.S.S. foi preso no munic\u00edpio de Santana do Piau\u00ed. O indiv\u00edduo possu\u00eda em seu desfavor um mandado de pris\u00e3o judicial pendente, al\u00e9m de ser foragido do sistema prisional do Piau\u00ed. Segundo informa\u00e7\u00f5es do Grupamento de Pol\u00edcia Militar de Santana do Piau\u00ed, o indiv\u00edduo [&hellip;]","og_url":"https:\/\/noticiaempauta.com\/portal\/fugitivo-do-sistema-prisional-e-capturado-na-zona-rural-de-santana-do-piaui\/","og_site_name":"Portal Not\u00edcia em Pauta","article_publisher":"https:\/\/www.facebook.com\/Portal-Notcia-Em-Pauta-102292869264820\/","article_published_time":"2024-11-04T12:30:56+00:00","article_modified_time":"2024-11-04T12:30:57+00:00","og_image":[{"width":790,"height":534,"url":"https:\/\/noticiaempauta.com\/portal\/wp-content\/uploads\/2024\/11\/090e2b28422814fa640c51bb474ec937.jpg","type":"image\/jpeg"}],"author":"Reda\u00e7\u00e3o","twitter_card":"summary_large_image","twitter_misc":{"Escrito por":"Reda\u00e7\u00e3o","Est. tempo de leitura":"2 minutos"},"schema":{"@context":"https:\/\/schema.org","@graph":[{"@type":"Article","@id":"https:\/\/noticiaempauta.com\/portal\/fugitivo-do-sistema-prisional-e-capturado-na-zona-rural-de-santana-do-piaui\/#article","isPartOf":{"@id":"https:\/\/noticiaempauta.com\/portal\/fugitivo-do-sistema-prisional-e-capturado-na-zona-rural-de-santana-do-piaui\/"},"author":{"name":"Reda\u00e7\u00e3o","@id":"https:\/\/noticiaempauta.com\/portal\/#\/schema\/person\/a74af43dd1ab3deca45f988c717d57ac"},"headline":"Fugitivo do sistema prisional \u00e9 capturado na zona rural de Santana do Piau\u00ed","datePublished":"2024-11-04T12:30:56+00:00","dateModified":"2024-11-04T12:30:57+00:00","mainEntityOfPage":{"@id":"https:\/\/noticiaempauta.com\/portal\/fugitivo-do-sistema-prisional-e-capturado-na-zona-rural-de-santana-do-piaui\/"},"wordCount":152,"commentCount":0,"publisher":{"@id":"https:\/\/noticiaempauta.com\/portal\/#organization"},"image":{"@id":"https:\/\/noticiaempauta.com\/portal\/fugitivo-do-sistema-prisional-e-capturado-na-zona-rural-de-santana-do-piaui\/#primaryimage"},"thumbnailUrl":"https:\/\/noticiaempauta.com\/portal\/wp-content\/uploads\/2024\/11\/090e2b28422814fa640c51bb474ec937.jpg","keywords":["destaqueprincipal"],"articleSection":["Destaques","Geral","Munic\u00edpios","Pol\u00edcia","Todas as Not\u00edcias"],"inLanguage":"pt-BR","potentialAction":[{"@type":"CommentAction","name":"Comment","target":["https:\/\/noticiaempauta.com\/portal\/fugitivo-do-sistema-prisional-e-capturado-na-zona-rural-de-santana-do-piaui\/#respond"]}]},{"@type":"WebPage","@id":"https:\/\/noticiaempauta.com\/portal\/fugitivo-do-sistema-prisional-e-capturado-na-zona-rural-de-santana-do-piaui\/","url":"https:\/\/noticiaempauta.com\/portal\/fugitivo-do-sistema-prisional-e-capturado-na-zona-rural-de-santana-do-piaui\/","name":"Fugitivo do sistema prisional \u00e9 capturado na zona rural de Santana do Piau\u00ed - Portal Not\u00edcia em Pauta","isPartOf":{"@id":"https:\/\/noticiaempauta.com\/portal\/#website"},"primaryImageOfPage":{"@id":"https:\/\/noticiaempauta.com\/portal\/fugitivo-do-sistema-prisional-e-capturado-na-zona-rural-de-santana-do-piaui\/#primaryimage"},"image":{"@id":"https:\/\/noticiaempauta.com\/portal\/fugitivo-do-sistema-prisional-e-capturado-na-zona-rural-de-santana-do-piaui\/#primaryimage"},"thumbnailUrl":"https:\/\/noticiaempauta.com\/portal\/wp-content\/uploads\/2024\/11\/090e2b28422814fa640c51bb474ec937.jpg","datePublished":"2024-11-04T12:30:56+00:00","dateModified":"2024-11-04T12:30:57+00:00","breadcrumb":{"@id":"https:\/\/noticiaempauta.com\/portal\/fugitivo-do-sistema-prisional-e-capturado-na-zona-rural-de-santana-do-piaui\/#breadcrumb"},"inLanguage":"pt-BR","potentialAction":[{"@type":"ReadAction","target":["https:\/\/noticiaempauta.com\/portal\/fugitivo-do-sistema-prisional-e-capturado-na-zona-rural-de-santana-do-piaui\/"]}]},{"@type":"ImageObject","inLanguage":"pt-BR","@id":"https:\/\/noticiaempauta.com\/portal\/fugitivo-do-sistema-prisional-e-capturado-na-zona-rural-de-santana-do-piaui\/#primaryimage","url":"https:\/\/noticiaempauta.com\/portal\/wp-content\/uploads\/2024\/11\/090e2b28422814fa640c51bb474ec937.jpg","contentUrl":"https:\/\/noticiaempauta.com\/portal\/wp-content\/uploads\/2024\/11\/090e2b28422814fa640c51bb474ec937.jpg","width":790,"height":534},{"@type":"BreadcrumbList","@id":"https:\/\/noticiaempauta.com\/portal\/fugitivo-do-sistema-prisional-e-capturado-na-zona-rural-de-santana-do-piaui\/#breadcrumb","itemListElement":[{"@type":"ListItem","position":1,"name":"P\u00e1gina Inicial","item":"https:\/\/noticiaempauta.com\/portal\/"},{"@type":"ListItem","position":2,"name":"Destaques","item":"https:\/\/noticiaempauta.com\/portal\/destaques-site\/"},{"@type":"ListItem","position":3,"name":"Fugitivo do sistema prisional \u00e9 capturado na zona rural de Santana do Piau\u00ed"}]},{"@type":"WebSite","@id":"https:\/\/noticiaempauta.com\/portal\/#website","url":"https:\/\/noticiaempauta.com\/portal\/","name":"Portal Not\u00edcia em Pauta","description":"Voc\u00ea bem informado","publisher":{"@id":"https:\/\/noticiaempauta.com\/portal\/#organization"},"potentialAction":[{"@type":"SearchAction","target":{"@type":"EntryPoint","urlTemplate":"https:\/\/noticiaempauta.com\/portal\/?s={search_term_string}"},"query-input":{"@type":"PropertyValueSpecification","valueRequired":true,"valueName":"search_term_string"}}],"inLanguage":"pt-BR"},{"@type":"Organization","@id":"https:\/\/noticiaempauta.com\/portal\/#organization","name":"Portal Not\u00edcia em Pauta","url":"https:\/\/noticiaempauta.com\/portal\/","logo":{"@type":"ImageObject","inLanguage":"pt-BR","@id":"https:\/\/noticiaempauta.com\/portal\/#\/schema\/logo\/image\/","url":"https:\/\/noticiaempauta.com\/portal\/wp-content\/uploads\/2022\/08\/logomarca_tema.fw_.png","contentUrl":"https:\/\/noticiaempauta.com\/portal\/wp-content\/uploads\/2022\/08\/logomarca_tema.fw_.png","width":400,"height":232,"caption":"Portal Not\u00edcia em Pauta"},"image":{"@id":"https:\/\/noticiaempauta.com\/portal\/#\/schema\/logo\/image\/"},"sameAs":["https:\/\/www.facebook.com\/Portal-Notcia-Em-Pauta-102292869264820\/","https:\/\/www.instagram.com\/portalnoticiaempauta\/"]},{"@type":"Person","@id":"https:\/\/noticiaempauta.com\/portal\/#\/schema\/person\/a74af43dd1ab3deca45f988c717d57ac","name":"Reda\u00e7\u00e3o","image":{"@type":"ImageObject","inLanguage":"pt-BR","@id":"https:\/\/noticiaempauta.com\/portal\/#\/schema\/person\/image\/","url":"https:\/\/secure.gravatar.com\/avatar\/03179346ecce6cdfc13361603e8f54242a90e5cde8618fa23c5c00aa2b0aadf3?s=96&d=mm&r=g","contentUrl":"https:\/\/secure.gravatar.com\/avatar\/03179346ecce6cdfc13361603e8f54242a90e5cde8618fa23c5c00aa2b0aadf3?s=96&d=mm&r=g","caption":"Reda\u00e7\u00e3o"},"sameAs":["https:\/\/noticiaempauta.com\/portal\/"],"url":"https:\/\/noticiaempauta.com\/portal\/author\/fernando\/"}]}},"_links":{"self":[{"href":"https:\/\/noticiaempauta.com\/portal\/wp-json\/wp\/v2\/posts\/263726","targetHints":{"allow":["GET"]}}],"collection":[{"href":"https:\/\/noticiaempauta.com\/portal\/wp-json\/wp\/v2\/posts"}],"about":[{"href":"https:\/\/noticiaempauta.com\/portal\/wp-json\/wp\/v2\/types\/post"}],"author":[{"embeddable":true,"href":"https:\/\/noticiaempauta.com\/portal\/wp-json\/wp\/v2\/users\/2"}],"replies":[{"embeddable":true,"href":"https:\/\/noticiaempauta.com\/portal\/wp-json\/wp\/v2\/comments?post=263726"}],"version-history":[{"count":2,"href":"https:\/\/noticiaempauta.com\/portal\/wp-json\/wp\/v2\/posts\/263726\/revisions"}],"predecessor-version":[{"id":263729,"href":"https:\/\/noticiaempauta.com\/portal\/wp-json\/wp\/v2\/posts\/263726\/revisions\/263729"}],"wp:featuredmedia":[{"embeddable":true,"href":"https:\/\/noticiaempauta.com\/portal\/wp-json\/wp\/v2\/media\/263727"}],"wp:attachment":[{"href":"https:\/\/noticiaempauta.com\/portal\/wp-json\/wp\/v2\/media?parent=263726"}],"wp:term":[{"taxonomy":"category","embeddable":true,"href":"https:\/\/noticiaempauta.com\/portal\/wp-json\/wp\/v2\/categories?post=263726"},{"taxonomy":"post_tag","embeddable":true,"href":"https:\/\/noticiaempauta.com\/portal\/wp-json\/wp\/v2\/tags?post=263726"}],"curies":[{"name":"wp","href":"https:\/\/api.w.org\/{rel}","templated":true}]}}