{"id":263730,"date":"2024-11-04T09:45:57","date_gmt":"2024-11-04T12:45:57","guid":{"rendered":"https:\/\/noticiaempauta.com\/portal\/?p=263730"},"modified":"2024-11-04T09:45:58","modified_gmt":"2024-11-04T12:45:58","slug":"estudantes-de-itainopolis-conquistam-premio-nacional-em-feira-de-iniciacao-cientifica","status":"publish","type":"post","link":"https:\/\/noticiaempauta.com\/portal\/estudantes-de-itainopolis-conquistam-premio-nacional-em-feira-de-iniciacao-cientifica\/","title":{"rendered":"Estudantes de Itain\u00f3polis conquistam pr\u00eamio nacional em feira de inicia\u00e7\u00e3o cient\u00edfica"},"content":{"rendered":"\n<p>A pesquisa desenvolvida por estudantes do Centro Estadual de Tempo Integral (Ceti) \u00c1lvaro Rodrigues, em Itain\u00f3polis, foi premiada em 3\u00ba lugar geral na Categoria D na 12\u00aa Feira Brasileira de Trabalhos de Inicia\u00e7\u00e3o Cient\u00edfica na Educa\u00e7\u00e3o B\u00e1sica e T\u00e9cnica 2024. O evento foi organizado pela Universidade Federal de Minas Gerais (UFMG), no formato on-line, entre os dias 29 e 31 de outubro.<\/p>\n\n\n\n<figure class=\"wp-block-image size-full\"><img fetchpriority=\"high\" decoding=\"async\" width=\"1000\" height=\"666\" src=\"https:\/\/noticiaempauta.com\/portal\/wp-content\/uploads\/2024\/11\/large_image_b02178919d.png\" alt=\"\" class=\"wp-image-263733\" srcset=\"https:\/\/noticiaempauta.com\/portal\/wp-content\/uploads\/2024\/11\/large_image_b02178919d.png 1000w, https:\/\/noticiaempauta.com\/portal\/wp-content\/uploads\/2024\/11\/large_image_b02178919d-300x200.png 300w, https:\/\/noticiaempauta.com\/portal\/wp-content\/uploads\/2024\/11\/large_image_b02178919d-768x511.png 768w\" sizes=\"(max-width: 1000px) 100vw, 1000px\" \/><\/figure>\n\n\n\n<p>O trabalho \u201cAtividade pr\u00e1tica sobre fermenta\u00e7\u00e3o: uso de biodigestores em aulas de biologia para estudo do metabolismo de leveduras\u201d foi premiado na \u00e1rea de Ci\u00eancias Biol\u00f3gicas no eixo Ensino M\u00e9dio e\/ou T\u00e9cnico. A pesquisa foi desenvolvida pelos estudantes no \u00e2mbito do Programa de Bolsas de Inicia\u00e7\u00e3o Cient\u00edfica J\u00fanior \u2013 Pibic-Jr \u2013 Fapepi\/Seduc-PI \u201cSeduc Tec\u201c.<\/p>\n\n\n\n<p>O estudo investiga o uso de biodigestores, equipamento que produz biog\u00e1s e biofertilizante l\u00edquido a partir dos processos&nbsp; biol\u00f3gicos e qu\u00edmicos da decomposi\u00e7\u00e3o de res\u00edduos org\u00e2nicos, e tem como um dos objetivos a conscientiza\u00e7\u00e3o dos estudantes sobre quest\u00f5es ambientais e energ\u00e9ticas, incentivando&nbsp; a ado\u00e7\u00e3o de pr\u00e1ticas sustent\u00e1veis.&nbsp;Os estudantes utilizam materiais como restos de comida, talos e casca de verduras e frutas.&nbsp;<\/p>\n\n\n\n<p>Segundo o professor-coordenador do Pibic, Francisco Costa, os estudantes realizaram todos os passos que uma pesquisa cient\u00edfica requer, desde coletas de dados in loco (escola) at\u00e9 as avalia\u00e7\u00f5es. \u201cCom a constru\u00e7\u00e3o de um biodigestor, nossos alunos buscam observar e estudar a dura\u00e7\u00e3o da mat\u00e9ria org\u00e2nica, a produ\u00e7\u00e3o de biocombust\u00edveis e biofertilizantes, experimentos com fermento biol\u00f3gico. Essa viv\u00eancia com o m\u00e9todo cient\u00edfico aproxima os estudantes da pr\u00e1tica acad\u00eamica e permite que eles compreendam como a ci\u00eancia \u00e9 feita e qual o impacto das pesquisas na sociedade\u201d, explicou o professor.<\/p>\n\n\n\n<figure class=\"wp-block-image size-full\"><img decoding=\"async\" width=\"1000\" height=\"666\" src=\"https:\/\/noticiaempauta.com\/portal\/wp-content\/uploads\/2024\/11\/large_image_fd13c3f4c8.png\" alt=\"\" class=\"wp-image-263732\" srcset=\"https:\/\/noticiaempauta.com\/portal\/wp-content\/uploads\/2024\/11\/large_image_fd13c3f4c8.png 1000w, https:\/\/noticiaempauta.com\/portal\/wp-content\/uploads\/2024\/11\/large_image_fd13c3f4c8-300x200.png 300w, https:\/\/noticiaempauta.com\/portal\/wp-content\/uploads\/2024\/11\/large_image_fd13c3f4c8-768x511.png 768w\" sizes=\"(max-width: 1000px) 100vw, 1000px\" \/><\/figure>\n\n\n\n<p>Participaram do projeto os estudantes bolsistas da 1\u00aa e 2\u00aa s\u00e9rie do Ensino M\u00e9dio: Ana Julia Santos, Eduardo Jos\u00e9 Rocha, Iury Francisco da Silva e Luis Felipe Araujo; alunos volunt\u00e1rios: Anileany Moura, Beatriz Sousa e Davi Santos, com orienta\u00e7\u00e3o do professor coordenador do Pibic: Francisco Costa; e dos professores auxiliares: Paulo Victor Lima (Matem\u00e1tica) e Ruthe Oliveira (Biologia).<\/p>\n\n\n\n<p>Eduardo Jos\u00e9 e Iury da Silva s\u00e3o estudantes bolsistas do Pibic J\u00fanior. Eles destacaram a import\u00e2ncia de se desenvolverem na \u00e1rea da pesquisa. \u201cNunca imaginei que ainda no Ensino M\u00e9dio teria a chance de fazer pesquisas cient\u00edficas e me aprofundar em temas que sempre tive curiosidade.&nbsp;No programa estou desenvolvendo habilidades que v\u00e3o ser \u00fateis em toda a minha vida, como pensar de forma cr\u00edtica, ser mais curioso e trabalhar em equipe\u201d, complementou Iury da Silva.<\/p>\n\n\n\n<figure class=\"wp-block-image size-full\"><img decoding=\"async\" width=\"1000\" height=\"666\" src=\"https:\/\/noticiaempauta.com\/portal\/wp-content\/uploads\/2024\/11\/large_image_24cfb05147.png\" alt=\"\" class=\"wp-image-263731\" srcset=\"https:\/\/noticiaempauta.com\/portal\/wp-content\/uploads\/2024\/11\/large_image_24cfb05147.png 1000w, https:\/\/noticiaempauta.com\/portal\/wp-content\/uploads\/2024\/11\/large_image_24cfb05147-300x200.png 300w, https:\/\/noticiaempauta.com\/portal\/wp-content\/uploads\/2024\/11\/large_image_24cfb05147-768x511.png 768w\" sizes=\"(max-width: 1000px) 100vw, 1000px\" \/><\/figure>\n\n\n\n<p>Por meio de v\u00eddeos gravados, sess\u00f5es ao vivo (apresenta\u00e7\u00e3o \u00fanica) e intera\u00e7\u00f5es atrav\u00e9s de f\u00f3runs de discuss\u00e3o, a Comiss\u00e3o Avaliadora observou crit\u00e9rios como criatividade e inova\u00e7\u00e3o, oralidade dos estudantes apresentadores, dom\u00ednio do conte\u00fado na 12\u00aa Febrat.<\/p>\n\n\n\n<p><strong>Inicia\u00e7\u00e3o cient\u00edfica pelo Pibic-Jr<\/strong><\/p>\n\n\n\n<p>O desempenho premiado na feira veio destacar o acesso de estudantes do Ensino M\u00e9dio \u00e0 inicia\u00e7\u00e3o cient\u00edfica pelo Programa de Bolsas de Inicia\u00e7\u00e3o Cient\u00edfica J\u00fanior (Pibic-Jr). O estudo est\u00e1 entre os 125 projetos cient\u00edficos de escolas selecionados no programa, que \u00e9 uma parceria entre a Secretaria de Estado da Educa\u00e7\u00e3o do Piau\u00ed (Seduc-PI) e a Funda\u00e7\u00e3o de Amparo \u00e0 Pesquisa do Estado do Piau\u00ed (Fapepi) para despertar a voca\u00e7\u00e3o cient\u00edfica entre estudantes dos cursos t\u00e9cnicos de n\u00edvel m\u00e9dio ofertados no \u00e2mbito do programa \u201cSeduc Tec\u201d.<\/p>\n\n\n\n<p>\u201cA oportunidade oferecida pela Seduc para a participa\u00e7\u00e3o no programa \u00e9 um diferencial que contribui diretamente para a forma\u00e7\u00e3o de futuros cientistas, pesquisadores e profissionais inovadores. Esse apoio proporciona aos alunos uma experi\u00eancia \u00fanica de crescimento acad\u00eamico e pessoal, abrindo portas para que possam construir uma trajet\u00f3ria s\u00f3lida no campo do conhecimento cient\u00edfico e da inova\u00e7\u00e3o\u201d, avalia o professor do Ceti, Francisco Costa<\/p>\n\n\n\n<p>O secret\u00e1rio de Estado da Educa\u00e7\u00e3o, Washington Bandeira, destaca que o programa \u00e9 mais uma oportunidade para os estudantes na \u00e1rea cient\u00edfica. \u201cA pesquisa cient\u00edfica \u00e9 mais um campo para que os estudantes Seduc desenvolvam suas habilidades e criem inova\u00e7\u00f5es que impactam as suas realidades\u201d, finalizou o gestor.<\/p>\n\n\n\n<p>CCOM-PI<\/p>\n","protected":false},"excerpt":{"rendered":"<p>O estudo investiga o uso de biodigestores no \u00e2mbito do Programa Pibic-Jr.<\/p>\n","protected":false},"author":2,"featured_media":263734,"comment_status":"open","ping_status":"open","sticky":false,"template":"","format":"standard","meta":{"_mi_skip_tracking":false,"footnotes":""},"categories":[25,1,9,16],"tags":[192],"class_list":["post-263730","post","type-post","status-publish","format-standard","has-post-thumbnail","hentry","category-destaques-site","category-geral","category-municipios","category-todas","tag-destaqueprincipal"],"acf":[],"yoast_head":"<!-- This site is optimized with the Yoast SEO Premium plugin v19.2 (Yoast SEO v26.9) - https:\/\/yoast.com\/product\/yoast-seo-premium-wordpress\/ -->\n<title>Estudantes de Itain\u00f3polis conquistam pr\u00eamio nacional em feira de inicia\u00e7\u00e3o cient\u00edfica - Portal Not\u00edcia em Pauta<\/title>\n<meta name=\"robots\" content=\"index, follow, max-snippet:-1, max-image-preview:large, max-video-preview:-1\" \/>\n<link rel=\"canonical\" href=\"https:\/\/noticiaempauta.com\/portal\/estudantes-de-itainopolis-conquistam-premio-nacional-em-feira-de-iniciacao-cientifica\/\" \/>\n<meta property=\"og:locale\" content=\"pt_BR\" \/>\n<meta property=\"og:type\" content=\"article\" \/>\n<meta property=\"og:title\" content=\"Estudantes de Itain\u00f3polis conquistam pr\u00eamio nacional em feira de inicia\u00e7\u00e3o cient\u00edfica\" \/>\n<meta property=\"og:description\" content=\"O estudo investiga o uso de biodigestores no \u00e2mbito do Programa Pibic-Jr.\" \/>\n<meta property=\"og:url\" content=\"https:\/\/noticiaempauta.com\/portal\/estudantes-de-itainopolis-conquistam-premio-nacional-em-feira-de-iniciacao-cientifica\/\" \/>\n<meta property=\"og:site_name\" content=\"Portal Not\u00edcia em Pauta\" \/>\n<meta property=\"article:publisher\" content=\"https:\/\/www.facebook.com\/Portal-Notcia-Em-Pauta-102292869264820\/\" \/>\n<meta property=\"article:published_time\" content=\"2024-11-04T12:45:57+00:00\" \/>\n<meta property=\"article:modified_time\" content=\"2024-11-04T12:45:58+00:00\" \/>\n<meta property=\"og:image\" content=\"https:\/\/noticiaempauta.com\/portal\/wp-content\/uploads\/2024\/11\/hg.png\" \/>\n\t<meta property=\"og:image:width\" content=\"1000\" \/>\n\t<meta property=\"og:image:height\" content=\"608\" \/>\n\t<meta property=\"og:image:type\" content=\"image\/png\" \/>\n<meta name=\"author\" content=\"Reda\u00e7\u00e3o\" \/>\n<meta name=\"twitter:card\" content=\"summary_large_image\" \/>\n<meta name=\"twitter:label1\" content=\"Escrito por\" \/>\n\t<meta name=\"twitter:data1\" content=\"Reda\u00e7\u00e3o\" \/>\n\t<meta name=\"twitter:label2\" content=\"Est. tempo de leitura\" \/>\n\t<meta name=\"twitter:data2\" content=\"5 minutos\" \/>\n<script type=\"application\/ld+json\" class=\"yoast-schema-graph\">{\"@context\":\"https:\/\/schema.org\",\"@graph\":[{\"@type\":\"Article\",\"@id\":\"https:\/\/noticiaempauta.com\/portal\/estudantes-de-itainopolis-conquistam-premio-nacional-em-feira-de-iniciacao-cientifica\/#article\",\"isPartOf\":{\"@id\":\"https:\/\/noticiaempauta.com\/portal\/estudantes-de-itainopolis-conquistam-premio-nacional-em-feira-de-iniciacao-cientifica\/\"},\"author\":{\"name\":\"Reda\u00e7\u00e3o\",\"@id\":\"https:\/\/noticiaempauta.com\/portal\/#\/schema\/person\/a74af43dd1ab3deca45f988c717d57ac\"},\"headline\":\"Estudantes de Itain\u00f3polis conquistam pr\u00eamio nacional em feira de inicia\u00e7\u00e3o cient\u00edfica\",\"datePublished\":\"2024-11-04T12:45:57+00:00\",\"dateModified\":\"2024-11-04T12:45:58+00:00\",\"mainEntityOfPage\":{\"@id\":\"https:\/\/noticiaempauta.com\/portal\/estudantes-de-itainopolis-conquistam-premio-nacional-em-feira-de-iniciacao-cientifica\/\"},\"wordCount\":737,\"commentCount\":0,\"publisher\":{\"@id\":\"https:\/\/noticiaempauta.com\/portal\/#organization\"},\"image\":{\"@id\":\"https:\/\/noticiaempauta.com\/portal\/estudantes-de-itainopolis-conquistam-premio-nacional-em-feira-de-iniciacao-cientifica\/#primaryimage\"},\"thumbnailUrl\":\"https:\/\/noticiaempauta.com\/portal\/wp-content\/uploads\/2024\/11\/hg.png\",\"keywords\":[\"destaqueprincipal\"],\"articleSection\":[\"Destaques\",\"Geral\",\"Munic\u00edpios\",\"Todas as Not\u00edcias\"],\"inLanguage\":\"pt-BR\",\"potentialAction\":[{\"@type\":\"CommentAction\",\"name\":\"Comment\",\"target\":[\"https:\/\/noticiaempauta.com\/portal\/estudantes-de-itainopolis-conquistam-premio-nacional-em-feira-de-iniciacao-cientifica\/#respond\"]}]},{\"@type\":\"WebPage\",\"@id\":\"https:\/\/noticiaempauta.com\/portal\/estudantes-de-itainopolis-conquistam-premio-nacional-em-feira-de-iniciacao-cientifica\/\",\"url\":\"https:\/\/noticiaempauta.com\/portal\/estudantes-de-itainopolis-conquistam-premio-nacional-em-feira-de-iniciacao-cientifica\/\",\"name\":\"Estudantes de Itain\u00f3polis conquistam pr\u00eamio nacional em feira de inicia\u00e7\u00e3o cient\u00edfica - Portal Not\u00edcia em Pauta\",\"isPartOf\":{\"@id\":\"https:\/\/noticiaempauta.com\/portal\/#website\"},\"primaryImageOfPage\":{\"@id\":\"https:\/\/noticiaempauta.com\/portal\/estudantes-de-itainopolis-conquistam-premio-nacional-em-feira-de-iniciacao-cientifica\/#primaryimage\"},\"image\":{\"@id\":\"https:\/\/noticiaempauta.com\/portal\/estudantes-de-itainopolis-conquistam-premio-nacional-em-feira-de-iniciacao-cientifica\/#primaryimage\"},\"thumbnailUrl\":\"https:\/\/noticiaempauta.com\/portal\/wp-content\/uploads\/2024\/11\/hg.png\",\"datePublished\":\"2024-11-04T12:45:57+00:00\",\"dateModified\":\"2024-11-04T12:45:58+00:00\",\"breadcrumb\":{\"@id\":\"https:\/\/noticiaempauta.com\/portal\/estudantes-de-itainopolis-conquistam-premio-nacional-em-feira-de-iniciacao-cientifica\/#breadcrumb\"},\"inLanguage\":\"pt-BR\",\"potentialAction\":[{\"@type\":\"ReadAction\",\"target\":[\"https:\/\/noticiaempauta.com\/portal\/estudantes-de-itainopolis-conquistam-premio-nacional-em-feira-de-iniciacao-cientifica\/\"]}]},{\"@type\":\"ImageObject\",\"inLanguage\":\"pt-BR\",\"@id\":\"https:\/\/noticiaempauta.com\/portal\/estudantes-de-itainopolis-conquistam-premio-nacional-em-feira-de-iniciacao-cientifica\/#primaryimage\",\"url\":\"https:\/\/noticiaempauta.com\/portal\/wp-content\/uploads\/2024\/11\/hg.png\",\"contentUrl\":\"https:\/\/noticiaempauta.com\/portal\/wp-content\/uploads\/2024\/11\/hg.png\",\"width\":1000,\"height\":608},{\"@type\":\"BreadcrumbList\",\"@id\":\"https:\/\/noticiaempauta.com\/portal\/estudantes-de-itainopolis-conquistam-premio-nacional-em-feira-de-iniciacao-cientifica\/#breadcrumb\",\"itemListElement\":[{\"@type\":\"ListItem\",\"position\":1,\"name\":\"P\u00e1gina Inicial\",\"item\":\"https:\/\/noticiaempauta.com\/portal\/\"},{\"@type\":\"ListItem\",\"position\":2,\"name\":\"Destaques\",\"item\":\"https:\/\/noticiaempauta.com\/portal\/destaques-site\/\"},{\"@type\":\"ListItem\",\"position\":3,\"name\":\"Estudantes de Itain\u00f3polis conquistam pr\u00eamio nacional em feira de inicia\u00e7\u00e3o cient\u00edfica\"}]},{\"@type\":\"WebSite\",\"@id\":\"https:\/\/noticiaempauta.com\/portal\/#website\",\"url\":\"https:\/\/noticiaempauta.com\/portal\/\",\"name\":\"Portal Not\u00edcia em Pauta\",\"description\":\"Voc\u00ea bem informado\",\"publisher\":{\"@id\":\"https:\/\/noticiaempauta.com\/portal\/#organization\"},\"potentialAction\":[{\"@type\":\"SearchAction\",\"target\":{\"@type\":\"EntryPoint\",\"urlTemplate\":\"https:\/\/noticiaempauta.com\/portal\/?s={search_term_string}\"},\"query-input\":{\"@type\":\"PropertyValueSpecification\",\"valueRequired\":true,\"valueName\":\"search_term_string\"}}],\"inLanguage\":\"pt-BR\"},{\"@type\":\"Organization\",\"@id\":\"https:\/\/noticiaempauta.com\/portal\/#organization\",\"name\":\"Portal Not\u00edcia em Pauta\",\"url\":\"https:\/\/noticiaempauta.com\/portal\/\",\"logo\":{\"@type\":\"ImageObject\",\"inLanguage\":\"pt-BR\",\"@id\":\"https:\/\/noticiaempauta.com\/portal\/#\/schema\/logo\/image\/\",\"url\":\"https:\/\/noticiaempauta.com\/portal\/wp-content\/uploads\/2022\/08\/logomarca_tema.fw_.png\",\"contentUrl\":\"https:\/\/noticiaempauta.com\/portal\/wp-content\/uploads\/2022\/08\/logomarca_tema.fw_.png\",\"width\":400,\"height\":232,\"caption\":\"Portal Not\u00edcia em Pauta\"},\"image\":{\"@id\":\"https:\/\/noticiaempauta.com\/portal\/#\/schema\/logo\/image\/\"},\"sameAs\":[\"https:\/\/www.facebook.com\/Portal-Notcia-Em-Pauta-102292869264820\/\",\"https:\/\/www.instagram.com\/portalnoticiaempauta\/\"]},{\"@type\":\"Person\",\"@id\":\"https:\/\/noticiaempauta.com\/portal\/#\/schema\/person\/a74af43dd1ab3deca45f988c717d57ac\",\"name\":\"Reda\u00e7\u00e3o\",\"image\":{\"@type\":\"ImageObject\",\"inLanguage\":\"pt-BR\",\"@id\":\"https:\/\/noticiaempauta.com\/portal\/#\/schema\/person\/image\/\",\"url\":\"https:\/\/secure.gravatar.com\/avatar\/03179346ecce6cdfc13361603e8f54242a90e5cde8618fa23c5c00aa2b0aadf3?s=96&d=mm&r=g\",\"contentUrl\":\"https:\/\/secure.gravatar.com\/avatar\/03179346ecce6cdfc13361603e8f54242a90e5cde8618fa23c5c00aa2b0aadf3?s=96&d=mm&r=g\",\"caption\":\"Reda\u00e7\u00e3o\"},\"sameAs\":[\"https:\/\/noticiaempauta.com\/portal\/\"],\"url\":\"https:\/\/noticiaempauta.com\/portal\/author\/fernando\/\"}]}<\/script>\n<!-- \/ Yoast SEO Premium plugin. -->","yoast_head_json":{"title":"Estudantes de Itain\u00f3polis conquistam pr\u00eamio nacional em feira de inicia\u00e7\u00e3o cient\u00edfica - Portal Not\u00edcia em Pauta","robots":{"index":"index","follow":"follow","max-snippet":"max-snippet:-1","max-image-preview":"max-image-preview:large","max-video-preview":"max-video-preview:-1"},"canonical":"https:\/\/noticiaempauta.com\/portal\/estudantes-de-itainopolis-conquistam-premio-nacional-em-feira-de-iniciacao-cientifica\/","og_locale":"pt_BR","og_type":"article","og_title":"Estudantes de Itain\u00f3polis conquistam pr\u00eamio nacional em feira de inicia\u00e7\u00e3o cient\u00edfica","og_description":"O estudo investiga o uso de biodigestores no \u00e2mbito do Programa Pibic-Jr.","og_url":"https:\/\/noticiaempauta.com\/portal\/estudantes-de-itainopolis-conquistam-premio-nacional-em-feira-de-iniciacao-cientifica\/","og_site_name":"Portal Not\u00edcia em Pauta","article_publisher":"https:\/\/www.facebook.com\/Portal-Notcia-Em-Pauta-102292869264820\/","article_published_time":"2024-11-04T12:45:57+00:00","article_modified_time":"2024-11-04T12:45:58+00:00","og_image":[{"width":1000,"height":608,"url":"https:\/\/noticiaempauta.com\/portal\/wp-content\/uploads\/2024\/11\/hg.png","type":"image\/png"}],"author":"Reda\u00e7\u00e3o","twitter_card":"summary_large_image","twitter_misc":{"Escrito por":"Reda\u00e7\u00e3o","Est. tempo de leitura":"5 minutos"},"schema":{"@context":"https:\/\/schema.org","@graph":[{"@type":"Article","@id":"https:\/\/noticiaempauta.com\/portal\/estudantes-de-itainopolis-conquistam-premio-nacional-em-feira-de-iniciacao-cientifica\/#article","isPartOf":{"@id":"https:\/\/noticiaempauta.com\/portal\/estudantes-de-itainopolis-conquistam-premio-nacional-em-feira-de-iniciacao-cientifica\/"},"author":{"name":"Reda\u00e7\u00e3o","@id":"https:\/\/noticiaempauta.com\/portal\/#\/schema\/person\/a74af43dd1ab3deca45f988c717d57ac"},"headline":"Estudantes de Itain\u00f3polis conquistam pr\u00eamio nacional em feira de inicia\u00e7\u00e3o cient\u00edfica","datePublished":"2024-11-04T12:45:57+00:00","dateModified":"2024-11-04T12:45:58+00:00","mainEntityOfPage":{"@id":"https:\/\/noticiaempauta.com\/portal\/estudantes-de-itainopolis-conquistam-premio-nacional-em-feira-de-iniciacao-cientifica\/"},"wordCount":737,"commentCount":0,"publisher":{"@id":"https:\/\/noticiaempauta.com\/portal\/#organization"},"image":{"@id":"https:\/\/noticiaempauta.com\/portal\/estudantes-de-itainopolis-conquistam-premio-nacional-em-feira-de-iniciacao-cientifica\/#primaryimage"},"thumbnailUrl":"https:\/\/noticiaempauta.com\/portal\/wp-content\/uploads\/2024\/11\/hg.png","keywords":["destaqueprincipal"],"articleSection":["Destaques","Geral","Munic\u00edpios","Todas as Not\u00edcias"],"inLanguage":"pt-BR","potentialAction":[{"@type":"CommentAction","name":"Comment","target":["https:\/\/noticiaempauta.com\/portal\/estudantes-de-itainopolis-conquistam-premio-nacional-em-feira-de-iniciacao-cientifica\/#respond"]}]},{"@type":"WebPage","@id":"https:\/\/noticiaempauta.com\/portal\/estudantes-de-itainopolis-conquistam-premio-nacional-em-feira-de-iniciacao-cientifica\/","url":"https:\/\/noticiaempauta.com\/portal\/estudantes-de-itainopolis-conquistam-premio-nacional-em-feira-de-iniciacao-cientifica\/","name":"Estudantes de Itain\u00f3polis conquistam pr\u00eamio nacional em feira de inicia\u00e7\u00e3o cient\u00edfica - Portal Not\u00edcia em Pauta","isPartOf":{"@id":"https:\/\/noticiaempauta.com\/portal\/#website"},"primaryImageOfPage":{"@id":"https:\/\/noticiaempauta.com\/portal\/estudantes-de-itainopolis-conquistam-premio-nacional-em-feira-de-iniciacao-cientifica\/#primaryimage"},"image":{"@id":"https:\/\/noticiaempauta.com\/portal\/estudantes-de-itainopolis-conquistam-premio-nacional-em-feira-de-iniciacao-cientifica\/#primaryimage"},"thumbnailUrl":"https:\/\/noticiaempauta.com\/portal\/wp-content\/uploads\/2024\/11\/hg.png","datePublished":"2024-11-04T12:45:57+00:00","dateModified":"2024-11-04T12:45:58+00:00","breadcrumb":{"@id":"https:\/\/noticiaempauta.com\/portal\/estudantes-de-itainopolis-conquistam-premio-nacional-em-feira-de-iniciacao-cientifica\/#breadcrumb"},"inLanguage":"pt-BR","potentialAction":[{"@type":"ReadAction","target":["https:\/\/noticiaempauta.com\/portal\/estudantes-de-itainopolis-conquistam-premio-nacional-em-feira-de-iniciacao-cientifica\/"]}]},{"@type":"ImageObject","inLanguage":"pt-BR","@id":"https:\/\/noticiaempauta.com\/portal\/estudantes-de-itainopolis-conquistam-premio-nacional-em-feira-de-iniciacao-cientifica\/#primaryimage","url":"https:\/\/noticiaempauta.com\/portal\/wp-content\/uploads\/2024\/11\/hg.png","contentUrl":"https:\/\/noticiaempauta.com\/portal\/wp-content\/uploads\/2024\/11\/hg.png","width":1000,"height":608},{"@type":"BreadcrumbList","@id":"https:\/\/noticiaempauta.com\/portal\/estudantes-de-itainopolis-conquistam-premio-nacional-em-feira-de-iniciacao-cientifica\/#breadcrumb","itemListElement":[{"@type":"ListItem","position":1,"name":"P\u00e1gina Inicial","item":"https:\/\/noticiaempauta.com\/portal\/"},{"@type":"ListItem","position":2,"name":"Destaques","item":"https:\/\/noticiaempauta.com\/portal\/destaques-site\/"},{"@type":"ListItem","position":3,"name":"Estudantes de Itain\u00f3polis conquistam pr\u00eamio nacional em feira de inicia\u00e7\u00e3o cient\u00edfica"}]},{"@type":"WebSite","@id":"https:\/\/noticiaempauta.com\/portal\/#website","url":"https:\/\/noticiaempauta.com\/portal\/","name":"Portal Not\u00edcia em Pauta","description":"Voc\u00ea bem informado","publisher":{"@id":"https:\/\/noticiaempauta.com\/portal\/#organization"},"potentialAction":[{"@type":"SearchAction","target":{"@type":"EntryPoint","urlTemplate":"https:\/\/noticiaempauta.com\/portal\/?s={search_term_string}"},"query-input":{"@type":"PropertyValueSpecification","valueRequired":true,"valueName":"search_term_string"}}],"inLanguage":"pt-BR"},{"@type":"Organization","@id":"https:\/\/noticiaempauta.com\/portal\/#organization","name":"Portal Not\u00edcia em Pauta","url":"https:\/\/noticiaempauta.com\/portal\/","logo":{"@type":"ImageObject","inLanguage":"pt-BR","@id":"https:\/\/noticiaempauta.com\/portal\/#\/schema\/logo\/image\/","url":"https:\/\/noticiaempauta.com\/portal\/wp-content\/uploads\/2022\/08\/logomarca_tema.fw_.png","contentUrl":"https:\/\/noticiaempauta.com\/portal\/wp-content\/uploads\/2022\/08\/logomarca_tema.fw_.png","width":400,"height":232,"caption":"Portal Not\u00edcia em Pauta"},"image":{"@id":"https:\/\/noticiaempauta.com\/portal\/#\/schema\/logo\/image\/"},"sameAs":["https:\/\/www.facebook.com\/Portal-Notcia-Em-Pauta-102292869264820\/","https:\/\/www.instagram.com\/portalnoticiaempauta\/"]},{"@type":"Person","@id":"https:\/\/noticiaempauta.com\/portal\/#\/schema\/person\/a74af43dd1ab3deca45f988c717d57ac","name":"Reda\u00e7\u00e3o","image":{"@type":"ImageObject","inLanguage":"pt-BR","@id":"https:\/\/noticiaempauta.com\/portal\/#\/schema\/person\/image\/","url":"https:\/\/secure.gravatar.com\/avatar\/03179346ecce6cdfc13361603e8f54242a90e5cde8618fa23c5c00aa2b0aadf3?s=96&d=mm&r=g","contentUrl":"https:\/\/secure.gravatar.com\/avatar\/03179346ecce6cdfc13361603e8f54242a90e5cde8618fa23c5c00aa2b0aadf3?s=96&d=mm&r=g","caption":"Reda\u00e7\u00e3o"},"sameAs":["https:\/\/noticiaempauta.com\/portal\/"],"url":"https:\/\/noticiaempauta.com\/portal\/author\/fernando\/"}]}},"_links":{"self":[{"href":"https:\/\/noticiaempauta.com\/portal\/wp-json\/wp\/v2\/posts\/263730","targetHints":{"allow":["GET"]}}],"collection":[{"href":"https:\/\/noticiaempauta.com\/portal\/wp-json\/wp\/v2\/posts"}],"about":[{"href":"https:\/\/noticiaempauta.com\/portal\/wp-json\/wp\/v2\/types\/post"}],"author":[{"embeddable":true,"href":"https:\/\/noticiaempauta.com\/portal\/wp-json\/wp\/v2\/users\/2"}],"replies":[{"embeddable":true,"href":"https:\/\/noticiaempauta.com\/portal\/wp-json\/wp\/v2\/comments?post=263730"}],"version-history":[{"count":2,"href":"https:\/\/noticiaempauta.com\/portal\/wp-json\/wp\/v2\/posts\/263730\/revisions"}],"predecessor-version":[{"id":263736,"href":"https:\/\/noticiaempauta.com\/portal\/wp-json\/wp\/v2\/posts\/263730\/revisions\/263736"}],"wp:featuredmedia":[{"embeddable":true,"href":"https:\/\/noticiaempauta.com\/portal\/wp-json\/wp\/v2\/media\/263734"}],"wp:attachment":[{"href":"https:\/\/noticiaempauta.com\/portal\/wp-json\/wp\/v2\/media?parent=263730"}],"wp:term":[{"taxonomy":"category","embeddable":true,"href":"https:\/\/noticiaempauta.com\/portal\/wp-json\/wp\/v2\/categories?post=263730"},{"taxonomy":"post_tag","embeddable":true,"href":"https:\/\/noticiaempauta.com\/portal\/wp-json\/wp\/v2\/tags?post=263730"}],"curies":[{"name":"wp","href":"https:\/\/api.w.org\/{rel}","templated":true}]}}