{"id":263755,"date":"2024-11-05T08:54:47","date_gmt":"2024-11-05T11:54:47","guid":{"rendered":"https:\/\/noticiaempauta.com\/portal\/?p=263755"},"modified":"2024-11-05T08:54:48","modified_gmt":"2024-11-05T11:54:48","slug":"governo-discute-plano-para-revitalizar-e-tornar-rio-parnaiba-navegavel","status":"publish","type":"post","link":"https:\/\/noticiaempauta.com\/portal\/governo-discute-plano-para-revitalizar-e-tornar-rio-parnaiba-navegavel\/","title":{"rendered":"Governo discute plano para revitalizar e tornar Rio Parna\u00edba naveg\u00e1vel"},"content":{"rendered":"\n<p>Em entrevista ao Jornal do Piau\u00ed nesta segunda-feira (4), o secret\u00e1rio de Meio Ambiente e dos Recursos H\u00eddricos de Alagoas (Semarh), Daniel Oliveira, destacou os principais pontos que devem constar na atualiza\u00e7\u00e3o do Plano Estadual de Recursos H\u00eddricos (PERH). Ap\u00f3s o in\u00edcio das audi\u00eancias p\u00fablicas para discuss\u00e3o do tema, a previs\u00e3o \u00e9 que a elabora\u00e7\u00e3o do novo documento seja conclu\u00edda em dezembro.&nbsp;<\/p>\n\n\n\n<figure class=\"wp-block-image size-full\"><img fetchpriority=\"high\" decoding=\"async\" width=\"790\" height=\"526\" src=\"https:\/\/noticiaempauta.com\/portal\/wp-content\/uploads\/2024\/11\/e75f87e0d8305eeab33c8565124e5f79.jpg\" alt=\"\" class=\"wp-image-263756\" srcset=\"https:\/\/noticiaempauta.com\/portal\/wp-content\/uploads\/2024\/11\/e75f87e0d8305eeab33c8565124e5f79.jpg 790w, https:\/\/noticiaempauta.com\/portal\/wp-content\/uploads\/2024\/11\/e75f87e0d8305eeab33c8565124e5f79-300x200.jpg 300w, https:\/\/noticiaempauta.com\/portal\/wp-content\/uploads\/2024\/11\/e75f87e0d8305eeab33c8565124e5f79-768x511.jpg 768w\" sizes=\"(max-width: 790px) 100vw, 790px\" \/><figcaption class=\"wp-element-caption\">Foto: Renato Andrade\/Cidadeverde.com<\/figcaption><\/figure>\n\n\n\n<p>Conforme o gestor, o principal objetivo \u00e9 tratar sobre a navegabilidade do Rio Parna\u00edba, sob o ponto de vista econ\u00f4mico, ambiental e de infraestrutura.<\/p>\n\n\n\n<p>\u201cO que estamos apresentando \u00e0 sociedade piauiense \u00e9 uma ampla revitaliza\u00e7\u00e3o, dentre esses pontos a navegabilidade. Teremos a\u00e7\u00f5es espec\u00edficas para a preserva\u00e7\u00e3o de nascentes, para o enfrentamento ao assoreamento e para v\u00e1rios eixos que integram a viabilidade\u201d, disse.&nbsp;&nbsp;<\/p>\n\n\n\n<figure class=\"wp-block-embed is-type-video is-provider-youtube wp-block-embed-youtube wp-embed-aspect-16-9 wp-has-aspect-ratio\"><div class=\"wp-block-embed__wrapper\">\n<iframe title=\"Estado do Piau\u00ed realiza audi\u00eancia p\u00fablica sobre a revitaliza\u00e7\u00e3o e conserva\u00e7\u00e3o dos rios\" width=\"800\" height=\"450\" src=\"https:\/\/www.youtube.com\/embed\/yoa-8TWsR2E?feature=oembed\" frameborder=\"0\" allow=\"accelerometer; autoplay; clipboard-write; encrypted-media; gyroscope; picture-in-picture; web-share\" referrerpolicy=\"strict-origin-when-cross-origin\" allowfullscreen><\/iframe>\n<\/div><\/figure>\n\n\n\n<p>O \u00faltimo PERH foi criado em 2010 e permitiu avan\u00e7os significativos na gest\u00e3o dos recursos h\u00eddricos do Piau\u00ed. O novo estudo para atualiza\u00e7\u00e3o do documento foi realizado por um cons\u00f3rcio de empresas das empresas TPF e YIB1, com apoio de diversos \u00f3rg\u00e3os do estado.<\/p>\n\n\n\n<p>\u201cCom esse plano atualizado, o governador levar\u00e1 para o Governo Federal para incluir no PAC essas a\u00e7\u00f5es\u201d, concluiu o secret\u00e1rio.&nbsp;<\/p>\n","protected":false},"excerpt":{"rendered":"<p>Em entrevista ao Jornal do Piau\u00ed nesta segunda-feira (4), o secret\u00e1rio de Meio Ambiente e dos Recursos H\u00eddricos de Alagoas (Semarh), Daniel Oliveira, destacou os principais pontos que devem constar na atualiza\u00e7\u00e3o do Plano Estadual de Recursos H\u00eddricos (PERH). Ap\u00f3s o in\u00edcio das audi\u00eancias p\u00fablicas para discuss\u00e3o do tema, a previs\u00e3o \u00e9 que a elabora\u00e7\u00e3o [&hellip;]<\/p>\n","protected":false},"author":2,"featured_media":263756,"comment_status":"open","ping_status":"open","sticky":false,"template":"","format":"standard","meta":{"_mi_skip_tracking":false,"footnotes":""},"categories":[25,1,16],"tags":[],"class_list":["post-263755","post","type-post","status-publish","format-standard","has-post-thumbnail","hentry","category-destaques-site","category-geral","category-todas"],"acf":[],"yoast_head":"<!-- This site is optimized with the Yoast SEO Premium plugin v19.2 (Yoast SEO v26.9) - https:\/\/yoast.com\/product\/yoast-seo-premium-wordpress\/ -->\n<title>Governo discute plano para revitalizar e tornar Rio Parna\u00edba naveg\u00e1vel - Portal Not\u00edcia em Pauta<\/title>\n<meta name=\"robots\" content=\"index, follow, max-snippet:-1, max-image-preview:large, max-video-preview:-1\" \/>\n<link rel=\"canonical\" href=\"https:\/\/noticiaempauta.com\/portal\/governo-discute-plano-para-revitalizar-e-tornar-rio-parnaiba-navegavel\/\" \/>\n<meta property=\"og:locale\" content=\"pt_BR\" \/>\n<meta property=\"og:type\" content=\"article\" \/>\n<meta property=\"og:title\" content=\"Governo discute plano para revitalizar e tornar Rio Parna\u00edba naveg\u00e1vel\" \/>\n<meta property=\"og:description\" content=\"Em entrevista ao Jornal do Piau\u00ed nesta segunda-feira (4), o secret\u00e1rio de Meio Ambiente e dos Recursos H\u00eddricos de Alagoas (Semarh), Daniel Oliveira, destacou os principais pontos que devem constar na atualiza\u00e7\u00e3o do Plano Estadual de Recursos H\u00eddricos (PERH). Ap\u00f3s o in\u00edcio das audi\u00eancias p\u00fablicas para discuss\u00e3o do tema, a previs\u00e3o \u00e9 que a elabora\u00e7\u00e3o [&hellip;]\" \/>\n<meta property=\"og:url\" content=\"https:\/\/noticiaempauta.com\/portal\/governo-discute-plano-para-revitalizar-e-tornar-rio-parnaiba-navegavel\/\" \/>\n<meta property=\"og:site_name\" content=\"Portal Not\u00edcia em Pauta\" \/>\n<meta property=\"article:publisher\" content=\"https:\/\/www.facebook.com\/Portal-Notcia-Em-Pauta-102292869264820\/\" \/>\n<meta property=\"article:published_time\" content=\"2024-11-05T11:54:47+00:00\" \/>\n<meta property=\"article:modified_time\" content=\"2024-11-05T11:54:48+00:00\" \/>\n<meta property=\"og:image\" content=\"https:\/\/noticiaempauta.com\/portal\/wp-content\/uploads\/2024\/11\/e75f87e0d8305eeab33c8565124e5f79.jpg\" \/>\n\t<meta property=\"og:image:width\" content=\"790\" \/>\n\t<meta property=\"og:image:height\" content=\"526\" \/>\n\t<meta property=\"og:image:type\" content=\"image\/jpeg\" \/>\n<meta name=\"author\" content=\"Reda\u00e7\u00e3o\" \/>\n<meta name=\"twitter:card\" content=\"summary_large_image\" \/>\n<meta name=\"twitter:label1\" content=\"Escrito por\" \/>\n\t<meta name=\"twitter:data1\" content=\"Reda\u00e7\u00e3o\" \/>\n\t<meta name=\"twitter:label2\" content=\"Est. tempo de leitura\" \/>\n\t<meta name=\"twitter:data2\" content=\"2 minutos\" \/>\n<script type=\"application\/ld+json\" class=\"yoast-schema-graph\">{\"@context\":\"https:\/\/schema.org\",\"@graph\":[{\"@type\":\"Article\",\"@id\":\"https:\/\/noticiaempauta.com\/portal\/governo-discute-plano-para-revitalizar-e-tornar-rio-parnaiba-navegavel\/#article\",\"isPartOf\":{\"@id\":\"https:\/\/noticiaempauta.com\/portal\/governo-discute-plano-para-revitalizar-e-tornar-rio-parnaiba-navegavel\/\"},\"author\":{\"name\":\"Reda\u00e7\u00e3o\",\"@id\":\"https:\/\/noticiaempauta.com\/portal\/#\/schema\/person\/a74af43dd1ab3deca45f988c717d57ac\"},\"headline\":\"Governo discute plano para revitalizar e tornar Rio Parna\u00edba naveg\u00e1vel\",\"datePublished\":\"2024-11-05T11:54:47+00:00\",\"dateModified\":\"2024-11-05T11:54:48+00:00\",\"mainEntityOfPage\":{\"@id\":\"https:\/\/noticiaempauta.com\/portal\/governo-discute-plano-para-revitalizar-e-tornar-rio-parnaiba-navegavel\/\"},\"wordCount\":239,\"commentCount\":0,\"publisher\":{\"@id\":\"https:\/\/noticiaempauta.com\/portal\/#organization\"},\"image\":{\"@id\":\"https:\/\/noticiaempauta.com\/portal\/governo-discute-plano-para-revitalizar-e-tornar-rio-parnaiba-navegavel\/#primaryimage\"},\"thumbnailUrl\":\"https:\/\/noticiaempauta.com\/portal\/wp-content\/uploads\/2024\/11\/e75f87e0d8305eeab33c8565124e5f79.jpg\",\"articleSection\":[\"Destaques\",\"Geral\",\"Todas as Not\u00edcias\"],\"inLanguage\":\"pt-BR\",\"potentialAction\":[{\"@type\":\"CommentAction\",\"name\":\"Comment\",\"target\":[\"https:\/\/noticiaempauta.com\/portal\/governo-discute-plano-para-revitalizar-e-tornar-rio-parnaiba-navegavel\/#respond\"]}]},{\"@type\":\"WebPage\",\"@id\":\"https:\/\/noticiaempauta.com\/portal\/governo-discute-plano-para-revitalizar-e-tornar-rio-parnaiba-navegavel\/\",\"url\":\"https:\/\/noticiaempauta.com\/portal\/governo-discute-plano-para-revitalizar-e-tornar-rio-parnaiba-navegavel\/\",\"name\":\"Governo discute plano para revitalizar e tornar Rio Parna\u00edba naveg\u00e1vel - Portal Not\u00edcia em Pauta\",\"isPartOf\":{\"@id\":\"https:\/\/noticiaempauta.com\/portal\/#website\"},\"primaryImageOfPage\":{\"@id\":\"https:\/\/noticiaempauta.com\/portal\/governo-discute-plano-para-revitalizar-e-tornar-rio-parnaiba-navegavel\/#primaryimage\"},\"image\":{\"@id\":\"https:\/\/noticiaempauta.com\/portal\/governo-discute-plano-para-revitalizar-e-tornar-rio-parnaiba-navegavel\/#primaryimage\"},\"thumbnailUrl\":\"https:\/\/noticiaempauta.com\/portal\/wp-content\/uploads\/2024\/11\/e75f87e0d8305eeab33c8565124e5f79.jpg\",\"datePublished\":\"2024-11-05T11:54:47+00:00\",\"dateModified\":\"2024-11-05T11:54:48+00:00\",\"breadcrumb\":{\"@id\":\"https:\/\/noticiaempauta.com\/portal\/governo-discute-plano-para-revitalizar-e-tornar-rio-parnaiba-navegavel\/#breadcrumb\"},\"inLanguage\":\"pt-BR\",\"potentialAction\":[{\"@type\":\"ReadAction\",\"target\":[\"https:\/\/noticiaempauta.com\/portal\/governo-discute-plano-para-revitalizar-e-tornar-rio-parnaiba-navegavel\/\"]}]},{\"@type\":\"ImageObject\",\"inLanguage\":\"pt-BR\",\"@id\":\"https:\/\/noticiaempauta.com\/portal\/governo-discute-plano-para-revitalizar-e-tornar-rio-parnaiba-navegavel\/#primaryimage\",\"url\":\"https:\/\/noticiaempauta.com\/portal\/wp-content\/uploads\/2024\/11\/e75f87e0d8305eeab33c8565124e5f79.jpg\",\"contentUrl\":\"https:\/\/noticiaempauta.com\/portal\/wp-content\/uploads\/2024\/11\/e75f87e0d8305eeab33c8565124e5f79.jpg\",\"width\":790,\"height\":526},{\"@type\":\"BreadcrumbList\",\"@id\":\"https:\/\/noticiaempauta.com\/portal\/governo-discute-plano-para-revitalizar-e-tornar-rio-parnaiba-navegavel\/#breadcrumb\",\"itemListElement\":[{\"@type\":\"ListItem\",\"position\":1,\"name\":\"P\u00e1gina Inicial\",\"item\":\"https:\/\/noticiaempauta.com\/portal\/\"},{\"@type\":\"ListItem\",\"position\":2,\"name\":\"Destaques\",\"item\":\"https:\/\/noticiaempauta.com\/portal\/destaques-site\/\"},{\"@type\":\"ListItem\",\"position\":3,\"name\":\"Governo discute plano para revitalizar e tornar Rio Parna\u00edba naveg\u00e1vel\"}]},{\"@type\":\"WebSite\",\"@id\":\"https:\/\/noticiaempauta.com\/portal\/#website\",\"url\":\"https:\/\/noticiaempauta.com\/portal\/\",\"name\":\"Portal Not\u00edcia em Pauta\",\"description\":\"Voc\u00ea bem informado\",\"publisher\":{\"@id\":\"https:\/\/noticiaempauta.com\/portal\/#organization\"},\"potentialAction\":[{\"@type\":\"SearchAction\",\"target\":{\"@type\":\"EntryPoint\",\"urlTemplate\":\"https:\/\/noticiaempauta.com\/portal\/?s={search_term_string}\"},\"query-input\":{\"@type\":\"PropertyValueSpecification\",\"valueRequired\":true,\"valueName\":\"search_term_string\"}}],\"inLanguage\":\"pt-BR\"},{\"@type\":\"Organization\",\"@id\":\"https:\/\/noticiaempauta.com\/portal\/#organization\",\"name\":\"Portal Not\u00edcia em Pauta\",\"url\":\"https:\/\/noticiaempauta.com\/portal\/\",\"logo\":{\"@type\":\"ImageObject\",\"inLanguage\":\"pt-BR\",\"@id\":\"https:\/\/noticiaempauta.com\/portal\/#\/schema\/logo\/image\/\",\"url\":\"https:\/\/noticiaempauta.com\/portal\/wp-content\/uploads\/2022\/08\/logomarca_tema.fw_.png\",\"contentUrl\":\"https:\/\/noticiaempauta.com\/portal\/wp-content\/uploads\/2022\/08\/logomarca_tema.fw_.png\",\"width\":400,\"height\":232,\"caption\":\"Portal Not\u00edcia em Pauta\"},\"image\":{\"@id\":\"https:\/\/noticiaempauta.com\/portal\/#\/schema\/logo\/image\/\"},\"sameAs\":[\"https:\/\/www.facebook.com\/Portal-Notcia-Em-Pauta-102292869264820\/\",\"https:\/\/www.instagram.com\/portalnoticiaempauta\/\"]},{\"@type\":\"Person\",\"@id\":\"https:\/\/noticiaempauta.com\/portal\/#\/schema\/person\/a74af43dd1ab3deca45f988c717d57ac\",\"name\":\"Reda\u00e7\u00e3o\",\"image\":{\"@type\":\"ImageObject\",\"inLanguage\":\"pt-BR\",\"@id\":\"https:\/\/noticiaempauta.com\/portal\/#\/schema\/person\/image\/\",\"url\":\"https:\/\/secure.gravatar.com\/avatar\/03179346ecce6cdfc13361603e8f54242a90e5cde8618fa23c5c00aa2b0aadf3?s=96&d=mm&r=g\",\"contentUrl\":\"https:\/\/secure.gravatar.com\/avatar\/03179346ecce6cdfc13361603e8f54242a90e5cde8618fa23c5c00aa2b0aadf3?s=96&d=mm&r=g\",\"caption\":\"Reda\u00e7\u00e3o\"},\"sameAs\":[\"https:\/\/noticiaempauta.com\/portal\/\"],\"url\":\"https:\/\/noticiaempauta.com\/portal\/author\/fernando\/\"}]}<\/script>\n<!-- \/ Yoast SEO Premium plugin. -->","yoast_head_json":{"title":"Governo discute plano para revitalizar e tornar Rio Parna\u00edba naveg\u00e1vel - Portal Not\u00edcia em Pauta","robots":{"index":"index","follow":"follow","max-snippet":"max-snippet:-1","max-image-preview":"max-image-preview:large","max-video-preview":"max-video-preview:-1"},"canonical":"https:\/\/noticiaempauta.com\/portal\/governo-discute-plano-para-revitalizar-e-tornar-rio-parnaiba-navegavel\/","og_locale":"pt_BR","og_type":"article","og_title":"Governo discute plano para revitalizar e tornar Rio Parna\u00edba naveg\u00e1vel","og_description":"Em entrevista ao Jornal do Piau\u00ed nesta segunda-feira (4), o secret\u00e1rio de Meio Ambiente e dos Recursos H\u00eddricos de Alagoas (Semarh), Daniel Oliveira, destacou os principais pontos que devem constar na atualiza\u00e7\u00e3o do Plano Estadual de Recursos H\u00eddricos (PERH). Ap\u00f3s o in\u00edcio das audi\u00eancias p\u00fablicas para discuss\u00e3o do tema, a previs\u00e3o \u00e9 que a elabora\u00e7\u00e3o [&hellip;]","og_url":"https:\/\/noticiaempauta.com\/portal\/governo-discute-plano-para-revitalizar-e-tornar-rio-parnaiba-navegavel\/","og_site_name":"Portal Not\u00edcia em Pauta","article_publisher":"https:\/\/www.facebook.com\/Portal-Notcia-Em-Pauta-102292869264820\/","article_published_time":"2024-11-05T11:54:47+00:00","article_modified_time":"2024-11-05T11:54:48+00:00","og_image":[{"width":790,"height":526,"url":"https:\/\/noticiaempauta.com\/portal\/wp-content\/uploads\/2024\/11\/e75f87e0d8305eeab33c8565124e5f79.jpg","type":"image\/jpeg"}],"author":"Reda\u00e7\u00e3o","twitter_card":"summary_large_image","twitter_misc":{"Escrito por":"Reda\u00e7\u00e3o","Est. tempo de leitura":"2 minutos"},"schema":{"@context":"https:\/\/schema.org","@graph":[{"@type":"Article","@id":"https:\/\/noticiaempauta.com\/portal\/governo-discute-plano-para-revitalizar-e-tornar-rio-parnaiba-navegavel\/#article","isPartOf":{"@id":"https:\/\/noticiaempauta.com\/portal\/governo-discute-plano-para-revitalizar-e-tornar-rio-parnaiba-navegavel\/"},"author":{"name":"Reda\u00e7\u00e3o","@id":"https:\/\/noticiaempauta.com\/portal\/#\/schema\/person\/a74af43dd1ab3deca45f988c717d57ac"},"headline":"Governo discute plano para revitalizar e tornar Rio Parna\u00edba naveg\u00e1vel","datePublished":"2024-11-05T11:54:47+00:00","dateModified":"2024-11-05T11:54:48+00:00","mainEntityOfPage":{"@id":"https:\/\/noticiaempauta.com\/portal\/governo-discute-plano-para-revitalizar-e-tornar-rio-parnaiba-navegavel\/"},"wordCount":239,"commentCount":0,"publisher":{"@id":"https:\/\/noticiaempauta.com\/portal\/#organization"},"image":{"@id":"https:\/\/noticiaempauta.com\/portal\/governo-discute-plano-para-revitalizar-e-tornar-rio-parnaiba-navegavel\/#primaryimage"},"thumbnailUrl":"https:\/\/noticiaempauta.com\/portal\/wp-content\/uploads\/2024\/11\/e75f87e0d8305eeab33c8565124e5f79.jpg","articleSection":["Destaques","Geral","Todas as Not\u00edcias"],"inLanguage":"pt-BR","potentialAction":[{"@type":"CommentAction","name":"Comment","target":["https:\/\/noticiaempauta.com\/portal\/governo-discute-plano-para-revitalizar-e-tornar-rio-parnaiba-navegavel\/#respond"]}]},{"@type":"WebPage","@id":"https:\/\/noticiaempauta.com\/portal\/governo-discute-plano-para-revitalizar-e-tornar-rio-parnaiba-navegavel\/","url":"https:\/\/noticiaempauta.com\/portal\/governo-discute-plano-para-revitalizar-e-tornar-rio-parnaiba-navegavel\/","name":"Governo discute plano para revitalizar e tornar Rio Parna\u00edba naveg\u00e1vel - Portal Not\u00edcia em Pauta","isPartOf":{"@id":"https:\/\/noticiaempauta.com\/portal\/#website"},"primaryImageOfPage":{"@id":"https:\/\/noticiaempauta.com\/portal\/governo-discute-plano-para-revitalizar-e-tornar-rio-parnaiba-navegavel\/#primaryimage"},"image":{"@id":"https:\/\/noticiaempauta.com\/portal\/governo-discute-plano-para-revitalizar-e-tornar-rio-parnaiba-navegavel\/#primaryimage"},"thumbnailUrl":"https:\/\/noticiaempauta.com\/portal\/wp-content\/uploads\/2024\/11\/e75f87e0d8305eeab33c8565124e5f79.jpg","datePublished":"2024-11-05T11:54:47+00:00","dateModified":"2024-11-05T11:54:48+00:00","breadcrumb":{"@id":"https:\/\/noticiaempauta.com\/portal\/governo-discute-plano-para-revitalizar-e-tornar-rio-parnaiba-navegavel\/#breadcrumb"},"inLanguage":"pt-BR","potentialAction":[{"@type":"ReadAction","target":["https:\/\/noticiaempauta.com\/portal\/governo-discute-plano-para-revitalizar-e-tornar-rio-parnaiba-navegavel\/"]}]},{"@type":"ImageObject","inLanguage":"pt-BR","@id":"https:\/\/noticiaempauta.com\/portal\/governo-discute-plano-para-revitalizar-e-tornar-rio-parnaiba-navegavel\/#primaryimage","url":"https:\/\/noticiaempauta.com\/portal\/wp-content\/uploads\/2024\/11\/e75f87e0d8305eeab33c8565124e5f79.jpg","contentUrl":"https:\/\/noticiaempauta.com\/portal\/wp-content\/uploads\/2024\/11\/e75f87e0d8305eeab33c8565124e5f79.jpg","width":790,"height":526},{"@type":"BreadcrumbList","@id":"https:\/\/noticiaempauta.com\/portal\/governo-discute-plano-para-revitalizar-e-tornar-rio-parnaiba-navegavel\/#breadcrumb","itemListElement":[{"@type":"ListItem","position":1,"name":"P\u00e1gina Inicial","item":"https:\/\/noticiaempauta.com\/portal\/"},{"@type":"ListItem","position":2,"name":"Destaques","item":"https:\/\/noticiaempauta.com\/portal\/destaques-site\/"},{"@type":"ListItem","position":3,"name":"Governo discute plano para revitalizar e tornar Rio Parna\u00edba naveg\u00e1vel"}]},{"@type":"WebSite","@id":"https:\/\/noticiaempauta.com\/portal\/#website","url":"https:\/\/noticiaempauta.com\/portal\/","name":"Portal Not\u00edcia em Pauta","description":"Voc\u00ea bem informado","publisher":{"@id":"https:\/\/noticiaempauta.com\/portal\/#organization"},"potentialAction":[{"@type":"SearchAction","target":{"@type":"EntryPoint","urlTemplate":"https:\/\/noticiaempauta.com\/portal\/?s={search_term_string}"},"query-input":{"@type":"PropertyValueSpecification","valueRequired":true,"valueName":"search_term_string"}}],"inLanguage":"pt-BR"},{"@type":"Organization","@id":"https:\/\/noticiaempauta.com\/portal\/#organization","name":"Portal Not\u00edcia em Pauta","url":"https:\/\/noticiaempauta.com\/portal\/","logo":{"@type":"ImageObject","inLanguage":"pt-BR","@id":"https:\/\/noticiaempauta.com\/portal\/#\/schema\/logo\/image\/","url":"https:\/\/noticiaempauta.com\/portal\/wp-content\/uploads\/2022\/08\/logomarca_tema.fw_.png","contentUrl":"https:\/\/noticiaempauta.com\/portal\/wp-content\/uploads\/2022\/08\/logomarca_tema.fw_.png","width":400,"height":232,"caption":"Portal Not\u00edcia em Pauta"},"image":{"@id":"https:\/\/noticiaempauta.com\/portal\/#\/schema\/logo\/image\/"},"sameAs":["https:\/\/www.facebook.com\/Portal-Notcia-Em-Pauta-102292869264820\/","https:\/\/www.instagram.com\/portalnoticiaempauta\/"]},{"@type":"Person","@id":"https:\/\/noticiaempauta.com\/portal\/#\/schema\/person\/a74af43dd1ab3deca45f988c717d57ac","name":"Reda\u00e7\u00e3o","image":{"@type":"ImageObject","inLanguage":"pt-BR","@id":"https:\/\/noticiaempauta.com\/portal\/#\/schema\/person\/image\/","url":"https:\/\/secure.gravatar.com\/avatar\/03179346ecce6cdfc13361603e8f54242a90e5cde8618fa23c5c00aa2b0aadf3?s=96&d=mm&r=g","contentUrl":"https:\/\/secure.gravatar.com\/avatar\/03179346ecce6cdfc13361603e8f54242a90e5cde8618fa23c5c00aa2b0aadf3?s=96&d=mm&r=g","caption":"Reda\u00e7\u00e3o"},"sameAs":["https:\/\/noticiaempauta.com\/portal\/"],"url":"https:\/\/noticiaempauta.com\/portal\/author\/fernando\/"}]}},"_links":{"self":[{"href":"https:\/\/noticiaempauta.com\/portal\/wp-json\/wp\/v2\/posts\/263755","targetHints":{"allow":["GET"]}}],"collection":[{"href":"https:\/\/noticiaempauta.com\/portal\/wp-json\/wp\/v2\/posts"}],"about":[{"href":"https:\/\/noticiaempauta.com\/portal\/wp-json\/wp\/v2\/types\/post"}],"author":[{"embeddable":true,"href":"https:\/\/noticiaempauta.com\/portal\/wp-json\/wp\/v2\/users\/2"}],"replies":[{"embeddable":true,"href":"https:\/\/noticiaempauta.com\/portal\/wp-json\/wp\/v2\/comments?post=263755"}],"version-history":[{"count":1,"href":"https:\/\/noticiaempauta.com\/portal\/wp-json\/wp\/v2\/posts\/263755\/revisions"}],"predecessor-version":[{"id":263757,"href":"https:\/\/noticiaempauta.com\/portal\/wp-json\/wp\/v2\/posts\/263755\/revisions\/263757"}],"wp:featuredmedia":[{"embeddable":true,"href":"https:\/\/noticiaempauta.com\/portal\/wp-json\/wp\/v2\/media\/263756"}],"wp:attachment":[{"href":"https:\/\/noticiaempauta.com\/portal\/wp-json\/wp\/v2\/media?parent=263755"}],"wp:term":[{"taxonomy":"category","embeddable":true,"href":"https:\/\/noticiaempauta.com\/portal\/wp-json\/wp\/v2\/categories?post=263755"},{"taxonomy":"post_tag","embeddable":true,"href":"https:\/\/noticiaempauta.com\/portal\/wp-json\/wp\/v2\/tags?post=263755"}],"curies":[{"name":"wp","href":"https:\/\/api.w.org\/{rel}","templated":true}]}}