{"id":263782,"date":"2024-11-05T15:37:48","date_gmt":"2024-11-05T18:37:48","guid":{"rendered":"https:\/\/noticiaempauta.com\/portal\/?p=263782"},"modified":"2024-11-05T15:37:49","modified_gmt":"2024-11-05T18:37:49","slug":"em-brasilia-prefeito-djalma-cumpre-agenda-politico-administrativa-em-busca-de-avancos-para-monsenhor-hipolito","status":"publish","type":"post","link":"https:\/\/noticiaempauta.com\/portal\/em-brasilia-prefeito-djalma-cumpre-agenda-politico-administrativa-em-busca-de-avancos-para-monsenhor-hipolito\/","title":{"rendered":"Em Bras\u00edlia prefeito Djalma cumpre agenda pol\u00edtico-administrativa em busca de avan\u00e7os para Monsenhor Hip\u00f3lito"},"content":{"rendered":"\n<p>Nesta ter\u00e7a-feira, 05, e quarta-feira, 06 de outubro, o prefeito Djalma Policarpo, acompanhado pela primeira-dama, Josefina Policarpo, est\u00e1 em Bras\u00edlia com uma agenda repleta de compromissos em prol do desenvolvimento de Monsenhor Hip\u00f3lito.<\/p>\n\n\n\n<figure class=\"wp-block-image size-large\"><img fetchpriority=\"high\" decoding=\"async\" width=\"1024\" height=\"585\" src=\"https:\/\/noticiaempauta.com\/portal\/wp-content\/uploads\/2024\/11\/WhatsApp-Image-2024-11-05-at-15.30.56-1024x585.jpeg\" alt=\"\" class=\"wp-image-263783\" srcset=\"https:\/\/noticiaempauta.com\/portal\/wp-content\/uploads\/2024\/11\/WhatsApp-Image-2024-11-05-at-15.30.56-1024x585.jpeg 1024w, https:\/\/noticiaempauta.com\/portal\/wp-content\/uploads\/2024\/11\/WhatsApp-Image-2024-11-05-at-15.30.56-300x171.jpeg 300w, https:\/\/noticiaempauta.com\/portal\/wp-content\/uploads\/2024\/11\/WhatsApp-Image-2024-11-05-at-15.30.56-768x439.jpeg 768w, https:\/\/noticiaempauta.com\/portal\/wp-content\/uploads\/2024\/11\/WhatsApp-Image-2024-11-05-at-15.30.56-1536x877.jpeg 1536w, https:\/\/noticiaempauta.com\/portal\/wp-content\/uploads\/2024\/11\/WhatsApp-Image-2024-11-05-at-15.30.56.jpeg 1600w\" sizes=\"(max-width: 1024px) 100vw, 1024px\" \/><\/figure>\n\n\n\n<p>Na visita, Djalma Policarpo tamb\u00e9m participa do evento Semin\u00e1rio de Novos Gestores promovido pela Confedera\u00e7\u00e3o Nacional de Munic\u00edpios (CNM), na capital federal. O evento, que re\u00fane prefeitos de todo o Brasil, tem como objetivo capacitar e orientar os novos administradores sobre os desafios e oportunidades que enfrentar\u00e3o em seus mandatos entre 2025 e 2028.<\/p>\n\n\n\n<figure class=\"wp-block-image size-large\"><img decoding=\"async\" width=\"1024\" height=\"768\" src=\"https:\/\/noticiaempauta.com\/portal\/wp-content\/uploads\/2024\/11\/WhatsApp-Image-2024-11-05-at-15.32.42-1024x768.jpeg\" alt=\"\" class=\"wp-image-263784\" srcset=\"https:\/\/noticiaempauta.com\/portal\/wp-content\/uploads\/2024\/11\/WhatsApp-Image-2024-11-05-at-15.32.42-1024x768.jpeg 1024w, https:\/\/noticiaempauta.com\/portal\/wp-content\/uploads\/2024\/11\/WhatsApp-Image-2024-11-05-at-15.32.42-300x225.jpeg 300w, https:\/\/noticiaempauta.com\/portal\/wp-content\/uploads\/2024\/11\/WhatsApp-Image-2024-11-05-at-15.32.42-768x576.jpeg 768w, https:\/\/noticiaempauta.com\/portal\/wp-content\/uploads\/2024\/11\/WhatsApp-Image-2024-11-05-at-15.32.42.jpeg 1280w\" sizes=\"(max-width: 1024px) 100vw, 1024px\" \/><\/figure>\n\n\n\n<p>Na oportunidade o prefeito Djalma Policarpo tamb\u00e9m aproveitou a visita para se reunir com representantes que comp\u00f5em a bancada federal piauiense, dentre elas o gestor esteve em audi\u00eancia com o deputado federal J\u00falio Arcoverde, atual presidente da Comiss\u00e3o Mista do Or\u00e7amento do Congresso Nacional. <\/p>\n\n\n\n<figure class=\"wp-block-image size-large\"><img decoding=\"async\" width=\"1024\" height=\"768\" src=\"https:\/\/noticiaempauta.com\/portal\/wp-content\/uploads\/2024\/11\/WhatsApp-Image-2024-11-05-at-15.32.42-1-1024x768.jpeg\" alt=\"\" class=\"wp-image-263785\" srcset=\"https:\/\/noticiaempauta.com\/portal\/wp-content\/uploads\/2024\/11\/WhatsApp-Image-2024-11-05-at-15.32.42-1-1024x768.jpeg 1024w, https:\/\/noticiaempauta.com\/portal\/wp-content\/uploads\/2024\/11\/WhatsApp-Image-2024-11-05-at-15.32.42-1-300x225.jpeg 300w, https:\/\/noticiaempauta.com\/portal\/wp-content\/uploads\/2024\/11\/WhatsApp-Image-2024-11-05-at-15.32.42-1-768x576.jpeg 768w, https:\/\/noticiaempauta.com\/portal\/wp-content\/uploads\/2024\/11\/WhatsApp-Image-2024-11-05-at-15.32.42-1.jpeg 1280w\" sizes=\"(max-width: 1024px) 100vw, 1024px\" \/><\/figure>\n\n\n\n<p>O prefeito tamb\u00e9m esteve em encontro com o Senador Marcelo Castro, na pauta a busca de mais recursos e investimentos para obras e a\u00e7\u00f5es que beneficiem a popula\u00e7\u00e3o do munic\u00edpio.<\/p>\n\n\n\n<figure class=\"wp-block-image size-large\"><img loading=\"lazy\" decoding=\"async\" width=\"829\" height=\"1024\" src=\"https:\/\/noticiaempauta.com\/portal\/wp-content\/uploads\/2024\/11\/WhatsApp-Image-2024-11-05-at-15.32.53-829x1024.jpeg\" alt=\"\" class=\"wp-image-263786\" srcset=\"https:\/\/noticiaempauta.com\/portal\/wp-content\/uploads\/2024\/11\/WhatsApp-Image-2024-11-05-at-15.32.53-829x1024.jpeg 829w, https:\/\/noticiaempauta.com\/portal\/wp-content\/uploads\/2024\/11\/WhatsApp-Image-2024-11-05-at-15.32.53-243x300.jpeg 243w, https:\/\/noticiaempauta.com\/portal\/wp-content\/uploads\/2024\/11\/WhatsApp-Image-2024-11-05-at-15.32.53-768x948.jpeg 768w, https:\/\/noticiaempauta.com\/portal\/wp-content\/uploads\/2024\/11\/WhatsApp-Image-2024-11-05-at-15.32.53-1244x1536.jpeg 1244w, https:\/\/noticiaempauta.com\/portal\/wp-content\/uploads\/2024\/11\/WhatsApp-Image-2024-11-05-at-15.32.53.jpeg 1296w\" sizes=\"(max-width: 829px) 100vw, 829px\" \/><\/figure>\n\n\n\n<p><\/p>\n","protected":false},"excerpt":{"rendered":"<p>Nesta ter\u00e7a-feira, 05, e quarta-feira, 06 de outubro, o prefeito Djalma Policarpo, acompanhado pela primeira-dama, Josefina Policarpo, est\u00e1 em Bras\u00edlia com uma agenda repleta de compromissos em prol do desenvolvimento de Monsenhor Hip\u00f3lito. Na visita, Djalma Policarpo tamb\u00e9m participa do evento Semin\u00e1rio de Novos Gestores promovido pela Confedera\u00e7\u00e3o Nacional de Munic\u00edpios (CNM), na capital federal. [&hellip;]<\/p>\n","protected":false},"author":2,"featured_media":263783,"comment_status":"open","ping_status":"open","sticky":false,"template":"","format":"standard","meta":{"_mi_skip_tracking":false,"footnotes":""},"categories":[25,1,9,16],"tags":[192],"class_list":["post-263782","post","type-post","status-publish","format-standard","has-post-thumbnail","hentry","category-destaques-site","category-geral","category-municipios","category-todas","tag-destaqueprincipal"],"acf":[],"yoast_head":"<!-- This site is optimized with the Yoast SEO Premium plugin v19.2 (Yoast SEO v26.9) - https:\/\/yoast.com\/product\/yoast-seo-premium-wordpress\/ -->\n<title>Em Bras\u00edlia prefeito Djalma cumpre agenda pol\u00edtico-administrativa em busca de avan\u00e7os para Monsenhor Hip\u00f3lito - Portal Not\u00edcia em Pauta<\/title>\n<meta name=\"robots\" content=\"index, follow, max-snippet:-1, max-image-preview:large, max-video-preview:-1\" \/>\n<link rel=\"canonical\" href=\"https:\/\/noticiaempauta.com\/portal\/em-brasilia-prefeito-djalma-cumpre-agenda-politico-administrativa-em-busca-de-avancos-para-monsenhor-hipolito\/\" \/>\n<meta property=\"og:locale\" content=\"pt_BR\" \/>\n<meta property=\"og:type\" content=\"article\" \/>\n<meta property=\"og:title\" content=\"Em Bras\u00edlia prefeito Djalma cumpre agenda pol\u00edtico-administrativa em busca de avan\u00e7os para Monsenhor Hip\u00f3lito\" \/>\n<meta property=\"og:description\" content=\"Nesta ter\u00e7a-feira, 05, e quarta-feira, 06 de outubro, o prefeito Djalma Policarpo, acompanhado pela primeira-dama, Josefina Policarpo, est\u00e1 em Bras\u00edlia com uma agenda repleta de compromissos em prol do desenvolvimento de Monsenhor Hip\u00f3lito. Na visita, Djalma Policarpo tamb\u00e9m participa do evento Semin\u00e1rio de Novos Gestores promovido pela Confedera\u00e7\u00e3o Nacional de Munic\u00edpios (CNM), na capital federal. [&hellip;]\" \/>\n<meta property=\"og:url\" content=\"https:\/\/noticiaempauta.com\/portal\/em-brasilia-prefeito-djalma-cumpre-agenda-politico-administrativa-em-busca-de-avancos-para-monsenhor-hipolito\/\" \/>\n<meta property=\"og:site_name\" content=\"Portal Not\u00edcia em Pauta\" \/>\n<meta property=\"article:publisher\" content=\"https:\/\/www.facebook.com\/Portal-Notcia-Em-Pauta-102292869264820\/\" \/>\n<meta property=\"article:published_time\" content=\"2024-11-05T18:37:48+00:00\" \/>\n<meta property=\"article:modified_time\" content=\"2024-11-05T18:37:49+00:00\" \/>\n<meta property=\"og:image\" content=\"https:\/\/noticiaempauta.com\/portal\/wp-content\/uploads\/2024\/11\/WhatsApp-Image-2024-11-05-at-15.30.56.jpeg\" \/>\n\t<meta property=\"og:image:width\" content=\"1600\" \/>\n\t<meta property=\"og:image:height\" content=\"914\" \/>\n\t<meta property=\"og:image:type\" content=\"image\/jpeg\" \/>\n<meta name=\"author\" content=\"Reda\u00e7\u00e3o\" \/>\n<meta name=\"twitter:card\" content=\"summary_large_image\" \/>\n<meta name=\"twitter:label1\" content=\"Escrito por\" \/>\n\t<meta name=\"twitter:data1\" content=\"Reda\u00e7\u00e3o\" \/>\n\t<meta name=\"twitter:label2\" content=\"Est. tempo de leitura\" \/>\n\t<meta name=\"twitter:data2\" content=\"2 minutos\" \/>\n<script type=\"application\/ld+json\" class=\"yoast-schema-graph\">{\"@context\":\"https:\/\/schema.org\",\"@graph\":[{\"@type\":\"Article\",\"@id\":\"https:\/\/noticiaempauta.com\/portal\/em-brasilia-prefeito-djalma-cumpre-agenda-politico-administrativa-em-busca-de-avancos-para-monsenhor-hipolito\/#article\",\"isPartOf\":{\"@id\":\"https:\/\/noticiaempauta.com\/portal\/em-brasilia-prefeito-djalma-cumpre-agenda-politico-administrativa-em-busca-de-avancos-para-monsenhor-hipolito\/\"},\"author\":{\"name\":\"Reda\u00e7\u00e3o\",\"@id\":\"https:\/\/noticiaempauta.com\/portal\/#\/schema\/person\/a74af43dd1ab3deca45f988c717d57ac\"},\"headline\":\"Em Bras\u00edlia prefeito Djalma cumpre agenda pol\u00edtico-administrativa em busca de avan\u00e7os para Monsenhor Hip\u00f3lito\",\"datePublished\":\"2024-11-05T18:37:48+00:00\",\"dateModified\":\"2024-11-05T18:37:49+00:00\",\"mainEntityOfPage\":{\"@id\":\"https:\/\/noticiaempauta.com\/portal\/em-brasilia-prefeito-djalma-cumpre-agenda-politico-administrativa-em-busca-de-avancos-para-monsenhor-hipolito\/\"},\"wordCount\":194,\"commentCount\":0,\"publisher\":{\"@id\":\"https:\/\/noticiaempauta.com\/portal\/#organization\"},\"image\":{\"@id\":\"https:\/\/noticiaempauta.com\/portal\/em-brasilia-prefeito-djalma-cumpre-agenda-politico-administrativa-em-busca-de-avancos-para-monsenhor-hipolito\/#primaryimage\"},\"thumbnailUrl\":\"https:\/\/noticiaempauta.com\/portal\/wp-content\/uploads\/2024\/11\/WhatsApp-Image-2024-11-05-at-15.30.56.jpeg\",\"keywords\":[\"destaqueprincipal\"],\"articleSection\":[\"Destaques\",\"Geral\",\"Munic\u00edpios\",\"Todas as Not\u00edcias\"],\"inLanguage\":\"pt-BR\",\"potentialAction\":[{\"@type\":\"CommentAction\",\"name\":\"Comment\",\"target\":[\"https:\/\/noticiaempauta.com\/portal\/em-brasilia-prefeito-djalma-cumpre-agenda-politico-administrativa-em-busca-de-avancos-para-monsenhor-hipolito\/#respond\"]}]},{\"@type\":\"WebPage\",\"@id\":\"https:\/\/noticiaempauta.com\/portal\/em-brasilia-prefeito-djalma-cumpre-agenda-politico-administrativa-em-busca-de-avancos-para-monsenhor-hipolito\/\",\"url\":\"https:\/\/noticiaempauta.com\/portal\/em-brasilia-prefeito-djalma-cumpre-agenda-politico-administrativa-em-busca-de-avancos-para-monsenhor-hipolito\/\",\"name\":\"Em Bras\u00edlia prefeito Djalma cumpre agenda pol\u00edtico-administrativa em busca de avan\u00e7os para Monsenhor Hip\u00f3lito - Portal Not\u00edcia em Pauta\",\"isPartOf\":{\"@id\":\"https:\/\/noticiaempauta.com\/portal\/#website\"},\"primaryImageOfPage\":{\"@id\":\"https:\/\/noticiaempauta.com\/portal\/em-brasilia-prefeito-djalma-cumpre-agenda-politico-administrativa-em-busca-de-avancos-para-monsenhor-hipolito\/#primaryimage\"},\"image\":{\"@id\":\"https:\/\/noticiaempauta.com\/portal\/em-brasilia-prefeito-djalma-cumpre-agenda-politico-administrativa-em-busca-de-avancos-para-monsenhor-hipolito\/#primaryimage\"},\"thumbnailUrl\":\"https:\/\/noticiaempauta.com\/portal\/wp-content\/uploads\/2024\/11\/WhatsApp-Image-2024-11-05-at-15.30.56.jpeg\",\"datePublished\":\"2024-11-05T18:37:48+00:00\",\"dateModified\":\"2024-11-05T18:37:49+00:00\",\"breadcrumb\":{\"@id\":\"https:\/\/noticiaempauta.com\/portal\/em-brasilia-prefeito-djalma-cumpre-agenda-politico-administrativa-em-busca-de-avancos-para-monsenhor-hipolito\/#breadcrumb\"},\"inLanguage\":\"pt-BR\",\"potentialAction\":[{\"@type\":\"ReadAction\",\"target\":[\"https:\/\/noticiaempauta.com\/portal\/em-brasilia-prefeito-djalma-cumpre-agenda-politico-administrativa-em-busca-de-avancos-para-monsenhor-hipolito\/\"]}]},{\"@type\":\"ImageObject\",\"inLanguage\":\"pt-BR\",\"@id\":\"https:\/\/noticiaempauta.com\/portal\/em-brasilia-prefeito-djalma-cumpre-agenda-politico-administrativa-em-busca-de-avancos-para-monsenhor-hipolito\/#primaryimage\",\"url\":\"https:\/\/noticiaempauta.com\/portal\/wp-content\/uploads\/2024\/11\/WhatsApp-Image-2024-11-05-at-15.30.56.jpeg\",\"contentUrl\":\"https:\/\/noticiaempauta.com\/portal\/wp-content\/uploads\/2024\/11\/WhatsApp-Image-2024-11-05-at-15.30.56.jpeg\",\"width\":1600,\"height\":914},{\"@type\":\"BreadcrumbList\",\"@id\":\"https:\/\/noticiaempauta.com\/portal\/em-brasilia-prefeito-djalma-cumpre-agenda-politico-administrativa-em-busca-de-avancos-para-monsenhor-hipolito\/#breadcrumb\",\"itemListElement\":[{\"@type\":\"ListItem\",\"position\":1,\"name\":\"P\u00e1gina Inicial\",\"item\":\"https:\/\/noticiaempauta.com\/portal\/\"},{\"@type\":\"ListItem\",\"position\":2,\"name\":\"Destaques\",\"item\":\"https:\/\/noticiaempauta.com\/portal\/destaques-site\/\"},{\"@type\":\"ListItem\",\"position\":3,\"name\":\"Em Bras\u00edlia prefeito Djalma cumpre agenda pol\u00edtico-administrativa em busca de avan\u00e7os para Monsenhor Hip\u00f3lito\"}]},{\"@type\":\"WebSite\",\"@id\":\"https:\/\/noticiaempauta.com\/portal\/#website\",\"url\":\"https:\/\/noticiaempauta.com\/portal\/\",\"name\":\"Portal Not\u00edcia em Pauta\",\"description\":\"Voc\u00ea bem informado\",\"publisher\":{\"@id\":\"https:\/\/noticiaempauta.com\/portal\/#organization\"},\"potentialAction\":[{\"@type\":\"SearchAction\",\"target\":{\"@type\":\"EntryPoint\",\"urlTemplate\":\"https:\/\/noticiaempauta.com\/portal\/?s={search_term_string}\"},\"query-input\":{\"@type\":\"PropertyValueSpecification\",\"valueRequired\":true,\"valueName\":\"search_term_string\"}}],\"inLanguage\":\"pt-BR\"},{\"@type\":\"Organization\",\"@id\":\"https:\/\/noticiaempauta.com\/portal\/#organization\",\"name\":\"Portal Not\u00edcia em Pauta\",\"url\":\"https:\/\/noticiaempauta.com\/portal\/\",\"logo\":{\"@type\":\"ImageObject\",\"inLanguage\":\"pt-BR\",\"@id\":\"https:\/\/noticiaempauta.com\/portal\/#\/schema\/logo\/image\/\",\"url\":\"https:\/\/noticiaempauta.com\/portal\/wp-content\/uploads\/2022\/08\/logomarca_tema.fw_.png\",\"contentUrl\":\"https:\/\/noticiaempauta.com\/portal\/wp-content\/uploads\/2022\/08\/logomarca_tema.fw_.png\",\"width\":400,\"height\":232,\"caption\":\"Portal Not\u00edcia em Pauta\"},\"image\":{\"@id\":\"https:\/\/noticiaempauta.com\/portal\/#\/schema\/logo\/image\/\"},\"sameAs\":[\"https:\/\/www.facebook.com\/Portal-Notcia-Em-Pauta-102292869264820\/\",\"https:\/\/www.instagram.com\/portalnoticiaempauta\/\"]},{\"@type\":\"Person\",\"@id\":\"https:\/\/noticiaempauta.com\/portal\/#\/schema\/person\/a74af43dd1ab3deca45f988c717d57ac\",\"name\":\"Reda\u00e7\u00e3o\",\"image\":{\"@type\":\"ImageObject\",\"inLanguage\":\"pt-BR\",\"@id\":\"https:\/\/noticiaempauta.com\/portal\/#\/schema\/person\/image\/\",\"url\":\"https:\/\/secure.gravatar.com\/avatar\/03179346ecce6cdfc13361603e8f54242a90e5cde8618fa23c5c00aa2b0aadf3?s=96&d=mm&r=g\",\"contentUrl\":\"https:\/\/secure.gravatar.com\/avatar\/03179346ecce6cdfc13361603e8f54242a90e5cde8618fa23c5c00aa2b0aadf3?s=96&d=mm&r=g\",\"caption\":\"Reda\u00e7\u00e3o\"},\"sameAs\":[\"https:\/\/noticiaempauta.com\/portal\/\"],\"url\":\"https:\/\/noticiaempauta.com\/portal\/author\/fernando\/\"}]}<\/script>\n<!-- \/ Yoast SEO Premium plugin. -->","yoast_head_json":{"title":"Em Bras\u00edlia prefeito Djalma cumpre agenda pol\u00edtico-administrativa em busca de avan\u00e7os para Monsenhor Hip\u00f3lito - Portal Not\u00edcia em Pauta","robots":{"index":"index","follow":"follow","max-snippet":"max-snippet:-1","max-image-preview":"max-image-preview:large","max-video-preview":"max-video-preview:-1"},"canonical":"https:\/\/noticiaempauta.com\/portal\/em-brasilia-prefeito-djalma-cumpre-agenda-politico-administrativa-em-busca-de-avancos-para-monsenhor-hipolito\/","og_locale":"pt_BR","og_type":"article","og_title":"Em Bras\u00edlia prefeito Djalma cumpre agenda pol\u00edtico-administrativa em busca de avan\u00e7os para Monsenhor Hip\u00f3lito","og_description":"Nesta ter\u00e7a-feira, 05, e quarta-feira, 06 de outubro, o prefeito Djalma Policarpo, acompanhado pela primeira-dama, Josefina Policarpo, est\u00e1 em Bras\u00edlia com uma agenda repleta de compromissos em prol do desenvolvimento de Monsenhor Hip\u00f3lito. Na visita, Djalma Policarpo tamb\u00e9m participa do evento Semin\u00e1rio de Novos Gestores promovido pela Confedera\u00e7\u00e3o Nacional de Munic\u00edpios (CNM), na capital federal. [&hellip;]","og_url":"https:\/\/noticiaempauta.com\/portal\/em-brasilia-prefeito-djalma-cumpre-agenda-politico-administrativa-em-busca-de-avancos-para-monsenhor-hipolito\/","og_site_name":"Portal Not\u00edcia em Pauta","article_publisher":"https:\/\/www.facebook.com\/Portal-Notcia-Em-Pauta-102292869264820\/","article_published_time":"2024-11-05T18:37:48+00:00","article_modified_time":"2024-11-05T18:37:49+00:00","og_image":[{"width":1600,"height":914,"url":"https:\/\/noticiaempauta.com\/portal\/wp-content\/uploads\/2024\/11\/WhatsApp-Image-2024-11-05-at-15.30.56.jpeg","type":"image\/jpeg"}],"author":"Reda\u00e7\u00e3o","twitter_card":"summary_large_image","twitter_misc":{"Escrito por":"Reda\u00e7\u00e3o","Est. tempo de leitura":"2 minutos"},"schema":{"@context":"https:\/\/schema.org","@graph":[{"@type":"Article","@id":"https:\/\/noticiaempauta.com\/portal\/em-brasilia-prefeito-djalma-cumpre-agenda-politico-administrativa-em-busca-de-avancos-para-monsenhor-hipolito\/#article","isPartOf":{"@id":"https:\/\/noticiaempauta.com\/portal\/em-brasilia-prefeito-djalma-cumpre-agenda-politico-administrativa-em-busca-de-avancos-para-monsenhor-hipolito\/"},"author":{"name":"Reda\u00e7\u00e3o","@id":"https:\/\/noticiaempauta.com\/portal\/#\/schema\/person\/a74af43dd1ab3deca45f988c717d57ac"},"headline":"Em Bras\u00edlia prefeito Djalma cumpre agenda pol\u00edtico-administrativa em busca de avan\u00e7os para Monsenhor Hip\u00f3lito","datePublished":"2024-11-05T18:37:48+00:00","dateModified":"2024-11-05T18:37:49+00:00","mainEntityOfPage":{"@id":"https:\/\/noticiaempauta.com\/portal\/em-brasilia-prefeito-djalma-cumpre-agenda-politico-administrativa-em-busca-de-avancos-para-monsenhor-hipolito\/"},"wordCount":194,"commentCount":0,"publisher":{"@id":"https:\/\/noticiaempauta.com\/portal\/#organization"},"image":{"@id":"https:\/\/noticiaempauta.com\/portal\/em-brasilia-prefeito-djalma-cumpre-agenda-politico-administrativa-em-busca-de-avancos-para-monsenhor-hipolito\/#primaryimage"},"thumbnailUrl":"https:\/\/noticiaempauta.com\/portal\/wp-content\/uploads\/2024\/11\/WhatsApp-Image-2024-11-05-at-15.30.56.jpeg","keywords":["destaqueprincipal"],"articleSection":["Destaques","Geral","Munic\u00edpios","Todas as Not\u00edcias"],"inLanguage":"pt-BR","potentialAction":[{"@type":"CommentAction","name":"Comment","target":["https:\/\/noticiaempauta.com\/portal\/em-brasilia-prefeito-djalma-cumpre-agenda-politico-administrativa-em-busca-de-avancos-para-monsenhor-hipolito\/#respond"]}]},{"@type":"WebPage","@id":"https:\/\/noticiaempauta.com\/portal\/em-brasilia-prefeito-djalma-cumpre-agenda-politico-administrativa-em-busca-de-avancos-para-monsenhor-hipolito\/","url":"https:\/\/noticiaempauta.com\/portal\/em-brasilia-prefeito-djalma-cumpre-agenda-politico-administrativa-em-busca-de-avancos-para-monsenhor-hipolito\/","name":"Em Bras\u00edlia prefeito Djalma cumpre agenda pol\u00edtico-administrativa em busca de avan\u00e7os para Monsenhor Hip\u00f3lito - Portal Not\u00edcia em Pauta","isPartOf":{"@id":"https:\/\/noticiaempauta.com\/portal\/#website"},"primaryImageOfPage":{"@id":"https:\/\/noticiaempauta.com\/portal\/em-brasilia-prefeito-djalma-cumpre-agenda-politico-administrativa-em-busca-de-avancos-para-monsenhor-hipolito\/#primaryimage"},"image":{"@id":"https:\/\/noticiaempauta.com\/portal\/em-brasilia-prefeito-djalma-cumpre-agenda-politico-administrativa-em-busca-de-avancos-para-monsenhor-hipolito\/#primaryimage"},"thumbnailUrl":"https:\/\/noticiaempauta.com\/portal\/wp-content\/uploads\/2024\/11\/WhatsApp-Image-2024-11-05-at-15.30.56.jpeg","datePublished":"2024-11-05T18:37:48+00:00","dateModified":"2024-11-05T18:37:49+00:00","breadcrumb":{"@id":"https:\/\/noticiaempauta.com\/portal\/em-brasilia-prefeito-djalma-cumpre-agenda-politico-administrativa-em-busca-de-avancos-para-monsenhor-hipolito\/#breadcrumb"},"inLanguage":"pt-BR","potentialAction":[{"@type":"ReadAction","target":["https:\/\/noticiaempauta.com\/portal\/em-brasilia-prefeito-djalma-cumpre-agenda-politico-administrativa-em-busca-de-avancos-para-monsenhor-hipolito\/"]}]},{"@type":"ImageObject","inLanguage":"pt-BR","@id":"https:\/\/noticiaempauta.com\/portal\/em-brasilia-prefeito-djalma-cumpre-agenda-politico-administrativa-em-busca-de-avancos-para-monsenhor-hipolito\/#primaryimage","url":"https:\/\/noticiaempauta.com\/portal\/wp-content\/uploads\/2024\/11\/WhatsApp-Image-2024-11-05-at-15.30.56.jpeg","contentUrl":"https:\/\/noticiaempauta.com\/portal\/wp-content\/uploads\/2024\/11\/WhatsApp-Image-2024-11-05-at-15.30.56.jpeg","width":1600,"height":914},{"@type":"BreadcrumbList","@id":"https:\/\/noticiaempauta.com\/portal\/em-brasilia-prefeito-djalma-cumpre-agenda-politico-administrativa-em-busca-de-avancos-para-monsenhor-hipolito\/#breadcrumb","itemListElement":[{"@type":"ListItem","position":1,"name":"P\u00e1gina Inicial","item":"https:\/\/noticiaempauta.com\/portal\/"},{"@type":"ListItem","position":2,"name":"Destaques","item":"https:\/\/noticiaempauta.com\/portal\/destaques-site\/"},{"@type":"ListItem","position":3,"name":"Em Bras\u00edlia prefeito Djalma cumpre agenda pol\u00edtico-administrativa em busca de avan\u00e7os para Monsenhor Hip\u00f3lito"}]},{"@type":"WebSite","@id":"https:\/\/noticiaempauta.com\/portal\/#website","url":"https:\/\/noticiaempauta.com\/portal\/","name":"Portal Not\u00edcia em Pauta","description":"Voc\u00ea bem informado","publisher":{"@id":"https:\/\/noticiaempauta.com\/portal\/#organization"},"potentialAction":[{"@type":"SearchAction","target":{"@type":"EntryPoint","urlTemplate":"https:\/\/noticiaempauta.com\/portal\/?s={search_term_string}"},"query-input":{"@type":"PropertyValueSpecification","valueRequired":true,"valueName":"search_term_string"}}],"inLanguage":"pt-BR"},{"@type":"Organization","@id":"https:\/\/noticiaempauta.com\/portal\/#organization","name":"Portal Not\u00edcia em Pauta","url":"https:\/\/noticiaempauta.com\/portal\/","logo":{"@type":"ImageObject","inLanguage":"pt-BR","@id":"https:\/\/noticiaempauta.com\/portal\/#\/schema\/logo\/image\/","url":"https:\/\/noticiaempauta.com\/portal\/wp-content\/uploads\/2022\/08\/logomarca_tema.fw_.png","contentUrl":"https:\/\/noticiaempauta.com\/portal\/wp-content\/uploads\/2022\/08\/logomarca_tema.fw_.png","width":400,"height":232,"caption":"Portal Not\u00edcia em Pauta"},"image":{"@id":"https:\/\/noticiaempauta.com\/portal\/#\/schema\/logo\/image\/"},"sameAs":["https:\/\/www.facebook.com\/Portal-Notcia-Em-Pauta-102292869264820\/","https:\/\/www.instagram.com\/portalnoticiaempauta\/"]},{"@type":"Person","@id":"https:\/\/noticiaempauta.com\/portal\/#\/schema\/person\/a74af43dd1ab3deca45f988c717d57ac","name":"Reda\u00e7\u00e3o","image":{"@type":"ImageObject","inLanguage":"pt-BR","@id":"https:\/\/noticiaempauta.com\/portal\/#\/schema\/person\/image\/","url":"https:\/\/secure.gravatar.com\/avatar\/03179346ecce6cdfc13361603e8f54242a90e5cde8618fa23c5c00aa2b0aadf3?s=96&d=mm&r=g","contentUrl":"https:\/\/secure.gravatar.com\/avatar\/03179346ecce6cdfc13361603e8f54242a90e5cde8618fa23c5c00aa2b0aadf3?s=96&d=mm&r=g","caption":"Reda\u00e7\u00e3o"},"sameAs":["https:\/\/noticiaempauta.com\/portal\/"],"url":"https:\/\/noticiaempauta.com\/portal\/author\/fernando\/"}]}},"_links":{"self":[{"href":"https:\/\/noticiaempauta.com\/portal\/wp-json\/wp\/v2\/posts\/263782","targetHints":{"allow":["GET"]}}],"collection":[{"href":"https:\/\/noticiaempauta.com\/portal\/wp-json\/wp\/v2\/posts"}],"about":[{"href":"https:\/\/noticiaempauta.com\/portal\/wp-json\/wp\/v2\/types\/post"}],"author":[{"embeddable":true,"href":"https:\/\/noticiaempauta.com\/portal\/wp-json\/wp\/v2\/users\/2"}],"replies":[{"embeddable":true,"href":"https:\/\/noticiaempauta.com\/portal\/wp-json\/wp\/v2\/comments?post=263782"}],"version-history":[{"count":2,"href":"https:\/\/noticiaempauta.com\/portal\/wp-json\/wp\/v2\/posts\/263782\/revisions"}],"predecessor-version":[{"id":263788,"href":"https:\/\/noticiaempauta.com\/portal\/wp-json\/wp\/v2\/posts\/263782\/revisions\/263788"}],"wp:featuredmedia":[{"embeddable":true,"href":"https:\/\/noticiaempauta.com\/portal\/wp-json\/wp\/v2\/media\/263783"}],"wp:attachment":[{"href":"https:\/\/noticiaempauta.com\/portal\/wp-json\/wp\/v2\/media?parent=263782"}],"wp:term":[{"taxonomy":"category","embeddable":true,"href":"https:\/\/noticiaempauta.com\/portal\/wp-json\/wp\/v2\/categories?post=263782"},{"taxonomy":"post_tag","embeddable":true,"href":"https:\/\/noticiaempauta.com\/portal\/wp-json\/wp\/v2\/tags?post=263782"}],"curies":[{"name":"wp","href":"https:\/\/api.w.org\/{rel}","templated":true}]}}