{"id":263856,"date":"2024-11-07T09:50:09","date_gmt":"2024-11-07T12:50:09","guid":{"rendered":"https:\/\/noticiaempauta.com\/portal\/?p=263856"},"modified":"2024-11-07T09:50:11","modified_gmt":"2024-11-07T12:50:11","slug":"alerta-2024-pode-ser-o-primeiro-ano-a-ultrapassar-o-marco-historico-de-15oc-de-aquecimento-global","status":"publish","type":"post","link":"https:\/\/noticiaempauta.com\/portal\/alerta-2024-pode-ser-o-primeiro-ano-a-ultrapassar-o-marco-historico-de-15oc-de-aquecimento-global\/","title":{"rendered":"Alerta: 2024 pode ser o primeiro ano a ultrapassar o marco hist\u00f3rico de 1,5\u00baC de aquecimento global"},"content":{"rendered":"\n<p>Novos dados do\u00a0Servi\u00e7o de Mudan\u00e7a Clim\u00e1tica Copernicus (C3S), do observat\u00f3rio europeu, indicam que 2024 deve ser o ano mais quente j\u00e1 registrado, com a\u00a0temperatura m\u00e9dia global ultrapassando 1,5\u00b0C acima dos n\u00edveis pr\u00e9-industriais\u00a0pela primeira vez. Outubro de 2024 registrou uma m\u00e9dia de 1,65\u00b0C acima do per\u00edodo pr\u00e9-industrial, marcando o 15\u00ba m\u00eas em 16 com temperaturas superiores ao limite de 1,5\u00b0C.<\/p>\n\n\n\n<figure class=\"wp-block-image size-large\"><img fetchpriority=\"high\" decoding=\"async\" width=\"1024\" height=\"683\" src=\"https:\/\/noticiaempauta.com\/portal\/wp-content\/uploads\/2024\/11\/alerta-2024-pode-ser-o-primeiro-ano-a-ultrapassar-o-marco-historico-de-1-5-c-de-aquecimento-global-a608d670-8613-4738-b85b-62ee76b5c9f9.jpg-1024x683.webp\" alt=\"\" class=\"wp-image-263857\" srcset=\"https:\/\/noticiaempauta.com\/portal\/wp-content\/uploads\/2024\/11\/alerta-2024-pode-ser-o-primeiro-ano-a-ultrapassar-o-marco-historico-de-1-5-c-de-aquecimento-global-a608d670-8613-4738-b85b-62ee76b5c9f9.jpg-1024x683.webp 1024w, https:\/\/noticiaempauta.com\/portal\/wp-content\/uploads\/2024\/11\/alerta-2024-pode-ser-o-primeiro-ano-a-ultrapassar-o-marco-historico-de-1-5-c-de-aquecimento-global-a608d670-8613-4738-b85b-62ee76b5c9f9.jpg-300x200.webp 300w, https:\/\/noticiaempauta.com\/portal\/wp-content\/uploads\/2024\/11\/alerta-2024-pode-ser-o-primeiro-ano-a-ultrapassar-o-marco-historico-de-1-5-c-de-aquecimento-global-a608d670-8613-4738-b85b-62ee76b5c9f9.jpg-768x512.webp 768w, https:\/\/noticiaempauta.com\/portal\/wp-content\/uploads\/2024\/11\/alerta-2024-pode-ser-o-primeiro-ano-a-ultrapassar-o-marco-historico-de-1-5-c-de-aquecimento-global-a608d670-8613-4738-b85b-62ee76b5c9f9.jpg.webp 1350w\" sizes=\"(max-width: 1024px) 100vw, 1024px\" \/><figcaption class=\"wp-element-caption\">(Foto: Reprodu\u00e7\u00e3o)<\/figcaption><\/figure>\n\n\n\n<p>Desde junho de 2023, temperaturas recordes t\u00eam sido registradas quase m\u00eas a m\u00eas, apontando para a gravidade da crise clim\u00e1tica. Apenas julho, setembro e outubro de\u00a02024 n\u00e3o estabeleceram novos recordes, enquanto agosto de 2024 igualou o valor de agosto de 2023.<\/p>\n\n\n\n<p>Segundo o C3S, outubro de 2024 foi o segundo mais quente de todos os tempos, com uma m\u00e9dia de 0,80\u00b0C acima de outubro de 1991-2020. Essa varia\u00e7\u00e3o, chamada de \u201canomalia de temperatura\u201d, mede o desvio da m\u00e9dia hist\u00f3rica \u2014 uma refer\u00eancia que serve para avaliar o aquecimento global.<\/p>\n\n\n\n<p>Nos \u00faltimos doze meses, a m\u00e9dia global de temperatura do ar foi 1,62\u00b0C acima do n\u00edvel pr\u00e9-industrial de 1850-1900. Entre janeiro e outubro de 2024, a anomalia foi de 0,71\u00b0C acima da m\u00e9dia de 1991-2020, colocando 2024 no caminho para ser o ano mais quente da hist\u00f3ria registrada.<\/p>\n\n\n\n<p>&#8220;Ap\u00f3s dez meses, \u00e9 praticamente certo que 2024 ser\u00e1 o ano mais quente j\u00e1 registrado, o primeiro a exceder 1,5\u00b0C em rela\u00e7\u00e3o aos n\u00edveis pr\u00e9-industriais. Isso refor\u00e7a a necessidade de maior comprometimento nas pr\u00f3ximas discuss\u00f5es da COP29&#8221;, afirmou Samantha Burgess, vice-diretora do C3S.<\/p>\n\n\n\n<h3 class=\"wp-block-heading\"><strong><u>Recordes de Temperatura<\/u><\/strong><\/h3>\n\n\n\n<p>Os \u00faltimos dois anos t\u00eam mostrado recordes sucessivos de temperatura. Em 2023, o planeta vivenciou o m\u00eas de junho mais quente da hist\u00f3ria, seguido por quebras de recorde em julho, agosto, e assim por diante. Al\u00e9m disso, houve o maior n\u00famero de dias com temperaturas superiores a 1,5\u00b0C em rela\u00e7\u00e3o aos n\u00edveis pr\u00e9-industriais, e, pela primeira vez, um dia superou 2\u00b0C acima dessa refer\u00eancia.<\/p>\n\n\n\n<p>Em julho de 2023, as temperaturas m\u00e9dias globais foram possivelmente as mais elevadas dos \u00faltimos 120 mil anos, e o recorde de setembro foi quebrado por uma diferen\u00e7a de 0,5\u00b0C.<\/p>\n\n\n\n<h3 class=\"wp-block-heading\">Indicadores da Crise Clim\u00e1tica<\/h3>\n\n\n\n<p>Os gr\u00e1ficos clim\u00e1ticos de 2024 refor\u00e7am a trajet\u00f3ria da crise. A temperatura da superf\u00edcie dos oceanos, por exemplo, registrou m\u00e1ximas consecutivas nos \u00faltimos treze meses. Em termos de degelo, a Ant\u00e1rtida e o \u00c1rtico apresentam uma das menores extens\u00f5es de gelo marinho j\u00e1 observadas, com o gelo ant\u00e1rtico estabelecendo um novo recorde de baixa em fevereiro de 2024.<\/p>\n\n\n\n<p>O gr\u00e1fico das \u201cListras de Aquecimento Global\u201d, criado pelo cientista Ed Hawkins, tamb\u00e9m destaca visualmente o aquecimento desde a Revolu\u00e7\u00e3o Industrial, com temperaturas em 2023 superando a escala original do gr\u00e1fico.<\/p>\n\n\n\n<h3 class=\"wp-block-heading\"><strong><u>Emiss\u00f5es de CO\u2082 e Aquecimento Global<\/u><\/strong><\/h3>\n\n\n\n<p>A queima de combust\u00edveis f\u00f3sseis \u2014 fonte prim\u00e1ria de di\u00f3xido de carbono (CO\u2082) \u2014 tem sido o principal fator de intensifica\u00e7\u00e3o do aquecimento desde a Revolu\u00e7\u00e3o Industrial, contribuindo diretamente para o aumento dos n\u00edveis globais de temperatura e do n\u00famero de dias que ultrapassam 1,5\u00b0C acima da m\u00e9dia pr\u00e9-industrial.<\/p>\n\n\n\n<h3 class=\"wp-block-heading\"><strong><u>A D\u00e9cada Mais Quente<\/u><\/strong><\/h3>\n\n\n\n<p>Os \u00faltimos dez anos (2014-2023) foram os mais quentes j\u00e1 registrados, evidenciando o agravamento da crise clim\u00e1tica. Em 2023, houve um recorde de 173 dias com temperaturas acima de 1,5\u00b0C, um sinal claro da crescente instabilidade clim\u00e1tica global.<\/p>\n\n\n\n<p><strong>Fonte: Meio News<\/strong><\/p>\n\n\n\n<p><\/p>\n","protected":false},"excerpt":{"rendered":"<p>Novos dados do\u00a0Servi\u00e7o de Mudan\u00e7a Clim\u00e1tica Copernicus (C3S), do observat\u00f3rio europeu, indicam que 2024 deve ser o ano mais quente j\u00e1 registrado, com a\u00a0temperatura m\u00e9dia global ultrapassando 1,5\u00b0C acima dos n\u00edveis pr\u00e9-industriais\u00a0pela primeira vez. Outubro de 2024 registrou uma m\u00e9dia de 1,65\u00b0C acima do per\u00edodo pr\u00e9-industrial, marcando o 15\u00ba m\u00eas em 16 com temperaturas superiores [&hellip;]<\/p>\n","protected":false},"author":2,"featured_media":263857,"comment_status":"open","ping_status":"open","sticky":false,"template":"","format":"standard","meta":{"_mi_skip_tracking":false,"footnotes":""},"categories":[25,1,16],"tags":[192],"class_list":["post-263856","post","type-post","status-publish","format-standard","has-post-thumbnail","hentry","category-destaques-site","category-geral","category-todas","tag-destaqueprincipal"],"acf":[],"yoast_head":"<!-- This site is optimized with the Yoast SEO Premium plugin v19.2 (Yoast SEO v26.9) - https:\/\/yoast.com\/product\/yoast-seo-premium-wordpress\/ -->\n<title>Alerta: 2024 pode ser o primeiro ano a ultrapassar o marco hist\u00f3rico de 1,5\u00baC de aquecimento global - Portal Not\u00edcia em Pauta<\/title>\n<meta name=\"robots\" content=\"index, follow, max-snippet:-1, max-image-preview:large, max-video-preview:-1\" \/>\n<link rel=\"canonical\" href=\"https:\/\/noticiaempauta.com\/portal\/alerta-2024-pode-ser-o-primeiro-ano-a-ultrapassar-o-marco-historico-de-15oc-de-aquecimento-global\/\" \/>\n<meta property=\"og:locale\" content=\"pt_BR\" \/>\n<meta property=\"og:type\" content=\"article\" \/>\n<meta property=\"og:title\" content=\"Alerta: 2024 pode ser o primeiro ano a ultrapassar o marco hist\u00f3rico de 1,5\u00baC de aquecimento global\" \/>\n<meta property=\"og:description\" content=\"Novos dados do\u00a0Servi\u00e7o de Mudan\u00e7a Clim\u00e1tica Copernicus (C3S), do observat\u00f3rio europeu, indicam que 2024 deve ser o ano mais quente j\u00e1 registrado, com a\u00a0temperatura m\u00e9dia global ultrapassando 1,5\u00b0C acima dos n\u00edveis pr\u00e9-industriais\u00a0pela primeira vez. Outubro de 2024 registrou uma m\u00e9dia de 1,65\u00b0C acima do per\u00edodo pr\u00e9-industrial, marcando o 15\u00ba m\u00eas em 16 com temperaturas superiores [&hellip;]\" \/>\n<meta property=\"og:url\" content=\"https:\/\/noticiaempauta.com\/portal\/alerta-2024-pode-ser-o-primeiro-ano-a-ultrapassar-o-marco-historico-de-15oc-de-aquecimento-global\/\" \/>\n<meta property=\"og:site_name\" content=\"Portal Not\u00edcia em Pauta\" \/>\n<meta property=\"article:publisher\" content=\"https:\/\/www.facebook.com\/Portal-Notcia-Em-Pauta-102292869264820\/\" \/>\n<meta property=\"article:published_time\" content=\"2024-11-07T12:50:09+00:00\" \/>\n<meta property=\"article:modified_time\" content=\"2024-11-07T12:50:11+00:00\" \/>\n<meta property=\"og:image\" content=\"https:\/\/noticiaempauta.com\/portal\/wp-content\/uploads\/2024\/11\/alerta-2024-pode-ser-o-primeiro-ano-a-ultrapassar-o-marco-historico-de-1-5-c-de-aquecimento-global-a608d670-8613-4738-b85b-62ee76b5c9f9.jpg.webp\" \/>\n\t<meta property=\"og:image:width\" content=\"1350\" \/>\n\t<meta property=\"og:image:height\" content=\"900\" \/>\n\t<meta property=\"og:image:type\" content=\"image\/webp\" \/>\n<meta name=\"author\" content=\"Reda\u00e7\u00e3o\" \/>\n<meta name=\"twitter:card\" content=\"summary_large_image\" \/>\n<meta name=\"twitter:label1\" content=\"Escrito por\" \/>\n\t<meta name=\"twitter:data1\" content=\"Reda\u00e7\u00e3o\" \/>\n\t<meta name=\"twitter:label2\" content=\"Est. tempo de leitura\" \/>\n\t<meta name=\"twitter:data2\" content=\"4 minutos\" \/>\n<script type=\"application\/ld+json\" class=\"yoast-schema-graph\">{\"@context\":\"https:\/\/schema.org\",\"@graph\":[{\"@type\":\"Article\",\"@id\":\"https:\/\/noticiaempauta.com\/portal\/alerta-2024-pode-ser-o-primeiro-ano-a-ultrapassar-o-marco-historico-de-15oc-de-aquecimento-global\/#article\",\"isPartOf\":{\"@id\":\"https:\/\/noticiaempauta.com\/portal\/alerta-2024-pode-ser-o-primeiro-ano-a-ultrapassar-o-marco-historico-de-15oc-de-aquecimento-global\/\"},\"author\":{\"name\":\"Reda\u00e7\u00e3o\",\"@id\":\"https:\/\/noticiaempauta.com\/portal\/#\/schema\/person\/a74af43dd1ab3deca45f988c717d57ac\"},\"headline\":\"Alerta: 2024 pode ser o primeiro ano a ultrapassar o marco hist\u00f3rico de 1,5\u00baC de aquecimento global\",\"datePublished\":\"2024-11-07T12:50:09+00:00\",\"dateModified\":\"2024-11-07T12:50:11+00:00\",\"mainEntityOfPage\":{\"@id\":\"https:\/\/noticiaempauta.com\/portal\/alerta-2024-pode-ser-o-primeiro-ano-a-ultrapassar-o-marco-historico-de-15oc-de-aquecimento-global\/\"},\"wordCount\":604,\"commentCount\":0,\"publisher\":{\"@id\":\"https:\/\/noticiaempauta.com\/portal\/#organization\"},\"image\":{\"@id\":\"https:\/\/noticiaempauta.com\/portal\/alerta-2024-pode-ser-o-primeiro-ano-a-ultrapassar-o-marco-historico-de-15oc-de-aquecimento-global\/#primaryimage\"},\"thumbnailUrl\":\"https:\/\/noticiaempauta.com\/portal\/wp-content\/uploads\/2024\/11\/alerta-2024-pode-ser-o-primeiro-ano-a-ultrapassar-o-marco-historico-de-1-5-c-de-aquecimento-global-a608d670-8613-4738-b85b-62ee76b5c9f9.jpg.webp\",\"keywords\":[\"destaqueprincipal\"],\"articleSection\":[\"Destaques\",\"Geral\",\"Todas as Not\u00edcias\"],\"inLanguage\":\"pt-BR\",\"potentialAction\":[{\"@type\":\"CommentAction\",\"name\":\"Comment\",\"target\":[\"https:\/\/noticiaempauta.com\/portal\/alerta-2024-pode-ser-o-primeiro-ano-a-ultrapassar-o-marco-historico-de-15oc-de-aquecimento-global\/#respond\"]}]},{\"@type\":\"WebPage\",\"@id\":\"https:\/\/noticiaempauta.com\/portal\/alerta-2024-pode-ser-o-primeiro-ano-a-ultrapassar-o-marco-historico-de-15oc-de-aquecimento-global\/\",\"url\":\"https:\/\/noticiaempauta.com\/portal\/alerta-2024-pode-ser-o-primeiro-ano-a-ultrapassar-o-marco-historico-de-15oc-de-aquecimento-global\/\",\"name\":\"Alerta: 2024 pode ser o primeiro ano a ultrapassar o marco hist\u00f3rico de 1,5\u00baC de aquecimento global - Portal Not\u00edcia em Pauta\",\"isPartOf\":{\"@id\":\"https:\/\/noticiaempauta.com\/portal\/#website\"},\"primaryImageOfPage\":{\"@id\":\"https:\/\/noticiaempauta.com\/portal\/alerta-2024-pode-ser-o-primeiro-ano-a-ultrapassar-o-marco-historico-de-15oc-de-aquecimento-global\/#primaryimage\"},\"image\":{\"@id\":\"https:\/\/noticiaempauta.com\/portal\/alerta-2024-pode-ser-o-primeiro-ano-a-ultrapassar-o-marco-historico-de-15oc-de-aquecimento-global\/#primaryimage\"},\"thumbnailUrl\":\"https:\/\/noticiaempauta.com\/portal\/wp-content\/uploads\/2024\/11\/alerta-2024-pode-ser-o-primeiro-ano-a-ultrapassar-o-marco-historico-de-1-5-c-de-aquecimento-global-a608d670-8613-4738-b85b-62ee76b5c9f9.jpg.webp\",\"datePublished\":\"2024-11-07T12:50:09+00:00\",\"dateModified\":\"2024-11-07T12:50:11+00:00\",\"breadcrumb\":{\"@id\":\"https:\/\/noticiaempauta.com\/portal\/alerta-2024-pode-ser-o-primeiro-ano-a-ultrapassar-o-marco-historico-de-15oc-de-aquecimento-global\/#breadcrumb\"},\"inLanguage\":\"pt-BR\",\"potentialAction\":[{\"@type\":\"ReadAction\",\"target\":[\"https:\/\/noticiaempauta.com\/portal\/alerta-2024-pode-ser-o-primeiro-ano-a-ultrapassar-o-marco-historico-de-15oc-de-aquecimento-global\/\"]}]},{\"@type\":\"ImageObject\",\"inLanguage\":\"pt-BR\",\"@id\":\"https:\/\/noticiaempauta.com\/portal\/alerta-2024-pode-ser-o-primeiro-ano-a-ultrapassar-o-marco-historico-de-15oc-de-aquecimento-global\/#primaryimage\",\"url\":\"https:\/\/noticiaempauta.com\/portal\/wp-content\/uploads\/2024\/11\/alerta-2024-pode-ser-o-primeiro-ano-a-ultrapassar-o-marco-historico-de-1-5-c-de-aquecimento-global-a608d670-8613-4738-b85b-62ee76b5c9f9.jpg.webp\",\"contentUrl\":\"https:\/\/noticiaempauta.com\/portal\/wp-content\/uploads\/2024\/11\/alerta-2024-pode-ser-o-primeiro-ano-a-ultrapassar-o-marco-historico-de-1-5-c-de-aquecimento-global-a608d670-8613-4738-b85b-62ee76b5c9f9.jpg.webp\",\"width\":1350,\"height\":900},{\"@type\":\"BreadcrumbList\",\"@id\":\"https:\/\/noticiaempauta.com\/portal\/alerta-2024-pode-ser-o-primeiro-ano-a-ultrapassar-o-marco-historico-de-15oc-de-aquecimento-global\/#breadcrumb\",\"itemListElement\":[{\"@type\":\"ListItem\",\"position\":1,\"name\":\"P\u00e1gina Inicial\",\"item\":\"https:\/\/noticiaempauta.com\/portal\/\"},{\"@type\":\"ListItem\",\"position\":2,\"name\":\"Destaques\",\"item\":\"https:\/\/noticiaempauta.com\/portal\/destaques-site\/\"},{\"@type\":\"ListItem\",\"position\":3,\"name\":\"Alerta: 2024 pode ser o primeiro ano a ultrapassar o marco hist\u00f3rico de 1,5\u00baC de aquecimento global\"}]},{\"@type\":\"WebSite\",\"@id\":\"https:\/\/noticiaempauta.com\/portal\/#website\",\"url\":\"https:\/\/noticiaempauta.com\/portal\/\",\"name\":\"Portal Not\u00edcia em Pauta\",\"description\":\"Voc\u00ea bem informado\",\"publisher\":{\"@id\":\"https:\/\/noticiaempauta.com\/portal\/#organization\"},\"potentialAction\":[{\"@type\":\"SearchAction\",\"target\":{\"@type\":\"EntryPoint\",\"urlTemplate\":\"https:\/\/noticiaempauta.com\/portal\/?s={search_term_string}\"},\"query-input\":{\"@type\":\"PropertyValueSpecification\",\"valueRequired\":true,\"valueName\":\"search_term_string\"}}],\"inLanguage\":\"pt-BR\"},{\"@type\":\"Organization\",\"@id\":\"https:\/\/noticiaempauta.com\/portal\/#organization\",\"name\":\"Portal Not\u00edcia em Pauta\",\"url\":\"https:\/\/noticiaempauta.com\/portal\/\",\"logo\":{\"@type\":\"ImageObject\",\"inLanguage\":\"pt-BR\",\"@id\":\"https:\/\/noticiaempauta.com\/portal\/#\/schema\/logo\/image\/\",\"url\":\"https:\/\/noticiaempauta.com\/portal\/wp-content\/uploads\/2022\/08\/logomarca_tema.fw_.png\",\"contentUrl\":\"https:\/\/noticiaempauta.com\/portal\/wp-content\/uploads\/2022\/08\/logomarca_tema.fw_.png\",\"width\":400,\"height\":232,\"caption\":\"Portal Not\u00edcia em Pauta\"},\"image\":{\"@id\":\"https:\/\/noticiaempauta.com\/portal\/#\/schema\/logo\/image\/\"},\"sameAs\":[\"https:\/\/www.facebook.com\/Portal-Notcia-Em-Pauta-102292869264820\/\",\"https:\/\/www.instagram.com\/portalnoticiaempauta\/\"]},{\"@type\":\"Person\",\"@id\":\"https:\/\/noticiaempauta.com\/portal\/#\/schema\/person\/a74af43dd1ab3deca45f988c717d57ac\",\"name\":\"Reda\u00e7\u00e3o\",\"image\":{\"@type\":\"ImageObject\",\"inLanguage\":\"pt-BR\",\"@id\":\"https:\/\/noticiaempauta.com\/portal\/#\/schema\/person\/image\/\",\"url\":\"https:\/\/secure.gravatar.com\/avatar\/03179346ecce6cdfc13361603e8f54242a90e5cde8618fa23c5c00aa2b0aadf3?s=96&d=mm&r=g\",\"contentUrl\":\"https:\/\/secure.gravatar.com\/avatar\/03179346ecce6cdfc13361603e8f54242a90e5cde8618fa23c5c00aa2b0aadf3?s=96&d=mm&r=g\",\"caption\":\"Reda\u00e7\u00e3o\"},\"sameAs\":[\"https:\/\/noticiaempauta.com\/portal\/\"],\"url\":\"https:\/\/noticiaempauta.com\/portal\/author\/fernando\/\"}]}<\/script>\n<!-- \/ Yoast SEO Premium plugin. -->","yoast_head_json":{"title":"Alerta: 2024 pode ser o primeiro ano a ultrapassar o marco hist\u00f3rico de 1,5\u00baC de aquecimento global - Portal Not\u00edcia em Pauta","robots":{"index":"index","follow":"follow","max-snippet":"max-snippet:-1","max-image-preview":"max-image-preview:large","max-video-preview":"max-video-preview:-1"},"canonical":"https:\/\/noticiaempauta.com\/portal\/alerta-2024-pode-ser-o-primeiro-ano-a-ultrapassar-o-marco-historico-de-15oc-de-aquecimento-global\/","og_locale":"pt_BR","og_type":"article","og_title":"Alerta: 2024 pode ser o primeiro ano a ultrapassar o marco hist\u00f3rico de 1,5\u00baC de aquecimento global","og_description":"Novos dados do\u00a0Servi\u00e7o de Mudan\u00e7a Clim\u00e1tica Copernicus (C3S), do observat\u00f3rio europeu, indicam que 2024 deve ser o ano mais quente j\u00e1 registrado, com a\u00a0temperatura m\u00e9dia global ultrapassando 1,5\u00b0C acima dos n\u00edveis pr\u00e9-industriais\u00a0pela primeira vez. Outubro de 2024 registrou uma m\u00e9dia de 1,65\u00b0C acima do per\u00edodo pr\u00e9-industrial, marcando o 15\u00ba m\u00eas em 16 com temperaturas superiores [&hellip;]","og_url":"https:\/\/noticiaempauta.com\/portal\/alerta-2024-pode-ser-o-primeiro-ano-a-ultrapassar-o-marco-historico-de-15oc-de-aquecimento-global\/","og_site_name":"Portal Not\u00edcia em Pauta","article_publisher":"https:\/\/www.facebook.com\/Portal-Notcia-Em-Pauta-102292869264820\/","article_published_time":"2024-11-07T12:50:09+00:00","article_modified_time":"2024-11-07T12:50:11+00:00","og_image":[{"width":1350,"height":900,"url":"https:\/\/noticiaempauta.com\/portal\/wp-content\/uploads\/2024\/11\/alerta-2024-pode-ser-o-primeiro-ano-a-ultrapassar-o-marco-historico-de-1-5-c-de-aquecimento-global-a608d670-8613-4738-b85b-62ee76b5c9f9.jpg.webp","type":"image\/webp"}],"author":"Reda\u00e7\u00e3o","twitter_card":"summary_large_image","twitter_misc":{"Escrito por":"Reda\u00e7\u00e3o","Est. tempo de leitura":"4 minutos"},"schema":{"@context":"https:\/\/schema.org","@graph":[{"@type":"Article","@id":"https:\/\/noticiaempauta.com\/portal\/alerta-2024-pode-ser-o-primeiro-ano-a-ultrapassar-o-marco-historico-de-15oc-de-aquecimento-global\/#article","isPartOf":{"@id":"https:\/\/noticiaempauta.com\/portal\/alerta-2024-pode-ser-o-primeiro-ano-a-ultrapassar-o-marco-historico-de-15oc-de-aquecimento-global\/"},"author":{"name":"Reda\u00e7\u00e3o","@id":"https:\/\/noticiaempauta.com\/portal\/#\/schema\/person\/a74af43dd1ab3deca45f988c717d57ac"},"headline":"Alerta: 2024 pode ser o primeiro ano a ultrapassar o marco hist\u00f3rico de 1,5\u00baC de aquecimento global","datePublished":"2024-11-07T12:50:09+00:00","dateModified":"2024-11-07T12:50:11+00:00","mainEntityOfPage":{"@id":"https:\/\/noticiaempauta.com\/portal\/alerta-2024-pode-ser-o-primeiro-ano-a-ultrapassar-o-marco-historico-de-15oc-de-aquecimento-global\/"},"wordCount":604,"commentCount":0,"publisher":{"@id":"https:\/\/noticiaempauta.com\/portal\/#organization"},"image":{"@id":"https:\/\/noticiaempauta.com\/portal\/alerta-2024-pode-ser-o-primeiro-ano-a-ultrapassar-o-marco-historico-de-15oc-de-aquecimento-global\/#primaryimage"},"thumbnailUrl":"https:\/\/noticiaempauta.com\/portal\/wp-content\/uploads\/2024\/11\/alerta-2024-pode-ser-o-primeiro-ano-a-ultrapassar-o-marco-historico-de-1-5-c-de-aquecimento-global-a608d670-8613-4738-b85b-62ee76b5c9f9.jpg.webp","keywords":["destaqueprincipal"],"articleSection":["Destaques","Geral","Todas as Not\u00edcias"],"inLanguage":"pt-BR","potentialAction":[{"@type":"CommentAction","name":"Comment","target":["https:\/\/noticiaempauta.com\/portal\/alerta-2024-pode-ser-o-primeiro-ano-a-ultrapassar-o-marco-historico-de-15oc-de-aquecimento-global\/#respond"]}]},{"@type":"WebPage","@id":"https:\/\/noticiaempauta.com\/portal\/alerta-2024-pode-ser-o-primeiro-ano-a-ultrapassar-o-marco-historico-de-15oc-de-aquecimento-global\/","url":"https:\/\/noticiaempauta.com\/portal\/alerta-2024-pode-ser-o-primeiro-ano-a-ultrapassar-o-marco-historico-de-15oc-de-aquecimento-global\/","name":"Alerta: 2024 pode ser o primeiro ano a ultrapassar o marco hist\u00f3rico de 1,5\u00baC de aquecimento global - Portal Not\u00edcia em Pauta","isPartOf":{"@id":"https:\/\/noticiaempauta.com\/portal\/#website"},"primaryImageOfPage":{"@id":"https:\/\/noticiaempauta.com\/portal\/alerta-2024-pode-ser-o-primeiro-ano-a-ultrapassar-o-marco-historico-de-15oc-de-aquecimento-global\/#primaryimage"},"image":{"@id":"https:\/\/noticiaempauta.com\/portal\/alerta-2024-pode-ser-o-primeiro-ano-a-ultrapassar-o-marco-historico-de-15oc-de-aquecimento-global\/#primaryimage"},"thumbnailUrl":"https:\/\/noticiaempauta.com\/portal\/wp-content\/uploads\/2024\/11\/alerta-2024-pode-ser-o-primeiro-ano-a-ultrapassar-o-marco-historico-de-1-5-c-de-aquecimento-global-a608d670-8613-4738-b85b-62ee76b5c9f9.jpg.webp","datePublished":"2024-11-07T12:50:09+00:00","dateModified":"2024-11-07T12:50:11+00:00","breadcrumb":{"@id":"https:\/\/noticiaempauta.com\/portal\/alerta-2024-pode-ser-o-primeiro-ano-a-ultrapassar-o-marco-historico-de-15oc-de-aquecimento-global\/#breadcrumb"},"inLanguage":"pt-BR","potentialAction":[{"@type":"ReadAction","target":["https:\/\/noticiaempauta.com\/portal\/alerta-2024-pode-ser-o-primeiro-ano-a-ultrapassar-o-marco-historico-de-15oc-de-aquecimento-global\/"]}]},{"@type":"ImageObject","inLanguage":"pt-BR","@id":"https:\/\/noticiaempauta.com\/portal\/alerta-2024-pode-ser-o-primeiro-ano-a-ultrapassar-o-marco-historico-de-15oc-de-aquecimento-global\/#primaryimage","url":"https:\/\/noticiaempauta.com\/portal\/wp-content\/uploads\/2024\/11\/alerta-2024-pode-ser-o-primeiro-ano-a-ultrapassar-o-marco-historico-de-1-5-c-de-aquecimento-global-a608d670-8613-4738-b85b-62ee76b5c9f9.jpg.webp","contentUrl":"https:\/\/noticiaempauta.com\/portal\/wp-content\/uploads\/2024\/11\/alerta-2024-pode-ser-o-primeiro-ano-a-ultrapassar-o-marco-historico-de-1-5-c-de-aquecimento-global-a608d670-8613-4738-b85b-62ee76b5c9f9.jpg.webp","width":1350,"height":900},{"@type":"BreadcrumbList","@id":"https:\/\/noticiaempauta.com\/portal\/alerta-2024-pode-ser-o-primeiro-ano-a-ultrapassar-o-marco-historico-de-15oc-de-aquecimento-global\/#breadcrumb","itemListElement":[{"@type":"ListItem","position":1,"name":"P\u00e1gina Inicial","item":"https:\/\/noticiaempauta.com\/portal\/"},{"@type":"ListItem","position":2,"name":"Destaques","item":"https:\/\/noticiaempauta.com\/portal\/destaques-site\/"},{"@type":"ListItem","position":3,"name":"Alerta: 2024 pode ser o primeiro ano a ultrapassar o marco hist\u00f3rico de 1,5\u00baC de aquecimento global"}]},{"@type":"WebSite","@id":"https:\/\/noticiaempauta.com\/portal\/#website","url":"https:\/\/noticiaempauta.com\/portal\/","name":"Portal Not\u00edcia em Pauta","description":"Voc\u00ea bem informado","publisher":{"@id":"https:\/\/noticiaempauta.com\/portal\/#organization"},"potentialAction":[{"@type":"SearchAction","target":{"@type":"EntryPoint","urlTemplate":"https:\/\/noticiaempauta.com\/portal\/?s={search_term_string}"},"query-input":{"@type":"PropertyValueSpecification","valueRequired":true,"valueName":"search_term_string"}}],"inLanguage":"pt-BR"},{"@type":"Organization","@id":"https:\/\/noticiaempauta.com\/portal\/#organization","name":"Portal Not\u00edcia em Pauta","url":"https:\/\/noticiaempauta.com\/portal\/","logo":{"@type":"ImageObject","inLanguage":"pt-BR","@id":"https:\/\/noticiaempauta.com\/portal\/#\/schema\/logo\/image\/","url":"https:\/\/noticiaempauta.com\/portal\/wp-content\/uploads\/2022\/08\/logomarca_tema.fw_.png","contentUrl":"https:\/\/noticiaempauta.com\/portal\/wp-content\/uploads\/2022\/08\/logomarca_tema.fw_.png","width":400,"height":232,"caption":"Portal Not\u00edcia em Pauta"},"image":{"@id":"https:\/\/noticiaempauta.com\/portal\/#\/schema\/logo\/image\/"},"sameAs":["https:\/\/www.facebook.com\/Portal-Notcia-Em-Pauta-102292869264820\/","https:\/\/www.instagram.com\/portalnoticiaempauta\/"]},{"@type":"Person","@id":"https:\/\/noticiaempauta.com\/portal\/#\/schema\/person\/a74af43dd1ab3deca45f988c717d57ac","name":"Reda\u00e7\u00e3o","image":{"@type":"ImageObject","inLanguage":"pt-BR","@id":"https:\/\/noticiaempauta.com\/portal\/#\/schema\/person\/image\/","url":"https:\/\/secure.gravatar.com\/avatar\/03179346ecce6cdfc13361603e8f54242a90e5cde8618fa23c5c00aa2b0aadf3?s=96&d=mm&r=g","contentUrl":"https:\/\/secure.gravatar.com\/avatar\/03179346ecce6cdfc13361603e8f54242a90e5cde8618fa23c5c00aa2b0aadf3?s=96&d=mm&r=g","caption":"Reda\u00e7\u00e3o"},"sameAs":["https:\/\/noticiaempauta.com\/portal\/"],"url":"https:\/\/noticiaempauta.com\/portal\/author\/fernando\/"}]}},"_links":{"self":[{"href":"https:\/\/noticiaempauta.com\/portal\/wp-json\/wp\/v2\/posts\/263856","targetHints":{"allow":["GET"]}}],"collection":[{"href":"https:\/\/noticiaempauta.com\/portal\/wp-json\/wp\/v2\/posts"}],"about":[{"href":"https:\/\/noticiaempauta.com\/portal\/wp-json\/wp\/v2\/types\/post"}],"author":[{"embeddable":true,"href":"https:\/\/noticiaempauta.com\/portal\/wp-json\/wp\/v2\/users\/2"}],"replies":[{"embeddable":true,"href":"https:\/\/noticiaempauta.com\/portal\/wp-json\/wp\/v2\/comments?post=263856"}],"version-history":[{"count":2,"href":"https:\/\/noticiaempauta.com\/portal\/wp-json\/wp\/v2\/posts\/263856\/revisions"}],"predecessor-version":[{"id":263859,"href":"https:\/\/noticiaempauta.com\/portal\/wp-json\/wp\/v2\/posts\/263856\/revisions\/263859"}],"wp:featuredmedia":[{"embeddable":true,"href":"https:\/\/noticiaempauta.com\/portal\/wp-json\/wp\/v2\/media\/263857"}],"wp:attachment":[{"href":"https:\/\/noticiaempauta.com\/portal\/wp-json\/wp\/v2\/media?parent=263856"}],"wp:term":[{"taxonomy":"category","embeddable":true,"href":"https:\/\/noticiaempauta.com\/portal\/wp-json\/wp\/v2\/categories?post=263856"},{"taxonomy":"post_tag","embeddable":true,"href":"https:\/\/noticiaempauta.com\/portal\/wp-json\/wp\/v2\/tags?post=263856"}],"curies":[{"name":"wp","href":"https:\/\/api.w.org\/{rel}","templated":true}]}}