{"id":263860,"date":"2024-11-07T10:28:23","date_gmt":"2024-11-07T13:28:23","guid":{"rendered":"https:\/\/noticiaempauta.com\/portal\/?p=263860"},"modified":"2024-11-07T10:28:24","modified_gmt":"2024-11-07T13:28:24","slug":"estudantes-da-rede-estadual-participam-de-revisao-para-o-segundo-dia-de-provas-do-enem","status":"publish","type":"post","link":"https:\/\/noticiaempauta.com\/portal\/estudantes-da-rede-estadual-participam-de-revisao-para-o-segundo-dia-de-provas-do-enem\/","title":{"rendered":"Estudantes da rede estadual participam de revis\u00e3o para o segundo dia de provas do Enem"},"content":{"rendered":"\n<p>Estudantes das escolas ligadas \u00e0 21\u00aa Ger\u00eancia Regional de Educa\u00e7\u00e3o (GRE) participaram, nesta quarta-feira (06), de uma grande revis\u00e3o, no audit\u00f3rio da Faculdade UniNovafapi, voltada para o segundo dia de provas do Exame Nacional do Ensino M\u00e9dio (Enem), no pr\u00f3ximo domingo (10).&nbsp;<\/p>\n\n\n\n<p>\u201cFoi um momento muito significativo para os nossos alunos. Al\u00e9m de revisar os principais conte\u00fados de Ci\u00eancias da Natureza e Matem\u00e1tica, os estudantes ainda tiveram uma palavra motivacional, dando mais confian\u00e7a e seguran\u00e7a, h\u00e1 poucos dias da prova. Nossas expectativas s\u00e3o as melhores, esse ano vamos dobrar o n\u00famero de aprovados no Enem\u201d, projetou a gerente da 21\u00aa GRE, Clarisse Veloso.&nbsp;<\/p>\n\n\n\n<figure class=\"wp-block-image size-full\"><img fetchpriority=\"high\" decoding=\"async\" width=\"750\" height=\"422\" src=\"https:\/\/noticiaempauta.com\/portal\/wp-content\/uploads\/2024\/11\/medium_image_3eff95a5e9.png\" alt=\"\" class=\"wp-image-263863\" srcset=\"https:\/\/noticiaempauta.com\/portal\/wp-content\/uploads\/2024\/11\/medium_image_3eff95a5e9.png 750w, https:\/\/noticiaempauta.com\/portal\/wp-content\/uploads\/2024\/11\/medium_image_3eff95a5e9-300x169.png 300w\" sizes=\"(max-width: 750px) 100vw, 750px\" \/><\/figure>\n\n\n\n<p>Na oportunidade, cerca de 500 alunos tiveram acesso a aulas de Qu\u00edmica, Biologia, F\u00edsica e Matem\u00e1tica, ministradas por professores da Secretaria de Estado da Educa\u00e7\u00e3o (Seduc).<\/p>\n\n\n\n<p>\u201cEstamos encerrando a maior prepara\u00e7\u00e3o para o Enem da hist\u00f3ria da Seduc. Promovemos v\u00e1rias revis\u00f5es&nbsp; Pr\u00e9-Enem Seduc, na capital e no interior, como o Pr\u00e9-Enem Seduc na Estrada, o Laborat\u00f3rio de Reda\u00e7\u00e3o, dentre outras a\u00e7\u00f5es. Nesta reta final \u00e9 hora de mostrar o que foi aprendido, com confian\u00e7a e tranquilidade\u201d, afirma o secret\u00e1rio Washington Bandeira.&nbsp;<\/p>\n\n\n\n<figure class=\"wp-block-image size-full\"><img decoding=\"async\" width=\"1000\" height=\"851\" src=\"https:\/\/noticiaempauta.com\/portal\/wp-content\/uploads\/2024\/11\/large_image_9c160e2cef.png\" alt=\"\" class=\"wp-image-263862\" srcset=\"https:\/\/noticiaempauta.com\/portal\/wp-content\/uploads\/2024\/11\/large_image_9c160e2cef.png 1000w, https:\/\/noticiaempauta.com\/portal\/wp-content\/uploads\/2024\/11\/large_image_9c160e2cef-300x255.png 300w, https:\/\/noticiaempauta.com\/portal\/wp-content\/uploads\/2024\/11\/large_image_9c160e2cef-768x654.png 768w\" sizes=\"(max-width: 1000px) 100vw, 1000px\" \/><\/figure>\n\n\n\n<p><strong>Aul\u00e3o da Natureza<\/strong><\/p>\n\n\n\n<p>Nesta quinta-feira (7), a Seduc realiza o Aul\u00e3o da Natureza para mais de 850 alunos, de 23 escolas em Floriano. O evento ocorrer\u00e1 no Hotel Rio Parna\u00edba, das 8h \u00e0s 13h.<\/p>\n\n\n\n<p>O Aul\u00e3o da Natureza ter\u00e1 formato gameficado, onde os estudantes ser\u00e3o divididos em duas equipes. A revis\u00e3o combinar\u00e1 teoria e pr\u00e1tica com a resolu\u00e7\u00e3o de tr\u00eas quest\u00f5es por \u00e1rea do conhecimento e os alunos receber\u00e3o material did\u00e1tico com quest\u00f5es de provas anteriores do exame. Cada resposta correta garante a pontua\u00e7\u00e3o para a equipe e um brinde para o estudante que responder \u00e0 quest\u00e3o.<\/p>\n\n\n\n<figure class=\"wp-block-image size-full\"><img decoding=\"async\" width=\"1000\" height=\"694\" src=\"https:\/\/noticiaempauta.com\/portal\/wp-content\/uploads\/2024\/11\/large_image_b7b96d8fa1.png\" alt=\"\" class=\"wp-image-263861\" srcset=\"https:\/\/noticiaempauta.com\/portal\/wp-content\/uploads\/2024\/11\/large_image_b7b96d8fa1.png 1000w, https:\/\/noticiaempauta.com\/portal\/wp-content\/uploads\/2024\/11\/large_image_b7b96d8fa1-300x208.png 300w, https:\/\/noticiaempauta.com\/portal\/wp-content\/uploads\/2024\/11\/large_image_b7b96d8fa1-768x533.png 768w\" sizes=\"(max-width: 1000px) 100vw, 1000px\" \/><\/figure>\n\n\n\n<p><strong>2\u00ba dia de Enem&nbsp;<\/strong><\/p>\n\n\n\n<p>O segundo dia de provas do Enem abordar\u00e1 Ci\u00eancias da Natureza e Matem\u00e1tica e suas tecnologias. S\u00e3o 45 quest\u00f5es em cada \u00e1rea do conhecimento.&nbsp;<\/p>\n\n\n\n<p>O Instituto Nacional de Estudos e Pesquisas Educacionais (Inep) fez um balan\u00e7o sobre o exame, ap\u00f3s o primeiro dia do Enem. No Piau\u00ed, foram 3.751 salas de aplica\u00e7\u00e3o de prova distribu\u00eddas em 356 locais de aplica\u00e7\u00e3o, em 35 munic\u00edpios. O gabarito oficial ser\u00e1 divulgado no dia 20 de novembro e a divulga\u00e7\u00e3o do resultado acontecer\u00e1 no dia 13 de janeiro de 2025.<\/p>\n\n\n\n<p>CCOM-PI<\/p>\n","protected":false},"excerpt":{"rendered":"<p>Cerca de 500 alunos tiveram acesso a aulas de Qu\u00edmica, Biologia, F\u00edsica e Matem\u00e1tica.<\/p>\n","protected":false},"author":2,"featured_media":263863,"comment_status":"open","ping_status":"open","sticky":false,"template":"","format":"standard","meta":{"_mi_skip_tracking":false,"footnotes":""},"categories":[25,1,16],"tags":[],"class_list":["post-263860","post","type-post","status-publish","format-standard","has-post-thumbnail","hentry","category-destaques-site","category-geral","category-todas"],"acf":[],"yoast_head":"<!-- This site is optimized with the Yoast SEO Premium plugin v19.2 (Yoast SEO v26.9) - https:\/\/yoast.com\/product\/yoast-seo-premium-wordpress\/ -->\n<title>Estudantes da rede estadual participam de revis\u00e3o para o segundo dia de provas do Enem - Portal Not\u00edcia em Pauta<\/title>\n<meta name=\"robots\" content=\"index, follow, max-snippet:-1, max-image-preview:large, max-video-preview:-1\" \/>\n<link rel=\"canonical\" href=\"https:\/\/noticiaempauta.com\/portal\/estudantes-da-rede-estadual-participam-de-revisao-para-o-segundo-dia-de-provas-do-enem\/\" \/>\n<meta property=\"og:locale\" content=\"pt_BR\" \/>\n<meta property=\"og:type\" content=\"article\" \/>\n<meta property=\"og:title\" content=\"Estudantes da rede estadual participam de revis\u00e3o para o segundo dia de provas do Enem\" \/>\n<meta property=\"og:description\" content=\"Cerca de 500 alunos tiveram acesso a aulas de Qu\u00edmica, Biologia, F\u00edsica e Matem\u00e1tica.\" \/>\n<meta property=\"og:url\" content=\"https:\/\/noticiaempauta.com\/portal\/estudantes-da-rede-estadual-participam-de-revisao-para-o-segundo-dia-de-provas-do-enem\/\" \/>\n<meta property=\"og:site_name\" content=\"Portal Not\u00edcia em Pauta\" \/>\n<meta property=\"article:publisher\" content=\"https:\/\/www.facebook.com\/Portal-Notcia-Em-Pauta-102292869264820\/\" \/>\n<meta property=\"article:published_time\" content=\"2024-11-07T13:28:23+00:00\" \/>\n<meta property=\"article:modified_time\" content=\"2024-11-07T13:28:24+00:00\" \/>\n<meta property=\"og:image\" content=\"https:\/\/noticiaempauta.com\/portal\/wp-content\/uploads\/2024\/11\/medium_image_3eff95a5e9.png\" \/>\n\t<meta property=\"og:image:width\" content=\"750\" \/>\n\t<meta property=\"og:image:height\" content=\"422\" \/>\n\t<meta property=\"og:image:type\" content=\"image\/png\" \/>\n<meta name=\"author\" content=\"Reda\u00e7\u00e3o\" \/>\n<meta name=\"twitter:card\" content=\"summary_large_image\" \/>\n<meta name=\"twitter:label1\" content=\"Escrito por\" \/>\n\t<meta name=\"twitter:data1\" content=\"Reda\u00e7\u00e3o\" \/>\n\t<meta name=\"twitter:label2\" content=\"Est. tempo de leitura\" \/>\n\t<meta name=\"twitter:data2\" content=\"3 minutos\" \/>\n<script type=\"application\/ld+json\" class=\"yoast-schema-graph\">{\"@context\":\"https:\/\/schema.org\",\"@graph\":[{\"@type\":\"Article\",\"@id\":\"https:\/\/noticiaempauta.com\/portal\/estudantes-da-rede-estadual-participam-de-revisao-para-o-segundo-dia-de-provas-do-enem\/#article\",\"isPartOf\":{\"@id\":\"https:\/\/noticiaempauta.com\/portal\/estudantes-da-rede-estadual-participam-de-revisao-para-o-segundo-dia-de-provas-do-enem\/\"},\"author\":{\"name\":\"Reda\u00e7\u00e3o\",\"@id\":\"https:\/\/noticiaempauta.com\/portal\/#\/schema\/person\/a74af43dd1ab3deca45f988c717d57ac\"},\"headline\":\"Estudantes da rede estadual participam de revis\u00e3o para o segundo dia de provas do Enem\",\"datePublished\":\"2024-11-07T13:28:23+00:00\",\"dateModified\":\"2024-11-07T13:28:24+00:00\",\"mainEntityOfPage\":{\"@id\":\"https:\/\/noticiaempauta.com\/portal\/estudantes-da-rede-estadual-participam-de-revisao-para-o-segundo-dia-de-provas-do-enem\/\"},\"wordCount\":430,\"commentCount\":0,\"publisher\":{\"@id\":\"https:\/\/noticiaempauta.com\/portal\/#organization\"},\"image\":{\"@id\":\"https:\/\/noticiaempauta.com\/portal\/estudantes-da-rede-estadual-participam-de-revisao-para-o-segundo-dia-de-provas-do-enem\/#primaryimage\"},\"thumbnailUrl\":\"https:\/\/noticiaempauta.com\/portal\/wp-content\/uploads\/2024\/11\/medium_image_3eff95a5e9.png\",\"articleSection\":[\"Destaques\",\"Geral\",\"Todas as Not\u00edcias\"],\"inLanguage\":\"pt-BR\",\"potentialAction\":[{\"@type\":\"CommentAction\",\"name\":\"Comment\",\"target\":[\"https:\/\/noticiaempauta.com\/portal\/estudantes-da-rede-estadual-participam-de-revisao-para-o-segundo-dia-de-provas-do-enem\/#respond\"]}]},{\"@type\":\"WebPage\",\"@id\":\"https:\/\/noticiaempauta.com\/portal\/estudantes-da-rede-estadual-participam-de-revisao-para-o-segundo-dia-de-provas-do-enem\/\",\"url\":\"https:\/\/noticiaempauta.com\/portal\/estudantes-da-rede-estadual-participam-de-revisao-para-o-segundo-dia-de-provas-do-enem\/\",\"name\":\"Estudantes da rede estadual participam de revis\u00e3o para o segundo dia de provas do Enem - Portal Not\u00edcia em Pauta\",\"isPartOf\":{\"@id\":\"https:\/\/noticiaempauta.com\/portal\/#website\"},\"primaryImageOfPage\":{\"@id\":\"https:\/\/noticiaempauta.com\/portal\/estudantes-da-rede-estadual-participam-de-revisao-para-o-segundo-dia-de-provas-do-enem\/#primaryimage\"},\"image\":{\"@id\":\"https:\/\/noticiaempauta.com\/portal\/estudantes-da-rede-estadual-participam-de-revisao-para-o-segundo-dia-de-provas-do-enem\/#primaryimage\"},\"thumbnailUrl\":\"https:\/\/noticiaempauta.com\/portal\/wp-content\/uploads\/2024\/11\/medium_image_3eff95a5e9.png\",\"datePublished\":\"2024-11-07T13:28:23+00:00\",\"dateModified\":\"2024-11-07T13:28:24+00:00\",\"breadcrumb\":{\"@id\":\"https:\/\/noticiaempauta.com\/portal\/estudantes-da-rede-estadual-participam-de-revisao-para-o-segundo-dia-de-provas-do-enem\/#breadcrumb\"},\"inLanguage\":\"pt-BR\",\"potentialAction\":[{\"@type\":\"ReadAction\",\"target\":[\"https:\/\/noticiaempauta.com\/portal\/estudantes-da-rede-estadual-participam-de-revisao-para-o-segundo-dia-de-provas-do-enem\/\"]}]},{\"@type\":\"ImageObject\",\"inLanguage\":\"pt-BR\",\"@id\":\"https:\/\/noticiaempauta.com\/portal\/estudantes-da-rede-estadual-participam-de-revisao-para-o-segundo-dia-de-provas-do-enem\/#primaryimage\",\"url\":\"https:\/\/noticiaempauta.com\/portal\/wp-content\/uploads\/2024\/11\/medium_image_3eff95a5e9.png\",\"contentUrl\":\"https:\/\/noticiaempauta.com\/portal\/wp-content\/uploads\/2024\/11\/medium_image_3eff95a5e9.png\",\"width\":750,\"height\":422},{\"@type\":\"BreadcrumbList\",\"@id\":\"https:\/\/noticiaempauta.com\/portal\/estudantes-da-rede-estadual-participam-de-revisao-para-o-segundo-dia-de-provas-do-enem\/#breadcrumb\",\"itemListElement\":[{\"@type\":\"ListItem\",\"position\":1,\"name\":\"P\u00e1gina Inicial\",\"item\":\"https:\/\/noticiaempauta.com\/portal\/\"},{\"@type\":\"ListItem\",\"position\":2,\"name\":\"Destaques\",\"item\":\"https:\/\/noticiaempauta.com\/portal\/destaques-site\/\"},{\"@type\":\"ListItem\",\"position\":3,\"name\":\"Estudantes da rede estadual participam de revis\u00e3o para o segundo dia de provas do Enem\"}]},{\"@type\":\"WebSite\",\"@id\":\"https:\/\/noticiaempauta.com\/portal\/#website\",\"url\":\"https:\/\/noticiaempauta.com\/portal\/\",\"name\":\"Portal Not\u00edcia em Pauta\",\"description\":\"Voc\u00ea bem informado\",\"publisher\":{\"@id\":\"https:\/\/noticiaempauta.com\/portal\/#organization\"},\"potentialAction\":[{\"@type\":\"SearchAction\",\"target\":{\"@type\":\"EntryPoint\",\"urlTemplate\":\"https:\/\/noticiaempauta.com\/portal\/?s={search_term_string}\"},\"query-input\":{\"@type\":\"PropertyValueSpecification\",\"valueRequired\":true,\"valueName\":\"search_term_string\"}}],\"inLanguage\":\"pt-BR\"},{\"@type\":\"Organization\",\"@id\":\"https:\/\/noticiaempauta.com\/portal\/#organization\",\"name\":\"Portal Not\u00edcia em Pauta\",\"url\":\"https:\/\/noticiaempauta.com\/portal\/\",\"logo\":{\"@type\":\"ImageObject\",\"inLanguage\":\"pt-BR\",\"@id\":\"https:\/\/noticiaempauta.com\/portal\/#\/schema\/logo\/image\/\",\"url\":\"https:\/\/noticiaempauta.com\/portal\/wp-content\/uploads\/2022\/08\/logomarca_tema.fw_.png\",\"contentUrl\":\"https:\/\/noticiaempauta.com\/portal\/wp-content\/uploads\/2022\/08\/logomarca_tema.fw_.png\",\"width\":400,\"height\":232,\"caption\":\"Portal Not\u00edcia em Pauta\"},\"image\":{\"@id\":\"https:\/\/noticiaempauta.com\/portal\/#\/schema\/logo\/image\/\"},\"sameAs\":[\"https:\/\/www.facebook.com\/Portal-Notcia-Em-Pauta-102292869264820\/\",\"https:\/\/www.instagram.com\/portalnoticiaempauta\/\"]},{\"@type\":\"Person\",\"@id\":\"https:\/\/noticiaempauta.com\/portal\/#\/schema\/person\/a74af43dd1ab3deca45f988c717d57ac\",\"name\":\"Reda\u00e7\u00e3o\",\"image\":{\"@type\":\"ImageObject\",\"inLanguage\":\"pt-BR\",\"@id\":\"https:\/\/noticiaempauta.com\/portal\/#\/schema\/person\/image\/\",\"url\":\"https:\/\/secure.gravatar.com\/avatar\/03179346ecce6cdfc13361603e8f54242a90e5cde8618fa23c5c00aa2b0aadf3?s=96&d=mm&r=g\",\"contentUrl\":\"https:\/\/secure.gravatar.com\/avatar\/03179346ecce6cdfc13361603e8f54242a90e5cde8618fa23c5c00aa2b0aadf3?s=96&d=mm&r=g\",\"caption\":\"Reda\u00e7\u00e3o\"},\"sameAs\":[\"https:\/\/noticiaempauta.com\/portal\/\"],\"url\":\"https:\/\/noticiaempauta.com\/portal\/author\/fernando\/\"}]}<\/script>\n<!-- \/ Yoast SEO Premium plugin. -->","yoast_head_json":{"title":"Estudantes da rede estadual participam de revis\u00e3o para o segundo dia de provas do Enem - Portal Not\u00edcia em Pauta","robots":{"index":"index","follow":"follow","max-snippet":"max-snippet:-1","max-image-preview":"max-image-preview:large","max-video-preview":"max-video-preview:-1"},"canonical":"https:\/\/noticiaempauta.com\/portal\/estudantes-da-rede-estadual-participam-de-revisao-para-o-segundo-dia-de-provas-do-enem\/","og_locale":"pt_BR","og_type":"article","og_title":"Estudantes da rede estadual participam de revis\u00e3o para o segundo dia de provas do Enem","og_description":"Cerca de 500 alunos tiveram acesso a aulas de Qu\u00edmica, Biologia, F\u00edsica e Matem\u00e1tica.","og_url":"https:\/\/noticiaempauta.com\/portal\/estudantes-da-rede-estadual-participam-de-revisao-para-o-segundo-dia-de-provas-do-enem\/","og_site_name":"Portal Not\u00edcia em Pauta","article_publisher":"https:\/\/www.facebook.com\/Portal-Notcia-Em-Pauta-102292869264820\/","article_published_time":"2024-11-07T13:28:23+00:00","article_modified_time":"2024-11-07T13:28:24+00:00","og_image":[{"width":750,"height":422,"url":"https:\/\/noticiaempauta.com\/portal\/wp-content\/uploads\/2024\/11\/medium_image_3eff95a5e9.png","type":"image\/png"}],"author":"Reda\u00e7\u00e3o","twitter_card":"summary_large_image","twitter_misc":{"Escrito por":"Reda\u00e7\u00e3o","Est. tempo de leitura":"3 minutos"},"schema":{"@context":"https:\/\/schema.org","@graph":[{"@type":"Article","@id":"https:\/\/noticiaempauta.com\/portal\/estudantes-da-rede-estadual-participam-de-revisao-para-o-segundo-dia-de-provas-do-enem\/#article","isPartOf":{"@id":"https:\/\/noticiaempauta.com\/portal\/estudantes-da-rede-estadual-participam-de-revisao-para-o-segundo-dia-de-provas-do-enem\/"},"author":{"name":"Reda\u00e7\u00e3o","@id":"https:\/\/noticiaempauta.com\/portal\/#\/schema\/person\/a74af43dd1ab3deca45f988c717d57ac"},"headline":"Estudantes da rede estadual participam de revis\u00e3o para o segundo dia de provas do Enem","datePublished":"2024-11-07T13:28:23+00:00","dateModified":"2024-11-07T13:28:24+00:00","mainEntityOfPage":{"@id":"https:\/\/noticiaempauta.com\/portal\/estudantes-da-rede-estadual-participam-de-revisao-para-o-segundo-dia-de-provas-do-enem\/"},"wordCount":430,"commentCount":0,"publisher":{"@id":"https:\/\/noticiaempauta.com\/portal\/#organization"},"image":{"@id":"https:\/\/noticiaempauta.com\/portal\/estudantes-da-rede-estadual-participam-de-revisao-para-o-segundo-dia-de-provas-do-enem\/#primaryimage"},"thumbnailUrl":"https:\/\/noticiaempauta.com\/portal\/wp-content\/uploads\/2024\/11\/medium_image_3eff95a5e9.png","articleSection":["Destaques","Geral","Todas as Not\u00edcias"],"inLanguage":"pt-BR","potentialAction":[{"@type":"CommentAction","name":"Comment","target":["https:\/\/noticiaempauta.com\/portal\/estudantes-da-rede-estadual-participam-de-revisao-para-o-segundo-dia-de-provas-do-enem\/#respond"]}]},{"@type":"WebPage","@id":"https:\/\/noticiaempauta.com\/portal\/estudantes-da-rede-estadual-participam-de-revisao-para-o-segundo-dia-de-provas-do-enem\/","url":"https:\/\/noticiaempauta.com\/portal\/estudantes-da-rede-estadual-participam-de-revisao-para-o-segundo-dia-de-provas-do-enem\/","name":"Estudantes da rede estadual participam de revis\u00e3o para o segundo dia de provas do Enem - Portal Not\u00edcia em Pauta","isPartOf":{"@id":"https:\/\/noticiaempauta.com\/portal\/#website"},"primaryImageOfPage":{"@id":"https:\/\/noticiaempauta.com\/portal\/estudantes-da-rede-estadual-participam-de-revisao-para-o-segundo-dia-de-provas-do-enem\/#primaryimage"},"image":{"@id":"https:\/\/noticiaempauta.com\/portal\/estudantes-da-rede-estadual-participam-de-revisao-para-o-segundo-dia-de-provas-do-enem\/#primaryimage"},"thumbnailUrl":"https:\/\/noticiaempauta.com\/portal\/wp-content\/uploads\/2024\/11\/medium_image_3eff95a5e9.png","datePublished":"2024-11-07T13:28:23+00:00","dateModified":"2024-11-07T13:28:24+00:00","breadcrumb":{"@id":"https:\/\/noticiaempauta.com\/portal\/estudantes-da-rede-estadual-participam-de-revisao-para-o-segundo-dia-de-provas-do-enem\/#breadcrumb"},"inLanguage":"pt-BR","potentialAction":[{"@type":"ReadAction","target":["https:\/\/noticiaempauta.com\/portal\/estudantes-da-rede-estadual-participam-de-revisao-para-o-segundo-dia-de-provas-do-enem\/"]}]},{"@type":"ImageObject","inLanguage":"pt-BR","@id":"https:\/\/noticiaempauta.com\/portal\/estudantes-da-rede-estadual-participam-de-revisao-para-o-segundo-dia-de-provas-do-enem\/#primaryimage","url":"https:\/\/noticiaempauta.com\/portal\/wp-content\/uploads\/2024\/11\/medium_image_3eff95a5e9.png","contentUrl":"https:\/\/noticiaempauta.com\/portal\/wp-content\/uploads\/2024\/11\/medium_image_3eff95a5e9.png","width":750,"height":422},{"@type":"BreadcrumbList","@id":"https:\/\/noticiaempauta.com\/portal\/estudantes-da-rede-estadual-participam-de-revisao-para-o-segundo-dia-de-provas-do-enem\/#breadcrumb","itemListElement":[{"@type":"ListItem","position":1,"name":"P\u00e1gina Inicial","item":"https:\/\/noticiaempauta.com\/portal\/"},{"@type":"ListItem","position":2,"name":"Destaques","item":"https:\/\/noticiaempauta.com\/portal\/destaques-site\/"},{"@type":"ListItem","position":3,"name":"Estudantes da rede estadual participam de revis\u00e3o para o segundo dia de provas do Enem"}]},{"@type":"WebSite","@id":"https:\/\/noticiaempauta.com\/portal\/#website","url":"https:\/\/noticiaempauta.com\/portal\/","name":"Portal Not\u00edcia em Pauta","description":"Voc\u00ea bem informado","publisher":{"@id":"https:\/\/noticiaempauta.com\/portal\/#organization"},"potentialAction":[{"@type":"SearchAction","target":{"@type":"EntryPoint","urlTemplate":"https:\/\/noticiaempauta.com\/portal\/?s={search_term_string}"},"query-input":{"@type":"PropertyValueSpecification","valueRequired":true,"valueName":"search_term_string"}}],"inLanguage":"pt-BR"},{"@type":"Organization","@id":"https:\/\/noticiaempauta.com\/portal\/#organization","name":"Portal Not\u00edcia em Pauta","url":"https:\/\/noticiaempauta.com\/portal\/","logo":{"@type":"ImageObject","inLanguage":"pt-BR","@id":"https:\/\/noticiaempauta.com\/portal\/#\/schema\/logo\/image\/","url":"https:\/\/noticiaempauta.com\/portal\/wp-content\/uploads\/2022\/08\/logomarca_tema.fw_.png","contentUrl":"https:\/\/noticiaempauta.com\/portal\/wp-content\/uploads\/2022\/08\/logomarca_tema.fw_.png","width":400,"height":232,"caption":"Portal Not\u00edcia em Pauta"},"image":{"@id":"https:\/\/noticiaempauta.com\/portal\/#\/schema\/logo\/image\/"},"sameAs":["https:\/\/www.facebook.com\/Portal-Notcia-Em-Pauta-102292869264820\/","https:\/\/www.instagram.com\/portalnoticiaempauta\/"]},{"@type":"Person","@id":"https:\/\/noticiaempauta.com\/portal\/#\/schema\/person\/a74af43dd1ab3deca45f988c717d57ac","name":"Reda\u00e7\u00e3o","image":{"@type":"ImageObject","inLanguage":"pt-BR","@id":"https:\/\/noticiaempauta.com\/portal\/#\/schema\/person\/image\/","url":"https:\/\/secure.gravatar.com\/avatar\/03179346ecce6cdfc13361603e8f54242a90e5cde8618fa23c5c00aa2b0aadf3?s=96&d=mm&r=g","contentUrl":"https:\/\/secure.gravatar.com\/avatar\/03179346ecce6cdfc13361603e8f54242a90e5cde8618fa23c5c00aa2b0aadf3?s=96&d=mm&r=g","caption":"Reda\u00e7\u00e3o"},"sameAs":["https:\/\/noticiaempauta.com\/portal\/"],"url":"https:\/\/noticiaempauta.com\/portal\/author\/fernando\/"}]}},"_links":{"self":[{"href":"https:\/\/noticiaempauta.com\/portal\/wp-json\/wp\/v2\/posts\/263860","targetHints":{"allow":["GET"]}}],"collection":[{"href":"https:\/\/noticiaempauta.com\/portal\/wp-json\/wp\/v2\/posts"}],"about":[{"href":"https:\/\/noticiaempauta.com\/portal\/wp-json\/wp\/v2\/types\/post"}],"author":[{"embeddable":true,"href":"https:\/\/noticiaempauta.com\/portal\/wp-json\/wp\/v2\/users\/2"}],"replies":[{"embeddable":true,"href":"https:\/\/noticiaempauta.com\/portal\/wp-json\/wp\/v2\/comments?post=263860"}],"version-history":[{"count":1,"href":"https:\/\/noticiaempauta.com\/portal\/wp-json\/wp\/v2\/posts\/263860\/revisions"}],"predecessor-version":[{"id":263864,"href":"https:\/\/noticiaempauta.com\/portal\/wp-json\/wp\/v2\/posts\/263860\/revisions\/263864"}],"wp:featuredmedia":[{"embeddable":true,"href":"https:\/\/noticiaempauta.com\/portal\/wp-json\/wp\/v2\/media\/263863"}],"wp:attachment":[{"href":"https:\/\/noticiaempauta.com\/portal\/wp-json\/wp\/v2\/media?parent=263860"}],"wp:term":[{"taxonomy":"category","embeddable":true,"href":"https:\/\/noticiaempauta.com\/portal\/wp-json\/wp\/v2\/categories?post=263860"},{"taxonomy":"post_tag","embeddable":true,"href":"https:\/\/noticiaempauta.com\/portal\/wp-json\/wp\/v2\/tags?post=263860"}],"curies":[{"name":"wp","href":"https:\/\/api.w.org\/{rel}","templated":true}]}}