{"id":263874,"date":"2024-11-07T12:29:30","date_gmt":"2024-11-07T15:29:30","guid":{"rendered":"https:\/\/noticiaempauta.com\/portal\/?p=263874"},"modified":"2024-11-07T12:32:44","modified_gmt":"2024-11-07T15:32:44","slug":"itainopolis-ex-vereador-de-cristovao-neto-morre-aos-59-anos","status":"publish","type":"post","link":"https:\/\/noticiaempauta.com\/portal\/itainopolis-ex-vereador-de-cristovao-neto-morre-aos-59-anos\/","title":{"rendered":"Itain\u00f3polis | Ex-vereador Crist\u00f3v\u00e3o Neto morre aos 59 anos"},"content":{"rendered":"\n<p>Faleceu na manh\u00e3 desta quinta-feira, 07 de novembro, o servidor p\u00fablico, comerciante e ex-vereador de Itain\u00f3polis-PI, Crist\u00f3v\u00e3o Clementino Sousa Santos Neto, o mesmo se encontrava internado em um Hospital da capital Teresina, tenho sido v\u00edtima de um infarto h\u00e1 poucos dias.<\/p>\n\n\n\n<figure class=\"wp-block-image size-full\"><img fetchpriority=\"high\" decoding=\"async\" width=\"451\" height=\"344\" src=\"https:\/\/noticiaempauta.com\/portal\/wp-content\/uploads\/2024\/11\/1.41.jpg\" alt=\"\" class=\"wp-image-263875\" srcset=\"https:\/\/noticiaempauta.com\/portal\/wp-content\/uploads\/2024\/11\/1.41.jpg 451w, https:\/\/noticiaempauta.com\/portal\/wp-content\/uploads\/2024\/11\/1.41-300x229.jpg 300w\" sizes=\"(max-width: 451px) 100vw, 451px\" \/><figcaption class=\"wp-element-caption\">(Foto: Reprodu\u00e7\u00e3o\/FolhaAtual)<\/figcaption><\/figure>\n\n\n\n<p>Natural de Santa Cruz do Piau\u00ed, Crist\u00f3v\u00e3o era Servidor P\u00fablico Estadual, sendo conhecido por seu trabalho na Unidade Mista de Sa\u00fade de Itain\u00f3polis. Nas elei\u00e7\u00f5es municipais de 1996, foi eleito vereador para a Legislatura de 1997-2000, cunhado do cantor Frank Aguiar, Crist\u00f3v\u00e3o deixa vi\u00fava e duas filhas.<\/p>\n\n\n\n<p>Candidato pelo Partidos dos Trabalhadores nas elei\u00e7\u00f5es 2024, Crist\u00f3v\u00e3o Neto n\u00e3o foi eleito, ficando na 3\u00ba supl\u00eancia do partido.<\/p>\n\n\n\n<p>Seu corpo ser\u00e1 transladado para Itain\u00f3polis-PI, o vel\u00f3rio acontecer\u00e1 na resid\u00eancia de seus pais no bairro Cohab com previs\u00e3o para o in\u00edcio da noite desta quinta-feira.<\/p>\n\n\n\n<p>A prefeitura municipal de Itain\u00f3polis decretou luto oficial por 3 dias.<\/p>\n\n\n\n<figure class=\"wp-block-image size-large\"><img decoding=\"async\" width=\"572\" height=\"1024\" src=\"https:\/\/noticiaempauta.com\/portal\/wp-content\/uploads\/2024\/11\/WhatsApp-Image-2024-11-07-at-12.28.49-572x1024.jpeg\" alt=\"\" class=\"wp-image-263877\" srcset=\"https:\/\/noticiaempauta.com\/portal\/wp-content\/uploads\/2024\/11\/WhatsApp-Image-2024-11-07-at-12.28.49-572x1024.jpeg 572w, https:\/\/noticiaempauta.com\/portal\/wp-content\/uploads\/2024\/11\/WhatsApp-Image-2024-11-07-at-12.28.49-168x300.jpeg 168w, https:\/\/noticiaempauta.com\/portal\/wp-content\/uploads\/2024\/11\/WhatsApp-Image-2024-11-07-at-12.28.49-768x1374.jpeg 768w, https:\/\/noticiaempauta.com\/portal\/wp-content\/uploads\/2024\/11\/WhatsApp-Image-2024-11-07-at-12.28.49-858x1536.jpeg 858w, https:\/\/noticiaempauta.com\/portal\/wp-content\/uploads\/2024\/11\/WhatsApp-Image-2024-11-07-at-12.28.49.jpeg 894w\" sizes=\"(max-width: 572px) 100vw, 572px\" \/><\/figure>\n","protected":false},"excerpt":{"rendered":"<p>Faleceu na manh\u00e3 desta quinta-feira, 07 de novembro, o servidor p\u00fablico, comerciante e ex-vereador de Itain\u00f3polis-PI, Crist\u00f3v\u00e3o Clementino Sousa Santos Neto, o mesmo se encontrava internado em um Hospital da capital Teresina, tenho sido v\u00edtima de um infarto h\u00e1 poucos dias. Natural de Santa Cruz do Piau\u00ed, Crist\u00f3v\u00e3o era Servidor P\u00fablico Estadual, sendo conhecido por [&hellip;]<\/p>\n","protected":false},"author":2,"featured_media":263875,"comment_status":"open","ping_status":"open","sticky":false,"template":"","format":"standard","meta":{"_mi_skip_tracking":false,"footnotes":""},"categories":[9,16],"tags":[],"class_list":["post-263874","post","type-post","status-publish","format-standard","has-post-thumbnail","hentry","category-municipios","category-todas"],"acf":[],"yoast_head":"<!-- This site is optimized with the Yoast SEO Premium plugin v19.2 (Yoast SEO v26.9) - https:\/\/yoast.com\/product\/yoast-seo-premium-wordpress\/ -->\n<title>Itain\u00f3polis | Ex-vereador Crist\u00f3v\u00e3o Neto morre aos 59 anos - Portal Not\u00edcia em Pauta<\/title>\n<meta name=\"robots\" content=\"index, follow, max-snippet:-1, max-image-preview:large, max-video-preview:-1\" \/>\n<link rel=\"canonical\" href=\"https:\/\/noticiaempauta.com\/portal\/itainopolis-ex-vereador-de-cristovao-neto-morre-aos-59-anos\/\" \/>\n<meta property=\"og:locale\" content=\"pt_BR\" \/>\n<meta property=\"og:type\" content=\"article\" \/>\n<meta property=\"og:title\" content=\"Itain\u00f3polis | Ex-vereador Crist\u00f3v\u00e3o Neto morre aos 59 anos\" \/>\n<meta property=\"og:description\" content=\"Faleceu na manh\u00e3 desta quinta-feira, 07 de novembro, o servidor p\u00fablico, comerciante e ex-vereador de Itain\u00f3polis-PI, Crist\u00f3v\u00e3o Clementino Sousa Santos Neto, o mesmo se encontrava internado em um Hospital da capital Teresina, tenho sido v\u00edtima de um infarto h\u00e1 poucos dias. Natural de Santa Cruz do Piau\u00ed, Crist\u00f3v\u00e3o era Servidor P\u00fablico Estadual, sendo conhecido por [&hellip;]\" \/>\n<meta property=\"og:url\" content=\"https:\/\/noticiaempauta.com\/portal\/itainopolis-ex-vereador-de-cristovao-neto-morre-aos-59-anos\/\" \/>\n<meta property=\"og:site_name\" content=\"Portal Not\u00edcia em Pauta\" \/>\n<meta property=\"article:publisher\" content=\"https:\/\/www.facebook.com\/Portal-Notcia-Em-Pauta-102292869264820\/\" \/>\n<meta property=\"article:published_time\" content=\"2024-11-07T15:29:30+00:00\" \/>\n<meta property=\"article:modified_time\" content=\"2024-11-07T15:32:44+00:00\" \/>\n<meta property=\"og:image\" content=\"https:\/\/noticiaempauta.com\/portal\/wp-content\/uploads\/2024\/11\/1.41.jpg\" \/>\n\t<meta property=\"og:image:width\" content=\"451\" \/>\n\t<meta property=\"og:image:height\" content=\"344\" \/>\n\t<meta property=\"og:image:type\" content=\"image\/jpeg\" \/>\n<meta name=\"author\" content=\"Reda\u00e7\u00e3o\" \/>\n<meta name=\"twitter:card\" content=\"summary_large_image\" \/>\n<meta name=\"twitter:label1\" content=\"Escrito por\" \/>\n\t<meta name=\"twitter:data1\" content=\"Reda\u00e7\u00e3o\" \/>\n\t<meta name=\"twitter:label2\" content=\"Est. tempo de leitura\" \/>\n\t<meta name=\"twitter:data2\" content=\"2 minutos\" \/>\n<script type=\"application\/ld+json\" class=\"yoast-schema-graph\">{\"@context\":\"https:\/\/schema.org\",\"@graph\":[{\"@type\":\"Article\",\"@id\":\"https:\/\/noticiaempauta.com\/portal\/itainopolis-ex-vereador-de-cristovao-neto-morre-aos-59-anos\/#article\",\"isPartOf\":{\"@id\":\"https:\/\/noticiaempauta.com\/portal\/itainopolis-ex-vereador-de-cristovao-neto-morre-aos-59-anos\/\"},\"author\":{\"name\":\"Reda\u00e7\u00e3o\",\"@id\":\"https:\/\/noticiaempauta.com\/portal\/#\/schema\/person\/a74af43dd1ab3deca45f988c717d57ac\"},\"headline\":\"Itain\u00f3polis | Ex-vereador Crist\u00f3v\u00e3o Neto morre aos 59 anos\",\"datePublished\":\"2024-11-07T15:29:30+00:00\",\"dateModified\":\"2024-11-07T15:32:44+00:00\",\"mainEntityOfPage\":{\"@id\":\"https:\/\/noticiaempauta.com\/portal\/itainopolis-ex-vereador-de-cristovao-neto-morre-aos-59-anos\/\"},\"wordCount\":178,\"commentCount\":0,\"publisher\":{\"@id\":\"https:\/\/noticiaempauta.com\/portal\/#organization\"},\"image\":{\"@id\":\"https:\/\/noticiaempauta.com\/portal\/itainopolis-ex-vereador-de-cristovao-neto-morre-aos-59-anos\/#primaryimage\"},\"thumbnailUrl\":\"https:\/\/noticiaempauta.com\/portal\/wp-content\/uploads\/2024\/11\/1.41.jpg\",\"articleSection\":[\"Munic\u00edpios\",\"Todas as Not\u00edcias\"],\"inLanguage\":\"pt-BR\",\"potentialAction\":[{\"@type\":\"CommentAction\",\"name\":\"Comment\",\"target\":[\"https:\/\/noticiaempauta.com\/portal\/itainopolis-ex-vereador-de-cristovao-neto-morre-aos-59-anos\/#respond\"]}]},{\"@type\":\"WebPage\",\"@id\":\"https:\/\/noticiaempauta.com\/portal\/itainopolis-ex-vereador-de-cristovao-neto-morre-aos-59-anos\/\",\"url\":\"https:\/\/noticiaempauta.com\/portal\/itainopolis-ex-vereador-de-cristovao-neto-morre-aos-59-anos\/\",\"name\":\"Itain\u00f3polis | Ex-vereador Crist\u00f3v\u00e3o Neto morre aos 59 anos - Portal Not\u00edcia em Pauta\",\"isPartOf\":{\"@id\":\"https:\/\/noticiaempauta.com\/portal\/#website\"},\"primaryImageOfPage\":{\"@id\":\"https:\/\/noticiaempauta.com\/portal\/itainopolis-ex-vereador-de-cristovao-neto-morre-aos-59-anos\/#primaryimage\"},\"image\":{\"@id\":\"https:\/\/noticiaempauta.com\/portal\/itainopolis-ex-vereador-de-cristovao-neto-morre-aos-59-anos\/#primaryimage\"},\"thumbnailUrl\":\"https:\/\/noticiaempauta.com\/portal\/wp-content\/uploads\/2024\/11\/1.41.jpg\",\"datePublished\":\"2024-11-07T15:29:30+00:00\",\"dateModified\":\"2024-11-07T15:32:44+00:00\",\"breadcrumb\":{\"@id\":\"https:\/\/noticiaempauta.com\/portal\/itainopolis-ex-vereador-de-cristovao-neto-morre-aos-59-anos\/#breadcrumb\"},\"inLanguage\":\"pt-BR\",\"potentialAction\":[{\"@type\":\"ReadAction\",\"target\":[\"https:\/\/noticiaempauta.com\/portal\/itainopolis-ex-vereador-de-cristovao-neto-morre-aos-59-anos\/\"]}]},{\"@type\":\"ImageObject\",\"inLanguage\":\"pt-BR\",\"@id\":\"https:\/\/noticiaempauta.com\/portal\/itainopolis-ex-vereador-de-cristovao-neto-morre-aos-59-anos\/#primaryimage\",\"url\":\"https:\/\/noticiaempauta.com\/portal\/wp-content\/uploads\/2024\/11\/1.41.jpg\",\"contentUrl\":\"https:\/\/noticiaempauta.com\/portal\/wp-content\/uploads\/2024\/11\/1.41.jpg\",\"width\":451,\"height\":344,\"caption\":\"(Foto: Reprodu\u00e7\u00e3o\/FolhaAtual)\"},{\"@type\":\"BreadcrumbList\",\"@id\":\"https:\/\/noticiaempauta.com\/portal\/itainopolis-ex-vereador-de-cristovao-neto-morre-aos-59-anos\/#breadcrumb\",\"itemListElement\":[{\"@type\":\"ListItem\",\"position\":1,\"name\":\"P\u00e1gina Inicial\",\"item\":\"https:\/\/noticiaempauta.com\/portal\/\"},{\"@type\":\"ListItem\",\"position\":2,\"name\":\"Munic\u00edpios\",\"item\":\"https:\/\/noticiaempauta.com\/portal\/municipios\/\"},{\"@type\":\"ListItem\",\"position\":3,\"name\":\"Itain\u00f3polis | Ex-vereador Crist\u00f3v\u00e3o Neto morre aos 59 anos\"}]},{\"@type\":\"WebSite\",\"@id\":\"https:\/\/noticiaempauta.com\/portal\/#website\",\"url\":\"https:\/\/noticiaempauta.com\/portal\/\",\"name\":\"Portal Not\u00edcia em Pauta\",\"description\":\"Voc\u00ea bem informado\",\"publisher\":{\"@id\":\"https:\/\/noticiaempauta.com\/portal\/#organization\"},\"potentialAction\":[{\"@type\":\"SearchAction\",\"target\":{\"@type\":\"EntryPoint\",\"urlTemplate\":\"https:\/\/noticiaempauta.com\/portal\/?s={search_term_string}\"},\"query-input\":{\"@type\":\"PropertyValueSpecification\",\"valueRequired\":true,\"valueName\":\"search_term_string\"}}],\"inLanguage\":\"pt-BR\"},{\"@type\":\"Organization\",\"@id\":\"https:\/\/noticiaempauta.com\/portal\/#organization\",\"name\":\"Portal Not\u00edcia em Pauta\",\"url\":\"https:\/\/noticiaempauta.com\/portal\/\",\"logo\":{\"@type\":\"ImageObject\",\"inLanguage\":\"pt-BR\",\"@id\":\"https:\/\/noticiaempauta.com\/portal\/#\/schema\/logo\/image\/\",\"url\":\"https:\/\/noticiaempauta.com\/portal\/wp-content\/uploads\/2022\/08\/logomarca_tema.fw_.png\",\"contentUrl\":\"https:\/\/noticiaempauta.com\/portal\/wp-content\/uploads\/2022\/08\/logomarca_tema.fw_.png\",\"width\":400,\"height\":232,\"caption\":\"Portal Not\u00edcia em Pauta\"},\"image\":{\"@id\":\"https:\/\/noticiaempauta.com\/portal\/#\/schema\/logo\/image\/\"},\"sameAs\":[\"https:\/\/www.facebook.com\/Portal-Notcia-Em-Pauta-102292869264820\/\",\"https:\/\/www.instagram.com\/portalnoticiaempauta\/\"]},{\"@type\":\"Person\",\"@id\":\"https:\/\/noticiaempauta.com\/portal\/#\/schema\/person\/a74af43dd1ab3deca45f988c717d57ac\",\"name\":\"Reda\u00e7\u00e3o\",\"image\":{\"@type\":\"ImageObject\",\"inLanguage\":\"pt-BR\",\"@id\":\"https:\/\/noticiaempauta.com\/portal\/#\/schema\/person\/image\/\",\"url\":\"https:\/\/secure.gravatar.com\/avatar\/03179346ecce6cdfc13361603e8f54242a90e5cde8618fa23c5c00aa2b0aadf3?s=96&d=mm&r=g\",\"contentUrl\":\"https:\/\/secure.gravatar.com\/avatar\/03179346ecce6cdfc13361603e8f54242a90e5cde8618fa23c5c00aa2b0aadf3?s=96&d=mm&r=g\",\"caption\":\"Reda\u00e7\u00e3o\"},\"sameAs\":[\"https:\/\/noticiaempauta.com\/portal\/\"],\"url\":\"https:\/\/noticiaempauta.com\/portal\/author\/fernando\/\"}]}<\/script>\n<!-- \/ Yoast SEO Premium plugin. -->","yoast_head_json":{"title":"Itain\u00f3polis | Ex-vereador Crist\u00f3v\u00e3o Neto morre aos 59 anos - Portal Not\u00edcia em Pauta","robots":{"index":"index","follow":"follow","max-snippet":"max-snippet:-1","max-image-preview":"max-image-preview:large","max-video-preview":"max-video-preview:-1"},"canonical":"https:\/\/noticiaempauta.com\/portal\/itainopolis-ex-vereador-de-cristovao-neto-morre-aos-59-anos\/","og_locale":"pt_BR","og_type":"article","og_title":"Itain\u00f3polis | Ex-vereador Crist\u00f3v\u00e3o Neto morre aos 59 anos","og_description":"Faleceu na manh\u00e3 desta quinta-feira, 07 de novembro, o servidor p\u00fablico, comerciante e ex-vereador de Itain\u00f3polis-PI, Crist\u00f3v\u00e3o Clementino Sousa Santos Neto, o mesmo se encontrava internado em um Hospital da capital Teresina, tenho sido v\u00edtima de um infarto h\u00e1 poucos dias. Natural de Santa Cruz do Piau\u00ed, Crist\u00f3v\u00e3o era Servidor P\u00fablico Estadual, sendo conhecido por [&hellip;]","og_url":"https:\/\/noticiaempauta.com\/portal\/itainopolis-ex-vereador-de-cristovao-neto-morre-aos-59-anos\/","og_site_name":"Portal Not\u00edcia em Pauta","article_publisher":"https:\/\/www.facebook.com\/Portal-Notcia-Em-Pauta-102292869264820\/","article_published_time":"2024-11-07T15:29:30+00:00","article_modified_time":"2024-11-07T15:32:44+00:00","og_image":[{"width":451,"height":344,"url":"https:\/\/noticiaempauta.com\/portal\/wp-content\/uploads\/2024\/11\/1.41.jpg","type":"image\/jpeg"}],"author":"Reda\u00e7\u00e3o","twitter_card":"summary_large_image","twitter_misc":{"Escrito por":"Reda\u00e7\u00e3o","Est. tempo de leitura":"2 minutos"},"schema":{"@context":"https:\/\/schema.org","@graph":[{"@type":"Article","@id":"https:\/\/noticiaempauta.com\/portal\/itainopolis-ex-vereador-de-cristovao-neto-morre-aos-59-anos\/#article","isPartOf":{"@id":"https:\/\/noticiaempauta.com\/portal\/itainopolis-ex-vereador-de-cristovao-neto-morre-aos-59-anos\/"},"author":{"name":"Reda\u00e7\u00e3o","@id":"https:\/\/noticiaempauta.com\/portal\/#\/schema\/person\/a74af43dd1ab3deca45f988c717d57ac"},"headline":"Itain\u00f3polis | Ex-vereador Crist\u00f3v\u00e3o Neto morre aos 59 anos","datePublished":"2024-11-07T15:29:30+00:00","dateModified":"2024-11-07T15:32:44+00:00","mainEntityOfPage":{"@id":"https:\/\/noticiaempauta.com\/portal\/itainopolis-ex-vereador-de-cristovao-neto-morre-aos-59-anos\/"},"wordCount":178,"commentCount":0,"publisher":{"@id":"https:\/\/noticiaempauta.com\/portal\/#organization"},"image":{"@id":"https:\/\/noticiaempauta.com\/portal\/itainopolis-ex-vereador-de-cristovao-neto-morre-aos-59-anos\/#primaryimage"},"thumbnailUrl":"https:\/\/noticiaempauta.com\/portal\/wp-content\/uploads\/2024\/11\/1.41.jpg","articleSection":["Munic\u00edpios","Todas as Not\u00edcias"],"inLanguage":"pt-BR","potentialAction":[{"@type":"CommentAction","name":"Comment","target":["https:\/\/noticiaempauta.com\/portal\/itainopolis-ex-vereador-de-cristovao-neto-morre-aos-59-anos\/#respond"]}]},{"@type":"WebPage","@id":"https:\/\/noticiaempauta.com\/portal\/itainopolis-ex-vereador-de-cristovao-neto-morre-aos-59-anos\/","url":"https:\/\/noticiaempauta.com\/portal\/itainopolis-ex-vereador-de-cristovao-neto-morre-aos-59-anos\/","name":"Itain\u00f3polis | Ex-vereador Crist\u00f3v\u00e3o Neto morre aos 59 anos - Portal Not\u00edcia em Pauta","isPartOf":{"@id":"https:\/\/noticiaempauta.com\/portal\/#website"},"primaryImageOfPage":{"@id":"https:\/\/noticiaempauta.com\/portal\/itainopolis-ex-vereador-de-cristovao-neto-morre-aos-59-anos\/#primaryimage"},"image":{"@id":"https:\/\/noticiaempauta.com\/portal\/itainopolis-ex-vereador-de-cristovao-neto-morre-aos-59-anos\/#primaryimage"},"thumbnailUrl":"https:\/\/noticiaempauta.com\/portal\/wp-content\/uploads\/2024\/11\/1.41.jpg","datePublished":"2024-11-07T15:29:30+00:00","dateModified":"2024-11-07T15:32:44+00:00","breadcrumb":{"@id":"https:\/\/noticiaempauta.com\/portal\/itainopolis-ex-vereador-de-cristovao-neto-morre-aos-59-anos\/#breadcrumb"},"inLanguage":"pt-BR","potentialAction":[{"@type":"ReadAction","target":["https:\/\/noticiaempauta.com\/portal\/itainopolis-ex-vereador-de-cristovao-neto-morre-aos-59-anos\/"]}]},{"@type":"ImageObject","inLanguage":"pt-BR","@id":"https:\/\/noticiaempauta.com\/portal\/itainopolis-ex-vereador-de-cristovao-neto-morre-aos-59-anos\/#primaryimage","url":"https:\/\/noticiaempauta.com\/portal\/wp-content\/uploads\/2024\/11\/1.41.jpg","contentUrl":"https:\/\/noticiaempauta.com\/portal\/wp-content\/uploads\/2024\/11\/1.41.jpg","width":451,"height":344,"caption":"(Foto: Reprodu\u00e7\u00e3o\/FolhaAtual)"},{"@type":"BreadcrumbList","@id":"https:\/\/noticiaempauta.com\/portal\/itainopolis-ex-vereador-de-cristovao-neto-morre-aos-59-anos\/#breadcrumb","itemListElement":[{"@type":"ListItem","position":1,"name":"P\u00e1gina Inicial","item":"https:\/\/noticiaempauta.com\/portal\/"},{"@type":"ListItem","position":2,"name":"Munic\u00edpios","item":"https:\/\/noticiaempauta.com\/portal\/municipios\/"},{"@type":"ListItem","position":3,"name":"Itain\u00f3polis | Ex-vereador Crist\u00f3v\u00e3o Neto morre aos 59 anos"}]},{"@type":"WebSite","@id":"https:\/\/noticiaempauta.com\/portal\/#website","url":"https:\/\/noticiaempauta.com\/portal\/","name":"Portal Not\u00edcia em Pauta","description":"Voc\u00ea bem informado","publisher":{"@id":"https:\/\/noticiaempauta.com\/portal\/#organization"},"potentialAction":[{"@type":"SearchAction","target":{"@type":"EntryPoint","urlTemplate":"https:\/\/noticiaempauta.com\/portal\/?s={search_term_string}"},"query-input":{"@type":"PropertyValueSpecification","valueRequired":true,"valueName":"search_term_string"}}],"inLanguage":"pt-BR"},{"@type":"Organization","@id":"https:\/\/noticiaempauta.com\/portal\/#organization","name":"Portal Not\u00edcia em Pauta","url":"https:\/\/noticiaempauta.com\/portal\/","logo":{"@type":"ImageObject","inLanguage":"pt-BR","@id":"https:\/\/noticiaempauta.com\/portal\/#\/schema\/logo\/image\/","url":"https:\/\/noticiaempauta.com\/portal\/wp-content\/uploads\/2022\/08\/logomarca_tema.fw_.png","contentUrl":"https:\/\/noticiaempauta.com\/portal\/wp-content\/uploads\/2022\/08\/logomarca_tema.fw_.png","width":400,"height":232,"caption":"Portal Not\u00edcia em Pauta"},"image":{"@id":"https:\/\/noticiaempauta.com\/portal\/#\/schema\/logo\/image\/"},"sameAs":["https:\/\/www.facebook.com\/Portal-Notcia-Em-Pauta-102292869264820\/","https:\/\/www.instagram.com\/portalnoticiaempauta\/"]},{"@type":"Person","@id":"https:\/\/noticiaempauta.com\/portal\/#\/schema\/person\/a74af43dd1ab3deca45f988c717d57ac","name":"Reda\u00e7\u00e3o","image":{"@type":"ImageObject","inLanguage":"pt-BR","@id":"https:\/\/noticiaempauta.com\/portal\/#\/schema\/person\/image\/","url":"https:\/\/secure.gravatar.com\/avatar\/03179346ecce6cdfc13361603e8f54242a90e5cde8618fa23c5c00aa2b0aadf3?s=96&d=mm&r=g","contentUrl":"https:\/\/secure.gravatar.com\/avatar\/03179346ecce6cdfc13361603e8f54242a90e5cde8618fa23c5c00aa2b0aadf3?s=96&d=mm&r=g","caption":"Reda\u00e7\u00e3o"},"sameAs":["https:\/\/noticiaempauta.com\/portal\/"],"url":"https:\/\/noticiaempauta.com\/portal\/author\/fernando\/"}]}},"_links":{"self":[{"href":"https:\/\/noticiaempauta.com\/portal\/wp-json\/wp\/v2\/posts\/263874","targetHints":{"allow":["GET"]}}],"collection":[{"href":"https:\/\/noticiaempauta.com\/portal\/wp-json\/wp\/v2\/posts"}],"about":[{"href":"https:\/\/noticiaempauta.com\/portal\/wp-json\/wp\/v2\/types\/post"}],"author":[{"embeddable":true,"href":"https:\/\/noticiaempauta.com\/portal\/wp-json\/wp\/v2\/users\/2"}],"replies":[{"embeddable":true,"href":"https:\/\/noticiaempauta.com\/portal\/wp-json\/wp\/v2\/comments?post=263874"}],"version-history":[{"count":3,"href":"https:\/\/noticiaempauta.com\/portal\/wp-json\/wp\/v2\/posts\/263874\/revisions"}],"predecessor-version":[{"id":263880,"href":"https:\/\/noticiaempauta.com\/portal\/wp-json\/wp\/v2\/posts\/263874\/revisions\/263880"}],"wp:featuredmedia":[{"embeddable":true,"href":"https:\/\/noticiaempauta.com\/portal\/wp-json\/wp\/v2\/media\/263875"}],"wp:attachment":[{"href":"https:\/\/noticiaempauta.com\/portal\/wp-json\/wp\/v2\/media?parent=263874"}],"wp:term":[{"taxonomy":"category","embeddable":true,"href":"https:\/\/noticiaempauta.com\/portal\/wp-json\/wp\/v2\/categories?post=263874"},{"taxonomy":"post_tag","embeddable":true,"href":"https:\/\/noticiaempauta.com\/portal\/wp-json\/wp\/v2\/tags?post=263874"}],"curies":[{"name":"wp","href":"https:\/\/api.w.org\/{rel}","templated":true}]}}