{"id":263913,"date":"2024-11-10T09:34:50","date_gmt":"2024-11-10T12:34:50","guid":{"rendered":"https:\/\/noticiaempauta.com\/portal\/?p=263913"},"modified":"2024-11-10T09:36:32","modified_gmt":"2024-11-10T12:36:32","slug":"governador-do-piaui-e-prefeitos-eleitos-irao-se-reunir-no-dia-21-de-novembro","status":"publish","type":"post","link":"https:\/\/noticiaempauta.com\/portal\/governador-do-piaui-e-prefeitos-eleitos-irao-se-reunir-no-dia-21-de-novembro\/","title":{"rendered":"Governador do Piau\u00ed e prefeitos eleitos ir\u00e3o se reunir no dia 21 de novembro"},"content":{"rendered":"\n<p>No dia 21 de novembro, os prefeitos eleitos e reeleitos do Piau\u00ed, juntamente com o governador Rafael Fonteles, ir\u00e3o se reunir \u00e0s 7h, no Centro de Conven\u00e7\u00f5es de Teresina. O evento, denominado Pacto pelo Piau\u00ed,&nbsp;visa fortalecer a intera\u00e7\u00e3o entre o governo federal, o estadual e municipal para a gest\u00e3o 2025-2028.<\/p>\n\n\n\n<figure class=\"wp-block-image size-large\"><img fetchpriority=\"high\" decoding=\"async\" width=\"1024\" height=\"683\" src=\"https:\/\/noticiaempauta.com\/portal\/wp-content\/uploads\/2024\/11\/IMG_6370-1024x683.webp\" alt=\"\" class=\"wp-image-263914\" srcset=\"https:\/\/noticiaempauta.com\/portal\/wp-content\/uploads\/2024\/11\/IMG_6370-1024x683.webp 1024w, https:\/\/noticiaempauta.com\/portal\/wp-content\/uploads\/2024\/11\/IMG_6370-300x200.webp 300w, https:\/\/noticiaempauta.com\/portal\/wp-content\/uploads\/2024\/11\/IMG_6370-768x512.webp 768w, https:\/\/noticiaempauta.com\/portal\/wp-content\/uploads\/2024\/11\/IMG_6370.webp 1200w\" sizes=\"(max-width: 1024px) 100vw, 1024px\" \/><\/figure>\n\n\n\n<p>Durante o evento, ser\u00e3o apresentadas ferramentas e oportunidades para os munic\u00edpios com o foco de construir parcerias para o desenvolvimento do Piau\u00ed. O encontro tem como p\u00fablico alvo os vice-prefeitos eleitos,\u00a0assessores municipais relacionados aos temas do evento, deputados federais, deputados estaduais e secret\u00e1rios de Estado.\u00a0<\/p>\n\n\n\n<p>Al\u00e9m disso, o governador conversar\u00e1 com os novos gestores sobre a uni\u00e3o do Estado e munic\u00edpios em prol de \u00e1reas essenciais \u00e0 popula\u00e7\u00e3o. A solenidade contar\u00e1 ainda com a assinatura de uma carta de inten\u00e7\u00e3o para participa\u00e7\u00e3o em a\u00e7\u00f5es nas \u00e1reas&nbsp;<strong>d<\/strong>e educa\u00e7\u00e3o, sa\u00fade, seguran\u00e7a, tr\u00e2nsito, saneamento, meio ambiente, defesa civil, primeira inf\u00e2ncia, gest\u00e3o e tecnologia.&nbsp;<\/p>\n\n\n\n<p>Tamb\u00e9m ser\u00e1 anunciado o F\u00f3rum da Rede de Parcerias 2025. O Pactos pelo Piau\u00ed conta ainda com a parceria da Secretaria de Rela\u00e7\u00f5es Institucionais (SRI) e Minist\u00e9rio da Gest\u00e3o e da Inova\u00e7\u00e3o em Servi\u00e7os P\u00fablicos (MGI), que ir\u00e3o contribuir com explana\u00e7\u00f5es sobre&nbsp;a estrutura federativa do governo federal, capta\u00e7\u00e3o de recursos e rede de parcerias.&nbsp;<br><\/p>\n\n\n\n<p>Fonte: Meio News<\/p>\n","protected":false},"excerpt":{"rendered":"<p>No dia 21 de novembro, os prefeitos eleitos e reeleitos do Piau\u00ed, juntamente com o governador Rafael Fonteles, ir\u00e3o se reunir \u00e0s 7h, no Centro de Conven\u00e7\u00f5es de Teresina. O evento, denominado Pacto pelo Piau\u00ed,&nbsp;visa fortalecer a intera\u00e7\u00e3o entre o governo federal, o estadual e municipal para a gest\u00e3o 2025-2028. Durante o evento, ser\u00e3o apresentadas [&hellip;]<\/p>\n","protected":false},"author":2,"featured_media":263914,"comment_status":"open","ping_status":"open","sticky":false,"template":"","format":"standard","meta":{"_mi_skip_tracking":false,"footnotes":""},"categories":[25,1,16],"tags":[],"class_list":["post-263913","post","type-post","status-publish","format-standard","has-post-thumbnail","hentry","category-destaques-site","category-geral","category-todas"],"acf":[],"yoast_head":"<!-- This site is optimized with the Yoast SEO Premium plugin v19.2 (Yoast SEO v26.9) - https:\/\/yoast.com\/product\/yoast-seo-premium-wordpress\/ -->\n<title>Governador do Piau\u00ed e prefeitos eleitos ir\u00e3o se reunir no dia 21 de novembro - Portal Not\u00edcia em Pauta<\/title>\n<meta name=\"robots\" content=\"index, follow, max-snippet:-1, max-image-preview:large, max-video-preview:-1\" \/>\n<link rel=\"canonical\" href=\"https:\/\/noticiaempauta.com\/portal\/governador-do-piaui-e-prefeitos-eleitos-irao-se-reunir-no-dia-21-de-novembro\/\" \/>\n<meta property=\"og:locale\" content=\"pt_BR\" \/>\n<meta property=\"og:type\" content=\"article\" \/>\n<meta property=\"og:title\" content=\"Governador do Piau\u00ed e prefeitos eleitos ir\u00e3o se reunir no dia 21 de novembro\" \/>\n<meta property=\"og:description\" content=\"No dia 21 de novembro, os prefeitos eleitos e reeleitos do Piau\u00ed, juntamente com o governador Rafael Fonteles, ir\u00e3o se reunir \u00e0s 7h, no Centro de Conven\u00e7\u00f5es de Teresina. O evento, denominado Pacto pelo Piau\u00ed,&nbsp;visa fortalecer a intera\u00e7\u00e3o entre o governo federal, o estadual e municipal para a gest\u00e3o 2025-2028. Durante o evento, ser\u00e3o apresentadas [&hellip;]\" \/>\n<meta property=\"og:url\" content=\"https:\/\/noticiaempauta.com\/portal\/governador-do-piaui-e-prefeitos-eleitos-irao-se-reunir-no-dia-21-de-novembro\/\" \/>\n<meta property=\"og:site_name\" content=\"Portal Not\u00edcia em Pauta\" \/>\n<meta property=\"article:publisher\" content=\"https:\/\/www.facebook.com\/Portal-Notcia-Em-Pauta-102292869264820\/\" \/>\n<meta property=\"article:published_time\" content=\"2024-11-10T12:34:50+00:00\" \/>\n<meta property=\"article:modified_time\" content=\"2024-11-10T12:36:32+00:00\" \/>\n<meta property=\"og:image\" content=\"https:\/\/noticiaempauta.com\/portal\/wp-content\/uploads\/2024\/11\/IMG_6370.webp\" \/>\n\t<meta property=\"og:image:width\" content=\"1200\" \/>\n\t<meta property=\"og:image:height\" content=\"800\" \/>\n\t<meta property=\"og:image:type\" content=\"image\/webp\" \/>\n<meta name=\"author\" content=\"Reda\u00e7\u00e3o\" \/>\n<meta name=\"twitter:card\" content=\"summary_large_image\" \/>\n<meta name=\"twitter:label1\" content=\"Escrito por\" \/>\n\t<meta name=\"twitter:data1\" content=\"Reda\u00e7\u00e3o\" \/>\n\t<meta name=\"twitter:label2\" content=\"Est. tempo de leitura\" \/>\n\t<meta name=\"twitter:data2\" content=\"2 minutos\" \/>\n<script type=\"application\/ld+json\" class=\"yoast-schema-graph\">{\"@context\":\"https:\/\/schema.org\",\"@graph\":[{\"@type\":\"Article\",\"@id\":\"https:\/\/noticiaempauta.com\/portal\/governador-do-piaui-e-prefeitos-eleitos-irao-se-reunir-no-dia-21-de-novembro\/#article\",\"isPartOf\":{\"@id\":\"https:\/\/noticiaempauta.com\/portal\/governador-do-piaui-e-prefeitos-eleitos-irao-se-reunir-no-dia-21-de-novembro\/\"},\"author\":{\"name\":\"Reda\u00e7\u00e3o\",\"@id\":\"https:\/\/noticiaempauta.com\/portal\/#\/schema\/person\/a74af43dd1ab3deca45f988c717d57ac\"},\"headline\":\"Governador do Piau\u00ed e prefeitos eleitos ir\u00e3o se reunir no dia 21 de novembro\",\"datePublished\":\"2024-11-10T12:34:50+00:00\",\"dateModified\":\"2024-11-10T12:36:32+00:00\",\"mainEntityOfPage\":{\"@id\":\"https:\/\/noticiaempauta.com\/portal\/governador-do-piaui-e-prefeitos-eleitos-irao-se-reunir-no-dia-21-de-novembro\/\"},\"wordCount\":259,\"commentCount\":0,\"publisher\":{\"@id\":\"https:\/\/noticiaempauta.com\/portal\/#organization\"},\"image\":{\"@id\":\"https:\/\/noticiaempauta.com\/portal\/governador-do-piaui-e-prefeitos-eleitos-irao-se-reunir-no-dia-21-de-novembro\/#primaryimage\"},\"thumbnailUrl\":\"https:\/\/noticiaempauta.com\/portal\/wp-content\/uploads\/2024\/11\/IMG_6370.webp\",\"articleSection\":[\"Destaques\",\"Geral\",\"Todas as Not\u00edcias\"],\"inLanguage\":\"pt-BR\",\"potentialAction\":[{\"@type\":\"CommentAction\",\"name\":\"Comment\",\"target\":[\"https:\/\/noticiaempauta.com\/portal\/governador-do-piaui-e-prefeitos-eleitos-irao-se-reunir-no-dia-21-de-novembro\/#respond\"]}]},{\"@type\":\"WebPage\",\"@id\":\"https:\/\/noticiaempauta.com\/portal\/governador-do-piaui-e-prefeitos-eleitos-irao-se-reunir-no-dia-21-de-novembro\/\",\"url\":\"https:\/\/noticiaempauta.com\/portal\/governador-do-piaui-e-prefeitos-eleitos-irao-se-reunir-no-dia-21-de-novembro\/\",\"name\":\"Governador do Piau\u00ed e prefeitos eleitos ir\u00e3o se reunir no dia 21 de novembro - Portal Not\u00edcia em Pauta\",\"isPartOf\":{\"@id\":\"https:\/\/noticiaempauta.com\/portal\/#website\"},\"primaryImageOfPage\":{\"@id\":\"https:\/\/noticiaempauta.com\/portal\/governador-do-piaui-e-prefeitos-eleitos-irao-se-reunir-no-dia-21-de-novembro\/#primaryimage\"},\"image\":{\"@id\":\"https:\/\/noticiaempauta.com\/portal\/governador-do-piaui-e-prefeitos-eleitos-irao-se-reunir-no-dia-21-de-novembro\/#primaryimage\"},\"thumbnailUrl\":\"https:\/\/noticiaempauta.com\/portal\/wp-content\/uploads\/2024\/11\/IMG_6370.webp\",\"datePublished\":\"2024-11-10T12:34:50+00:00\",\"dateModified\":\"2024-11-10T12:36:32+00:00\",\"breadcrumb\":{\"@id\":\"https:\/\/noticiaempauta.com\/portal\/governador-do-piaui-e-prefeitos-eleitos-irao-se-reunir-no-dia-21-de-novembro\/#breadcrumb\"},\"inLanguage\":\"pt-BR\",\"potentialAction\":[{\"@type\":\"ReadAction\",\"target\":[\"https:\/\/noticiaempauta.com\/portal\/governador-do-piaui-e-prefeitos-eleitos-irao-se-reunir-no-dia-21-de-novembro\/\"]}]},{\"@type\":\"ImageObject\",\"inLanguage\":\"pt-BR\",\"@id\":\"https:\/\/noticiaempauta.com\/portal\/governador-do-piaui-e-prefeitos-eleitos-irao-se-reunir-no-dia-21-de-novembro\/#primaryimage\",\"url\":\"https:\/\/noticiaempauta.com\/portal\/wp-content\/uploads\/2024\/11\/IMG_6370.webp\",\"contentUrl\":\"https:\/\/noticiaempauta.com\/portal\/wp-content\/uploads\/2024\/11\/IMG_6370.webp\",\"width\":1200,\"height\":800},{\"@type\":\"BreadcrumbList\",\"@id\":\"https:\/\/noticiaempauta.com\/portal\/governador-do-piaui-e-prefeitos-eleitos-irao-se-reunir-no-dia-21-de-novembro\/#breadcrumb\",\"itemListElement\":[{\"@type\":\"ListItem\",\"position\":1,\"name\":\"P\u00e1gina Inicial\",\"item\":\"https:\/\/noticiaempauta.com\/portal\/\"},{\"@type\":\"ListItem\",\"position\":2,\"name\":\"Destaques\",\"item\":\"https:\/\/noticiaempauta.com\/portal\/destaques-site\/\"},{\"@type\":\"ListItem\",\"position\":3,\"name\":\"Governador do Piau\u00ed e prefeitos eleitos ir\u00e3o se reunir no dia 21 de novembro\"}]},{\"@type\":\"WebSite\",\"@id\":\"https:\/\/noticiaempauta.com\/portal\/#website\",\"url\":\"https:\/\/noticiaempauta.com\/portal\/\",\"name\":\"Portal Not\u00edcia em Pauta\",\"description\":\"Voc\u00ea bem informado\",\"publisher\":{\"@id\":\"https:\/\/noticiaempauta.com\/portal\/#organization\"},\"potentialAction\":[{\"@type\":\"SearchAction\",\"target\":{\"@type\":\"EntryPoint\",\"urlTemplate\":\"https:\/\/noticiaempauta.com\/portal\/?s={search_term_string}\"},\"query-input\":{\"@type\":\"PropertyValueSpecification\",\"valueRequired\":true,\"valueName\":\"search_term_string\"}}],\"inLanguage\":\"pt-BR\"},{\"@type\":\"Organization\",\"@id\":\"https:\/\/noticiaempauta.com\/portal\/#organization\",\"name\":\"Portal Not\u00edcia em Pauta\",\"url\":\"https:\/\/noticiaempauta.com\/portal\/\",\"logo\":{\"@type\":\"ImageObject\",\"inLanguage\":\"pt-BR\",\"@id\":\"https:\/\/noticiaempauta.com\/portal\/#\/schema\/logo\/image\/\",\"url\":\"https:\/\/noticiaempauta.com\/portal\/wp-content\/uploads\/2022\/08\/logomarca_tema.fw_.png\",\"contentUrl\":\"https:\/\/noticiaempauta.com\/portal\/wp-content\/uploads\/2022\/08\/logomarca_tema.fw_.png\",\"width\":400,\"height\":232,\"caption\":\"Portal Not\u00edcia em Pauta\"},\"image\":{\"@id\":\"https:\/\/noticiaempauta.com\/portal\/#\/schema\/logo\/image\/\"},\"sameAs\":[\"https:\/\/www.facebook.com\/Portal-Notcia-Em-Pauta-102292869264820\/\",\"https:\/\/www.instagram.com\/portalnoticiaempauta\/\"]},{\"@type\":\"Person\",\"@id\":\"https:\/\/noticiaempauta.com\/portal\/#\/schema\/person\/a74af43dd1ab3deca45f988c717d57ac\",\"name\":\"Reda\u00e7\u00e3o\",\"image\":{\"@type\":\"ImageObject\",\"inLanguage\":\"pt-BR\",\"@id\":\"https:\/\/noticiaempauta.com\/portal\/#\/schema\/person\/image\/\",\"url\":\"https:\/\/secure.gravatar.com\/avatar\/03179346ecce6cdfc13361603e8f54242a90e5cde8618fa23c5c00aa2b0aadf3?s=96&d=mm&r=g\",\"contentUrl\":\"https:\/\/secure.gravatar.com\/avatar\/03179346ecce6cdfc13361603e8f54242a90e5cde8618fa23c5c00aa2b0aadf3?s=96&d=mm&r=g\",\"caption\":\"Reda\u00e7\u00e3o\"},\"sameAs\":[\"https:\/\/noticiaempauta.com\/portal\/\"],\"url\":\"https:\/\/noticiaempauta.com\/portal\/author\/fernando\/\"}]}<\/script>\n<!-- \/ Yoast SEO Premium plugin. -->","yoast_head_json":{"title":"Governador do Piau\u00ed e prefeitos eleitos ir\u00e3o se reunir no dia 21 de novembro - Portal Not\u00edcia em Pauta","robots":{"index":"index","follow":"follow","max-snippet":"max-snippet:-1","max-image-preview":"max-image-preview:large","max-video-preview":"max-video-preview:-1"},"canonical":"https:\/\/noticiaempauta.com\/portal\/governador-do-piaui-e-prefeitos-eleitos-irao-se-reunir-no-dia-21-de-novembro\/","og_locale":"pt_BR","og_type":"article","og_title":"Governador do Piau\u00ed e prefeitos eleitos ir\u00e3o se reunir no dia 21 de novembro","og_description":"No dia 21 de novembro, os prefeitos eleitos e reeleitos do Piau\u00ed, juntamente com o governador Rafael Fonteles, ir\u00e3o se reunir \u00e0s 7h, no Centro de Conven\u00e7\u00f5es de Teresina. O evento, denominado Pacto pelo Piau\u00ed,&nbsp;visa fortalecer a intera\u00e7\u00e3o entre o governo federal, o estadual e municipal para a gest\u00e3o 2025-2028. Durante o evento, ser\u00e3o apresentadas [&hellip;]","og_url":"https:\/\/noticiaempauta.com\/portal\/governador-do-piaui-e-prefeitos-eleitos-irao-se-reunir-no-dia-21-de-novembro\/","og_site_name":"Portal Not\u00edcia em Pauta","article_publisher":"https:\/\/www.facebook.com\/Portal-Notcia-Em-Pauta-102292869264820\/","article_published_time":"2024-11-10T12:34:50+00:00","article_modified_time":"2024-11-10T12:36:32+00:00","og_image":[{"width":1200,"height":800,"url":"https:\/\/noticiaempauta.com\/portal\/wp-content\/uploads\/2024\/11\/IMG_6370.webp","type":"image\/webp"}],"author":"Reda\u00e7\u00e3o","twitter_card":"summary_large_image","twitter_misc":{"Escrito por":"Reda\u00e7\u00e3o","Est. tempo de leitura":"2 minutos"},"schema":{"@context":"https:\/\/schema.org","@graph":[{"@type":"Article","@id":"https:\/\/noticiaempauta.com\/portal\/governador-do-piaui-e-prefeitos-eleitos-irao-se-reunir-no-dia-21-de-novembro\/#article","isPartOf":{"@id":"https:\/\/noticiaempauta.com\/portal\/governador-do-piaui-e-prefeitos-eleitos-irao-se-reunir-no-dia-21-de-novembro\/"},"author":{"name":"Reda\u00e7\u00e3o","@id":"https:\/\/noticiaempauta.com\/portal\/#\/schema\/person\/a74af43dd1ab3deca45f988c717d57ac"},"headline":"Governador do Piau\u00ed e prefeitos eleitos ir\u00e3o se reunir no dia 21 de novembro","datePublished":"2024-11-10T12:34:50+00:00","dateModified":"2024-11-10T12:36:32+00:00","mainEntityOfPage":{"@id":"https:\/\/noticiaempauta.com\/portal\/governador-do-piaui-e-prefeitos-eleitos-irao-se-reunir-no-dia-21-de-novembro\/"},"wordCount":259,"commentCount":0,"publisher":{"@id":"https:\/\/noticiaempauta.com\/portal\/#organization"},"image":{"@id":"https:\/\/noticiaempauta.com\/portal\/governador-do-piaui-e-prefeitos-eleitos-irao-se-reunir-no-dia-21-de-novembro\/#primaryimage"},"thumbnailUrl":"https:\/\/noticiaempauta.com\/portal\/wp-content\/uploads\/2024\/11\/IMG_6370.webp","articleSection":["Destaques","Geral","Todas as Not\u00edcias"],"inLanguage":"pt-BR","potentialAction":[{"@type":"CommentAction","name":"Comment","target":["https:\/\/noticiaempauta.com\/portal\/governador-do-piaui-e-prefeitos-eleitos-irao-se-reunir-no-dia-21-de-novembro\/#respond"]}]},{"@type":"WebPage","@id":"https:\/\/noticiaempauta.com\/portal\/governador-do-piaui-e-prefeitos-eleitos-irao-se-reunir-no-dia-21-de-novembro\/","url":"https:\/\/noticiaempauta.com\/portal\/governador-do-piaui-e-prefeitos-eleitos-irao-se-reunir-no-dia-21-de-novembro\/","name":"Governador do Piau\u00ed e prefeitos eleitos ir\u00e3o se reunir no dia 21 de novembro - Portal Not\u00edcia em Pauta","isPartOf":{"@id":"https:\/\/noticiaempauta.com\/portal\/#website"},"primaryImageOfPage":{"@id":"https:\/\/noticiaempauta.com\/portal\/governador-do-piaui-e-prefeitos-eleitos-irao-se-reunir-no-dia-21-de-novembro\/#primaryimage"},"image":{"@id":"https:\/\/noticiaempauta.com\/portal\/governador-do-piaui-e-prefeitos-eleitos-irao-se-reunir-no-dia-21-de-novembro\/#primaryimage"},"thumbnailUrl":"https:\/\/noticiaempauta.com\/portal\/wp-content\/uploads\/2024\/11\/IMG_6370.webp","datePublished":"2024-11-10T12:34:50+00:00","dateModified":"2024-11-10T12:36:32+00:00","breadcrumb":{"@id":"https:\/\/noticiaempauta.com\/portal\/governador-do-piaui-e-prefeitos-eleitos-irao-se-reunir-no-dia-21-de-novembro\/#breadcrumb"},"inLanguage":"pt-BR","potentialAction":[{"@type":"ReadAction","target":["https:\/\/noticiaempauta.com\/portal\/governador-do-piaui-e-prefeitos-eleitos-irao-se-reunir-no-dia-21-de-novembro\/"]}]},{"@type":"ImageObject","inLanguage":"pt-BR","@id":"https:\/\/noticiaempauta.com\/portal\/governador-do-piaui-e-prefeitos-eleitos-irao-se-reunir-no-dia-21-de-novembro\/#primaryimage","url":"https:\/\/noticiaempauta.com\/portal\/wp-content\/uploads\/2024\/11\/IMG_6370.webp","contentUrl":"https:\/\/noticiaempauta.com\/portal\/wp-content\/uploads\/2024\/11\/IMG_6370.webp","width":1200,"height":800},{"@type":"BreadcrumbList","@id":"https:\/\/noticiaempauta.com\/portal\/governador-do-piaui-e-prefeitos-eleitos-irao-se-reunir-no-dia-21-de-novembro\/#breadcrumb","itemListElement":[{"@type":"ListItem","position":1,"name":"P\u00e1gina Inicial","item":"https:\/\/noticiaempauta.com\/portal\/"},{"@type":"ListItem","position":2,"name":"Destaques","item":"https:\/\/noticiaempauta.com\/portal\/destaques-site\/"},{"@type":"ListItem","position":3,"name":"Governador do Piau\u00ed e prefeitos eleitos ir\u00e3o se reunir no dia 21 de novembro"}]},{"@type":"WebSite","@id":"https:\/\/noticiaempauta.com\/portal\/#website","url":"https:\/\/noticiaempauta.com\/portal\/","name":"Portal Not\u00edcia em Pauta","description":"Voc\u00ea bem informado","publisher":{"@id":"https:\/\/noticiaempauta.com\/portal\/#organization"},"potentialAction":[{"@type":"SearchAction","target":{"@type":"EntryPoint","urlTemplate":"https:\/\/noticiaempauta.com\/portal\/?s={search_term_string}"},"query-input":{"@type":"PropertyValueSpecification","valueRequired":true,"valueName":"search_term_string"}}],"inLanguage":"pt-BR"},{"@type":"Organization","@id":"https:\/\/noticiaempauta.com\/portal\/#organization","name":"Portal Not\u00edcia em Pauta","url":"https:\/\/noticiaempauta.com\/portal\/","logo":{"@type":"ImageObject","inLanguage":"pt-BR","@id":"https:\/\/noticiaempauta.com\/portal\/#\/schema\/logo\/image\/","url":"https:\/\/noticiaempauta.com\/portal\/wp-content\/uploads\/2022\/08\/logomarca_tema.fw_.png","contentUrl":"https:\/\/noticiaempauta.com\/portal\/wp-content\/uploads\/2022\/08\/logomarca_tema.fw_.png","width":400,"height":232,"caption":"Portal Not\u00edcia em Pauta"},"image":{"@id":"https:\/\/noticiaempauta.com\/portal\/#\/schema\/logo\/image\/"},"sameAs":["https:\/\/www.facebook.com\/Portal-Notcia-Em-Pauta-102292869264820\/","https:\/\/www.instagram.com\/portalnoticiaempauta\/"]},{"@type":"Person","@id":"https:\/\/noticiaempauta.com\/portal\/#\/schema\/person\/a74af43dd1ab3deca45f988c717d57ac","name":"Reda\u00e7\u00e3o","image":{"@type":"ImageObject","inLanguage":"pt-BR","@id":"https:\/\/noticiaempauta.com\/portal\/#\/schema\/person\/image\/","url":"https:\/\/secure.gravatar.com\/avatar\/03179346ecce6cdfc13361603e8f54242a90e5cde8618fa23c5c00aa2b0aadf3?s=96&d=mm&r=g","contentUrl":"https:\/\/secure.gravatar.com\/avatar\/03179346ecce6cdfc13361603e8f54242a90e5cde8618fa23c5c00aa2b0aadf3?s=96&d=mm&r=g","caption":"Reda\u00e7\u00e3o"},"sameAs":["https:\/\/noticiaempauta.com\/portal\/"],"url":"https:\/\/noticiaempauta.com\/portal\/author\/fernando\/"}]}},"_links":{"self":[{"href":"https:\/\/noticiaempauta.com\/portal\/wp-json\/wp\/v2\/posts\/263913","targetHints":{"allow":["GET"]}}],"collection":[{"href":"https:\/\/noticiaempauta.com\/portal\/wp-json\/wp\/v2\/posts"}],"about":[{"href":"https:\/\/noticiaempauta.com\/portal\/wp-json\/wp\/v2\/types\/post"}],"author":[{"embeddable":true,"href":"https:\/\/noticiaempauta.com\/portal\/wp-json\/wp\/v2\/users\/2"}],"replies":[{"embeddable":true,"href":"https:\/\/noticiaempauta.com\/portal\/wp-json\/wp\/v2\/comments?post=263913"}],"version-history":[{"count":3,"href":"https:\/\/noticiaempauta.com\/portal\/wp-json\/wp\/v2\/posts\/263913\/revisions"}],"predecessor-version":[{"id":263917,"href":"https:\/\/noticiaempauta.com\/portal\/wp-json\/wp\/v2\/posts\/263913\/revisions\/263917"}],"wp:featuredmedia":[{"embeddable":true,"href":"https:\/\/noticiaempauta.com\/portal\/wp-json\/wp\/v2\/media\/263914"}],"wp:attachment":[{"href":"https:\/\/noticiaempauta.com\/portal\/wp-json\/wp\/v2\/media?parent=263913"}],"wp:term":[{"taxonomy":"category","embeddable":true,"href":"https:\/\/noticiaempauta.com\/portal\/wp-json\/wp\/v2\/categories?post=263913"},{"taxonomy":"post_tag","embeddable":true,"href":"https:\/\/noticiaempauta.com\/portal\/wp-json\/wp\/v2\/tags?post=263913"}],"curies":[{"name":"wp","href":"https:\/\/api.w.org\/{rel}","templated":true}]}}