{"id":263931,"date":"2024-11-11T09:27:43","date_gmt":"2024-11-11T12:27:43","guid":{"rendered":"https:\/\/noticiaempauta.com\/portal\/?p=263931"},"modified":"2024-11-11T09:27:44","modified_gmt":"2024-11-11T12:27:44","slug":"fim-da-escala-6x1-entenda-projeto-que-dominou-redes-sociais-e-pressiona-deputados","status":"publish","type":"post","link":"https:\/\/noticiaempauta.com\/portal\/fim-da-escala-6x1-entenda-projeto-que-dominou-redes-sociais-e-pressiona-deputados\/","title":{"rendered":"Fim da escala 6&#215;1: entenda projeto que dominou redes sociais e pressiona deputados"},"content":{"rendered":"\n<p>A discuss\u00e3o sobre o fim da jornada de trabalho de 6 dias de trabalho por um dia de descanso ganhou tra\u00e7\u00e3o nas redes sociais nos \u00faltimos dias. O assunto ficou entre os mais comentados durante boa parte do \u00faltimo fim de semana. Com tanto engajamento, muitos pol\u00edticos correram para aderir \u00e0 Proposta de Emenda Constitucional (PEC) apresentada pela deputada Erika Hilton (PSol-SP) na C\u00e2mara dos Deputados.<\/p>\n\n\n\n<figure class=\"wp-block-image size-full\"><img fetchpriority=\"high\" decoding=\"async\" width=\"790\" height=\"550\" src=\"https:\/\/noticiaempauta.com\/portal\/wp-content\/uploads\/2024\/11\/cb0aa3a9acd2357c6a15e78dd2627de0.jpg\" alt=\"\" class=\"wp-image-263932\" srcset=\"https:\/\/noticiaempauta.com\/portal\/wp-content\/uploads\/2024\/11\/cb0aa3a9acd2357c6a15e78dd2627de0.jpg 790w, https:\/\/noticiaempauta.com\/portal\/wp-content\/uploads\/2024\/11\/cb0aa3a9acd2357c6a15e78dd2627de0-300x209.jpg 300w, https:\/\/noticiaempauta.com\/portal\/wp-content\/uploads\/2024\/11\/cb0aa3a9acd2357c6a15e78dd2627de0-768x535.jpg 768w\" sizes=\"(max-width: 790px) 100vw, 790px\" \/><\/figure>\n\n\n\n<p>At\u00e9 o \u00faltimo s\u00e1bado (9), 79 deputados haviam assinado a proposta. Por se tratar de uma PEC, s\u00e3o necess\u00e1rias 171 assinaturas para o projeto come\u00e7ar a tramitar. Depois, para o texto ser aprovado, s\u00e3o necess\u00e1rios 308 votos e 2 turnos de vota\u00e7\u00e3o.<\/p>\n\n\n\n<p>A press\u00e3o das redes sociais alcan\u00e7ou pol\u00edticos que n\u00e3o se manifestaram sobre o assunto. \u00c9 o caso do deputado federal Nikolas Ferreira (PL-MG). Usu\u00e1rios que se identificam como apoiadores do bolsonarista inundaram publica\u00e7\u00f5es do pol\u00edtico com questionamentos sobre o motivo do parlamentar n\u00e3o ter assinado a PEC.<\/p>\n\n\n\n<p>A frase \u201cNikolas Ferreira n\u00e3o assinou\u201d chegou a ficar entre as mais repetidas no X (antigo Twitter). Outros deputados do PL, partido do ex-presidente Bolsonaro, tamb\u00e9m foram questionados. Apenas um dos 93 parlamentares da sigla assinou a PEC.<\/p>\n\n\n\n<p><strong>Fim da escala 6&#215;1<\/strong><\/p>\n\n\n\n<p>O texto apresentado por \u00c9rika Hilton acaba com o modelo de contrata\u00e7\u00e3o em que o empregado trabalha por seis dias consecutivos e folga no s\u00e9timo.<\/p>\n\n\n\n<p>A parlamentar tamb\u00e9m recorreu \u00e0s redes sociais para comentar sobre o assunto, onde chamou o modelo de trabalho de \u201cdesumano\u201d. \u201cIsso tira do trabalhador o direito de passar tempo com sua fam\u00edlia, de cuidar de si, de se divertir, de procurar outro emprego ou at\u00e9 mesmo se qualificar para um emprego melhor. A escala 6&#215;1 \u00e9 uma pris\u00e3o, e \u00e9 incompat\u00edvel com a dignidade do trabalhador&#8221;, disse a deputada no X (antigo Twitter). .<\/p>\n\n\n\n<p>A proposta surgiu do Movimento Vida Al\u00e9m do Trabalho (VAT), liderado pelo vereador eleito Rick Azevedo (PSol-RJ). A mobiliza\u00e7\u00e3o j\u00e1 conseguiu a ades\u00e3o de 1,3 milh\u00e3o de assinaturas da peti\u00e7\u00e3o online em defesa da proposta.<\/p>\n\n\n\n<p>Pelo texto da Constitui\u00e7\u00e3o e da Consolida\u00e7\u00e3o das Leis do Trabalho (CLT), a jornada de trabalho n\u00e3o pode ser superior a oito horas di\u00e1rias e 44 horas semanais, sendo facultada a compensa\u00e7\u00e3o de hor\u00e1rios e a redu\u00e7\u00e3o de jornada, mediante acordo ou conven\u00e7\u00e3o coletiva de trabalho.<\/p>\n\n\n\n<p>SBT NEWS<\/p>\n","protected":false},"excerpt":{"rendered":"<p>A discuss\u00e3o sobre o fim da jornada de trabalho de 6 dias de trabalho por um dia de descanso ganhou tra\u00e7\u00e3o nas redes sociais nos \u00faltimos dias. O assunto ficou entre os mais comentados durante boa parte do \u00faltimo fim de semana. Com tanto engajamento, muitos pol\u00edticos correram para aderir \u00e0 Proposta de Emenda Constitucional [&hellip;]<\/p>\n","protected":false},"author":2,"featured_media":263933,"comment_status":"open","ping_status":"open","sticky":false,"template":"","format":"standard","meta":{"_mi_skip_tracking":false,"footnotes":""},"categories":[25,1,16],"tags":[192],"class_list":["post-263931","post","type-post","status-publish","format-standard","has-post-thumbnail","hentry","category-destaques-site","category-geral","category-todas","tag-destaqueprincipal"],"acf":[],"yoast_head":"<!-- This site is optimized with the Yoast SEO Premium plugin v19.2 (Yoast SEO v26.9) - https:\/\/yoast.com\/product\/yoast-seo-premium-wordpress\/ -->\n<title>Fim da escala 6x1: entenda projeto que dominou redes sociais e pressiona deputados - Portal Not\u00edcia em Pauta<\/title>\n<meta name=\"robots\" content=\"index, follow, max-snippet:-1, max-image-preview:large, max-video-preview:-1\" \/>\n<link rel=\"canonical\" href=\"https:\/\/noticiaempauta.com\/portal\/fim-da-escala-6x1-entenda-projeto-que-dominou-redes-sociais-e-pressiona-deputados\/\" \/>\n<meta property=\"og:locale\" content=\"pt_BR\" \/>\n<meta property=\"og:type\" content=\"article\" \/>\n<meta property=\"og:title\" content=\"Fim da escala 6x1: entenda projeto que dominou redes sociais e pressiona deputados\" \/>\n<meta property=\"og:description\" content=\"A discuss\u00e3o sobre o fim da jornada de trabalho de 6 dias de trabalho por um dia de descanso ganhou tra\u00e7\u00e3o nas redes sociais nos \u00faltimos dias. O assunto ficou entre os mais comentados durante boa parte do \u00faltimo fim de semana. Com tanto engajamento, muitos pol\u00edticos correram para aderir \u00e0 Proposta de Emenda Constitucional [&hellip;]\" \/>\n<meta property=\"og:url\" content=\"https:\/\/noticiaempauta.com\/portal\/fim-da-escala-6x1-entenda-projeto-que-dominou-redes-sociais-e-pressiona-deputados\/\" \/>\n<meta property=\"og:site_name\" content=\"Portal Not\u00edcia em Pauta\" \/>\n<meta property=\"article:publisher\" content=\"https:\/\/www.facebook.com\/Portal-Notcia-Em-Pauta-102292869264820\/\" \/>\n<meta property=\"article:published_time\" content=\"2024-11-11T12:27:43+00:00\" \/>\n<meta property=\"article:modified_time\" content=\"2024-11-11T12:27:44+00:00\" \/>\n<meta property=\"og:image\" content=\"https:\/\/noticiaempauta.com\/portal\/wp-content\/uploads\/2024\/11\/cb0aa3a9acd2357c6a15e78dd2627de0-1.jpg\" \/>\n\t<meta property=\"og:image:width\" content=\"790\" \/>\n\t<meta property=\"og:image:height\" content=\"550\" \/>\n\t<meta property=\"og:image:type\" content=\"image\/jpeg\" \/>\n<meta name=\"author\" content=\"Reda\u00e7\u00e3o\" \/>\n<meta name=\"twitter:card\" content=\"summary_large_image\" \/>\n<meta name=\"twitter:label1\" content=\"Escrito por\" \/>\n\t<meta name=\"twitter:data1\" content=\"Reda\u00e7\u00e3o\" \/>\n\t<meta name=\"twitter:label2\" content=\"Est. tempo de leitura\" \/>\n\t<meta name=\"twitter:data2\" content=\"3 minutos\" \/>\n<script type=\"application\/ld+json\" class=\"yoast-schema-graph\">{\"@context\":\"https:\/\/schema.org\",\"@graph\":[{\"@type\":\"Article\",\"@id\":\"https:\/\/noticiaempauta.com\/portal\/fim-da-escala-6x1-entenda-projeto-que-dominou-redes-sociais-e-pressiona-deputados\/#article\",\"isPartOf\":{\"@id\":\"https:\/\/noticiaempauta.com\/portal\/fim-da-escala-6x1-entenda-projeto-que-dominou-redes-sociais-e-pressiona-deputados\/\"},\"author\":{\"name\":\"Reda\u00e7\u00e3o\",\"@id\":\"https:\/\/noticiaempauta.com\/portal\/#\/schema\/person\/a74af43dd1ab3deca45f988c717d57ac\"},\"headline\":\"Fim da escala 6&#215;1: entenda projeto que dominou redes sociais e pressiona deputados\",\"datePublished\":\"2024-11-11T12:27:43+00:00\",\"dateModified\":\"2024-11-11T12:27:44+00:00\",\"mainEntityOfPage\":{\"@id\":\"https:\/\/noticiaempauta.com\/portal\/fim-da-escala-6x1-entenda-projeto-que-dominou-redes-sociais-e-pressiona-deputados\/\"},\"wordCount\":418,\"commentCount\":0,\"publisher\":{\"@id\":\"https:\/\/noticiaempauta.com\/portal\/#organization\"},\"image\":{\"@id\":\"https:\/\/noticiaempauta.com\/portal\/fim-da-escala-6x1-entenda-projeto-que-dominou-redes-sociais-e-pressiona-deputados\/#primaryimage\"},\"thumbnailUrl\":\"https:\/\/noticiaempauta.com\/portal\/wp-content\/uploads\/2024\/11\/cb0aa3a9acd2357c6a15e78dd2627de0-1.jpg\",\"keywords\":[\"destaqueprincipal\"],\"articleSection\":[\"Destaques\",\"Geral\",\"Todas as Not\u00edcias\"],\"inLanguage\":\"pt-BR\",\"potentialAction\":[{\"@type\":\"CommentAction\",\"name\":\"Comment\",\"target\":[\"https:\/\/noticiaempauta.com\/portal\/fim-da-escala-6x1-entenda-projeto-que-dominou-redes-sociais-e-pressiona-deputados\/#respond\"]}]},{\"@type\":\"WebPage\",\"@id\":\"https:\/\/noticiaempauta.com\/portal\/fim-da-escala-6x1-entenda-projeto-que-dominou-redes-sociais-e-pressiona-deputados\/\",\"url\":\"https:\/\/noticiaempauta.com\/portal\/fim-da-escala-6x1-entenda-projeto-que-dominou-redes-sociais-e-pressiona-deputados\/\",\"name\":\"Fim da escala 6x1: entenda projeto que dominou redes sociais e pressiona deputados - Portal Not\u00edcia em Pauta\",\"isPartOf\":{\"@id\":\"https:\/\/noticiaempauta.com\/portal\/#website\"},\"primaryImageOfPage\":{\"@id\":\"https:\/\/noticiaempauta.com\/portal\/fim-da-escala-6x1-entenda-projeto-que-dominou-redes-sociais-e-pressiona-deputados\/#primaryimage\"},\"image\":{\"@id\":\"https:\/\/noticiaempauta.com\/portal\/fim-da-escala-6x1-entenda-projeto-que-dominou-redes-sociais-e-pressiona-deputados\/#primaryimage\"},\"thumbnailUrl\":\"https:\/\/noticiaempauta.com\/portal\/wp-content\/uploads\/2024\/11\/cb0aa3a9acd2357c6a15e78dd2627de0-1.jpg\",\"datePublished\":\"2024-11-11T12:27:43+00:00\",\"dateModified\":\"2024-11-11T12:27:44+00:00\",\"breadcrumb\":{\"@id\":\"https:\/\/noticiaempauta.com\/portal\/fim-da-escala-6x1-entenda-projeto-que-dominou-redes-sociais-e-pressiona-deputados\/#breadcrumb\"},\"inLanguage\":\"pt-BR\",\"potentialAction\":[{\"@type\":\"ReadAction\",\"target\":[\"https:\/\/noticiaempauta.com\/portal\/fim-da-escala-6x1-entenda-projeto-que-dominou-redes-sociais-e-pressiona-deputados\/\"]}]},{\"@type\":\"ImageObject\",\"inLanguage\":\"pt-BR\",\"@id\":\"https:\/\/noticiaempauta.com\/portal\/fim-da-escala-6x1-entenda-projeto-que-dominou-redes-sociais-e-pressiona-deputados\/#primaryimage\",\"url\":\"https:\/\/noticiaempauta.com\/portal\/wp-content\/uploads\/2024\/11\/cb0aa3a9acd2357c6a15e78dd2627de0-1.jpg\",\"contentUrl\":\"https:\/\/noticiaempauta.com\/portal\/wp-content\/uploads\/2024\/11\/cb0aa3a9acd2357c6a15e78dd2627de0-1.jpg\",\"width\":790,\"height\":550},{\"@type\":\"BreadcrumbList\",\"@id\":\"https:\/\/noticiaempauta.com\/portal\/fim-da-escala-6x1-entenda-projeto-que-dominou-redes-sociais-e-pressiona-deputados\/#breadcrumb\",\"itemListElement\":[{\"@type\":\"ListItem\",\"position\":1,\"name\":\"P\u00e1gina Inicial\",\"item\":\"https:\/\/noticiaempauta.com\/portal\/\"},{\"@type\":\"ListItem\",\"position\":2,\"name\":\"Destaques\",\"item\":\"https:\/\/noticiaempauta.com\/portal\/destaques-site\/\"},{\"@type\":\"ListItem\",\"position\":3,\"name\":\"Fim da escala 6&#215;1: entenda projeto que dominou redes sociais e pressiona deputados\"}]},{\"@type\":\"WebSite\",\"@id\":\"https:\/\/noticiaempauta.com\/portal\/#website\",\"url\":\"https:\/\/noticiaempauta.com\/portal\/\",\"name\":\"Portal Not\u00edcia em Pauta\",\"description\":\"Voc\u00ea bem informado\",\"publisher\":{\"@id\":\"https:\/\/noticiaempauta.com\/portal\/#organization\"},\"potentialAction\":[{\"@type\":\"SearchAction\",\"target\":{\"@type\":\"EntryPoint\",\"urlTemplate\":\"https:\/\/noticiaempauta.com\/portal\/?s={search_term_string}\"},\"query-input\":{\"@type\":\"PropertyValueSpecification\",\"valueRequired\":true,\"valueName\":\"search_term_string\"}}],\"inLanguage\":\"pt-BR\"},{\"@type\":\"Organization\",\"@id\":\"https:\/\/noticiaempauta.com\/portal\/#organization\",\"name\":\"Portal Not\u00edcia em Pauta\",\"url\":\"https:\/\/noticiaempauta.com\/portal\/\",\"logo\":{\"@type\":\"ImageObject\",\"inLanguage\":\"pt-BR\",\"@id\":\"https:\/\/noticiaempauta.com\/portal\/#\/schema\/logo\/image\/\",\"url\":\"https:\/\/noticiaempauta.com\/portal\/wp-content\/uploads\/2022\/08\/logomarca_tema.fw_.png\",\"contentUrl\":\"https:\/\/noticiaempauta.com\/portal\/wp-content\/uploads\/2022\/08\/logomarca_tema.fw_.png\",\"width\":400,\"height\":232,\"caption\":\"Portal Not\u00edcia em Pauta\"},\"image\":{\"@id\":\"https:\/\/noticiaempauta.com\/portal\/#\/schema\/logo\/image\/\"},\"sameAs\":[\"https:\/\/www.facebook.com\/Portal-Notcia-Em-Pauta-102292869264820\/\",\"https:\/\/www.instagram.com\/portalnoticiaempauta\/\"]},{\"@type\":\"Person\",\"@id\":\"https:\/\/noticiaempauta.com\/portal\/#\/schema\/person\/a74af43dd1ab3deca45f988c717d57ac\",\"name\":\"Reda\u00e7\u00e3o\",\"image\":{\"@type\":\"ImageObject\",\"inLanguage\":\"pt-BR\",\"@id\":\"https:\/\/noticiaempauta.com\/portal\/#\/schema\/person\/image\/\",\"url\":\"https:\/\/secure.gravatar.com\/avatar\/03179346ecce6cdfc13361603e8f54242a90e5cde8618fa23c5c00aa2b0aadf3?s=96&d=mm&r=g\",\"contentUrl\":\"https:\/\/secure.gravatar.com\/avatar\/03179346ecce6cdfc13361603e8f54242a90e5cde8618fa23c5c00aa2b0aadf3?s=96&d=mm&r=g\",\"caption\":\"Reda\u00e7\u00e3o\"},\"sameAs\":[\"https:\/\/noticiaempauta.com\/portal\/\"],\"url\":\"https:\/\/noticiaempauta.com\/portal\/author\/fernando\/\"}]}<\/script>\n<!-- \/ Yoast SEO Premium plugin. -->","yoast_head_json":{"title":"Fim da escala 6x1: entenda projeto que dominou redes sociais e pressiona deputados - Portal Not\u00edcia em Pauta","robots":{"index":"index","follow":"follow","max-snippet":"max-snippet:-1","max-image-preview":"max-image-preview:large","max-video-preview":"max-video-preview:-1"},"canonical":"https:\/\/noticiaempauta.com\/portal\/fim-da-escala-6x1-entenda-projeto-que-dominou-redes-sociais-e-pressiona-deputados\/","og_locale":"pt_BR","og_type":"article","og_title":"Fim da escala 6x1: entenda projeto que dominou redes sociais e pressiona deputados","og_description":"A discuss\u00e3o sobre o fim da jornada de trabalho de 6 dias de trabalho por um dia de descanso ganhou tra\u00e7\u00e3o nas redes sociais nos \u00faltimos dias. O assunto ficou entre os mais comentados durante boa parte do \u00faltimo fim de semana. Com tanto engajamento, muitos pol\u00edticos correram para aderir \u00e0 Proposta de Emenda Constitucional [&hellip;]","og_url":"https:\/\/noticiaempauta.com\/portal\/fim-da-escala-6x1-entenda-projeto-que-dominou-redes-sociais-e-pressiona-deputados\/","og_site_name":"Portal Not\u00edcia em Pauta","article_publisher":"https:\/\/www.facebook.com\/Portal-Notcia-Em-Pauta-102292869264820\/","article_published_time":"2024-11-11T12:27:43+00:00","article_modified_time":"2024-11-11T12:27:44+00:00","og_image":[{"width":790,"height":550,"url":"https:\/\/noticiaempauta.com\/portal\/wp-content\/uploads\/2024\/11\/cb0aa3a9acd2357c6a15e78dd2627de0-1.jpg","type":"image\/jpeg"}],"author":"Reda\u00e7\u00e3o","twitter_card":"summary_large_image","twitter_misc":{"Escrito por":"Reda\u00e7\u00e3o","Est. tempo de leitura":"3 minutos"},"schema":{"@context":"https:\/\/schema.org","@graph":[{"@type":"Article","@id":"https:\/\/noticiaempauta.com\/portal\/fim-da-escala-6x1-entenda-projeto-que-dominou-redes-sociais-e-pressiona-deputados\/#article","isPartOf":{"@id":"https:\/\/noticiaempauta.com\/portal\/fim-da-escala-6x1-entenda-projeto-que-dominou-redes-sociais-e-pressiona-deputados\/"},"author":{"name":"Reda\u00e7\u00e3o","@id":"https:\/\/noticiaempauta.com\/portal\/#\/schema\/person\/a74af43dd1ab3deca45f988c717d57ac"},"headline":"Fim da escala 6&#215;1: entenda projeto que dominou redes sociais e pressiona deputados","datePublished":"2024-11-11T12:27:43+00:00","dateModified":"2024-11-11T12:27:44+00:00","mainEntityOfPage":{"@id":"https:\/\/noticiaempauta.com\/portal\/fim-da-escala-6x1-entenda-projeto-que-dominou-redes-sociais-e-pressiona-deputados\/"},"wordCount":418,"commentCount":0,"publisher":{"@id":"https:\/\/noticiaempauta.com\/portal\/#organization"},"image":{"@id":"https:\/\/noticiaempauta.com\/portal\/fim-da-escala-6x1-entenda-projeto-que-dominou-redes-sociais-e-pressiona-deputados\/#primaryimage"},"thumbnailUrl":"https:\/\/noticiaempauta.com\/portal\/wp-content\/uploads\/2024\/11\/cb0aa3a9acd2357c6a15e78dd2627de0-1.jpg","keywords":["destaqueprincipal"],"articleSection":["Destaques","Geral","Todas as Not\u00edcias"],"inLanguage":"pt-BR","potentialAction":[{"@type":"CommentAction","name":"Comment","target":["https:\/\/noticiaempauta.com\/portal\/fim-da-escala-6x1-entenda-projeto-que-dominou-redes-sociais-e-pressiona-deputados\/#respond"]}]},{"@type":"WebPage","@id":"https:\/\/noticiaempauta.com\/portal\/fim-da-escala-6x1-entenda-projeto-que-dominou-redes-sociais-e-pressiona-deputados\/","url":"https:\/\/noticiaempauta.com\/portal\/fim-da-escala-6x1-entenda-projeto-que-dominou-redes-sociais-e-pressiona-deputados\/","name":"Fim da escala 6x1: entenda projeto que dominou redes sociais e pressiona deputados - Portal Not\u00edcia em Pauta","isPartOf":{"@id":"https:\/\/noticiaempauta.com\/portal\/#website"},"primaryImageOfPage":{"@id":"https:\/\/noticiaempauta.com\/portal\/fim-da-escala-6x1-entenda-projeto-que-dominou-redes-sociais-e-pressiona-deputados\/#primaryimage"},"image":{"@id":"https:\/\/noticiaempauta.com\/portal\/fim-da-escala-6x1-entenda-projeto-que-dominou-redes-sociais-e-pressiona-deputados\/#primaryimage"},"thumbnailUrl":"https:\/\/noticiaempauta.com\/portal\/wp-content\/uploads\/2024\/11\/cb0aa3a9acd2357c6a15e78dd2627de0-1.jpg","datePublished":"2024-11-11T12:27:43+00:00","dateModified":"2024-11-11T12:27:44+00:00","breadcrumb":{"@id":"https:\/\/noticiaempauta.com\/portal\/fim-da-escala-6x1-entenda-projeto-que-dominou-redes-sociais-e-pressiona-deputados\/#breadcrumb"},"inLanguage":"pt-BR","potentialAction":[{"@type":"ReadAction","target":["https:\/\/noticiaempauta.com\/portal\/fim-da-escala-6x1-entenda-projeto-que-dominou-redes-sociais-e-pressiona-deputados\/"]}]},{"@type":"ImageObject","inLanguage":"pt-BR","@id":"https:\/\/noticiaempauta.com\/portal\/fim-da-escala-6x1-entenda-projeto-que-dominou-redes-sociais-e-pressiona-deputados\/#primaryimage","url":"https:\/\/noticiaempauta.com\/portal\/wp-content\/uploads\/2024\/11\/cb0aa3a9acd2357c6a15e78dd2627de0-1.jpg","contentUrl":"https:\/\/noticiaempauta.com\/portal\/wp-content\/uploads\/2024\/11\/cb0aa3a9acd2357c6a15e78dd2627de0-1.jpg","width":790,"height":550},{"@type":"BreadcrumbList","@id":"https:\/\/noticiaempauta.com\/portal\/fim-da-escala-6x1-entenda-projeto-que-dominou-redes-sociais-e-pressiona-deputados\/#breadcrumb","itemListElement":[{"@type":"ListItem","position":1,"name":"P\u00e1gina Inicial","item":"https:\/\/noticiaempauta.com\/portal\/"},{"@type":"ListItem","position":2,"name":"Destaques","item":"https:\/\/noticiaempauta.com\/portal\/destaques-site\/"},{"@type":"ListItem","position":3,"name":"Fim da escala 6&#215;1: entenda projeto que dominou redes sociais e pressiona deputados"}]},{"@type":"WebSite","@id":"https:\/\/noticiaempauta.com\/portal\/#website","url":"https:\/\/noticiaempauta.com\/portal\/","name":"Portal Not\u00edcia em Pauta","description":"Voc\u00ea bem informado","publisher":{"@id":"https:\/\/noticiaempauta.com\/portal\/#organization"},"potentialAction":[{"@type":"SearchAction","target":{"@type":"EntryPoint","urlTemplate":"https:\/\/noticiaempauta.com\/portal\/?s={search_term_string}"},"query-input":{"@type":"PropertyValueSpecification","valueRequired":true,"valueName":"search_term_string"}}],"inLanguage":"pt-BR"},{"@type":"Organization","@id":"https:\/\/noticiaempauta.com\/portal\/#organization","name":"Portal Not\u00edcia em Pauta","url":"https:\/\/noticiaempauta.com\/portal\/","logo":{"@type":"ImageObject","inLanguage":"pt-BR","@id":"https:\/\/noticiaempauta.com\/portal\/#\/schema\/logo\/image\/","url":"https:\/\/noticiaempauta.com\/portal\/wp-content\/uploads\/2022\/08\/logomarca_tema.fw_.png","contentUrl":"https:\/\/noticiaempauta.com\/portal\/wp-content\/uploads\/2022\/08\/logomarca_tema.fw_.png","width":400,"height":232,"caption":"Portal Not\u00edcia em Pauta"},"image":{"@id":"https:\/\/noticiaempauta.com\/portal\/#\/schema\/logo\/image\/"},"sameAs":["https:\/\/www.facebook.com\/Portal-Notcia-Em-Pauta-102292869264820\/","https:\/\/www.instagram.com\/portalnoticiaempauta\/"]},{"@type":"Person","@id":"https:\/\/noticiaempauta.com\/portal\/#\/schema\/person\/a74af43dd1ab3deca45f988c717d57ac","name":"Reda\u00e7\u00e3o","image":{"@type":"ImageObject","inLanguage":"pt-BR","@id":"https:\/\/noticiaempauta.com\/portal\/#\/schema\/person\/image\/","url":"https:\/\/secure.gravatar.com\/avatar\/03179346ecce6cdfc13361603e8f54242a90e5cde8618fa23c5c00aa2b0aadf3?s=96&d=mm&r=g","contentUrl":"https:\/\/secure.gravatar.com\/avatar\/03179346ecce6cdfc13361603e8f54242a90e5cde8618fa23c5c00aa2b0aadf3?s=96&d=mm&r=g","caption":"Reda\u00e7\u00e3o"},"sameAs":["https:\/\/noticiaempauta.com\/portal\/"],"url":"https:\/\/noticiaempauta.com\/portal\/author\/fernando\/"}]}},"_links":{"self":[{"href":"https:\/\/noticiaempauta.com\/portal\/wp-json\/wp\/v2\/posts\/263931","targetHints":{"allow":["GET"]}}],"collection":[{"href":"https:\/\/noticiaempauta.com\/portal\/wp-json\/wp\/v2\/posts"}],"about":[{"href":"https:\/\/noticiaempauta.com\/portal\/wp-json\/wp\/v2\/types\/post"}],"author":[{"embeddable":true,"href":"https:\/\/noticiaempauta.com\/portal\/wp-json\/wp\/v2\/users\/2"}],"replies":[{"embeddable":true,"href":"https:\/\/noticiaempauta.com\/portal\/wp-json\/wp\/v2\/comments?post=263931"}],"version-history":[{"count":2,"href":"https:\/\/noticiaempauta.com\/portal\/wp-json\/wp\/v2\/posts\/263931\/revisions"}],"predecessor-version":[{"id":263935,"href":"https:\/\/noticiaempauta.com\/portal\/wp-json\/wp\/v2\/posts\/263931\/revisions\/263935"}],"wp:featuredmedia":[{"embeddable":true,"href":"https:\/\/noticiaempauta.com\/portal\/wp-json\/wp\/v2\/media\/263933"}],"wp:attachment":[{"href":"https:\/\/noticiaempauta.com\/portal\/wp-json\/wp\/v2\/media?parent=263931"}],"wp:term":[{"taxonomy":"category","embeddable":true,"href":"https:\/\/noticiaempauta.com\/portal\/wp-json\/wp\/v2\/categories?post=263931"},{"taxonomy":"post_tag","embeddable":true,"href":"https:\/\/noticiaempauta.com\/portal\/wp-json\/wp\/v2\/tags?post=263931"}],"curies":[{"name":"wp","href":"https:\/\/api.w.org\/{rel}","templated":true}]}}