{"id":263936,"date":"2024-11-11T09:41:09","date_gmt":"2024-11-11T12:41:09","guid":{"rendered":"https:\/\/noticiaempauta.com\/portal\/?p=263936"},"modified":"2024-11-11T09:46:33","modified_gmt":"2024-11-11T12:46:33","slug":"piaui-registra-taxa-de-presenca-de-743-no-enem-superando-a-media-nacional","status":"publish","type":"post","link":"https:\/\/noticiaempauta.com\/portal\/piaui-registra-taxa-de-presenca-de-743-no-enem-superando-a-media-nacional\/","title":{"rendered":"Piau\u00ed registra taxa de presen\u00e7a de 74,3% no Enem, superando a m\u00e9dia nacional"},"content":{"rendered":"\n<p>No segundo dia do Exame Nacional do Ensino M\u00e9dio (Enem), realizado nesse domingo (10), o estado do Piau\u00ed apresentou uma taxa de presen\u00e7a de 74,3%, posicionando-se como o terceiro estado com mais participantes da avalia\u00e7\u00e3o, atr\u00e1s apenas do Cear\u00e1 (75,7%) e Sergipe (75,2%). Os dados foram divulgados pelo Instituto Nacional de Estudos e Pesquisas Educacionais An\u00edsio Teixeira (Inep).<\/p>\n\n\n\n<figure class=\"wp-block-image size-full\"><img fetchpriority=\"high\" decoding=\"async\" width=\"1000\" height=\"705\" src=\"https:\/\/noticiaempauta.com\/portal\/wp-content\/uploads\/2024\/11\/large_estudantes_3015063b68.jpeg\" alt=\"\" class=\"wp-image-263938\" srcset=\"https:\/\/noticiaempauta.com\/portal\/wp-content\/uploads\/2024\/11\/large_estudantes_3015063b68.jpeg 1000w, https:\/\/noticiaempauta.com\/portal\/wp-content\/uploads\/2024\/11\/large_estudantes_3015063b68-300x212.jpeg 300w, https:\/\/noticiaempauta.com\/portal\/wp-content\/uploads\/2024\/11\/large_estudantes_3015063b68-768x541.jpeg 768w\" sizes=\"(max-width: 1000px) 100vw, 1000px\" \/><\/figure>\n\n\n\n<p>Com um total de 107.979 inscritos, o Piau\u00ed superou a m\u00e9dia nacional de 69,4%, que representa a porcentagem de alunos que compareceram \u00e0s provas. A taxa de aus\u00eancias no estado foi de 25,7%, tamb\u00e9m inferior \u00e0 m\u00e9dia do Brasil, que ficou em 30,6%.<\/p>\n\n\n\n<figure class=\"wp-block-image size-full\"><img decoding=\"async\" width=\"1000\" height=\"713\" src=\"https:\/\/noticiaempauta.com\/portal\/wp-content\/uploads\/2024\/11\/large_Secretario_e_estudante_f4e00f5a58.jpeg\" alt=\"\" class=\"wp-image-263937\" srcset=\"https:\/\/noticiaempauta.com\/portal\/wp-content\/uploads\/2024\/11\/large_Secretario_e_estudante_f4e00f5a58.jpeg 1000w, https:\/\/noticiaempauta.com\/portal\/wp-content\/uploads\/2024\/11\/large_Secretario_e_estudante_f4e00f5a58-300x214.jpeg 300w, https:\/\/noticiaempauta.com\/portal\/wp-content\/uploads\/2024\/11\/large_Secretario_e_estudante_f4e00f5a58-768x548.jpeg 768w\" sizes=\"(max-width: 1000px) 100vw, 1000px\" \/><\/figure>\n\n\n\n<p>O secret\u00e1rio da Educa\u00e7\u00e3o, Washington Bandeira, comemorou os resultados, ressaltando o esfor\u00e7o da Secretaria da Educa\u00e7\u00e3o (Seduc) em preparar os alunos para o exame. &#8220;Essa taxa de presen\u00e7a mostra o trabalho que fizemos durante todo o ano para garantir que nossos estudantes comparecessem aos dias de prova&#8221;, afirmou o gestor.<\/p>\n\n\n\n<p>Bandeira tamb\u00e9m destacou que o per\u00edodo para solicitar a reaplica\u00e7\u00e3o das provas vai de 11 a 15 de novembro, permitindo que os alunos fa\u00e7am o pedido por motivos de log\u00edstica ou doen\u00e7as infectocontagiosas, conforme previsto no edital. As provas de reaplica\u00e7\u00e3o est\u00e3o agendadas para os dias 10 e 11 de dezembro. Quanto ao gabarito, que deve ser divulgado no dia 20 de novembro, o ministro da Educa\u00e7\u00e3o, Camilo Santana, indicou a possibilidade de antecipa\u00e7\u00e3o, embora ainda n\u00e3o haja uma data nova confirmada.<\/p>\n\n\n\n<figure class=\"wp-block-image size-full\"><img decoding=\"async\" width=\"1000\" height=\"755\" src=\"https:\/\/noticiaempauta.com\/portal\/wp-content\/uploads\/2024\/11\/large_Estudante_e8e095cdd7.jpeg\" alt=\"\" class=\"wp-image-263939\" srcset=\"https:\/\/noticiaempauta.com\/portal\/wp-content\/uploads\/2024\/11\/large_Estudante_e8e095cdd7.jpeg 1000w, https:\/\/noticiaempauta.com\/portal\/wp-content\/uploads\/2024\/11\/large_Estudante_e8e095cdd7-300x227.jpeg 300w, https:\/\/noticiaempauta.com\/portal\/wp-content\/uploads\/2024\/11\/large_Estudante_e8e095cdd7-768x580.jpeg 768w\" sizes=\"(max-width: 1000px) 100vw, 1000px\" \/><\/figure>\n\n\n\n<p>O secret\u00e1rio comentou as declara\u00e7\u00f5es do ministro sobre poss\u00edveis mudan\u00e7as no Enem 2025. &#8220;Nosso ministro da Educa\u00e7\u00e3o, Camilo Santana, destacou em coletiva recente que est\u00e1 em estudo a possibilidade de integrar o Enem ao Sistema de Avalia\u00e7\u00e3o da Educa\u00e7\u00e3o B\u00e1sica (Saeb), permitindo que os alunos do 3\u00ba ano usem o exame como parte dessa avalia\u00e7\u00e3o. Al\u00e9m disso, h\u00e1 uma proposta para reimplantar a certifica\u00e7\u00e3o do ensino m\u00e9dio via Enem, em vez do Encceja, com o objetivo de fortalecer o exame e facilitar o acesso ao ensino superior. Essas iniciativas ainda est\u00e3o em fase de avalia\u00e7\u00e3o, e mais informa\u00e7\u00f5es ser\u00e3o divulgadas antes das inscri\u00e7\u00f5es do Enem no pr\u00f3ximo ano\u201d, destacou o gestor.&nbsp;<\/p>\n\n\n\n<p>O resultado final do Enem ser\u00e1 anunciado em 13 de janeiro de 2025. Al\u00e9m do Piau\u00ed, outros estados com bons resultados foram Sergipe (75,2%), Rio Grande do Norte (74,2%) e Para\u00edba (73,1%), evidenciando o destaque da regi\u00e3o Nordeste na participa\u00e7\u00e3o do exame.<\/p>\n\n\n\n<p>Em todo o Brasil, mais de 4,3 milh\u00f5es de estudantes compareceram ao segundo dia de provas, que ocorreram em 149.724 salas, distribu\u00eddas por 1.753 munic\u00edpios. Durante essa fase do exame, os alunos responderam a 90 quest\u00f5es nas \u00e1reas de Ci\u00eancias da Natureza e Matem\u00e1tica, totalizando 5 horas de avalia\u00e7\u00e3o.<\/p>\n\n\n\n<p>CCOM-PI<\/p>\n","protected":false},"excerpt":{"rendered":"<p>No segundo dia do Exame Nacional do Ensino M\u00e9dio (Enem), realizado nesse domingo (10), o estado do Piau\u00ed apresentou uma taxa de presen\u00e7a de 74,3%, posicionando-se como o terceiro estado com mais participantes da avalia\u00e7\u00e3o, atr\u00e1s apenas do Cear\u00e1 (75,7%) e Sergipe (75,2%). Os dados foram divulgados pelo Instituto Nacional de Estudos e Pesquisas Educacionais [&hellip;]<\/p>\n","protected":false},"author":2,"featured_media":263937,"comment_status":"open","ping_status":"open","sticky":false,"template":"","format":"standard","meta":{"_mi_skip_tracking":false,"footnotes":""},"categories":[25,1,16],"tags":[192],"class_list":["post-263936","post","type-post","status-publish","format-standard","has-post-thumbnail","hentry","category-destaques-site","category-geral","category-todas","tag-destaqueprincipal"],"acf":[],"yoast_head":"<!-- This site is optimized with the Yoast SEO Premium plugin v19.2 (Yoast SEO v26.9) - https:\/\/yoast.com\/product\/yoast-seo-premium-wordpress\/ -->\n<title>Piau\u00ed registra taxa de presen\u00e7a de 74,3% no Enem, superando a m\u00e9dia nacional - Portal Not\u00edcia em Pauta<\/title>\n<meta name=\"robots\" content=\"index, follow, max-snippet:-1, max-image-preview:large, max-video-preview:-1\" \/>\n<link rel=\"canonical\" href=\"https:\/\/noticiaempauta.com\/portal\/piaui-registra-taxa-de-presenca-de-743-no-enem-superando-a-media-nacional\/\" \/>\n<meta property=\"og:locale\" content=\"pt_BR\" \/>\n<meta property=\"og:type\" content=\"article\" \/>\n<meta property=\"og:title\" content=\"Piau\u00ed registra taxa de presen\u00e7a de 74,3% no Enem, superando a m\u00e9dia nacional\" \/>\n<meta property=\"og:description\" content=\"No segundo dia do Exame Nacional do Ensino M\u00e9dio (Enem), realizado nesse domingo (10), o estado do Piau\u00ed apresentou uma taxa de presen\u00e7a de 74,3%, posicionando-se como o terceiro estado com mais participantes da avalia\u00e7\u00e3o, atr\u00e1s apenas do Cear\u00e1 (75,7%) e Sergipe (75,2%). Os dados foram divulgados pelo Instituto Nacional de Estudos e Pesquisas Educacionais [&hellip;]\" \/>\n<meta property=\"og:url\" content=\"https:\/\/noticiaempauta.com\/portal\/piaui-registra-taxa-de-presenca-de-743-no-enem-superando-a-media-nacional\/\" \/>\n<meta property=\"og:site_name\" content=\"Portal Not\u00edcia em Pauta\" \/>\n<meta property=\"article:publisher\" content=\"https:\/\/www.facebook.com\/Portal-Notcia-Em-Pauta-102292869264820\/\" \/>\n<meta property=\"article:published_time\" content=\"2024-11-11T12:41:09+00:00\" \/>\n<meta property=\"article:modified_time\" content=\"2024-11-11T12:46:33+00:00\" \/>\n<meta property=\"og:image\" content=\"https:\/\/noticiaempauta.com\/portal\/wp-content\/uploads\/2024\/11\/large_Secretario_e_estudante_f4e00f5a58.jpeg\" \/>\n\t<meta property=\"og:image:width\" content=\"1000\" \/>\n\t<meta property=\"og:image:height\" content=\"713\" \/>\n\t<meta property=\"og:image:type\" content=\"image\/jpeg\" \/>\n<meta name=\"author\" content=\"Reda\u00e7\u00e3o\" \/>\n<meta name=\"twitter:card\" content=\"summary_large_image\" \/>\n<meta name=\"twitter:label1\" content=\"Escrito por\" \/>\n\t<meta name=\"twitter:data1\" content=\"Reda\u00e7\u00e3o\" \/>\n\t<meta name=\"twitter:label2\" content=\"Est. tempo de leitura\" \/>\n\t<meta name=\"twitter:data2\" content=\"4 minutos\" \/>\n<script type=\"application\/ld+json\" class=\"yoast-schema-graph\">{\"@context\":\"https:\/\/schema.org\",\"@graph\":[{\"@type\":\"Article\",\"@id\":\"https:\/\/noticiaempauta.com\/portal\/piaui-registra-taxa-de-presenca-de-743-no-enem-superando-a-media-nacional\/#article\",\"isPartOf\":{\"@id\":\"https:\/\/noticiaempauta.com\/portal\/piaui-registra-taxa-de-presenca-de-743-no-enem-superando-a-media-nacional\/\"},\"author\":{\"name\":\"Reda\u00e7\u00e3o\",\"@id\":\"https:\/\/noticiaempauta.com\/portal\/#\/schema\/person\/a74af43dd1ab3deca45f988c717d57ac\"},\"headline\":\"Piau\u00ed registra taxa de presen\u00e7a de 74,3% no Enem, superando a m\u00e9dia nacional\",\"datePublished\":\"2024-11-11T12:41:09+00:00\",\"dateModified\":\"2024-11-11T12:46:33+00:00\",\"mainEntityOfPage\":{\"@id\":\"https:\/\/noticiaempauta.com\/portal\/piaui-registra-taxa-de-presenca-de-743-no-enem-superando-a-media-nacional\/\"},\"wordCount\":479,\"commentCount\":0,\"publisher\":{\"@id\":\"https:\/\/noticiaempauta.com\/portal\/#organization\"},\"image\":{\"@id\":\"https:\/\/noticiaempauta.com\/portal\/piaui-registra-taxa-de-presenca-de-743-no-enem-superando-a-media-nacional\/#primaryimage\"},\"thumbnailUrl\":\"https:\/\/noticiaempauta.com\/portal\/wp-content\/uploads\/2024\/11\/large_Secretario_e_estudante_f4e00f5a58.jpeg\",\"keywords\":[\"destaqueprincipal\"],\"articleSection\":[\"Destaques\",\"Geral\",\"Todas as Not\u00edcias\"],\"inLanguage\":\"pt-BR\",\"potentialAction\":[{\"@type\":\"CommentAction\",\"name\":\"Comment\",\"target\":[\"https:\/\/noticiaempauta.com\/portal\/piaui-registra-taxa-de-presenca-de-743-no-enem-superando-a-media-nacional\/#respond\"]}]},{\"@type\":\"WebPage\",\"@id\":\"https:\/\/noticiaempauta.com\/portal\/piaui-registra-taxa-de-presenca-de-743-no-enem-superando-a-media-nacional\/\",\"url\":\"https:\/\/noticiaempauta.com\/portal\/piaui-registra-taxa-de-presenca-de-743-no-enem-superando-a-media-nacional\/\",\"name\":\"Piau\u00ed registra taxa de presen\u00e7a de 74,3% no Enem, superando a m\u00e9dia nacional - Portal Not\u00edcia em Pauta\",\"isPartOf\":{\"@id\":\"https:\/\/noticiaempauta.com\/portal\/#website\"},\"primaryImageOfPage\":{\"@id\":\"https:\/\/noticiaempauta.com\/portal\/piaui-registra-taxa-de-presenca-de-743-no-enem-superando-a-media-nacional\/#primaryimage\"},\"image\":{\"@id\":\"https:\/\/noticiaempauta.com\/portal\/piaui-registra-taxa-de-presenca-de-743-no-enem-superando-a-media-nacional\/#primaryimage\"},\"thumbnailUrl\":\"https:\/\/noticiaempauta.com\/portal\/wp-content\/uploads\/2024\/11\/large_Secretario_e_estudante_f4e00f5a58.jpeg\",\"datePublished\":\"2024-11-11T12:41:09+00:00\",\"dateModified\":\"2024-11-11T12:46:33+00:00\",\"breadcrumb\":{\"@id\":\"https:\/\/noticiaempauta.com\/portal\/piaui-registra-taxa-de-presenca-de-743-no-enem-superando-a-media-nacional\/#breadcrumb\"},\"inLanguage\":\"pt-BR\",\"potentialAction\":[{\"@type\":\"ReadAction\",\"target\":[\"https:\/\/noticiaempauta.com\/portal\/piaui-registra-taxa-de-presenca-de-743-no-enem-superando-a-media-nacional\/\"]}]},{\"@type\":\"ImageObject\",\"inLanguage\":\"pt-BR\",\"@id\":\"https:\/\/noticiaempauta.com\/portal\/piaui-registra-taxa-de-presenca-de-743-no-enem-superando-a-media-nacional\/#primaryimage\",\"url\":\"https:\/\/noticiaempauta.com\/portal\/wp-content\/uploads\/2024\/11\/large_Secretario_e_estudante_f4e00f5a58.jpeg\",\"contentUrl\":\"https:\/\/noticiaempauta.com\/portal\/wp-content\/uploads\/2024\/11\/large_Secretario_e_estudante_f4e00f5a58.jpeg\",\"width\":1000,\"height\":713},{\"@type\":\"BreadcrumbList\",\"@id\":\"https:\/\/noticiaempauta.com\/portal\/piaui-registra-taxa-de-presenca-de-743-no-enem-superando-a-media-nacional\/#breadcrumb\",\"itemListElement\":[{\"@type\":\"ListItem\",\"position\":1,\"name\":\"P\u00e1gina Inicial\",\"item\":\"https:\/\/noticiaempauta.com\/portal\/\"},{\"@type\":\"ListItem\",\"position\":2,\"name\":\"Destaques\",\"item\":\"https:\/\/noticiaempauta.com\/portal\/destaques-site\/\"},{\"@type\":\"ListItem\",\"position\":3,\"name\":\"Piau\u00ed registra taxa de presen\u00e7a de 74,3% no Enem, superando a m\u00e9dia nacional\"}]},{\"@type\":\"WebSite\",\"@id\":\"https:\/\/noticiaempauta.com\/portal\/#website\",\"url\":\"https:\/\/noticiaempauta.com\/portal\/\",\"name\":\"Portal Not\u00edcia em Pauta\",\"description\":\"Voc\u00ea bem informado\",\"publisher\":{\"@id\":\"https:\/\/noticiaempauta.com\/portal\/#organization\"},\"potentialAction\":[{\"@type\":\"SearchAction\",\"target\":{\"@type\":\"EntryPoint\",\"urlTemplate\":\"https:\/\/noticiaempauta.com\/portal\/?s={search_term_string}\"},\"query-input\":{\"@type\":\"PropertyValueSpecification\",\"valueRequired\":true,\"valueName\":\"search_term_string\"}}],\"inLanguage\":\"pt-BR\"},{\"@type\":\"Organization\",\"@id\":\"https:\/\/noticiaempauta.com\/portal\/#organization\",\"name\":\"Portal Not\u00edcia em Pauta\",\"url\":\"https:\/\/noticiaempauta.com\/portal\/\",\"logo\":{\"@type\":\"ImageObject\",\"inLanguage\":\"pt-BR\",\"@id\":\"https:\/\/noticiaempauta.com\/portal\/#\/schema\/logo\/image\/\",\"url\":\"https:\/\/noticiaempauta.com\/portal\/wp-content\/uploads\/2022\/08\/logomarca_tema.fw_.png\",\"contentUrl\":\"https:\/\/noticiaempauta.com\/portal\/wp-content\/uploads\/2022\/08\/logomarca_tema.fw_.png\",\"width\":400,\"height\":232,\"caption\":\"Portal Not\u00edcia em Pauta\"},\"image\":{\"@id\":\"https:\/\/noticiaempauta.com\/portal\/#\/schema\/logo\/image\/\"},\"sameAs\":[\"https:\/\/www.facebook.com\/Portal-Notcia-Em-Pauta-102292869264820\/\",\"https:\/\/www.instagram.com\/portalnoticiaempauta\/\"]},{\"@type\":\"Person\",\"@id\":\"https:\/\/noticiaempauta.com\/portal\/#\/schema\/person\/a74af43dd1ab3deca45f988c717d57ac\",\"name\":\"Reda\u00e7\u00e3o\",\"image\":{\"@type\":\"ImageObject\",\"inLanguage\":\"pt-BR\",\"@id\":\"https:\/\/noticiaempauta.com\/portal\/#\/schema\/person\/image\/\",\"url\":\"https:\/\/secure.gravatar.com\/avatar\/03179346ecce6cdfc13361603e8f54242a90e5cde8618fa23c5c00aa2b0aadf3?s=96&d=mm&r=g\",\"contentUrl\":\"https:\/\/secure.gravatar.com\/avatar\/03179346ecce6cdfc13361603e8f54242a90e5cde8618fa23c5c00aa2b0aadf3?s=96&d=mm&r=g\",\"caption\":\"Reda\u00e7\u00e3o\"},\"sameAs\":[\"https:\/\/noticiaempauta.com\/portal\/\"],\"url\":\"https:\/\/noticiaempauta.com\/portal\/author\/fernando\/\"}]}<\/script>\n<!-- \/ Yoast SEO Premium plugin. -->","yoast_head_json":{"title":"Piau\u00ed registra taxa de presen\u00e7a de 74,3% no Enem, superando a m\u00e9dia nacional - Portal Not\u00edcia em Pauta","robots":{"index":"index","follow":"follow","max-snippet":"max-snippet:-1","max-image-preview":"max-image-preview:large","max-video-preview":"max-video-preview:-1"},"canonical":"https:\/\/noticiaempauta.com\/portal\/piaui-registra-taxa-de-presenca-de-743-no-enem-superando-a-media-nacional\/","og_locale":"pt_BR","og_type":"article","og_title":"Piau\u00ed registra taxa de presen\u00e7a de 74,3% no Enem, superando a m\u00e9dia nacional","og_description":"No segundo dia do Exame Nacional do Ensino M\u00e9dio (Enem), realizado nesse domingo (10), o estado do Piau\u00ed apresentou uma taxa de presen\u00e7a de 74,3%, posicionando-se como o terceiro estado com mais participantes da avalia\u00e7\u00e3o, atr\u00e1s apenas do Cear\u00e1 (75,7%) e Sergipe (75,2%). Os dados foram divulgados pelo Instituto Nacional de Estudos e Pesquisas Educacionais [&hellip;]","og_url":"https:\/\/noticiaempauta.com\/portal\/piaui-registra-taxa-de-presenca-de-743-no-enem-superando-a-media-nacional\/","og_site_name":"Portal Not\u00edcia em Pauta","article_publisher":"https:\/\/www.facebook.com\/Portal-Notcia-Em-Pauta-102292869264820\/","article_published_time":"2024-11-11T12:41:09+00:00","article_modified_time":"2024-11-11T12:46:33+00:00","og_image":[{"width":1000,"height":713,"url":"https:\/\/noticiaempauta.com\/portal\/wp-content\/uploads\/2024\/11\/large_Secretario_e_estudante_f4e00f5a58.jpeg","type":"image\/jpeg"}],"author":"Reda\u00e7\u00e3o","twitter_card":"summary_large_image","twitter_misc":{"Escrito por":"Reda\u00e7\u00e3o","Est. tempo de leitura":"4 minutos"},"schema":{"@context":"https:\/\/schema.org","@graph":[{"@type":"Article","@id":"https:\/\/noticiaempauta.com\/portal\/piaui-registra-taxa-de-presenca-de-743-no-enem-superando-a-media-nacional\/#article","isPartOf":{"@id":"https:\/\/noticiaempauta.com\/portal\/piaui-registra-taxa-de-presenca-de-743-no-enem-superando-a-media-nacional\/"},"author":{"name":"Reda\u00e7\u00e3o","@id":"https:\/\/noticiaempauta.com\/portal\/#\/schema\/person\/a74af43dd1ab3deca45f988c717d57ac"},"headline":"Piau\u00ed registra taxa de presen\u00e7a de 74,3% no Enem, superando a m\u00e9dia nacional","datePublished":"2024-11-11T12:41:09+00:00","dateModified":"2024-11-11T12:46:33+00:00","mainEntityOfPage":{"@id":"https:\/\/noticiaempauta.com\/portal\/piaui-registra-taxa-de-presenca-de-743-no-enem-superando-a-media-nacional\/"},"wordCount":479,"commentCount":0,"publisher":{"@id":"https:\/\/noticiaempauta.com\/portal\/#organization"},"image":{"@id":"https:\/\/noticiaempauta.com\/portal\/piaui-registra-taxa-de-presenca-de-743-no-enem-superando-a-media-nacional\/#primaryimage"},"thumbnailUrl":"https:\/\/noticiaempauta.com\/portal\/wp-content\/uploads\/2024\/11\/large_Secretario_e_estudante_f4e00f5a58.jpeg","keywords":["destaqueprincipal"],"articleSection":["Destaques","Geral","Todas as Not\u00edcias"],"inLanguage":"pt-BR","potentialAction":[{"@type":"CommentAction","name":"Comment","target":["https:\/\/noticiaempauta.com\/portal\/piaui-registra-taxa-de-presenca-de-743-no-enem-superando-a-media-nacional\/#respond"]}]},{"@type":"WebPage","@id":"https:\/\/noticiaempauta.com\/portal\/piaui-registra-taxa-de-presenca-de-743-no-enem-superando-a-media-nacional\/","url":"https:\/\/noticiaempauta.com\/portal\/piaui-registra-taxa-de-presenca-de-743-no-enem-superando-a-media-nacional\/","name":"Piau\u00ed registra taxa de presen\u00e7a de 74,3% no Enem, superando a m\u00e9dia nacional - Portal Not\u00edcia em Pauta","isPartOf":{"@id":"https:\/\/noticiaempauta.com\/portal\/#website"},"primaryImageOfPage":{"@id":"https:\/\/noticiaempauta.com\/portal\/piaui-registra-taxa-de-presenca-de-743-no-enem-superando-a-media-nacional\/#primaryimage"},"image":{"@id":"https:\/\/noticiaempauta.com\/portal\/piaui-registra-taxa-de-presenca-de-743-no-enem-superando-a-media-nacional\/#primaryimage"},"thumbnailUrl":"https:\/\/noticiaempauta.com\/portal\/wp-content\/uploads\/2024\/11\/large_Secretario_e_estudante_f4e00f5a58.jpeg","datePublished":"2024-11-11T12:41:09+00:00","dateModified":"2024-11-11T12:46:33+00:00","breadcrumb":{"@id":"https:\/\/noticiaempauta.com\/portal\/piaui-registra-taxa-de-presenca-de-743-no-enem-superando-a-media-nacional\/#breadcrumb"},"inLanguage":"pt-BR","potentialAction":[{"@type":"ReadAction","target":["https:\/\/noticiaempauta.com\/portal\/piaui-registra-taxa-de-presenca-de-743-no-enem-superando-a-media-nacional\/"]}]},{"@type":"ImageObject","inLanguage":"pt-BR","@id":"https:\/\/noticiaempauta.com\/portal\/piaui-registra-taxa-de-presenca-de-743-no-enem-superando-a-media-nacional\/#primaryimage","url":"https:\/\/noticiaempauta.com\/portal\/wp-content\/uploads\/2024\/11\/large_Secretario_e_estudante_f4e00f5a58.jpeg","contentUrl":"https:\/\/noticiaempauta.com\/portal\/wp-content\/uploads\/2024\/11\/large_Secretario_e_estudante_f4e00f5a58.jpeg","width":1000,"height":713},{"@type":"BreadcrumbList","@id":"https:\/\/noticiaempauta.com\/portal\/piaui-registra-taxa-de-presenca-de-743-no-enem-superando-a-media-nacional\/#breadcrumb","itemListElement":[{"@type":"ListItem","position":1,"name":"P\u00e1gina Inicial","item":"https:\/\/noticiaempauta.com\/portal\/"},{"@type":"ListItem","position":2,"name":"Destaques","item":"https:\/\/noticiaempauta.com\/portal\/destaques-site\/"},{"@type":"ListItem","position":3,"name":"Piau\u00ed registra taxa de presen\u00e7a de 74,3% no Enem, superando a m\u00e9dia nacional"}]},{"@type":"WebSite","@id":"https:\/\/noticiaempauta.com\/portal\/#website","url":"https:\/\/noticiaempauta.com\/portal\/","name":"Portal Not\u00edcia em Pauta","description":"Voc\u00ea bem informado","publisher":{"@id":"https:\/\/noticiaempauta.com\/portal\/#organization"},"potentialAction":[{"@type":"SearchAction","target":{"@type":"EntryPoint","urlTemplate":"https:\/\/noticiaempauta.com\/portal\/?s={search_term_string}"},"query-input":{"@type":"PropertyValueSpecification","valueRequired":true,"valueName":"search_term_string"}}],"inLanguage":"pt-BR"},{"@type":"Organization","@id":"https:\/\/noticiaempauta.com\/portal\/#organization","name":"Portal Not\u00edcia em Pauta","url":"https:\/\/noticiaempauta.com\/portal\/","logo":{"@type":"ImageObject","inLanguage":"pt-BR","@id":"https:\/\/noticiaempauta.com\/portal\/#\/schema\/logo\/image\/","url":"https:\/\/noticiaempauta.com\/portal\/wp-content\/uploads\/2022\/08\/logomarca_tema.fw_.png","contentUrl":"https:\/\/noticiaempauta.com\/portal\/wp-content\/uploads\/2022\/08\/logomarca_tema.fw_.png","width":400,"height":232,"caption":"Portal Not\u00edcia em Pauta"},"image":{"@id":"https:\/\/noticiaempauta.com\/portal\/#\/schema\/logo\/image\/"},"sameAs":["https:\/\/www.facebook.com\/Portal-Notcia-Em-Pauta-102292869264820\/","https:\/\/www.instagram.com\/portalnoticiaempauta\/"]},{"@type":"Person","@id":"https:\/\/noticiaempauta.com\/portal\/#\/schema\/person\/a74af43dd1ab3deca45f988c717d57ac","name":"Reda\u00e7\u00e3o","image":{"@type":"ImageObject","inLanguage":"pt-BR","@id":"https:\/\/noticiaempauta.com\/portal\/#\/schema\/person\/image\/","url":"https:\/\/secure.gravatar.com\/avatar\/03179346ecce6cdfc13361603e8f54242a90e5cde8618fa23c5c00aa2b0aadf3?s=96&d=mm&r=g","contentUrl":"https:\/\/secure.gravatar.com\/avatar\/03179346ecce6cdfc13361603e8f54242a90e5cde8618fa23c5c00aa2b0aadf3?s=96&d=mm&r=g","caption":"Reda\u00e7\u00e3o"},"sameAs":["https:\/\/noticiaempauta.com\/portal\/"],"url":"https:\/\/noticiaempauta.com\/portal\/author\/fernando\/"}]}},"_links":{"self":[{"href":"https:\/\/noticiaempauta.com\/portal\/wp-json\/wp\/v2\/posts\/263936","targetHints":{"allow":["GET"]}}],"collection":[{"href":"https:\/\/noticiaempauta.com\/portal\/wp-json\/wp\/v2\/posts"}],"about":[{"href":"https:\/\/noticiaempauta.com\/portal\/wp-json\/wp\/v2\/types\/post"}],"author":[{"embeddable":true,"href":"https:\/\/noticiaempauta.com\/portal\/wp-json\/wp\/v2\/users\/2"}],"replies":[{"embeddable":true,"href":"https:\/\/noticiaempauta.com\/portal\/wp-json\/wp\/v2\/comments?post=263936"}],"version-history":[{"count":5,"href":"https:\/\/noticiaempauta.com\/portal\/wp-json\/wp\/v2\/posts\/263936\/revisions"}],"predecessor-version":[{"id":263945,"href":"https:\/\/noticiaempauta.com\/portal\/wp-json\/wp\/v2\/posts\/263936\/revisions\/263945"}],"wp:featuredmedia":[{"embeddable":true,"href":"https:\/\/noticiaempauta.com\/portal\/wp-json\/wp\/v2\/media\/263937"}],"wp:attachment":[{"href":"https:\/\/noticiaempauta.com\/portal\/wp-json\/wp\/v2\/media?parent=263936"}],"wp:term":[{"taxonomy":"category","embeddable":true,"href":"https:\/\/noticiaempauta.com\/portal\/wp-json\/wp\/v2\/categories?post=263936"},{"taxonomy":"post_tag","embeddable":true,"href":"https:\/\/noticiaempauta.com\/portal\/wp-json\/wp\/v2\/tags?post=263936"}],"curies":[{"name":"wp","href":"https:\/\/api.w.org\/{rel}","templated":true}]}}