{"id":263958,"date":"2024-11-11T16:08:03","date_gmt":"2024-11-11T19:08:03","guid":{"rendered":"https:\/\/noticiaempauta.com\/portal\/?p=263958"},"modified":"2024-11-11T16:08:04","modified_gmt":"2024-11-11T19:08:04","slug":"em-jacobina-casal-morre-e-crianca-fica-ferida-apos-colisao-entre-moto-e-caminhonete","status":"publish","type":"post","link":"https:\/\/noticiaempauta.com\/portal\/em-jacobina-casal-morre-e-crianca-fica-ferida-apos-colisao-entre-moto-e-caminhonete\/","title":{"rendered":"Em Jacobina casal morre e crian\u00e7a fica ferida ap\u00f3s colis\u00e3o entre moto e caminhonete"},"content":{"rendered":"\n<p>Na noite do \u00faltimo domingo, (10\/11), um tr\u00e1gico acidente ocorrido na PI-143, pr\u00f3ximo aos Correios, em Jacobina do Piau\u00ed, cidade localizada a cerca de 80 km de Picos, resultou na morte de um casal e uma crian\u00e7a ferida. As v\u00edtimas foram identificadas como Edmundo Sousa Silva, 38 anos, e sua esposa Josineide da Costa Silva, de 32 anos, conhecida como \u201cNeidinha\u201d. O casal estava em uma motocicleta, acompanhados pela crian\u00e7a, quando foram atingidos por uma caminhonete, segundo relatos de moradores.<\/p>\n\n\n\n<figure class=\"wp-block-image size-full\"><img fetchpriority=\"high\" decoding=\"async\" width=\"1024\" height=\"768\" src=\"https:\/\/noticiaempauta.com\/portal\/wp-content\/uploads\/2024\/11\/7e68f15abeb5b3b75817137b3d8812eb.jpg\" alt=\"\" class=\"wp-image-263959\" srcset=\"https:\/\/noticiaempauta.com\/portal\/wp-content\/uploads\/2024\/11\/7e68f15abeb5b3b75817137b3d8812eb.jpg 1024w, https:\/\/noticiaempauta.com\/portal\/wp-content\/uploads\/2024\/11\/7e68f15abeb5b3b75817137b3d8812eb-300x225.jpg 300w, https:\/\/noticiaempauta.com\/portal\/wp-content\/uploads\/2024\/11\/7e68f15abeb5b3b75817137b3d8812eb-768x576.jpg 768w\" sizes=\"(max-width: 1024px) 100vw, 1024px\" \/><\/figure>\n\n\n\n<p>Ap\u00f3s o impacto, as v\u00edtimas foram socorridas e encaminhadas ao Hospital Regional Justino Luz, em Picos. Edmundo e Neidinha n\u00e3o resistiram aos ferimentos e vieram a \u00f3bito. A crian\u00e7a, que tamb\u00e9m foi levada ao hospital, passou por procedimentos cir\u00fargicos e permanece internada em estado grave.<\/p>\n\n\n\n<figure class=\"wp-block-image size-full\"><img decoding=\"async\" width=\"1024\" height=\"768\" src=\"https:\/\/noticiaempauta.com\/portal\/wp-content\/uploads\/2024\/11\/5277e14c82a13f9f4047b15f53baee68.jpg\" alt=\"\" class=\"wp-image-263960\" srcset=\"https:\/\/noticiaempauta.com\/portal\/wp-content\/uploads\/2024\/11\/5277e14c82a13f9f4047b15f53baee68.jpg 1024w, https:\/\/noticiaempauta.com\/portal\/wp-content\/uploads\/2024\/11\/5277e14c82a13f9f4047b15f53baee68-300x225.jpg 300w, https:\/\/noticiaempauta.com\/portal\/wp-content\/uploads\/2024\/11\/5277e14c82a13f9f4047b15f53baee68-768x576.jpg 768w\" sizes=\"(max-width: 1024px) 100vw, 1024px\" \/><\/figure>\n\n\n\n<p>Moradores da regi\u00e3o relatam duas vers\u00f5es para o acidente. A primeira indica que a caminhonete teria invadido a contram\u00e3o, provocando a colis\u00e3o. J\u00e1 a segunda aponta que o motociclista poderia ter colidido com o ve\u00edculo. No entanto, as autoridades ainda n\u00e3o divulgaram informa\u00e7\u00f5es oficiais sobre a din\u00e2mica do acidente.&nbsp;<\/p>\n\n\n\n<p>O condutor abandonou o ve\u00edculo no local do acidente e fugiu.&nbsp;Segundo o propriet\u00e1rio, ele estava em outro ve\u00edculo no momento do acidente e quem conduzia a caminhonete era uma terceira pessoa, cuja identidade n\u00e3o foi revelada.<\/p>\n\n\n\n<p><em>Aguarde mais informa\u00e7\u00f5es&#8230;<\/em><\/p>\n\n\n\n<p>Fonte: Cidade Verde<\/p>\n","protected":false},"excerpt":{"rendered":"<p>Na noite do \u00faltimo domingo, (10\/11), um tr\u00e1gico acidente ocorrido na PI-143, pr\u00f3ximo aos Correios, em Jacobina do Piau\u00ed, cidade localizada a cerca de 80 km de Picos, resultou na morte de um casal e uma crian\u00e7a ferida. As v\u00edtimas foram identificadas como Edmundo Sousa Silva, 38 anos, e sua esposa Josineide da Costa Silva, [&hellip;]<\/p>\n","protected":false},"author":2,"featured_media":263959,"comment_status":"open","ping_status":"open","sticky":false,"template":"","format":"standard","meta":{"_mi_skip_tracking":false,"footnotes":""},"categories":[25,1,16],"tags":[],"class_list":["post-263958","post","type-post","status-publish","format-standard","has-post-thumbnail","hentry","category-destaques-site","category-geral","category-todas"],"acf":[],"yoast_head":"<!-- This site is optimized with the Yoast SEO Premium plugin v19.2 (Yoast SEO v26.9) - https:\/\/yoast.com\/product\/yoast-seo-premium-wordpress\/ -->\n<title>Em Jacobina casal morre e crian\u00e7a fica ferida ap\u00f3s colis\u00e3o entre moto e caminhonete - Portal Not\u00edcia em Pauta<\/title>\n<meta name=\"robots\" content=\"index, follow, max-snippet:-1, max-image-preview:large, max-video-preview:-1\" \/>\n<link rel=\"canonical\" href=\"https:\/\/noticiaempauta.com\/portal\/em-jacobina-casal-morre-e-crianca-fica-ferida-apos-colisao-entre-moto-e-caminhonete\/\" \/>\n<meta property=\"og:locale\" content=\"pt_BR\" \/>\n<meta property=\"og:type\" content=\"article\" \/>\n<meta property=\"og:title\" content=\"Em Jacobina casal morre e crian\u00e7a fica ferida ap\u00f3s colis\u00e3o entre moto e caminhonete\" \/>\n<meta property=\"og:description\" content=\"Na noite do \u00faltimo domingo, (10\/11), um tr\u00e1gico acidente ocorrido na PI-143, pr\u00f3ximo aos Correios, em Jacobina do Piau\u00ed, cidade localizada a cerca de 80 km de Picos, resultou na morte de um casal e uma crian\u00e7a ferida. As v\u00edtimas foram identificadas como Edmundo Sousa Silva, 38 anos, e sua esposa Josineide da Costa Silva, [&hellip;]\" \/>\n<meta property=\"og:url\" content=\"https:\/\/noticiaempauta.com\/portal\/em-jacobina-casal-morre-e-crianca-fica-ferida-apos-colisao-entre-moto-e-caminhonete\/\" \/>\n<meta property=\"og:site_name\" content=\"Portal Not\u00edcia em Pauta\" \/>\n<meta property=\"article:publisher\" content=\"https:\/\/www.facebook.com\/Portal-Notcia-Em-Pauta-102292869264820\/\" \/>\n<meta property=\"article:published_time\" content=\"2024-11-11T19:08:03+00:00\" \/>\n<meta property=\"article:modified_time\" content=\"2024-11-11T19:08:04+00:00\" \/>\n<meta property=\"og:image\" content=\"https:\/\/noticiaempauta.com\/portal\/wp-content\/uploads\/2024\/11\/7e68f15abeb5b3b75817137b3d8812eb.jpg\" \/>\n\t<meta property=\"og:image:width\" content=\"1024\" \/>\n\t<meta property=\"og:image:height\" content=\"768\" \/>\n\t<meta property=\"og:image:type\" content=\"image\/jpeg\" \/>\n<meta name=\"author\" content=\"Reda\u00e7\u00e3o\" \/>\n<meta name=\"twitter:card\" content=\"summary_large_image\" \/>\n<meta name=\"twitter:label1\" content=\"Escrito por\" \/>\n\t<meta name=\"twitter:data1\" content=\"Reda\u00e7\u00e3o\" \/>\n\t<meta name=\"twitter:label2\" content=\"Est. tempo de leitura\" \/>\n\t<meta name=\"twitter:data2\" content=\"2 minutos\" \/>\n<script type=\"application\/ld+json\" class=\"yoast-schema-graph\">{\"@context\":\"https:\/\/schema.org\",\"@graph\":[{\"@type\":\"Article\",\"@id\":\"https:\/\/noticiaempauta.com\/portal\/em-jacobina-casal-morre-e-crianca-fica-ferida-apos-colisao-entre-moto-e-caminhonete\/#article\",\"isPartOf\":{\"@id\":\"https:\/\/noticiaempauta.com\/portal\/em-jacobina-casal-morre-e-crianca-fica-ferida-apos-colisao-entre-moto-e-caminhonete\/\"},\"author\":{\"name\":\"Reda\u00e7\u00e3o\",\"@id\":\"https:\/\/noticiaempauta.com\/portal\/#\/schema\/person\/a74af43dd1ab3deca45f988c717d57ac\"},\"headline\":\"Em Jacobina casal morre e crian\u00e7a fica ferida ap\u00f3s colis\u00e3o entre moto e caminhonete\",\"datePublished\":\"2024-11-11T19:08:03+00:00\",\"dateModified\":\"2024-11-11T19:08:04+00:00\",\"mainEntityOfPage\":{\"@id\":\"https:\/\/noticiaempauta.com\/portal\/em-jacobina-casal-morre-e-crianca-fica-ferida-apos-colisao-entre-moto-e-caminhonete\/\"},\"wordCount\":256,\"commentCount\":0,\"publisher\":{\"@id\":\"https:\/\/noticiaempauta.com\/portal\/#organization\"},\"image\":{\"@id\":\"https:\/\/noticiaempauta.com\/portal\/em-jacobina-casal-morre-e-crianca-fica-ferida-apos-colisao-entre-moto-e-caminhonete\/#primaryimage\"},\"thumbnailUrl\":\"https:\/\/noticiaempauta.com\/portal\/wp-content\/uploads\/2024\/11\/7e68f15abeb5b3b75817137b3d8812eb.jpg\",\"articleSection\":[\"Destaques\",\"Geral\",\"Todas as Not\u00edcias\"],\"inLanguage\":\"pt-BR\",\"potentialAction\":[{\"@type\":\"CommentAction\",\"name\":\"Comment\",\"target\":[\"https:\/\/noticiaempauta.com\/portal\/em-jacobina-casal-morre-e-crianca-fica-ferida-apos-colisao-entre-moto-e-caminhonete\/#respond\"]}]},{\"@type\":\"WebPage\",\"@id\":\"https:\/\/noticiaempauta.com\/portal\/em-jacobina-casal-morre-e-crianca-fica-ferida-apos-colisao-entre-moto-e-caminhonete\/\",\"url\":\"https:\/\/noticiaempauta.com\/portal\/em-jacobina-casal-morre-e-crianca-fica-ferida-apos-colisao-entre-moto-e-caminhonete\/\",\"name\":\"Em Jacobina casal morre e crian\u00e7a fica ferida ap\u00f3s colis\u00e3o entre moto e caminhonete - Portal Not\u00edcia em Pauta\",\"isPartOf\":{\"@id\":\"https:\/\/noticiaempauta.com\/portal\/#website\"},\"primaryImageOfPage\":{\"@id\":\"https:\/\/noticiaempauta.com\/portal\/em-jacobina-casal-morre-e-crianca-fica-ferida-apos-colisao-entre-moto-e-caminhonete\/#primaryimage\"},\"image\":{\"@id\":\"https:\/\/noticiaempauta.com\/portal\/em-jacobina-casal-morre-e-crianca-fica-ferida-apos-colisao-entre-moto-e-caminhonete\/#primaryimage\"},\"thumbnailUrl\":\"https:\/\/noticiaempauta.com\/portal\/wp-content\/uploads\/2024\/11\/7e68f15abeb5b3b75817137b3d8812eb.jpg\",\"datePublished\":\"2024-11-11T19:08:03+00:00\",\"dateModified\":\"2024-11-11T19:08:04+00:00\",\"breadcrumb\":{\"@id\":\"https:\/\/noticiaempauta.com\/portal\/em-jacobina-casal-morre-e-crianca-fica-ferida-apos-colisao-entre-moto-e-caminhonete\/#breadcrumb\"},\"inLanguage\":\"pt-BR\",\"potentialAction\":[{\"@type\":\"ReadAction\",\"target\":[\"https:\/\/noticiaempauta.com\/portal\/em-jacobina-casal-morre-e-crianca-fica-ferida-apos-colisao-entre-moto-e-caminhonete\/\"]}]},{\"@type\":\"ImageObject\",\"inLanguage\":\"pt-BR\",\"@id\":\"https:\/\/noticiaempauta.com\/portal\/em-jacobina-casal-morre-e-crianca-fica-ferida-apos-colisao-entre-moto-e-caminhonete\/#primaryimage\",\"url\":\"https:\/\/noticiaempauta.com\/portal\/wp-content\/uploads\/2024\/11\/7e68f15abeb5b3b75817137b3d8812eb.jpg\",\"contentUrl\":\"https:\/\/noticiaempauta.com\/portal\/wp-content\/uploads\/2024\/11\/7e68f15abeb5b3b75817137b3d8812eb.jpg\",\"width\":1024,\"height\":768},{\"@type\":\"BreadcrumbList\",\"@id\":\"https:\/\/noticiaempauta.com\/portal\/em-jacobina-casal-morre-e-crianca-fica-ferida-apos-colisao-entre-moto-e-caminhonete\/#breadcrumb\",\"itemListElement\":[{\"@type\":\"ListItem\",\"position\":1,\"name\":\"P\u00e1gina Inicial\",\"item\":\"https:\/\/noticiaempauta.com\/portal\/\"},{\"@type\":\"ListItem\",\"position\":2,\"name\":\"Destaques\",\"item\":\"https:\/\/noticiaempauta.com\/portal\/destaques-site\/\"},{\"@type\":\"ListItem\",\"position\":3,\"name\":\"Em Jacobina casal morre e crian\u00e7a fica ferida ap\u00f3s colis\u00e3o entre moto e caminhonete\"}]},{\"@type\":\"WebSite\",\"@id\":\"https:\/\/noticiaempauta.com\/portal\/#website\",\"url\":\"https:\/\/noticiaempauta.com\/portal\/\",\"name\":\"Portal Not\u00edcia em Pauta\",\"description\":\"Voc\u00ea bem informado\",\"publisher\":{\"@id\":\"https:\/\/noticiaempauta.com\/portal\/#organization\"},\"potentialAction\":[{\"@type\":\"SearchAction\",\"target\":{\"@type\":\"EntryPoint\",\"urlTemplate\":\"https:\/\/noticiaempauta.com\/portal\/?s={search_term_string}\"},\"query-input\":{\"@type\":\"PropertyValueSpecification\",\"valueRequired\":true,\"valueName\":\"search_term_string\"}}],\"inLanguage\":\"pt-BR\"},{\"@type\":\"Organization\",\"@id\":\"https:\/\/noticiaempauta.com\/portal\/#organization\",\"name\":\"Portal Not\u00edcia em Pauta\",\"url\":\"https:\/\/noticiaempauta.com\/portal\/\",\"logo\":{\"@type\":\"ImageObject\",\"inLanguage\":\"pt-BR\",\"@id\":\"https:\/\/noticiaempauta.com\/portal\/#\/schema\/logo\/image\/\",\"url\":\"https:\/\/noticiaempauta.com\/portal\/wp-content\/uploads\/2022\/08\/logomarca_tema.fw_.png\",\"contentUrl\":\"https:\/\/noticiaempauta.com\/portal\/wp-content\/uploads\/2022\/08\/logomarca_tema.fw_.png\",\"width\":400,\"height\":232,\"caption\":\"Portal Not\u00edcia em Pauta\"},\"image\":{\"@id\":\"https:\/\/noticiaempauta.com\/portal\/#\/schema\/logo\/image\/\"},\"sameAs\":[\"https:\/\/www.facebook.com\/Portal-Notcia-Em-Pauta-102292869264820\/\",\"https:\/\/www.instagram.com\/portalnoticiaempauta\/\"]},{\"@type\":\"Person\",\"@id\":\"https:\/\/noticiaempauta.com\/portal\/#\/schema\/person\/a74af43dd1ab3deca45f988c717d57ac\",\"name\":\"Reda\u00e7\u00e3o\",\"image\":{\"@type\":\"ImageObject\",\"inLanguage\":\"pt-BR\",\"@id\":\"https:\/\/noticiaempauta.com\/portal\/#\/schema\/person\/image\/\",\"url\":\"https:\/\/secure.gravatar.com\/avatar\/03179346ecce6cdfc13361603e8f54242a90e5cde8618fa23c5c00aa2b0aadf3?s=96&d=mm&r=g\",\"contentUrl\":\"https:\/\/secure.gravatar.com\/avatar\/03179346ecce6cdfc13361603e8f54242a90e5cde8618fa23c5c00aa2b0aadf3?s=96&d=mm&r=g\",\"caption\":\"Reda\u00e7\u00e3o\"},\"sameAs\":[\"https:\/\/noticiaempauta.com\/portal\/\"],\"url\":\"https:\/\/noticiaempauta.com\/portal\/author\/fernando\/\"}]}<\/script>\n<!-- \/ Yoast SEO Premium plugin. -->","yoast_head_json":{"title":"Em Jacobina casal morre e crian\u00e7a fica ferida ap\u00f3s colis\u00e3o entre moto e caminhonete - Portal Not\u00edcia em Pauta","robots":{"index":"index","follow":"follow","max-snippet":"max-snippet:-1","max-image-preview":"max-image-preview:large","max-video-preview":"max-video-preview:-1"},"canonical":"https:\/\/noticiaempauta.com\/portal\/em-jacobina-casal-morre-e-crianca-fica-ferida-apos-colisao-entre-moto-e-caminhonete\/","og_locale":"pt_BR","og_type":"article","og_title":"Em Jacobina casal morre e crian\u00e7a fica ferida ap\u00f3s colis\u00e3o entre moto e caminhonete","og_description":"Na noite do \u00faltimo domingo, (10\/11), um tr\u00e1gico acidente ocorrido na PI-143, pr\u00f3ximo aos Correios, em Jacobina do Piau\u00ed, cidade localizada a cerca de 80 km de Picos, resultou na morte de um casal e uma crian\u00e7a ferida. As v\u00edtimas foram identificadas como Edmundo Sousa Silva, 38 anos, e sua esposa Josineide da Costa Silva, [&hellip;]","og_url":"https:\/\/noticiaempauta.com\/portal\/em-jacobina-casal-morre-e-crianca-fica-ferida-apos-colisao-entre-moto-e-caminhonete\/","og_site_name":"Portal Not\u00edcia em Pauta","article_publisher":"https:\/\/www.facebook.com\/Portal-Notcia-Em-Pauta-102292869264820\/","article_published_time":"2024-11-11T19:08:03+00:00","article_modified_time":"2024-11-11T19:08:04+00:00","og_image":[{"width":1024,"height":768,"url":"https:\/\/noticiaempauta.com\/portal\/wp-content\/uploads\/2024\/11\/7e68f15abeb5b3b75817137b3d8812eb.jpg","type":"image\/jpeg"}],"author":"Reda\u00e7\u00e3o","twitter_card":"summary_large_image","twitter_misc":{"Escrito por":"Reda\u00e7\u00e3o","Est. tempo de leitura":"2 minutos"},"schema":{"@context":"https:\/\/schema.org","@graph":[{"@type":"Article","@id":"https:\/\/noticiaempauta.com\/portal\/em-jacobina-casal-morre-e-crianca-fica-ferida-apos-colisao-entre-moto-e-caminhonete\/#article","isPartOf":{"@id":"https:\/\/noticiaempauta.com\/portal\/em-jacobina-casal-morre-e-crianca-fica-ferida-apos-colisao-entre-moto-e-caminhonete\/"},"author":{"name":"Reda\u00e7\u00e3o","@id":"https:\/\/noticiaempauta.com\/portal\/#\/schema\/person\/a74af43dd1ab3deca45f988c717d57ac"},"headline":"Em Jacobina casal morre e crian\u00e7a fica ferida ap\u00f3s colis\u00e3o entre moto e caminhonete","datePublished":"2024-11-11T19:08:03+00:00","dateModified":"2024-11-11T19:08:04+00:00","mainEntityOfPage":{"@id":"https:\/\/noticiaempauta.com\/portal\/em-jacobina-casal-morre-e-crianca-fica-ferida-apos-colisao-entre-moto-e-caminhonete\/"},"wordCount":256,"commentCount":0,"publisher":{"@id":"https:\/\/noticiaempauta.com\/portal\/#organization"},"image":{"@id":"https:\/\/noticiaempauta.com\/portal\/em-jacobina-casal-morre-e-crianca-fica-ferida-apos-colisao-entre-moto-e-caminhonete\/#primaryimage"},"thumbnailUrl":"https:\/\/noticiaempauta.com\/portal\/wp-content\/uploads\/2024\/11\/7e68f15abeb5b3b75817137b3d8812eb.jpg","articleSection":["Destaques","Geral","Todas as Not\u00edcias"],"inLanguage":"pt-BR","potentialAction":[{"@type":"CommentAction","name":"Comment","target":["https:\/\/noticiaempauta.com\/portal\/em-jacobina-casal-morre-e-crianca-fica-ferida-apos-colisao-entre-moto-e-caminhonete\/#respond"]}]},{"@type":"WebPage","@id":"https:\/\/noticiaempauta.com\/portal\/em-jacobina-casal-morre-e-crianca-fica-ferida-apos-colisao-entre-moto-e-caminhonete\/","url":"https:\/\/noticiaempauta.com\/portal\/em-jacobina-casal-morre-e-crianca-fica-ferida-apos-colisao-entre-moto-e-caminhonete\/","name":"Em Jacobina casal morre e crian\u00e7a fica ferida ap\u00f3s colis\u00e3o entre moto e caminhonete - Portal Not\u00edcia em Pauta","isPartOf":{"@id":"https:\/\/noticiaempauta.com\/portal\/#website"},"primaryImageOfPage":{"@id":"https:\/\/noticiaempauta.com\/portal\/em-jacobina-casal-morre-e-crianca-fica-ferida-apos-colisao-entre-moto-e-caminhonete\/#primaryimage"},"image":{"@id":"https:\/\/noticiaempauta.com\/portal\/em-jacobina-casal-morre-e-crianca-fica-ferida-apos-colisao-entre-moto-e-caminhonete\/#primaryimage"},"thumbnailUrl":"https:\/\/noticiaempauta.com\/portal\/wp-content\/uploads\/2024\/11\/7e68f15abeb5b3b75817137b3d8812eb.jpg","datePublished":"2024-11-11T19:08:03+00:00","dateModified":"2024-11-11T19:08:04+00:00","breadcrumb":{"@id":"https:\/\/noticiaempauta.com\/portal\/em-jacobina-casal-morre-e-crianca-fica-ferida-apos-colisao-entre-moto-e-caminhonete\/#breadcrumb"},"inLanguage":"pt-BR","potentialAction":[{"@type":"ReadAction","target":["https:\/\/noticiaempauta.com\/portal\/em-jacobina-casal-morre-e-crianca-fica-ferida-apos-colisao-entre-moto-e-caminhonete\/"]}]},{"@type":"ImageObject","inLanguage":"pt-BR","@id":"https:\/\/noticiaempauta.com\/portal\/em-jacobina-casal-morre-e-crianca-fica-ferida-apos-colisao-entre-moto-e-caminhonete\/#primaryimage","url":"https:\/\/noticiaempauta.com\/portal\/wp-content\/uploads\/2024\/11\/7e68f15abeb5b3b75817137b3d8812eb.jpg","contentUrl":"https:\/\/noticiaempauta.com\/portal\/wp-content\/uploads\/2024\/11\/7e68f15abeb5b3b75817137b3d8812eb.jpg","width":1024,"height":768},{"@type":"BreadcrumbList","@id":"https:\/\/noticiaempauta.com\/portal\/em-jacobina-casal-morre-e-crianca-fica-ferida-apos-colisao-entre-moto-e-caminhonete\/#breadcrumb","itemListElement":[{"@type":"ListItem","position":1,"name":"P\u00e1gina Inicial","item":"https:\/\/noticiaempauta.com\/portal\/"},{"@type":"ListItem","position":2,"name":"Destaques","item":"https:\/\/noticiaempauta.com\/portal\/destaques-site\/"},{"@type":"ListItem","position":3,"name":"Em Jacobina casal morre e crian\u00e7a fica ferida ap\u00f3s colis\u00e3o entre moto e caminhonete"}]},{"@type":"WebSite","@id":"https:\/\/noticiaempauta.com\/portal\/#website","url":"https:\/\/noticiaempauta.com\/portal\/","name":"Portal Not\u00edcia em Pauta","description":"Voc\u00ea bem informado","publisher":{"@id":"https:\/\/noticiaempauta.com\/portal\/#organization"},"potentialAction":[{"@type":"SearchAction","target":{"@type":"EntryPoint","urlTemplate":"https:\/\/noticiaempauta.com\/portal\/?s={search_term_string}"},"query-input":{"@type":"PropertyValueSpecification","valueRequired":true,"valueName":"search_term_string"}}],"inLanguage":"pt-BR"},{"@type":"Organization","@id":"https:\/\/noticiaempauta.com\/portal\/#organization","name":"Portal Not\u00edcia em Pauta","url":"https:\/\/noticiaempauta.com\/portal\/","logo":{"@type":"ImageObject","inLanguage":"pt-BR","@id":"https:\/\/noticiaempauta.com\/portal\/#\/schema\/logo\/image\/","url":"https:\/\/noticiaempauta.com\/portal\/wp-content\/uploads\/2022\/08\/logomarca_tema.fw_.png","contentUrl":"https:\/\/noticiaempauta.com\/portal\/wp-content\/uploads\/2022\/08\/logomarca_tema.fw_.png","width":400,"height":232,"caption":"Portal Not\u00edcia em Pauta"},"image":{"@id":"https:\/\/noticiaempauta.com\/portal\/#\/schema\/logo\/image\/"},"sameAs":["https:\/\/www.facebook.com\/Portal-Notcia-Em-Pauta-102292869264820\/","https:\/\/www.instagram.com\/portalnoticiaempauta\/"]},{"@type":"Person","@id":"https:\/\/noticiaempauta.com\/portal\/#\/schema\/person\/a74af43dd1ab3deca45f988c717d57ac","name":"Reda\u00e7\u00e3o","image":{"@type":"ImageObject","inLanguage":"pt-BR","@id":"https:\/\/noticiaempauta.com\/portal\/#\/schema\/person\/image\/","url":"https:\/\/secure.gravatar.com\/avatar\/03179346ecce6cdfc13361603e8f54242a90e5cde8618fa23c5c00aa2b0aadf3?s=96&d=mm&r=g","contentUrl":"https:\/\/secure.gravatar.com\/avatar\/03179346ecce6cdfc13361603e8f54242a90e5cde8618fa23c5c00aa2b0aadf3?s=96&d=mm&r=g","caption":"Reda\u00e7\u00e3o"},"sameAs":["https:\/\/noticiaempauta.com\/portal\/"],"url":"https:\/\/noticiaempauta.com\/portal\/author\/fernando\/"}]}},"_links":{"self":[{"href":"https:\/\/noticiaempauta.com\/portal\/wp-json\/wp\/v2\/posts\/263958","targetHints":{"allow":["GET"]}}],"collection":[{"href":"https:\/\/noticiaempauta.com\/portal\/wp-json\/wp\/v2\/posts"}],"about":[{"href":"https:\/\/noticiaempauta.com\/portal\/wp-json\/wp\/v2\/types\/post"}],"author":[{"embeddable":true,"href":"https:\/\/noticiaempauta.com\/portal\/wp-json\/wp\/v2\/users\/2"}],"replies":[{"embeddable":true,"href":"https:\/\/noticiaempauta.com\/portal\/wp-json\/wp\/v2\/comments?post=263958"}],"version-history":[{"count":1,"href":"https:\/\/noticiaempauta.com\/portal\/wp-json\/wp\/v2\/posts\/263958\/revisions"}],"predecessor-version":[{"id":263961,"href":"https:\/\/noticiaempauta.com\/portal\/wp-json\/wp\/v2\/posts\/263958\/revisions\/263961"}],"wp:featuredmedia":[{"embeddable":true,"href":"https:\/\/noticiaempauta.com\/portal\/wp-json\/wp\/v2\/media\/263959"}],"wp:attachment":[{"href":"https:\/\/noticiaempauta.com\/portal\/wp-json\/wp\/v2\/media?parent=263958"}],"wp:term":[{"taxonomy":"category","embeddable":true,"href":"https:\/\/noticiaempauta.com\/portal\/wp-json\/wp\/v2\/categories?post=263958"},{"taxonomy":"post_tag","embeddable":true,"href":"https:\/\/noticiaempauta.com\/portal\/wp-json\/wp\/v2\/tags?post=263958"}],"curies":[{"name":"wp","href":"https:\/\/api.w.org\/{rel}","templated":true}]}}