{"id":263987,"date":"2024-11-13T09:19:27","date_gmt":"2024-11-13T12:19:27","guid":{"rendered":"https:\/\/noticiaempauta.com\/portal\/?p=263987"},"modified":"2024-11-13T09:19:28","modified_gmt":"2024-11-13T12:19:28","slug":"alepi-aprova-mensagem-do-governo-do-estado-instituindo-o-refis-com-descontos-de-ate-95","status":"publish","type":"post","link":"https:\/\/noticiaempauta.com\/portal\/alepi-aprova-mensagem-do-governo-do-estado-instituindo-o-refis-com-descontos-de-ate-95\/","title":{"rendered":"Alepi aprova mensagem do Governo do Estado instituindo o Refis com descontos de at\u00e9 95%"},"content":{"rendered":"\n<p>O Governo do Estado enviou para a Assembleia Legislativa do Piau\u00ed o projeto de lei n\u00ba 76, que institui o Programa de Recupera\u00e7\u00e3o de Cr\u00e9ditos Tribut\u00e1rios (Refis), permitindo que os contribuintes regularizem d\u00e9bitos com condi\u00e7\u00f5es especiais, com descontos de at\u00e9 95% de juros e multas para pagamento \u00e0 vista. O projeto foi aprovado no Plen\u00e1rio da Casa Legislativa nesta ter\u00e7a-feira (12), agora segue para san\u00e7\u00e3o do governador Rafael Fonteles.<\/p>\n\n\n\n<figure class=\"wp-block-image size-full\"><img fetchpriority=\"high\" decoding=\"async\" width=\"600\" height=\"399\" src=\"https:\/\/noticiaempauta.com\/portal\/wp-content\/uploads\/2024\/11\/image_assessoria.jpg\" alt=\"\" class=\"wp-image-263988\" srcset=\"https:\/\/noticiaempauta.com\/portal\/wp-content\/uploads\/2024\/11\/image_assessoria.jpg 600w, https:\/\/noticiaempauta.com\/portal\/wp-content\/uploads\/2024\/11\/image_assessoria-300x200.jpg 300w\" sizes=\"(max-width: 600px) 100vw, 600px\" \/><figcaption class=\"wp-element-caption\">(Foto: Ascom\/Alepi)<\/figcaption><\/figure>\n\n\n\n<p>A medida oferece isen\u00e7\u00f5es em multas e juros sobre tributos como ITCMD, ICMS, IPVA e taxas do Detran, constitu\u00eddos at\u00e9 31 de mar\u00e7o de 2024.<\/p>\n\n\n\n<p>Segundo o secret\u00e1rio de Fazenda, Em\u00edlio J\u00fanior, a iniciativa busca facilitar a regulariza\u00e7\u00e3o dos contribuintes que est\u00e3o em d\u00e9bito com o Estado. \u201cEssa aprova\u00e7\u00e3o surge como uma oportunidade para que os cidad\u00e3os possam fechar o ano em dia com suas obriga\u00e7\u00f5es tribut\u00e1rias, regularizando suas d\u00edvidas. Estamos dando as condi\u00e7\u00f5es de recupera\u00e7\u00e3o financeira aos contribuintes e, ao mesmo tempo, garantir que o Estado continue oferecendo servi\u00e7os de qualidade para a popula\u00e7\u00e3o\u201d, destacou o secret\u00e1rio.<\/p>\n\n\n\n<p>O projeto de lei prev\u00ea que os cr\u00e9ditos fiscais relativos a esses tributos possam ser pagos com descontos que variam de 70% a 95% nas multas e juros, dependendo do n\u00famero de parcelas escolhidas para quita\u00e7\u00e3o. As modalidades incluem desde pagamento \u00fanico \u00e0 vista, at\u00e9 op\u00e7\u00f5es de 3, 6, 12, 20 e 60 parcelas, dependendo do tributo e do valor consolidado. As regras tamb\u00e9m permitem que o valor da primeira parcela seja quitado em at\u00e9 cinco dias \u00fateis ap\u00f3s a ades\u00e3o ao programa.<\/p>\n\n\n\n<p>A ades\u00e3o ao programa deve ser executada dentro dos prazos estabelecidos em regulamenta\u00e7\u00e3o posterior pelo Executivo. Entre outras condi\u00e7\u00f5es, o contribuinte que optar pelo parcelamento dever\u00e1 estar em dia com as parcelas e atrasos superiores a 90 dias acarretam a revoga\u00e7\u00e3o do benef\u00edcio. Al\u00e9m disso, quem aderir ao programa dever\u00e1 renunciar a a\u00e7\u00f5es judiciais ou embargos de execu\u00e7\u00e3o fiscal que envolvam esses cr\u00e9ditos tribut\u00e1rios.<\/p>\n\n\n\n<p>O novo decreto beneficia tamb\u00e9m microempresas e empresas de pequeno porte, com valores de parcela m\u00ednimos espec\u00edficos. As datas de vencimento das parcelas ser\u00e3o estipuladas de acordo com cada tipo de tributo, variando entre os dias 15 e 25 de cada m\u00eas, conforme os dados do contribuinte.<\/p>\n\n\n\n<p>Com esta medida, o governo espera um aumento na recupera\u00e7\u00e3o dos cr\u00e9ditos fiscais, fortalecendo as receitas do Estado e oferecendo uma oportunidade para os contribuintes ajustarem suas pend\u00eancias, al\u00e9m de contribuir para a organiza\u00e7\u00e3o da situa\u00e7\u00e3o fiscal dos cidad\u00e3os piauienses.<\/p>\n\n\n\n<p><strong>Para maior entendimento, o cr\u00e9dito consolidado poder\u00e1 ser pago da seguinte forma:<\/strong><\/p>\n\n\n\n<p>I \u2013 Com redu\u00e7\u00e3o de 95% (noventa e cinco por cento) das multas, juros e demais acr\u00e9scimos legais, para pagamento integral e \u00e0 vista;<\/p>\n\n\n\n<p>II \u2013 Com redu\u00e7\u00e3o de 90% (noventa por cento) das multas, juros e demais acr\u00e9scimos legais, para pagamento em 2 (duas) a 6 (seis) parcelas;<\/p>\n\n\n\n<p>III \u2013 Com redu\u00e7\u00e3o de 80% (oitenta por cento) das multas, juros e demais acr\u00e9scimos legais, para pagamento em 7 (sete) a 20 (vinte) parcelas;<\/p>\n\n\n\n<p>IV \u2013 Com redu\u00e7\u00e3o de 70% (setenta por cento) das multas, juros e demais acr\u00e9scimos legais, para pagamento em 21 (vinte e uma) a 60 (sessenta) parcelas.<\/p>\n\n\n\n<p>CCOM-PI<\/p>\n","protected":false},"excerpt":{"rendered":"<p>O projeto foi aprovado pela Assembleia Legislativa nesta ter\u00e7a-feira (12) e segue para san\u00e7\u00e3o do governador Rafael Fonteles.<\/p>\n","protected":false},"author":2,"featured_media":263988,"comment_status":"open","ping_status":"open","sticky":false,"template":"","format":"standard","meta":{"_mi_skip_tracking":false,"footnotes":""},"categories":[25,1,16],"tags":[192],"class_list":["post-263987","post","type-post","status-publish","format-standard","has-post-thumbnail","hentry","category-destaques-site","category-geral","category-todas","tag-destaqueprincipal"],"acf":[],"yoast_head":"<!-- This site is optimized with the Yoast SEO Premium plugin v19.2 (Yoast SEO v26.9) - https:\/\/yoast.com\/product\/yoast-seo-premium-wordpress\/ -->\n<title>Alepi aprova mensagem do Governo do Estado instituindo o Refis com descontos de at\u00e9 95% - Portal Not\u00edcia em Pauta<\/title>\n<meta name=\"robots\" content=\"index, follow, max-snippet:-1, max-image-preview:large, max-video-preview:-1\" \/>\n<link rel=\"canonical\" href=\"https:\/\/noticiaempauta.com\/portal\/alepi-aprova-mensagem-do-governo-do-estado-instituindo-o-refis-com-descontos-de-ate-95\/\" \/>\n<meta property=\"og:locale\" content=\"pt_BR\" \/>\n<meta property=\"og:type\" content=\"article\" \/>\n<meta property=\"og:title\" content=\"Alepi aprova mensagem do Governo do Estado instituindo o Refis com descontos de at\u00e9 95%\" \/>\n<meta property=\"og:description\" content=\"O projeto foi aprovado pela Assembleia Legislativa nesta ter\u00e7a-feira (12) e segue para san\u00e7\u00e3o do governador Rafael Fonteles.\" \/>\n<meta property=\"og:url\" content=\"https:\/\/noticiaempauta.com\/portal\/alepi-aprova-mensagem-do-governo-do-estado-instituindo-o-refis-com-descontos-de-ate-95\/\" \/>\n<meta property=\"og:site_name\" content=\"Portal Not\u00edcia em Pauta\" \/>\n<meta property=\"article:publisher\" content=\"https:\/\/www.facebook.com\/Portal-Notcia-Em-Pauta-102292869264820\/\" \/>\n<meta property=\"article:published_time\" content=\"2024-11-13T12:19:27+00:00\" \/>\n<meta property=\"article:modified_time\" content=\"2024-11-13T12:19:28+00:00\" \/>\n<meta property=\"og:image\" content=\"https:\/\/noticiaempauta.com\/portal\/wp-content\/uploads\/2024\/11\/image_assessoria.jpg\" \/>\n\t<meta property=\"og:image:width\" content=\"600\" \/>\n\t<meta property=\"og:image:height\" content=\"399\" \/>\n\t<meta property=\"og:image:type\" content=\"image\/jpeg\" \/>\n<meta name=\"author\" content=\"Reda\u00e7\u00e3o\" \/>\n<meta name=\"twitter:card\" content=\"summary_large_image\" \/>\n<meta name=\"twitter:label1\" content=\"Escrito por\" \/>\n\t<meta name=\"twitter:data1\" content=\"Reda\u00e7\u00e3o\" \/>\n\t<meta name=\"twitter:label2\" content=\"Est. tempo de leitura\" \/>\n\t<meta name=\"twitter:data2\" content=\"4 minutos\" \/>\n<script type=\"application\/ld+json\" class=\"yoast-schema-graph\">{\"@context\":\"https:\/\/schema.org\",\"@graph\":[{\"@type\":\"Article\",\"@id\":\"https:\/\/noticiaempauta.com\/portal\/alepi-aprova-mensagem-do-governo-do-estado-instituindo-o-refis-com-descontos-de-ate-95\/#article\",\"isPartOf\":{\"@id\":\"https:\/\/noticiaempauta.com\/portal\/alepi-aprova-mensagem-do-governo-do-estado-instituindo-o-refis-com-descontos-de-ate-95\/\"},\"author\":{\"name\":\"Reda\u00e7\u00e3o\",\"@id\":\"https:\/\/noticiaempauta.com\/portal\/#\/schema\/person\/a74af43dd1ab3deca45f988c717d57ac\"},\"headline\":\"Alepi aprova mensagem do Governo do Estado instituindo o Refis com descontos de at\u00e9 95%\",\"datePublished\":\"2024-11-13T12:19:27+00:00\",\"dateModified\":\"2024-11-13T12:19:28+00:00\",\"mainEntityOfPage\":{\"@id\":\"https:\/\/noticiaempauta.com\/portal\/alepi-aprova-mensagem-do-governo-do-estado-instituindo-o-refis-com-descontos-de-ate-95\/\"},\"wordCount\":565,\"commentCount\":0,\"publisher\":{\"@id\":\"https:\/\/noticiaempauta.com\/portal\/#organization\"},\"image\":{\"@id\":\"https:\/\/noticiaempauta.com\/portal\/alepi-aprova-mensagem-do-governo-do-estado-instituindo-o-refis-com-descontos-de-ate-95\/#primaryimage\"},\"thumbnailUrl\":\"https:\/\/noticiaempauta.com\/portal\/wp-content\/uploads\/2024\/11\/image_assessoria.jpg\",\"keywords\":[\"destaqueprincipal\"],\"articleSection\":[\"Destaques\",\"Geral\",\"Todas as Not\u00edcias\"],\"inLanguage\":\"pt-BR\",\"potentialAction\":[{\"@type\":\"CommentAction\",\"name\":\"Comment\",\"target\":[\"https:\/\/noticiaempauta.com\/portal\/alepi-aprova-mensagem-do-governo-do-estado-instituindo-o-refis-com-descontos-de-ate-95\/#respond\"]}]},{\"@type\":\"WebPage\",\"@id\":\"https:\/\/noticiaempauta.com\/portal\/alepi-aprova-mensagem-do-governo-do-estado-instituindo-o-refis-com-descontos-de-ate-95\/\",\"url\":\"https:\/\/noticiaempauta.com\/portal\/alepi-aprova-mensagem-do-governo-do-estado-instituindo-o-refis-com-descontos-de-ate-95\/\",\"name\":\"Alepi aprova mensagem do Governo do Estado instituindo o Refis com descontos de at\u00e9 95% - Portal Not\u00edcia em Pauta\",\"isPartOf\":{\"@id\":\"https:\/\/noticiaempauta.com\/portal\/#website\"},\"primaryImageOfPage\":{\"@id\":\"https:\/\/noticiaempauta.com\/portal\/alepi-aprova-mensagem-do-governo-do-estado-instituindo-o-refis-com-descontos-de-ate-95\/#primaryimage\"},\"image\":{\"@id\":\"https:\/\/noticiaempauta.com\/portal\/alepi-aprova-mensagem-do-governo-do-estado-instituindo-o-refis-com-descontos-de-ate-95\/#primaryimage\"},\"thumbnailUrl\":\"https:\/\/noticiaempauta.com\/portal\/wp-content\/uploads\/2024\/11\/image_assessoria.jpg\",\"datePublished\":\"2024-11-13T12:19:27+00:00\",\"dateModified\":\"2024-11-13T12:19:28+00:00\",\"breadcrumb\":{\"@id\":\"https:\/\/noticiaempauta.com\/portal\/alepi-aprova-mensagem-do-governo-do-estado-instituindo-o-refis-com-descontos-de-ate-95\/#breadcrumb\"},\"inLanguage\":\"pt-BR\",\"potentialAction\":[{\"@type\":\"ReadAction\",\"target\":[\"https:\/\/noticiaempauta.com\/portal\/alepi-aprova-mensagem-do-governo-do-estado-instituindo-o-refis-com-descontos-de-ate-95\/\"]}]},{\"@type\":\"ImageObject\",\"inLanguage\":\"pt-BR\",\"@id\":\"https:\/\/noticiaempauta.com\/portal\/alepi-aprova-mensagem-do-governo-do-estado-instituindo-o-refis-com-descontos-de-ate-95\/#primaryimage\",\"url\":\"https:\/\/noticiaempauta.com\/portal\/wp-content\/uploads\/2024\/11\/image_assessoria.jpg\",\"contentUrl\":\"https:\/\/noticiaempauta.com\/portal\/wp-content\/uploads\/2024\/11\/image_assessoria.jpg\",\"width\":600,\"height\":399,\"caption\":\"(Foto: Ascom\/Alepi)\"},{\"@type\":\"BreadcrumbList\",\"@id\":\"https:\/\/noticiaempauta.com\/portal\/alepi-aprova-mensagem-do-governo-do-estado-instituindo-o-refis-com-descontos-de-ate-95\/#breadcrumb\",\"itemListElement\":[{\"@type\":\"ListItem\",\"position\":1,\"name\":\"P\u00e1gina Inicial\",\"item\":\"https:\/\/noticiaempauta.com\/portal\/\"},{\"@type\":\"ListItem\",\"position\":2,\"name\":\"Destaques\",\"item\":\"https:\/\/noticiaempauta.com\/portal\/destaques-site\/\"},{\"@type\":\"ListItem\",\"position\":3,\"name\":\"Alepi aprova mensagem do Governo do Estado instituindo o Refis com descontos de at\u00e9 95%\"}]},{\"@type\":\"WebSite\",\"@id\":\"https:\/\/noticiaempauta.com\/portal\/#website\",\"url\":\"https:\/\/noticiaempauta.com\/portal\/\",\"name\":\"Portal Not\u00edcia em Pauta\",\"description\":\"Voc\u00ea bem informado\",\"publisher\":{\"@id\":\"https:\/\/noticiaempauta.com\/portal\/#organization\"},\"potentialAction\":[{\"@type\":\"SearchAction\",\"target\":{\"@type\":\"EntryPoint\",\"urlTemplate\":\"https:\/\/noticiaempauta.com\/portal\/?s={search_term_string}\"},\"query-input\":{\"@type\":\"PropertyValueSpecification\",\"valueRequired\":true,\"valueName\":\"search_term_string\"}}],\"inLanguage\":\"pt-BR\"},{\"@type\":\"Organization\",\"@id\":\"https:\/\/noticiaempauta.com\/portal\/#organization\",\"name\":\"Portal Not\u00edcia em Pauta\",\"url\":\"https:\/\/noticiaempauta.com\/portal\/\",\"logo\":{\"@type\":\"ImageObject\",\"inLanguage\":\"pt-BR\",\"@id\":\"https:\/\/noticiaempauta.com\/portal\/#\/schema\/logo\/image\/\",\"url\":\"https:\/\/noticiaempauta.com\/portal\/wp-content\/uploads\/2022\/08\/logomarca_tema.fw_.png\",\"contentUrl\":\"https:\/\/noticiaempauta.com\/portal\/wp-content\/uploads\/2022\/08\/logomarca_tema.fw_.png\",\"width\":400,\"height\":232,\"caption\":\"Portal Not\u00edcia em Pauta\"},\"image\":{\"@id\":\"https:\/\/noticiaempauta.com\/portal\/#\/schema\/logo\/image\/\"},\"sameAs\":[\"https:\/\/www.facebook.com\/Portal-Notcia-Em-Pauta-102292869264820\/\",\"https:\/\/www.instagram.com\/portalnoticiaempauta\/\"]},{\"@type\":\"Person\",\"@id\":\"https:\/\/noticiaempauta.com\/portal\/#\/schema\/person\/a74af43dd1ab3deca45f988c717d57ac\",\"name\":\"Reda\u00e7\u00e3o\",\"image\":{\"@type\":\"ImageObject\",\"inLanguage\":\"pt-BR\",\"@id\":\"https:\/\/noticiaempauta.com\/portal\/#\/schema\/person\/image\/\",\"url\":\"https:\/\/secure.gravatar.com\/avatar\/03179346ecce6cdfc13361603e8f54242a90e5cde8618fa23c5c00aa2b0aadf3?s=96&d=mm&r=g\",\"contentUrl\":\"https:\/\/secure.gravatar.com\/avatar\/03179346ecce6cdfc13361603e8f54242a90e5cde8618fa23c5c00aa2b0aadf3?s=96&d=mm&r=g\",\"caption\":\"Reda\u00e7\u00e3o\"},\"sameAs\":[\"https:\/\/noticiaempauta.com\/portal\/\"],\"url\":\"https:\/\/noticiaempauta.com\/portal\/author\/fernando\/\"}]}<\/script>\n<!-- \/ Yoast SEO Premium plugin. -->","yoast_head_json":{"title":"Alepi aprova mensagem do Governo do Estado instituindo o Refis com descontos de at\u00e9 95% - Portal Not\u00edcia em Pauta","robots":{"index":"index","follow":"follow","max-snippet":"max-snippet:-1","max-image-preview":"max-image-preview:large","max-video-preview":"max-video-preview:-1"},"canonical":"https:\/\/noticiaempauta.com\/portal\/alepi-aprova-mensagem-do-governo-do-estado-instituindo-o-refis-com-descontos-de-ate-95\/","og_locale":"pt_BR","og_type":"article","og_title":"Alepi aprova mensagem do Governo do Estado instituindo o Refis com descontos de at\u00e9 95%","og_description":"O projeto foi aprovado pela Assembleia Legislativa nesta ter\u00e7a-feira (12) e segue para san\u00e7\u00e3o do governador Rafael Fonteles.","og_url":"https:\/\/noticiaempauta.com\/portal\/alepi-aprova-mensagem-do-governo-do-estado-instituindo-o-refis-com-descontos-de-ate-95\/","og_site_name":"Portal Not\u00edcia em Pauta","article_publisher":"https:\/\/www.facebook.com\/Portal-Notcia-Em-Pauta-102292869264820\/","article_published_time":"2024-11-13T12:19:27+00:00","article_modified_time":"2024-11-13T12:19:28+00:00","og_image":[{"width":600,"height":399,"url":"https:\/\/noticiaempauta.com\/portal\/wp-content\/uploads\/2024\/11\/image_assessoria.jpg","type":"image\/jpeg"}],"author":"Reda\u00e7\u00e3o","twitter_card":"summary_large_image","twitter_misc":{"Escrito por":"Reda\u00e7\u00e3o","Est. tempo de leitura":"4 minutos"},"schema":{"@context":"https:\/\/schema.org","@graph":[{"@type":"Article","@id":"https:\/\/noticiaempauta.com\/portal\/alepi-aprova-mensagem-do-governo-do-estado-instituindo-o-refis-com-descontos-de-ate-95\/#article","isPartOf":{"@id":"https:\/\/noticiaempauta.com\/portal\/alepi-aprova-mensagem-do-governo-do-estado-instituindo-o-refis-com-descontos-de-ate-95\/"},"author":{"name":"Reda\u00e7\u00e3o","@id":"https:\/\/noticiaempauta.com\/portal\/#\/schema\/person\/a74af43dd1ab3deca45f988c717d57ac"},"headline":"Alepi aprova mensagem do Governo do Estado instituindo o Refis com descontos de at\u00e9 95%","datePublished":"2024-11-13T12:19:27+00:00","dateModified":"2024-11-13T12:19:28+00:00","mainEntityOfPage":{"@id":"https:\/\/noticiaempauta.com\/portal\/alepi-aprova-mensagem-do-governo-do-estado-instituindo-o-refis-com-descontos-de-ate-95\/"},"wordCount":565,"commentCount":0,"publisher":{"@id":"https:\/\/noticiaempauta.com\/portal\/#organization"},"image":{"@id":"https:\/\/noticiaempauta.com\/portal\/alepi-aprova-mensagem-do-governo-do-estado-instituindo-o-refis-com-descontos-de-ate-95\/#primaryimage"},"thumbnailUrl":"https:\/\/noticiaempauta.com\/portal\/wp-content\/uploads\/2024\/11\/image_assessoria.jpg","keywords":["destaqueprincipal"],"articleSection":["Destaques","Geral","Todas as Not\u00edcias"],"inLanguage":"pt-BR","potentialAction":[{"@type":"CommentAction","name":"Comment","target":["https:\/\/noticiaempauta.com\/portal\/alepi-aprova-mensagem-do-governo-do-estado-instituindo-o-refis-com-descontos-de-ate-95\/#respond"]}]},{"@type":"WebPage","@id":"https:\/\/noticiaempauta.com\/portal\/alepi-aprova-mensagem-do-governo-do-estado-instituindo-o-refis-com-descontos-de-ate-95\/","url":"https:\/\/noticiaempauta.com\/portal\/alepi-aprova-mensagem-do-governo-do-estado-instituindo-o-refis-com-descontos-de-ate-95\/","name":"Alepi aprova mensagem do Governo do Estado instituindo o Refis com descontos de at\u00e9 95% - Portal Not\u00edcia em Pauta","isPartOf":{"@id":"https:\/\/noticiaempauta.com\/portal\/#website"},"primaryImageOfPage":{"@id":"https:\/\/noticiaempauta.com\/portal\/alepi-aprova-mensagem-do-governo-do-estado-instituindo-o-refis-com-descontos-de-ate-95\/#primaryimage"},"image":{"@id":"https:\/\/noticiaempauta.com\/portal\/alepi-aprova-mensagem-do-governo-do-estado-instituindo-o-refis-com-descontos-de-ate-95\/#primaryimage"},"thumbnailUrl":"https:\/\/noticiaempauta.com\/portal\/wp-content\/uploads\/2024\/11\/image_assessoria.jpg","datePublished":"2024-11-13T12:19:27+00:00","dateModified":"2024-11-13T12:19:28+00:00","breadcrumb":{"@id":"https:\/\/noticiaempauta.com\/portal\/alepi-aprova-mensagem-do-governo-do-estado-instituindo-o-refis-com-descontos-de-ate-95\/#breadcrumb"},"inLanguage":"pt-BR","potentialAction":[{"@type":"ReadAction","target":["https:\/\/noticiaempauta.com\/portal\/alepi-aprova-mensagem-do-governo-do-estado-instituindo-o-refis-com-descontos-de-ate-95\/"]}]},{"@type":"ImageObject","inLanguage":"pt-BR","@id":"https:\/\/noticiaempauta.com\/portal\/alepi-aprova-mensagem-do-governo-do-estado-instituindo-o-refis-com-descontos-de-ate-95\/#primaryimage","url":"https:\/\/noticiaempauta.com\/portal\/wp-content\/uploads\/2024\/11\/image_assessoria.jpg","contentUrl":"https:\/\/noticiaempauta.com\/portal\/wp-content\/uploads\/2024\/11\/image_assessoria.jpg","width":600,"height":399,"caption":"(Foto: Ascom\/Alepi)"},{"@type":"BreadcrumbList","@id":"https:\/\/noticiaempauta.com\/portal\/alepi-aprova-mensagem-do-governo-do-estado-instituindo-o-refis-com-descontos-de-ate-95\/#breadcrumb","itemListElement":[{"@type":"ListItem","position":1,"name":"P\u00e1gina Inicial","item":"https:\/\/noticiaempauta.com\/portal\/"},{"@type":"ListItem","position":2,"name":"Destaques","item":"https:\/\/noticiaempauta.com\/portal\/destaques-site\/"},{"@type":"ListItem","position":3,"name":"Alepi aprova mensagem do Governo do Estado instituindo o Refis com descontos de at\u00e9 95%"}]},{"@type":"WebSite","@id":"https:\/\/noticiaempauta.com\/portal\/#website","url":"https:\/\/noticiaempauta.com\/portal\/","name":"Portal Not\u00edcia em Pauta","description":"Voc\u00ea bem informado","publisher":{"@id":"https:\/\/noticiaempauta.com\/portal\/#organization"},"potentialAction":[{"@type":"SearchAction","target":{"@type":"EntryPoint","urlTemplate":"https:\/\/noticiaempauta.com\/portal\/?s={search_term_string}"},"query-input":{"@type":"PropertyValueSpecification","valueRequired":true,"valueName":"search_term_string"}}],"inLanguage":"pt-BR"},{"@type":"Organization","@id":"https:\/\/noticiaempauta.com\/portal\/#organization","name":"Portal Not\u00edcia em Pauta","url":"https:\/\/noticiaempauta.com\/portal\/","logo":{"@type":"ImageObject","inLanguage":"pt-BR","@id":"https:\/\/noticiaempauta.com\/portal\/#\/schema\/logo\/image\/","url":"https:\/\/noticiaempauta.com\/portal\/wp-content\/uploads\/2022\/08\/logomarca_tema.fw_.png","contentUrl":"https:\/\/noticiaempauta.com\/portal\/wp-content\/uploads\/2022\/08\/logomarca_tema.fw_.png","width":400,"height":232,"caption":"Portal Not\u00edcia em Pauta"},"image":{"@id":"https:\/\/noticiaempauta.com\/portal\/#\/schema\/logo\/image\/"},"sameAs":["https:\/\/www.facebook.com\/Portal-Notcia-Em-Pauta-102292869264820\/","https:\/\/www.instagram.com\/portalnoticiaempauta\/"]},{"@type":"Person","@id":"https:\/\/noticiaempauta.com\/portal\/#\/schema\/person\/a74af43dd1ab3deca45f988c717d57ac","name":"Reda\u00e7\u00e3o","image":{"@type":"ImageObject","inLanguage":"pt-BR","@id":"https:\/\/noticiaempauta.com\/portal\/#\/schema\/person\/image\/","url":"https:\/\/secure.gravatar.com\/avatar\/03179346ecce6cdfc13361603e8f54242a90e5cde8618fa23c5c00aa2b0aadf3?s=96&d=mm&r=g","contentUrl":"https:\/\/secure.gravatar.com\/avatar\/03179346ecce6cdfc13361603e8f54242a90e5cde8618fa23c5c00aa2b0aadf3?s=96&d=mm&r=g","caption":"Reda\u00e7\u00e3o"},"sameAs":["https:\/\/noticiaempauta.com\/portal\/"],"url":"https:\/\/noticiaempauta.com\/portal\/author\/fernando\/"}]}},"_links":{"self":[{"href":"https:\/\/noticiaempauta.com\/portal\/wp-json\/wp\/v2\/posts\/263987","targetHints":{"allow":["GET"]}}],"collection":[{"href":"https:\/\/noticiaempauta.com\/portal\/wp-json\/wp\/v2\/posts"}],"about":[{"href":"https:\/\/noticiaempauta.com\/portal\/wp-json\/wp\/v2\/types\/post"}],"author":[{"embeddable":true,"href":"https:\/\/noticiaempauta.com\/portal\/wp-json\/wp\/v2\/users\/2"}],"replies":[{"embeddable":true,"href":"https:\/\/noticiaempauta.com\/portal\/wp-json\/wp\/v2\/comments?post=263987"}],"version-history":[{"count":2,"href":"https:\/\/noticiaempauta.com\/portal\/wp-json\/wp\/v2\/posts\/263987\/revisions"}],"predecessor-version":[{"id":263990,"href":"https:\/\/noticiaempauta.com\/portal\/wp-json\/wp\/v2\/posts\/263987\/revisions\/263990"}],"wp:featuredmedia":[{"embeddable":true,"href":"https:\/\/noticiaempauta.com\/portal\/wp-json\/wp\/v2\/media\/263988"}],"wp:attachment":[{"href":"https:\/\/noticiaempauta.com\/portal\/wp-json\/wp\/v2\/media?parent=263987"}],"wp:term":[{"taxonomy":"category","embeddable":true,"href":"https:\/\/noticiaempauta.com\/portal\/wp-json\/wp\/v2\/categories?post=263987"},{"taxonomy":"post_tag","embeddable":true,"href":"https:\/\/noticiaempauta.com\/portal\/wp-json\/wp\/v2\/tags?post=263987"}],"curies":[{"name":"wp","href":"https:\/\/api.w.org\/{rel}","templated":true}]}}