{"id":263991,"date":"2024-11-13T09:26:27","date_gmt":"2024-11-13T12:26:27","guid":{"rendered":"https:\/\/noticiaempauta.com\/portal\/?p=263991"},"modified":"2024-11-13T09:27:10","modified_gmt":"2024-11-13T12:27:10","slug":"em-pio-ix-residencia-de-ex-prefeito-e-alvo-de-ataque-pela-segunda-vez-em-menos-de-48h","status":"publish","type":"post","link":"https:\/\/noticiaempauta.com\/portal\/em-pio-ix-residencia-de-ex-prefeito-e-alvo-de-ataque-pela-segunda-vez-em-menos-de-48h\/","title":{"rendered":"Em Pio IX, resid\u00eancia de ex-prefeito \u00e9 alvo de ataque pela segunda vez em menos de 48h"},"content":{"rendered":"\n<p>Mais um ato criminoso aconteceu em Pio IX tendo o mesmo alvo: a casa do ex-prefeito Humberto Arraes. O fato aconteceu na noite desta ter\u00e7a-feira, 12, por das 20h.<\/p>\n\n\n\n<p>A v\u00edtima confirmou o novo ataque e destacou que as caracter\u00edsticas s\u00e3o iguais \u00e0s outras tr\u00eas vezes.<\/p>\n\n\n\n<figure class=\"wp-block-image size-full\"><img fetchpriority=\"high\" decoding=\"async\" width=\"1024\" height=\"768\" src=\"https:\/\/noticiaempauta.com\/portal\/wp-content\/uploads\/2024\/11\/ATAQUE-A-CASA.webp\" alt=\"\" class=\"wp-image-263993\" srcset=\"https:\/\/noticiaempauta.com\/portal\/wp-content\/uploads\/2024\/11\/ATAQUE-A-CASA.webp 1024w, https:\/\/noticiaempauta.com\/portal\/wp-content\/uploads\/2024\/11\/ATAQUE-A-CASA-300x225.webp 300w, https:\/\/noticiaempauta.com\/portal\/wp-content\/uploads\/2024\/11\/ATAQUE-A-CASA-768x576.webp 768w\" sizes=\"(max-width: 1024px) 100vw, 1024px\" \/><\/figure>\n\n\n\n<p>A Pol\u00edcia Civil de Pio IX em contato com o Cidadesnanet.com informou que as investiga\u00e7\u00f5es est\u00e3o em andamento e que a per\u00edcia forense est\u00e1 em trabalho.<\/p>\n\n\n\n<p>Uma equipe da For\u00e7a Estadual Integrada de Seguran\u00e7a P\u00fablica (FEISP) j\u00e1 foi designada pela Secretaria de Seguran\u00e7a P\u00fablica do Estado para refor\u00e7ar a seguran\u00e7a no local.<\/p>\n\n\n\n<figure class=\"wp-block-image size-full\"><img decoding=\"async\" width=\"768\" height=\"699\" src=\"https:\/\/noticiaempauta.com\/portal\/wp-content\/uploads\/2024\/11\/3bda9bf6-9dd2-4798-a704-0bf836add832-768x1024-1.jpeg\" alt=\"\" class=\"wp-image-263992\" srcset=\"https:\/\/noticiaempauta.com\/portal\/wp-content\/uploads\/2024\/11\/3bda9bf6-9dd2-4798-a704-0bf836add832-768x1024-1.jpeg 768w, https:\/\/noticiaempauta.com\/portal\/wp-content\/uploads\/2024\/11\/3bda9bf6-9dd2-4798-a704-0bf836add832-768x1024-1-300x273.jpeg 300w\" sizes=\"(max-width: 768px) 100vw, 768px\" \/><\/figure>\n\n\n\n<p>Na madrugada desta \u00faltima segunda-feira, 11, a resid\u00eancia foi atingida e v\u00e1rias cadeiras ficaram queimadas com o ato criminoso. Esse \u00e9 o quarto ataque somente de agosto a novembro deste ano, e o segundo em menos de 48 horas.<\/p>\n\n\n\n<p>Ainda nessa segunda-feira (11), o prefeito Silas Noronha e a C\u00e2mara de Vereadores se manifestaram pedindo provid\u00eancias \u00e0 autoridades estaduais.<\/p>\n\n\n\n<p>Fonte e Fotos: CidadesnaNet<\/p>\n","protected":false},"excerpt":{"rendered":"<p>Mais um ato criminoso aconteceu em Pio IX tendo o mesmo alvo: a casa do ex-prefeito Humberto Arraes. O fato aconteceu na noite desta ter\u00e7a-feira, 12, por das 20h. A v\u00edtima confirmou o novo ataque e destacou que as caracter\u00edsticas s\u00e3o iguais \u00e0s outras tr\u00eas vezes. A Pol\u00edcia Civil de Pio IX em contato com [&hellip;]<\/p>\n","protected":false},"author":2,"featured_media":263992,"comment_status":"open","ping_status":"open","sticky":false,"template":"","format":"standard","meta":{"_mi_skip_tracking":false,"footnotes":""},"categories":[25,1,9,137,16],"tags":[192],"class_list":["post-263991","post","type-post","status-publish","format-standard","has-post-thumbnail","hentry","category-destaques-site","category-geral","category-municipios","category-policia","category-todas","tag-destaqueprincipal"],"acf":[],"yoast_head":"<!-- This site is optimized with the Yoast SEO Premium plugin v19.2 (Yoast SEO v26.9) - https:\/\/yoast.com\/product\/yoast-seo-premium-wordpress\/ -->\n<title>Em Pio IX, resid\u00eancia de ex-prefeito \u00e9 alvo de ataque pela segunda vez em menos de 48h - Portal Not\u00edcia em Pauta<\/title>\n<meta name=\"robots\" content=\"index, follow, max-snippet:-1, max-image-preview:large, max-video-preview:-1\" \/>\n<link rel=\"canonical\" href=\"https:\/\/noticiaempauta.com\/portal\/em-pio-ix-residencia-de-ex-prefeito-e-alvo-de-ataque-pela-segunda-vez-em-menos-de-48h\/\" \/>\n<meta property=\"og:locale\" content=\"pt_BR\" \/>\n<meta property=\"og:type\" content=\"article\" \/>\n<meta property=\"og:title\" content=\"Em Pio IX, resid\u00eancia de ex-prefeito \u00e9 alvo de ataque pela segunda vez em menos de 48h\" \/>\n<meta property=\"og:description\" content=\"Mais um ato criminoso aconteceu em Pio IX tendo o mesmo alvo: a casa do ex-prefeito Humberto Arraes. O fato aconteceu na noite desta ter\u00e7a-feira, 12, por das 20h. A v\u00edtima confirmou o novo ataque e destacou que as caracter\u00edsticas s\u00e3o iguais \u00e0s outras tr\u00eas vezes. A Pol\u00edcia Civil de Pio IX em contato com [&hellip;]\" \/>\n<meta property=\"og:url\" content=\"https:\/\/noticiaempauta.com\/portal\/em-pio-ix-residencia-de-ex-prefeito-e-alvo-de-ataque-pela-segunda-vez-em-menos-de-48h\/\" \/>\n<meta property=\"og:site_name\" content=\"Portal Not\u00edcia em Pauta\" \/>\n<meta property=\"article:publisher\" content=\"https:\/\/www.facebook.com\/Portal-Notcia-Em-Pauta-102292869264820\/\" \/>\n<meta property=\"article:published_time\" content=\"2024-11-13T12:26:27+00:00\" \/>\n<meta property=\"article:modified_time\" content=\"2024-11-13T12:27:10+00:00\" \/>\n<meta property=\"og:image\" content=\"https:\/\/noticiaempauta.com\/portal\/wp-content\/uploads\/2024\/11\/3bda9bf6-9dd2-4798-a704-0bf836add832-768x1024-1.jpeg\" \/>\n\t<meta property=\"og:image:width\" content=\"768\" \/>\n\t<meta property=\"og:image:height\" content=\"699\" \/>\n\t<meta property=\"og:image:type\" content=\"image\/jpeg\" \/>\n<meta name=\"author\" content=\"Reda\u00e7\u00e3o\" \/>\n<meta name=\"twitter:card\" content=\"summary_large_image\" \/>\n<meta name=\"twitter:label1\" content=\"Escrito por\" \/>\n\t<meta name=\"twitter:data1\" content=\"Reda\u00e7\u00e3o\" \/>\n\t<meta name=\"twitter:label2\" content=\"Est. tempo de leitura\" \/>\n\t<meta name=\"twitter:data2\" content=\"2 minutos\" \/>\n<script type=\"application\/ld+json\" class=\"yoast-schema-graph\">{\"@context\":\"https:\/\/schema.org\",\"@graph\":[{\"@type\":\"Article\",\"@id\":\"https:\/\/noticiaempauta.com\/portal\/em-pio-ix-residencia-de-ex-prefeito-e-alvo-de-ataque-pela-segunda-vez-em-menos-de-48h\/#article\",\"isPartOf\":{\"@id\":\"https:\/\/noticiaempauta.com\/portal\/em-pio-ix-residencia-de-ex-prefeito-e-alvo-de-ataque-pela-segunda-vez-em-menos-de-48h\/\"},\"author\":{\"name\":\"Reda\u00e7\u00e3o\",\"@id\":\"https:\/\/noticiaempauta.com\/portal\/#\/schema\/person\/a74af43dd1ab3deca45f988c717d57ac\"},\"headline\":\"Em Pio IX, resid\u00eancia de ex-prefeito \u00e9 alvo de ataque pela segunda vez em menos de 48h\",\"datePublished\":\"2024-11-13T12:26:27+00:00\",\"dateModified\":\"2024-11-13T12:27:10+00:00\",\"mainEntityOfPage\":{\"@id\":\"https:\/\/noticiaempauta.com\/portal\/em-pio-ix-residencia-de-ex-prefeito-e-alvo-de-ataque-pela-segunda-vez-em-menos-de-48h\/\"},\"wordCount\":193,\"commentCount\":0,\"publisher\":{\"@id\":\"https:\/\/noticiaempauta.com\/portal\/#organization\"},\"image\":{\"@id\":\"https:\/\/noticiaempauta.com\/portal\/em-pio-ix-residencia-de-ex-prefeito-e-alvo-de-ataque-pela-segunda-vez-em-menos-de-48h\/#primaryimage\"},\"thumbnailUrl\":\"https:\/\/noticiaempauta.com\/portal\/wp-content\/uploads\/2024\/11\/3bda9bf6-9dd2-4798-a704-0bf836add832-768x1024-1.jpeg\",\"keywords\":[\"destaqueprincipal\"],\"articleSection\":[\"Destaques\",\"Geral\",\"Munic\u00edpios\",\"Pol\u00edcia\",\"Todas as Not\u00edcias\"],\"inLanguage\":\"pt-BR\",\"potentialAction\":[{\"@type\":\"CommentAction\",\"name\":\"Comment\",\"target\":[\"https:\/\/noticiaempauta.com\/portal\/em-pio-ix-residencia-de-ex-prefeito-e-alvo-de-ataque-pela-segunda-vez-em-menos-de-48h\/#respond\"]}]},{\"@type\":\"WebPage\",\"@id\":\"https:\/\/noticiaempauta.com\/portal\/em-pio-ix-residencia-de-ex-prefeito-e-alvo-de-ataque-pela-segunda-vez-em-menos-de-48h\/\",\"url\":\"https:\/\/noticiaempauta.com\/portal\/em-pio-ix-residencia-de-ex-prefeito-e-alvo-de-ataque-pela-segunda-vez-em-menos-de-48h\/\",\"name\":\"Em Pio IX, resid\u00eancia de ex-prefeito \u00e9 alvo de ataque pela segunda vez em menos de 48h - Portal Not\u00edcia em Pauta\",\"isPartOf\":{\"@id\":\"https:\/\/noticiaempauta.com\/portal\/#website\"},\"primaryImageOfPage\":{\"@id\":\"https:\/\/noticiaempauta.com\/portal\/em-pio-ix-residencia-de-ex-prefeito-e-alvo-de-ataque-pela-segunda-vez-em-menos-de-48h\/#primaryimage\"},\"image\":{\"@id\":\"https:\/\/noticiaempauta.com\/portal\/em-pio-ix-residencia-de-ex-prefeito-e-alvo-de-ataque-pela-segunda-vez-em-menos-de-48h\/#primaryimage\"},\"thumbnailUrl\":\"https:\/\/noticiaempauta.com\/portal\/wp-content\/uploads\/2024\/11\/3bda9bf6-9dd2-4798-a704-0bf836add832-768x1024-1.jpeg\",\"datePublished\":\"2024-11-13T12:26:27+00:00\",\"dateModified\":\"2024-11-13T12:27:10+00:00\",\"breadcrumb\":{\"@id\":\"https:\/\/noticiaempauta.com\/portal\/em-pio-ix-residencia-de-ex-prefeito-e-alvo-de-ataque-pela-segunda-vez-em-menos-de-48h\/#breadcrumb\"},\"inLanguage\":\"pt-BR\",\"potentialAction\":[{\"@type\":\"ReadAction\",\"target\":[\"https:\/\/noticiaempauta.com\/portal\/em-pio-ix-residencia-de-ex-prefeito-e-alvo-de-ataque-pela-segunda-vez-em-menos-de-48h\/\"]}]},{\"@type\":\"ImageObject\",\"inLanguage\":\"pt-BR\",\"@id\":\"https:\/\/noticiaempauta.com\/portal\/em-pio-ix-residencia-de-ex-prefeito-e-alvo-de-ataque-pela-segunda-vez-em-menos-de-48h\/#primaryimage\",\"url\":\"https:\/\/noticiaempauta.com\/portal\/wp-content\/uploads\/2024\/11\/3bda9bf6-9dd2-4798-a704-0bf836add832-768x1024-1.jpeg\",\"contentUrl\":\"https:\/\/noticiaempauta.com\/portal\/wp-content\/uploads\/2024\/11\/3bda9bf6-9dd2-4798-a704-0bf836add832-768x1024-1.jpeg\",\"width\":768,\"height\":699},{\"@type\":\"BreadcrumbList\",\"@id\":\"https:\/\/noticiaempauta.com\/portal\/em-pio-ix-residencia-de-ex-prefeito-e-alvo-de-ataque-pela-segunda-vez-em-menos-de-48h\/#breadcrumb\",\"itemListElement\":[{\"@type\":\"ListItem\",\"position\":1,\"name\":\"P\u00e1gina Inicial\",\"item\":\"https:\/\/noticiaempauta.com\/portal\/\"},{\"@type\":\"ListItem\",\"position\":2,\"name\":\"Geral\",\"item\":\"https:\/\/noticiaempauta.com\/portal\/geral\/\"},{\"@type\":\"ListItem\",\"position\":3,\"name\":\"Em Pio IX, resid\u00eancia de ex-prefeito \u00e9 alvo de ataque pela segunda vez em menos de 48h\"}]},{\"@type\":\"WebSite\",\"@id\":\"https:\/\/noticiaempauta.com\/portal\/#website\",\"url\":\"https:\/\/noticiaempauta.com\/portal\/\",\"name\":\"Portal Not\u00edcia em Pauta\",\"description\":\"Voc\u00ea bem informado\",\"publisher\":{\"@id\":\"https:\/\/noticiaempauta.com\/portal\/#organization\"},\"potentialAction\":[{\"@type\":\"SearchAction\",\"target\":{\"@type\":\"EntryPoint\",\"urlTemplate\":\"https:\/\/noticiaempauta.com\/portal\/?s={search_term_string}\"},\"query-input\":{\"@type\":\"PropertyValueSpecification\",\"valueRequired\":true,\"valueName\":\"search_term_string\"}}],\"inLanguage\":\"pt-BR\"},{\"@type\":\"Organization\",\"@id\":\"https:\/\/noticiaempauta.com\/portal\/#organization\",\"name\":\"Portal Not\u00edcia em Pauta\",\"url\":\"https:\/\/noticiaempauta.com\/portal\/\",\"logo\":{\"@type\":\"ImageObject\",\"inLanguage\":\"pt-BR\",\"@id\":\"https:\/\/noticiaempauta.com\/portal\/#\/schema\/logo\/image\/\",\"url\":\"https:\/\/noticiaempauta.com\/portal\/wp-content\/uploads\/2022\/08\/logomarca_tema.fw_.png\",\"contentUrl\":\"https:\/\/noticiaempauta.com\/portal\/wp-content\/uploads\/2022\/08\/logomarca_tema.fw_.png\",\"width\":400,\"height\":232,\"caption\":\"Portal Not\u00edcia em Pauta\"},\"image\":{\"@id\":\"https:\/\/noticiaempauta.com\/portal\/#\/schema\/logo\/image\/\"},\"sameAs\":[\"https:\/\/www.facebook.com\/Portal-Notcia-Em-Pauta-102292869264820\/\",\"https:\/\/www.instagram.com\/portalnoticiaempauta\/\"]},{\"@type\":\"Person\",\"@id\":\"https:\/\/noticiaempauta.com\/portal\/#\/schema\/person\/a74af43dd1ab3deca45f988c717d57ac\",\"name\":\"Reda\u00e7\u00e3o\",\"image\":{\"@type\":\"ImageObject\",\"inLanguage\":\"pt-BR\",\"@id\":\"https:\/\/noticiaempauta.com\/portal\/#\/schema\/person\/image\/\",\"url\":\"https:\/\/secure.gravatar.com\/avatar\/03179346ecce6cdfc13361603e8f54242a90e5cde8618fa23c5c00aa2b0aadf3?s=96&d=mm&r=g\",\"contentUrl\":\"https:\/\/secure.gravatar.com\/avatar\/03179346ecce6cdfc13361603e8f54242a90e5cde8618fa23c5c00aa2b0aadf3?s=96&d=mm&r=g\",\"caption\":\"Reda\u00e7\u00e3o\"},\"sameAs\":[\"https:\/\/noticiaempauta.com\/portal\/\"],\"url\":\"https:\/\/noticiaempauta.com\/portal\/author\/fernando\/\"}]}<\/script>\n<!-- \/ Yoast SEO Premium plugin. -->","yoast_head_json":{"title":"Em Pio IX, resid\u00eancia de ex-prefeito \u00e9 alvo de ataque pela segunda vez em menos de 48h - Portal Not\u00edcia em Pauta","robots":{"index":"index","follow":"follow","max-snippet":"max-snippet:-1","max-image-preview":"max-image-preview:large","max-video-preview":"max-video-preview:-1"},"canonical":"https:\/\/noticiaempauta.com\/portal\/em-pio-ix-residencia-de-ex-prefeito-e-alvo-de-ataque-pela-segunda-vez-em-menos-de-48h\/","og_locale":"pt_BR","og_type":"article","og_title":"Em Pio IX, resid\u00eancia de ex-prefeito \u00e9 alvo de ataque pela segunda vez em menos de 48h","og_description":"Mais um ato criminoso aconteceu em Pio IX tendo o mesmo alvo: a casa do ex-prefeito Humberto Arraes. O fato aconteceu na noite desta ter\u00e7a-feira, 12, por das 20h. A v\u00edtima confirmou o novo ataque e destacou que as caracter\u00edsticas s\u00e3o iguais \u00e0s outras tr\u00eas vezes. A Pol\u00edcia Civil de Pio IX em contato com [&hellip;]","og_url":"https:\/\/noticiaempauta.com\/portal\/em-pio-ix-residencia-de-ex-prefeito-e-alvo-de-ataque-pela-segunda-vez-em-menos-de-48h\/","og_site_name":"Portal Not\u00edcia em Pauta","article_publisher":"https:\/\/www.facebook.com\/Portal-Notcia-Em-Pauta-102292869264820\/","article_published_time":"2024-11-13T12:26:27+00:00","article_modified_time":"2024-11-13T12:27:10+00:00","og_image":[{"width":768,"height":699,"url":"https:\/\/noticiaempauta.com\/portal\/wp-content\/uploads\/2024\/11\/3bda9bf6-9dd2-4798-a704-0bf836add832-768x1024-1.jpeg","type":"image\/jpeg"}],"author":"Reda\u00e7\u00e3o","twitter_card":"summary_large_image","twitter_misc":{"Escrito por":"Reda\u00e7\u00e3o","Est. tempo de leitura":"2 minutos"},"schema":{"@context":"https:\/\/schema.org","@graph":[{"@type":"Article","@id":"https:\/\/noticiaempauta.com\/portal\/em-pio-ix-residencia-de-ex-prefeito-e-alvo-de-ataque-pela-segunda-vez-em-menos-de-48h\/#article","isPartOf":{"@id":"https:\/\/noticiaempauta.com\/portal\/em-pio-ix-residencia-de-ex-prefeito-e-alvo-de-ataque-pela-segunda-vez-em-menos-de-48h\/"},"author":{"name":"Reda\u00e7\u00e3o","@id":"https:\/\/noticiaempauta.com\/portal\/#\/schema\/person\/a74af43dd1ab3deca45f988c717d57ac"},"headline":"Em Pio IX, resid\u00eancia de ex-prefeito \u00e9 alvo de ataque pela segunda vez em menos de 48h","datePublished":"2024-11-13T12:26:27+00:00","dateModified":"2024-11-13T12:27:10+00:00","mainEntityOfPage":{"@id":"https:\/\/noticiaempauta.com\/portal\/em-pio-ix-residencia-de-ex-prefeito-e-alvo-de-ataque-pela-segunda-vez-em-menos-de-48h\/"},"wordCount":193,"commentCount":0,"publisher":{"@id":"https:\/\/noticiaempauta.com\/portal\/#organization"},"image":{"@id":"https:\/\/noticiaempauta.com\/portal\/em-pio-ix-residencia-de-ex-prefeito-e-alvo-de-ataque-pela-segunda-vez-em-menos-de-48h\/#primaryimage"},"thumbnailUrl":"https:\/\/noticiaempauta.com\/portal\/wp-content\/uploads\/2024\/11\/3bda9bf6-9dd2-4798-a704-0bf836add832-768x1024-1.jpeg","keywords":["destaqueprincipal"],"articleSection":["Destaques","Geral","Munic\u00edpios","Pol\u00edcia","Todas as Not\u00edcias"],"inLanguage":"pt-BR","potentialAction":[{"@type":"CommentAction","name":"Comment","target":["https:\/\/noticiaempauta.com\/portal\/em-pio-ix-residencia-de-ex-prefeito-e-alvo-de-ataque-pela-segunda-vez-em-menos-de-48h\/#respond"]}]},{"@type":"WebPage","@id":"https:\/\/noticiaempauta.com\/portal\/em-pio-ix-residencia-de-ex-prefeito-e-alvo-de-ataque-pela-segunda-vez-em-menos-de-48h\/","url":"https:\/\/noticiaempauta.com\/portal\/em-pio-ix-residencia-de-ex-prefeito-e-alvo-de-ataque-pela-segunda-vez-em-menos-de-48h\/","name":"Em Pio IX, resid\u00eancia de ex-prefeito \u00e9 alvo de ataque pela segunda vez em menos de 48h - Portal Not\u00edcia em Pauta","isPartOf":{"@id":"https:\/\/noticiaempauta.com\/portal\/#website"},"primaryImageOfPage":{"@id":"https:\/\/noticiaempauta.com\/portal\/em-pio-ix-residencia-de-ex-prefeito-e-alvo-de-ataque-pela-segunda-vez-em-menos-de-48h\/#primaryimage"},"image":{"@id":"https:\/\/noticiaempauta.com\/portal\/em-pio-ix-residencia-de-ex-prefeito-e-alvo-de-ataque-pela-segunda-vez-em-menos-de-48h\/#primaryimage"},"thumbnailUrl":"https:\/\/noticiaempauta.com\/portal\/wp-content\/uploads\/2024\/11\/3bda9bf6-9dd2-4798-a704-0bf836add832-768x1024-1.jpeg","datePublished":"2024-11-13T12:26:27+00:00","dateModified":"2024-11-13T12:27:10+00:00","breadcrumb":{"@id":"https:\/\/noticiaempauta.com\/portal\/em-pio-ix-residencia-de-ex-prefeito-e-alvo-de-ataque-pela-segunda-vez-em-menos-de-48h\/#breadcrumb"},"inLanguage":"pt-BR","potentialAction":[{"@type":"ReadAction","target":["https:\/\/noticiaempauta.com\/portal\/em-pio-ix-residencia-de-ex-prefeito-e-alvo-de-ataque-pela-segunda-vez-em-menos-de-48h\/"]}]},{"@type":"ImageObject","inLanguage":"pt-BR","@id":"https:\/\/noticiaempauta.com\/portal\/em-pio-ix-residencia-de-ex-prefeito-e-alvo-de-ataque-pela-segunda-vez-em-menos-de-48h\/#primaryimage","url":"https:\/\/noticiaempauta.com\/portal\/wp-content\/uploads\/2024\/11\/3bda9bf6-9dd2-4798-a704-0bf836add832-768x1024-1.jpeg","contentUrl":"https:\/\/noticiaempauta.com\/portal\/wp-content\/uploads\/2024\/11\/3bda9bf6-9dd2-4798-a704-0bf836add832-768x1024-1.jpeg","width":768,"height":699},{"@type":"BreadcrumbList","@id":"https:\/\/noticiaempauta.com\/portal\/em-pio-ix-residencia-de-ex-prefeito-e-alvo-de-ataque-pela-segunda-vez-em-menos-de-48h\/#breadcrumb","itemListElement":[{"@type":"ListItem","position":1,"name":"P\u00e1gina Inicial","item":"https:\/\/noticiaempauta.com\/portal\/"},{"@type":"ListItem","position":2,"name":"Geral","item":"https:\/\/noticiaempauta.com\/portal\/geral\/"},{"@type":"ListItem","position":3,"name":"Em Pio IX, resid\u00eancia de ex-prefeito \u00e9 alvo de ataque pela segunda vez em menos de 48h"}]},{"@type":"WebSite","@id":"https:\/\/noticiaempauta.com\/portal\/#website","url":"https:\/\/noticiaempauta.com\/portal\/","name":"Portal Not\u00edcia em Pauta","description":"Voc\u00ea bem informado","publisher":{"@id":"https:\/\/noticiaempauta.com\/portal\/#organization"},"potentialAction":[{"@type":"SearchAction","target":{"@type":"EntryPoint","urlTemplate":"https:\/\/noticiaempauta.com\/portal\/?s={search_term_string}"},"query-input":{"@type":"PropertyValueSpecification","valueRequired":true,"valueName":"search_term_string"}}],"inLanguage":"pt-BR"},{"@type":"Organization","@id":"https:\/\/noticiaempauta.com\/portal\/#organization","name":"Portal Not\u00edcia em Pauta","url":"https:\/\/noticiaempauta.com\/portal\/","logo":{"@type":"ImageObject","inLanguage":"pt-BR","@id":"https:\/\/noticiaempauta.com\/portal\/#\/schema\/logo\/image\/","url":"https:\/\/noticiaempauta.com\/portal\/wp-content\/uploads\/2022\/08\/logomarca_tema.fw_.png","contentUrl":"https:\/\/noticiaempauta.com\/portal\/wp-content\/uploads\/2022\/08\/logomarca_tema.fw_.png","width":400,"height":232,"caption":"Portal Not\u00edcia em Pauta"},"image":{"@id":"https:\/\/noticiaempauta.com\/portal\/#\/schema\/logo\/image\/"},"sameAs":["https:\/\/www.facebook.com\/Portal-Notcia-Em-Pauta-102292869264820\/","https:\/\/www.instagram.com\/portalnoticiaempauta\/"]},{"@type":"Person","@id":"https:\/\/noticiaempauta.com\/portal\/#\/schema\/person\/a74af43dd1ab3deca45f988c717d57ac","name":"Reda\u00e7\u00e3o","image":{"@type":"ImageObject","inLanguage":"pt-BR","@id":"https:\/\/noticiaempauta.com\/portal\/#\/schema\/person\/image\/","url":"https:\/\/secure.gravatar.com\/avatar\/03179346ecce6cdfc13361603e8f54242a90e5cde8618fa23c5c00aa2b0aadf3?s=96&d=mm&r=g","contentUrl":"https:\/\/secure.gravatar.com\/avatar\/03179346ecce6cdfc13361603e8f54242a90e5cde8618fa23c5c00aa2b0aadf3?s=96&d=mm&r=g","caption":"Reda\u00e7\u00e3o"},"sameAs":["https:\/\/noticiaempauta.com\/portal\/"],"url":"https:\/\/noticiaempauta.com\/portal\/author\/fernando\/"}]}},"_links":{"self":[{"href":"https:\/\/noticiaempauta.com\/portal\/wp-json\/wp\/v2\/posts\/263991","targetHints":{"allow":["GET"]}}],"collection":[{"href":"https:\/\/noticiaempauta.com\/portal\/wp-json\/wp\/v2\/posts"}],"about":[{"href":"https:\/\/noticiaempauta.com\/portal\/wp-json\/wp\/v2\/types\/post"}],"author":[{"embeddable":true,"href":"https:\/\/noticiaempauta.com\/portal\/wp-json\/wp\/v2\/users\/2"}],"replies":[{"embeddable":true,"href":"https:\/\/noticiaempauta.com\/portal\/wp-json\/wp\/v2\/comments?post=263991"}],"version-history":[{"count":4,"href":"https:\/\/noticiaempauta.com\/portal\/wp-json\/wp\/v2\/posts\/263991\/revisions"}],"predecessor-version":[{"id":263997,"href":"https:\/\/noticiaempauta.com\/portal\/wp-json\/wp\/v2\/posts\/263991\/revisions\/263997"}],"wp:featuredmedia":[{"embeddable":true,"href":"https:\/\/noticiaempauta.com\/portal\/wp-json\/wp\/v2\/media\/263992"}],"wp:attachment":[{"href":"https:\/\/noticiaempauta.com\/portal\/wp-json\/wp\/v2\/media?parent=263991"}],"wp:term":[{"taxonomy":"category","embeddable":true,"href":"https:\/\/noticiaempauta.com\/portal\/wp-json\/wp\/v2\/categories?post=263991"},{"taxonomy":"post_tag","embeddable":true,"href":"https:\/\/noticiaempauta.com\/portal\/wp-json\/wp\/v2\/tags?post=263991"}],"curies":[{"name":"wp","href":"https:\/\/api.w.org\/{rel}","templated":true}]}}