{"id":264002,"date":"2024-11-13T10:17:11","date_gmt":"2024-11-13T13:17:11","guid":{"rendered":"https:\/\/noticiaempauta.com\/portal\/?p=264002"},"modified":"2024-11-13T10:22:33","modified_gmt":"2024-11-13T13:22:33","slug":"em-brasilia-prefeito-clayton-barros-cumpre-agenda-em-busca-de-recursos-e-parcerias-para-paqueta-do-piaui","status":"publish","type":"post","link":"https:\/\/noticiaempauta.com\/portal\/em-brasilia-prefeito-clayton-barros-cumpre-agenda-em-busca-de-recursos-e-parcerias-para-paqueta-do-piaui\/","title":{"rendered":"Em Bras\u00edlia, prefeito Clayton Barros cumpre agenda em busca de recursos e parcerias para Paquet\u00e1 do Piau\u00ed"},"content":{"rendered":"\n<p>Em intensa agenda na capital federal durante essa semana, o prefeito do munic\u00edpio de Paquet\u00e1 do Piau\u00ed, Dr. Clayton Barros, juntamente com o Deputado Estadual Thales Coelho, estiveram em Bras\u00edlia reunidos com importantes autoridades da esfera federal, dentre elas o ministro Wellington Dias discutindo o desenvolvimento de Paquet\u00e1, buscando apoio do Minist\u00e9rio do Desenvolvimento e Assist\u00eancia Social.<\/p>\n\n\n\n<figure class=\"wp-block-image size-large\"><img fetchpriority=\"high\" decoding=\"async\" width=\"1024\" height=\"754\" src=\"https:\/\/noticiaempauta.com\/portal\/wp-content\/uploads\/2024\/11\/WhatsApp-Image-2024-11-13-at-09.54.34-1024x754.jpeg\" alt=\"\" class=\"wp-image-264004\" srcset=\"https:\/\/noticiaempauta.com\/portal\/wp-content\/uploads\/2024\/11\/WhatsApp-Image-2024-11-13-at-09.54.34-1024x754.jpeg 1024w, https:\/\/noticiaempauta.com\/portal\/wp-content\/uploads\/2024\/11\/WhatsApp-Image-2024-11-13-at-09.54.34-300x221.jpeg 300w, https:\/\/noticiaempauta.com\/portal\/wp-content\/uploads\/2024\/11\/WhatsApp-Image-2024-11-13-at-09.54.34-768x566.jpeg 768w, https:\/\/noticiaempauta.com\/portal\/wp-content\/uploads\/2024\/11\/WhatsApp-Image-2024-11-13-at-09.54.34.jpeg 1170w\" sizes=\"(max-width: 1024px) 100vw, 1024px\" \/><\/figure>\n\n\n\n<p>Na oportunidade tamb\u00e9m se reuniram com o presidente do INMETRO, engenheiro M\u00e1rcio Andr\u00e9 e o diretor Maycon Danylo. <\/p>\n\n\n\n<figure class=\"wp-block-image size-large\"><img decoding=\"async\" width=\"1024\" height=\"750\" src=\"https:\/\/noticiaempauta.com\/portal\/wp-content\/uploads\/2024\/11\/WhatsApp-Image-2024-11-13-at-10.04.25-1024x750.jpeg\" alt=\"\" class=\"wp-image-264005\" srcset=\"https:\/\/noticiaempauta.com\/portal\/wp-content\/uploads\/2024\/11\/WhatsApp-Image-2024-11-13-at-10.04.25-1024x750.jpeg 1024w, https:\/\/noticiaempauta.com\/portal\/wp-content\/uploads\/2024\/11\/WhatsApp-Image-2024-11-13-at-10.04.25-300x220.jpeg 300w, https:\/\/noticiaempauta.com\/portal\/wp-content\/uploads\/2024\/11\/WhatsApp-Image-2024-11-13-at-10.04.25-768x563.jpeg 768w, https:\/\/noticiaempauta.com\/portal\/wp-content\/uploads\/2024\/11\/WhatsApp-Image-2024-11-13-at-10.04.25.jpeg 1170w\" sizes=\"(max-width: 1024px) 100vw, 1024px\" \/><\/figure>\n\n\n\n<p>O prefeito Dr. Clayton e o deputado Thales Coelho tamb\u00e9m estiveram em audi\u00eancia com o senador Ciro Nogueira e os deputados federais J\u00falio C\u00e9sar e J\u00falio Arcoverde, para solicita\u00e7\u00e3o de projetos essenciais para o desenvolvimento do munic\u00edpio.<\/p>\n\n\n\n<figure class=\"wp-block-image size-large\"><img decoding=\"async\" width=\"1024\" height=\"755\" src=\"https:\/\/noticiaempauta.com\/portal\/wp-content\/uploads\/2024\/11\/WhatsApp-Image-2024-11-13-at-09.56.21-1024x755.jpeg\" alt=\"\" class=\"wp-image-264006\" srcset=\"https:\/\/noticiaempauta.com\/portal\/wp-content\/uploads\/2024\/11\/WhatsApp-Image-2024-11-13-at-09.56.21-1024x755.jpeg 1024w, https:\/\/noticiaempauta.com\/portal\/wp-content\/uploads\/2024\/11\/WhatsApp-Image-2024-11-13-at-09.56.21-300x221.jpeg 300w, https:\/\/noticiaempauta.com\/portal\/wp-content\/uploads\/2024\/11\/WhatsApp-Image-2024-11-13-at-09.56.21-768x566.jpeg 768w, https:\/\/noticiaempauta.com\/portal\/wp-content\/uploads\/2024\/11\/WhatsApp-Image-2024-11-13-at-09.56.21.jpeg 1170w\" sizes=\"(max-width: 1024px) 100vw, 1024px\" \/><\/figure>\n\n\n\n<figure class=\"wp-block-image size-large\"><img loading=\"lazy\" decoding=\"async\" width=\"1024\" height=\"820\" src=\"https:\/\/noticiaempauta.com\/portal\/wp-content\/uploads\/2024\/11\/WhatsApp-Image-2024-11-13-at-09.56.44-1024x820.jpeg\" alt=\"\" class=\"wp-image-264007\" srcset=\"https:\/\/noticiaempauta.com\/portal\/wp-content\/uploads\/2024\/11\/WhatsApp-Image-2024-11-13-at-09.56.44-1024x820.jpeg 1024w, https:\/\/noticiaempauta.com\/portal\/wp-content\/uploads\/2024\/11\/WhatsApp-Image-2024-11-13-at-09.56.44-300x240.jpeg 300w, https:\/\/noticiaempauta.com\/portal\/wp-content\/uploads\/2024\/11\/WhatsApp-Image-2024-11-13-at-09.56.44-768x615.jpeg 768w, https:\/\/noticiaempauta.com\/portal\/wp-content\/uploads\/2024\/11\/WhatsApp-Image-2024-11-13-at-09.56.44.jpeg 1170w\" sizes=\"(max-width: 1024px) 100vw, 1024px\" \/><\/figure>\n\n\n\n<figure class=\"wp-block-image size-large\"><img loading=\"lazy\" decoding=\"async\" width=\"1024\" height=\"697\" src=\"https:\/\/noticiaempauta.com\/portal\/wp-content\/uploads\/2024\/11\/WhatsApp-Image-2024-11-13-at-09.47.16-1024x697.jpeg\" alt=\"\" class=\"wp-image-264008\" srcset=\"https:\/\/noticiaempauta.com\/portal\/wp-content\/uploads\/2024\/11\/WhatsApp-Image-2024-11-13-at-09.47.16-1024x697.jpeg 1024w, https:\/\/noticiaempauta.com\/portal\/wp-content\/uploads\/2024\/11\/WhatsApp-Image-2024-11-13-at-09.47.16-300x204.jpeg 300w, https:\/\/noticiaempauta.com\/portal\/wp-content\/uploads\/2024\/11\/WhatsApp-Image-2024-11-13-at-09.47.16-768x523.jpeg 768w, https:\/\/noticiaempauta.com\/portal\/wp-content\/uploads\/2024\/11\/WhatsApp-Image-2024-11-13-at-09.47.16.jpeg 1170w\" sizes=\"(max-width: 1024px) 100vw, 1024px\" \/><\/figure>\n\n\n\n<p>&#8220;Agenda muito produtiva, com certeza voltaremos com muita esperan\u00e7a e satisfa\u00e7\u00e3o frente aos projetos e parcerias que viemos solicitar, agradecemos a acolhida em todos os \u00f3rg\u00e3os que visitamos e nossos representantes federais que prontamente nos receberam e ouviram nossas demandas, juntos e unidos, construiremos um futuro promissor para todos os paquetaenses\u201d comentou o prefeito Dr. Clayton Barros.<\/p>\n\n\n\n<figure class=\"wp-block-image size-large\"><img loading=\"lazy\" decoding=\"async\" width=\"1024\" height=\"794\" src=\"https:\/\/noticiaempauta.com\/portal\/wp-content\/uploads\/2024\/11\/WhatsApp-Image-2024-11-13-at-09.56.32-1024x794.jpeg\" alt=\"\" class=\"wp-image-264009\" srcset=\"https:\/\/noticiaempauta.com\/portal\/wp-content\/uploads\/2024\/11\/WhatsApp-Image-2024-11-13-at-09.56.32-1024x794.jpeg 1024w, https:\/\/noticiaempauta.com\/portal\/wp-content\/uploads\/2024\/11\/WhatsApp-Image-2024-11-13-at-09.56.32-300x233.jpeg 300w, https:\/\/noticiaempauta.com\/portal\/wp-content\/uploads\/2024\/11\/WhatsApp-Image-2024-11-13-at-09.56.32-768x595.jpeg 768w, https:\/\/noticiaempauta.com\/portal\/wp-content\/uploads\/2024\/11\/WhatsApp-Image-2024-11-13-at-09.56.32.jpeg 1170w\" sizes=\"(max-width: 1024px) 100vw, 1024px\" \/><\/figure>\n\n\n\n<figure class=\"wp-block-image size-large\"><img loading=\"lazy\" decoding=\"async\" width=\"1024\" height=\"658\" src=\"https:\/\/noticiaempauta.com\/portal\/wp-content\/uploads\/2024\/11\/WhatsApp-Image-2024-11-13-at-10.15.27-1024x658.jpeg\" alt=\"\" class=\"wp-image-264010\" srcset=\"https:\/\/noticiaempauta.com\/portal\/wp-content\/uploads\/2024\/11\/WhatsApp-Image-2024-11-13-at-10.15.27-1024x658.jpeg 1024w, https:\/\/noticiaempauta.com\/portal\/wp-content\/uploads\/2024\/11\/WhatsApp-Image-2024-11-13-at-10.15.27-300x193.jpeg 300w, https:\/\/noticiaempauta.com\/portal\/wp-content\/uploads\/2024\/11\/WhatsApp-Image-2024-11-13-at-10.15.27-768x494.jpeg 768w, https:\/\/noticiaempauta.com\/portal\/wp-content\/uploads\/2024\/11\/WhatsApp-Image-2024-11-13-at-10.15.27.jpeg 1170w\" sizes=\"(max-width: 1024px) 100vw, 1024px\" \/><\/figure>\n","protected":false},"excerpt":{"rendered":"<p>O gestor esteve acompanhado do deputado estadual Thales Coelho durante agenda na capital federal.<\/p>\n","protected":false},"author":2,"featured_media":264003,"comment_status":"open","ping_status":"open","sticky":false,"template":"","format":"standard","meta":{"_mi_skip_tracking":false,"footnotes":""},"categories":[25,9,16],"tags":[192],"class_list":["post-264002","post","type-post","status-publish","format-standard","has-post-thumbnail","hentry","category-destaques-site","category-municipios","category-todas","tag-destaqueprincipal"],"acf":[],"yoast_head":"<!-- This site is optimized with the Yoast SEO Premium plugin v19.2 (Yoast SEO v26.9) - https:\/\/yoast.com\/product\/yoast-seo-premium-wordpress\/ -->\n<title>Em Bras\u00edlia, prefeito Clayton Barros cumpre agenda em busca de recursos e parcerias para Paquet\u00e1 do Piau\u00ed - Portal Not\u00edcia em Pauta<\/title>\n<meta name=\"robots\" content=\"index, follow, max-snippet:-1, max-image-preview:large, max-video-preview:-1\" \/>\n<link rel=\"canonical\" href=\"https:\/\/noticiaempauta.com\/portal\/em-brasilia-prefeito-clayton-barros-cumpre-agenda-em-busca-de-recursos-e-parcerias-para-paqueta-do-piaui\/\" \/>\n<meta property=\"og:locale\" content=\"pt_BR\" \/>\n<meta property=\"og:type\" content=\"article\" \/>\n<meta property=\"og:title\" content=\"Em Bras\u00edlia, prefeito Clayton Barros cumpre agenda em busca de recursos e parcerias para Paquet\u00e1 do Piau\u00ed\" \/>\n<meta property=\"og:description\" content=\"O gestor esteve acompanhado do deputado estadual Thales Coelho durante agenda na capital federal.\" \/>\n<meta property=\"og:url\" content=\"https:\/\/noticiaempauta.com\/portal\/em-brasilia-prefeito-clayton-barros-cumpre-agenda-em-busca-de-recursos-e-parcerias-para-paqueta-do-piaui\/\" \/>\n<meta property=\"og:site_name\" content=\"Portal Not\u00edcia em Pauta\" \/>\n<meta property=\"article:publisher\" content=\"https:\/\/www.facebook.com\/Portal-Notcia-Em-Pauta-102292869264820\/\" \/>\n<meta property=\"article:published_time\" content=\"2024-11-13T13:17:11+00:00\" \/>\n<meta property=\"article:modified_time\" content=\"2024-11-13T13:22:33+00:00\" \/>\n<meta property=\"og:image\" content=\"https:\/\/noticiaempauta.com\/portal\/wp-content\/uploads\/2024\/11\/WhatsApp-Image-2024-11-13-at-09.53.02.jpeg\" \/>\n\t<meta property=\"og:image:width\" content=\"1280\" \/>\n\t<meta property=\"og:image:height\" content=\"735\" \/>\n\t<meta property=\"og:image:type\" content=\"image\/jpeg\" \/>\n<meta name=\"author\" content=\"Reda\u00e7\u00e3o\" \/>\n<meta name=\"twitter:card\" content=\"summary_large_image\" \/>\n<meta name=\"twitter:label1\" content=\"Escrito por\" \/>\n\t<meta name=\"twitter:data1\" content=\"Reda\u00e7\u00e3o\" \/>\n\t<meta name=\"twitter:label2\" content=\"Est. tempo de leitura\" \/>\n\t<meta name=\"twitter:data2\" content=\"3 minutos\" \/>\n<script type=\"application\/ld+json\" class=\"yoast-schema-graph\">{\"@context\":\"https:\/\/schema.org\",\"@graph\":[{\"@type\":\"Article\",\"@id\":\"https:\/\/noticiaempauta.com\/portal\/em-brasilia-prefeito-clayton-barros-cumpre-agenda-em-busca-de-recursos-e-parcerias-para-paqueta-do-piaui\/#article\",\"isPartOf\":{\"@id\":\"https:\/\/noticiaempauta.com\/portal\/em-brasilia-prefeito-clayton-barros-cumpre-agenda-em-busca-de-recursos-e-parcerias-para-paqueta-do-piaui\/\"},\"author\":{\"name\":\"Reda\u00e7\u00e3o\",\"@id\":\"https:\/\/noticiaempauta.com\/portal\/#\/schema\/person\/a74af43dd1ab3deca45f988c717d57ac\"},\"headline\":\"Em Bras\u00edlia, prefeito Clayton Barros cumpre agenda em busca de recursos e parcerias para Paquet\u00e1 do Piau\u00ed\",\"datePublished\":\"2024-11-13T13:17:11+00:00\",\"dateModified\":\"2024-11-13T13:22:33+00:00\",\"mainEntityOfPage\":{\"@id\":\"https:\/\/noticiaempauta.com\/portal\/em-brasilia-prefeito-clayton-barros-cumpre-agenda-em-busca-de-recursos-e-parcerias-para-paqueta-do-piaui\/\"},\"wordCount\":203,\"commentCount\":0,\"publisher\":{\"@id\":\"https:\/\/noticiaempauta.com\/portal\/#organization\"},\"image\":{\"@id\":\"https:\/\/noticiaempauta.com\/portal\/em-brasilia-prefeito-clayton-barros-cumpre-agenda-em-busca-de-recursos-e-parcerias-para-paqueta-do-piaui\/#primaryimage\"},\"thumbnailUrl\":\"https:\/\/noticiaempauta.com\/portal\/wp-content\/uploads\/2024\/11\/WhatsApp-Image-2024-11-13-at-09.53.02.jpeg\",\"keywords\":[\"destaqueprincipal\"],\"articleSection\":[\"Destaques\",\"Munic\u00edpios\",\"Todas as Not\u00edcias\"],\"inLanguage\":\"pt-BR\",\"potentialAction\":[{\"@type\":\"CommentAction\",\"name\":\"Comment\",\"target\":[\"https:\/\/noticiaempauta.com\/portal\/em-brasilia-prefeito-clayton-barros-cumpre-agenda-em-busca-de-recursos-e-parcerias-para-paqueta-do-piaui\/#respond\"]}]},{\"@type\":\"WebPage\",\"@id\":\"https:\/\/noticiaempauta.com\/portal\/em-brasilia-prefeito-clayton-barros-cumpre-agenda-em-busca-de-recursos-e-parcerias-para-paqueta-do-piaui\/\",\"url\":\"https:\/\/noticiaempauta.com\/portal\/em-brasilia-prefeito-clayton-barros-cumpre-agenda-em-busca-de-recursos-e-parcerias-para-paqueta-do-piaui\/\",\"name\":\"Em Bras\u00edlia, prefeito Clayton Barros cumpre agenda em busca de recursos e parcerias para Paquet\u00e1 do Piau\u00ed - Portal Not\u00edcia em Pauta\",\"isPartOf\":{\"@id\":\"https:\/\/noticiaempauta.com\/portal\/#website\"},\"primaryImageOfPage\":{\"@id\":\"https:\/\/noticiaempauta.com\/portal\/em-brasilia-prefeito-clayton-barros-cumpre-agenda-em-busca-de-recursos-e-parcerias-para-paqueta-do-piaui\/#primaryimage\"},\"image\":{\"@id\":\"https:\/\/noticiaempauta.com\/portal\/em-brasilia-prefeito-clayton-barros-cumpre-agenda-em-busca-de-recursos-e-parcerias-para-paqueta-do-piaui\/#primaryimage\"},\"thumbnailUrl\":\"https:\/\/noticiaempauta.com\/portal\/wp-content\/uploads\/2024\/11\/WhatsApp-Image-2024-11-13-at-09.53.02.jpeg\",\"datePublished\":\"2024-11-13T13:17:11+00:00\",\"dateModified\":\"2024-11-13T13:22:33+00:00\",\"breadcrumb\":{\"@id\":\"https:\/\/noticiaempauta.com\/portal\/em-brasilia-prefeito-clayton-barros-cumpre-agenda-em-busca-de-recursos-e-parcerias-para-paqueta-do-piaui\/#breadcrumb\"},\"inLanguage\":\"pt-BR\",\"potentialAction\":[{\"@type\":\"ReadAction\",\"target\":[\"https:\/\/noticiaempauta.com\/portal\/em-brasilia-prefeito-clayton-barros-cumpre-agenda-em-busca-de-recursos-e-parcerias-para-paqueta-do-piaui\/\"]}]},{\"@type\":\"ImageObject\",\"inLanguage\":\"pt-BR\",\"@id\":\"https:\/\/noticiaempauta.com\/portal\/em-brasilia-prefeito-clayton-barros-cumpre-agenda-em-busca-de-recursos-e-parcerias-para-paqueta-do-piaui\/#primaryimage\",\"url\":\"https:\/\/noticiaempauta.com\/portal\/wp-content\/uploads\/2024\/11\/WhatsApp-Image-2024-11-13-at-09.53.02.jpeg\",\"contentUrl\":\"https:\/\/noticiaempauta.com\/portal\/wp-content\/uploads\/2024\/11\/WhatsApp-Image-2024-11-13-at-09.53.02.jpeg\",\"width\":1280,\"height\":735},{\"@type\":\"BreadcrumbList\",\"@id\":\"https:\/\/noticiaempauta.com\/portal\/em-brasilia-prefeito-clayton-barros-cumpre-agenda-em-busca-de-recursos-e-parcerias-para-paqueta-do-piaui\/#breadcrumb\",\"itemListElement\":[{\"@type\":\"ListItem\",\"position\":1,\"name\":\"P\u00e1gina Inicial\",\"item\":\"https:\/\/noticiaempauta.com\/portal\/\"},{\"@type\":\"ListItem\",\"position\":2,\"name\":\"Destaques\",\"item\":\"https:\/\/noticiaempauta.com\/portal\/destaques-site\/\"},{\"@type\":\"ListItem\",\"position\":3,\"name\":\"Em Bras\u00edlia, prefeito Clayton Barros cumpre agenda em busca de recursos e parcerias para Paquet\u00e1 do Piau\u00ed\"}]},{\"@type\":\"WebSite\",\"@id\":\"https:\/\/noticiaempauta.com\/portal\/#website\",\"url\":\"https:\/\/noticiaempauta.com\/portal\/\",\"name\":\"Portal Not\u00edcia em Pauta\",\"description\":\"Voc\u00ea bem informado\",\"publisher\":{\"@id\":\"https:\/\/noticiaempauta.com\/portal\/#organization\"},\"potentialAction\":[{\"@type\":\"SearchAction\",\"target\":{\"@type\":\"EntryPoint\",\"urlTemplate\":\"https:\/\/noticiaempauta.com\/portal\/?s={search_term_string}\"},\"query-input\":{\"@type\":\"PropertyValueSpecification\",\"valueRequired\":true,\"valueName\":\"search_term_string\"}}],\"inLanguage\":\"pt-BR\"},{\"@type\":\"Organization\",\"@id\":\"https:\/\/noticiaempauta.com\/portal\/#organization\",\"name\":\"Portal Not\u00edcia em Pauta\",\"url\":\"https:\/\/noticiaempauta.com\/portal\/\",\"logo\":{\"@type\":\"ImageObject\",\"inLanguage\":\"pt-BR\",\"@id\":\"https:\/\/noticiaempauta.com\/portal\/#\/schema\/logo\/image\/\",\"url\":\"https:\/\/noticiaempauta.com\/portal\/wp-content\/uploads\/2022\/08\/logomarca_tema.fw_.png\",\"contentUrl\":\"https:\/\/noticiaempauta.com\/portal\/wp-content\/uploads\/2022\/08\/logomarca_tema.fw_.png\",\"width\":400,\"height\":232,\"caption\":\"Portal Not\u00edcia em Pauta\"},\"image\":{\"@id\":\"https:\/\/noticiaempauta.com\/portal\/#\/schema\/logo\/image\/\"},\"sameAs\":[\"https:\/\/www.facebook.com\/Portal-Notcia-Em-Pauta-102292869264820\/\",\"https:\/\/www.instagram.com\/portalnoticiaempauta\/\"]},{\"@type\":\"Person\",\"@id\":\"https:\/\/noticiaempauta.com\/portal\/#\/schema\/person\/a74af43dd1ab3deca45f988c717d57ac\",\"name\":\"Reda\u00e7\u00e3o\",\"image\":{\"@type\":\"ImageObject\",\"inLanguage\":\"pt-BR\",\"@id\":\"https:\/\/noticiaempauta.com\/portal\/#\/schema\/person\/image\/\",\"url\":\"https:\/\/secure.gravatar.com\/avatar\/03179346ecce6cdfc13361603e8f54242a90e5cde8618fa23c5c00aa2b0aadf3?s=96&d=mm&r=g\",\"contentUrl\":\"https:\/\/secure.gravatar.com\/avatar\/03179346ecce6cdfc13361603e8f54242a90e5cde8618fa23c5c00aa2b0aadf3?s=96&d=mm&r=g\",\"caption\":\"Reda\u00e7\u00e3o\"},\"sameAs\":[\"https:\/\/noticiaempauta.com\/portal\/\"],\"url\":\"https:\/\/noticiaempauta.com\/portal\/author\/fernando\/\"}]}<\/script>\n<!-- \/ Yoast SEO Premium plugin. -->","yoast_head_json":{"title":"Em Bras\u00edlia, prefeito Clayton Barros cumpre agenda em busca de recursos e parcerias para Paquet\u00e1 do Piau\u00ed - Portal Not\u00edcia em Pauta","robots":{"index":"index","follow":"follow","max-snippet":"max-snippet:-1","max-image-preview":"max-image-preview:large","max-video-preview":"max-video-preview:-1"},"canonical":"https:\/\/noticiaempauta.com\/portal\/em-brasilia-prefeito-clayton-barros-cumpre-agenda-em-busca-de-recursos-e-parcerias-para-paqueta-do-piaui\/","og_locale":"pt_BR","og_type":"article","og_title":"Em Bras\u00edlia, prefeito Clayton Barros cumpre agenda em busca de recursos e parcerias para Paquet\u00e1 do Piau\u00ed","og_description":"O gestor esteve acompanhado do deputado estadual Thales Coelho durante agenda na capital federal.","og_url":"https:\/\/noticiaempauta.com\/portal\/em-brasilia-prefeito-clayton-barros-cumpre-agenda-em-busca-de-recursos-e-parcerias-para-paqueta-do-piaui\/","og_site_name":"Portal Not\u00edcia em Pauta","article_publisher":"https:\/\/www.facebook.com\/Portal-Notcia-Em-Pauta-102292869264820\/","article_published_time":"2024-11-13T13:17:11+00:00","article_modified_time":"2024-11-13T13:22:33+00:00","og_image":[{"width":1280,"height":735,"url":"https:\/\/noticiaempauta.com\/portal\/wp-content\/uploads\/2024\/11\/WhatsApp-Image-2024-11-13-at-09.53.02.jpeg","type":"image\/jpeg"}],"author":"Reda\u00e7\u00e3o","twitter_card":"summary_large_image","twitter_misc":{"Escrito por":"Reda\u00e7\u00e3o","Est. tempo de leitura":"3 minutos"},"schema":{"@context":"https:\/\/schema.org","@graph":[{"@type":"Article","@id":"https:\/\/noticiaempauta.com\/portal\/em-brasilia-prefeito-clayton-barros-cumpre-agenda-em-busca-de-recursos-e-parcerias-para-paqueta-do-piaui\/#article","isPartOf":{"@id":"https:\/\/noticiaempauta.com\/portal\/em-brasilia-prefeito-clayton-barros-cumpre-agenda-em-busca-de-recursos-e-parcerias-para-paqueta-do-piaui\/"},"author":{"name":"Reda\u00e7\u00e3o","@id":"https:\/\/noticiaempauta.com\/portal\/#\/schema\/person\/a74af43dd1ab3deca45f988c717d57ac"},"headline":"Em Bras\u00edlia, prefeito Clayton Barros cumpre agenda em busca de recursos e parcerias para Paquet\u00e1 do Piau\u00ed","datePublished":"2024-11-13T13:17:11+00:00","dateModified":"2024-11-13T13:22:33+00:00","mainEntityOfPage":{"@id":"https:\/\/noticiaempauta.com\/portal\/em-brasilia-prefeito-clayton-barros-cumpre-agenda-em-busca-de-recursos-e-parcerias-para-paqueta-do-piaui\/"},"wordCount":203,"commentCount":0,"publisher":{"@id":"https:\/\/noticiaempauta.com\/portal\/#organization"},"image":{"@id":"https:\/\/noticiaempauta.com\/portal\/em-brasilia-prefeito-clayton-barros-cumpre-agenda-em-busca-de-recursos-e-parcerias-para-paqueta-do-piaui\/#primaryimage"},"thumbnailUrl":"https:\/\/noticiaempauta.com\/portal\/wp-content\/uploads\/2024\/11\/WhatsApp-Image-2024-11-13-at-09.53.02.jpeg","keywords":["destaqueprincipal"],"articleSection":["Destaques","Munic\u00edpios","Todas as Not\u00edcias"],"inLanguage":"pt-BR","potentialAction":[{"@type":"CommentAction","name":"Comment","target":["https:\/\/noticiaempauta.com\/portal\/em-brasilia-prefeito-clayton-barros-cumpre-agenda-em-busca-de-recursos-e-parcerias-para-paqueta-do-piaui\/#respond"]}]},{"@type":"WebPage","@id":"https:\/\/noticiaempauta.com\/portal\/em-brasilia-prefeito-clayton-barros-cumpre-agenda-em-busca-de-recursos-e-parcerias-para-paqueta-do-piaui\/","url":"https:\/\/noticiaempauta.com\/portal\/em-brasilia-prefeito-clayton-barros-cumpre-agenda-em-busca-de-recursos-e-parcerias-para-paqueta-do-piaui\/","name":"Em Bras\u00edlia, prefeito Clayton Barros cumpre agenda em busca de recursos e parcerias para Paquet\u00e1 do Piau\u00ed - Portal Not\u00edcia em Pauta","isPartOf":{"@id":"https:\/\/noticiaempauta.com\/portal\/#website"},"primaryImageOfPage":{"@id":"https:\/\/noticiaempauta.com\/portal\/em-brasilia-prefeito-clayton-barros-cumpre-agenda-em-busca-de-recursos-e-parcerias-para-paqueta-do-piaui\/#primaryimage"},"image":{"@id":"https:\/\/noticiaempauta.com\/portal\/em-brasilia-prefeito-clayton-barros-cumpre-agenda-em-busca-de-recursos-e-parcerias-para-paqueta-do-piaui\/#primaryimage"},"thumbnailUrl":"https:\/\/noticiaempauta.com\/portal\/wp-content\/uploads\/2024\/11\/WhatsApp-Image-2024-11-13-at-09.53.02.jpeg","datePublished":"2024-11-13T13:17:11+00:00","dateModified":"2024-11-13T13:22:33+00:00","breadcrumb":{"@id":"https:\/\/noticiaempauta.com\/portal\/em-brasilia-prefeito-clayton-barros-cumpre-agenda-em-busca-de-recursos-e-parcerias-para-paqueta-do-piaui\/#breadcrumb"},"inLanguage":"pt-BR","potentialAction":[{"@type":"ReadAction","target":["https:\/\/noticiaempauta.com\/portal\/em-brasilia-prefeito-clayton-barros-cumpre-agenda-em-busca-de-recursos-e-parcerias-para-paqueta-do-piaui\/"]}]},{"@type":"ImageObject","inLanguage":"pt-BR","@id":"https:\/\/noticiaempauta.com\/portal\/em-brasilia-prefeito-clayton-barros-cumpre-agenda-em-busca-de-recursos-e-parcerias-para-paqueta-do-piaui\/#primaryimage","url":"https:\/\/noticiaempauta.com\/portal\/wp-content\/uploads\/2024\/11\/WhatsApp-Image-2024-11-13-at-09.53.02.jpeg","contentUrl":"https:\/\/noticiaempauta.com\/portal\/wp-content\/uploads\/2024\/11\/WhatsApp-Image-2024-11-13-at-09.53.02.jpeg","width":1280,"height":735},{"@type":"BreadcrumbList","@id":"https:\/\/noticiaempauta.com\/portal\/em-brasilia-prefeito-clayton-barros-cumpre-agenda-em-busca-de-recursos-e-parcerias-para-paqueta-do-piaui\/#breadcrumb","itemListElement":[{"@type":"ListItem","position":1,"name":"P\u00e1gina Inicial","item":"https:\/\/noticiaempauta.com\/portal\/"},{"@type":"ListItem","position":2,"name":"Destaques","item":"https:\/\/noticiaempauta.com\/portal\/destaques-site\/"},{"@type":"ListItem","position":3,"name":"Em Bras\u00edlia, prefeito Clayton Barros cumpre agenda em busca de recursos e parcerias para Paquet\u00e1 do Piau\u00ed"}]},{"@type":"WebSite","@id":"https:\/\/noticiaempauta.com\/portal\/#website","url":"https:\/\/noticiaempauta.com\/portal\/","name":"Portal Not\u00edcia em Pauta","description":"Voc\u00ea bem informado","publisher":{"@id":"https:\/\/noticiaempauta.com\/portal\/#organization"},"potentialAction":[{"@type":"SearchAction","target":{"@type":"EntryPoint","urlTemplate":"https:\/\/noticiaempauta.com\/portal\/?s={search_term_string}"},"query-input":{"@type":"PropertyValueSpecification","valueRequired":true,"valueName":"search_term_string"}}],"inLanguage":"pt-BR"},{"@type":"Organization","@id":"https:\/\/noticiaempauta.com\/portal\/#organization","name":"Portal Not\u00edcia em Pauta","url":"https:\/\/noticiaempauta.com\/portal\/","logo":{"@type":"ImageObject","inLanguage":"pt-BR","@id":"https:\/\/noticiaempauta.com\/portal\/#\/schema\/logo\/image\/","url":"https:\/\/noticiaempauta.com\/portal\/wp-content\/uploads\/2022\/08\/logomarca_tema.fw_.png","contentUrl":"https:\/\/noticiaempauta.com\/portal\/wp-content\/uploads\/2022\/08\/logomarca_tema.fw_.png","width":400,"height":232,"caption":"Portal Not\u00edcia em Pauta"},"image":{"@id":"https:\/\/noticiaempauta.com\/portal\/#\/schema\/logo\/image\/"},"sameAs":["https:\/\/www.facebook.com\/Portal-Notcia-Em-Pauta-102292869264820\/","https:\/\/www.instagram.com\/portalnoticiaempauta\/"]},{"@type":"Person","@id":"https:\/\/noticiaempauta.com\/portal\/#\/schema\/person\/a74af43dd1ab3deca45f988c717d57ac","name":"Reda\u00e7\u00e3o","image":{"@type":"ImageObject","inLanguage":"pt-BR","@id":"https:\/\/noticiaempauta.com\/portal\/#\/schema\/person\/image\/","url":"https:\/\/secure.gravatar.com\/avatar\/03179346ecce6cdfc13361603e8f54242a90e5cde8618fa23c5c00aa2b0aadf3?s=96&d=mm&r=g","contentUrl":"https:\/\/secure.gravatar.com\/avatar\/03179346ecce6cdfc13361603e8f54242a90e5cde8618fa23c5c00aa2b0aadf3?s=96&d=mm&r=g","caption":"Reda\u00e7\u00e3o"},"sameAs":["https:\/\/noticiaempauta.com\/portal\/"],"url":"https:\/\/noticiaempauta.com\/portal\/author\/fernando\/"}]}},"_links":{"self":[{"href":"https:\/\/noticiaempauta.com\/portal\/wp-json\/wp\/v2\/posts\/264002","targetHints":{"allow":["GET"]}}],"collection":[{"href":"https:\/\/noticiaempauta.com\/portal\/wp-json\/wp\/v2\/posts"}],"about":[{"href":"https:\/\/noticiaempauta.com\/portal\/wp-json\/wp\/v2\/types\/post"}],"author":[{"embeddable":true,"href":"https:\/\/noticiaempauta.com\/portal\/wp-json\/wp\/v2\/users\/2"}],"replies":[{"embeddable":true,"href":"https:\/\/noticiaempauta.com\/portal\/wp-json\/wp\/v2\/comments?post=264002"}],"version-history":[{"count":7,"href":"https:\/\/noticiaempauta.com\/portal\/wp-json\/wp\/v2\/posts\/264002\/revisions"}],"predecessor-version":[{"id":264017,"href":"https:\/\/noticiaempauta.com\/portal\/wp-json\/wp\/v2\/posts\/264002\/revisions\/264017"}],"wp:featuredmedia":[{"embeddable":true,"href":"https:\/\/noticiaempauta.com\/portal\/wp-json\/wp\/v2\/media\/264003"}],"wp:attachment":[{"href":"https:\/\/noticiaempauta.com\/portal\/wp-json\/wp\/v2\/media?parent=264002"}],"wp:term":[{"taxonomy":"category","embeddable":true,"href":"https:\/\/noticiaempauta.com\/portal\/wp-json\/wp\/v2\/categories?post=264002"},{"taxonomy":"post_tag","embeddable":true,"href":"https:\/\/noticiaempauta.com\/portal\/wp-json\/wp\/v2\/tags?post=264002"}],"curies":[{"name":"wp","href":"https:\/\/api.w.org\/{rel}","templated":true}]}}