{"id":264030,"date":"2024-11-14T09:48:16","date_gmt":"2024-11-14T12:48:16","guid":{"rendered":"https:\/\/noticiaempauta.com\/portal\/?p=264030"},"modified":"2024-11-14T09:48:17","modified_gmt":"2024-11-14T12:48:17","slug":"summit-piaui-turismo-e-lancado-oficialmente-em-teresina","status":"publish","type":"post","link":"https:\/\/noticiaempauta.com\/portal\/summit-piaui-turismo-e-lancado-oficialmente-em-teresina\/","title":{"rendered":"Summit Piau\u00ed Turismo \u00e9 lan\u00e7ado oficialmente em Teresina"},"content":{"rendered":"\n<p>Nesta quarta-feira (12), foi lan\u00e7ado oficialmente o Summit Piau\u00ed Turismo, evento inovador com palestras e workshops de refer\u00eancias nacionais do setor tur\u00edstico. Em um caf\u00e9 da manh\u00e3 oferecido em um hotel da capital, o Governo do Estado e a Radical Produ\u00e7\u00f5es, organizadores do evento, apresentaram a proposta e a programa\u00e7\u00e3o em detalhes para empres\u00e1rios, trabalhadores e ve\u00edculos de comunica\u00e7\u00e3o.<\/p>\n\n\n\n<figure class=\"wp-block-image size-full\"><img fetchpriority=\"high\" decoding=\"async\" width=\"1000\" height=\"750\" src=\"https:\/\/noticiaempauta.com\/portal\/wp-content\/uploads\/2024\/11\/large_IMG_3166_9f34a6a8ee.jpeg\" alt=\"\" class=\"wp-image-264031\" srcset=\"https:\/\/noticiaempauta.com\/portal\/wp-content\/uploads\/2024\/11\/large_IMG_3166_9f34a6a8ee.jpeg 1000w, https:\/\/noticiaempauta.com\/portal\/wp-content\/uploads\/2024\/11\/large_IMG_3166_9f34a6a8ee-300x225.jpeg 300w, https:\/\/noticiaempauta.com\/portal\/wp-content\/uploads\/2024\/11\/large_IMG_3166_9f34a6a8ee-768x576.jpeg 768w\" sizes=\"(max-width: 1000px) 100vw, 1000px\" \/><\/figure>\n\n\n\n<p>O lan\u00e7amento oficial contou com a presen\u00e7a do secret\u00e1rio de Turismo Jos\u00e9 Neto Monteiro que falou sobre a import\u00e2ncia do evento. \u201cO Summit Piau\u00ed Turismo j\u00e1 nasceu grande. \u00c9 um evento voltado para todos que fazem turismo do Piau\u00ed. Desde o empres\u00e1rio at\u00e9 para quem \u00e9 estudante de turismo, de gastronomia. O objetivo do Summit \u00e9 que os agentes do nosso estado possam se debru\u00e7ar sobre um tema t\u00e3o importante quanto o turismo\u201d, frisa o gestor.<\/p>\n\n\n\n<figure class=\"wp-block-image size-full\"><img decoding=\"async\" width=\"1000\" height=\"750\" src=\"https:\/\/noticiaempauta.com\/portal\/wp-content\/uploads\/2024\/11\/large_IMG_3114_8bda7e1e19.jpeg\" alt=\"\" class=\"wp-image-264032\" srcset=\"https:\/\/noticiaempauta.com\/portal\/wp-content\/uploads\/2024\/11\/large_IMG_3114_8bda7e1e19.jpeg 1000w, https:\/\/noticiaempauta.com\/portal\/wp-content\/uploads\/2024\/11\/large_IMG_3114_8bda7e1e19-300x225.jpeg 300w, https:\/\/noticiaempauta.com\/portal\/wp-content\/uploads\/2024\/11\/large_IMG_3114_8bda7e1e19-768x576.jpeg 768w\" sizes=\"(max-width: 1000px) 100vw, 1000px\" \/><\/figure>\n\n\n\n<p>Lideran\u00e7as do setor empresarial tamb\u00e9m prestigiaram o caf\u00e9 da manh\u00e3. O presidente da Fecom\u00e9rcio-PI, D\u00eanis Cavalcante, destaca o potencial do turismo citando que o Senac j\u00e1 disp\u00f5e de v\u00e1rios cursos na \u00e1rea, incluindo p\u00f3s-gradua\u00e7\u00f5es em gastronomia e hotelaria. \u201c\u00c9 importante que haja essa conex\u00e3o entre todos os players do setor e por isso acreditamos em eventos como o Summit Piau\u00ed Turismo\u201d, explicou o empres\u00e1rio.<\/p>\n\n\n\n<figure class=\"wp-block-image size-full\"><img decoding=\"async\" width=\"1000\" height=\"750\" src=\"https:\/\/noticiaempauta.com\/portal\/wp-content\/uploads\/2024\/11\/large_IMG_3130_9a35c775d5.jpeg\" alt=\"\" class=\"wp-image-264033\" srcset=\"https:\/\/noticiaempauta.com\/portal\/wp-content\/uploads\/2024\/11\/large_IMG_3130_9a35c775d5.jpeg 1000w, https:\/\/noticiaempauta.com\/portal\/wp-content\/uploads\/2024\/11\/large_IMG_3130_9a35c775d5-300x225.jpeg 300w, https:\/\/noticiaempauta.com\/portal\/wp-content\/uploads\/2024\/11\/large_IMG_3130_9a35c775d5-768x576.jpeg 768w\" sizes=\"(max-width: 1000px) 100vw, 1000px\" \/><\/figure>\n\n\n\n<p><strong>Inscri\u00e7\u00f5es abertas<\/strong><\/p>\n\n\n\n<p>Nesta manh\u00e3, tamb\u00e9m foram abertas as inscri\u00e7\u00f5es que podem ser feitas pelo site:&nbsp;<a target=\"_blank\" rel=\"noreferrer noopener\" href=\"https:\/\/summitpiauiturismo.com.br\/\">summitpiauiturismo.com.br.<\/a>&nbsp;As vagas para participar dos pain\u00e9is e workshops que v\u00e3o acontecer nos dias 5 e 6 de dezembro no Teresina Shopping s\u00e3o limitadas e gratuitas. \u00c9 uma oportunidade para aprender mais sobre um setor econ\u00f4mico que est\u00e1 em crescimento destacado no estado.<\/p>\n\n\n\n<p>No site, tamb\u00e9m est\u00e1 dispon\u00edvel a programa\u00e7\u00e3o completa dos dois dias de evento. A abertura deve contar com a presen\u00e7a do governador Rafael Fonteles e do presidente da Embratur, Marcelo Freixo. Os participantes poder\u00e3o ouvir cases de sucesso de empreendedores de todo o Brasil e tamb\u00e9m dos piauienses.<\/p>\n\n\n\n<p>O Summit Piau\u00ed Turismo tem o patroc\u00ednio do Governo do Piau\u00ed, por meio da Secretaria de Estado do Turismo\/Sietur e o co-patroc\u00ednio do Grupo Claudino; o apoio da Federa\u00e7\u00e3o das Ind\u00fastrias do Piau\u00ed (Fiepi) e do Servi\u00e7o Brasileiro de Apoio \u00e0s Micro e Pequenas Empresas (Sebrae-PI); colabora\u00e7\u00e3o da Associa\u00e7\u00e3o Brasileira de Ag\u00eancias de Viagens (ABAV ) e da Associa\u00e7\u00e3o Brasileira de Bares e Restaurantes (Abrasel ), parceria da &nbsp;Associa\u00e7\u00e3o Brasileira de Turism\u00f3logos e Profissionais do Turismo (ABBTUR). A realiza\u00e7\u00e3o \u00e9 da Radical Produ\u00e7\u00f5es.<\/p>\n\n\n\n<p>Ascom\/Setur<\/p>\n","protected":false},"excerpt":{"rendered":"<p>As inscri\u00e7\u00f5es s\u00e3o gratuitas e podem ser feitas atrav\u00e9s do site oficial do evento.<\/p>\n","protected":false},"author":2,"featured_media":264032,"comment_status":"open","ping_status":"open","sticky":false,"template":"","format":"standard","meta":{"_mi_skip_tracking":false,"footnotes":""},"categories":[25,1,16],"tags":[],"class_list":["post-264030","post","type-post","status-publish","format-standard","has-post-thumbnail","hentry","category-destaques-site","category-geral","category-todas"],"acf":[],"yoast_head":"<!-- This site is optimized with the Yoast SEO Premium plugin v19.2 (Yoast SEO v26.9) - https:\/\/yoast.com\/product\/yoast-seo-premium-wordpress\/ -->\n<title>Summit Piau\u00ed Turismo \u00e9 lan\u00e7ado oficialmente em Teresina - Portal Not\u00edcia em Pauta<\/title>\n<meta name=\"robots\" content=\"index, follow, max-snippet:-1, max-image-preview:large, max-video-preview:-1\" \/>\n<link rel=\"canonical\" href=\"https:\/\/noticiaempauta.com\/portal\/summit-piaui-turismo-e-lancado-oficialmente-em-teresina\/\" \/>\n<meta property=\"og:locale\" content=\"pt_BR\" \/>\n<meta property=\"og:type\" content=\"article\" \/>\n<meta property=\"og:title\" content=\"Summit Piau\u00ed Turismo \u00e9 lan\u00e7ado oficialmente em Teresina\" \/>\n<meta property=\"og:description\" content=\"As inscri\u00e7\u00f5es s\u00e3o gratuitas e podem ser feitas atrav\u00e9s do site oficial do evento.\" \/>\n<meta property=\"og:url\" content=\"https:\/\/noticiaempauta.com\/portal\/summit-piaui-turismo-e-lancado-oficialmente-em-teresina\/\" \/>\n<meta property=\"og:site_name\" content=\"Portal Not\u00edcia em Pauta\" \/>\n<meta property=\"article:publisher\" content=\"https:\/\/www.facebook.com\/Portal-Notcia-Em-Pauta-102292869264820\/\" \/>\n<meta property=\"article:published_time\" content=\"2024-11-14T12:48:16+00:00\" \/>\n<meta property=\"article:modified_time\" content=\"2024-11-14T12:48:17+00:00\" \/>\n<meta property=\"og:image\" content=\"https:\/\/noticiaempauta.com\/portal\/wp-content\/uploads\/2024\/11\/large_IMG_3114_8bda7e1e19.jpeg\" \/>\n\t<meta property=\"og:image:width\" content=\"1000\" \/>\n\t<meta property=\"og:image:height\" content=\"750\" \/>\n\t<meta property=\"og:image:type\" content=\"image\/jpeg\" \/>\n<meta name=\"author\" content=\"Reda\u00e7\u00e3o\" \/>\n<meta name=\"twitter:card\" content=\"summary_large_image\" \/>\n<meta name=\"twitter:label1\" content=\"Escrito por\" \/>\n\t<meta name=\"twitter:data1\" content=\"Reda\u00e7\u00e3o\" \/>\n\t<meta name=\"twitter:label2\" content=\"Est. tempo de leitura\" \/>\n\t<meta name=\"twitter:data2\" content=\"3 minutos\" \/>\n<script type=\"application\/ld+json\" class=\"yoast-schema-graph\">{\"@context\":\"https:\/\/schema.org\",\"@graph\":[{\"@type\":\"Article\",\"@id\":\"https:\/\/noticiaempauta.com\/portal\/summit-piaui-turismo-e-lancado-oficialmente-em-teresina\/#article\",\"isPartOf\":{\"@id\":\"https:\/\/noticiaempauta.com\/portal\/summit-piaui-turismo-e-lancado-oficialmente-em-teresina\/\"},\"author\":{\"name\":\"Reda\u00e7\u00e3o\",\"@id\":\"https:\/\/noticiaempauta.com\/portal\/#\/schema\/person\/a74af43dd1ab3deca45f988c717d57ac\"},\"headline\":\"Summit Piau\u00ed Turismo \u00e9 lan\u00e7ado oficialmente em Teresina\",\"datePublished\":\"2024-11-14T12:48:16+00:00\",\"dateModified\":\"2024-11-14T12:48:17+00:00\",\"mainEntityOfPage\":{\"@id\":\"https:\/\/noticiaempauta.com\/portal\/summit-piaui-turismo-e-lancado-oficialmente-em-teresina\/\"},\"wordCount\":444,\"commentCount\":0,\"publisher\":{\"@id\":\"https:\/\/noticiaempauta.com\/portal\/#organization\"},\"image\":{\"@id\":\"https:\/\/noticiaempauta.com\/portal\/summit-piaui-turismo-e-lancado-oficialmente-em-teresina\/#primaryimage\"},\"thumbnailUrl\":\"https:\/\/noticiaempauta.com\/portal\/wp-content\/uploads\/2024\/11\/large_IMG_3114_8bda7e1e19.jpeg\",\"articleSection\":[\"Destaques\",\"Geral\",\"Todas as Not\u00edcias\"],\"inLanguage\":\"pt-BR\",\"potentialAction\":[{\"@type\":\"CommentAction\",\"name\":\"Comment\",\"target\":[\"https:\/\/noticiaempauta.com\/portal\/summit-piaui-turismo-e-lancado-oficialmente-em-teresina\/#respond\"]}]},{\"@type\":\"WebPage\",\"@id\":\"https:\/\/noticiaempauta.com\/portal\/summit-piaui-turismo-e-lancado-oficialmente-em-teresina\/\",\"url\":\"https:\/\/noticiaempauta.com\/portal\/summit-piaui-turismo-e-lancado-oficialmente-em-teresina\/\",\"name\":\"Summit Piau\u00ed Turismo \u00e9 lan\u00e7ado oficialmente em Teresina - Portal Not\u00edcia em Pauta\",\"isPartOf\":{\"@id\":\"https:\/\/noticiaempauta.com\/portal\/#website\"},\"primaryImageOfPage\":{\"@id\":\"https:\/\/noticiaempauta.com\/portal\/summit-piaui-turismo-e-lancado-oficialmente-em-teresina\/#primaryimage\"},\"image\":{\"@id\":\"https:\/\/noticiaempauta.com\/portal\/summit-piaui-turismo-e-lancado-oficialmente-em-teresina\/#primaryimage\"},\"thumbnailUrl\":\"https:\/\/noticiaempauta.com\/portal\/wp-content\/uploads\/2024\/11\/large_IMG_3114_8bda7e1e19.jpeg\",\"datePublished\":\"2024-11-14T12:48:16+00:00\",\"dateModified\":\"2024-11-14T12:48:17+00:00\",\"breadcrumb\":{\"@id\":\"https:\/\/noticiaempauta.com\/portal\/summit-piaui-turismo-e-lancado-oficialmente-em-teresina\/#breadcrumb\"},\"inLanguage\":\"pt-BR\",\"potentialAction\":[{\"@type\":\"ReadAction\",\"target\":[\"https:\/\/noticiaempauta.com\/portal\/summit-piaui-turismo-e-lancado-oficialmente-em-teresina\/\"]}]},{\"@type\":\"ImageObject\",\"inLanguage\":\"pt-BR\",\"@id\":\"https:\/\/noticiaempauta.com\/portal\/summit-piaui-turismo-e-lancado-oficialmente-em-teresina\/#primaryimage\",\"url\":\"https:\/\/noticiaempauta.com\/portal\/wp-content\/uploads\/2024\/11\/large_IMG_3114_8bda7e1e19.jpeg\",\"contentUrl\":\"https:\/\/noticiaempauta.com\/portal\/wp-content\/uploads\/2024\/11\/large_IMG_3114_8bda7e1e19.jpeg\",\"width\":1000,\"height\":750},{\"@type\":\"BreadcrumbList\",\"@id\":\"https:\/\/noticiaempauta.com\/portal\/summit-piaui-turismo-e-lancado-oficialmente-em-teresina\/#breadcrumb\",\"itemListElement\":[{\"@type\":\"ListItem\",\"position\":1,\"name\":\"P\u00e1gina Inicial\",\"item\":\"https:\/\/noticiaempauta.com\/portal\/\"},{\"@type\":\"ListItem\",\"position\":2,\"name\":\"Destaques\",\"item\":\"https:\/\/noticiaempauta.com\/portal\/destaques-site\/\"},{\"@type\":\"ListItem\",\"position\":3,\"name\":\"Summit Piau\u00ed Turismo \u00e9 lan\u00e7ado oficialmente em Teresina\"}]},{\"@type\":\"WebSite\",\"@id\":\"https:\/\/noticiaempauta.com\/portal\/#website\",\"url\":\"https:\/\/noticiaempauta.com\/portal\/\",\"name\":\"Portal Not\u00edcia em Pauta\",\"description\":\"Voc\u00ea bem informado\",\"publisher\":{\"@id\":\"https:\/\/noticiaempauta.com\/portal\/#organization\"},\"potentialAction\":[{\"@type\":\"SearchAction\",\"target\":{\"@type\":\"EntryPoint\",\"urlTemplate\":\"https:\/\/noticiaempauta.com\/portal\/?s={search_term_string}\"},\"query-input\":{\"@type\":\"PropertyValueSpecification\",\"valueRequired\":true,\"valueName\":\"search_term_string\"}}],\"inLanguage\":\"pt-BR\"},{\"@type\":\"Organization\",\"@id\":\"https:\/\/noticiaempauta.com\/portal\/#organization\",\"name\":\"Portal Not\u00edcia em Pauta\",\"url\":\"https:\/\/noticiaempauta.com\/portal\/\",\"logo\":{\"@type\":\"ImageObject\",\"inLanguage\":\"pt-BR\",\"@id\":\"https:\/\/noticiaempauta.com\/portal\/#\/schema\/logo\/image\/\",\"url\":\"https:\/\/noticiaempauta.com\/portal\/wp-content\/uploads\/2022\/08\/logomarca_tema.fw_.png\",\"contentUrl\":\"https:\/\/noticiaempauta.com\/portal\/wp-content\/uploads\/2022\/08\/logomarca_tema.fw_.png\",\"width\":400,\"height\":232,\"caption\":\"Portal Not\u00edcia em Pauta\"},\"image\":{\"@id\":\"https:\/\/noticiaempauta.com\/portal\/#\/schema\/logo\/image\/\"},\"sameAs\":[\"https:\/\/www.facebook.com\/Portal-Notcia-Em-Pauta-102292869264820\/\",\"https:\/\/www.instagram.com\/portalnoticiaempauta\/\"]},{\"@type\":\"Person\",\"@id\":\"https:\/\/noticiaempauta.com\/portal\/#\/schema\/person\/a74af43dd1ab3deca45f988c717d57ac\",\"name\":\"Reda\u00e7\u00e3o\",\"image\":{\"@type\":\"ImageObject\",\"inLanguage\":\"pt-BR\",\"@id\":\"https:\/\/noticiaempauta.com\/portal\/#\/schema\/person\/image\/\",\"url\":\"https:\/\/secure.gravatar.com\/avatar\/03179346ecce6cdfc13361603e8f54242a90e5cde8618fa23c5c00aa2b0aadf3?s=96&d=mm&r=g\",\"contentUrl\":\"https:\/\/secure.gravatar.com\/avatar\/03179346ecce6cdfc13361603e8f54242a90e5cde8618fa23c5c00aa2b0aadf3?s=96&d=mm&r=g\",\"caption\":\"Reda\u00e7\u00e3o\"},\"sameAs\":[\"https:\/\/noticiaempauta.com\/portal\/\"],\"url\":\"https:\/\/noticiaempauta.com\/portal\/author\/fernando\/\"}]}<\/script>\n<!-- \/ Yoast SEO Premium plugin. -->","yoast_head_json":{"title":"Summit Piau\u00ed Turismo \u00e9 lan\u00e7ado oficialmente em Teresina - Portal Not\u00edcia em Pauta","robots":{"index":"index","follow":"follow","max-snippet":"max-snippet:-1","max-image-preview":"max-image-preview:large","max-video-preview":"max-video-preview:-1"},"canonical":"https:\/\/noticiaempauta.com\/portal\/summit-piaui-turismo-e-lancado-oficialmente-em-teresina\/","og_locale":"pt_BR","og_type":"article","og_title":"Summit Piau\u00ed Turismo \u00e9 lan\u00e7ado oficialmente em Teresina","og_description":"As inscri\u00e7\u00f5es s\u00e3o gratuitas e podem ser feitas atrav\u00e9s do site oficial do evento.","og_url":"https:\/\/noticiaempauta.com\/portal\/summit-piaui-turismo-e-lancado-oficialmente-em-teresina\/","og_site_name":"Portal Not\u00edcia em Pauta","article_publisher":"https:\/\/www.facebook.com\/Portal-Notcia-Em-Pauta-102292869264820\/","article_published_time":"2024-11-14T12:48:16+00:00","article_modified_time":"2024-11-14T12:48:17+00:00","og_image":[{"width":1000,"height":750,"url":"https:\/\/noticiaempauta.com\/portal\/wp-content\/uploads\/2024\/11\/large_IMG_3114_8bda7e1e19.jpeg","type":"image\/jpeg"}],"author":"Reda\u00e7\u00e3o","twitter_card":"summary_large_image","twitter_misc":{"Escrito por":"Reda\u00e7\u00e3o","Est. tempo de leitura":"3 minutos"},"schema":{"@context":"https:\/\/schema.org","@graph":[{"@type":"Article","@id":"https:\/\/noticiaempauta.com\/portal\/summit-piaui-turismo-e-lancado-oficialmente-em-teresina\/#article","isPartOf":{"@id":"https:\/\/noticiaempauta.com\/portal\/summit-piaui-turismo-e-lancado-oficialmente-em-teresina\/"},"author":{"name":"Reda\u00e7\u00e3o","@id":"https:\/\/noticiaempauta.com\/portal\/#\/schema\/person\/a74af43dd1ab3deca45f988c717d57ac"},"headline":"Summit Piau\u00ed Turismo \u00e9 lan\u00e7ado oficialmente em Teresina","datePublished":"2024-11-14T12:48:16+00:00","dateModified":"2024-11-14T12:48:17+00:00","mainEntityOfPage":{"@id":"https:\/\/noticiaempauta.com\/portal\/summit-piaui-turismo-e-lancado-oficialmente-em-teresina\/"},"wordCount":444,"commentCount":0,"publisher":{"@id":"https:\/\/noticiaempauta.com\/portal\/#organization"},"image":{"@id":"https:\/\/noticiaempauta.com\/portal\/summit-piaui-turismo-e-lancado-oficialmente-em-teresina\/#primaryimage"},"thumbnailUrl":"https:\/\/noticiaempauta.com\/portal\/wp-content\/uploads\/2024\/11\/large_IMG_3114_8bda7e1e19.jpeg","articleSection":["Destaques","Geral","Todas as Not\u00edcias"],"inLanguage":"pt-BR","potentialAction":[{"@type":"CommentAction","name":"Comment","target":["https:\/\/noticiaempauta.com\/portal\/summit-piaui-turismo-e-lancado-oficialmente-em-teresina\/#respond"]}]},{"@type":"WebPage","@id":"https:\/\/noticiaempauta.com\/portal\/summit-piaui-turismo-e-lancado-oficialmente-em-teresina\/","url":"https:\/\/noticiaempauta.com\/portal\/summit-piaui-turismo-e-lancado-oficialmente-em-teresina\/","name":"Summit Piau\u00ed Turismo \u00e9 lan\u00e7ado oficialmente em Teresina - Portal Not\u00edcia em Pauta","isPartOf":{"@id":"https:\/\/noticiaempauta.com\/portal\/#website"},"primaryImageOfPage":{"@id":"https:\/\/noticiaempauta.com\/portal\/summit-piaui-turismo-e-lancado-oficialmente-em-teresina\/#primaryimage"},"image":{"@id":"https:\/\/noticiaempauta.com\/portal\/summit-piaui-turismo-e-lancado-oficialmente-em-teresina\/#primaryimage"},"thumbnailUrl":"https:\/\/noticiaempauta.com\/portal\/wp-content\/uploads\/2024\/11\/large_IMG_3114_8bda7e1e19.jpeg","datePublished":"2024-11-14T12:48:16+00:00","dateModified":"2024-11-14T12:48:17+00:00","breadcrumb":{"@id":"https:\/\/noticiaempauta.com\/portal\/summit-piaui-turismo-e-lancado-oficialmente-em-teresina\/#breadcrumb"},"inLanguage":"pt-BR","potentialAction":[{"@type":"ReadAction","target":["https:\/\/noticiaempauta.com\/portal\/summit-piaui-turismo-e-lancado-oficialmente-em-teresina\/"]}]},{"@type":"ImageObject","inLanguage":"pt-BR","@id":"https:\/\/noticiaempauta.com\/portal\/summit-piaui-turismo-e-lancado-oficialmente-em-teresina\/#primaryimage","url":"https:\/\/noticiaempauta.com\/portal\/wp-content\/uploads\/2024\/11\/large_IMG_3114_8bda7e1e19.jpeg","contentUrl":"https:\/\/noticiaempauta.com\/portal\/wp-content\/uploads\/2024\/11\/large_IMG_3114_8bda7e1e19.jpeg","width":1000,"height":750},{"@type":"BreadcrumbList","@id":"https:\/\/noticiaempauta.com\/portal\/summit-piaui-turismo-e-lancado-oficialmente-em-teresina\/#breadcrumb","itemListElement":[{"@type":"ListItem","position":1,"name":"P\u00e1gina Inicial","item":"https:\/\/noticiaempauta.com\/portal\/"},{"@type":"ListItem","position":2,"name":"Destaques","item":"https:\/\/noticiaempauta.com\/portal\/destaques-site\/"},{"@type":"ListItem","position":3,"name":"Summit Piau\u00ed Turismo \u00e9 lan\u00e7ado oficialmente em Teresina"}]},{"@type":"WebSite","@id":"https:\/\/noticiaempauta.com\/portal\/#website","url":"https:\/\/noticiaempauta.com\/portal\/","name":"Portal Not\u00edcia em Pauta","description":"Voc\u00ea bem informado","publisher":{"@id":"https:\/\/noticiaempauta.com\/portal\/#organization"},"potentialAction":[{"@type":"SearchAction","target":{"@type":"EntryPoint","urlTemplate":"https:\/\/noticiaempauta.com\/portal\/?s={search_term_string}"},"query-input":{"@type":"PropertyValueSpecification","valueRequired":true,"valueName":"search_term_string"}}],"inLanguage":"pt-BR"},{"@type":"Organization","@id":"https:\/\/noticiaempauta.com\/portal\/#organization","name":"Portal Not\u00edcia em Pauta","url":"https:\/\/noticiaempauta.com\/portal\/","logo":{"@type":"ImageObject","inLanguage":"pt-BR","@id":"https:\/\/noticiaempauta.com\/portal\/#\/schema\/logo\/image\/","url":"https:\/\/noticiaempauta.com\/portal\/wp-content\/uploads\/2022\/08\/logomarca_tema.fw_.png","contentUrl":"https:\/\/noticiaempauta.com\/portal\/wp-content\/uploads\/2022\/08\/logomarca_tema.fw_.png","width":400,"height":232,"caption":"Portal Not\u00edcia em Pauta"},"image":{"@id":"https:\/\/noticiaempauta.com\/portal\/#\/schema\/logo\/image\/"},"sameAs":["https:\/\/www.facebook.com\/Portal-Notcia-Em-Pauta-102292869264820\/","https:\/\/www.instagram.com\/portalnoticiaempauta\/"]},{"@type":"Person","@id":"https:\/\/noticiaempauta.com\/portal\/#\/schema\/person\/a74af43dd1ab3deca45f988c717d57ac","name":"Reda\u00e7\u00e3o","image":{"@type":"ImageObject","inLanguage":"pt-BR","@id":"https:\/\/noticiaempauta.com\/portal\/#\/schema\/person\/image\/","url":"https:\/\/secure.gravatar.com\/avatar\/03179346ecce6cdfc13361603e8f54242a90e5cde8618fa23c5c00aa2b0aadf3?s=96&d=mm&r=g","contentUrl":"https:\/\/secure.gravatar.com\/avatar\/03179346ecce6cdfc13361603e8f54242a90e5cde8618fa23c5c00aa2b0aadf3?s=96&d=mm&r=g","caption":"Reda\u00e7\u00e3o"},"sameAs":["https:\/\/noticiaempauta.com\/portal\/"],"url":"https:\/\/noticiaempauta.com\/portal\/author\/fernando\/"}]}},"_links":{"self":[{"href":"https:\/\/noticiaempauta.com\/portal\/wp-json\/wp\/v2\/posts\/264030","targetHints":{"allow":["GET"]}}],"collection":[{"href":"https:\/\/noticiaempauta.com\/portal\/wp-json\/wp\/v2\/posts"}],"about":[{"href":"https:\/\/noticiaempauta.com\/portal\/wp-json\/wp\/v2\/types\/post"}],"author":[{"embeddable":true,"href":"https:\/\/noticiaempauta.com\/portal\/wp-json\/wp\/v2\/users\/2"}],"replies":[{"embeddable":true,"href":"https:\/\/noticiaempauta.com\/portal\/wp-json\/wp\/v2\/comments?post=264030"}],"version-history":[{"count":1,"href":"https:\/\/noticiaempauta.com\/portal\/wp-json\/wp\/v2\/posts\/264030\/revisions"}],"predecessor-version":[{"id":264034,"href":"https:\/\/noticiaempauta.com\/portal\/wp-json\/wp\/v2\/posts\/264030\/revisions\/264034"}],"wp:featuredmedia":[{"embeddable":true,"href":"https:\/\/noticiaempauta.com\/portal\/wp-json\/wp\/v2\/media\/264032"}],"wp:attachment":[{"href":"https:\/\/noticiaempauta.com\/portal\/wp-json\/wp\/v2\/media?parent=264030"}],"wp:term":[{"taxonomy":"category","embeddable":true,"href":"https:\/\/noticiaempauta.com\/portal\/wp-json\/wp\/v2\/categories?post=264030"},{"taxonomy":"post_tag","embeddable":true,"href":"https:\/\/noticiaempauta.com\/portal\/wp-json\/wp\/v2\/tags?post=264030"}],"curies":[{"name":"wp","href":"https:\/\/api.w.org\/{rel}","templated":true}]}}