{"id":264063,"date":"2024-11-15T09:26:14","date_gmt":"2024-11-15T12:26:14","guid":{"rendered":"https:\/\/noticiaempauta.com\/portal\/?p=264063"},"modified":"2024-11-15T09:26:15","modified_gmt":"2024-11-15T12:26:15","slug":"governador-rafael-fonteles-anuncia-concurso-para-a-secretaria-da-saude-com-1-000-vagas","status":"publish","type":"post","link":"https:\/\/noticiaempauta.com\/portal\/governador-rafael-fonteles-anuncia-concurso-para-a-secretaria-da-saude-com-1-000-vagas\/","title":{"rendered":"Governador Rafael Fonteles anuncia concurso para a Secretaria da Sa\u00fade com 1.000 vagas"},"content":{"rendered":"\n<p>O governador Rafael Fonteles anunciou, por meio de suas redes sociais, o concurso com 1.000 vagas que ser\u00e1 realizado no primeiro semestre de 2025 para provimento de cargos na \u00e1rea da sa\u00fade.<\/p>\n\n\n\n<figure class=\"wp-block-image size-full\"><img fetchpriority=\"high\" decoding=\"async\" width=\"1000\" height=\"667\" src=\"https:\/\/noticiaempauta.com\/portal\/wp-content\/uploads\/2024\/08\/large_governador_rafael_fonteles_4_46812564d0.jpeg\" alt=\"\" class=\"wp-image-261632\" srcset=\"https:\/\/noticiaempauta.com\/portal\/wp-content\/uploads\/2024\/08\/large_governador_rafael_fonteles_4_46812564d0.jpeg 1000w, https:\/\/noticiaempauta.com\/portal\/wp-content\/uploads\/2024\/08\/large_governador_rafael_fonteles_4_46812564d0-300x200.jpeg 300w, https:\/\/noticiaempauta.com\/portal\/wp-content\/uploads\/2024\/08\/large_governador_rafael_fonteles_4_46812564d0-768x512.jpeg 768w\" sizes=\"(max-width: 1000px) 100vw, 1000px\" \/><\/figure>\n\n\n\n<p>Segundo o governador, ser\u00e3o abertas vagas em diversas \u00e1reas, para atendimento de demandas da Secretaria de Estado da Sa\u00fade (Sesapi). &#8220;Lan\u00e7aremos concurso p\u00fablico para servidores da Secretaria de Sa\u00fade do Estado do Piau\u00ed no primeiro semestre de 2025. Ser\u00e3o 1.000 vagas (sendo 500 para cadastro de reserva), nas \u00e1reas de Medicina, Enfermagem, Psicologia, Farm\u00e1cia, Biomedicina, Nutri\u00e7\u00e3o, Fisioterapia e Fonoaudiologia&#8221;, disse Rafael Fonteles.<\/p>\n\n\n\n<p><strong>Mais Concursos em 2025<\/strong><\/p>\n\n\n\n<p>Ainda em 2025, o Governo do Estado abrir\u00e1 4.000 vagas para professores efetivos na rede estadual de ensino, com 2.000 vagas destinadas \u00e0 convoca\u00e7\u00e3o imediata.<\/p>\n\n\n\n<p>O governador anunciou tamb\u00e9m o concurso para a Pol\u00edcia Civil, com 400 vagas para delegado, perito, agente e escriv\u00e3o. O edital sai no primeiro semestre do pr\u00f3ximo ano.<\/p>\n\n\n\n<p>Outro \u00f3rg\u00e3o que ir\u00e1 incrementar seu quadro em 2025 \u00e9 a Secretaria de Fazenda. Ser\u00e3o ofertadas 200 vagas, 100 para contrata\u00e7\u00e3o imediata e 100 para cadastro de reserva. Os cargos s\u00e3o analista do tesouro, auditor governamental, agente tribut\u00e1rio e auditor fiscal.<\/p>\n\n\n\n<p>Neste ano, o Governo do Estado j\u00e1 realizou um concurso p\u00fablico para preencher 110 vagas, al\u00e9m de formar cadastro de reserva, nas Secretarias da Administra\u00e7\u00e3o (Sead), do Planejamento (Seplan) e na Funda\u00e7\u00e3o Piau\u00ed Previd\u00eancia (Piau\u00edPrev).\u00a0<\/p>\n\n\n\n<p>CCOM-PI<br><\/p>\n","protected":false},"excerpt":{"rendered":"<p>O governador Rafael Fonteles anunciou, por meio de suas redes sociais, o concurso com 1.000 vagas que ser\u00e1 realizado no primeiro semestre de 2025 para provimento de cargos na \u00e1rea da sa\u00fade. Segundo o governador, ser\u00e3o abertas vagas em diversas \u00e1reas, para atendimento de demandas da Secretaria de Estado da Sa\u00fade (Sesapi). &#8220;Lan\u00e7aremos concurso p\u00fablico [&hellip;]<\/p>\n","protected":false},"author":2,"featured_media":261632,"comment_status":"open","ping_status":"open","sticky":false,"template":"","format":"standard","meta":{"_mi_skip_tracking":false,"footnotes":""},"categories":[25,1,16],"tags":[192],"class_list":["post-264063","post","type-post","status-publish","format-standard","has-post-thumbnail","hentry","category-destaques-site","category-geral","category-todas","tag-destaqueprincipal"],"acf":[],"yoast_head":"<!-- This site is optimized with the Yoast SEO Premium plugin v19.2 (Yoast SEO v26.9) - https:\/\/yoast.com\/product\/yoast-seo-premium-wordpress\/ -->\n<title>Governador Rafael Fonteles anuncia concurso para a Secretaria da Sa\u00fade com 1.000 vagas - Portal Not\u00edcia em Pauta<\/title>\n<meta name=\"robots\" content=\"index, follow, max-snippet:-1, max-image-preview:large, max-video-preview:-1\" \/>\n<link rel=\"canonical\" href=\"https:\/\/noticiaempauta.com\/portal\/governador-rafael-fonteles-anuncia-concurso-para-a-secretaria-da-saude-com-1-000-vagas\/\" \/>\n<meta property=\"og:locale\" content=\"pt_BR\" \/>\n<meta property=\"og:type\" content=\"article\" \/>\n<meta property=\"og:title\" content=\"Governador Rafael Fonteles anuncia concurso para a Secretaria da Sa\u00fade com 1.000 vagas\" \/>\n<meta property=\"og:description\" content=\"O governador Rafael Fonteles anunciou, por meio de suas redes sociais, o concurso com 1.000 vagas que ser\u00e1 realizado no primeiro semestre de 2025 para provimento de cargos na \u00e1rea da sa\u00fade. Segundo o governador, ser\u00e3o abertas vagas em diversas \u00e1reas, para atendimento de demandas da Secretaria de Estado da Sa\u00fade (Sesapi). &#8220;Lan\u00e7aremos concurso p\u00fablico [&hellip;]\" \/>\n<meta property=\"og:url\" content=\"https:\/\/noticiaempauta.com\/portal\/governador-rafael-fonteles-anuncia-concurso-para-a-secretaria-da-saude-com-1-000-vagas\/\" \/>\n<meta property=\"og:site_name\" content=\"Portal Not\u00edcia em Pauta\" \/>\n<meta property=\"article:publisher\" content=\"https:\/\/www.facebook.com\/Portal-Notcia-Em-Pauta-102292869264820\/\" \/>\n<meta property=\"article:published_time\" content=\"2024-11-15T12:26:14+00:00\" \/>\n<meta property=\"article:modified_time\" content=\"2024-11-15T12:26:15+00:00\" \/>\n<meta property=\"og:image\" content=\"https:\/\/noticiaempauta.com\/portal\/wp-content\/uploads\/2024\/08\/large_governador_rafael_fonteles_4_46812564d0.jpeg\" \/>\n\t<meta property=\"og:image:width\" content=\"1000\" \/>\n\t<meta property=\"og:image:height\" content=\"667\" \/>\n\t<meta property=\"og:image:type\" content=\"image\/jpeg\" \/>\n<meta name=\"author\" content=\"Reda\u00e7\u00e3o\" \/>\n<meta name=\"twitter:card\" content=\"summary_large_image\" \/>\n<meta name=\"twitter:label1\" content=\"Escrito por\" \/>\n\t<meta name=\"twitter:data1\" content=\"Reda\u00e7\u00e3o\" \/>\n\t<meta name=\"twitter:label2\" content=\"Est. tempo de leitura\" \/>\n\t<meta name=\"twitter:data2\" content=\"2 minutos\" \/>\n<script type=\"application\/ld+json\" class=\"yoast-schema-graph\">{\"@context\":\"https:\/\/schema.org\",\"@graph\":[{\"@type\":\"Article\",\"@id\":\"https:\/\/noticiaempauta.com\/portal\/governador-rafael-fonteles-anuncia-concurso-para-a-secretaria-da-saude-com-1-000-vagas\/#article\",\"isPartOf\":{\"@id\":\"https:\/\/noticiaempauta.com\/portal\/governador-rafael-fonteles-anuncia-concurso-para-a-secretaria-da-saude-com-1-000-vagas\/\"},\"author\":{\"name\":\"Reda\u00e7\u00e3o\",\"@id\":\"https:\/\/noticiaempauta.com\/portal\/#\/schema\/person\/a74af43dd1ab3deca45f988c717d57ac\"},\"headline\":\"Governador Rafael Fonteles anuncia concurso para a Secretaria da Sa\u00fade com 1.000 vagas\",\"datePublished\":\"2024-11-15T12:26:14+00:00\",\"dateModified\":\"2024-11-15T12:26:15+00:00\",\"mainEntityOfPage\":{\"@id\":\"https:\/\/noticiaempauta.com\/portal\/governador-rafael-fonteles-anuncia-concurso-para-a-secretaria-da-saude-com-1-000-vagas\/\"},\"wordCount\":249,\"commentCount\":0,\"publisher\":{\"@id\":\"https:\/\/noticiaempauta.com\/portal\/#organization\"},\"image\":{\"@id\":\"https:\/\/noticiaempauta.com\/portal\/governador-rafael-fonteles-anuncia-concurso-para-a-secretaria-da-saude-com-1-000-vagas\/#primaryimage\"},\"thumbnailUrl\":\"https:\/\/noticiaempauta.com\/portal\/wp-content\/uploads\/2024\/08\/large_governador_rafael_fonteles_4_46812564d0.jpeg\",\"keywords\":[\"destaqueprincipal\"],\"articleSection\":[\"Destaques\",\"Geral\",\"Todas as Not\u00edcias\"],\"inLanguage\":\"pt-BR\",\"potentialAction\":[{\"@type\":\"CommentAction\",\"name\":\"Comment\",\"target\":[\"https:\/\/noticiaempauta.com\/portal\/governador-rafael-fonteles-anuncia-concurso-para-a-secretaria-da-saude-com-1-000-vagas\/#respond\"]}]},{\"@type\":\"WebPage\",\"@id\":\"https:\/\/noticiaempauta.com\/portal\/governador-rafael-fonteles-anuncia-concurso-para-a-secretaria-da-saude-com-1-000-vagas\/\",\"url\":\"https:\/\/noticiaempauta.com\/portal\/governador-rafael-fonteles-anuncia-concurso-para-a-secretaria-da-saude-com-1-000-vagas\/\",\"name\":\"Governador Rafael Fonteles anuncia concurso para a Secretaria da Sa\u00fade com 1.000 vagas - Portal Not\u00edcia em Pauta\",\"isPartOf\":{\"@id\":\"https:\/\/noticiaempauta.com\/portal\/#website\"},\"primaryImageOfPage\":{\"@id\":\"https:\/\/noticiaempauta.com\/portal\/governador-rafael-fonteles-anuncia-concurso-para-a-secretaria-da-saude-com-1-000-vagas\/#primaryimage\"},\"image\":{\"@id\":\"https:\/\/noticiaempauta.com\/portal\/governador-rafael-fonteles-anuncia-concurso-para-a-secretaria-da-saude-com-1-000-vagas\/#primaryimage\"},\"thumbnailUrl\":\"https:\/\/noticiaempauta.com\/portal\/wp-content\/uploads\/2024\/08\/large_governador_rafael_fonteles_4_46812564d0.jpeg\",\"datePublished\":\"2024-11-15T12:26:14+00:00\",\"dateModified\":\"2024-11-15T12:26:15+00:00\",\"breadcrumb\":{\"@id\":\"https:\/\/noticiaempauta.com\/portal\/governador-rafael-fonteles-anuncia-concurso-para-a-secretaria-da-saude-com-1-000-vagas\/#breadcrumb\"},\"inLanguage\":\"pt-BR\",\"potentialAction\":[{\"@type\":\"ReadAction\",\"target\":[\"https:\/\/noticiaempauta.com\/portal\/governador-rafael-fonteles-anuncia-concurso-para-a-secretaria-da-saude-com-1-000-vagas\/\"]}]},{\"@type\":\"ImageObject\",\"inLanguage\":\"pt-BR\",\"@id\":\"https:\/\/noticiaempauta.com\/portal\/governador-rafael-fonteles-anuncia-concurso-para-a-secretaria-da-saude-com-1-000-vagas\/#primaryimage\",\"url\":\"https:\/\/noticiaempauta.com\/portal\/wp-content\/uploads\/2024\/08\/large_governador_rafael_fonteles_4_46812564d0.jpeg\",\"contentUrl\":\"https:\/\/noticiaempauta.com\/portal\/wp-content\/uploads\/2024\/08\/large_governador_rafael_fonteles_4_46812564d0.jpeg\",\"width\":1000,\"height\":667},{\"@type\":\"BreadcrumbList\",\"@id\":\"https:\/\/noticiaempauta.com\/portal\/governador-rafael-fonteles-anuncia-concurso-para-a-secretaria-da-saude-com-1-000-vagas\/#breadcrumb\",\"itemListElement\":[{\"@type\":\"ListItem\",\"position\":1,\"name\":\"P\u00e1gina Inicial\",\"item\":\"https:\/\/noticiaempauta.com\/portal\/\"},{\"@type\":\"ListItem\",\"position\":2,\"name\":\"Destaques\",\"item\":\"https:\/\/noticiaempauta.com\/portal\/destaques-site\/\"},{\"@type\":\"ListItem\",\"position\":3,\"name\":\"Governador Rafael Fonteles anuncia concurso para a Secretaria da Sa\u00fade com 1.000 vagas\"}]},{\"@type\":\"WebSite\",\"@id\":\"https:\/\/noticiaempauta.com\/portal\/#website\",\"url\":\"https:\/\/noticiaempauta.com\/portal\/\",\"name\":\"Portal Not\u00edcia em Pauta\",\"description\":\"Voc\u00ea bem informado\",\"publisher\":{\"@id\":\"https:\/\/noticiaempauta.com\/portal\/#organization\"},\"potentialAction\":[{\"@type\":\"SearchAction\",\"target\":{\"@type\":\"EntryPoint\",\"urlTemplate\":\"https:\/\/noticiaempauta.com\/portal\/?s={search_term_string}\"},\"query-input\":{\"@type\":\"PropertyValueSpecification\",\"valueRequired\":true,\"valueName\":\"search_term_string\"}}],\"inLanguage\":\"pt-BR\"},{\"@type\":\"Organization\",\"@id\":\"https:\/\/noticiaempauta.com\/portal\/#organization\",\"name\":\"Portal Not\u00edcia em Pauta\",\"url\":\"https:\/\/noticiaempauta.com\/portal\/\",\"logo\":{\"@type\":\"ImageObject\",\"inLanguage\":\"pt-BR\",\"@id\":\"https:\/\/noticiaempauta.com\/portal\/#\/schema\/logo\/image\/\",\"url\":\"https:\/\/noticiaempauta.com\/portal\/wp-content\/uploads\/2022\/08\/logomarca_tema.fw_.png\",\"contentUrl\":\"https:\/\/noticiaempauta.com\/portal\/wp-content\/uploads\/2022\/08\/logomarca_tema.fw_.png\",\"width\":400,\"height\":232,\"caption\":\"Portal Not\u00edcia em Pauta\"},\"image\":{\"@id\":\"https:\/\/noticiaempauta.com\/portal\/#\/schema\/logo\/image\/\"},\"sameAs\":[\"https:\/\/www.facebook.com\/Portal-Notcia-Em-Pauta-102292869264820\/\",\"https:\/\/www.instagram.com\/portalnoticiaempauta\/\"]},{\"@type\":\"Person\",\"@id\":\"https:\/\/noticiaempauta.com\/portal\/#\/schema\/person\/a74af43dd1ab3deca45f988c717d57ac\",\"name\":\"Reda\u00e7\u00e3o\",\"image\":{\"@type\":\"ImageObject\",\"inLanguage\":\"pt-BR\",\"@id\":\"https:\/\/noticiaempauta.com\/portal\/#\/schema\/person\/image\/\",\"url\":\"https:\/\/secure.gravatar.com\/avatar\/03179346ecce6cdfc13361603e8f54242a90e5cde8618fa23c5c00aa2b0aadf3?s=96&d=mm&r=g\",\"contentUrl\":\"https:\/\/secure.gravatar.com\/avatar\/03179346ecce6cdfc13361603e8f54242a90e5cde8618fa23c5c00aa2b0aadf3?s=96&d=mm&r=g\",\"caption\":\"Reda\u00e7\u00e3o\"},\"sameAs\":[\"https:\/\/noticiaempauta.com\/portal\/\"],\"url\":\"https:\/\/noticiaempauta.com\/portal\/author\/fernando\/\"}]}<\/script>\n<!-- \/ Yoast SEO Premium plugin. -->","yoast_head_json":{"title":"Governador Rafael Fonteles anuncia concurso para a Secretaria da Sa\u00fade com 1.000 vagas - Portal Not\u00edcia em Pauta","robots":{"index":"index","follow":"follow","max-snippet":"max-snippet:-1","max-image-preview":"max-image-preview:large","max-video-preview":"max-video-preview:-1"},"canonical":"https:\/\/noticiaempauta.com\/portal\/governador-rafael-fonteles-anuncia-concurso-para-a-secretaria-da-saude-com-1-000-vagas\/","og_locale":"pt_BR","og_type":"article","og_title":"Governador Rafael Fonteles anuncia concurso para a Secretaria da Sa\u00fade com 1.000 vagas","og_description":"O governador Rafael Fonteles anunciou, por meio de suas redes sociais, o concurso com 1.000 vagas que ser\u00e1 realizado no primeiro semestre de 2025 para provimento de cargos na \u00e1rea da sa\u00fade. Segundo o governador, ser\u00e3o abertas vagas em diversas \u00e1reas, para atendimento de demandas da Secretaria de Estado da Sa\u00fade (Sesapi). &#8220;Lan\u00e7aremos concurso p\u00fablico [&hellip;]","og_url":"https:\/\/noticiaempauta.com\/portal\/governador-rafael-fonteles-anuncia-concurso-para-a-secretaria-da-saude-com-1-000-vagas\/","og_site_name":"Portal Not\u00edcia em Pauta","article_publisher":"https:\/\/www.facebook.com\/Portal-Notcia-Em-Pauta-102292869264820\/","article_published_time":"2024-11-15T12:26:14+00:00","article_modified_time":"2024-11-15T12:26:15+00:00","og_image":[{"width":1000,"height":667,"url":"https:\/\/noticiaempauta.com\/portal\/wp-content\/uploads\/2024\/08\/large_governador_rafael_fonteles_4_46812564d0.jpeg","type":"image\/jpeg"}],"author":"Reda\u00e7\u00e3o","twitter_card":"summary_large_image","twitter_misc":{"Escrito por":"Reda\u00e7\u00e3o","Est. tempo de leitura":"2 minutos"},"schema":{"@context":"https:\/\/schema.org","@graph":[{"@type":"Article","@id":"https:\/\/noticiaempauta.com\/portal\/governador-rafael-fonteles-anuncia-concurso-para-a-secretaria-da-saude-com-1-000-vagas\/#article","isPartOf":{"@id":"https:\/\/noticiaempauta.com\/portal\/governador-rafael-fonteles-anuncia-concurso-para-a-secretaria-da-saude-com-1-000-vagas\/"},"author":{"name":"Reda\u00e7\u00e3o","@id":"https:\/\/noticiaempauta.com\/portal\/#\/schema\/person\/a74af43dd1ab3deca45f988c717d57ac"},"headline":"Governador Rafael Fonteles anuncia concurso para a Secretaria da Sa\u00fade com 1.000 vagas","datePublished":"2024-11-15T12:26:14+00:00","dateModified":"2024-11-15T12:26:15+00:00","mainEntityOfPage":{"@id":"https:\/\/noticiaempauta.com\/portal\/governador-rafael-fonteles-anuncia-concurso-para-a-secretaria-da-saude-com-1-000-vagas\/"},"wordCount":249,"commentCount":0,"publisher":{"@id":"https:\/\/noticiaempauta.com\/portal\/#organization"},"image":{"@id":"https:\/\/noticiaempauta.com\/portal\/governador-rafael-fonteles-anuncia-concurso-para-a-secretaria-da-saude-com-1-000-vagas\/#primaryimage"},"thumbnailUrl":"https:\/\/noticiaempauta.com\/portal\/wp-content\/uploads\/2024\/08\/large_governador_rafael_fonteles_4_46812564d0.jpeg","keywords":["destaqueprincipal"],"articleSection":["Destaques","Geral","Todas as Not\u00edcias"],"inLanguage":"pt-BR","potentialAction":[{"@type":"CommentAction","name":"Comment","target":["https:\/\/noticiaempauta.com\/portal\/governador-rafael-fonteles-anuncia-concurso-para-a-secretaria-da-saude-com-1-000-vagas\/#respond"]}]},{"@type":"WebPage","@id":"https:\/\/noticiaempauta.com\/portal\/governador-rafael-fonteles-anuncia-concurso-para-a-secretaria-da-saude-com-1-000-vagas\/","url":"https:\/\/noticiaempauta.com\/portal\/governador-rafael-fonteles-anuncia-concurso-para-a-secretaria-da-saude-com-1-000-vagas\/","name":"Governador Rafael Fonteles anuncia concurso para a Secretaria da Sa\u00fade com 1.000 vagas - Portal Not\u00edcia em Pauta","isPartOf":{"@id":"https:\/\/noticiaempauta.com\/portal\/#website"},"primaryImageOfPage":{"@id":"https:\/\/noticiaempauta.com\/portal\/governador-rafael-fonteles-anuncia-concurso-para-a-secretaria-da-saude-com-1-000-vagas\/#primaryimage"},"image":{"@id":"https:\/\/noticiaempauta.com\/portal\/governador-rafael-fonteles-anuncia-concurso-para-a-secretaria-da-saude-com-1-000-vagas\/#primaryimage"},"thumbnailUrl":"https:\/\/noticiaempauta.com\/portal\/wp-content\/uploads\/2024\/08\/large_governador_rafael_fonteles_4_46812564d0.jpeg","datePublished":"2024-11-15T12:26:14+00:00","dateModified":"2024-11-15T12:26:15+00:00","breadcrumb":{"@id":"https:\/\/noticiaempauta.com\/portal\/governador-rafael-fonteles-anuncia-concurso-para-a-secretaria-da-saude-com-1-000-vagas\/#breadcrumb"},"inLanguage":"pt-BR","potentialAction":[{"@type":"ReadAction","target":["https:\/\/noticiaempauta.com\/portal\/governador-rafael-fonteles-anuncia-concurso-para-a-secretaria-da-saude-com-1-000-vagas\/"]}]},{"@type":"ImageObject","inLanguage":"pt-BR","@id":"https:\/\/noticiaempauta.com\/portal\/governador-rafael-fonteles-anuncia-concurso-para-a-secretaria-da-saude-com-1-000-vagas\/#primaryimage","url":"https:\/\/noticiaempauta.com\/portal\/wp-content\/uploads\/2024\/08\/large_governador_rafael_fonteles_4_46812564d0.jpeg","contentUrl":"https:\/\/noticiaempauta.com\/portal\/wp-content\/uploads\/2024\/08\/large_governador_rafael_fonteles_4_46812564d0.jpeg","width":1000,"height":667},{"@type":"BreadcrumbList","@id":"https:\/\/noticiaempauta.com\/portal\/governador-rafael-fonteles-anuncia-concurso-para-a-secretaria-da-saude-com-1-000-vagas\/#breadcrumb","itemListElement":[{"@type":"ListItem","position":1,"name":"P\u00e1gina Inicial","item":"https:\/\/noticiaempauta.com\/portal\/"},{"@type":"ListItem","position":2,"name":"Destaques","item":"https:\/\/noticiaempauta.com\/portal\/destaques-site\/"},{"@type":"ListItem","position":3,"name":"Governador Rafael Fonteles anuncia concurso para a Secretaria da Sa\u00fade com 1.000 vagas"}]},{"@type":"WebSite","@id":"https:\/\/noticiaempauta.com\/portal\/#website","url":"https:\/\/noticiaempauta.com\/portal\/","name":"Portal Not\u00edcia em Pauta","description":"Voc\u00ea bem informado","publisher":{"@id":"https:\/\/noticiaempauta.com\/portal\/#organization"},"potentialAction":[{"@type":"SearchAction","target":{"@type":"EntryPoint","urlTemplate":"https:\/\/noticiaempauta.com\/portal\/?s={search_term_string}"},"query-input":{"@type":"PropertyValueSpecification","valueRequired":true,"valueName":"search_term_string"}}],"inLanguage":"pt-BR"},{"@type":"Organization","@id":"https:\/\/noticiaempauta.com\/portal\/#organization","name":"Portal Not\u00edcia em Pauta","url":"https:\/\/noticiaempauta.com\/portal\/","logo":{"@type":"ImageObject","inLanguage":"pt-BR","@id":"https:\/\/noticiaempauta.com\/portal\/#\/schema\/logo\/image\/","url":"https:\/\/noticiaempauta.com\/portal\/wp-content\/uploads\/2022\/08\/logomarca_tema.fw_.png","contentUrl":"https:\/\/noticiaempauta.com\/portal\/wp-content\/uploads\/2022\/08\/logomarca_tema.fw_.png","width":400,"height":232,"caption":"Portal Not\u00edcia em Pauta"},"image":{"@id":"https:\/\/noticiaempauta.com\/portal\/#\/schema\/logo\/image\/"},"sameAs":["https:\/\/www.facebook.com\/Portal-Notcia-Em-Pauta-102292869264820\/","https:\/\/www.instagram.com\/portalnoticiaempauta\/"]},{"@type":"Person","@id":"https:\/\/noticiaempauta.com\/portal\/#\/schema\/person\/a74af43dd1ab3deca45f988c717d57ac","name":"Reda\u00e7\u00e3o","image":{"@type":"ImageObject","inLanguage":"pt-BR","@id":"https:\/\/noticiaempauta.com\/portal\/#\/schema\/person\/image\/","url":"https:\/\/secure.gravatar.com\/avatar\/03179346ecce6cdfc13361603e8f54242a90e5cde8618fa23c5c00aa2b0aadf3?s=96&d=mm&r=g","contentUrl":"https:\/\/secure.gravatar.com\/avatar\/03179346ecce6cdfc13361603e8f54242a90e5cde8618fa23c5c00aa2b0aadf3?s=96&d=mm&r=g","caption":"Reda\u00e7\u00e3o"},"sameAs":["https:\/\/noticiaempauta.com\/portal\/"],"url":"https:\/\/noticiaempauta.com\/portal\/author\/fernando\/"}]}},"_links":{"self":[{"href":"https:\/\/noticiaempauta.com\/portal\/wp-json\/wp\/v2\/posts\/264063","targetHints":{"allow":["GET"]}}],"collection":[{"href":"https:\/\/noticiaempauta.com\/portal\/wp-json\/wp\/v2\/posts"}],"about":[{"href":"https:\/\/noticiaempauta.com\/portal\/wp-json\/wp\/v2\/types\/post"}],"author":[{"embeddable":true,"href":"https:\/\/noticiaempauta.com\/portal\/wp-json\/wp\/v2\/users\/2"}],"replies":[{"embeddable":true,"href":"https:\/\/noticiaempauta.com\/portal\/wp-json\/wp\/v2\/comments?post=264063"}],"version-history":[{"count":2,"href":"https:\/\/noticiaempauta.com\/portal\/wp-json\/wp\/v2\/posts\/264063\/revisions"}],"predecessor-version":[{"id":264065,"href":"https:\/\/noticiaempauta.com\/portal\/wp-json\/wp\/v2\/posts\/264063\/revisions\/264065"}],"wp:featuredmedia":[{"embeddable":true,"href":"https:\/\/noticiaempauta.com\/portal\/wp-json\/wp\/v2\/media\/261632"}],"wp:attachment":[{"href":"https:\/\/noticiaempauta.com\/portal\/wp-json\/wp\/v2\/media?parent=264063"}],"wp:term":[{"taxonomy":"category","embeddable":true,"href":"https:\/\/noticiaempauta.com\/portal\/wp-json\/wp\/v2\/categories?post=264063"},{"taxonomy":"post_tag","embeddable":true,"href":"https:\/\/noticiaempauta.com\/portal\/wp-json\/wp\/v2\/tags?post=264063"}],"curies":[{"name":"wp","href":"https:\/\/api.w.org\/{rel}","templated":true}]}}