{"id":264078,"date":"2024-11-15T16:45:02","date_gmt":"2024-11-15T19:45:02","guid":{"rendered":"https:\/\/noticiaempauta.com\/portal\/?p=264078"},"modified":"2024-11-15T16:45:03","modified_gmt":"2024-11-15T19:45:03","slug":"bandido-e-preso-e-outro-morto-em-confronto-com-a-pm-em-caldeirao-grande-dupla-roubava-carros-no-pi-e-pe","status":"publish","type":"post","link":"https:\/\/noticiaempauta.com\/portal\/bandido-e-preso-e-outro-morto-em-confronto-com-a-pm-em-caldeirao-grande-dupla-roubava-carros-no-pi-e-pe\/","title":{"rendered":"Bandido \u00e9 preso e outro morto em confronto com a PM em Caldeir\u00e3o Grande; dupla roubava carros no PI e PE"},"content":{"rendered":"\n<p>Uma opera\u00e7\u00e3o conjunta entre for\u00e7as de seguran\u00e7a do Piau\u00ed e Pernambuco resultou na pris\u00e3o de um suspeito, na morte de outro e na recupera\u00e7\u00e3o de um ve\u00edculo roubado.<\/p>\n\n\n\n<figure class=\"wp-block-image size-large\"><img fetchpriority=\"high\" decoding=\"async\" width=\"1024\" height=\"693\" src=\"https:\/\/noticiaempauta.com\/portal\/wp-content\/uploads\/2024\/11\/IMG_6497-1024x693.jpeg\" alt=\"\" class=\"wp-image-264079\" srcset=\"https:\/\/noticiaempauta.com\/portal\/wp-content\/uploads\/2024\/11\/IMG_6497-1024x693.jpeg 1024w, https:\/\/noticiaempauta.com\/portal\/wp-content\/uploads\/2024\/11\/IMG_6497-300x203.jpeg 300w, https:\/\/noticiaempauta.com\/portal\/wp-content\/uploads\/2024\/11\/IMG_6497-768x520.jpeg 768w, https:\/\/noticiaempauta.com\/portal\/wp-content\/uploads\/2024\/11\/IMG_6497.jpeg 1279w\" sizes=\"(max-width: 1024px) 100vw, 1024px\" \/><\/figure>\n\n\n\n<p>A a\u00e7\u00e3o teve in\u00edcio na tarde desta quinta-feira, 14 de novembro, e mobilizou equipes de diversas unidades, incluindo o 20\u00b0 BPM de Paulistana, o GPM de Marcol\u00e2ndia, o GPM de Caldeir\u00e3o Grande do Piau\u00ed, o BEPI-PI e a 9\u00aa<\/p>\n\n\n\n<p>Companhia Independente da PM de Araripina.<\/p>\n\n\n\n<figure class=\"wp-block-image size-large\"><img decoding=\"async\" width=\"1024\" height=\"552\" src=\"https:\/\/noticiaempauta.com\/portal\/wp-content\/uploads\/2024\/11\/IMG_6498-1024x552.jpeg\" alt=\"\" class=\"wp-image-264080\" srcset=\"https:\/\/noticiaempauta.com\/portal\/wp-content\/uploads\/2024\/11\/IMG_6498-1024x552.jpeg 1024w, https:\/\/noticiaempauta.com\/portal\/wp-content\/uploads\/2024\/11\/IMG_6498-300x162.jpeg 300w, https:\/\/noticiaempauta.com\/portal\/wp-content\/uploads\/2024\/11\/IMG_6498-768x414.jpeg 768w, https:\/\/noticiaempauta.com\/portal\/wp-content\/uploads\/2024\/11\/IMG_6498.jpeg 1182w\" sizes=\"(max-width: 1024px) 100vw, 1024px\" \/><\/figure>\n\n\n\n<p><strong>O in\u00edcio da opera\u00e7\u00e3o<\/strong><\/p>\n\n\n\n<p>Por volta das 14h20, a equipe policial foi acionada ap\u00f3s dois indiv\u00edduos roubarem um ve\u00edculo Hyundai HB20, de cor cinza, no centro de Araripina-PE, levando como ref\u00e9m a propriet\u00e1ria, identificada como policial militar. Os criminosos fugiram pela BR-316 em dire\u00e7\u00e3o ao Piau\u00ed. A ref\u00e9m foi libertada pouco depois, na zona rural de Araripina.<\/p>\n\n\n\n<p>Com as informa\u00e7\u00f5es, foi montada uma barreira policial na rodovia BR-316 e realizadas dilig\u00eancias na regi\u00e3o. Durante as buscas, o ve\u00edculo tomado de assalto foi avistado em uma estrada vicinal na zona rural de Caldeir\u00e3o Grande do Piau\u00ed.<\/p>\n\n\n\n<p>Os suspeitos tentaram fugir da pol\u00edcia e foram perseguidos. Na tentativa de fuga, o motorista perdeu o controle do ve\u00edculo pr\u00f3ximo a ladeira da Serra Caminho Novo e rodou na estrada, o que for\u00e7ou os criminosos a abandon\u00e1-lo e fugirem para o matagal.<\/p>\n\n\n\n<p><strong>Pris\u00e3o e confiss\u00e3o<\/strong><\/p>\n\n\n\n<p>A Pol\u00edcia deu continuidade na persegui\u00e7\u00e3o e um dos suspeitos, identificado como G.C.S.J., foi capturado. Ele revelou detalhes sobre o esquema da quadrilha, que atuava em roubos de ve\u00edculos em cidades do Nordeste, com destino final em Fortaleza-CE.<\/p>\n\n\n\n<p>Na Delegacia de Sim\u00f5es, G.C.S.J. revelou que recebia de 4 a 5 mil reais, dependendo do ve\u00edculo, esquentava o ve\u00edculo em Juazeiro do Norte, no Cear\u00e1, depois levava para Fortaleza.<\/p>\n\n\n\n<p>O assaltante informou a rela\u00e7\u00e3o de pelo menos cinco ve\u00edculos roubados ou furtados pelo bando no Piau\u00ed e no Pernambuco. Veja:<\/p>\n\n\n\n<p>\u2013 01 Toyota Corolla, em Petrolina -PE;<br>\u2013 01 Toyota Hilux, em Paulistana-PI;<br>\u2013 01 Fiat Strada, em Araripina-PE;<br>\u2013 01 Chevrolet Prisma, em Padre Marcos -Pl<br>\u2013 01 Hyundai&nbsp;HB20, em Araripina -PE.<\/p>\n\n\n\n<p><strong>Confronto e morte<\/strong><\/p>\n\n\n\n<p>As buscas continuaram na regi\u00e3o da serra durante a noite com a participa\u00e7\u00e3o de policiais dos Grupamentos da Pol\u00edcia Militar de Marcol\u00e2ndia, Caldeir\u00e3o Grande, Francisco Macedo, da For\u00e7a T\u00e1tica de Fronteiras, da 9\u00aa Companhia Independente de Araripina -PE, do BEPI do Cear\u00e1.<\/p>\n\n\n\n<p>Na manh\u00e3 desta sexta-feira (15) os policiais obtiveram informa\u00e7\u00f5es de moradores da comunidade que uma pessoa com as mesmas caracter\u00edsticas estava escondido no matagal na localidade Serra dos Caboclo, na zona rural de Caldeir\u00e3o Grande do Piau\u00ed.<\/p>\n\n\n\n<p>Segundo relatou o capit\u00e3o Sobrinho, os policiais montaram o cerco, e ao se aproximarem, foram recepcionados a tiro. \u201cA pol\u00edcia deu ordem para que o assaltante se entregasse, por\u00e9m, o nacional continuou atirando em dire\u00e7\u00e3o a equipe de servi\u00e7o.\u201d, disse o oficial.<\/p>\n\n\n\n<p>Os policiais reagiram e dispararam contra o suspeito. Assaltante ainda foi levado ao hospital municipal de Caldeir\u00e3o Grande, mas n\u00e3o resistiu e morreu. O homem foi identificado pelas iniciais K.B.C.C.<\/p>\n\n\n\n<p><strong>Desdobramentos<\/strong><\/p>\n\n\n\n<p>A a\u00e7\u00e3o evidenciou a atua\u00e7\u00e3o de uma quadrilha interestadual especializada em roubo e \u201cesquentamento\u201d de ve\u00edculos, refor\u00e7ando a necessidade de a\u00e7\u00f5es integradas entre os estados no combate ao crime organizado.<\/p>\n\n\n\n<p>O caso foi encaminhado \u00e0 Delegacia Regional de Pol\u00edcia Civil em Sim\u00f5es, que deve investigar o caso para identificar outros membros e ramifica\u00e7\u00f5es da quadrilha.<\/p>\n\n\n\n<p>Capit\u00e3o Sobrinho, comandante da 2\u00aa Companhia do 20\u00ba BPM, destacou o comprometimento das equipes envolvidas e a import\u00e2ncia do trabalho conjunto para a desarticula\u00e7\u00e3o do grupo criminoso.<\/p>\n\n\n\n<p>Fonte: CidadesnaNet <\/p>\n","protected":false},"excerpt":{"rendered":"<p>Uma opera\u00e7\u00e3o conjunta entre for\u00e7as de seguran\u00e7a do Piau\u00ed e Pernambuco resultou na pris\u00e3o de um suspeito, na morte de outro e na recupera\u00e7\u00e3o de um ve\u00edculo roubado. A a\u00e7\u00e3o teve in\u00edcio na tarde desta quinta-feira, 14 de novembro, e mobilizou equipes de diversas unidades, incluindo o 20\u00b0 BPM de Paulistana, o GPM de Marcol\u00e2ndia, [&hellip;]<\/p>\n","protected":false},"author":2,"featured_media":264080,"comment_status":"open","ping_status":"open","sticky":false,"template":"","format":"standard","meta":{"_mi_skip_tracking":false,"footnotes":""},"categories":[25,1,9,137,16],"tags":[],"class_list":["post-264078","post","type-post","status-publish","format-standard","has-post-thumbnail","hentry","category-destaques-site","category-geral","category-municipios","category-policia","category-todas"],"acf":[],"yoast_head":"<!-- This site is optimized with the Yoast SEO Premium plugin v19.2 (Yoast SEO v26.9) - https:\/\/yoast.com\/product\/yoast-seo-premium-wordpress\/ -->\n<title>Bandido \u00e9 preso e outro morto em confronto com a PM em Caldeir\u00e3o Grande; dupla roubava carros no PI e PE - Portal Not\u00edcia em Pauta<\/title>\n<meta name=\"robots\" content=\"index, follow, max-snippet:-1, max-image-preview:large, max-video-preview:-1\" \/>\n<link rel=\"canonical\" href=\"https:\/\/noticiaempauta.com\/portal\/bandido-e-preso-e-outro-morto-em-confronto-com-a-pm-em-caldeirao-grande-dupla-roubava-carros-no-pi-e-pe\/\" \/>\n<meta property=\"og:locale\" content=\"pt_BR\" \/>\n<meta property=\"og:type\" content=\"article\" \/>\n<meta property=\"og:title\" content=\"Bandido \u00e9 preso e outro morto em confronto com a PM em Caldeir\u00e3o Grande; dupla roubava carros no PI e PE\" \/>\n<meta property=\"og:description\" content=\"Uma opera\u00e7\u00e3o conjunta entre for\u00e7as de seguran\u00e7a do Piau\u00ed e Pernambuco resultou na pris\u00e3o de um suspeito, na morte de outro e na recupera\u00e7\u00e3o de um ve\u00edculo roubado. A a\u00e7\u00e3o teve in\u00edcio na tarde desta quinta-feira, 14 de novembro, e mobilizou equipes de diversas unidades, incluindo o 20\u00b0 BPM de Paulistana, o GPM de Marcol\u00e2ndia, [&hellip;]\" \/>\n<meta property=\"og:url\" content=\"https:\/\/noticiaempauta.com\/portal\/bandido-e-preso-e-outro-morto-em-confronto-com-a-pm-em-caldeirao-grande-dupla-roubava-carros-no-pi-e-pe\/\" \/>\n<meta property=\"og:site_name\" content=\"Portal Not\u00edcia em Pauta\" \/>\n<meta property=\"article:publisher\" content=\"https:\/\/www.facebook.com\/Portal-Notcia-Em-Pauta-102292869264820\/\" \/>\n<meta property=\"article:published_time\" content=\"2024-11-15T19:45:02+00:00\" \/>\n<meta property=\"article:modified_time\" content=\"2024-11-15T19:45:03+00:00\" \/>\n<meta property=\"og:image\" content=\"https:\/\/noticiaempauta.com\/portal\/wp-content\/uploads\/2024\/11\/IMG_6498.jpeg\" \/>\n\t<meta property=\"og:image:width\" content=\"1182\" \/>\n\t<meta property=\"og:image:height\" content=\"637\" \/>\n\t<meta property=\"og:image:type\" content=\"image\/jpeg\" \/>\n<meta name=\"author\" content=\"Reda\u00e7\u00e3o\" \/>\n<meta name=\"twitter:card\" content=\"summary_large_image\" \/>\n<meta name=\"twitter:label1\" content=\"Escrito por\" \/>\n\t<meta name=\"twitter:data1\" content=\"Reda\u00e7\u00e3o\" \/>\n\t<meta name=\"twitter:label2\" content=\"Est. tempo de leitura\" \/>\n\t<meta name=\"twitter:data2\" content=\"4 minutos\" \/>\n<script type=\"application\/ld+json\" class=\"yoast-schema-graph\">{\"@context\":\"https:\/\/schema.org\",\"@graph\":[{\"@type\":\"Article\",\"@id\":\"https:\/\/noticiaempauta.com\/portal\/bandido-e-preso-e-outro-morto-em-confronto-com-a-pm-em-caldeirao-grande-dupla-roubava-carros-no-pi-e-pe\/#article\",\"isPartOf\":{\"@id\":\"https:\/\/noticiaempauta.com\/portal\/bandido-e-preso-e-outro-morto-em-confronto-com-a-pm-em-caldeirao-grande-dupla-roubava-carros-no-pi-e-pe\/\"},\"author\":{\"name\":\"Reda\u00e7\u00e3o\",\"@id\":\"https:\/\/noticiaempauta.com\/portal\/#\/schema\/person\/a74af43dd1ab3deca45f988c717d57ac\"},\"headline\":\"Bandido \u00e9 preso e outro morto em confronto com a PM em Caldeir\u00e3o Grande; dupla roubava carros no PI e PE\",\"datePublished\":\"2024-11-15T19:45:02+00:00\",\"dateModified\":\"2024-11-15T19:45:03+00:00\",\"mainEntityOfPage\":{\"@id\":\"https:\/\/noticiaempauta.com\/portal\/bandido-e-preso-e-outro-morto-em-confronto-com-a-pm-em-caldeirao-grande-dupla-roubava-carros-no-pi-e-pe\/\"},\"wordCount\":654,\"commentCount\":0,\"publisher\":{\"@id\":\"https:\/\/noticiaempauta.com\/portal\/#organization\"},\"image\":{\"@id\":\"https:\/\/noticiaempauta.com\/portal\/bandido-e-preso-e-outro-morto-em-confronto-com-a-pm-em-caldeirao-grande-dupla-roubava-carros-no-pi-e-pe\/#primaryimage\"},\"thumbnailUrl\":\"https:\/\/noticiaempauta.com\/portal\/wp-content\/uploads\/2024\/11\/IMG_6498.jpeg\",\"articleSection\":[\"Destaques\",\"Geral\",\"Munic\u00edpios\",\"Pol\u00edcia\",\"Todas as Not\u00edcias\"],\"inLanguage\":\"pt-BR\",\"potentialAction\":[{\"@type\":\"CommentAction\",\"name\":\"Comment\",\"target\":[\"https:\/\/noticiaempauta.com\/portal\/bandido-e-preso-e-outro-morto-em-confronto-com-a-pm-em-caldeirao-grande-dupla-roubava-carros-no-pi-e-pe\/#respond\"]}]},{\"@type\":\"WebPage\",\"@id\":\"https:\/\/noticiaempauta.com\/portal\/bandido-e-preso-e-outro-morto-em-confronto-com-a-pm-em-caldeirao-grande-dupla-roubava-carros-no-pi-e-pe\/\",\"url\":\"https:\/\/noticiaempauta.com\/portal\/bandido-e-preso-e-outro-morto-em-confronto-com-a-pm-em-caldeirao-grande-dupla-roubava-carros-no-pi-e-pe\/\",\"name\":\"Bandido \u00e9 preso e outro morto em confronto com a PM em Caldeir\u00e3o Grande; dupla roubava carros no PI e PE - Portal Not\u00edcia em Pauta\",\"isPartOf\":{\"@id\":\"https:\/\/noticiaempauta.com\/portal\/#website\"},\"primaryImageOfPage\":{\"@id\":\"https:\/\/noticiaempauta.com\/portal\/bandido-e-preso-e-outro-morto-em-confronto-com-a-pm-em-caldeirao-grande-dupla-roubava-carros-no-pi-e-pe\/#primaryimage\"},\"image\":{\"@id\":\"https:\/\/noticiaempauta.com\/portal\/bandido-e-preso-e-outro-morto-em-confronto-com-a-pm-em-caldeirao-grande-dupla-roubava-carros-no-pi-e-pe\/#primaryimage\"},\"thumbnailUrl\":\"https:\/\/noticiaempauta.com\/portal\/wp-content\/uploads\/2024\/11\/IMG_6498.jpeg\",\"datePublished\":\"2024-11-15T19:45:02+00:00\",\"dateModified\":\"2024-11-15T19:45:03+00:00\",\"breadcrumb\":{\"@id\":\"https:\/\/noticiaempauta.com\/portal\/bandido-e-preso-e-outro-morto-em-confronto-com-a-pm-em-caldeirao-grande-dupla-roubava-carros-no-pi-e-pe\/#breadcrumb\"},\"inLanguage\":\"pt-BR\",\"potentialAction\":[{\"@type\":\"ReadAction\",\"target\":[\"https:\/\/noticiaempauta.com\/portal\/bandido-e-preso-e-outro-morto-em-confronto-com-a-pm-em-caldeirao-grande-dupla-roubava-carros-no-pi-e-pe\/\"]}]},{\"@type\":\"ImageObject\",\"inLanguage\":\"pt-BR\",\"@id\":\"https:\/\/noticiaempauta.com\/portal\/bandido-e-preso-e-outro-morto-em-confronto-com-a-pm-em-caldeirao-grande-dupla-roubava-carros-no-pi-e-pe\/#primaryimage\",\"url\":\"https:\/\/noticiaempauta.com\/portal\/wp-content\/uploads\/2024\/11\/IMG_6498.jpeg\",\"contentUrl\":\"https:\/\/noticiaempauta.com\/portal\/wp-content\/uploads\/2024\/11\/IMG_6498.jpeg\",\"width\":1182,\"height\":637},{\"@type\":\"BreadcrumbList\",\"@id\":\"https:\/\/noticiaempauta.com\/portal\/bandido-e-preso-e-outro-morto-em-confronto-com-a-pm-em-caldeirao-grande-dupla-roubava-carros-no-pi-e-pe\/#breadcrumb\",\"itemListElement\":[{\"@type\":\"ListItem\",\"position\":1,\"name\":\"P\u00e1gina Inicial\",\"item\":\"https:\/\/noticiaempauta.com\/portal\/\"},{\"@type\":\"ListItem\",\"position\":2,\"name\":\"Destaques\",\"item\":\"https:\/\/noticiaempauta.com\/portal\/destaques-site\/\"},{\"@type\":\"ListItem\",\"position\":3,\"name\":\"Bandido \u00e9 preso e outro morto em confronto com a PM em Caldeir\u00e3o Grande; dupla roubava carros no PI e PE\"}]},{\"@type\":\"WebSite\",\"@id\":\"https:\/\/noticiaempauta.com\/portal\/#website\",\"url\":\"https:\/\/noticiaempauta.com\/portal\/\",\"name\":\"Portal Not\u00edcia em Pauta\",\"description\":\"Voc\u00ea bem informado\",\"publisher\":{\"@id\":\"https:\/\/noticiaempauta.com\/portal\/#organization\"},\"potentialAction\":[{\"@type\":\"SearchAction\",\"target\":{\"@type\":\"EntryPoint\",\"urlTemplate\":\"https:\/\/noticiaempauta.com\/portal\/?s={search_term_string}\"},\"query-input\":{\"@type\":\"PropertyValueSpecification\",\"valueRequired\":true,\"valueName\":\"search_term_string\"}}],\"inLanguage\":\"pt-BR\"},{\"@type\":\"Organization\",\"@id\":\"https:\/\/noticiaempauta.com\/portal\/#organization\",\"name\":\"Portal Not\u00edcia em Pauta\",\"url\":\"https:\/\/noticiaempauta.com\/portal\/\",\"logo\":{\"@type\":\"ImageObject\",\"inLanguage\":\"pt-BR\",\"@id\":\"https:\/\/noticiaempauta.com\/portal\/#\/schema\/logo\/image\/\",\"url\":\"https:\/\/noticiaempauta.com\/portal\/wp-content\/uploads\/2022\/08\/logomarca_tema.fw_.png\",\"contentUrl\":\"https:\/\/noticiaempauta.com\/portal\/wp-content\/uploads\/2022\/08\/logomarca_tema.fw_.png\",\"width\":400,\"height\":232,\"caption\":\"Portal Not\u00edcia em Pauta\"},\"image\":{\"@id\":\"https:\/\/noticiaempauta.com\/portal\/#\/schema\/logo\/image\/\"},\"sameAs\":[\"https:\/\/www.facebook.com\/Portal-Notcia-Em-Pauta-102292869264820\/\",\"https:\/\/www.instagram.com\/portalnoticiaempauta\/\"]},{\"@type\":\"Person\",\"@id\":\"https:\/\/noticiaempauta.com\/portal\/#\/schema\/person\/a74af43dd1ab3deca45f988c717d57ac\",\"name\":\"Reda\u00e7\u00e3o\",\"image\":{\"@type\":\"ImageObject\",\"inLanguage\":\"pt-BR\",\"@id\":\"https:\/\/noticiaempauta.com\/portal\/#\/schema\/person\/image\/\",\"url\":\"https:\/\/secure.gravatar.com\/avatar\/03179346ecce6cdfc13361603e8f54242a90e5cde8618fa23c5c00aa2b0aadf3?s=96&d=mm&r=g\",\"contentUrl\":\"https:\/\/secure.gravatar.com\/avatar\/03179346ecce6cdfc13361603e8f54242a90e5cde8618fa23c5c00aa2b0aadf3?s=96&d=mm&r=g\",\"caption\":\"Reda\u00e7\u00e3o\"},\"sameAs\":[\"https:\/\/noticiaempauta.com\/portal\/\"],\"url\":\"https:\/\/noticiaempauta.com\/portal\/author\/fernando\/\"}]}<\/script>\n<!-- \/ Yoast SEO Premium plugin. -->","yoast_head_json":{"title":"Bandido \u00e9 preso e outro morto em confronto com a PM em Caldeir\u00e3o Grande; dupla roubava carros no PI e PE - Portal Not\u00edcia em Pauta","robots":{"index":"index","follow":"follow","max-snippet":"max-snippet:-1","max-image-preview":"max-image-preview:large","max-video-preview":"max-video-preview:-1"},"canonical":"https:\/\/noticiaempauta.com\/portal\/bandido-e-preso-e-outro-morto-em-confronto-com-a-pm-em-caldeirao-grande-dupla-roubava-carros-no-pi-e-pe\/","og_locale":"pt_BR","og_type":"article","og_title":"Bandido \u00e9 preso e outro morto em confronto com a PM em Caldeir\u00e3o Grande; dupla roubava carros no PI e PE","og_description":"Uma opera\u00e7\u00e3o conjunta entre for\u00e7as de seguran\u00e7a do Piau\u00ed e Pernambuco resultou na pris\u00e3o de um suspeito, na morte de outro e na recupera\u00e7\u00e3o de um ve\u00edculo roubado. A a\u00e7\u00e3o teve in\u00edcio na tarde desta quinta-feira, 14 de novembro, e mobilizou equipes de diversas unidades, incluindo o 20\u00b0 BPM de Paulistana, o GPM de Marcol\u00e2ndia, [&hellip;]","og_url":"https:\/\/noticiaempauta.com\/portal\/bandido-e-preso-e-outro-morto-em-confronto-com-a-pm-em-caldeirao-grande-dupla-roubava-carros-no-pi-e-pe\/","og_site_name":"Portal Not\u00edcia em Pauta","article_publisher":"https:\/\/www.facebook.com\/Portal-Notcia-Em-Pauta-102292869264820\/","article_published_time":"2024-11-15T19:45:02+00:00","article_modified_time":"2024-11-15T19:45:03+00:00","og_image":[{"width":1182,"height":637,"url":"https:\/\/noticiaempauta.com\/portal\/wp-content\/uploads\/2024\/11\/IMG_6498.jpeg","type":"image\/jpeg"}],"author":"Reda\u00e7\u00e3o","twitter_card":"summary_large_image","twitter_misc":{"Escrito por":"Reda\u00e7\u00e3o","Est. tempo de leitura":"4 minutos"},"schema":{"@context":"https:\/\/schema.org","@graph":[{"@type":"Article","@id":"https:\/\/noticiaempauta.com\/portal\/bandido-e-preso-e-outro-morto-em-confronto-com-a-pm-em-caldeirao-grande-dupla-roubava-carros-no-pi-e-pe\/#article","isPartOf":{"@id":"https:\/\/noticiaempauta.com\/portal\/bandido-e-preso-e-outro-morto-em-confronto-com-a-pm-em-caldeirao-grande-dupla-roubava-carros-no-pi-e-pe\/"},"author":{"name":"Reda\u00e7\u00e3o","@id":"https:\/\/noticiaempauta.com\/portal\/#\/schema\/person\/a74af43dd1ab3deca45f988c717d57ac"},"headline":"Bandido \u00e9 preso e outro morto em confronto com a PM em Caldeir\u00e3o Grande; dupla roubava carros no PI e PE","datePublished":"2024-11-15T19:45:02+00:00","dateModified":"2024-11-15T19:45:03+00:00","mainEntityOfPage":{"@id":"https:\/\/noticiaempauta.com\/portal\/bandido-e-preso-e-outro-morto-em-confronto-com-a-pm-em-caldeirao-grande-dupla-roubava-carros-no-pi-e-pe\/"},"wordCount":654,"commentCount":0,"publisher":{"@id":"https:\/\/noticiaempauta.com\/portal\/#organization"},"image":{"@id":"https:\/\/noticiaempauta.com\/portal\/bandido-e-preso-e-outro-morto-em-confronto-com-a-pm-em-caldeirao-grande-dupla-roubava-carros-no-pi-e-pe\/#primaryimage"},"thumbnailUrl":"https:\/\/noticiaempauta.com\/portal\/wp-content\/uploads\/2024\/11\/IMG_6498.jpeg","articleSection":["Destaques","Geral","Munic\u00edpios","Pol\u00edcia","Todas as Not\u00edcias"],"inLanguage":"pt-BR","potentialAction":[{"@type":"CommentAction","name":"Comment","target":["https:\/\/noticiaempauta.com\/portal\/bandido-e-preso-e-outro-morto-em-confronto-com-a-pm-em-caldeirao-grande-dupla-roubava-carros-no-pi-e-pe\/#respond"]}]},{"@type":"WebPage","@id":"https:\/\/noticiaempauta.com\/portal\/bandido-e-preso-e-outro-morto-em-confronto-com-a-pm-em-caldeirao-grande-dupla-roubava-carros-no-pi-e-pe\/","url":"https:\/\/noticiaempauta.com\/portal\/bandido-e-preso-e-outro-morto-em-confronto-com-a-pm-em-caldeirao-grande-dupla-roubava-carros-no-pi-e-pe\/","name":"Bandido \u00e9 preso e outro morto em confronto com a PM em Caldeir\u00e3o Grande; dupla roubava carros no PI e PE - Portal Not\u00edcia em Pauta","isPartOf":{"@id":"https:\/\/noticiaempauta.com\/portal\/#website"},"primaryImageOfPage":{"@id":"https:\/\/noticiaempauta.com\/portal\/bandido-e-preso-e-outro-morto-em-confronto-com-a-pm-em-caldeirao-grande-dupla-roubava-carros-no-pi-e-pe\/#primaryimage"},"image":{"@id":"https:\/\/noticiaempauta.com\/portal\/bandido-e-preso-e-outro-morto-em-confronto-com-a-pm-em-caldeirao-grande-dupla-roubava-carros-no-pi-e-pe\/#primaryimage"},"thumbnailUrl":"https:\/\/noticiaempauta.com\/portal\/wp-content\/uploads\/2024\/11\/IMG_6498.jpeg","datePublished":"2024-11-15T19:45:02+00:00","dateModified":"2024-11-15T19:45:03+00:00","breadcrumb":{"@id":"https:\/\/noticiaempauta.com\/portal\/bandido-e-preso-e-outro-morto-em-confronto-com-a-pm-em-caldeirao-grande-dupla-roubava-carros-no-pi-e-pe\/#breadcrumb"},"inLanguage":"pt-BR","potentialAction":[{"@type":"ReadAction","target":["https:\/\/noticiaempauta.com\/portal\/bandido-e-preso-e-outro-morto-em-confronto-com-a-pm-em-caldeirao-grande-dupla-roubava-carros-no-pi-e-pe\/"]}]},{"@type":"ImageObject","inLanguage":"pt-BR","@id":"https:\/\/noticiaempauta.com\/portal\/bandido-e-preso-e-outro-morto-em-confronto-com-a-pm-em-caldeirao-grande-dupla-roubava-carros-no-pi-e-pe\/#primaryimage","url":"https:\/\/noticiaempauta.com\/portal\/wp-content\/uploads\/2024\/11\/IMG_6498.jpeg","contentUrl":"https:\/\/noticiaempauta.com\/portal\/wp-content\/uploads\/2024\/11\/IMG_6498.jpeg","width":1182,"height":637},{"@type":"BreadcrumbList","@id":"https:\/\/noticiaempauta.com\/portal\/bandido-e-preso-e-outro-morto-em-confronto-com-a-pm-em-caldeirao-grande-dupla-roubava-carros-no-pi-e-pe\/#breadcrumb","itemListElement":[{"@type":"ListItem","position":1,"name":"P\u00e1gina Inicial","item":"https:\/\/noticiaempauta.com\/portal\/"},{"@type":"ListItem","position":2,"name":"Destaques","item":"https:\/\/noticiaempauta.com\/portal\/destaques-site\/"},{"@type":"ListItem","position":3,"name":"Bandido \u00e9 preso e outro morto em confronto com a PM em Caldeir\u00e3o Grande; dupla roubava carros no PI e PE"}]},{"@type":"WebSite","@id":"https:\/\/noticiaempauta.com\/portal\/#website","url":"https:\/\/noticiaempauta.com\/portal\/","name":"Portal Not\u00edcia em Pauta","description":"Voc\u00ea bem informado","publisher":{"@id":"https:\/\/noticiaempauta.com\/portal\/#organization"},"potentialAction":[{"@type":"SearchAction","target":{"@type":"EntryPoint","urlTemplate":"https:\/\/noticiaempauta.com\/portal\/?s={search_term_string}"},"query-input":{"@type":"PropertyValueSpecification","valueRequired":true,"valueName":"search_term_string"}}],"inLanguage":"pt-BR"},{"@type":"Organization","@id":"https:\/\/noticiaempauta.com\/portal\/#organization","name":"Portal Not\u00edcia em Pauta","url":"https:\/\/noticiaempauta.com\/portal\/","logo":{"@type":"ImageObject","inLanguage":"pt-BR","@id":"https:\/\/noticiaempauta.com\/portal\/#\/schema\/logo\/image\/","url":"https:\/\/noticiaempauta.com\/portal\/wp-content\/uploads\/2022\/08\/logomarca_tema.fw_.png","contentUrl":"https:\/\/noticiaempauta.com\/portal\/wp-content\/uploads\/2022\/08\/logomarca_tema.fw_.png","width":400,"height":232,"caption":"Portal Not\u00edcia em Pauta"},"image":{"@id":"https:\/\/noticiaempauta.com\/portal\/#\/schema\/logo\/image\/"},"sameAs":["https:\/\/www.facebook.com\/Portal-Notcia-Em-Pauta-102292869264820\/","https:\/\/www.instagram.com\/portalnoticiaempauta\/"]},{"@type":"Person","@id":"https:\/\/noticiaempauta.com\/portal\/#\/schema\/person\/a74af43dd1ab3deca45f988c717d57ac","name":"Reda\u00e7\u00e3o","image":{"@type":"ImageObject","inLanguage":"pt-BR","@id":"https:\/\/noticiaempauta.com\/portal\/#\/schema\/person\/image\/","url":"https:\/\/secure.gravatar.com\/avatar\/03179346ecce6cdfc13361603e8f54242a90e5cde8618fa23c5c00aa2b0aadf3?s=96&d=mm&r=g","contentUrl":"https:\/\/secure.gravatar.com\/avatar\/03179346ecce6cdfc13361603e8f54242a90e5cde8618fa23c5c00aa2b0aadf3?s=96&d=mm&r=g","caption":"Reda\u00e7\u00e3o"},"sameAs":["https:\/\/noticiaempauta.com\/portal\/"],"url":"https:\/\/noticiaempauta.com\/portal\/author\/fernando\/"}]}},"_links":{"self":[{"href":"https:\/\/noticiaempauta.com\/portal\/wp-json\/wp\/v2\/posts\/264078","targetHints":{"allow":["GET"]}}],"collection":[{"href":"https:\/\/noticiaempauta.com\/portal\/wp-json\/wp\/v2\/posts"}],"about":[{"href":"https:\/\/noticiaempauta.com\/portal\/wp-json\/wp\/v2\/types\/post"}],"author":[{"embeddable":true,"href":"https:\/\/noticiaempauta.com\/portal\/wp-json\/wp\/v2\/users\/2"}],"replies":[{"embeddable":true,"href":"https:\/\/noticiaempauta.com\/portal\/wp-json\/wp\/v2\/comments?post=264078"}],"version-history":[{"count":1,"href":"https:\/\/noticiaempauta.com\/portal\/wp-json\/wp\/v2\/posts\/264078\/revisions"}],"predecessor-version":[{"id":264081,"href":"https:\/\/noticiaempauta.com\/portal\/wp-json\/wp\/v2\/posts\/264078\/revisions\/264081"}],"wp:featuredmedia":[{"embeddable":true,"href":"https:\/\/noticiaempauta.com\/portal\/wp-json\/wp\/v2\/media\/264080"}],"wp:attachment":[{"href":"https:\/\/noticiaempauta.com\/portal\/wp-json\/wp\/v2\/media?parent=264078"}],"wp:term":[{"taxonomy":"category","embeddable":true,"href":"https:\/\/noticiaempauta.com\/portal\/wp-json\/wp\/v2\/categories?post=264078"},{"taxonomy":"post_tag","embeddable":true,"href":"https:\/\/noticiaempauta.com\/portal\/wp-json\/wp\/v2\/tags?post=264078"}],"curies":[{"name":"wp","href":"https:\/\/api.w.org\/{rel}","templated":true}]}}