{"id":264086,"date":"2024-11-16T08:52:00","date_gmt":"2024-11-16T11:52:00","guid":{"rendered":"https:\/\/noticiaempauta.com\/portal\/?p=264086"},"modified":"2024-11-16T08:52:01","modified_gmt":"2024-11-16T11:52:01","slug":"piaui-supera-media-regional-e-lidera-crescimento-da-renda-per-capita-no-nordeste","status":"publish","type":"post","link":"https:\/\/noticiaempauta.com\/portal\/piaui-supera-media-regional-e-lidera-crescimento-da-renda-per-capita-no-nordeste\/","title":{"rendered":"Piau\u00ed supera m\u00e9dia regional e lidera crescimento da renda per capita no Nordeste"},"content":{"rendered":"\n<p>O Piau\u00ed registrou o maior crescimento percentual da renda per capita no Nordeste, superando a m\u00e9dia regional e destacando-se no aumento dos rendimentos das fam\u00edlias rurais. O estado alcan\u00e7ou um crescimento de 20,90%, bem acima da m\u00e9dia da regi\u00e3o, que foi de 12,90%. Os dados foram divulgados no relat\u00f3rio Contas Regionais e Produto Interno Bruto, publicado pelo IBGE em parceria com a Secretaria de Estado do Planejamento (Seplan).<\/p>\n\n\n\n<p>O governador Rafael Fonteles comemorou o resultado e destacou a import\u00e2ncia dos investimentos no setor da agricultura familiar. &#8220;Esse desempenho \u00e9 uma prova de que os investimentos que temos feito na agricultura familiar trazem apenas benef\u00edcios: aumentam a produ\u00e7\u00e3o, melhoram a qualidade de vida no campo e movimentam a economia de todo o estado&#8221;, afirmou o governador em suas redes sociais.<\/p>\n\n\n\n<p>Al\u00e9m disso, o levantamento aponta que o Piau\u00ed \u00e9 o estado mais rural do Brasil, com 30,6% da sua popula\u00e7\u00e3o vivendo em \u00e1reas n\u00e3o urbanas. O crescimento na renda per capita das fam\u00edlias rurais reflete o sucesso das pol\u00edticas p\u00fablicas implementadas para fortalecer o setor agr\u00edcola no estado. &#8220;Esse v\u00ednculo com a terra est\u00e1 gerando \u00f3timos resultados. Estamos felizes de ver o Piau\u00ed cada vez mais forte!&#8221;, completou Rafael Fonteles.<\/p>\n","protected":false},"excerpt":{"rendered":"<p>O Piau\u00ed registrou o maior crescimento percentual da renda per capita no Nordeste, superando a m\u00e9dia regional e destacando-se no aumento dos rendimentos das fam\u00edlias rurais. O estado alcan\u00e7ou um crescimento de 20,90%, bem acima da m\u00e9dia da regi\u00e3o, que foi de 12,90%. Os dados foram divulgados no relat\u00f3rio Contas Regionais e Produto Interno Bruto, [&hellip;]<\/p>\n","protected":false},"author":2,"featured_media":264088,"comment_status":"open","ping_status":"open","sticky":false,"template":"","format":"standard","meta":{"_mi_skip_tracking":false,"footnotes":""},"categories":[25,6,1,16],"tags":[192],"class_list":["post-264086","post","type-post","status-publish","format-standard","has-post-thumbnail","hentry","category-destaques-site","category-economia","category-geral","category-todas","tag-destaqueprincipal"],"acf":[],"yoast_head":"<!-- This site is optimized with the Yoast SEO Premium plugin v19.2 (Yoast SEO v26.9) - https:\/\/yoast.com\/product\/yoast-seo-premium-wordpress\/ -->\n<title>Piau\u00ed supera m\u00e9dia regional e lidera crescimento da renda per capita no Nordeste - Portal Not\u00edcia em Pauta<\/title>\n<meta name=\"robots\" content=\"index, follow, max-snippet:-1, max-image-preview:large, max-video-preview:-1\" \/>\n<link rel=\"canonical\" href=\"https:\/\/noticiaempauta.com\/portal\/piaui-supera-media-regional-e-lidera-crescimento-da-renda-per-capita-no-nordeste\/\" \/>\n<meta property=\"og:locale\" content=\"pt_BR\" \/>\n<meta property=\"og:type\" content=\"article\" \/>\n<meta property=\"og:title\" content=\"Piau\u00ed supera m\u00e9dia regional e lidera crescimento da renda per capita no Nordeste\" \/>\n<meta property=\"og:description\" content=\"O Piau\u00ed registrou o maior crescimento percentual da renda per capita no Nordeste, superando a m\u00e9dia regional e destacando-se no aumento dos rendimentos das fam\u00edlias rurais. O estado alcan\u00e7ou um crescimento de 20,90%, bem acima da m\u00e9dia da regi\u00e3o, que foi de 12,90%. Os dados foram divulgados no relat\u00f3rio Contas Regionais e Produto Interno Bruto, [&hellip;]\" \/>\n<meta property=\"og:url\" content=\"https:\/\/noticiaempauta.com\/portal\/piaui-supera-media-regional-e-lidera-crescimento-da-renda-per-capita-no-nordeste\/\" \/>\n<meta property=\"og:site_name\" content=\"Portal Not\u00edcia em Pauta\" \/>\n<meta property=\"article:publisher\" content=\"https:\/\/www.facebook.com\/Portal-Notcia-Em-Pauta-102292869264820\/\" \/>\n<meta property=\"article:published_time\" content=\"2024-11-16T11:52:00+00:00\" \/>\n<meta property=\"article:modified_time\" content=\"2024-11-16T11:52:01+00:00\" \/>\n<meta property=\"og:image\" content=\"https:\/\/noticiaempauta.com\/portal\/wp-content\/uploads\/2024\/11\/IMG_6512-1-scaled.jpeg\" \/>\n\t<meta property=\"og:image:width\" content=\"2560\" \/>\n\t<meta property=\"og:image:height\" content=\"1583\" \/>\n\t<meta property=\"og:image:type\" content=\"image\/jpeg\" \/>\n<meta name=\"author\" content=\"Reda\u00e7\u00e3o\" \/>\n<meta name=\"twitter:card\" content=\"summary_large_image\" \/>\n<meta name=\"twitter:label1\" content=\"Escrito por\" \/>\n\t<meta name=\"twitter:data1\" content=\"Reda\u00e7\u00e3o\" \/>\n\t<meta name=\"twitter:label2\" content=\"Est. tempo de leitura\" \/>\n\t<meta name=\"twitter:data2\" content=\"2 minutos\" \/>\n<script type=\"application\/ld+json\" class=\"yoast-schema-graph\">{\"@context\":\"https:\/\/schema.org\",\"@graph\":[{\"@type\":\"Article\",\"@id\":\"https:\/\/noticiaempauta.com\/portal\/piaui-supera-media-regional-e-lidera-crescimento-da-renda-per-capita-no-nordeste\/#article\",\"isPartOf\":{\"@id\":\"https:\/\/noticiaempauta.com\/portal\/piaui-supera-media-regional-e-lidera-crescimento-da-renda-per-capita-no-nordeste\/\"},\"author\":{\"name\":\"Reda\u00e7\u00e3o\",\"@id\":\"https:\/\/noticiaempauta.com\/portal\/#\/schema\/person\/a74af43dd1ab3deca45f988c717d57ac\"},\"headline\":\"Piau\u00ed supera m\u00e9dia regional e lidera crescimento da renda per capita no Nordeste\",\"datePublished\":\"2024-11-16T11:52:00+00:00\",\"dateModified\":\"2024-11-16T11:52:01+00:00\",\"mainEntityOfPage\":{\"@id\":\"https:\/\/noticiaempauta.com\/portal\/piaui-supera-media-regional-e-lidera-crescimento-da-renda-per-capita-no-nordeste\/\"},\"wordCount\":225,\"commentCount\":0,\"publisher\":{\"@id\":\"https:\/\/noticiaempauta.com\/portal\/#organization\"},\"image\":{\"@id\":\"https:\/\/noticiaempauta.com\/portal\/piaui-supera-media-regional-e-lidera-crescimento-da-renda-per-capita-no-nordeste\/#primaryimage\"},\"thumbnailUrl\":\"https:\/\/noticiaempauta.com\/portal\/wp-content\/uploads\/2024\/11\/IMG_6512-1-scaled.jpeg\",\"keywords\":[\"destaqueprincipal\"],\"articleSection\":[\"Destaques\",\"Economia\",\"Geral\",\"Todas as Not\u00edcias\"],\"inLanguage\":\"pt-BR\",\"potentialAction\":[{\"@type\":\"CommentAction\",\"name\":\"Comment\",\"target\":[\"https:\/\/noticiaempauta.com\/portal\/piaui-supera-media-regional-e-lidera-crescimento-da-renda-per-capita-no-nordeste\/#respond\"]}]},{\"@type\":\"WebPage\",\"@id\":\"https:\/\/noticiaempauta.com\/portal\/piaui-supera-media-regional-e-lidera-crescimento-da-renda-per-capita-no-nordeste\/\",\"url\":\"https:\/\/noticiaempauta.com\/portal\/piaui-supera-media-regional-e-lidera-crescimento-da-renda-per-capita-no-nordeste\/\",\"name\":\"Piau\u00ed supera m\u00e9dia regional e lidera crescimento da renda per capita no Nordeste - Portal Not\u00edcia em Pauta\",\"isPartOf\":{\"@id\":\"https:\/\/noticiaempauta.com\/portal\/#website\"},\"primaryImageOfPage\":{\"@id\":\"https:\/\/noticiaempauta.com\/portal\/piaui-supera-media-regional-e-lidera-crescimento-da-renda-per-capita-no-nordeste\/#primaryimage\"},\"image\":{\"@id\":\"https:\/\/noticiaempauta.com\/portal\/piaui-supera-media-regional-e-lidera-crescimento-da-renda-per-capita-no-nordeste\/#primaryimage\"},\"thumbnailUrl\":\"https:\/\/noticiaempauta.com\/portal\/wp-content\/uploads\/2024\/11\/IMG_6512-1-scaled.jpeg\",\"datePublished\":\"2024-11-16T11:52:00+00:00\",\"dateModified\":\"2024-11-16T11:52:01+00:00\",\"breadcrumb\":{\"@id\":\"https:\/\/noticiaempauta.com\/portal\/piaui-supera-media-regional-e-lidera-crescimento-da-renda-per-capita-no-nordeste\/#breadcrumb\"},\"inLanguage\":\"pt-BR\",\"potentialAction\":[{\"@type\":\"ReadAction\",\"target\":[\"https:\/\/noticiaempauta.com\/portal\/piaui-supera-media-regional-e-lidera-crescimento-da-renda-per-capita-no-nordeste\/\"]}]},{\"@type\":\"ImageObject\",\"inLanguage\":\"pt-BR\",\"@id\":\"https:\/\/noticiaempauta.com\/portal\/piaui-supera-media-regional-e-lidera-crescimento-da-renda-per-capita-no-nordeste\/#primaryimage\",\"url\":\"https:\/\/noticiaempauta.com\/portal\/wp-content\/uploads\/2024\/11\/IMG_6512-1-scaled.jpeg\",\"contentUrl\":\"https:\/\/noticiaempauta.com\/portal\/wp-content\/uploads\/2024\/11\/IMG_6512-1-scaled.jpeg\",\"width\":2560,\"height\":1583},{\"@type\":\"BreadcrumbList\",\"@id\":\"https:\/\/noticiaempauta.com\/portal\/piaui-supera-media-regional-e-lidera-crescimento-da-renda-per-capita-no-nordeste\/#breadcrumb\",\"itemListElement\":[{\"@type\":\"ListItem\",\"position\":1,\"name\":\"P\u00e1gina Inicial\",\"item\":\"https:\/\/noticiaempauta.com\/portal\/\"},{\"@type\":\"ListItem\",\"position\":2,\"name\":\"Destaques\",\"item\":\"https:\/\/noticiaempauta.com\/portal\/destaques-site\/\"},{\"@type\":\"ListItem\",\"position\":3,\"name\":\"Piau\u00ed supera m\u00e9dia regional e lidera crescimento da renda per capita no Nordeste\"}]},{\"@type\":\"WebSite\",\"@id\":\"https:\/\/noticiaempauta.com\/portal\/#website\",\"url\":\"https:\/\/noticiaempauta.com\/portal\/\",\"name\":\"Portal Not\u00edcia em Pauta\",\"description\":\"Voc\u00ea bem informado\",\"publisher\":{\"@id\":\"https:\/\/noticiaempauta.com\/portal\/#organization\"},\"potentialAction\":[{\"@type\":\"SearchAction\",\"target\":{\"@type\":\"EntryPoint\",\"urlTemplate\":\"https:\/\/noticiaempauta.com\/portal\/?s={search_term_string}\"},\"query-input\":{\"@type\":\"PropertyValueSpecification\",\"valueRequired\":true,\"valueName\":\"search_term_string\"}}],\"inLanguage\":\"pt-BR\"},{\"@type\":\"Organization\",\"@id\":\"https:\/\/noticiaempauta.com\/portal\/#organization\",\"name\":\"Portal Not\u00edcia em Pauta\",\"url\":\"https:\/\/noticiaempauta.com\/portal\/\",\"logo\":{\"@type\":\"ImageObject\",\"inLanguage\":\"pt-BR\",\"@id\":\"https:\/\/noticiaempauta.com\/portal\/#\/schema\/logo\/image\/\",\"url\":\"https:\/\/noticiaempauta.com\/portal\/wp-content\/uploads\/2022\/08\/logomarca_tema.fw_.png\",\"contentUrl\":\"https:\/\/noticiaempauta.com\/portal\/wp-content\/uploads\/2022\/08\/logomarca_tema.fw_.png\",\"width\":400,\"height\":232,\"caption\":\"Portal Not\u00edcia em Pauta\"},\"image\":{\"@id\":\"https:\/\/noticiaempauta.com\/portal\/#\/schema\/logo\/image\/\"},\"sameAs\":[\"https:\/\/www.facebook.com\/Portal-Notcia-Em-Pauta-102292869264820\/\",\"https:\/\/www.instagram.com\/portalnoticiaempauta\/\"]},{\"@type\":\"Person\",\"@id\":\"https:\/\/noticiaempauta.com\/portal\/#\/schema\/person\/a74af43dd1ab3deca45f988c717d57ac\",\"name\":\"Reda\u00e7\u00e3o\",\"image\":{\"@type\":\"ImageObject\",\"inLanguage\":\"pt-BR\",\"@id\":\"https:\/\/noticiaempauta.com\/portal\/#\/schema\/person\/image\/\",\"url\":\"https:\/\/secure.gravatar.com\/avatar\/03179346ecce6cdfc13361603e8f54242a90e5cde8618fa23c5c00aa2b0aadf3?s=96&d=mm&r=g\",\"contentUrl\":\"https:\/\/secure.gravatar.com\/avatar\/03179346ecce6cdfc13361603e8f54242a90e5cde8618fa23c5c00aa2b0aadf3?s=96&d=mm&r=g\",\"caption\":\"Reda\u00e7\u00e3o\"},\"sameAs\":[\"https:\/\/noticiaempauta.com\/portal\/\"],\"url\":\"https:\/\/noticiaempauta.com\/portal\/author\/fernando\/\"}]}<\/script>\n<!-- \/ Yoast SEO Premium plugin. -->","yoast_head_json":{"title":"Piau\u00ed supera m\u00e9dia regional e lidera crescimento da renda per capita no Nordeste - Portal Not\u00edcia em Pauta","robots":{"index":"index","follow":"follow","max-snippet":"max-snippet:-1","max-image-preview":"max-image-preview:large","max-video-preview":"max-video-preview:-1"},"canonical":"https:\/\/noticiaempauta.com\/portal\/piaui-supera-media-regional-e-lidera-crescimento-da-renda-per-capita-no-nordeste\/","og_locale":"pt_BR","og_type":"article","og_title":"Piau\u00ed supera m\u00e9dia regional e lidera crescimento da renda per capita no Nordeste","og_description":"O Piau\u00ed registrou o maior crescimento percentual da renda per capita no Nordeste, superando a m\u00e9dia regional e destacando-se no aumento dos rendimentos das fam\u00edlias rurais. O estado alcan\u00e7ou um crescimento de 20,90%, bem acima da m\u00e9dia da regi\u00e3o, que foi de 12,90%. Os dados foram divulgados no relat\u00f3rio Contas Regionais e Produto Interno Bruto, [&hellip;]","og_url":"https:\/\/noticiaempauta.com\/portal\/piaui-supera-media-regional-e-lidera-crescimento-da-renda-per-capita-no-nordeste\/","og_site_name":"Portal Not\u00edcia em Pauta","article_publisher":"https:\/\/www.facebook.com\/Portal-Notcia-Em-Pauta-102292869264820\/","article_published_time":"2024-11-16T11:52:00+00:00","article_modified_time":"2024-11-16T11:52:01+00:00","og_image":[{"width":2560,"height":1583,"url":"https:\/\/noticiaempauta.com\/portal\/wp-content\/uploads\/2024\/11\/IMG_6512-1-scaled.jpeg","type":"image\/jpeg"}],"author":"Reda\u00e7\u00e3o","twitter_card":"summary_large_image","twitter_misc":{"Escrito por":"Reda\u00e7\u00e3o","Est. tempo de leitura":"2 minutos"},"schema":{"@context":"https:\/\/schema.org","@graph":[{"@type":"Article","@id":"https:\/\/noticiaempauta.com\/portal\/piaui-supera-media-regional-e-lidera-crescimento-da-renda-per-capita-no-nordeste\/#article","isPartOf":{"@id":"https:\/\/noticiaempauta.com\/portal\/piaui-supera-media-regional-e-lidera-crescimento-da-renda-per-capita-no-nordeste\/"},"author":{"name":"Reda\u00e7\u00e3o","@id":"https:\/\/noticiaempauta.com\/portal\/#\/schema\/person\/a74af43dd1ab3deca45f988c717d57ac"},"headline":"Piau\u00ed supera m\u00e9dia regional e lidera crescimento da renda per capita no Nordeste","datePublished":"2024-11-16T11:52:00+00:00","dateModified":"2024-11-16T11:52:01+00:00","mainEntityOfPage":{"@id":"https:\/\/noticiaempauta.com\/portal\/piaui-supera-media-regional-e-lidera-crescimento-da-renda-per-capita-no-nordeste\/"},"wordCount":225,"commentCount":0,"publisher":{"@id":"https:\/\/noticiaempauta.com\/portal\/#organization"},"image":{"@id":"https:\/\/noticiaempauta.com\/portal\/piaui-supera-media-regional-e-lidera-crescimento-da-renda-per-capita-no-nordeste\/#primaryimage"},"thumbnailUrl":"https:\/\/noticiaempauta.com\/portal\/wp-content\/uploads\/2024\/11\/IMG_6512-1-scaled.jpeg","keywords":["destaqueprincipal"],"articleSection":["Destaques","Economia","Geral","Todas as Not\u00edcias"],"inLanguage":"pt-BR","potentialAction":[{"@type":"CommentAction","name":"Comment","target":["https:\/\/noticiaempauta.com\/portal\/piaui-supera-media-regional-e-lidera-crescimento-da-renda-per-capita-no-nordeste\/#respond"]}]},{"@type":"WebPage","@id":"https:\/\/noticiaempauta.com\/portal\/piaui-supera-media-regional-e-lidera-crescimento-da-renda-per-capita-no-nordeste\/","url":"https:\/\/noticiaempauta.com\/portal\/piaui-supera-media-regional-e-lidera-crescimento-da-renda-per-capita-no-nordeste\/","name":"Piau\u00ed supera m\u00e9dia regional e lidera crescimento da renda per capita no Nordeste - Portal Not\u00edcia em Pauta","isPartOf":{"@id":"https:\/\/noticiaempauta.com\/portal\/#website"},"primaryImageOfPage":{"@id":"https:\/\/noticiaempauta.com\/portal\/piaui-supera-media-regional-e-lidera-crescimento-da-renda-per-capita-no-nordeste\/#primaryimage"},"image":{"@id":"https:\/\/noticiaempauta.com\/portal\/piaui-supera-media-regional-e-lidera-crescimento-da-renda-per-capita-no-nordeste\/#primaryimage"},"thumbnailUrl":"https:\/\/noticiaempauta.com\/portal\/wp-content\/uploads\/2024\/11\/IMG_6512-1-scaled.jpeg","datePublished":"2024-11-16T11:52:00+00:00","dateModified":"2024-11-16T11:52:01+00:00","breadcrumb":{"@id":"https:\/\/noticiaempauta.com\/portal\/piaui-supera-media-regional-e-lidera-crescimento-da-renda-per-capita-no-nordeste\/#breadcrumb"},"inLanguage":"pt-BR","potentialAction":[{"@type":"ReadAction","target":["https:\/\/noticiaempauta.com\/portal\/piaui-supera-media-regional-e-lidera-crescimento-da-renda-per-capita-no-nordeste\/"]}]},{"@type":"ImageObject","inLanguage":"pt-BR","@id":"https:\/\/noticiaempauta.com\/portal\/piaui-supera-media-regional-e-lidera-crescimento-da-renda-per-capita-no-nordeste\/#primaryimage","url":"https:\/\/noticiaempauta.com\/portal\/wp-content\/uploads\/2024\/11\/IMG_6512-1-scaled.jpeg","contentUrl":"https:\/\/noticiaempauta.com\/portal\/wp-content\/uploads\/2024\/11\/IMG_6512-1-scaled.jpeg","width":2560,"height":1583},{"@type":"BreadcrumbList","@id":"https:\/\/noticiaempauta.com\/portal\/piaui-supera-media-regional-e-lidera-crescimento-da-renda-per-capita-no-nordeste\/#breadcrumb","itemListElement":[{"@type":"ListItem","position":1,"name":"P\u00e1gina Inicial","item":"https:\/\/noticiaempauta.com\/portal\/"},{"@type":"ListItem","position":2,"name":"Destaques","item":"https:\/\/noticiaempauta.com\/portal\/destaques-site\/"},{"@type":"ListItem","position":3,"name":"Piau\u00ed supera m\u00e9dia regional e lidera crescimento da renda per capita no Nordeste"}]},{"@type":"WebSite","@id":"https:\/\/noticiaempauta.com\/portal\/#website","url":"https:\/\/noticiaempauta.com\/portal\/","name":"Portal Not\u00edcia em Pauta","description":"Voc\u00ea bem informado","publisher":{"@id":"https:\/\/noticiaempauta.com\/portal\/#organization"},"potentialAction":[{"@type":"SearchAction","target":{"@type":"EntryPoint","urlTemplate":"https:\/\/noticiaempauta.com\/portal\/?s={search_term_string}"},"query-input":{"@type":"PropertyValueSpecification","valueRequired":true,"valueName":"search_term_string"}}],"inLanguage":"pt-BR"},{"@type":"Organization","@id":"https:\/\/noticiaempauta.com\/portal\/#organization","name":"Portal Not\u00edcia em Pauta","url":"https:\/\/noticiaempauta.com\/portal\/","logo":{"@type":"ImageObject","inLanguage":"pt-BR","@id":"https:\/\/noticiaempauta.com\/portal\/#\/schema\/logo\/image\/","url":"https:\/\/noticiaempauta.com\/portal\/wp-content\/uploads\/2022\/08\/logomarca_tema.fw_.png","contentUrl":"https:\/\/noticiaempauta.com\/portal\/wp-content\/uploads\/2022\/08\/logomarca_tema.fw_.png","width":400,"height":232,"caption":"Portal Not\u00edcia em Pauta"},"image":{"@id":"https:\/\/noticiaempauta.com\/portal\/#\/schema\/logo\/image\/"},"sameAs":["https:\/\/www.facebook.com\/Portal-Notcia-Em-Pauta-102292869264820\/","https:\/\/www.instagram.com\/portalnoticiaempauta\/"]},{"@type":"Person","@id":"https:\/\/noticiaempauta.com\/portal\/#\/schema\/person\/a74af43dd1ab3deca45f988c717d57ac","name":"Reda\u00e7\u00e3o","image":{"@type":"ImageObject","inLanguage":"pt-BR","@id":"https:\/\/noticiaempauta.com\/portal\/#\/schema\/person\/image\/","url":"https:\/\/secure.gravatar.com\/avatar\/03179346ecce6cdfc13361603e8f54242a90e5cde8618fa23c5c00aa2b0aadf3?s=96&d=mm&r=g","contentUrl":"https:\/\/secure.gravatar.com\/avatar\/03179346ecce6cdfc13361603e8f54242a90e5cde8618fa23c5c00aa2b0aadf3?s=96&d=mm&r=g","caption":"Reda\u00e7\u00e3o"},"sameAs":["https:\/\/noticiaempauta.com\/portal\/"],"url":"https:\/\/noticiaempauta.com\/portal\/author\/fernando\/"}]}},"_links":{"self":[{"href":"https:\/\/noticiaempauta.com\/portal\/wp-json\/wp\/v2\/posts\/264086","targetHints":{"allow":["GET"]}}],"collection":[{"href":"https:\/\/noticiaempauta.com\/portal\/wp-json\/wp\/v2\/posts"}],"about":[{"href":"https:\/\/noticiaempauta.com\/portal\/wp-json\/wp\/v2\/types\/post"}],"author":[{"embeddable":true,"href":"https:\/\/noticiaempauta.com\/portal\/wp-json\/wp\/v2\/users\/2"}],"replies":[{"embeddable":true,"href":"https:\/\/noticiaempauta.com\/portal\/wp-json\/wp\/v2\/comments?post=264086"}],"version-history":[{"count":2,"href":"https:\/\/noticiaempauta.com\/portal\/wp-json\/wp\/v2\/posts\/264086\/revisions"}],"predecessor-version":[{"id":264090,"href":"https:\/\/noticiaempauta.com\/portal\/wp-json\/wp\/v2\/posts\/264086\/revisions\/264090"}],"wp:featuredmedia":[{"embeddable":true,"href":"https:\/\/noticiaempauta.com\/portal\/wp-json\/wp\/v2\/media\/264088"}],"wp:attachment":[{"href":"https:\/\/noticiaempauta.com\/portal\/wp-json\/wp\/v2\/media?parent=264086"}],"wp:term":[{"taxonomy":"category","embeddable":true,"href":"https:\/\/noticiaempauta.com\/portal\/wp-json\/wp\/v2\/categories?post=264086"},{"taxonomy":"post_tag","embeddable":true,"href":"https:\/\/noticiaempauta.com\/portal\/wp-json\/wp\/v2\/tags?post=264086"}],"curies":[{"name":"wp","href":"https:\/\/api.w.org\/{rel}","templated":true}]}}