{"id":264091,"date":"2024-11-17T08:41:58","date_gmt":"2024-11-17T11:41:58","guid":{"rendered":"https:\/\/noticiaempauta.com\/portal\/?p=264091"},"modified":"2024-11-17T08:41:58","modified_gmt":"2024-11-17T11:41:58","slug":"policia-civil-prende-suspeito-de-atentado-contra-casa-de-ex-prefeito-em-pio-ix","status":"publish","type":"post","link":"https:\/\/noticiaempauta.com\/portal\/policia-civil-prende-suspeito-de-atentado-contra-casa-de-ex-prefeito-em-pio-ix\/","title":{"rendered":"Pol\u00edcia Civil prende suspeito de atentado contra casa de ex-prefeito em Pio IX"},"content":{"rendered":"\n<p>A Pol\u00edcia Civil do Piau\u00ed prendeu neste s\u00e1bado (16) mais um suspeito de envolvimento no\u00a0atentado \u00e0 resid\u00eancia do ex-prefeito de Pio IX, Humberto Sim\u00f5es. A pris\u00e3o foi realizada por meio de cumprimento de mandados de busca, apreens\u00e3o e pris\u00e3o preventiva, como parte da investiga\u00e7\u00e3o em andamento.\u00a0\u00a0<\/p>\n\n\n\n<p>A opera\u00e7\u00e3o foi conduzida pela Delegacia de Pol\u00edcia Civil de Pio IX, com apoio da Diretoria de Intelig\u00eancia da Secretaria de Seguran\u00e7a P\u00fablica (DINT), For\u00e7a Estadual Integrada de Seguran\u00e7a P\u00fablica (FEISP), Divis\u00e3o de Intelig\u00eancia da Pol\u00edcia Civil (DIPC) e outras equipes especializadas.&nbsp;&nbsp;<\/p>\n\n\n\n<p>O atentado, ocorrido recentemente, marcou a quinta vez que a casa de Humberto Sim\u00f5es foi alvo de ataques, sendo dois deles registrados em menos de 48 horas. Em todas as ocasi\u00f5es, a resid\u00eancia foi atacada com coquet\u00e9is molotov, colocando em risco a seguran\u00e7a do ex-prefeito, de sua fam\u00edlia e da vizinhan\u00e7a.&nbsp;&nbsp;<\/p>\n\n\n\n<p>As investiga\u00e7\u00f5es continuam com o objetivo de identificar outros envolvidos e esclarecer todos os detalhes do caso. A Pol\u00edcia Civil refor\u00e7a o compromisso de garantir a seguran\u00e7a e punir os respons\u00e1veis pelos crimes.&nbsp;&nbsp;<\/p>\n\n\n\n<p><em>Em atualiza\u00e7\u00e3o&#8230;<\/em><\/p>\n\n\n\n<p>Fonte: Paula Monize\/CidadeVerde<\/p>\n","protected":false},"excerpt":{"rendered":"<p>A Pol\u00edcia Civil do Piau\u00ed prendeu neste s\u00e1bado (16) mais um suspeito de envolvimento no\u00a0atentado \u00e0 resid\u00eancia do ex-prefeito de Pio IX, Humberto Sim\u00f5es. A pris\u00e3o foi realizada por meio de cumprimento de mandados de busca, apreens\u00e3o e pris\u00e3o preventiva, como parte da investiga\u00e7\u00e3o em andamento.\u00a0\u00a0 A opera\u00e7\u00e3o foi conduzida pela Delegacia de Pol\u00edcia Civil [&hellip;]<\/p>\n","protected":false},"author":2,"featured_media":263992,"comment_status":"open","ping_status":"open","sticky":false,"template":"","format":"standard","meta":{"_mi_skip_tracking":false,"footnotes":""},"categories":[25,1,9,137,16],"tags":[192],"class_list":["post-264091","post","type-post","status-publish","format-standard","has-post-thumbnail","hentry","category-destaques-site","category-geral","category-municipios","category-policia","category-todas","tag-destaqueprincipal"],"acf":[],"yoast_head":"<!-- This site is optimized with the Yoast SEO Premium plugin v19.2 (Yoast SEO v26.9) - https:\/\/yoast.com\/product\/yoast-seo-premium-wordpress\/ -->\n<title>Pol\u00edcia Civil prende suspeito de atentado contra casa de ex-prefeito em Pio IX - Portal Not\u00edcia em Pauta<\/title>\n<meta name=\"robots\" content=\"index, follow, max-snippet:-1, max-image-preview:large, max-video-preview:-1\" \/>\n<link rel=\"canonical\" href=\"https:\/\/noticiaempauta.com\/portal\/policia-civil-prende-suspeito-de-atentado-contra-casa-de-ex-prefeito-em-pio-ix\/\" \/>\n<meta property=\"og:locale\" content=\"pt_BR\" \/>\n<meta property=\"og:type\" content=\"article\" \/>\n<meta property=\"og:title\" content=\"Pol\u00edcia Civil prende suspeito de atentado contra casa de ex-prefeito em Pio IX\" \/>\n<meta property=\"og:description\" content=\"A Pol\u00edcia Civil do Piau\u00ed prendeu neste s\u00e1bado (16) mais um suspeito de envolvimento no\u00a0atentado \u00e0 resid\u00eancia do ex-prefeito de Pio IX, Humberto Sim\u00f5es. A pris\u00e3o foi realizada por meio de cumprimento de mandados de busca, apreens\u00e3o e pris\u00e3o preventiva, como parte da investiga\u00e7\u00e3o em andamento.\u00a0\u00a0 A opera\u00e7\u00e3o foi conduzida pela Delegacia de Pol\u00edcia Civil [&hellip;]\" \/>\n<meta property=\"og:url\" content=\"https:\/\/noticiaempauta.com\/portal\/policia-civil-prende-suspeito-de-atentado-contra-casa-de-ex-prefeito-em-pio-ix\/\" \/>\n<meta property=\"og:site_name\" content=\"Portal Not\u00edcia em Pauta\" \/>\n<meta property=\"article:publisher\" content=\"https:\/\/www.facebook.com\/Portal-Notcia-Em-Pauta-102292869264820\/\" \/>\n<meta property=\"article:published_time\" content=\"2024-11-17T11:41:58+00:00\" \/>\n<meta property=\"og:image\" content=\"https:\/\/noticiaempauta.com\/portal\/wp-content\/uploads\/2024\/11\/3bda9bf6-9dd2-4798-a704-0bf836add832-768x1024-1.jpeg\" \/>\n\t<meta property=\"og:image:width\" content=\"768\" \/>\n\t<meta property=\"og:image:height\" content=\"699\" \/>\n\t<meta property=\"og:image:type\" content=\"image\/jpeg\" \/>\n<meta name=\"author\" content=\"Reda\u00e7\u00e3o\" \/>\n<meta name=\"twitter:card\" content=\"summary_large_image\" \/>\n<meta name=\"twitter:label1\" content=\"Escrito por\" \/>\n\t<meta name=\"twitter:data1\" content=\"Reda\u00e7\u00e3o\" \/>\n\t<meta name=\"twitter:label2\" content=\"Est. tempo de leitura\" \/>\n\t<meta name=\"twitter:data2\" content=\"2 minutos\" \/>\n<script type=\"application\/ld+json\" class=\"yoast-schema-graph\">{\"@context\":\"https:\/\/schema.org\",\"@graph\":[{\"@type\":\"Article\",\"@id\":\"https:\/\/noticiaempauta.com\/portal\/policia-civil-prende-suspeito-de-atentado-contra-casa-de-ex-prefeito-em-pio-ix\/#article\",\"isPartOf\":{\"@id\":\"https:\/\/noticiaempauta.com\/portal\/policia-civil-prende-suspeito-de-atentado-contra-casa-de-ex-prefeito-em-pio-ix\/\"},\"author\":{\"name\":\"Reda\u00e7\u00e3o\",\"@id\":\"https:\/\/noticiaempauta.com\/portal\/#\/schema\/person\/a74af43dd1ab3deca45f988c717d57ac\"},\"headline\":\"Pol\u00edcia Civil prende suspeito de atentado contra casa de ex-prefeito em Pio IX\",\"datePublished\":\"2024-11-17T11:41:58+00:00\",\"mainEntityOfPage\":{\"@id\":\"https:\/\/noticiaempauta.com\/portal\/policia-civil-prende-suspeito-de-atentado-contra-casa-de-ex-prefeito-em-pio-ix\/\"},\"wordCount\":228,\"commentCount\":0,\"publisher\":{\"@id\":\"https:\/\/noticiaempauta.com\/portal\/#organization\"},\"image\":{\"@id\":\"https:\/\/noticiaempauta.com\/portal\/policia-civil-prende-suspeito-de-atentado-contra-casa-de-ex-prefeito-em-pio-ix\/#primaryimage\"},\"thumbnailUrl\":\"https:\/\/noticiaempauta.com\/portal\/wp-content\/uploads\/2024\/11\/3bda9bf6-9dd2-4798-a704-0bf836add832-768x1024-1.jpeg\",\"keywords\":[\"destaqueprincipal\"],\"articleSection\":[\"Destaques\",\"Geral\",\"Munic\u00edpios\",\"Pol\u00edcia\",\"Todas as Not\u00edcias\"],\"inLanguage\":\"pt-BR\",\"potentialAction\":[{\"@type\":\"CommentAction\",\"name\":\"Comment\",\"target\":[\"https:\/\/noticiaempauta.com\/portal\/policia-civil-prende-suspeito-de-atentado-contra-casa-de-ex-prefeito-em-pio-ix\/#respond\"]}]},{\"@type\":\"WebPage\",\"@id\":\"https:\/\/noticiaempauta.com\/portal\/policia-civil-prende-suspeito-de-atentado-contra-casa-de-ex-prefeito-em-pio-ix\/\",\"url\":\"https:\/\/noticiaempauta.com\/portal\/policia-civil-prende-suspeito-de-atentado-contra-casa-de-ex-prefeito-em-pio-ix\/\",\"name\":\"Pol\u00edcia Civil prende suspeito de atentado contra casa de ex-prefeito em Pio IX - Portal Not\u00edcia em Pauta\",\"isPartOf\":{\"@id\":\"https:\/\/noticiaempauta.com\/portal\/#website\"},\"primaryImageOfPage\":{\"@id\":\"https:\/\/noticiaempauta.com\/portal\/policia-civil-prende-suspeito-de-atentado-contra-casa-de-ex-prefeito-em-pio-ix\/#primaryimage\"},\"image\":{\"@id\":\"https:\/\/noticiaempauta.com\/portal\/policia-civil-prende-suspeito-de-atentado-contra-casa-de-ex-prefeito-em-pio-ix\/#primaryimage\"},\"thumbnailUrl\":\"https:\/\/noticiaempauta.com\/portal\/wp-content\/uploads\/2024\/11\/3bda9bf6-9dd2-4798-a704-0bf836add832-768x1024-1.jpeg\",\"datePublished\":\"2024-11-17T11:41:58+00:00\",\"breadcrumb\":{\"@id\":\"https:\/\/noticiaempauta.com\/portal\/policia-civil-prende-suspeito-de-atentado-contra-casa-de-ex-prefeito-em-pio-ix\/#breadcrumb\"},\"inLanguage\":\"pt-BR\",\"potentialAction\":[{\"@type\":\"ReadAction\",\"target\":[\"https:\/\/noticiaempauta.com\/portal\/policia-civil-prende-suspeito-de-atentado-contra-casa-de-ex-prefeito-em-pio-ix\/\"]}]},{\"@type\":\"ImageObject\",\"inLanguage\":\"pt-BR\",\"@id\":\"https:\/\/noticiaempauta.com\/portal\/policia-civil-prende-suspeito-de-atentado-contra-casa-de-ex-prefeito-em-pio-ix\/#primaryimage\",\"url\":\"https:\/\/noticiaempauta.com\/portal\/wp-content\/uploads\/2024\/11\/3bda9bf6-9dd2-4798-a704-0bf836add832-768x1024-1.jpeg\",\"contentUrl\":\"https:\/\/noticiaempauta.com\/portal\/wp-content\/uploads\/2024\/11\/3bda9bf6-9dd2-4798-a704-0bf836add832-768x1024-1.jpeg\",\"width\":768,\"height\":699},{\"@type\":\"BreadcrumbList\",\"@id\":\"https:\/\/noticiaempauta.com\/portal\/policia-civil-prende-suspeito-de-atentado-contra-casa-de-ex-prefeito-em-pio-ix\/#breadcrumb\",\"itemListElement\":[{\"@type\":\"ListItem\",\"position\":1,\"name\":\"P\u00e1gina Inicial\",\"item\":\"https:\/\/noticiaempauta.com\/portal\/\"},{\"@type\":\"ListItem\",\"position\":2,\"name\":\"Destaques\",\"item\":\"https:\/\/noticiaempauta.com\/portal\/destaques-site\/\"},{\"@type\":\"ListItem\",\"position\":3,\"name\":\"Pol\u00edcia Civil prende suspeito de atentado contra casa de ex-prefeito em Pio IX\"}]},{\"@type\":\"WebSite\",\"@id\":\"https:\/\/noticiaempauta.com\/portal\/#website\",\"url\":\"https:\/\/noticiaempauta.com\/portal\/\",\"name\":\"Portal Not\u00edcia em Pauta\",\"description\":\"Voc\u00ea bem informado\",\"publisher\":{\"@id\":\"https:\/\/noticiaempauta.com\/portal\/#organization\"},\"potentialAction\":[{\"@type\":\"SearchAction\",\"target\":{\"@type\":\"EntryPoint\",\"urlTemplate\":\"https:\/\/noticiaempauta.com\/portal\/?s={search_term_string}\"},\"query-input\":{\"@type\":\"PropertyValueSpecification\",\"valueRequired\":true,\"valueName\":\"search_term_string\"}}],\"inLanguage\":\"pt-BR\"},{\"@type\":\"Organization\",\"@id\":\"https:\/\/noticiaempauta.com\/portal\/#organization\",\"name\":\"Portal Not\u00edcia em Pauta\",\"url\":\"https:\/\/noticiaempauta.com\/portal\/\",\"logo\":{\"@type\":\"ImageObject\",\"inLanguage\":\"pt-BR\",\"@id\":\"https:\/\/noticiaempauta.com\/portal\/#\/schema\/logo\/image\/\",\"url\":\"https:\/\/noticiaempauta.com\/portal\/wp-content\/uploads\/2022\/08\/logomarca_tema.fw_.png\",\"contentUrl\":\"https:\/\/noticiaempauta.com\/portal\/wp-content\/uploads\/2022\/08\/logomarca_tema.fw_.png\",\"width\":400,\"height\":232,\"caption\":\"Portal Not\u00edcia em Pauta\"},\"image\":{\"@id\":\"https:\/\/noticiaempauta.com\/portal\/#\/schema\/logo\/image\/\"},\"sameAs\":[\"https:\/\/www.facebook.com\/Portal-Notcia-Em-Pauta-102292869264820\/\",\"https:\/\/www.instagram.com\/portalnoticiaempauta\/\"]},{\"@type\":\"Person\",\"@id\":\"https:\/\/noticiaempauta.com\/portal\/#\/schema\/person\/a74af43dd1ab3deca45f988c717d57ac\",\"name\":\"Reda\u00e7\u00e3o\",\"image\":{\"@type\":\"ImageObject\",\"inLanguage\":\"pt-BR\",\"@id\":\"https:\/\/noticiaempauta.com\/portal\/#\/schema\/person\/image\/\",\"url\":\"https:\/\/secure.gravatar.com\/avatar\/03179346ecce6cdfc13361603e8f54242a90e5cde8618fa23c5c00aa2b0aadf3?s=96&d=mm&r=g\",\"contentUrl\":\"https:\/\/secure.gravatar.com\/avatar\/03179346ecce6cdfc13361603e8f54242a90e5cde8618fa23c5c00aa2b0aadf3?s=96&d=mm&r=g\",\"caption\":\"Reda\u00e7\u00e3o\"},\"sameAs\":[\"https:\/\/noticiaempauta.com\/portal\/\"],\"url\":\"https:\/\/noticiaempauta.com\/portal\/author\/fernando\/\"}]}<\/script>\n<!-- \/ Yoast SEO Premium plugin. -->","yoast_head_json":{"title":"Pol\u00edcia Civil prende suspeito de atentado contra casa de ex-prefeito em Pio IX - Portal Not\u00edcia em Pauta","robots":{"index":"index","follow":"follow","max-snippet":"max-snippet:-1","max-image-preview":"max-image-preview:large","max-video-preview":"max-video-preview:-1"},"canonical":"https:\/\/noticiaempauta.com\/portal\/policia-civil-prende-suspeito-de-atentado-contra-casa-de-ex-prefeito-em-pio-ix\/","og_locale":"pt_BR","og_type":"article","og_title":"Pol\u00edcia Civil prende suspeito de atentado contra casa de ex-prefeito em Pio IX","og_description":"A Pol\u00edcia Civil do Piau\u00ed prendeu neste s\u00e1bado (16) mais um suspeito de envolvimento no\u00a0atentado \u00e0 resid\u00eancia do ex-prefeito de Pio IX, Humberto Sim\u00f5es. A pris\u00e3o foi realizada por meio de cumprimento de mandados de busca, apreens\u00e3o e pris\u00e3o preventiva, como parte da investiga\u00e7\u00e3o em andamento.\u00a0\u00a0 A opera\u00e7\u00e3o foi conduzida pela Delegacia de Pol\u00edcia Civil [&hellip;]","og_url":"https:\/\/noticiaempauta.com\/portal\/policia-civil-prende-suspeito-de-atentado-contra-casa-de-ex-prefeito-em-pio-ix\/","og_site_name":"Portal Not\u00edcia em Pauta","article_publisher":"https:\/\/www.facebook.com\/Portal-Notcia-Em-Pauta-102292869264820\/","article_published_time":"2024-11-17T11:41:58+00:00","og_image":[{"width":768,"height":699,"url":"https:\/\/noticiaempauta.com\/portal\/wp-content\/uploads\/2024\/11\/3bda9bf6-9dd2-4798-a704-0bf836add832-768x1024-1.jpeg","type":"image\/jpeg"}],"author":"Reda\u00e7\u00e3o","twitter_card":"summary_large_image","twitter_misc":{"Escrito por":"Reda\u00e7\u00e3o","Est. tempo de leitura":"2 minutos"},"schema":{"@context":"https:\/\/schema.org","@graph":[{"@type":"Article","@id":"https:\/\/noticiaempauta.com\/portal\/policia-civil-prende-suspeito-de-atentado-contra-casa-de-ex-prefeito-em-pio-ix\/#article","isPartOf":{"@id":"https:\/\/noticiaempauta.com\/portal\/policia-civil-prende-suspeito-de-atentado-contra-casa-de-ex-prefeito-em-pio-ix\/"},"author":{"name":"Reda\u00e7\u00e3o","@id":"https:\/\/noticiaempauta.com\/portal\/#\/schema\/person\/a74af43dd1ab3deca45f988c717d57ac"},"headline":"Pol\u00edcia Civil prende suspeito de atentado contra casa de ex-prefeito em Pio IX","datePublished":"2024-11-17T11:41:58+00:00","mainEntityOfPage":{"@id":"https:\/\/noticiaempauta.com\/portal\/policia-civil-prende-suspeito-de-atentado-contra-casa-de-ex-prefeito-em-pio-ix\/"},"wordCount":228,"commentCount":0,"publisher":{"@id":"https:\/\/noticiaempauta.com\/portal\/#organization"},"image":{"@id":"https:\/\/noticiaempauta.com\/portal\/policia-civil-prende-suspeito-de-atentado-contra-casa-de-ex-prefeito-em-pio-ix\/#primaryimage"},"thumbnailUrl":"https:\/\/noticiaempauta.com\/portal\/wp-content\/uploads\/2024\/11\/3bda9bf6-9dd2-4798-a704-0bf836add832-768x1024-1.jpeg","keywords":["destaqueprincipal"],"articleSection":["Destaques","Geral","Munic\u00edpios","Pol\u00edcia","Todas as Not\u00edcias"],"inLanguage":"pt-BR","potentialAction":[{"@type":"CommentAction","name":"Comment","target":["https:\/\/noticiaempauta.com\/portal\/policia-civil-prende-suspeito-de-atentado-contra-casa-de-ex-prefeito-em-pio-ix\/#respond"]}]},{"@type":"WebPage","@id":"https:\/\/noticiaempauta.com\/portal\/policia-civil-prende-suspeito-de-atentado-contra-casa-de-ex-prefeito-em-pio-ix\/","url":"https:\/\/noticiaempauta.com\/portal\/policia-civil-prende-suspeito-de-atentado-contra-casa-de-ex-prefeito-em-pio-ix\/","name":"Pol\u00edcia Civil prende suspeito de atentado contra casa de ex-prefeito em Pio IX - Portal Not\u00edcia em Pauta","isPartOf":{"@id":"https:\/\/noticiaempauta.com\/portal\/#website"},"primaryImageOfPage":{"@id":"https:\/\/noticiaempauta.com\/portal\/policia-civil-prende-suspeito-de-atentado-contra-casa-de-ex-prefeito-em-pio-ix\/#primaryimage"},"image":{"@id":"https:\/\/noticiaempauta.com\/portal\/policia-civil-prende-suspeito-de-atentado-contra-casa-de-ex-prefeito-em-pio-ix\/#primaryimage"},"thumbnailUrl":"https:\/\/noticiaempauta.com\/portal\/wp-content\/uploads\/2024\/11\/3bda9bf6-9dd2-4798-a704-0bf836add832-768x1024-1.jpeg","datePublished":"2024-11-17T11:41:58+00:00","breadcrumb":{"@id":"https:\/\/noticiaempauta.com\/portal\/policia-civil-prende-suspeito-de-atentado-contra-casa-de-ex-prefeito-em-pio-ix\/#breadcrumb"},"inLanguage":"pt-BR","potentialAction":[{"@type":"ReadAction","target":["https:\/\/noticiaempauta.com\/portal\/policia-civil-prende-suspeito-de-atentado-contra-casa-de-ex-prefeito-em-pio-ix\/"]}]},{"@type":"ImageObject","inLanguage":"pt-BR","@id":"https:\/\/noticiaempauta.com\/portal\/policia-civil-prende-suspeito-de-atentado-contra-casa-de-ex-prefeito-em-pio-ix\/#primaryimage","url":"https:\/\/noticiaempauta.com\/portal\/wp-content\/uploads\/2024\/11\/3bda9bf6-9dd2-4798-a704-0bf836add832-768x1024-1.jpeg","contentUrl":"https:\/\/noticiaempauta.com\/portal\/wp-content\/uploads\/2024\/11\/3bda9bf6-9dd2-4798-a704-0bf836add832-768x1024-1.jpeg","width":768,"height":699},{"@type":"BreadcrumbList","@id":"https:\/\/noticiaempauta.com\/portal\/policia-civil-prende-suspeito-de-atentado-contra-casa-de-ex-prefeito-em-pio-ix\/#breadcrumb","itemListElement":[{"@type":"ListItem","position":1,"name":"P\u00e1gina Inicial","item":"https:\/\/noticiaempauta.com\/portal\/"},{"@type":"ListItem","position":2,"name":"Destaques","item":"https:\/\/noticiaempauta.com\/portal\/destaques-site\/"},{"@type":"ListItem","position":3,"name":"Pol\u00edcia Civil prende suspeito de atentado contra casa de ex-prefeito em Pio IX"}]},{"@type":"WebSite","@id":"https:\/\/noticiaempauta.com\/portal\/#website","url":"https:\/\/noticiaempauta.com\/portal\/","name":"Portal Not\u00edcia em Pauta","description":"Voc\u00ea bem informado","publisher":{"@id":"https:\/\/noticiaempauta.com\/portal\/#organization"},"potentialAction":[{"@type":"SearchAction","target":{"@type":"EntryPoint","urlTemplate":"https:\/\/noticiaempauta.com\/portal\/?s={search_term_string}"},"query-input":{"@type":"PropertyValueSpecification","valueRequired":true,"valueName":"search_term_string"}}],"inLanguage":"pt-BR"},{"@type":"Organization","@id":"https:\/\/noticiaempauta.com\/portal\/#organization","name":"Portal Not\u00edcia em Pauta","url":"https:\/\/noticiaempauta.com\/portal\/","logo":{"@type":"ImageObject","inLanguage":"pt-BR","@id":"https:\/\/noticiaempauta.com\/portal\/#\/schema\/logo\/image\/","url":"https:\/\/noticiaempauta.com\/portal\/wp-content\/uploads\/2022\/08\/logomarca_tema.fw_.png","contentUrl":"https:\/\/noticiaempauta.com\/portal\/wp-content\/uploads\/2022\/08\/logomarca_tema.fw_.png","width":400,"height":232,"caption":"Portal Not\u00edcia em Pauta"},"image":{"@id":"https:\/\/noticiaempauta.com\/portal\/#\/schema\/logo\/image\/"},"sameAs":["https:\/\/www.facebook.com\/Portal-Notcia-Em-Pauta-102292869264820\/","https:\/\/www.instagram.com\/portalnoticiaempauta\/"]},{"@type":"Person","@id":"https:\/\/noticiaempauta.com\/portal\/#\/schema\/person\/a74af43dd1ab3deca45f988c717d57ac","name":"Reda\u00e7\u00e3o","image":{"@type":"ImageObject","inLanguage":"pt-BR","@id":"https:\/\/noticiaempauta.com\/portal\/#\/schema\/person\/image\/","url":"https:\/\/secure.gravatar.com\/avatar\/03179346ecce6cdfc13361603e8f54242a90e5cde8618fa23c5c00aa2b0aadf3?s=96&d=mm&r=g","contentUrl":"https:\/\/secure.gravatar.com\/avatar\/03179346ecce6cdfc13361603e8f54242a90e5cde8618fa23c5c00aa2b0aadf3?s=96&d=mm&r=g","caption":"Reda\u00e7\u00e3o"},"sameAs":["https:\/\/noticiaempauta.com\/portal\/"],"url":"https:\/\/noticiaempauta.com\/portal\/author\/fernando\/"}]}},"_links":{"self":[{"href":"https:\/\/noticiaempauta.com\/portal\/wp-json\/wp\/v2\/posts\/264091","targetHints":{"allow":["GET"]}}],"collection":[{"href":"https:\/\/noticiaempauta.com\/portal\/wp-json\/wp\/v2\/posts"}],"about":[{"href":"https:\/\/noticiaempauta.com\/portal\/wp-json\/wp\/v2\/types\/post"}],"author":[{"embeddable":true,"href":"https:\/\/noticiaempauta.com\/portal\/wp-json\/wp\/v2\/users\/2"}],"replies":[{"embeddable":true,"href":"https:\/\/noticiaempauta.com\/portal\/wp-json\/wp\/v2\/comments?post=264091"}],"version-history":[{"count":2,"href":"https:\/\/noticiaempauta.com\/portal\/wp-json\/wp\/v2\/posts\/264091\/revisions"}],"predecessor-version":[{"id":264094,"href":"https:\/\/noticiaempauta.com\/portal\/wp-json\/wp\/v2\/posts\/264091\/revisions\/264094"}],"wp:featuredmedia":[{"embeddable":true,"href":"https:\/\/noticiaempauta.com\/portal\/wp-json\/wp\/v2\/media\/263992"}],"wp:attachment":[{"href":"https:\/\/noticiaempauta.com\/portal\/wp-json\/wp\/v2\/media?parent=264091"}],"wp:term":[{"taxonomy":"category","embeddable":true,"href":"https:\/\/noticiaempauta.com\/portal\/wp-json\/wp\/v2\/categories?post=264091"},{"taxonomy":"post_tag","embeddable":true,"href":"https:\/\/noticiaempauta.com\/portal\/wp-json\/wp\/v2\/tags?post=264091"}],"curies":[{"name":"wp","href":"https:\/\/api.w.org\/{rel}","templated":true}]}}