{"id":264099,"date":"2024-11-17T08:53:28","date_gmt":"2024-11-17T11:53:28","guid":{"rendered":"https:\/\/noticiaempauta.com\/portal\/?p=264099"},"modified":"2024-11-17T08:53:29","modified_gmt":"2024-11-17T11:53:29","slug":"biden-visita-manaus-e-anuncia-recursos-para-projetos-na-amazonia","status":"publish","type":"post","link":"https:\/\/noticiaempauta.com\/portal\/biden-visita-manaus-e-anuncia-recursos-para-projetos-na-amazonia\/","title":{"rendered":"Biden visita Manaus e anuncia recursos para projetos na Amaz\u00f4nia"},"content":{"rendered":"\n<p>O presidente dos EUA, Joe Biden, anunciou uma lista de &#8220;novos esfor\u00e7os&#8221;, segundo comunicado divulgado neste domingo (17), para acelerar a a\u00e7\u00e3o global para conservar terras e \u00e1guas da floresta Amaz\u00f4nica, proteger a biodiversidade e enfrentar a crise clim\u00e1tica.<\/p>\n\n\n\n<p>O comunicado foi divulgado no mesmo dia em que o presidente dos EUA deve chegar ao Brasil para os encontros do G20, que acontecem at\u00e9 ter\u00e7a-feira (19), no Rio de Janeiro. Antes de desembarcar na capital fluminense, o presidente deve visitar Manaus (AM) \u2014&nbsp;\u00e9 o primeiro chefe de estado americano em exerc\u00edcio a conhecer a floresta Amaz\u00f4nica.<\/p>\n\n\n\n<figure class=\"wp-block-image size-full\"><img fetchpriority=\"high\" decoding=\"async\" width=\"2166\" height=\"1430\" src=\"https:\/\/noticiaempauta.com\/portal\/wp-content\/uploads\/2024\/11\/2022-06-08t210546z-1123286433-rc2hwn9c98fq-rtrmadp-3-americas-summit.avif\" alt=\"\" class=\"wp-image-264100\"\/><figcaption class=\"wp-element-caption\">(Foto: Reprodu\u00e7\u00e3o)<\/figcaption><\/figure>\n\n\n\n<p>\u00c9 esperado que ele\u00a0desembarque em Manaus ainda na manh\u00e3 deste domingo (17). A agenda do democrata prev\u00ea que ele visite o Museu da Amaz\u00f4nia (Musa), localizado na Reserva Florestal Adolpho Ducke.<\/p>\n\n\n\n<p>&#8220;Hoje, como parte de sua viagem hist\u00f3rica \u00e0 Amaz\u00f4nia, o presidente Biden anunciar\u00e1 que os Estados Unidos cumpriram sua promessa hist\u00f3rica de aumentar o financiamento clim\u00e1tico internacional dos EUA para mais de US$ 11 bilh\u00f5es por ano at\u00e9 2024&#8221;, diz o comunicado.<\/p>\n\n\n\n<p>A lista de medidas anunciada por Biden come\u00e7a por um investimento de 50 milh\u00f5es de d\u00f3lares para o Fundo Amaz\u00f4nia (o que, segundo os EUA, elevar\u00e1 as contribui\u00e7\u00f5es totais dos pa\u00eds para o projeto para US$ 100 milh\u00f5es, o que est\u00e1 sujeito \u00e0 aprova\u00e7\u00e3o do Congresso).<\/p>\n\n\n\n<p>De sa\u00edda da Casa Branca ap\u00f3s desistir de concorrer novamente contra o republicano Donald Trump, que venceu a candidata democrata e hoje vice-presidente, Kamala Harris, Biden j\u00e1 havia prometido investir na regi\u00e3o da floresta Amaz\u00f4nica desde a campanha de 2020.<\/p>\n\n\n\n<p>Naquele ano, antes de vencer Trump (que tentava a reelei\u00e7\u00e3o), Biden citou a Amaz\u00f4nia em um debate e fez promessas para a regi\u00e3o. &#8220;Eu come\u00e7aria imediatamente a organizar o hemisf\u00e9rio e o mundo para prover US$ 20 bilh\u00f5es [R$ 116 bilh\u00f5es] para a Amaz\u00f4nia, para o Brasil n\u00e3o queimar mais a Amaz\u00f4nia&#8221;, disse ele na \u00e9poca,&nbsp;<a class=\"\" href=\"https:\/\/g1.globo.com\/natureza\/noticia\/2020\/09\/30\/a-proposta-de-biden-para-a-amazonia-e-por-que-ela-irritou-bolsonaro.ghtml\">segundo reportagem da BBC<\/a>.<\/p>\n\n\n\n<p>A gest\u00e3o de Biden coincidiu, em parte, com a gest\u00e3o do ex-presidente Jair Bolsonaro (PL), not\u00f3rio apoiador de Trump.<\/p>\n\n\n\n<p>Em 2022, quando Bolsonaro viajou aos EUA para a C\u00fapula das Am\u00e9ricas,\u00a0disse, sentado ao lado de Biden, que, &#8220;por vezes&#8221;, o Brasil sentia amea\u00e7ada a soberania da Amaz\u00f4nia. Ele defendeu a legisla\u00e7\u00e3o ambiental brasileira e disse que &#8220;brevemente&#8221; o pa\u00eds se tornaria &#8220;um dos maiores exportadores de energia limpa via hidrog\u00eanio verde&#8221;.<\/p>\n\n\n\n<p>Bolsonaro admitiu &#8220;dificuldades&#8221; em rela\u00e7\u00e3o ao meio ambiente. &#8220;A quest\u00e3o ambiental, temos nossas dificuldades, mas fazemos o poss\u00edvel para atender aos nossos interesses e tamb\u00e9m, por que n\u00e3o dizer, a vontade do mundo. Mas, como disse, somos um exemplo para o mundo na quest\u00e3o ambiental&#8221;, afirmou.<\/p>\n\n\n\n<p>Antes da fala de Bolsonaro, Biden disse a ele que o Brasil fez &#8220;sacrif\u00edcios reais&#8221; para proteger a Amaz\u00f4nia e que o restante do mundo deveria ajudar a financiar a preserva\u00e7\u00e3o da floresta. Segundo Biden disse na \u00e9poca, preservar a Amaz\u00f4nia era uma &#8220;responsabilidade internacional&#8221; porque o mundo se beneficia da prote\u00e7\u00e3o da floresta.<\/p>\n\n\n\n<p>Pouco mais de quatro anos depois de ser eleito e, agora, de sa\u00edda da Casa Branca, o tema voltou \u00e0 agenda do americano. Agora, especificamente para a Amaz\u00f4nia, Biden prometeu:<\/p>\n\n\n\n<ul class=\"wp-block-list\">\n<li>investimento de 50 milh\u00f5es de d\u00f3lares para o Fundo Amaz\u00f4nia;<\/li>\n\n\n\n<li>lan\u00e7amento da Coaliz\u00e3o de Financiamento para Restaura\u00e7\u00e3o e Bioeconomia do Brasil;<\/li>\n\n\n\n<li>novo investimento nos maiores projetos de reflorestamento na Amaz\u00f4nia;<\/li>\n\n\n\n<li>apoio ao Tropical Forest Forever Facility;<\/li>\n\n\n\n<li>alavancar a demanda por cr\u00e9ditos de carbono florestal de alta integridade;<\/li>\n\n\n\n<li>novo acordo de coopera\u00e7\u00e3o entre DFC e BNDES;<\/li>\n\n\n\n<li>lan\u00e7amento de um laborat\u00f3rio de investimento em solu\u00e7\u00f5es baseadas na natureza;<\/li>\n\n\n\n<li>lan\u00e7ando de alian\u00e7as para a Amaz\u00f4nia;<\/li>\n\n\n\n<li>fornecimento de US$ 2,6 milh\u00f5es ao Rainforest Wealth Project pela USAID;<\/li>\n\n\n\n<li>investimento de US$ 4 milh\u00f5es para apoiar novos modelos de neg\u00f3cios que mant\u00eam as florestas em p\u00e9 enquanto beneficiam empresas e fam\u00edlias locais;<\/li>\n\n\n\n<li>investimento de US$ 1,4 milh\u00f5es na Assobio (Associa\u00e7\u00e3o dos Neg\u00f3cios de s\u00f3cio-bioeconomia da Amaz\u00f4nia);<\/li>\n\n\n\n<li>investimento de US$ 2,8 milh\u00f5es na atividade de Agricultura Regenerativa para a Conserva\u00e7\u00e3o da Amaz\u00f4nia (ARCA);<\/li>\n\n\n\n<li>apoio do Departamento de Agricultura dos EUA (USDA) para melhorar a efici\u00eancia dos fertilizantes;<\/li>\n\n\n\n<li>doa\u00e7\u00e3o de US$ 2,5 milh\u00f5es para a Nature Conservancy (TNC), que est\u00e1 apoiando esfor\u00e7os para reduzir o desmatamento, por meio do Departamento de Estado;<\/li>\n\n\n\n<li>parceria com o governo do Brasil para combater a extra\u00e7\u00e3o ilegal de madeira e com\u00e9rcio associado;<\/li>\n\n\n\n<li>apoio da Administra\u00e7\u00e3o Oce\u00e2nica e Atmosf\u00e9rica Nacional (NOAA) nos esfor\u00e7os de mapeamento de \u00e1reas de queimadas em tempo quase real para o Laborat\u00f3rio de Sensoriamento Remoto da Universidade Federal do Rio de Janeiro;<\/li>\n\n\n\n<li>investimento da USAID de US$ 7,8 milh\u00f5es em sua parceria de longa data com o Servi\u00e7o Florestal dos EUA para fortalecer o gerenciamento de inc\u00eandios no Brasil;<\/li>\n\n\n\n<li>investimento da USAID de US$ 1,9 milh\u00e3o para lan\u00e7ar a Alian\u00e7a dos Povos Ind\u00edgenas para as Florestas da Amaz\u00f4nia Oriental;<\/li>\n\n\n\n<li>expandir o suporte para programas existentes nos EUA, incluindo os povos ind\u00edgenas;<\/li>\n\n\n\n<li>investimento da USAID de US$ 4 milh\u00f5es para lan\u00e7ar a atividade Tapaj\u00f3s pela Vida;<\/li>\n\n\n\n<li>investimento da USAID de US$ 1,4 milh\u00e3o para lan\u00e7ar o Projeto de Bem-Estar e Gest\u00e3o Territorial nas Bacias dos Rios Negro e Xingu;<\/li>\n\n\n\n<li>investimento da USAID de US$ 2,6 milh\u00f5es para lan\u00e7ar a atividade de Gest\u00e3o Territorial Ind\u00edgena Integrada;<\/li>\n\n\n\n<li>lan\u00e7amento de sistemas avan\u00e7ados de energia carbono zero na Amaz\u00f4nia;<\/li>\n\n\n\n<li>promover a coopera\u00e7\u00e3o em sa\u00fade \u00fanica no Brasil e na Bacia Amaz\u00f4nica;<\/li>\n\n\n\n<li>fornecimento de US$ 1,4 milh\u00e3o para reduzir a atividade criminosa organizada relacionada \u00e0 minera\u00e7\u00e3o ilegal e ao tr\u00e1fico de merc\u00fario.<\/li>\n<\/ul>\n\n\n\n<h2 class=\"wp-block-heading\">Dia Internacional da Conserva\u00e7\u00e3o<\/h2>\n\n\n\n<p>Biden anunciou tamb\u00e9m a assinatura de uma procura\u00e7\u00e3o dos EUA que torna o dia 17 de novembro o Dia Internacional da Conserva\u00e7\u00e3o.<\/p>\n\n\n\n<p>Segundo a Casa Branca, o documento reconhece que a conserva\u00e7\u00e3o ambiental \u00e9 essencial para proteger a subsist\u00eancia das pessoas que dependem deles, para conservar os ecossistemas e vida selvagem, al\u00e9m de garantir que as terras e \u00e1guas para as gera\u00e7\u00f5es futuras e ajudar a evitar os piores impactos das mudan\u00e7as clim\u00e1ticas<\/p>\n\n\n\n<p>Fonte: G1<\/p>\n","protected":false},"excerpt":{"rendered":"<p>O presidente dos EUA, Joe Biden, anunciou uma lista de &#8220;novos esfor\u00e7os&#8221;, segundo comunicado divulgado neste domingo (17), para acelerar a a\u00e7\u00e3o global para conservar terras e \u00e1guas da floresta Amaz\u00f4nica, proteger a biodiversidade e enfrentar a crise clim\u00e1tica. O comunicado foi divulgado no mesmo dia em que o presidente dos EUA deve chegar ao [&hellip;]<\/p>\n","protected":false},"author":2,"featured_media":264100,"comment_status":"open","ping_status":"open","sticky":false,"template":"","format":"standard","meta":{"_mi_skip_tracking":false,"footnotes":""},"categories":[25,1,16],"tags":[192],"class_list":["post-264099","post","type-post","status-publish","format-standard","has-post-thumbnail","hentry","category-destaques-site","category-geral","category-todas","tag-destaqueprincipal"],"acf":[],"yoast_head":"<!-- This site is optimized with the Yoast SEO Premium plugin v19.2 (Yoast SEO v26.9) - https:\/\/yoast.com\/product\/yoast-seo-premium-wordpress\/ -->\n<title>Biden visita Manaus e anuncia recursos para projetos na Amaz\u00f4nia - Portal Not\u00edcia em Pauta<\/title>\n<meta name=\"robots\" content=\"index, follow, max-snippet:-1, max-image-preview:large, max-video-preview:-1\" \/>\n<link rel=\"canonical\" href=\"https:\/\/noticiaempauta.com\/portal\/biden-visita-manaus-e-anuncia-recursos-para-projetos-na-amazonia\/\" \/>\n<meta property=\"og:locale\" content=\"pt_BR\" \/>\n<meta property=\"og:type\" content=\"article\" \/>\n<meta property=\"og:title\" content=\"Biden visita Manaus e anuncia recursos para projetos na Amaz\u00f4nia\" \/>\n<meta property=\"og:description\" content=\"O presidente dos EUA, Joe Biden, anunciou uma lista de &#8220;novos esfor\u00e7os&#8221;, segundo comunicado divulgado neste domingo (17), para acelerar a a\u00e7\u00e3o global para conservar terras e \u00e1guas da floresta Amaz\u00f4nica, proteger a biodiversidade e enfrentar a crise clim\u00e1tica. O comunicado foi divulgado no mesmo dia em que o presidente dos EUA deve chegar ao [&hellip;]\" \/>\n<meta property=\"og:url\" content=\"https:\/\/noticiaempauta.com\/portal\/biden-visita-manaus-e-anuncia-recursos-para-projetos-na-amazonia\/\" \/>\n<meta property=\"og:site_name\" content=\"Portal Not\u00edcia em Pauta\" \/>\n<meta property=\"article:publisher\" content=\"https:\/\/www.facebook.com\/Portal-Notcia-Em-Pauta-102292869264820\/\" \/>\n<meta property=\"article:published_time\" content=\"2024-11-17T11:53:28+00:00\" \/>\n<meta property=\"article:modified_time\" content=\"2024-11-17T11:53:29+00:00\" \/>\n<meta name=\"author\" content=\"Reda\u00e7\u00e3o\" \/>\n<meta name=\"twitter:card\" content=\"summary_large_image\" \/>\n<meta name=\"twitter:label1\" content=\"Escrito por\" \/>\n\t<meta name=\"twitter:data1\" content=\"Reda\u00e7\u00e3o\" \/>\n\t<meta name=\"twitter:label2\" content=\"Est. tempo de leitura\" \/>\n\t<meta name=\"twitter:data2\" content=\"6 minutos\" \/>\n<script type=\"application\/ld+json\" class=\"yoast-schema-graph\">{\"@context\":\"https:\/\/schema.org\",\"@graph\":[{\"@type\":\"Article\",\"@id\":\"https:\/\/noticiaempauta.com\/portal\/biden-visita-manaus-e-anuncia-recursos-para-projetos-na-amazonia\/#article\",\"isPartOf\":{\"@id\":\"https:\/\/noticiaempauta.com\/portal\/biden-visita-manaus-e-anuncia-recursos-para-projetos-na-amazonia\/\"},\"author\":{\"name\":\"Reda\u00e7\u00e3o\",\"@id\":\"https:\/\/noticiaempauta.com\/portal\/#\/schema\/person\/a74af43dd1ab3deca45f988c717d57ac\"},\"headline\":\"Biden visita Manaus e anuncia recursos para projetos na Amaz\u00f4nia\",\"datePublished\":\"2024-11-17T11:53:28+00:00\",\"dateModified\":\"2024-11-17T11:53:29+00:00\",\"mainEntityOfPage\":{\"@id\":\"https:\/\/noticiaempauta.com\/portal\/biden-visita-manaus-e-anuncia-recursos-para-projetos-na-amazonia\/\"},\"wordCount\":1095,\"commentCount\":0,\"publisher\":{\"@id\":\"https:\/\/noticiaempauta.com\/portal\/#organization\"},\"image\":{\"@id\":\"https:\/\/noticiaempauta.com\/portal\/biden-visita-manaus-e-anuncia-recursos-para-projetos-na-amazonia\/#primaryimage\"},\"thumbnailUrl\":\"https:\/\/noticiaempauta.com\/portal\/wp-content\/uploads\/2024\/11\/2022-06-08t210546z-1123286433-rc2hwn9c98fq-rtrmadp-3-americas-summit.avif\",\"keywords\":[\"destaqueprincipal\"],\"articleSection\":[\"Destaques\",\"Geral\",\"Todas as Not\u00edcias\"],\"inLanguage\":\"pt-BR\",\"potentialAction\":[{\"@type\":\"CommentAction\",\"name\":\"Comment\",\"target\":[\"https:\/\/noticiaempauta.com\/portal\/biden-visita-manaus-e-anuncia-recursos-para-projetos-na-amazonia\/#respond\"]}]},{\"@type\":\"WebPage\",\"@id\":\"https:\/\/noticiaempauta.com\/portal\/biden-visita-manaus-e-anuncia-recursos-para-projetos-na-amazonia\/\",\"url\":\"https:\/\/noticiaempauta.com\/portal\/biden-visita-manaus-e-anuncia-recursos-para-projetos-na-amazonia\/\",\"name\":\"Biden visita Manaus e anuncia recursos para projetos na Amaz\u00f4nia - Portal Not\u00edcia em Pauta\",\"isPartOf\":{\"@id\":\"https:\/\/noticiaempauta.com\/portal\/#website\"},\"primaryImageOfPage\":{\"@id\":\"https:\/\/noticiaempauta.com\/portal\/biden-visita-manaus-e-anuncia-recursos-para-projetos-na-amazonia\/#primaryimage\"},\"image\":{\"@id\":\"https:\/\/noticiaempauta.com\/portal\/biden-visita-manaus-e-anuncia-recursos-para-projetos-na-amazonia\/#primaryimage\"},\"thumbnailUrl\":\"https:\/\/noticiaempauta.com\/portal\/wp-content\/uploads\/2024\/11\/2022-06-08t210546z-1123286433-rc2hwn9c98fq-rtrmadp-3-americas-summit.avif\",\"datePublished\":\"2024-11-17T11:53:28+00:00\",\"dateModified\":\"2024-11-17T11:53:29+00:00\",\"breadcrumb\":{\"@id\":\"https:\/\/noticiaempauta.com\/portal\/biden-visita-manaus-e-anuncia-recursos-para-projetos-na-amazonia\/#breadcrumb\"},\"inLanguage\":\"pt-BR\",\"potentialAction\":[{\"@type\":\"ReadAction\",\"target\":[\"https:\/\/noticiaempauta.com\/portal\/biden-visita-manaus-e-anuncia-recursos-para-projetos-na-amazonia\/\"]}]},{\"@type\":\"ImageObject\",\"inLanguage\":\"pt-BR\",\"@id\":\"https:\/\/noticiaempauta.com\/portal\/biden-visita-manaus-e-anuncia-recursos-para-projetos-na-amazonia\/#primaryimage\",\"url\":\"https:\/\/noticiaempauta.com\/portal\/wp-content\/uploads\/2024\/11\/2022-06-08t210546z-1123286433-rc2hwn9c98fq-rtrmadp-3-americas-summit.avif\",\"contentUrl\":\"https:\/\/noticiaempauta.com\/portal\/wp-content\/uploads\/2024\/11\/2022-06-08t210546z-1123286433-rc2hwn9c98fq-rtrmadp-3-americas-summit.avif\",\"width\":2166,\"height\":1430},{\"@type\":\"BreadcrumbList\",\"@id\":\"https:\/\/noticiaempauta.com\/portal\/biden-visita-manaus-e-anuncia-recursos-para-projetos-na-amazonia\/#breadcrumb\",\"itemListElement\":[{\"@type\":\"ListItem\",\"position\":1,\"name\":\"P\u00e1gina Inicial\",\"item\":\"https:\/\/noticiaempauta.com\/portal\/\"},{\"@type\":\"ListItem\",\"position\":2,\"name\":\"Destaques\",\"item\":\"https:\/\/noticiaempauta.com\/portal\/destaques-site\/\"},{\"@type\":\"ListItem\",\"position\":3,\"name\":\"Biden visita Manaus e anuncia recursos para projetos na Amaz\u00f4nia\"}]},{\"@type\":\"WebSite\",\"@id\":\"https:\/\/noticiaempauta.com\/portal\/#website\",\"url\":\"https:\/\/noticiaempauta.com\/portal\/\",\"name\":\"Portal Not\u00edcia em Pauta\",\"description\":\"Voc\u00ea bem informado\",\"publisher\":{\"@id\":\"https:\/\/noticiaempauta.com\/portal\/#organization\"},\"potentialAction\":[{\"@type\":\"SearchAction\",\"target\":{\"@type\":\"EntryPoint\",\"urlTemplate\":\"https:\/\/noticiaempauta.com\/portal\/?s={search_term_string}\"},\"query-input\":{\"@type\":\"PropertyValueSpecification\",\"valueRequired\":true,\"valueName\":\"search_term_string\"}}],\"inLanguage\":\"pt-BR\"},{\"@type\":\"Organization\",\"@id\":\"https:\/\/noticiaempauta.com\/portal\/#organization\",\"name\":\"Portal Not\u00edcia em Pauta\",\"url\":\"https:\/\/noticiaempauta.com\/portal\/\",\"logo\":{\"@type\":\"ImageObject\",\"inLanguage\":\"pt-BR\",\"@id\":\"https:\/\/noticiaempauta.com\/portal\/#\/schema\/logo\/image\/\",\"url\":\"https:\/\/noticiaempauta.com\/portal\/wp-content\/uploads\/2022\/08\/logomarca_tema.fw_.png\",\"contentUrl\":\"https:\/\/noticiaempauta.com\/portal\/wp-content\/uploads\/2022\/08\/logomarca_tema.fw_.png\",\"width\":400,\"height\":232,\"caption\":\"Portal Not\u00edcia em Pauta\"},\"image\":{\"@id\":\"https:\/\/noticiaempauta.com\/portal\/#\/schema\/logo\/image\/\"},\"sameAs\":[\"https:\/\/www.facebook.com\/Portal-Notcia-Em-Pauta-102292869264820\/\",\"https:\/\/www.instagram.com\/portalnoticiaempauta\/\"]},{\"@type\":\"Person\",\"@id\":\"https:\/\/noticiaempauta.com\/portal\/#\/schema\/person\/a74af43dd1ab3deca45f988c717d57ac\",\"name\":\"Reda\u00e7\u00e3o\",\"image\":{\"@type\":\"ImageObject\",\"inLanguage\":\"pt-BR\",\"@id\":\"https:\/\/noticiaempauta.com\/portal\/#\/schema\/person\/image\/\",\"url\":\"https:\/\/secure.gravatar.com\/avatar\/03179346ecce6cdfc13361603e8f54242a90e5cde8618fa23c5c00aa2b0aadf3?s=96&d=mm&r=g\",\"contentUrl\":\"https:\/\/secure.gravatar.com\/avatar\/03179346ecce6cdfc13361603e8f54242a90e5cde8618fa23c5c00aa2b0aadf3?s=96&d=mm&r=g\",\"caption\":\"Reda\u00e7\u00e3o\"},\"sameAs\":[\"https:\/\/noticiaempauta.com\/portal\/\"],\"url\":\"https:\/\/noticiaempauta.com\/portal\/author\/fernando\/\"}]}<\/script>\n<!-- \/ Yoast SEO Premium plugin. -->","yoast_head_json":{"title":"Biden visita Manaus e anuncia recursos para projetos na Amaz\u00f4nia - Portal Not\u00edcia em Pauta","robots":{"index":"index","follow":"follow","max-snippet":"max-snippet:-1","max-image-preview":"max-image-preview:large","max-video-preview":"max-video-preview:-1"},"canonical":"https:\/\/noticiaempauta.com\/portal\/biden-visita-manaus-e-anuncia-recursos-para-projetos-na-amazonia\/","og_locale":"pt_BR","og_type":"article","og_title":"Biden visita Manaus e anuncia recursos para projetos na Amaz\u00f4nia","og_description":"O presidente dos EUA, Joe Biden, anunciou uma lista de &#8220;novos esfor\u00e7os&#8221;, segundo comunicado divulgado neste domingo (17), para acelerar a a\u00e7\u00e3o global para conservar terras e \u00e1guas da floresta Amaz\u00f4nica, proteger a biodiversidade e enfrentar a crise clim\u00e1tica. O comunicado foi divulgado no mesmo dia em que o presidente dos EUA deve chegar ao [&hellip;]","og_url":"https:\/\/noticiaempauta.com\/portal\/biden-visita-manaus-e-anuncia-recursos-para-projetos-na-amazonia\/","og_site_name":"Portal Not\u00edcia em Pauta","article_publisher":"https:\/\/www.facebook.com\/Portal-Notcia-Em-Pauta-102292869264820\/","article_published_time":"2024-11-17T11:53:28+00:00","article_modified_time":"2024-11-17T11:53:29+00:00","author":"Reda\u00e7\u00e3o","twitter_card":"summary_large_image","twitter_misc":{"Escrito por":"Reda\u00e7\u00e3o","Est. tempo de leitura":"6 minutos"},"schema":{"@context":"https:\/\/schema.org","@graph":[{"@type":"Article","@id":"https:\/\/noticiaempauta.com\/portal\/biden-visita-manaus-e-anuncia-recursos-para-projetos-na-amazonia\/#article","isPartOf":{"@id":"https:\/\/noticiaempauta.com\/portal\/biden-visita-manaus-e-anuncia-recursos-para-projetos-na-amazonia\/"},"author":{"name":"Reda\u00e7\u00e3o","@id":"https:\/\/noticiaempauta.com\/portal\/#\/schema\/person\/a74af43dd1ab3deca45f988c717d57ac"},"headline":"Biden visita Manaus e anuncia recursos para projetos na Amaz\u00f4nia","datePublished":"2024-11-17T11:53:28+00:00","dateModified":"2024-11-17T11:53:29+00:00","mainEntityOfPage":{"@id":"https:\/\/noticiaempauta.com\/portal\/biden-visita-manaus-e-anuncia-recursos-para-projetos-na-amazonia\/"},"wordCount":1095,"commentCount":0,"publisher":{"@id":"https:\/\/noticiaempauta.com\/portal\/#organization"},"image":{"@id":"https:\/\/noticiaempauta.com\/portal\/biden-visita-manaus-e-anuncia-recursos-para-projetos-na-amazonia\/#primaryimage"},"thumbnailUrl":"https:\/\/noticiaempauta.com\/portal\/wp-content\/uploads\/2024\/11\/2022-06-08t210546z-1123286433-rc2hwn9c98fq-rtrmadp-3-americas-summit.avif","keywords":["destaqueprincipal"],"articleSection":["Destaques","Geral","Todas as Not\u00edcias"],"inLanguage":"pt-BR","potentialAction":[{"@type":"CommentAction","name":"Comment","target":["https:\/\/noticiaempauta.com\/portal\/biden-visita-manaus-e-anuncia-recursos-para-projetos-na-amazonia\/#respond"]}]},{"@type":"WebPage","@id":"https:\/\/noticiaempauta.com\/portal\/biden-visita-manaus-e-anuncia-recursos-para-projetos-na-amazonia\/","url":"https:\/\/noticiaempauta.com\/portal\/biden-visita-manaus-e-anuncia-recursos-para-projetos-na-amazonia\/","name":"Biden visita Manaus e anuncia recursos para projetos na Amaz\u00f4nia - Portal Not\u00edcia em Pauta","isPartOf":{"@id":"https:\/\/noticiaempauta.com\/portal\/#website"},"primaryImageOfPage":{"@id":"https:\/\/noticiaempauta.com\/portal\/biden-visita-manaus-e-anuncia-recursos-para-projetos-na-amazonia\/#primaryimage"},"image":{"@id":"https:\/\/noticiaempauta.com\/portal\/biden-visita-manaus-e-anuncia-recursos-para-projetos-na-amazonia\/#primaryimage"},"thumbnailUrl":"https:\/\/noticiaempauta.com\/portal\/wp-content\/uploads\/2024\/11\/2022-06-08t210546z-1123286433-rc2hwn9c98fq-rtrmadp-3-americas-summit.avif","datePublished":"2024-11-17T11:53:28+00:00","dateModified":"2024-11-17T11:53:29+00:00","breadcrumb":{"@id":"https:\/\/noticiaempauta.com\/portal\/biden-visita-manaus-e-anuncia-recursos-para-projetos-na-amazonia\/#breadcrumb"},"inLanguage":"pt-BR","potentialAction":[{"@type":"ReadAction","target":["https:\/\/noticiaempauta.com\/portal\/biden-visita-manaus-e-anuncia-recursos-para-projetos-na-amazonia\/"]}]},{"@type":"ImageObject","inLanguage":"pt-BR","@id":"https:\/\/noticiaempauta.com\/portal\/biden-visita-manaus-e-anuncia-recursos-para-projetos-na-amazonia\/#primaryimage","url":"https:\/\/noticiaempauta.com\/portal\/wp-content\/uploads\/2024\/11\/2022-06-08t210546z-1123286433-rc2hwn9c98fq-rtrmadp-3-americas-summit.avif","contentUrl":"https:\/\/noticiaempauta.com\/portal\/wp-content\/uploads\/2024\/11\/2022-06-08t210546z-1123286433-rc2hwn9c98fq-rtrmadp-3-americas-summit.avif","width":2166,"height":1430},{"@type":"BreadcrumbList","@id":"https:\/\/noticiaempauta.com\/portal\/biden-visita-manaus-e-anuncia-recursos-para-projetos-na-amazonia\/#breadcrumb","itemListElement":[{"@type":"ListItem","position":1,"name":"P\u00e1gina Inicial","item":"https:\/\/noticiaempauta.com\/portal\/"},{"@type":"ListItem","position":2,"name":"Destaques","item":"https:\/\/noticiaempauta.com\/portal\/destaques-site\/"},{"@type":"ListItem","position":3,"name":"Biden visita Manaus e anuncia recursos para projetos na Amaz\u00f4nia"}]},{"@type":"WebSite","@id":"https:\/\/noticiaempauta.com\/portal\/#website","url":"https:\/\/noticiaempauta.com\/portal\/","name":"Portal Not\u00edcia em Pauta","description":"Voc\u00ea bem informado","publisher":{"@id":"https:\/\/noticiaempauta.com\/portal\/#organization"},"potentialAction":[{"@type":"SearchAction","target":{"@type":"EntryPoint","urlTemplate":"https:\/\/noticiaempauta.com\/portal\/?s={search_term_string}"},"query-input":{"@type":"PropertyValueSpecification","valueRequired":true,"valueName":"search_term_string"}}],"inLanguage":"pt-BR"},{"@type":"Organization","@id":"https:\/\/noticiaempauta.com\/portal\/#organization","name":"Portal Not\u00edcia em Pauta","url":"https:\/\/noticiaempauta.com\/portal\/","logo":{"@type":"ImageObject","inLanguage":"pt-BR","@id":"https:\/\/noticiaempauta.com\/portal\/#\/schema\/logo\/image\/","url":"https:\/\/noticiaempauta.com\/portal\/wp-content\/uploads\/2022\/08\/logomarca_tema.fw_.png","contentUrl":"https:\/\/noticiaempauta.com\/portal\/wp-content\/uploads\/2022\/08\/logomarca_tema.fw_.png","width":400,"height":232,"caption":"Portal Not\u00edcia em Pauta"},"image":{"@id":"https:\/\/noticiaempauta.com\/portal\/#\/schema\/logo\/image\/"},"sameAs":["https:\/\/www.facebook.com\/Portal-Notcia-Em-Pauta-102292869264820\/","https:\/\/www.instagram.com\/portalnoticiaempauta\/"]},{"@type":"Person","@id":"https:\/\/noticiaempauta.com\/portal\/#\/schema\/person\/a74af43dd1ab3deca45f988c717d57ac","name":"Reda\u00e7\u00e3o","image":{"@type":"ImageObject","inLanguage":"pt-BR","@id":"https:\/\/noticiaempauta.com\/portal\/#\/schema\/person\/image\/","url":"https:\/\/secure.gravatar.com\/avatar\/03179346ecce6cdfc13361603e8f54242a90e5cde8618fa23c5c00aa2b0aadf3?s=96&d=mm&r=g","contentUrl":"https:\/\/secure.gravatar.com\/avatar\/03179346ecce6cdfc13361603e8f54242a90e5cde8618fa23c5c00aa2b0aadf3?s=96&d=mm&r=g","caption":"Reda\u00e7\u00e3o"},"sameAs":["https:\/\/noticiaempauta.com\/portal\/"],"url":"https:\/\/noticiaempauta.com\/portal\/author\/fernando\/"}]}},"_links":{"self":[{"href":"https:\/\/noticiaempauta.com\/portal\/wp-json\/wp\/v2\/posts\/264099","targetHints":{"allow":["GET"]}}],"collection":[{"href":"https:\/\/noticiaempauta.com\/portal\/wp-json\/wp\/v2\/posts"}],"about":[{"href":"https:\/\/noticiaempauta.com\/portal\/wp-json\/wp\/v2\/types\/post"}],"author":[{"embeddable":true,"href":"https:\/\/noticiaempauta.com\/portal\/wp-json\/wp\/v2\/users\/2"}],"replies":[{"embeddable":true,"href":"https:\/\/noticiaempauta.com\/portal\/wp-json\/wp\/v2\/comments?post=264099"}],"version-history":[{"count":2,"href":"https:\/\/noticiaempauta.com\/portal\/wp-json\/wp\/v2\/posts\/264099\/revisions"}],"predecessor-version":[{"id":264102,"href":"https:\/\/noticiaempauta.com\/portal\/wp-json\/wp\/v2\/posts\/264099\/revisions\/264102"}],"wp:featuredmedia":[{"embeddable":true,"href":"https:\/\/noticiaempauta.com\/portal\/wp-json\/wp\/v2\/media\/264100"}],"wp:attachment":[{"href":"https:\/\/noticiaempauta.com\/portal\/wp-json\/wp\/v2\/media?parent=264099"}],"wp:term":[{"taxonomy":"category","embeddable":true,"href":"https:\/\/noticiaempauta.com\/portal\/wp-json\/wp\/v2\/categories?post=264099"},{"taxonomy":"post_tag","embeddable":true,"href":"https:\/\/noticiaempauta.com\/portal\/wp-json\/wp\/v2\/tags?post=264099"}],"curies":[{"name":"wp","href":"https:\/\/api.w.org\/{rel}","templated":true}]}}