{"id":264109,"date":"2024-11-18T08:46:32","date_gmt":"2024-11-18T11:46:32","guid":{"rendered":"https:\/\/noticiaempauta.com\/portal\/?p=264109"},"modified":"2024-11-18T08:46:33","modified_gmt":"2024-11-18T11:46:33","slug":"policia-militar-vai-promover-250-oficiais-e-pracas-em-solenidade-do-dia-da-bandeira-nesta-terca-19","status":"publish","type":"post","link":"https:\/\/noticiaempauta.com\/portal\/policia-militar-vai-promover-250-oficiais-e-pracas-em-solenidade-do-dia-da-bandeira-nesta-terca-19\/","title":{"rendered":"Pol\u00edcia Militar vai promover 250 oficiais e pra\u00e7as em solenidade do Dia da Bandeira nesta ter\u00e7a (19)"},"content":{"rendered":"\n<p>A Pol\u00edcia Militar do Piau\u00ed realiza, ter\u00e7a-feira (19), a solenidade C\u00edvico-Militar em alus\u00e3o ao Dia da Bandeira. Com a promo\u00e7\u00e3o de mais de 250 oficiais e pra\u00e7as, al\u00e9m da concess\u00e3o de Diplomas de Amigo da Pol\u00edcia Militar e de Honra ao M\u00e9rito, o evento ocorrer\u00e1 a partir das 7h, no Quartel do Comando-Geral (QCG), bairro Cristo Rei, na zona sul de Teresina.&nbsp;<\/p>\n\n\n\n<p>Para o comandante-geral da PMPI, coronel Scheiwann Lopes, o momento marca mais uma etapa de progress\u00e3o de carreira dos profissionais, que se dedicam diariamente no exerc\u00edcio da profiss\u00e3o. As promo\u00e7\u00f5es ocorrem pelos crit\u00e9rios de antiguidade, merecimento e m\u00e9rito intelectual. Al\u00e9m disso, a data celebra o s\u00edmbolo m\u00e1ximo da p\u00e1tria.<\/p>\n\n\n\n<figure class=\"wp-block-image size-full\"><img fetchpriority=\"high\" decoding=\"async\" width=\"1000\" height=\"667\" src=\"https:\/\/noticiaempauta.com\/portal\/wp-content\/uploads\/2024\/11\/large_scheiwann_lopes_22db91f60f.jpeg\" alt=\"\" class=\"wp-image-264111\" srcset=\"https:\/\/noticiaempauta.com\/portal\/wp-content\/uploads\/2024\/11\/large_scheiwann_lopes_22db91f60f.jpeg 1000w, https:\/\/noticiaempauta.com\/portal\/wp-content\/uploads\/2024\/11\/large_scheiwann_lopes_22db91f60f-300x200.jpeg 300w, https:\/\/noticiaempauta.com\/portal\/wp-content\/uploads\/2024\/11\/large_scheiwann_lopes_22db91f60f-768x512.jpeg 768w\" sizes=\"(max-width: 1000px) 100vw, 1000px\" \/><figcaption class=\"wp-element-caption\">Comandante-Geral da PM-PI, Coronel Scheiwann Lopes<\/figcaption><\/figure>\n\n\n\n<p>&#8220;Dia 19 de novembro, dia da nossa bandeira, pavilh\u00e3o nacional, um dos s\u00edmbolos da Rep\u00fablica que n\u00f3s temos sempre que venerar e honrar. &nbsp;\u00c9 a nossa refer\u00eancia como simbologia de Estado democr\u00e1tico de direito.&nbsp; Temos tamb\u00e9m nessa oportunidade, atrav\u00e9s do nosso governador Rafael Fonteles, a valoriza\u00e7\u00e3o profissional com a progress\u00e3o na carreira dos nossos policiais. A data faz parte do calend\u00e1rio da Pol\u00edcia Militar e prev\u00ea a promo\u00e7\u00e3o de oficiais e pra\u00e7as como forma de premiar e prestigiar aqueles que se destacaram na corpora\u00e7\u00e3o\u201d, ressaltou.<\/p>\n\n\n\n<figure class=\"wp-block-image size-full\"><img decoding=\"async\" width=\"1000\" height=\"666\" src=\"https:\/\/noticiaempauta.com\/portal\/wp-content\/uploads\/2024\/11\/large_Whats_App_Image_2024_01_11_at_22_24_37_1_c6e163ca39.jpeg\" alt=\"\" class=\"wp-image-264110\" srcset=\"https:\/\/noticiaempauta.com\/portal\/wp-content\/uploads\/2024\/11\/large_Whats_App_Image_2024_01_11_at_22_24_37_1_c6e163ca39.jpeg 1000w, https:\/\/noticiaempauta.com\/portal\/wp-content\/uploads\/2024\/11\/large_Whats_App_Image_2024_01_11_at_22_24_37_1_c6e163ca39-300x200.jpeg 300w, https:\/\/noticiaempauta.com\/portal\/wp-content\/uploads\/2024\/11\/large_Whats_App_Image_2024_01_11_at_22_24_37_1_c6e163ca39-768x511.jpeg 768w\" sizes=\"(max-width: 1000px) 100vw, 1000px\" \/><\/figure>\n\n\n\n<p>Na solenidade, civis e militares tamb\u00e9m ser\u00e3o homenageados com diplomas de Amigo da Pol\u00edcia Militar e de Honra ao M\u00e9rito, refor\u00e7ando a import\u00e2ncia do elo entre a pol\u00edcia e comunidade. O momento tamb\u00e9m contar\u00e1 com desfiles da tropa e incinera\u00e7\u00e3o da bandeira antiga e hasteamento solene da bandeira nacional nova, como parte dos ritos tradicionais.<\/p>\n\n\n\n<p><strong>Dia da Bandeira<\/strong><\/p>\n\n\n\n<p>O Dia da Bandeira foi estabelecido apenas quatro dias ap\u00f3s a Proclama\u00e7\u00e3o da Rep\u00fablica, datada de 15 de novembro de 1889, por meio do Decreto-Lei n\u00ba 4, em rever\u00eancia a este s\u00edmbolo nacional t\u00e3o significativo. Assim, celebrado especificamente em 19 de novembro, representa mais um elemento marcante na consolida\u00e7\u00e3o da identidade do Brasil.<\/p>\n\n\n\n<p>Quando uma bandeira brasileira se torna desgastada, suja ou danificada, \u00e9 crucial substitu\u00ed-la prontamente por uma nova. A bandeira retirada deve ser entregue a uma unidade militar, respons\u00e1vel por realizar sua incinera\u00e7\u00e3o no dia 19 de novembro. Este procedimento respeitoso preserva o valor simb\u00f3lico do emblema nacional.<\/p>\n","protected":false},"excerpt":{"rendered":"<p>A solenidade C\u00edvico-Militar acontece ter\u00e7a-feira (19) a partir das 7h, no Quartel do Comando-Geral (QCG), em Teresina.<\/p>\n","protected":false},"author":2,"featured_media":264111,"comment_status":"open","ping_status":"open","sticky":false,"template":"","format":"standard","meta":{"_mi_skip_tracking":false,"footnotes":""},"categories":[25,1,137,16],"tags":[],"class_list":["post-264109","post","type-post","status-publish","format-standard","has-post-thumbnail","hentry","category-destaques-site","category-geral","category-policia","category-todas"],"acf":[],"yoast_head":"<!-- This site is optimized with the Yoast SEO Premium plugin v19.2 (Yoast SEO v26.9) - https:\/\/yoast.com\/product\/yoast-seo-premium-wordpress\/ -->\n<title>Pol\u00edcia Militar vai promover 250 oficiais e pra\u00e7as em solenidade do Dia da Bandeira nesta ter\u00e7a (19) - Portal Not\u00edcia em Pauta<\/title>\n<meta name=\"robots\" content=\"index, follow, max-snippet:-1, max-image-preview:large, max-video-preview:-1\" \/>\n<link rel=\"canonical\" href=\"https:\/\/noticiaempauta.com\/portal\/policia-militar-vai-promover-250-oficiais-e-pracas-em-solenidade-do-dia-da-bandeira-nesta-terca-19\/\" \/>\n<meta property=\"og:locale\" content=\"pt_BR\" \/>\n<meta property=\"og:type\" content=\"article\" \/>\n<meta property=\"og:title\" content=\"Pol\u00edcia Militar vai promover 250 oficiais e pra\u00e7as em solenidade do Dia da Bandeira nesta ter\u00e7a (19)\" \/>\n<meta property=\"og:description\" content=\"A solenidade C\u00edvico-Militar acontece ter\u00e7a-feira (19) a partir das 7h, no Quartel do Comando-Geral (QCG), em Teresina.\" \/>\n<meta property=\"og:url\" content=\"https:\/\/noticiaempauta.com\/portal\/policia-militar-vai-promover-250-oficiais-e-pracas-em-solenidade-do-dia-da-bandeira-nesta-terca-19\/\" \/>\n<meta property=\"og:site_name\" content=\"Portal Not\u00edcia em Pauta\" \/>\n<meta property=\"article:publisher\" content=\"https:\/\/www.facebook.com\/Portal-Notcia-Em-Pauta-102292869264820\/\" \/>\n<meta property=\"article:published_time\" content=\"2024-11-18T11:46:32+00:00\" \/>\n<meta property=\"article:modified_time\" content=\"2024-11-18T11:46:33+00:00\" \/>\n<meta property=\"og:image\" content=\"https:\/\/noticiaempauta.com\/portal\/wp-content\/uploads\/2024\/11\/large_scheiwann_lopes_22db91f60f.jpeg\" \/>\n\t<meta property=\"og:image:width\" content=\"1000\" \/>\n\t<meta property=\"og:image:height\" content=\"667\" \/>\n\t<meta property=\"og:image:type\" content=\"image\/jpeg\" \/>\n<meta name=\"author\" content=\"Reda\u00e7\u00e3o\" \/>\n<meta name=\"twitter:card\" content=\"summary_large_image\" \/>\n<meta name=\"twitter:label1\" content=\"Escrito por\" \/>\n\t<meta name=\"twitter:data1\" content=\"Reda\u00e7\u00e3o\" \/>\n\t<meta name=\"twitter:label2\" content=\"Est. tempo de leitura\" \/>\n\t<meta name=\"twitter:data2\" content=\"3 minutos\" \/>\n<script type=\"application\/ld+json\" class=\"yoast-schema-graph\">{\"@context\":\"https:\/\/schema.org\",\"@graph\":[{\"@type\":\"Article\",\"@id\":\"https:\/\/noticiaempauta.com\/portal\/policia-militar-vai-promover-250-oficiais-e-pracas-em-solenidade-do-dia-da-bandeira-nesta-terca-19\/#article\",\"isPartOf\":{\"@id\":\"https:\/\/noticiaempauta.com\/portal\/policia-militar-vai-promover-250-oficiais-e-pracas-em-solenidade-do-dia-da-bandeira-nesta-terca-19\/\"},\"author\":{\"name\":\"Reda\u00e7\u00e3o\",\"@id\":\"https:\/\/noticiaempauta.com\/portal\/#\/schema\/person\/a74af43dd1ab3deca45f988c717d57ac\"},\"headline\":\"Pol\u00edcia Militar vai promover 250 oficiais e pra\u00e7as em solenidade do Dia da Bandeira nesta ter\u00e7a (19)\",\"datePublished\":\"2024-11-18T11:46:32+00:00\",\"dateModified\":\"2024-11-18T11:46:33+00:00\",\"mainEntityOfPage\":{\"@id\":\"https:\/\/noticiaempauta.com\/portal\/policia-militar-vai-promover-250-oficiais-e-pracas-em-solenidade-do-dia-da-bandeira-nesta-terca-19\/\"},\"wordCount\":426,\"commentCount\":0,\"publisher\":{\"@id\":\"https:\/\/noticiaempauta.com\/portal\/#organization\"},\"image\":{\"@id\":\"https:\/\/noticiaempauta.com\/portal\/policia-militar-vai-promover-250-oficiais-e-pracas-em-solenidade-do-dia-da-bandeira-nesta-terca-19\/#primaryimage\"},\"thumbnailUrl\":\"https:\/\/noticiaempauta.com\/portal\/wp-content\/uploads\/2024\/11\/large_scheiwann_lopes_22db91f60f.jpeg\",\"articleSection\":[\"Destaques\",\"Geral\",\"Pol\u00edcia\",\"Todas as Not\u00edcias\"],\"inLanguage\":\"pt-BR\",\"potentialAction\":[{\"@type\":\"CommentAction\",\"name\":\"Comment\",\"target\":[\"https:\/\/noticiaempauta.com\/portal\/policia-militar-vai-promover-250-oficiais-e-pracas-em-solenidade-do-dia-da-bandeira-nesta-terca-19\/#respond\"]}]},{\"@type\":\"WebPage\",\"@id\":\"https:\/\/noticiaempauta.com\/portal\/policia-militar-vai-promover-250-oficiais-e-pracas-em-solenidade-do-dia-da-bandeira-nesta-terca-19\/\",\"url\":\"https:\/\/noticiaempauta.com\/portal\/policia-militar-vai-promover-250-oficiais-e-pracas-em-solenidade-do-dia-da-bandeira-nesta-terca-19\/\",\"name\":\"Pol\u00edcia Militar vai promover 250 oficiais e pra\u00e7as em solenidade do Dia da Bandeira nesta ter\u00e7a (19) - Portal Not\u00edcia em Pauta\",\"isPartOf\":{\"@id\":\"https:\/\/noticiaempauta.com\/portal\/#website\"},\"primaryImageOfPage\":{\"@id\":\"https:\/\/noticiaempauta.com\/portal\/policia-militar-vai-promover-250-oficiais-e-pracas-em-solenidade-do-dia-da-bandeira-nesta-terca-19\/#primaryimage\"},\"image\":{\"@id\":\"https:\/\/noticiaempauta.com\/portal\/policia-militar-vai-promover-250-oficiais-e-pracas-em-solenidade-do-dia-da-bandeira-nesta-terca-19\/#primaryimage\"},\"thumbnailUrl\":\"https:\/\/noticiaempauta.com\/portal\/wp-content\/uploads\/2024\/11\/large_scheiwann_lopes_22db91f60f.jpeg\",\"datePublished\":\"2024-11-18T11:46:32+00:00\",\"dateModified\":\"2024-11-18T11:46:33+00:00\",\"breadcrumb\":{\"@id\":\"https:\/\/noticiaempauta.com\/portal\/policia-militar-vai-promover-250-oficiais-e-pracas-em-solenidade-do-dia-da-bandeira-nesta-terca-19\/#breadcrumb\"},\"inLanguage\":\"pt-BR\",\"potentialAction\":[{\"@type\":\"ReadAction\",\"target\":[\"https:\/\/noticiaempauta.com\/portal\/policia-militar-vai-promover-250-oficiais-e-pracas-em-solenidade-do-dia-da-bandeira-nesta-terca-19\/\"]}]},{\"@type\":\"ImageObject\",\"inLanguage\":\"pt-BR\",\"@id\":\"https:\/\/noticiaempauta.com\/portal\/policia-militar-vai-promover-250-oficiais-e-pracas-em-solenidade-do-dia-da-bandeira-nesta-terca-19\/#primaryimage\",\"url\":\"https:\/\/noticiaempauta.com\/portal\/wp-content\/uploads\/2024\/11\/large_scheiwann_lopes_22db91f60f.jpeg\",\"contentUrl\":\"https:\/\/noticiaempauta.com\/portal\/wp-content\/uploads\/2024\/11\/large_scheiwann_lopes_22db91f60f.jpeg\",\"width\":1000,\"height\":667},{\"@type\":\"BreadcrumbList\",\"@id\":\"https:\/\/noticiaempauta.com\/portal\/policia-militar-vai-promover-250-oficiais-e-pracas-em-solenidade-do-dia-da-bandeira-nesta-terca-19\/#breadcrumb\",\"itemListElement\":[{\"@type\":\"ListItem\",\"position\":1,\"name\":\"P\u00e1gina Inicial\",\"item\":\"https:\/\/noticiaempauta.com\/portal\/\"},{\"@type\":\"ListItem\",\"position\":2,\"name\":\"Destaques\",\"item\":\"https:\/\/noticiaempauta.com\/portal\/destaques-site\/\"},{\"@type\":\"ListItem\",\"position\":3,\"name\":\"Pol\u00edcia Militar vai promover 250 oficiais e pra\u00e7as em solenidade do Dia da Bandeira nesta ter\u00e7a (19)\"}]},{\"@type\":\"WebSite\",\"@id\":\"https:\/\/noticiaempauta.com\/portal\/#website\",\"url\":\"https:\/\/noticiaempauta.com\/portal\/\",\"name\":\"Portal Not\u00edcia em Pauta\",\"description\":\"Voc\u00ea bem informado\",\"publisher\":{\"@id\":\"https:\/\/noticiaempauta.com\/portal\/#organization\"},\"potentialAction\":[{\"@type\":\"SearchAction\",\"target\":{\"@type\":\"EntryPoint\",\"urlTemplate\":\"https:\/\/noticiaempauta.com\/portal\/?s={search_term_string}\"},\"query-input\":{\"@type\":\"PropertyValueSpecification\",\"valueRequired\":true,\"valueName\":\"search_term_string\"}}],\"inLanguage\":\"pt-BR\"},{\"@type\":\"Organization\",\"@id\":\"https:\/\/noticiaempauta.com\/portal\/#organization\",\"name\":\"Portal Not\u00edcia em Pauta\",\"url\":\"https:\/\/noticiaempauta.com\/portal\/\",\"logo\":{\"@type\":\"ImageObject\",\"inLanguage\":\"pt-BR\",\"@id\":\"https:\/\/noticiaempauta.com\/portal\/#\/schema\/logo\/image\/\",\"url\":\"https:\/\/noticiaempauta.com\/portal\/wp-content\/uploads\/2022\/08\/logomarca_tema.fw_.png\",\"contentUrl\":\"https:\/\/noticiaempauta.com\/portal\/wp-content\/uploads\/2022\/08\/logomarca_tema.fw_.png\",\"width\":400,\"height\":232,\"caption\":\"Portal Not\u00edcia em Pauta\"},\"image\":{\"@id\":\"https:\/\/noticiaempauta.com\/portal\/#\/schema\/logo\/image\/\"},\"sameAs\":[\"https:\/\/www.facebook.com\/Portal-Notcia-Em-Pauta-102292869264820\/\",\"https:\/\/www.instagram.com\/portalnoticiaempauta\/\"]},{\"@type\":\"Person\",\"@id\":\"https:\/\/noticiaempauta.com\/portal\/#\/schema\/person\/a74af43dd1ab3deca45f988c717d57ac\",\"name\":\"Reda\u00e7\u00e3o\",\"image\":{\"@type\":\"ImageObject\",\"inLanguage\":\"pt-BR\",\"@id\":\"https:\/\/noticiaempauta.com\/portal\/#\/schema\/person\/image\/\",\"url\":\"https:\/\/secure.gravatar.com\/avatar\/03179346ecce6cdfc13361603e8f54242a90e5cde8618fa23c5c00aa2b0aadf3?s=96&d=mm&r=g\",\"contentUrl\":\"https:\/\/secure.gravatar.com\/avatar\/03179346ecce6cdfc13361603e8f54242a90e5cde8618fa23c5c00aa2b0aadf3?s=96&d=mm&r=g\",\"caption\":\"Reda\u00e7\u00e3o\"},\"sameAs\":[\"https:\/\/noticiaempauta.com\/portal\/\"],\"url\":\"https:\/\/noticiaempauta.com\/portal\/author\/fernando\/\"}]}<\/script>\n<!-- \/ Yoast SEO Premium plugin. -->","yoast_head_json":{"title":"Pol\u00edcia Militar vai promover 250 oficiais e pra\u00e7as em solenidade do Dia da Bandeira nesta ter\u00e7a (19) - Portal Not\u00edcia em Pauta","robots":{"index":"index","follow":"follow","max-snippet":"max-snippet:-1","max-image-preview":"max-image-preview:large","max-video-preview":"max-video-preview:-1"},"canonical":"https:\/\/noticiaempauta.com\/portal\/policia-militar-vai-promover-250-oficiais-e-pracas-em-solenidade-do-dia-da-bandeira-nesta-terca-19\/","og_locale":"pt_BR","og_type":"article","og_title":"Pol\u00edcia Militar vai promover 250 oficiais e pra\u00e7as em solenidade do Dia da Bandeira nesta ter\u00e7a (19)","og_description":"A solenidade C\u00edvico-Militar acontece ter\u00e7a-feira (19) a partir das 7h, no Quartel do Comando-Geral (QCG), em Teresina.","og_url":"https:\/\/noticiaempauta.com\/portal\/policia-militar-vai-promover-250-oficiais-e-pracas-em-solenidade-do-dia-da-bandeira-nesta-terca-19\/","og_site_name":"Portal Not\u00edcia em Pauta","article_publisher":"https:\/\/www.facebook.com\/Portal-Notcia-Em-Pauta-102292869264820\/","article_published_time":"2024-11-18T11:46:32+00:00","article_modified_time":"2024-11-18T11:46:33+00:00","og_image":[{"width":1000,"height":667,"url":"https:\/\/noticiaempauta.com\/portal\/wp-content\/uploads\/2024\/11\/large_scheiwann_lopes_22db91f60f.jpeg","type":"image\/jpeg"}],"author":"Reda\u00e7\u00e3o","twitter_card":"summary_large_image","twitter_misc":{"Escrito por":"Reda\u00e7\u00e3o","Est. tempo de leitura":"3 minutos"},"schema":{"@context":"https:\/\/schema.org","@graph":[{"@type":"Article","@id":"https:\/\/noticiaempauta.com\/portal\/policia-militar-vai-promover-250-oficiais-e-pracas-em-solenidade-do-dia-da-bandeira-nesta-terca-19\/#article","isPartOf":{"@id":"https:\/\/noticiaempauta.com\/portal\/policia-militar-vai-promover-250-oficiais-e-pracas-em-solenidade-do-dia-da-bandeira-nesta-terca-19\/"},"author":{"name":"Reda\u00e7\u00e3o","@id":"https:\/\/noticiaempauta.com\/portal\/#\/schema\/person\/a74af43dd1ab3deca45f988c717d57ac"},"headline":"Pol\u00edcia Militar vai promover 250 oficiais e pra\u00e7as em solenidade do Dia da Bandeira nesta ter\u00e7a (19)","datePublished":"2024-11-18T11:46:32+00:00","dateModified":"2024-11-18T11:46:33+00:00","mainEntityOfPage":{"@id":"https:\/\/noticiaempauta.com\/portal\/policia-militar-vai-promover-250-oficiais-e-pracas-em-solenidade-do-dia-da-bandeira-nesta-terca-19\/"},"wordCount":426,"commentCount":0,"publisher":{"@id":"https:\/\/noticiaempauta.com\/portal\/#organization"},"image":{"@id":"https:\/\/noticiaempauta.com\/portal\/policia-militar-vai-promover-250-oficiais-e-pracas-em-solenidade-do-dia-da-bandeira-nesta-terca-19\/#primaryimage"},"thumbnailUrl":"https:\/\/noticiaempauta.com\/portal\/wp-content\/uploads\/2024\/11\/large_scheiwann_lopes_22db91f60f.jpeg","articleSection":["Destaques","Geral","Pol\u00edcia","Todas as Not\u00edcias"],"inLanguage":"pt-BR","potentialAction":[{"@type":"CommentAction","name":"Comment","target":["https:\/\/noticiaempauta.com\/portal\/policia-militar-vai-promover-250-oficiais-e-pracas-em-solenidade-do-dia-da-bandeira-nesta-terca-19\/#respond"]}]},{"@type":"WebPage","@id":"https:\/\/noticiaempauta.com\/portal\/policia-militar-vai-promover-250-oficiais-e-pracas-em-solenidade-do-dia-da-bandeira-nesta-terca-19\/","url":"https:\/\/noticiaempauta.com\/portal\/policia-militar-vai-promover-250-oficiais-e-pracas-em-solenidade-do-dia-da-bandeira-nesta-terca-19\/","name":"Pol\u00edcia Militar vai promover 250 oficiais e pra\u00e7as em solenidade do Dia da Bandeira nesta ter\u00e7a (19) - Portal Not\u00edcia em Pauta","isPartOf":{"@id":"https:\/\/noticiaempauta.com\/portal\/#website"},"primaryImageOfPage":{"@id":"https:\/\/noticiaempauta.com\/portal\/policia-militar-vai-promover-250-oficiais-e-pracas-em-solenidade-do-dia-da-bandeira-nesta-terca-19\/#primaryimage"},"image":{"@id":"https:\/\/noticiaempauta.com\/portal\/policia-militar-vai-promover-250-oficiais-e-pracas-em-solenidade-do-dia-da-bandeira-nesta-terca-19\/#primaryimage"},"thumbnailUrl":"https:\/\/noticiaempauta.com\/portal\/wp-content\/uploads\/2024\/11\/large_scheiwann_lopes_22db91f60f.jpeg","datePublished":"2024-11-18T11:46:32+00:00","dateModified":"2024-11-18T11:46:33+00:00","breadcrumb":{"@id":"https:\/\/noticiaempauta.com\/portal\/policia-militar-vai-promover-250-oficiais-e-pracas-em-solenidade-do-dia-da-bandeira-nesta-terca-19\/#breadcrumb"},"inLanguage":"pt-BR","potentialAction":[{"@type":"ReadAction","target":["https:\/\/noticiaempauta.com\/portal\/policia-militar-vai-promover-250-oficiais-e-pracas-em-solenidade-do-dia-da-bandeira-nesta-terca-19\/"]}]},{"@type":"ImageObject","inLanguage":"pt-BR","@id":"https:\/\/noticiaempauta.com\/portal\/policia-militar-vai-promover-250-oficiais-e-pracas-em-solenidade-do-dia-da-bandeira-nesta-terca-19\/#primaryimage","url":"https:\/\/noticiaempauta.com\/portal\/wp-content\/uploads\/2024\/11\/large_scheiwann_lopes_22db91f60f.jpeg","contentUrl":"https:\/\/noticiaempauta.com\/portal\/wp-content\/uploads\/2024\/11\/large_scheiwann_lopes_22db91f60f.jpeg","width":1000,"height":667},{"@type":"BreadcrumbList","@id":"https:\/\/noticiaempauta.com\/portal\/policia-militar-vai-promover-250-oficiais-e-pracas-em-solenidade-do-dia-da-bandeira-nesta-terca-19\/#breadcrumb","itemListElement":[{"@type":"ListItem","position":1,"name":"P\u00e1gina Inicial","item":"https:\/\/noticiaempauta.com\/portal\/"},{"@type":"ListItem","position":2,"name":"Destaques","item":"https:\/\/noticiaempauta.com\/portal\/destaques-site\/"},{"@type":"ListItem","position":3,"name":"Pol\u00edcia Militar vai promover 250 oficiais e pra\u00e7as em solenidade do Dia da Bandeira nesta ter\u00e7a (19)"}]},{"@type":"WebSite","@id":"https:\/\/noticiaempauta.com\/portal\/#website","url":"https:\/\/noticiaempauta.com\/portal\/","name":"Portal Not\u00edcia em Pauta","description":"Voc\u00ea bem informado","publisher":{"@id":"https:\/\/noticiaempauta.com\/portal\/#organization"},"potentialAction":[{"@type":"SearchAction","target":{"@type":"EntryPoint","urlTemplate":"https:\/\/noticiaempauta.com\/portal\/?s={search_term_string}"},"query-input":{"@type":"PropertyValueSpecification","valueRequired":true,"valueName":"search_term_string"}}],"inLanguage":"pt-BR"},{"@type":"Organization","@id":"https:\/\/noticiaempauta.com\/portal\/#organization","name":"Portal Not\u00edcia em Pauta","url":"https:\/\/noticiaempauta.com\/portal\/","logo":{"@type":"ImageObject","inLanguage":"pt-BR","@id":"https:\/\/noticiaempauta.com\/portal\/#\/schema\/logo\/image\/","url":"https:\/\/noticiaempauta.com\/portal\/wp-content\/uploads\/2022\/08\/logomarca_tema.fw_.png","contentUrl":"https:\/\/noticiaempauta.com\/portal\/wp-content\/uploads\/2022\/08\/logomarca_tema.fw_.png","width":400,"height":232,"caption":"Portal Not\u00edcia em Pauta"},"image":{"@id":"https:\/\/noticiaempauta.com\/portal\/#\/schema\/logo\/image\/"},"sameAs":["https:\/\/www.facebook.com\/Portal-Notcia-Em-Pauta-102292869264820\/","https:\/\/www.instagram.com\/portalnoticiaempauta\/"]},{"@type":"Person","@id":"https:\/\/noticiaempauta.com\/portal\/#\/schema\/person\/a74af43dd1ab3deca45f988c717d57ac","name":"Reda\u00e7\u00e3o","image":{"@type":"ImageObject","inLanguage":"pt-BR","@id":"https:\/\/noticiaempauta.com\/portal\/#\/schema\/person\/image\/","url":"https:\/\/secure.gravatar.com\/avatar\/03179346ecce6cdfc13361603e8f54242a90e5cde8618fa23c5c00aa2b0aadf3?s=96&d=mm&r=g","contentUrl":"https:\/\/secure.gravatar.com\/avatar\/03179346ecce6cdfc13361603e8f54242a90e5cde8618fa23c5c00aa2b0aadf3?s=96&d=mm&r=g","caption":"Reda\u00e7\u00e3o"},"sameAs":["https:\/\/noticiaempauta.com\/portal\/"],"url":"https:\/\/noticiaempauta.com\/portal\/author\/fernando\/"}]}},"_links":{"self":[{"href":"https:\/\/noticiaempauta.com\/portal\/wp-json\/wp\/v2\/posts\/264109","targetHints":{"allow":["GET"]}}],"collection":[{"href":"https:\/\/noticiaempauta.com\/portal\/wp-json\/wp\/v2\/posts"}],"about":[{"href":"https:\/\/noticiaempauta.com\/portal\/wp-json\/wp\/v2\/types\/post"}],"author":[{"embeddable":true,"href":"https:\/\/noticiaempauta.com\/portal\/wp-json\/wp\/v2\/users\/2"}],"replies":[{"embeddable":true,"href":"https:\/\/noticiaempauta.com\/portal\/wp-json\/wp\/v2\/comments?post=264109"}],"version-history":[{"count":1,"href":"https:\/\/noticiaempauta.com\/portal\/wp-json\/wp\/v2\/posts\/264109\/revisions"}],"predecessor-version":[{"id":264112,"href":"https:\/\/noticiaempauta.com\/portal\/wp-json\/wp\/v2\/posts\/264109\/revisions\/264112"}],"wp:featuredmedia":[{"embeddable":true,"href":"https:\/\/noticiaempauta.com\/portal\/wp-json\/wp\/v2\/media\/264111"}],"wp:attachment":[{"href":"https:\/\/noticiaempauta.com\/portal\/wp-json\/wp\/v2\/media?parent=264109"}],"wp:term":[{"taxonomy":"category","embeddable":true,"href":"https:\/\/noticiaempauta.com\/portal\/wp-json\/wp\/v2\/categories?post=264109"},{"taxonomy":"post_tag","embeddable":true,"href":"https:\/\/noticiaempauta.com\/portal\/wp-json\/wp\/v2\/tags?post=264109"}],"curies":[{"name":"wp","href":"https:\/\/api.w.org\/{rel}","templated":true}]}}