{"id":264133,"date":"2024-11-19T09:17:43","date_gmt":"2024-11-19T12:17:43","guid":{"rendered":"https:\/\/noticiaempauta.com\/portal\/?p=264133"},"modified":"2024-11-19T09:17:44","modified_gmt":"2024-11-19T12:17:44","slug":"seduc-pi-instala-cameras-de-vigilancia-eletronica-em-mais-de-165-escolas","status":"publish","type":"post","link":"https:\/\/noticiaempauta.com\/portal\/seduc-pi-instala-cameras-de-vigilancia-eletronica-em-mais-de-165-escolas\/","title":{"rendered":"Seduc-PI instala c\u00e2meras de vigil\u00e2ncia eletr\u00f4nica em mais de 165 Escolas"},"content":{"rendered":"\n<p>A Secretaria de Estado da Educa\u00e7\u00e3o do Piau\u00ed (Seduc) est\u00e1 investindo R$ 15,3 milh\u00f5es para ampliar o projeto de videomonitoramento nas escolas da Rede P\u00fablica Estadual, que come\u00e7ou no in\u00edcio de 2024. A iniciativa vai contemplar 175 unidades, sendo 168 escolas e sete pr\u00e9dios administrativos, inicialmente em Teresina e Parna\u00edba. O objetivo \u00e9 fortalecer a seguran\u00e7a de estudantes, professores, servidores e toda a comunidade escolar, al\u00e9m de proteger o patrim\u00f4nio p\u00fablico.&nbsp;<\/p>\n\n\n\n<figure class=\"wp-block-image size-full\"><img fetchpriority=\"high\" decoding=\"async\" width=\"1000\" height=\"750\" src=\"https:\/\/noticiaempauta.com\/portal\/wp-content\/uploads\/2024\/11\/large_Cameras_de_vigilancia_c446f42653.jpeg\" alt=\"\" class=\"wp-image-264134\" srcset=\"https:\/\/noticiaempauta.com\/portal\/wp-content\/uploads\/2024\/11\/large_Cameras_de_vigilancia_c446f42653.jpeg 1000w, https:\/\/noticiaempauta.com\/portal\/wp-content\/uploads\/2024\/11\/large_Cameras_de_vigilancia_c446f42653-300x225.jpeg 300w, https:\/\/noticiaempauta.com\/portal\/wp-content\/uploads\/2024\/11\/large_Cameras_de_vigilancia_c446f42653-768x576.jpeg 768w\" sizes=\"(max-width: 1000px) 100vw, 1000px\" \/><\/figure>\n\n\n\n<p>O sistema utiliza c\u00e2meras de alta qualidade, alarmes de seguran\u00e7a, reconhecimento facial para controle de entrada e sa\u00edda, e bot\u00f5es de emerg\u00eancia em casos de perigo. Esses recursos ajudam a evitar a entrada de pessoas n\u00e3o autorizadas, vandalismos e outros incidentes, al\u00e9m de permitirem uma resposta r\u00e1pida em situa\u00e7\u00f5es de urg\u00eancia.&nbsp;<\/p>\n\n\n\n<p>At\u00e9 o momento, o sistema de c\u00e2meras foi instalado em 133 escolas. A previs\u00e3o \u00e9 concluir as instala\u00e7\u00f5es nas 175 unidades at\u00e9 o final de 2024, inclusive a central de monitoramento. Esse projeto prioriza escolas consideradas mais vulner\u00e1veis, com base em dados de seguran\u00e7a e crit\u00e9rios t\u00e9cnicos definidos pelas \u00e1reas de ensino e gest\u00e3o.&nbsp;<\/p>\n\n\n\n<p>Segundo o secret\u00e1rio de Estado da Educa\u00e7\u00e3o, Washington Bandeira, essa \u00e9 uma medida importante para garantir mais tranquilidade \u00e0 comunidade escolar. \u201cEsse investimento em videomonitoramento com c\u00e2meras possibilita uma resposta r\u00e1pida a qualquer situa\u00e7\u00e3o e traz mais seguran\u00e7a para todos que comp\u00f5em as escolas da Seduc\u201d, afirmou.&nbsp;<br><br>Al\u00e9m das escolas, as c\u00e2meras tamb\u00e9m foram instaladas em pr\u00e9dios administrativos, como a sede da Seduc, o Almoxarifado Central e as Ger\u00eancias Regionais de Educa\u00e7\u00e3o (GREs), estrategicamente selecionados por receberem grande fluxo de pessoas.&nbsp;<\/p>\n\n\n\n<p>CCOM-PI<\/p>\n","protected":false},"excerpt":{"rendered":"<p>O objetivo \u00e9 fortalecer a seguran\u00e7a de estudantes, professores, servidores e comunidade escolar, al\u00e9m de proteger o patrim\u00f4nio p\u00fablico.<\/p>\n","protected":false},"author":2,"featured_media":264134,"comment_status":"open","ping_status":"open","sticky":false,"template":"","format":"standard","meta":{"_mi_skip_tracking":false,"footnotes":""},"categories":[25,1,16],"tags":[],"class_list":["post-264133","post","type-post","status-publish","format-standard","has-post-thumbnail","hentry","category-destaques-site","category-geral","category-todas"],"acf":[],"yoast_head":"<!-- This site is optimized with the Yoast SEO Premium plugin v19.2 (Yoast SEO v26.9) - https:\/\/yoast.com\/product\/yoast-seo-premium-wordpress\/ -->\n<title>Seduc-PI instala c\u00e2meras de vigil\u00e2ncia eletr\u00f4nica em mais de 165 Escolas - Portal Not\u00edcia em Pauta<\/title>\n<meta name=\"robots\" content=\"index, follow, max-snippet:-1, max-image-preview:large, max-video-preview:-1\" \/>\n<link rel=\"canonical\" href=\"https:\/\/noticiaempauta.com\/portal\/seduc-pi-instala-cameras-de-vigilancia-eletronica-em-mais-de-165-escolas\/\" \/>\n<meta property=\"og:locale\" content=\"pt_BR\" \/>\n<meta property=\"og:type\" content=\"article\" \/>\n<meta property=\"og:title\" content=\"Seduc-PI instala c\u00e2meras de vigil\u00e2ncia eletr\u00f4nica em mais de 165 Escolas\" \/>\n<meta property=\"og:description\" content=\"O objetivo \u00e9 fortalecer a seguran\u00e7a de estudantes, professores, servidores e comunidade escolar, al\u00e9m de proteger o patrim\u00f4nio p\u00fablico.\" \/>\n<meta property=\"og:url\" content=\"https:\/\/noticiaempauta.com\/portal\/seduc-pi-instala-cameras-de-vigilancia-eletronica-em-mais-de-165-escolas\/\" \/>\n<meta property=\"og:site_name\" content=\"Portal Not\u00edcia em Pauta\" \/>\n<meta property=\"article:publisher\" content=\"https:\/\/www.facebook.com\/Portal-Notcia-Em-Pauta-102292869264820\/\" \/>\n<meta property=\"article:published_time\" content=\"2024-11-19T12:17:43+00:00\" \/>\n<meta property=\"article:modified_time\" content=\"2024-11-19T12:17:44+00:00\" \/>\n<meta property=\"og:image\" content=\"https:\/\/noticiaempauta.com\/portal\/wp-content\/uploads\/2024\/11\/large_Cameras_de_vigilancia_c446f42653.jpeg\" \/>\n\t<meta property=\"og:image:width\" content=\"1000\" \/>\n\t<meta property=\"og:image:height\" content=\"750\" \/>\n\t<meta property=\"og:image:type\" content=\"image\/jpeg\" \/>\n<meta name=\"author\" content=\"Reda\u00e7\u00e3o\" \/>\n<meta name=\"twitter:card\" content=\"summary_large_image\" \/>\n<meta name=\"twitter:label1\" content=\"Escrito por\" \/>\n\t<meta name=\"twitter:data1\" content=\"Reda\u00e7\u00e3o\" \/>\n\t<meta name=\"twitter:label2\" content=\"Est. tempo de leitura\" \/>\n\t<meta name=\"twitter:data2\" content=\"2 minutos\" \/>\n<script type=\"application\/ld+json\" class=\"yoast-schema-graph\">{\"@context\":\"https:\/\/schema.org\",\"@graph\":[{\"@type\":\"Article\",\"@id\":\"https:\/\/noticiaempauta.com\/portal\/seduc-pi-instala-cameras-de-vigilancia-eletronica-em-mais-de-165-escolas\/#article\",\"isPartOf\":{\"@id\":\"https:\/\/noticiaempauta.com\/portal\/seduc-pi-instala-cameras-de-vigilancia-eletronica-em-mais-de-165-escolas\/\"},\"author\":{\"name\":\"Reda\u00e7\u00e3o\",\"@id\":\"https:\/\/noticiaempauta.com\/portal\/#\/schema\/person\/a74af43dd1ab3deca45f988c717d57ac\"},\"headline\":\"Seduc-PI instala c\u00e2meras de vigil\u00e2ncia eletr\u00f4nica em mais de 165 Escolas\",\"datePublished\":\"2024-11-19T12:17:43+00:00\",\"dateModified\":\"2024-11-19T12:17:44+00:00\",\"mainEntityOfPage\":{\"@id\":\"https:\/\/noticiaempauta.com\/portal\/seduc-pi-instala-cameras-de-vigilancia-eletronica-em-mais-de-165-escolas\/\"},\"wordCount\":307,\"commentCount\":0,\"publisher\":{\"@id\":\"https:\/\/noticiaempauta.com\/portal\/#organization\"},\"image\":{\"@id\":\"https:\/\/noticiaempauta.com\/portal\/seduc-pi-instala-cameras-de-vigilancia-eletronica-em-mais-de-165-escolas\/#primaryimage\"},\"thumbnailUrl\":\"https:\/\/noticiaempauta.com\/portal\/wp-content\/uploads\/2024\/11\/large_Cameras_de_vigilancia_c446f42653.jpeg\",\"articleSection\":[\"Destaques\",\"Geral\",\"Todas as Not\u00edcias\"],\"inLanguage\":\"pt-BR\",\"potentialAction\":[{\"@type\":\"CommentAction\",\"name\":\"Comment\",\"target\":[\"https:\/\/noticiaempauta.com\/portal\/seduc-pi-instala-cameras-de-vigilancia-eletronica-em-mais-de-165-escolas\/#respond\"]}]},{\"@type\":\"WebPage\",\"@id\":\"https:\/\/noticiaempauta.com\/portal\/seduc-pi-instala-cameras-de-vigilancia-eletronica-em-mais-de-165-escolas\/\",\"url\":\"https:\/\/noticiaempauta.com\/portal\/seduc-pi-instala-cameras-de-vigilancia-eletronica-em-mais-de-165-escolas\/\",\"name\":\"Seduc-PI instala c\u00e2meras de vigil\u00e2ncia eletr\u00f4nica em mais de 165 Escolas - Portal Not\u00edcia em Pauta\",\"isPartOf\":{\"@id\":\"https:\/\/noticiaempauta.com\/portal\/#website\"},\"primaryImageOfPage\":{\"@id\":\"https:\/\/noticiaempauta.com\/portal\/seduc-pi-instala-cameras-de-vigilancia-eletronica-em-mais-de-165-escolas\/#primaryimage\"},\"image\":{\"@id\":\"https:\/\/noticiaempauta.com\/portal\/seduc-pi-instala-cameras-de-vigilancia-eletronica-em-mais-de-165-escolas\/#primaryimage\"},\"thumbnailUrl\":\"https:\/\/noticiaempauta.com\/portal\/wp-content\/uploads\/2024\/11\/large_Cameras_de_vigilancia_c446f42653.jpeg\",\"datePublished\":\"2024-11-19T12:17:43+00:00\",\"dateModified\":\"2024-11-19T12:17:44+00:00\",\"breadcrumb\":{\"@id\":\"https:\/\/noticiaempauta.com\/portal\/seduc-pi-instala-cameras-de-vigilancia-eletronica-em-mais-de-165-escolas\/#breadcrumb\"},\"inLanguage\":\"pt-BR\",\"potentialAction\":[{\"@type\":\"ReadAction\",\"target\":[\"https:\/\/noticiaempauta.com\/portal\/seduc-pi-instala-cameras-de-vigilancia-eletronica-em-mais-de-165-escolas\/\"]}]},{\"@type\":\"ImageObject\",\"inLanguage\":\"pt-BR\",\"@id\":\"https:\/\/noticiaempauta.com\/portal\/seduc-pi-instala-cameras-de-vigilancia-eletronica-em-mais-de-165-escolas\/#primaryimage\",\"url\":\"https:\/\/noticiaempauta.com\/portal\/wp-content\/uploads\/2024\/11\/large_Cameras_de_vigilancia_c446f42653.jpeg\",\"contentUrl\":\"https:\/\/noticiaempauta.com\/portal\/wp-content\/uploads\/2024\/11\/large_Cameras_de_vigilancia_c446f42653.jpeg\",\"width\":1000,\"height\":750},{\"@type\":\"BreadcrumbList\",\"@id\":\"https:\/\/noticiaempauta.com\/portal\/seduc-pi-instala-cameras-de-vigilancia-eletronica-em-mais-de-165-escolas\/#breadcrumb\",\"itemListElement\":[{\"@type\":\"ListItem\",\"position\":1,\"name\":\"P\u00e1gina Inicial\",\"item\":\"https:\/\/noticiaempauta.com\/portal\/\"},{\"@type\":\"ListItem\",\"position\":2,\"name\":\"Destaques\",\"item\":\"https:\/\/noticiaempauta.com\/portal\/destaques-site\/\"},{\"@type\":\"ListItem\",\"position\":3,\"name\":\"Seduc-PI instala c\u00e2meras de vigil\u00e2ncia eletr\u00f4nica em mais de 165 Escolas\"}]},{\"@type\":\"WebSite\",\"@id\":\"https:\/\/noticiaempauta.com\/portal\/#website\",\"url\":\"https:\/\/noticiaempauta.com\/portal\/\",\"name\":\"Portal Not\u00edcia em Pauta\",\"description\":\"Voc\u00ea bem informado\",\"publisher\":{\"@id\":\"https:\/\/noticiaempauta.com\/portal\/#organization\"},\"potentialAction\":[{\"@type\":\"SearchAction\",\"target\":{\"@type\":\"EntryPoint\",\"urlTemplate\":\"https:\/\/noticiaempauta.com\/portal\/?s={search_term_string}\"},\"query-input\":{\"@type\":\"PropertyValueSpecification\",\"valueRequired\":true,\"valueName\":\"search_term_string\"}}],\"inLanguage\":\"pt-BR\"},{\"@type\":\"Organization\",\"@id\":\"https:\/\/noticiaempauta.com\/portal\/#organization\",\"name\":\"Portal Not\u00edcia em Pauta\",\"url\":\"https:\/\/noticiaempauta.com\/portal\/\",\"logo\":{\"@type\":\"ImageObject\",\"inLanguage\":\"pt-BR\",\"@id\":\"https:\/\/noticiaempauta.com\/portal\/#\/schema\/logo\/image\/\",\"url\":\"https:\/\/noticiaempauta.com\/portal\/wp-content\/uploads\/2022\/08\/logomarca_tema.fw_.png\",\"contentUrl\":\"https:\/\/noticiaempauta.com\/portal\/wp-content\/uploads\/2022\/08\/logomarca_tema.fw_.png\",\"width\":400,\"height\":232,\"caption\":\"Portal Not\u00edcia em Pauta\"},\"image\":{\"@id\":\"https:\/\/noticiaempauta.com\/portal\/#\/schema\/logo\/image\/\"},\"sameAs\":[\"https:\/\/www.facebook.com\/Portal-Notcia-Em-Pauta-102292869264820\/\",\"https:\/\/www.instagram.com\/portalnoticiaempauta\/\"]},{\"@type\":\"Person\",\"@id\":\"https:\/\/noticiaempauta.com\/portal\/#\/schema\/person\/a74af43dd1ab3deca45f988c717d57ac\",\"name\":\"Reda\u00e7\u00e3o\",\"image\":{\"@type\":\"ImageObject\",\"inLanguage\":\"pt-BR\",\"@id\":\"https:\/\/noticiaempauta.com\/portal\/#\/schema\/person\/image\/\",\"url\":\"https:\/\/secure.gravatar.com\/avatar\/03179346ecce6cdfc13361603e8f54242a90e5cde8618fa23c5c00aa2b0aadf3?s=96&d=mm&r=g\",\"contentUrl\":\"https:\/\/secure.gravatar.com\/avatar\/03179346ecce6cdfc13361603e8f54242a90e5cde8618fa23c5c00aa2b0aadf3?s=96&d=mm&r=g\",\"caption\":\"Reda\u00e7\u00e3o\"},\"sameAs\":[\"https:\/\/noticiaempauta.com\/portal\/\"],\"url\":\"https:\/\/noticiaempauta.com\/portal\/author\/fernando\/\"}]}<\/script>\n<!-- \/ Yoast SEO Premium plugin. -->","yoast_head_json":{"title":"Seduc-PI instala c\u00e2meras de vigil\u00e2ncia eletr\u00f4nica em mais de 165 Escolas - Portal Not\u00edcia em Pauta","robots":{"index":"index","follow":"follow","max-snippet":"max-snippet:-1","max-image-preview":"max-image-preview:large","max-video-preview":"max-video-preview:-1"},"canonical":"https:\/\/noticiaempauta.com\/portal\/seduc-pi-instala-cameras-de-vigilancia-eletronica-em-mais-de-165-escolas\/","og_locale":"pt_BR","og_type":"article","og_title":"Seduc-PI instala c\u00e2meras de vigil\u00e2ncia eletr\u00f4nica em mais de 165 Escolas","og_description":"O objetivo \u00e9 fortalecer a seguran\u00e7a de estudantes, professores, servidores e comunidade escolar, al\u00e9m de proteger o patrim\u00f4nio p\u00fablico.","og_url":"https:\/\/noticiaempauta.com\/portal\/seduc-pi-instala-cameras-de-vigilancia-eletronica-em-mais-de-165-escolas\/","og_site_name":"Portal Not\u00edcia em Pauta","article_publisher":"https:\/\/www.facebook.com\/Portal-Notcia-Em-Pauta-102292869264820\/","article_published_time":"2024-11-19T12:17:43+00:00","article_modified_time":"2024-11-19T12:17:44+00:00","og_image":[{"width":1000,"height":750,"url":"https:\/\/noticiaempauta.com\/portal\/wp-content\/uploads\/2024\/11\/large_Cameras_de_vigilancia_c446f42653.jpeg","type":"image\/jpeg"}],"author":"Reda\u00e7\u00e3o","twitter_card":"summary_large_image","twitter_misc":{"Escrito por":"Reda\u00e7\u00e3o","Est. tempo de leitura":"2 minutos"},"schema":{"@context":"https:\/\/schema.org","@graph":[{"@type":"Article","@id":"https:\/\/noticiaempauta.com\/portal\/seduc-pi-instala-cameras-de-vigilancia-eletronica-em-mais-de-165-escolas\/#article","isPartOf":{"@id":"https:\/\/noticiaempauta.com\/portal\/seduc-pi-instala-cameras-de-vigilancia-eletronica-em-mais-de-165-escolas\/"},"author":{"name":"Reda\u00e7\u00e3o","@id":"https:\/\/noticiaempauta.com\/portal\/#\/schema\/person\/a74af43dd1ab3deca45f988c717d57ac"},"headline":"Seduc-PI instala c\u00e2meras de vigil\u00e2ncia eletr\u00f4nica em mais de 165 Escolas","datePublished":"2024-11-19T12:17:43+00:00","dateModified":"2024-11-19T12:17:44+00:00","mainEntityOfPage":{"@id":"https:\/\/noticiaempauta.com\/portal\/seduc-pi-instala-cameras-de-vigilancia-eletronica-em-mais-de-165-escolas\/"},"wordCount":307,"commentCount":0,"publisher":{"@id":"https:\/\/noticiaempauta.com\/portal\/#organization"},"image":{"@id":"https:\/\/noticiaempauta.com\/portal\/seduc-pi-instala-cameras-de-vigilancia-eletronica-em-mais-de-165-escolas\/#primaryimage"},"thumbnailUrl":"https:\/\/noticiaempauta.com\/portal\/wp-content\/uploads\/2024\/11\/large_Cameras_de_vigilancia_c446f42653.jpeg","articleSection":["Destaques","Geral","Todas as Not\u00edcias"],"inLanguage":"pt-BR","potentialAction":[{"@type":"CommentAction","name":"Comment","target":["https:\/\/noticiaempauta.com\/portal\/seduc-pi-instala-cameras-de-vigilancia-eletronica-em-mais-de-165-escolas\/#respond"]}]},{"@type":"WebPage","@id":"https:\/\/noticiaempauta.com\/portal\/seduc-pi-instala-cameras-de-vigilancia-eletronica-em-mais-de-165-escolas\/","url":"https:\/\/noticiaempauta.com\/portal\/seduc-pi-instala-cameras-de-vigilancia-eletronica-em-mais-de-165-escolas\/","name":"Seduc-PI instala c\u00e2meras de vigil\u00e2ncia eletr\u00f4nica em mais de 165 Escolas - Portal Not\u00edcia em Pauta","isPartOf":{"@id":"https:\/\/noticiaempauta.com\/portal\/#website"},"primaryImageOfPage":{"@id":"https:\/\/noticiaempauta.com\/portal\/seduc-pi-instala-cameras-de-vigilancia-eletronica-em-mais-de-165-escolas\/#primaryimage"},"image":{"@id":"https:\/\/noticiaempauta.com\/portal\/seduc-pi-instala-cameras-de-vigilancia-eletronica-em-mais-de-165-escolas\/#primaryimage"},"thumbnailUrl":"https:\/\/noticiaempauta.com\/portal\/wp-content\/uploads\/2024\/11\/large_Cameras_de_vigilancia_c446f42653.jpeg","datePublished":"2024-11-19T12:17:43+00:00","dateModified":"2024-11-19T12:17:44+00:00","breadcrumb":{"@id":"https:\/\/noticiaempauta.com\/portal\/seduc-pi-instala-cameras-de-vigilancia-eletronica-em-mais-de-165-escolas\/#breadcrumb"},"inLanguage":"pt-BR","potentialAction":[{"@type":"ReadAction","target":["https:\/\/noticiaempauta.com\/portal\/seduc-pi-instala-cameras-de-vigilancia-eletronica-em-mais-de-165-escolas\/"]}]},{"@type":"ImageObject","inLanguage":"pt-BR","@id":"https:\/\/noticiaempauta.com\/portal\/seduc-pi-instala-cameras-de-vigilancia-eletronica-em-mais-de-165-escolas\/#primaryimage","url":"https:\/\/noticiaempauta.com\/portal\/wp-content\/uploads\/2024\/11\/large_Cameras_de_vigilancia_c446f42653.jpeg","contentUrl":"https:\/\/noticiaempauta.com\/portal\/wp-content\/uploads\/2024\/11\/large_Cameras_de_vigilancia_c446f42653.jpeg","width":1000,"height":750},{"@type":"BreadcrumbList","@id":"https:\/\/noticiaempauta.com\/portal\/seduc-pi-instala-cameras-de-vigilancia-eletronica-em-mais-de-165-escolas\/#breadcrumb","itemListElement":[{"@type":"ListItem","position":1,"name":"P\u00e1gina Inicial","item":"https:\/\/noticiaempauta.com\/portal\/"},{"@type":"ListItem","position":2,"name":"Destaques","item":"https:\/\/noticiaempauta.com\/portal\/destaques-site\/"},{"@type":"ListItem","position":3,"name":"Seduc-PI instala c\u00e2meras de vigil\u00e2ncia eletr\u00f4nica em mais de 165 Escolas"}]},{"@type":"WebSite","@id":"https:\/\/noticiaempauta.com\/portal\/#website","url":"https:\/\/noticiaempauta.com\/portal\/","name":"Portal Not\u00edcia em Pauta","description":"Voc\u00ea bem informado","publisher":{"@id":"https:\/\/noticiaempauta.com\/portal\/#organization"},"potentialAction":[{"@type":"SearchAction","target":{"@type":"EntryPoint","urlTemplate":"https:\/\/noticiaempauta.com\/portal\/?s={search_term_string}"},"query-input":{"@type":"PropertyValueSpecification","valueRequired":true,"valueName":"search_term_string"}}],"inLanguage":"pt-BR"},{"@type":"Organization","@id":"https:\/\/noticiaempauta.com\/portal\/#organization","name":"Portal Not\u00edcia em Pauta","url":"https:\/\/noticiaempauta.com\/portal\/","logo":{"@type":"ImageObject","inLanguage":"pt-BR","@id":"https:\/\/noticiaempauta.com\/portal\/#\/schema\/logo\/image\/","url":"https:\/\/noticiaempauta.com\/portal\/wp-content\/uploads\/2022\/08\/logomarca_tema.fw_.png","contentUrl":"https:\/\/noticiaempauta.com\/portal\/wp-content\/uploads\/2022\/08\/logomarca_tema.fw_.png","width":400,"height":232,"caption":"Portal Not\u00edcia em Pauta"},"image":{"@id":"https:\/\/noticiaempauta.com\/portal\/#\/schema\/logo\/image\/"},"sameAs":["https:\/\/www.facebook.com\/Portal-Notcia-Em-Pauta-102292869264820\/","https:\/\/www.instagram.com\/portalnoticiaempauta\/"]},{"@type":"Person","@id":"https:\/\/noticiaempauta.com\/portal\/#\/schema\/person\/a74af43dd1ab3deca45f988c717d57ac","name":"Reda\u00e7\u00e3o","image":{"@type":"ImageObject","inLanguage":"pt-BR","@id":"https:\/\/noticiaempauta.com\/portal\/#\/schema\/person\/image\/","url":"https:\/\/secure.gravatar.com\/avatar\/03179346ecce6cdfc13361603e8f54242a90e5cde8618fa23c5c00aa2b0aadf3?s=96&d=mm&r=g","contentUrl":"https:\/\/secure.gravatar.com\/avatar\/03179346ecce6cdfc13361603e8f54242a90e5cde8618fa23c5c00aa2b0aadf3?s=96&d=mm&r=g","caption":"Reda\u00e7\u00e3o"},"sameAs":["https:\/\/noticiaempauta.com\/portal\/"],"url":"https:\/\/noticiaempauta.com\/portal\/author\/fernando\/"}]}},"_links":{"self":[{"href":"https:\/\/noticiaempauta.com\/portal\/wp-json\/wp\/v2\/posts\/264133","targetHints":{"allow":["GET"]}}],"collection":[{"href":"https:\/\/noticiaempauta.com\/portal\/wp-json\/wp\/v2\/posts"}],"about":[{"href":"https:\/\/noticiaempauta.com\/portal\/wp-json\/wp\/v2\/types\/post"}],"author":[{"embeddable":true,"href":"https:\/\/noticiaempauta.com\/portal\/wp-json\/wp\/v2\/users\/2"}],"replies":[{"embeddable":true,"href":"https:\/\/noticiaempauta.com\/portal\/wp-json\/wp\/v2\/comments?post=264133"}],"version-history":[{"count":1,"href":"https:\/\/noticiaempauta.com\/portal\/wp-json\/wp\/v2\/posts\/264133\/revisions"}],"predecessor-version":[{"id":264135,"href":"https:\/\/noticiaempauta.com\/portal\/wp-json\/wp\/v2\/posts\/264133\/revisions\/264135"}],"wp:featuredmedia":[{"embeddable":true,"href":"https:\/\/noticiaempauta.com\/portal\/wp-json\/wp\/v2\/media\/264134"}],"wp:attachment":[{"href":"https:\/\/noticiaempauta.com\/portal\/wp-json\/wp\/v2\/media?parent=264133"}],"wp:term":[{"taxonomy":"category","embeddable":true,"href":"https:\/\/noticiaempauta.com\/portal\/wp-json\/wp\/v2\/categories?post=264133"},{"taxonomy":"post_tag","embeddable":true,"href":"https:\/\/noticiaempauta.com\/portal\/wp-json\/wp\/v2\/tags?post=264133"}],"curies":[{"name":"wp","href":"https:\/\/api.w.org\/{rel}","templated":true}]}}