{"id":264136,"date":"2024-11-19T09:21:11","date_gmt":"2024-11-19T12:21:11","guid":{"rendered":"https:\/\/noticiaempauta.com\/portal\/?p=264136"},"modified":"2024-11-19T10:05:08","modified_gmt":"2024-11-19T13:05:08","slug":"paroquia-de-bocaina-divulga-programacao-do-270o-festejo-de-nossa-senhora-da-conceicao","status":"publish","type":"post","link":"https:\/\/noticiaempauta.com\/portal\/paroquia-de-bocaina-divulga-programacao-do-270o-festejo-de-nossa-senhora-da-conceicao\/","title":{"rendered":"Par\u00f3quia de Bocaina divulga programa\u00e7\u00e3o do 270\u00ba festejo de Nossa Senhora da Concei\u00e7\u00e3o"},"content":{"rendered":"\n<p>A comunidade cat\u00f3lica da cidade de Bocaina est\u00e1 se preparando para celebrar o 270\u00ba festejo de Nossa Senhora da Concei\u00e7\u00e3o. O festejo contar\u00e1 com uma vasta programa\u00e7\u00e3o e deve reunir fi\u00e9is n\u00e3o somente de Bocaina, mas tamb\u00e9m das cidades vizinhas.<\/p>\n\n\n\n<figure class=\"wp-block-image size-large\"><img fetchpriority=\"high\" decoding=\"async\" width=\"1024\" height=\"678\" src=\"https:\/\/noticiaempauta.com\/portal\/wp-content\/uploads\/2024\/11\/FA-IMG-f559930879a42f5c3d9a-1024x678.jpg\" alt=\"\" class=\"wp-image-264137\" srcset=\"https:\/\/noticiaempauta.com\/portal\/wp-content\/uploads\/2024\/11\/FA-IMG-f559930879a42f5c3d9a-1024x678.jpg 1024w, https:\/\/noticiaempauta.com\/portal\/wp-content\/uploads\/2024\/11\/FA-IMG-f559930879a42f5c3d9a-300x199.jpg 300w, https:\/\/noticiaempauta.com\/portal\/wp-content\/uploads\/2024\/11\/FA-IMG-f559930879a42f5c3d9a-768x509.jpg 768w, https:\/\/noticiaempauta.com\/portal\/wp-content\/uploads\/2024\/11\/FA-IMG-f559930879a42f5c3d9a-1536x1017.jpg 1536w, https:\/\/noticiaempauta.com\/portal\/wp-content\/uploads\/2024\/11\/FA-IMG-f559930879a42f5c3d9a-2048x1356.jpg 2048w\" sizes=\"(max-width: 1024px) 100vw, 1024px\" \/><figcaption class=\"wp-element-caption\">(Foto: Diocese de Picos)<\/figcaption><\/figure>\n\n\n\n<p>As atividades religiosas t\u00eam in\u00edcio no dia 28 de novembro, com o ter\u00e7o meditado, \u00e0s 18h30, seguido da missa na pra\u00e7a Antenor Neiva, em Picos.<\/p>\n\n\n\n<p>Durante todos os dias haver\u00e1 o of\u00edcio da Imaculada Concei\u00e7\u00e3o, \u00e0s 12h e a recita\u00e7\u00e3o do ter\u00e7o, \u00e0s 18h.<\/p>\n\n\n\n<p>No dia 08 de dezembro, dia em que \u00e9 celebrado o Dia de Nossa Senhora da Concei\u00e7\u00e3o, haver\u00e1 a missa dos romeros, \u00e0s 05h, seguido do caf\u00e9 com toda comunidade e a Missa Solene da festa.<\/p>\n\n\n\n<p>Atualmente a Par\u00f3quia Nossa Senhora da Concei\u00e7\u00e3o \u00e9 presidida pelo p\u00e1roco Francisco Feitosa.<\/p>\n\n\n\n<p>Ele juntamente com a comunidade convida toda popula\u00e7\u00e3o para celebrar o festejo, pois ser\u00e3o momentos de louvor, devo\u00e7\u00e3o e renovo da f\u00e9.<\/p>\n\n\n\n<p><strong>Veja a programa\u00e7\u00e3o completa abaixo:<\/strong><\/p>\n\n\n\n<p><strong>28\/11 \u2013 QUINTA-FEIRA<\/strong><\/p>\n\n\n\n<p>18h30 \u2013 Ter\u00e7o Meditado (EJC da catedral)<\/p>\n\n\n\n<p>19h30 \u2013 Missa na pra\u00e7a Antenor Neiva, Picos \u2013 PI<\/p>\n\n\n\n<p>Presidente \u2013 dom Pl\u00ednio Jos\u00e9 Luz da Silva<\/p>\n\n\n\n<p>Animadores \u2013 Coordena\u00e7\u00e3o geral e pastoral lit\u00fargica<\/p>\n\n\n\n<p><strong>29\/11 \u2013 SEXTA-FEIRA<\/strong><\/p>\n\n\n\n<p>04h \u2013 Alvorada festiva<\/p>\n\n\n\n<p>05h \u2013 Entroniza\u00e7\u00e3o da imagem de Nossa Senhora da Concei\u00e7\u00e3o no altar, hasteamento da bandeira<\/p>\n\n\n\n<p>19h \u2013 Novena-missa<\/p>\n\n\n\n<p>Animadores \u2013 Comunidade mission\u00e1ria S\u00e3o Jos\u00e9 e S\u00e3o Francisco, Escondido, Santa Luzia, Lagoa dos Negros, Morrinhos, Sussuarana, Carvalho e Batedor<\/p>\n\n\n\n<p>Presidente \u2013 Padre Francisco Ant\u00f4nio Feitosa<\/p>\n\n\n\n<p>Quermesse \u2013 Comunidade mission\u00e1ria Santa Dulce, Samu e col\u00e9gio Jom\u00e1sio<\/p>\n\n\n\n<p><strong>30\/11 \u2013 S\u00c1BADO<\/strong><\/p>\n\n\n\n<p>3\u00aa Rom\u00e1ria de ciclistas de Picos e Bocaina<\/p>\n\n\n\n<p>19h \u2013 Novena-missa<\/p>\n\n\n\n<p>Animadores \u2013 EJC, Secretaria de Educa\u00e7\u00e3o, Salinas, Carnaubal, Conselhos, Baixa dos Mouras, Agrovila, Lagoa do Cajueiro, Par\u00f3quia S\u00e3o Jos\u00e9, Oper\u00e1rio e Ipueiras<\/p>\n\n\n\n<p>Presidente \u2013 Padre Carlos Danilo Ara\u00fajo Santos<\/p>\n\n\n\n<p>Quermesse \u2013 Ter\u00e7o dos homens, Unidade Mista de Sa\u00fade e Secretaria de Sa\u00fade<\/p>\n\n\n\n<p><strong>01\/12 \u2013 DOMINGO<\/strong><\/p>\n\n\n\n<p>19h \u2013 Novena-missa<\/p>\n\n\n\n<p>Animadores \u2013 ECC, pastoral da boa-a\u00e7\u00e3o, V\u00e1rzea do Engano, Ab\u00f3boras, Cercado, Vila Crioula, Par\u00f3quia Santo Ant\u00f4nio de Lisboa<\/p>\n\n\n\n<p>Presidente \u2013 Padre Francisco R\u00e9gis de Moura<\/p>\n\n\n\n<p>Quermesse \u2013 Estela Nunes, pastoral catequese, Poder Executivo e pastoral familiar<\/p>\n\n\n\n<p><strong>02\/12 \u2013 SEGUNDA-FEIRA<\/strong><\/p>\n\n\n\n<p>19h \u2013 Novena-missa<\/p>\n\n\n\n<p>Animadores \u2013 Comunidade mission\u00e1ria Santa Dulce, Malhada, Vila Nova, Paquet\u00e1, Lagoa dos Currais e Varjota<\/p>\n\n\n\n<p>Presidente \u2013 Padre Edvaldo Barbosa Lima \u2013 arquidiocese de Teresina \u2013 PI<\/p>\n\n\n\n<p>Quermesse \u2013 Comunidade mission\u00e1ria Sagrado Cora\u00e7\u00e3o de Jesus, conselho econ\u00f4mico e filhos ausentes<\/p>\n\n\n\n<p><strong>03\/12 \u2013 TER\u00c7A-FEIRA<\/strong><\/p>\n\n\n\n<p>19h \u2013 Novena-missa<\/p>\n\n\n\n<p>Animadores \u2013 pastoral da catequese (infanto e jovem), Tamboril, Beir Rio, Pereiros e Balceiros<\/p>\n\n\n\n<p>Presidente \u2013 Padre Francisco Pereira Borges<\/p>\n\n\n\n<p>Quermesse \u2013 Comunidade mission\u00e1ria S\u00e3o Jos\u00e9 e comerciantes<\/p>\n\n\n\n<p><strong>04\/12 \u2013 QUARTA-FEIRA<\/strong><\/p>\n\n\n\n<p>19h \u2013 Novena-missa<\/p>\n\n\n\n<p>Animadores \u2013 Comunidade mission\u00e1ria Sagrado Cora\u00e7\u00e3o de Jesus, ter\u00e7o dos homens grupos do Ros\u00e1rio ex\u00e9rcito de S\u00e3o Miguel, CRAS<\/p>\n\n\n\n<p>Presidente \u2013 Padre Adalto Vieira dos Santos Filho<\/p>\n\n\n\n<p>Quermesse \u2013 Pastoral da boa-a\u00e7\u00e3o, apostolado da ora\u00e7\u00e3o, col\u00e9gio Urbano Leal e Secretaria de Educa\u00e7\u00e3o<\/p>\n\n\n\n<p><strong>05\/12 \u2013 QUINTA-FEIRA<\/strong><\/p>\n\n\n\n<p>19h \u2013 Novena-missa<\/p>\n\n\n\n<p>Animadores \u2013 Comerciantes, profissionais da sa\u00fade, Lagoa Grande (Bocaina)<\/p>\n\n\n\n<p>Presidente \u2013 Padre Vanderlan da Silva F\u00e9lix de Lima<\/p>\n\n\n\n<p>Quermesse \u2013 Comunidade mission\u00e1ria S\u00e3o Francisco e CRAS<\/p>\n\n\n\n<p><strong>06\/12 \u2013 SEXTA-FEIRA<\/strong><\/p>\n\n\n\n<p>19h \u2013 Novena-missa<\/p>\n\n\n\n<p>Animadores \u2013 Pastoral familiar, Sussuapara (sede), apostolado da ora\u00e7\u00e3o de Sussuapara, Bocaina e Igrejinha, pastoral do batismo e Curralinhos<\/p>\n\n\n\n<p>Presidente \u2013 Padre Marcos Vin\u00edcius Rocha Ara\u00fajo<\/p>\n\n\n\n<p>Quermesse \u2013 EJC<\/p>\n\n\n\n<p><strong>07\/12 \u2013 S\u00c1BADO<\/strong><\/p>\n\n\n\n<p>19h \u2013 Novena-missa<\/p>\n\n\n\n<p>Animadores \u2013 Conselho econ\u00f4mico, Poder Executivo (Bocaina e Sussuapara), filhos ausente, Par\u00f3quia S\u00e3o Jo\u00e3o Batista<\/p>\n\n\n\n<p>Presidente \u2013 Padre S\u00e9rgio Leal de Moura<\/p>\n\n\n\n<p>Quermesse \u2013 ECC<\/p>\n\n\n\n<p><strong>08\/12 \u2013 DOMINGO<\/strong><\/p>\n\n\n\n<p>05h \u2013 Missa dos romeros<\/p>\n\n\n\n<p>06h \u2013 Caf\u00e9 dos romeros<\/p>\n\n\n\n<p>07h \u2013 Missa solene da festa<\/p>\n\n\n\n<p>Presidente \u2013 Dom Pl\u00ednio Jos\u00e9 da Silva<\/p>\n\n\n\n<p>Animadores \u2013 Pastoral lit\u00fargica, coordenadores de equipes e coordena\u00e7\u00e3o geral<\/p>\n\n\n\n<p>12h \u2013 Hora universal da gra\u00e7a (Grupo Respons\u00e1vel Equipe Lit\u00fargica)<\/p>\n\n\n\n<p>16h \u2013 Prociss\u00e3o<\/p>\n\n\n\n<p><strong>09\/12 \u2013 SEGUNDA-FEIRA<\/strong><\/p>\n\n\n\n<p>08h \u2013 Missa em honra a N. S. do Ros\u00e1rio<\/p>\n\n\n\n<p>Animadores \u2013 Grupo do Ros\u00e1rio<\/p>\n\n\n\n<p>Fonte: Portal AgoraED<\/p>\n","protected":false},"excerpt":{"rendered":"<p>A comunidade cat\u00f3lica da cidade de Bocaina est\u00e1 se preparando para celebrar o 270\u00ba festejo de Nossa Senhora da Concei\u00e7\u00e3o. O festejo contar\u00e1 com uma vasta programa\u00e7\u00e3o e deve reunir fi\u00e9is n\u00e3o somente de Bocaina, mas tamb\u00e9m das cidades vizinhas. As atividades religiosas t\u00eam in\u00edcio no dia 28 de novembro, com o ter\u00e7o meditado, \u00e0s [&hellip;]<\/p>\n","protected":false},"author":2,"featured_media":264149,"comment_status":"open","ping_status":"open","sticky":false,"template":"","format":"standard","meta":{"_mi_skip_tracking":false,"footnotes":""},"categories":[25,1,9,8,16],"tags":[192],"class_list":["post-264136","post","type-post","status-publish","format-standard","has-post-thumbnail","hentry","category-destaques-site","category-geral","category-municipios","category-social","category-todas","tag-destaqueprincipal"],"acf":[],"yoast_head":"<!-- This site is optimized with the Yoast SEO Premium plugin v19.2 (Yoast SEO v26.9) - https:\/\/yoast.com\/product\/yoast-seo-premium-wordpress\/ -->\n<title>Par\u00f3quia de Bocaina divulga programa\u00e7\u00e3o do 270\u00ba festejo de Nossa Senhora da Concei\u00e7\u00e3o - Portal Not\u00edcia em Pauta<\/title>\n<meta name=\"robots\" content=\"index, follow, max-snippet:-1, max-image-preview:large, max-video-preview:-1\" \/>\n<link rel=\"canonical\" href=\"https:\/\/noticiaempauta.com\/portal\/paroquia-de-bocaina-divulga-programacao-do-270o-festejo-de-nossa-senhora-da-conceicao\/\" \/>\n<meta property=\"og:locale\" content=\"pt_BR\" \/>\n<meta property=\"og:type\" content=\"article\" \/>\n<meta property=\"og:title\" content=\"Par\u00f3quia de Bocaina divulga programa\u00e7\u00e3o do 270\u00ba festejo de Nossa Senhora da Concei\u00e7\u00e3o\" \/>\n<meta property=\"og:description\" content=\"A comunidade cat\u00f3lica da cidade de Bocaina est\u00e1 se preparando para celebrar o 270\u00ba festejo de Nossa Senhora da Concei\u00e7\u00e3o. O festejo contar\u00e1 com uma vasta programa\u00e7\u00e3o e deve reunir fi\u00e9is n\u00e3o somente de Bocaina, mas tamb\u00e9m das cidades vizinhas. As atividades religiosas t\u00eam in\u00edcio no dia 28 de novembro, com o ter\u00e7o meditado, \u00e0s [&hellip;]\" \/>\n<meta property=\"og:url\" content=\"https:\/\/noticiaempauta.com\/portal\/paroquia-de-bocaina-divulga-programacao-do-270o-festejo-de-nossa-senhora-da-conceicao\/\" \/>\n<meta property=\"og:site_name\" content=\"Portal Not\u00edcia em Pauta\" \/>\n<meta property=\"article:publisher\" content=\"https:\/\/www.facebook.com\/Portal-Notcia-Em-Pauta-102292869264820\/\" \/>\n<meta property=\"article:published_time\" content=\"2024-11-19T12:21:11+00:00\" \/>\n<meta property=\"article:modified_time\" content=\"2024-11-19T13:05:08+00:00\" \/>\n<meta property=\"og:image\" content=\"https:\/\/noticiaempauta.com\/portal\/wp-content\/uploads\/2024\/11\/FA-IMG-f559930879a42f5c3d9a-qxachm02wl7op56y49vrsk8ywmit5o5xo4k3jjs4o0.jpg.webp\" \/>\n\t<meta property=\"og:image:width\" content=\"600\" \/>\n\t<meta property=\"og:image:height\" content=\"400\" \/>\n\t<meta property=\"og:image:type\" content=\"image\/webp\" \/>\n<meta name=\"author\" content=\"Reda\u00e7\u00e3o\" \/>\n<meta name=\"twitter:card\" content=\"summary_large_image\" \/>\n<meta name=\"twitter:label1\" content=\"Escrito por\" \/>\n\t<meta name=\"twitter:data1\" content=\"Reda\u00e7\u00e3o\" \/>\n\t<meta name=\"twitter:label2\" content=\"Est. tempo de leitura\" \/>\n\t<meta name=\"twitter:data2\" content=\"4 minutos\" \/>\n<script type=\"application\/ld+json\" class=\"yoast-schema-graph\">{\"@context\":\"https:\/\/schema.org\",\"@graph\":[{\"@type\":\"Article\",\"@id\":\"https:\/\/noticiaempauta.com\/portal\/paroquia-de-bocaina-divulga-programacao-do-270o-festejo-de-nossa-senhora-da-conceicao\/#article\",\"isPartOf\":{\"@id\":\"https:\/\/noticiaempauta.com\/portal\/paroquia-de-bocaina-divulga-programacao-do-270o-festejo-de-nossa-senhora-da-conceicao\/\"},\"author\":{\"name\":\"Reda\u00e7\u00e3o\",\"@id\":\"https:\/\/noticiaempauta.com\/portal\/#\/schema\/person\/a74af43dd1ab3deca45f988c717d57ac\"},\"headline\":\"Par\u00f3quia de Bocaina divulga programa\u00e7\u00e3o do 270\u00ba festejo de Nossa Senhora da Concei\u00e7\u00e3o\",\"datePublished\":\"2024-11-19T12:21:11+00:00\",\"dateModified\":\"2024-11-19T13:05:08+00:00\",\"mainEntityOfPage\":{\"@id\":\"https:\/\/noticiaempauta.com\/portal\/paroquia-de-bocaina-divulga-programacao-do-270o-festejo-de-nossa-senhora-da-conceicao\/\"},\"wordCount\":676,\"commentCount\":0,\"publisher\":{\"@id\":\"https:\/\/noticiaempauta.com\/portal\/#organization\"},\"image\":{\"@id\":\"https:\/\/noticiaempauta.com\/portal\/paroquia-de-bocaina-divulga-programacao-do-270o-festejo-de-nossa-senhora-da-conceicao\/#primaryimage\"},\"thumbnailUrl\":\"https:\/\/noticiaempauta.com\/portal\/wp-content\/uploads\/2024\/11\/FA-IMG-f559930879a42f5c3d9a-qxachm02wl7op56y49vrsk8ywmit5o5xo4k3jjs4o0.jpg.webp\",\"keywords\":[\"destaqueprincipal\"],\"articleSection\":[\"Destaques\",\"Geral\",\"Munic\u00edpios\",\"Social\",\"Todas as Not\u00edcias\"],\"inLanguage\":\"pt-BR\",\"potentialAction\":[{\"@type\":\"CommentAction\",\"name\":\"Comment\",\"target\":[\"https:\/\/noticiaempauta.com\/portal\/paroquia-de-bocaina-divulga-programacao-do-270o-festejo-de-nossa-senhora-da-conceicao\/#respond\"]}]},{\"@type\":\"WebPage\",\"@id\":\"https:\/\/noticiaempauta.com\/portal\/paroquia-de-bocaina-divulga-programacao-do-270o-festejo-de-nossa-senhora-da-conceicao\/\",\"url\":\"https:\/\/noticiaempauta.com\/portal\/paroquia-de-bocaina-divulga-programacao-do-270o-festejo-de-nossa-senhora-da-conceicao\/\",\"name\":\"Par\u00f3quia de Bocaina divulga programa\u00e7\u00e3o do 270\u00ba festejo de Nossa Senhora da Concei\u00e7\u00e3o - Portal Not\u00edcia em Pauta\",\"isPartOf\":{\"@id\":\"https:\/\/noticiaempauta.com\/portal\/#website\"},\"primaryImageOfPage\":{\"@id\":\"https:\/\/noticiaempauta.com\/portal\/paroquia-de-bocaina-divulga-programacao-do-270o-festejo-de-nossa-senhora-da-conceicao\/#primaryimage\"},\"image\":{\"@id\":\"https:\/\/noticiaempauta.com\/portal\/paroquia-de-bocaina-divulga-programacao-do-270o-festejo-de-nossa-senhora-da-conceicao\/#primaryimage\"},\"thumbnailUrl\":\"https:\/\/noticiaempauta.com\/portal\/wp-content\/uploads\/2024\/11\/FA-IMG-f559930879a42f5c3d9a-qxachm02wl7op56y49vrsk8ywmit5o5xo4k3jjs4o0.jpg.webp\",\"datePublished\":\"2024-11-19T12:21:11+00:00\",\"dateModified\":\"2024-11-19T13:05:08+00:00\",\"breadcrumb\":{\"@id\":\"https:\/\/noticiaempauta.com\/portal\/paroquia-de-bocaina-divulga-programacao-do-270o-festejo-de-nossa-senhora-da-conceicao\/#breadcrumb\"},\"inLanguage\":\"pt-BR\",\"potentialAction\":[{\"@type\":\"ReadAction\",\"target\":[\"https:\/\/noticiaempauta.com\/portal\/paroquia-de-bocaina-divulga-programacao-do-270o-festejo-de-nossa-senhora-da-conceicao\/\"]}]},{\"@type\":\"ImageObject\",\"inLanguage\":\"pt-BR\",\"@id\":\"https:\/\/noticiaempauta.com\/portal\/paroquia-de-bocaina-divulga-programacao-do-270o-festejo-de-nossa-senhora-da-conceicao\/#primaryimage\",\"url\":\"https:\/\/noticiaempauta.com\/portal\/wp-content\/uploads\/2024\/11\/FA-IMG-f559930879a42f5c3d9a-qxachm02wl7op56y49vrsk8ywmit5o5xo4k3jjs4o0.jpg.webp\",\"contentUrl\":\"https:\/\/noticiaempauta.com\/portal\/wp-content\/uploads\/2024\/11\/FA-IMG-f559930879a42f5c3d9a-qxachm02wl7op56y49vrsk8ywmit5o5xo4k3jjs4o0.jpg.webp\",\"width\":600,\"height\":400},{\"@type\":\"BreadcrumbList\",\"@id\":\"https:\/\/noticiaempauta.com\/portal\/paroquia-de-bocaina-divulga-programacao-do-270o-festejo-de-nossa-senhora-da-conceicao\/#breadcrumb\",\"itemListElement\":[{\"@type\":\"ListItem\",\"position\":1,\"name\":\"P\u00e1gina Inicial\",\"item\":\"https:\/\/noticiaempauta.com\/portal\/\"},{\"@type\":\"ListItem\",\"position\":2,\"name\":\"Destaques\",\"item\":\"https:\/\/noticiaempauta.com\/portal\/destaques-site\/\"},{\"@type\":\"ListItem\",\"position\":3,\"name\":\"Par\u00f3quia de Bocaina divulga programa\u00e7\u00e3o do 270\u00ba festejo de Nossa Senhora da Concei\u00e7\u00e3o\"}]},{\"@type\":\"WebSite\",\"@id\":\"https:\/\/noticiaempauta.com\/portal\/#website\",\"url\":\"https:\/\/noticiaempauta.com\/portal\/\",\"name\":\"Portal Not\u00edcia em Pauta\",\"description\":\"Voc\u00ea bem informado\",\"publisher\":{\"@id\":\"https:\/\/noticiaempauta.com\/portal\/#organization\"},\"potentialAction\":[{\"@type\":\"SearchAction\",\"target\":{\"@type\":\"EntryPoint\",\"urlTemplate\":\"https:\/\/noticiaempauta.com\/portal\/?s={search_term_string}\"},\"query-input\":{\"@type\":\"PropertyValueSpecification\",\"valueRequired\":true,\"valueName\":\"search_term_string\"}}],\"inLanguage\":\"pt-BR\"},{\"@type\":\"Organization\",\"@id\":\"https:\/\/noticiaempauta.com\/portal\/#organization\",\"name\":\"Portal Not\u00edcia em Pauta\",\"url\":\"https:\/\/noticiaempauta.com\/portal\/\",\"logo\":{\"@type\":\"ImageObject\",\"inLanguage\":\"pt-BR\",\"@id\":\"https:\/\/noticiaempauta.com\/portal\/#\/schema\/logo\/image\/\",\"url\":\"https:\/\/noticiaempauta.com\/portal\/wp-content\/uploads\/2022\/08\/logomarca_tema.fw_.png\",\"contentUrl\":\"https:\/\/noticiaempauta.com\/portal\/wp-content\/uploads\/2022\/08\/logomarca_tema.fw_.png\",\"width\":400,\"height\":232,\"caption\":\"Portal Not\u00edcia em Pauta\"},\"image\":{\"@id\":\"https:\/\/noticiaempauta.com\/portal\/#\/schema\/logo\/image\/\"},\"sameAs\":[\"https:\/\/www.facebook.com\/Portal-Notcia-Em-Pauta-102292869264820\/\",\"https:\/\/www.instagram.com\/portalnoticiaempauta\/\"]},{\"@type\":\"Person\",\"@id\":\"https:\/\/noticiaempauta.com\/portal\/#\/schema\/person\/a74af43dd1ab3deca45f988c717d57ac\",\"name\":\"Reda\u00e7\u00e3o\",\"image\":{\"@type\":\"ImageObject\",\"inLanguage\":\"pt-BR\",\"@id\":\"https:\/\/noticiaempauta.com\/portal\/#\/schema\/person\/image\/\",\"url\":\"https:\/\/secure.gravatar.com\/avatar\/03179346ecce6cdfc13361603e8f54242a90e5cde8618fa23c5c00aa2b0aadf3?s=96&d=mm&r=g\",\"contentUrl\":\"https:\/\/secure.gravatar.com\/avatar\/03179346ecce6cdfc13361603e8f54242a90e5cde8618fa23c5c00aa2b0aadf3?s=96&d=mm&r=g\",\"caption\":\"Reda\u00e7\u00e3o\"},\"sameAs\":[\"https:\/\/noticiaempauta.com\/portal\/\"],\"url\":\"https:\/\/noticiaempauta.com\/portal\/author\/fernando\/\"}]}<\/script>\n<!-- \/ Yoast SEO Premium plugin. -->","yoast_head_json":{"title":"Par\u00f3quia de Bocaina divulga programa\u00e7\u00e3o do 270\u00ba festejo de Nossa Senhora da Concei\u00e7\u00e3o - Portal Not\u00edcia em Pauta","robots":{"index":"index","follow":"follow","max-snippet":"max-snippet:-1","max-image-preview":"max-image-preview:large","max-video-preview":"max-video-preview:-1"},"canonical":"https:\/\/noticiaempauta.com\/portal\/paroquia-de-bocaina-divulga-programacao-do-270o-festejo-de-nossa-senhora-da-conceicao\/","og_locale":"pt_BR","og_type":"article","og_title":"Par\u00f3quia de Bocaina divulga programa\u00e7\u00e3o do 270\u00ba festejo de Nossa Senhora da Concei\u00e7\u00e3o","og_description":"A comunidade cat\u00f3lica da cidade de Bocaina est\u00e1 se preparando para celebrar o 270\u00ba festejo de Nossa Senhora da Concei\u00e7\u00e3o. O festejo contar\u00e1 com uma vasta programa\u00e7\u00e3o e deve reunir fi\u00e9is n\u00e3o somente de Bocaina, mas tamb\u00e9m das cidades vizinhas. As atividades religiosas t\u00eam in\u00edcio no dia 28 de novembro, com o ter\u00e7o meditado, \u00e0s [&hellip;]","og_url":"https:\/\/noticiaempauta.com\/portal\/paroquia-de-bocaina-divulga-programacao-do-270o-festejo-de-nossa-senhora-da-conceicao\/","og_site_name":"Portal Not\u00edcia em Pauta","article_publisher":"https:\/\/www.facebook.com\/Portal-Notcia-Em-Pauta-102292869264820\/","article_published_time":"2024-11-19T12:21:11+00:00","article_modified_time":"2024-11-19T13:05:08+00:00","og_image":[{"width":600,"height":400,"url":"https:\/\/noticiaempauta.com\/portal\/wp-content\/uploads\/2024\/11\/FA-IMG-f559930879a42f5c3d9a-qxachm02wl7op56y49vrsk8ywmit5o5xo4k3jjs4o0.jpg.webp","type":"image\/webp"}],"author":"Reda\u00e7\u00e3o","twitter_card":"summary_large_image","twitter_misc":{"Escrito por":"Reda\u00e7\u00e3o","Est. tempo de leitura":"4 minutos"},"schema":{"@context":"https:\/\/schema.org","@graph":[{"@type":"Article","@id":"https:\/\/noticiaempauta.com\/portal\/paroquia-de-bocaina-divulga-programacao-do-270o-festejo-de-nossa-senhora-da-conceicao\/#article","isPartOf":{"@id":"https:\/\/noticiaempauta.com\/portal\/paroquia-de-bocaina-divulga-programacao-do-270o-festejo-de-nossa-senhora-da-conceicao\/"},"author":{"name":"Reda\u00e7\u00e3o","@id":"https:\/\/noticiaempauta.com\/portal\/#\/schema\/person\/a74af43dd1ab3deca45f988c717d57ac"},"headline":"Par\u00f3quia de Bocaina divulga programa\u00e7\u00e3o do 270\u00ba festejo de Nossa Senhora da Concei\u00e7\u00e3o","datePublished":"2024-11-19T12:21:11+00:00","dateModified":"2024-11-19T13:05:08+00:00","mainEntityOfPage":{"@id":"https:\/\/noticiaempauta.com\/portal\/paroquia-de-bocaina-divulga-programacao-do-270o-festejo-de-nossa-senhora-da-conceicao\/"},"wordCount":676,"commentCount":0,"publisher":{"@id":"https:\/\/noticiaempauta.com\/portal\/#organization"},"image":{"@id":"https:\/\/noticiaempauta.com\/portal\/paroquia-de-bocaina-divulga-programacao-do-270o-festejo-de-nossa-senhora-da-conceicao\/#primaryimage"},"thumbnailUrl":"https:\/\/noticiaempauta.com\/portal\/wp-content\/uploads\/2024\/11\/FA-IMG-f559930879a42f5c3d9a-qxachm02wl7op56y49vrsk8ywmit5o5xo4k3jjs4o0.jpg.webp","keywords":["destaqueprincipal"],"articleSection":["Destaques","Geral","Munic\u00edpios","Social","Todas as Not\u00edcias"],"inLanguage":"pt-BR","potentialAction":[{"@type":"CommentAction","name":"Comment","target":["https:\/\/noticiaempauta.com\/portal\/paroquia-de-bocaina-divulga-programacao-do-270o-festejo-de-nossa-senhora-da-conceicao\/#respond"]}]},{"@type":"WebPage","@id":"https:\/\/noticiaempauta.com\/portal\/paroquia-de-bocaina-divulga-programacao-do-270o-festejo-de-nossa-senhora-da-conceicao\/","url":"https:\/\/noticiaempauta.com\/portal\/paroquia-de-bocaina-divulga-programacao-do-270o-festejo-de-nossa-senhora-da-conceicao\/","name":"Par\u00f3quia de Bocaina divulga programa\u00e7\u00e3o do 270\u00ba festejo de Nossa Senhora da Concei\u00e7\u00e3o - Portal Not\u00edcia em Pauta","isPartOf":{"@id":"https:\/\/noticiaempauta.com\/portal\/#website"},"primaryImageOfPage":{"@id":"https:\/\/noticiaempauta.com\/portal\/paroquia-de-bocaina-divulga-programacao-do-270o-festejo-de-nossa-senhora-da-conceicao\/#primaryimage"},"image":{"@id":"https:\/\/noticiaempauta.com\/portal\/paroquia-de-bocaina-divulga-programacao-do-270o-festejo-de-nossa-senhora-da-conceicao\/#primaryimage"},"thumbnailUrl":"https:\/\/noticiaempauta.com\/portal\/wp-content\/uploads\/2024\/11\/FA-IMG-f559930879a42f5c3d9a-qxachm02wl7op56y49vrsk8ywmit5o5xo4k3jjs4o0.jpg.webp","datePublished":"2024-11-19T12:21:11+00:00","dateModified":"2024-11-19T13:05:08+00:00","breadcrumb":{"@id":"https:\/\/noticiaempauta.com\/portal\/paroquia-de-bocaina-divulga-programacao-do-270o-festejo-de-nossa-senhora-da-conceicao\/#breadcrumb"},"inLanguage":"pt-BR","potentialAction":[{"@type":"ReadAction","target":["https:\/\/noticiaempauta.com\/portal\/paroquia-de-bocaina-divulga-programacao-do-270o-festejo-de-nossa-senhora-da-conceicao\/"]}]},{"@type":"ImageObject","inLanguage":"pt-BR","@id":"https:\/\/noticiaempauta.com\/portal\/paroquia-de-bocaina-divulga-programacao-do-270o-festejo-de-nossa-senhora-da-conceicao\/#primaryimage","url":"https:\/\/noticiaempauta.com\/portal\/wp-content\/uploads\/2024\/11\/FA-IMG-f559930879a42f5c3d9a-qxachm02wl7op56y49vrsk8ywmit5o5xo4k3jjs4o0.jpg.webp","contentUrl":"https:\/\/noticiaempauta.com\/portal\/wp-content\/uploads\/2024\/11\/FA-IMG-f559930879a42f5c3d9a-qxachm02wl7op56y49vrsk8ywmit5o5xo4k3jjs4o0.jpg.webp","width":600,"height":400},{"@type":"BreadcrumbList","@id":"https:\/\/noticiaempauta.com\/portal\/paroquia-de-bocaina-divulga-programacao-do-270o-festejo-de-nossa-senhora-da-conceicao\/#breadcrumb","itemListElement":[{"@type":"ListItem","position":1,"name":"P\u00e1gina Inicial","item":"https:\/\/noticiaempauta.com\/portal\/"},{"@type":"ListItem","position":2,"name":"Destaques","item":"https:\/\/noticiaempauta.com\/portal\/destaques-site\/"},{"@type":"ListItem","position":3,"name":"Par\u00f3quia de Bocaina divulga programa\u00e7\u00e3o do 270\u00ba festejo de Nossa Senhora da Concei\u00e7\u00e3o"}]},{"@type":"WebSite","@id":"https:\/\/noticiaempauta.com\/portal\/#website","url":"https:\/\/noticiaempauta.com\/portal\/","name":"Portal Not\u00edcia em Pauta","description":"Voc\u00ea bem informado","publisher":{"@id":"https:\/\/noticiaempauta.com\/portal\/#organization"},"potentialAction":[{"@type":"SearchAction","target":{"@type":"EntryPoint","urlTemplate":"https:\/\/noticiaempauta.com\/portal\/?s={search_term_string}"},"query-input":{"@type":"PropertyValueSpecification","valueRequired":true,"valueName":"search_term_string"}}],"inLanguage":"pt-BR"},{"@type":"Organization","@id":"https:\/\/noticiaempauta.com\/portal\/#organization","name":"Portal Not\u00edcia em Pauta","url":"https:\/\/noticiaempauta.com\/portal\/","logo":{"@type":"ImageObject","inLanguage":"pt-BR","@id":"https:\/\/noticiaempauta.com\/portal\/#\/schema\/logo\/image\/","url":"https:\/\/noticiaempauta.com\/portal\/wp-content\/uploads\/2022\/08\/logomarca_tema.fw_.png","contentUrl":"https:\/\/noticiaempauta.com\/portal\/wp-content\/uploads\/2022\/08\/logomarca_tema.fw_.png","width":400,"height":232,"caption":"Portal Not\u00edcia em Pauta"},"image":{"@id":"https:\/\/noticiaempauta.com\/portal\/#\/schema\/logo\/image\/"},"sameAs":["https:\/\/www.facebook.com\/Portal-Notcia-Em-Pauta-102292869264820\/","https:\/\/www.instagram.com\/portalnoticiaempauta\/"]},{"@type":"Person","@id":"https:\/\/noticiaempauta.com\/portal\/#\/schema\/person\/a74af43dd1ab3deca45f988c717d57ac","name":"Reda\u00e7\u00e3o","image":{"@type":"ImageObject","inLanguage":"pt-BR","@id":"https:\/\/noticiaempauta.com\/portal\/#\/schema\/person\/image\/","url":"https:\/\/secure.gravatar.com\/avatar\/03179346ecce6cdfc13361603e8f54242a90e5cde8618fa23c5c00aa2b0aadf3?s=96&d=mm&r=g","contentUrl":"https:\/\/secure.gravatar.com\/avatar\/03179346ecce6cdfc13361603e8f54242a90e5cde8618fa23c5c00aa2b0aadf3?s=96&d=mm&r=g","caption":"Reda\u00e7\u00e3o"},"sameAs":["https:\/\/noticiaempauta.com\/portal\/"],"url":"https:\/\/noticiaempauta.com\/portal\/author\/fernando\/"}]}},"_links":{"self":[{"href":"https:\/\/noticiaempauta.com\/portal\/wp-json\/wp\/v2\/posts\/264136","targetHints":{"allow":["GET"]}}],"collection":[{"href":"https:\/\/noticiaempauta.com\/portal\/wp-json\/wp\/v2\/posts"}],"about":[{"href":"https:\/\/noticiaempauta.com\/portal\/wp-json\/wp\/v2\/types\/post"}],"author":[{"embeddable":true,"href":"https:\/\/noticiaempauta.com\/portal\/wp-json\/wp\/v2\/users\/2"}],"replies":[{"embeddable":true,"href":"https:\/\/noticiaempauta.com\/portal\/wp-json\/wp\/v2\/comments?post=264136"}],"version-history":[{"count":2,"href":"https:\/\/noticiaempauta.com\/portal\/wp-json\/wp\/v2\/posts\/264136\/revisions"}],"predecessor-version":[{"id":264139,"href":"https:\/\/noticiaempauta.com\/portal\/wp-json\/wp\/v2\/posts\/264136\/revisions\/264139"}],"wp:featuredmedia":[{"embeddable":true,"href":"https:\/\/noticiaempauta.com\/portal\/wp-json\/wp\/v2\/media\/264149"}],"wp:attachment":[{"href":"https:\/\/noticiaempauta.com\/portal\/wp-json\/wp\/v2\/media?parent=264136"}],"wp:term":[{"taxonomy":"category","embeddable":true,"href":"https:\/\/noticiaempauta.com\/portal\/wp-json\/wp\/v2\/categories?post=264136"},{"taxonomy":"post_tag","embeddable":true,"href":"https:\/\/noticiaempauta.com\/portal\/wp-json\/wp\/v2\/tags?post=264136"}],"curies":[{"name":"wp","href":"https:\/\/api.w.org\/{rel}","templated":true}]}}