{"id":264150,"date":"2024-11-19T15:55:11","date_gmt":"2024-11-19T18:55:11","guid":{"rendered":"https:\/\/noticiaempauta.com\/portal\/?p=264150"},"modified":"2024-11-19T15:55:12","modified_gmt":"2024-11-19T18:55:12","slug":"governador-promove-255-policiais-militares-e-reafirma-compromisso-com-a-valorizacao-da-pm-pi","status":"publish","type":"post","link":"https:\/\/noticiaempauta.com\/portal\/governador-promove-255-policiais-militares-e-reafirma-compromisso-com-a-valorizacao-da-pm-pi\/","title":{"rendered":"Governador promove 255 policiais militares e reafirma compromisso com a valoriza\u00e7\u00e3o da PM-PI"},"content":{"rendered":"\n<p>O governador Rafael Fonteles promoveu 255 policiais militares, dentre oficiais e pra\u00e7as, nesta ter\u00e7a-feira (19), durante solenidade em comemora\u00e7\u00e3o ao Dia da Bandeira, realizada no Quartel do Comando-Geral (QCG) da Pol\u00edcia Militar do Piau\u00ed (PM-PI), em Teresina. Agora, j\u00e1 s\u00e3o mais de 3.200 promo\u00e7\u00f5es realizadas na atual gest\u00e3o.<\/p>\n\n\n\n<figure class=\"wp-block-image size-full\"><img fetchpriority=\"high\" decoding=\"async\" width=\"1000\" height=\"666\" src=\"https:\/\/noticiaempauta.com\/portal\/wp-content\/uploads\/2024\/11\/large_IMG_20241119_WA_0026_6d117087fa.jpg\" alt=\"\" class=\"wp-image-264155\" srcset=\"https:\/\/noticiaempauta.com\/portal\/wp-content\/uploads\/2024\/11\/large_IMG_20241119_WA_0026_6d117087fa.jpg 1000w, https:\/\/noticiaempauta.com\/portal\/wp-content\/uploads\/2024\/11\/large_IMG_20241119_WA_0026_6d117087fa-300x200.jpg 300w, https:\/\/noticiaempauta.com\/portal\/wp-content\/uploads\/2024\/11\/large_IMG_20241119_WA_0026_6d117087fa-768x511.jpg 768w\" sizes=\"(max-width: 1000px) 100vw, 1000px\" \/><\/figure>\n\n\n\n<p>\u201c\u00c9 um dia para reverenciar toda a nossa tropa e um reconhecimento pelos seus servi\u00e7os prestados. Afinal, \u00e9 um compromisso nosso sempre valorizar a Pol\u00edcia Militar do Piau\u00ed, formada por homens e mulheres que dedicam suas vidas a proteger as nossas vidas\u201d, afirmou o governador.<\/p>\n\n\n\n<p>O secret\u00e1rio da Seguran\u00e7a, Chico Lucas, pontuou que as promo\u00e7\u00f5es ocorrem pelos crit\u00e9rios de antiguidade, merecimento e m\u00e9rito intelectual. \u201c\u00c9 um dia de refor\u00e7ar e renovar os votos de dedica\u00e7\u00e3o. Este \u00e9 o segundo momento do ano (o primeiro foi em 21 de abril, no Dia de Tiradentes) em que promovemos profissionais em reconhecimento ao trabalho \u00e1rduo deles em prote\u00e7\u00e3o do povo piauiense\u201d, destacou o gestor.<\/p>\n\n\n\n<figure class=\"wp-block-image size-large\"><img decoding=\"async\" width=\"1024\" height=\"682\" src=\"https:\/\/noticiaempauta.com\/portal\/wp-content\/uploads\/2024\/11\/IMG_20241119_WA_0010_95acb71d87-1024x682.jpg\" alt=\"\" class=\"wp-image-264151\" srcset=\"https:\/\/noticiaempauta.com\/portal\/wp-content\/uploads\/2024\/11\/IMG_20241119_WA_0010_95acb71d87-1024x682.jpg 1024w, https:\/\/noticiaempauta.com\/portal\/wp-content\/uploads\/2024\/11\/IMG_20241119_WA_0010_95acb71d87-300x200.jpg 300w, https:\/\/noticiaempauta.com\/portal\/wp-content\/uploads\/2024\/11\/IMG_20241119_WA_0010_95acb71d87-768x512.jpg 768w, https:\/\/noticiaempauta.com\/portal\/wp-content\/uploads\/2024\/11\/IMG_20241119_WA_0010_95acb71d87.jpg 1280w\" sizes=\"(max-width: 1024px) 100vw, 1024px\" \/><\/figure>\n\n\n\n<p>De acordo com o comandante-geral da PM-PI, coronel Scheiwann Lopes, j\u00e1 s\u00e3o mais de 3.200 promo\u00e7\u00f5es apenas na atual gest\u00e3o do governador Rafael Fonteles, iniciada em janeiro de 2023. \u201c\u00c9 um momento que marca mais uma etapa de progress\u00e3o na carreira desses profissionais que se dedicam diuturnamente. Ficamos felizes com o reconhecimento do governador e do secret\u00e1rio \u00e0 PM-PI, institui\u00e7\u00e3o quase bicenten\u00e1ria de muito trabalho em prol dos cidad\u00e3os piauienses\u201d, afirmou o militar.<\/p>\n\n\n\n<figure class=\"wp-block-image size-large\"><img decoding=\"async\" width=\"1024\" height=\"682\" src=\"https:\/\/noticiaempauta.com\/portal\/wp-content\/uploads\/2024\/11\/IMG_20241119_WA_0025_3fb982f7c4-1024x682.jpg\" alt=\"\" class=\"wp-image-264152\" srcset=\"https:\/\/noticiaempauta.com\/portal\/wp-content\/uploads\/2024\/11\/IMG_20241119_WA_0025_3fb982f7c4-1024x682.jpg 1024w, https:\/\/noticiaempauta.com\/portal\/wp-content\/uploads\/2024\/11\/IMG_20241119_WA_0025_3fb982f7c4-300x200.jpg 300w, https:\/\/noticiaempauta.com\/portal\/wp-content\/uploads\/2024\/11\/IMG_20241119_WA_0025_3fb982f7c4-768x512.jpg 768w, https:\/\/noticiaempauta.com\/portal\/wp-content\/uploads\/2024\/11\/IMG_20241119_WA_0025_3fb982f7c4.jpg 1280w\" sizes=\"(max-width: 1024px) 100vw, 1024px\" \/><\/figure>\n\n\n\n<p><strong>Homenagens e tradi\u00e7\u00f5es<\/strong><\/p>\n\n\n\n<p>Durante a solenidade, civis e militares tamb\u00e9m foram homenageados com diplomas de Amigo da Pol\u00edcia Militar e de Honra ao M\u00e9rito, refor\u00e7ando a import\u00e2ncia do elo entre a pol\u00edcia e comunidade. O momento tamb\u00e9m contou com desfiles da tropa e incinera\u00e7\u00e3o da bandeira antiga e hasteamento solene da bandeira nacional nova, como parte dos ritos tradicionais.<\/p>\n\n\n\n<figure class=\"wp-block-image size-large\"><img loading=\"lazy\" decoding=\"async\" width=\"1024\" height=\"682\" src=\"https:\/\/noticiaempauta.com\/portal\/wp-content\/uploads\/2024\/11\/IMG_20241119_WA_0024_413e9dca84-1024x682.jpg\" alt=\"\" class=\"wp-image-264153\" srcset=\"https:\/\/noticiaempauta.com\/portal\/wp-content\/uploads\/2024\/11\/IMG_20241119_WA_0024_413e9dca84-1024x682.jpg 1024w, https:\/\/noticiaempauta.com\/portal\/wp-content\/uploads\/2024\/11\/IMG_20241119_WA_0024_413e9dca84-300x200.jpg 300w, https:\/\/noticiaempauta.com\/portal\/wp-content\/uploads\/2024\/11\/IMG_20241119_WA_0024_413e9dca84-768x512.jpg 768w, https:\/\/noticiaempauta.com\/portal\/wp-content\/uploads\/2024\/11\/IMG_20241119_WA_0024_413e9dca84.jpg 1280w\" sizes=\"(max-width: 1024px) 100vw, 1024px\" \/><\/figure>\n\n\n\n<p><strong>Dia da Bandeira<\/strong><\/p>\n\n\n\n<p>O Dia da Bandeira foi estabelecido apenas quatro dias ap\u00f3s a Proclama\u00e7\u00e3o da Rep\u00fablica, datada de 15 de novembro de 1889, por meio do decreto-lei n\u00ba 4, em rever\u00eancia a este s\u00edmbolo nacional t\u00e3o significativo. Assim, celebrado especificamente em 19 de novembro, representa mais um elemento marcante na consolida\u00e7\u00e3o da identidade do Brasil.<\/p>\n\n\n\n<figure class=\"wp-block-image size-large\"><img loading=\"lazy\" decoding=\"async\" width=\"1024\" height=\"682\" src=\"https:\/\/noticiaempauta.com\/portal\/wp-content\/uploads\/2024\/11\/IMG_20241119_WA_0027_d487be1bb5-1024x682.jpg\" alt=\"\" class=\"wp-image-264154\" srcset=\"https:\/\/noticiaempauta.com\/portal\/wp-content\/uploads\/2024\/11\/IMG_20241119_WA_0027_d487be1bb5-1024x682.jpg 1024w, https:\/\/noticiaempauta.com\/portal\/wp-content\/uploads\/2024\/11\/IMG_20241119_WA_0027_d487be1bb5-300x200.jpg 300w, https:\/\/noticiaempauta.com\/portal\/wp-content\/uploads\/2024\/11\/IMG_20241119_WA_0027_d487be1bb5-768x512.jpg 768w, https:\/\/noticiaempauta.com\/portal\/wp-content\/uploads\/2024\/11\/IMG_20241119_WA_0027_d487be1bb5.jpg 1280w\" sizes=\"(max-width: 1024px) 100vw, 1024px\" \/><\/figure>\n\n\n\n<p>Quando uma bandeira brasileira se torna desgastada, suja ou danificada, \u00e9 crucial substitu\u00ed-la prontamente por uma nova. A bandeira retirada deve ser entregue a uma unidade militar, respons\u00e1vel por realizar sua incinera\u00e7\u00e3o no dia 19 de novembro. Este procedimento respeitoso preserva o valor simb\u00f3lico do emblema nacional.<\/p>\n\n\n\n<p>CCOM-PI<\/p>\n","protected":false},"excerpt":{"rendered":"<p>O governador Rafael Fonteles promoveu 255 policiais militares, dentre oficiais e pra\u00e7as, nesta ter\u00e7a-feira (19), durante solenidade em comemora\u00e7\u00e3o ao Dia da Bandeira, realizada no Quartel do Comando-Geral (QCG) da Pol\u00edcia Militar do Piau\u00ed (PM-PI), em Teresina. Agora, j\u00e1 s\u00e3o mais de 3.200 promo\u00e7\u00f5es realizadas na atual gest\u00e3o. \u201c\u00c9 um dia para reverenciar toda a [&hellip;]<\/p>\n","protected":false},"author":2,"featured_media":264153,"comment_status":"open","ping_status":"open","sticky":false,"template":"","format":"standard","meta":{"_mi_skip_tracking":false,"footnotes":""},"categories":[25,1,137,16],"tags":[],"class_list":["post-264150","post","type-post","status-publish","format-standard","has-post-thumbnail","hentry","category-destaques-site","category-geral","category-policia","category-todas"],"acf":[],"yoast_head":"<!-- This site is optimized with the Yoast SEO Premium plugin v19.2 (Yoast SEO v26.9) - https:\/\/yoast.com\/product\/yoast-seo-premium-wordpress\/ -->\n<title>Governador promove 255 policiais militares e reafirma compromisso com a valoriza\u00e7\u00e3o da PM-PI - Portal Not\u00edcia em Pauta<\/title>\n<meta name=\"robots\" content=\"index, follow, max-snippet:-1, max-image-preview:large, max-video-preview:-1\" \/>\n<link rel=\"canonical\" href=\"https:\/\/noticiaempauta.com\/portal\/governador-promove-255-policiais-militares-e-reafirma-compromisso-com-a-valorizacao-da-pm-pi\/\" \/>\n<meta property=\"og:locale\" content=\"pt_BR\" \/>\n<meta property=\"og:type\" content=\"article\" \/>\n<meta property=\"og:title\" content=\"Governador promove 255 policiais militares e reafirma compromisso com a valoriza\u00e7\u00e3o da PM-PI\" \/>\n<meta property=\"og:description\" content=\"O governador Rafael Fonteles promoveu 255 policiais militares, dentre oficiais e pra\u00e7as, nesta ter\u00e7a-feira (19), durante solenidade em comemora\u00e7\u00e3o ao Dia da Bandeira, realizada no Quartel do Comando-Geral (QCG) da Pol\u00edcia Militar do Piau\u00ed (PM-PI), em Teresina. Agora, j\u00e1 s\u00e3o mais de 3.200 promo\u00e7\u00f5es realizadas na atual gest\u00e3o. \u201c\u00c9 um dia para reverenciar toda a [&hellip;]\" \/>\n<meta property=\"og:url\" content=\"https:\/\/noticiaempauta.com\/portal\/governador-promove-255-policiais-militares-e-reafirma-compromisso-com-a-valorizacao-da-pm-pi\/\" \/>\n<meta property=\"og:site_name\" content=\"Portal Not\u00edcia em Pauta\" \/>\n<meta property=\"article:publisher\" content=\"https:\/\/www.facebook.com\/Portal-Notcia-Em-Pauta-102292869264820\/\" \/>\n<meta property=\"article:published_time\" content=\"2024-11-19T18:55:11+00:00\" \/>\n<meta property=\"article:modified_time\" content=\"2024-11-19T18:55:12+00:00\" \/>\n<meta property=\"og:image\" content=\"https:\/\/noticiaempauta.com\/portal\/wp-content\/uploads\/2024\/11\/IMG_20241119_WA_0024_413e9dca84.jpg\" \/>\n\t<meta property=\"og:image:width\" content=\"1280\" \/>\n\t<meta property=\"og:image:height\" content=\"853\" \/>\n\t<meta property=\"og:image:type\" content=\"image\/jpeg\" \/>\n<meta name=\"author\" content=\"Reda\u00e7\u00e3o\" \/>\n<meta name=\"twitter:card\" content=\"summary_large_image\" \/>\n<meta name=\"twitter:label1\" content=\"Escrito por\" \/>\n\t<meta name=\"twitter:data1\" content=\"Reda\u00e7\u00e3o\" \/>\n\t<meta name=\"twitter:label2\" content=\"Est. tempo de leitura\" \/>\n\t<meta name=\"twitter:data2\" content=\"4 minutos\" \/>\n<script type=\"application\/ld+json\" class=\"yoast-schema-graph\">{\"@context\":\"https:\/\/schema.org\",\"@graph\":[{\"@type\":\"Article\",\"@id\":\"https:\/\/noticiaempauta.com\/portal\/governador-promove-255-policiais-militares-e-reafirma-compromisso-com-a-valorizacao-da-pm-pi\/#article\",\"isPartOf\":{\"@id\":\"https:\/\/noticiaempauta.com\/portal\/governador-promove-255-policiais-militares-e-reafirma-compromisso-com-a-valorizacao-da-pm-pi\/\"},\"author\":{\"name\":\"Reda\u00e7\u00e3o\",\"@id\":\"https:\/\/noticiaempauta.com\/portal\/#\/schema\/person\/a74af43dd1ab3deca45f988c717d57ac\"},\"headline\":\"Governador promove 255 policiais militares e reafirma compromisso com a valoriza\u00e7\u00e3o da PM-PI\",\"datePublished\":\"2024-11-19T18:55:11+00:00\",\"dateModified\":\"2024-11-19T18:55:12+00:00\",\"mainEntityOfPage\":{\"@id\":\"https:\/\/noticiaempauta.com\/portal\/governador-promove-255-policiais-militares-e-reafirma-compromisso-com-a-valorizacao-da-pm-pi\/\"},\"wordCount\":435,\"commentCount\":0,\"publisher\":{\"@id\":\"https:\/\/noticiaempauta.com\/portal\/#organization\"},\"image\":{\"@id\":\"https:\/\/noticiaempauta.com\/portal\/governador-promove-255-policiais-militares-e-reafirma-compromisso-com-a-valorizacao-da-pm-pi\/#primaryimage\"},\"thumbnailUrl\":\"https:\/\/noticiaempauta.com\/portal\/wp-content\/uploads\/2024\/11\/IMG_20241119_WA_0024_413e9dca84.jpg\",\"articleSection\":[\"Destaques\",\"Geral\",\"Pol\u00edcia\",\"Todas as Not\u00edcias\"],\"inLanguage\":\"pt-BR\",\"potentialAction\":[{\"@type\":\"CommentAction\",\"name\":\"Comment\",\"target\":[\"https:\/\/noticiaempauta.com\/portal\/governador-promove-255-policiais-militares-e-reafirma-compromisso-com-a-valorizacao-da-pm-pi\/#respond\"]}]},{\"@type\":\"WebPage\",\"@id\":\"https:\/\/noticiaempauta.com\/portal\/governador-promove-255-policiais-militares-e-reafirma-compromisso-com-a-valorizacao-da-pm-pi\/\",\"url\":\"https:\/\/noticiaempauta.com\/portal\/governador-promove-255-policiais-militares-e-reafirma-compromisso-com-a-valorizacao-da-pm-pi\/\",\"name\":\"Governador promove 255 policiais militares e reafirma compromisso com a valoriza\u00e7\u00e3o da PM-PI - Portal Not\u00edcia em Pauta\",\"isPartOf\":{\"@id\":\"https:\/\/noticiaempauta.com\/portal\/#website\"},\"primaryImageOfPage\":{\"@id\":\"https:\/\/noticiaempauta.com\/portal\/governador-promove-255-policiais-militares-e-reafirma-compromisso-com-a-valorizacao-da-pm-pi\/#primaryimage\"},\"image\":{\"@id\":\"https:\/\/noticiaempauta.com\/portal\/governador-promove-255-policiais-militares-e-reafirma-compromisso-com-a-valorizacao-da-pm-pi\/#primaryimage\"},\"thumbnailUrl\":\"https:\/\/noticiaempauta.com\/portal\/wp-content\/uploads\/2024\/11\/IMG_20241119_WA_0024_413e9dca84.jpg\",\"datePublished\":\"2024-11-19T18:55:11+00:00\",\"dateModified\":\"2024-11-19T18:55:12+00:00\",\"breadcrumb\":{\"@id\":\"https:\/\/noticiaempauta.com\/portal\/governador-promove-255-policiais-militares-e-reafirma-compromisso-com-a-valorizacao-da-pm-pi\/#breadcrumb\"},\"inLanguage\":\"pt-BR\",\"potentialAction\":[{\"@type\":\"ReadAction\",\"target\":[\"https:\/\/noticiaempauta.com\/portal\/governador-promove-255-policiais-militares-e-reafirma-compromisso-com-a-valorizacao-da-pm-pi\/\"]}]},{\"@type\":\"ImageObject\",\"inLanguage\":\"pt-BR\",\"@id\":\"https:\/\/noticiaempauta.com\/portal\/governador-promove-255-policiais-militares-e-reafirma-compromisso-com-a-valorizacao-da-pm-pi\/#primaryimage\",\"url\":\"https:\/\/noticiaempauta.com\/portal\/wp-content\/uploads\/2024\/11\/IMG_20241119_WA_0024_413e9dca84.jpg\",\"contentUrl\":\"https:\/\/noticiaempauta.com\/portal\/wp-content\/uploads\/2024\/11\/IMG_20241119_WA_0024_413e9dca84.jpg\",\"width\":1280,\"height\":853},{\"@type\":\"BreadcrumbList\",\"@id\":\"https:\/\/noticiaempauta.com\/portal\/governador-promove-255-policiais-militares-e-reafirma-compromisso-com-a-valorizacao-da-pm-pi\/#breadcrumb\",\"itemListElement\":[{\"@type\":\"ListItem\",\"position\":1,\"name\":\"P\u00e1gina Inicial\",\"item\":\"https:\/\/noticiaempauta.com\/portal\/\"},{\"@type\":\"ListItem\",\"position\":2,\"name\":\"Destaques\",\"item\":\"https:\/\/noticiaempauta.com\/portal\/destaques-site\/\"},{\"@type\":\"ListItem\",\"position\":3,\"name\":\"Governador promove 255 policiais militares e reafirma compromisso com a valoriza\u00e7\u00e3o da PM-PI\"}]},{\"@type\":\"WebSite\",\"@id\":\"https:\/\/noticiaempauta.com\/portal\/#website\",\"url\":\"https:\/\/noticiaempauta.com\/portal\/\",\"name\":\"Portal Not\u00edcia em Pauta\",\"description\":\"Voc\u00ea bem informado\",\"publisher\":{\"@id\":\"https:\/\/noticiaempauta.com\/portal\/#organization\"},\"potentialAction\":[{\"@type\":\"SearchAction\",\"target\":{\"@type\":\"EntryPoint\",\"urlTemplate\":\"https:\/\/noticiaempauta.com\/portal\/?s={search_term_string}\"},\"query-input\":{\"@type\":\"PropertyValueSpecification\",\"valueRequired\":true,\"valueName\":\"search_term_string\"}}],\"inLanguage\":\"pt-BR\"},{\"@type\":\"Organization\",\"@id\":\"https:\/\/noticiaempauta.com\/portal\/#organization\",\"name\":\"Portal Not\u00edcia em Pauta\",\"url\":\"https:\/\/noticiaempauta.com\/portal\/\",\"logo\":{\"@type\":\"ImageObject\",\"inLanguage\":\"pt-BR\",\"@id\":\"https:\/\/noticiaempauta.com\/portal\/#\/schema\/logo\/image\/\",\"url\":\"https:\/\/noticiaempauta.com\/portal\/wp-content\/uploads\/2022\/08\/logomarca_tema.fw_.png\",\"contentUrl\":\"https:\/\/noticiaempauta.com\/portal\/wp-content\/uploads\/2022\/08\/logomarca_tema.fw_.png\",\"width\":400,\"height\":232,\"caption\":\"Portal Not\u00edcia em Pauta\"},\"image\":{\"@id\":\"https:\/\/noticiaempauta.com\/portal\/#\/schema\/logo\/image\/\"},\"sameAs\":[\"https:\/\/www.facebook.com\/Portal-Notcia-Em-Pauta-102292869264820\/\",\"https:\/\/www.instagram.com\/portalnoticiaempauta\/\"]},{\"@type\":\"Person\",\"@id\":\"https:\/\/noticiaempauta.com\/portal\/#\/schema\/person\/a74af43dd1ab3deca45f988c717d57ac\",\"name\":\"Reda\u00e7\u00e3o\",\"image\":{\"@type\":\"ImageObject\",\"inLanguage\":\"pt-BR\",\"@id\":\"https:\/\/noticiaempauta.com\/portal\/#\/schema\/person\/image\/\",\"url\":\"https:\/\/secure.gravatar.com\/avatar\/03179346ecce6cdfc13361603e8f54242a90e5cde8618fa23c5c00aa2b0aadf3?s=96&d=mm&r=g\",\"contentUrl\":\"https:\/\/secure.gravatar.com\/avatar\/03179346ecce6cdfc13361603e8f54242a90e5cde8618fa23c5c00aa2b0aadf3?s=96&d=mm&r=g\",\"caption\":\"Reda\u00e7\u00e3o\"},\"sameAs\":[\"https:\/\/noticiaempauta.com\/portal\/\"],\"url\":\"https:\/\/noticiaempauta.com\/portal\/author\/fernando\/\"}]}<\/script>\n<!-- \/ Yoast SEO Premium plugin. -->","yoast_head_json":{"title":"Governador promove 255 policiais militares e reafirma compromisso com a valoriza\u00e7\u00e3o da PM-PI - Portal Not\u00edcia em Pauta","robots":{"index":"index","follow":"follow","max-snippet":"max-snippet:-1","max-image-preview":"max-image-preview:large","max-video-preview":"max-video-preview:-1"},"canonical":"https:\/\/noticiaempauta.com\/portal\/governador-promove-255-policiais-militares-e-reafirma-compromisso-com-a-valorizacao-da-pm-pi\/","og_locale":"pt_BR","og_type":"article","og_title":"Governador promove 255 policiais militares e reafirma compromisso com a valoriza\u00e7\u00e3o da PM-PI","og_description":"O governador Rafael Fonteles promoveu 255 policiais militares, dentre oficiais e pra\u00e7as, nesta ter\u00e7a-feira (19), durante solenidade em comemora\u00e7\u00e3o ao Dia da Bandeira, realizada no Quartel do Comando-Geral (QCG) da Pol\u00edcia Militar do Piau\u00ed (PM-PI), em Teresina. Agora, j\u00e1 s\u00e3o mais de 3.200 promo\u00e7\u00f5es realizadas na atual gest\u00e3o. \u201c\u00c9 um dia para reverenciar toda a [&hellip;]","og_url":"https:\/\/noticiaempauta.com\/portal\/governador-promove-255-policiais-militares-e-reafirma-compromisso-com-a-valorizacao-da-pm-pi\/","og_site_name":"Portal Not\u00edcia em Pauta","article_publisher":"https:\/\/www.facebook.com\/Portal-Notcia-Em-Pauta-102292869264820\/","article_published_time":"2024-11-19T18:55:11+00:00","article_modified_time":"2024-11-19T18:55:12+00:00","og_image":[{"width":1280,"height":853,"url":"https:\/\/noticiaempauta.com\/portal\/wp-content\/uploads\/2024\/11\/IMG_20241119_WA_0024_413e9dca84.jpg","type":"image\/jpeg"}],"author":"Reda\u00e7\u00e3o","twitter_card":"summary_large_image","twitter_misc":{"Escrito por":"Reda\u00e7\u00e3o","Est. tempo de leitura":"4 minutos"},"schema":{"@context":"https:\/\/schema.org","@graph":[{"@type":"Article","@id":"https:\/\/noticiaempauta.com\/portal\/governador-promove-255-policiais-militares-e-reafirma-compromisso-com-a-valorizacao-da-pm-pi\/#article","isPartOf":{"@id":"https:\/\/noticiaempauta.com\/portal\/governador-promove-255-policiais-militares-e-reafirma-compromisso-com-a-valorizacao-da-pm-pi\/"},"author":{"name":"Reda\u00e7\u00e3o","@id":"https:\/\/noticiaempauta.com\/portal\/#\/schema\/person\/a74af43dd1ab3deca45f988c717d57ac"},"headline":"Governador promove 255 policiais militares e reafirma compromisso com a valoriza\u00e7\u00e3o da PM-PI","datePublished":"2024-11-19T18:55:11+00:00","dateModified":"2024-11-19T18:55:12+00:00","mainEntityOfPage":{"@id":"https:\/\/noticiaempauta.com\/portal\/governador-promove-255-policiais-militares-e-reafirma-compromisso-com-a-valorizacao-da-pm-pi\/"},"wordCount":435,"commentCount":0,"publisher":{"@id":"https:\/\/noticiaempauta.com\/portal\/#organization"},"image":{"@id":"https:\/\/noticiaempauta.com\/portal\/governador-promove-255-policiais-militares-e-reafirma-compromisso-com-a-valorizacao-da-pm-pi\/#primaryimage"},"thumbnailUrl":"https:\/\/noticiaempauta.com\/portal\/wp-content\/uploads\/2024\/11\/IMG_20241119_WA_0024_413e9dca84.jpg","articleSection":["Destaques","Geral","Pol\u00edcia","Todas as Not\u00edcias"],"inLanguage":"pt-BR","potentialAction":[{"@type":"CommentAction","name":"Comment","target":["https:\/\/noticiaempauta.com\/portal\/governador-promove-255-policiais-militares-e-reafirma-compromisso-com-a-valorizacao-da-pm-pi\/#respond"]}]},{"@type":"WebPage","@id":"https:\/\/noticiaempauta.com\/portal\/governador-promove-255-policiais-militares-e-reafirma-compromisso-com-a-valorizacao-da-pm-pi\/","url":"https:\/\/noticiaempauta.com\/portal\/governador-promove-255-policiais-militares-e-reafirma-compromisso-com-a-valorizacao-da-pm-pi\/","name":"Governador promove 255 policiais militares e reafirma compromisso com a valoriza\u00e7\u00e3o da PM-PI - Portal Not\u00edcia em Pauta","isPartOf":{"@id":"https:\/\/noticiaempauta.com\/portal\/#website"},"primaryImageOfPage":{"@id":"https:\/\/noticiaempauta.com\/portal\/governador-promove-255-policiais-militares-e-reafirma-compromisso-com-a-valorizacao-da-pm-pi\/#primaryimage"},"image":{"@id":"https:\/\/noticiaempauta.com\/portal\/governador-promove-255-policiais-militares-e-reafirma-compromisso-com-a-valorizacao-da-pm-pi\/#primaryimage"},"thumbnailUrl":"https:\/\/noticiaempauta.com\/portal\/wp-content\/uploads\/2024\/11\/IMG_20241119_WA_0024_413e9dca84.jpg","datePublished":"2024-11-19T18:55:11+00:00","dateModified":"2024-11-19T18:55:12+00:00","breadcrumb":{"@id":"https:\/\/noticiaempauta.com\/portal\/governador-promove-255-policiais-militares-e-reafirma-compromisso-com-a-valorizacao-da-pm-pi\/#breadcrumb"},"inLanguage":"pt-BR","potentialAction":[{"@type":"ReadAction","target":["https:\/\/noticiaempauta.com\/portal\/governador-promove-255-policiais-militares-e-reafirma-compromisso-com-a-valorizacao-da-pm-pi\/"]}]},{"@type":"ImageObject","inLanguage":"pt-BR","@id":"https:\/\/noticiaempauta.com\/portal\/governador-promove-255-policiais-militares-e-reafirma-compromisso-com-a-valorizacao-da-pm-pi\/#primaryimage","url":"https:\/\/noticiaempauta.com\/portal\/wp-content\/uploads\/2024\/11\/IMG_20241119_WA_0024_413e9dca84.jpg","contentUrl":"https:\/\/noticiaempauta.com\/portal\/wp-content\/uploads\/2024\/11\/IMG_20241119_WA_0024_413e9dca84.jpg","width":1280,"height":853},{"@type":"BreadcrumbList","@id":"https:\/\/noticiaempauta.com\/portal\/governador-promove-255-policiais-militares-e-reafirma-compromisso-com-a-valorizacao-da-pm-pi\/#breadcrumb","itemListElement":[{"@type":"ListItem","position":1,"name":"P\u00e1gina Inicial","item":"https:\/\/noticiaempauta.com\/portal\/"},{"@type":"ListItem","position":2,"name":"Destaques","item":"https:\/\/noticiaempauta.com\/portal\/destaques-site\/"},{"@type":"ListItem","position":3,"name":"Governador promove 255 policiais militares e reafirma compromisso com a valoriza\u00e7\u00e3o da PM-PI"}]},{"@type":"WebSite","@id":"https:\/\/noticiaempauta.com\/portal\/#website","url":"https:\/\/noticiaempauta.com\/portal\/","name":"Portal Not\u00edcia em Pauta","description":"Voc\u00ea bem informado","publisher":{"@id":"https:\/\/noticiaempauta.com\/portal\/#organization"},"potentialAction":[{"@type":"SearchAction","target":{"@type":"EntryPoint","urlTemplate":"https:\/\/noticiaempauta.com\/portal\/?s={search_term_string}"},"query-input":{"@type":"PropertyValueSpecification","valueRequired":true,"valueName":"search_term_string"}}],"inLanguage":"pt-BR"},{"@type":"Organization","@id":"https:\/\/noticiaempauta.com\/portal\/#organization","name":"Portal Not\u00edcia em Pauta","url":"https:\/\/noticiaempauta.com\/portal\/","logo":{"@type":"ImageObject","inLanguage":"pt-BR","@id":"https:\/\/noticiaempauta.com\/portal\/#\/schema\/logo\/image\/","url":"https:\/\/noticiaempauta.com\/portal\/wp-content\/uploads\/2022\/08\/logomarca_tema.fw_.png","contentUrl":"https:\/\/noticiaempauta.com\/portal\/wp-content\/uploads\/2022\/08\/logomarca_tema.fw_.png","width":400,"height":232,"caption":"Portal Not\u00edcia em Pauta"},"image":{"@id":"https:\/\/noticiaempauta.com\/portal\/#\/schema\/logo\/image\/"},"sameAs":["https:\/\/www.facebook.com\/Portal-Notcia-Em-Pauta-102292869264820\/","https:\/\/www.instagram.com\/portalnoticiaempauta\/"]},{"@type":"Person","@id":"https:\/\/noticiaempauta.com\/portal\/#\/schema\/person\/a74af43dd1ab3deca45f988c717d57ac","name":"Reda\u00e7\u00e3o","image":{"@type":"ImageObject","inLanguage":"pt-BR","@id":"https:\/\/noticiaempauta.com\/portal\/#\/schema\/person\/image\/","url":"https:\/\/secure.gravatar.com\/avatar\/03179346ecce6cdfc13361603e8f54242a90e5cde8618fa23c5c00aa2b0aadf3?s=96&d=mm&r=g","contentUrl":"https:\/\/secure.gravatar.com\/avatar\/03179346ecce6cdfc13361603e8f54242a90e5cde8618fa23c5c00aa2b0aadf3?s=96&d=mm&r=g","caption":"Reda\u00e7\u00e3o"},"sameAs":["https:\/\/noticiaempauta.com\/portal\/"],"url":"https:\/\/noticiaempauta.com\/portal\/author\/fernando\/"}]}},"_links":{"self":[{"href":"https:\/\/noticiaempauta.com\/portal\/wp-json\/wp\/v2\/posts\/264150","targetHints":{"allow":["GET"]}}],"collection":[{"href":"https:\/\/noticiaempauta.com\/portal\/wp-json\/wp\/v2\/posts"}],"about":[{"href":"https:\/\/noticiaempauta.com\/portal\/wp-json\/wp\/v2\/types\/post"}],"author":[{"embeddable":true,"href":"https:\/\/noticiaempauta.com\/portal\/wp-json\/wp\/v2\/users\/2"}],"replies":[{"embeddable":true,"href":"https:\/\/noticiaempauta.com\/portal\/wp-json\/wp\/v2\/comments?post=264150"}],"version-history":[{"count":1,"href":"https:\/\/noticiaempauta.com\/portal\/wp-json\/wp\/v2\/posts\/264150\/revisions"}],"predecessor-version":[{"id":264156,"href":"https:\/\/noticiaempauta.com\/portal\/wp-json\/wp\/v2\/posts\/264150\/revisions\/264156"}],"wp:featuredmedia":[{"embeddable":true,"href":"https:\/\/noticiaempauta.com\/portal\/wp-json\/wp\/v2\/media\/264153"}],"wp:attachment":[{"href":"https:\/\/noticiaempauta.com\/portal\/wp-json\/wp\/v2\/media?parent=264150"}],"wp:term":[{"taxonomy":"category","embeddable":true,"href":"https:\/\/noticiaempauta.com\/portal\/wp-json\/wp\/v2\/categories?post=264150"},{"taxonomy":"post_tag","embeddable":true,"href":"https:\/\/noticiaempauta.com\/portal\/wp-json\/wp\/v2\/tags?post=264150"}],"curies":[{"name":"wp","href":"https:\/\/api.w.org\/{rel}","templated":true}]}}