{"id":264200,"date":"2024-11-21T09:08:06","date_gmt":"2024-11-21T12:08:06","guid":{"rendered":"https:\/\/noticiaempauta.com\/portal\/?p=264200"},"modified":"2024-11-21T09:08:08","modified_gmt":"2024-11-21T12:08:08","slug":"casal-e-dois-filhos-morrem-carbonizados-em-colisao-entre-carro-e-carreta-na-br-343","status":"publish","type":"post","link":"https:\/\/noticiaempauta.com\/portal\/casal-e-dois-filhos-morrem-carbonizados-em-colisao-entre-carro-e-carreta-na-br-343\/","title":{"rendered":"Casal e dois filhos morrem carbonizados em colis\u00e3o entre carro e carreta na BR-343"},"content":{"rendered":"\n<p>Quatro pessoas, entre elas duas crian\u00e7as, morreram carbonizadas ap\u00f3s uma colis\u00e3o entre um carro de passeio e uma carreta bitrem na manh\u00e3 desta quarta-feira (20), que deixou o carro totalmente destru\u00eddo e incendiado no km 466 da BR-343, no munic\u00edpio de Angical (a 129 km de Teresina).&nbsp;A informa\u00e7\u00e3o foi confirmada pelo Cabo Mauro, da Pol\u00edcia Militar de Angical.&nbsp;<\/p>\n\n\n\n<figure class=\"wp-block-image size-large\"><img fetchpriority=\"high\" decoding=\"async\" width=\"1024\" height=\"576\" src=\"https:\/\/noticiaempauta.com\/portal\/wp-content\/uploads\/2024\/11\/b297db1efc906f86370b31dc883d517f-1024x576.jpeg\" alt=\"\" class=\"wp-image-264201\" srcset=\"https:\/\/noticiaempauta.com\/portal\/wp-content\/uploads\/2024\/11\/b297db1efc906f86370b31dc883d517f-1024x576.jpeg 1024w, https:\/\/noticiaempauta.com\/portal\/wp-content\/uploads\/2024\/11\/b297db1efc906f86370b31dc883d517f-300x169.jpeg 300w, https:\/\/noticiaempauta.com\/portal\/wp-content\/uploads\/2024\/11\/b297db1efc906f86370b31dc883d517f-768x432.jpeg 768w, https:\/\/noticiaempauta.com\/portal\/wp-content\/uploads\/2024\/11\/b297db1efc906f86370b31dc883d517f.jpeg 1280w\" sizes=\"(max-width: 1024px) 100vw, 1024px\" \/><\/figure>\n\n\n\n<p>Os ocupantes que morreram no acidente s\u00e3o uma fam\u00edlia: pai, identificado como John Wesley, a esposa e os dois filhos (uma de 8 e outra de 11 anos) que s\u00e3o naturais de Altos.\u00a0<\/p>\n\n\n\n<figure class=\"wp-block-image size-full\"><img decoding=\"async\" width=\"828\" height=\"591\" src=\"https:\/\/noticiaempauta.com\/portal\/wp-content\/uploads\/2024\/11\/6678771cf6947c53de63690bbc3dfbac.jpeg\" alt=\"\" class=\"wp-image-264202\" srcset=\"https:\/\/noticiaempauta.com\/portal\/wp-content\/uploads\/2024\/11\/6678771cf6947c53de63690bbc3dfbac.jpeg 828w, https:\/\/noticiaempauta.com\/portal\/wp-content\/uploads\/2024\/11\/6678771cf6947c53de63690bbc3dfbac-300x214.jpeg 300w, https:\/\/noticiaempauta.com\/portal\/wp-content\/uploads\/2024\/11\/6678771cf6947c53de63690bbc3dfbac-768x548.jpeg 768w\" sizes=\"(max-width: 828px) 100vw, 828px\" \/><\/figure>\n\n\n\n<p>De acordo com nota de pesar divulgada pela Prefeitura de Altos, a fam\u00edlia retornava do vel\u00f3rio do av\u00f4 de John e seguia para Guadalupe, onde ele trabalhava.&nbsp;<\/p>\n\n\n\n<p>De acordo com as primeiras informa\u00e7\u00f5es da Pol\u00edcia Rodovi\u00e1ria Federal (PRF), a carreta carregada de arroz e o carro bateram frontalmente, ap\u00f3s um dos ve\u00edculos invadir a contram\u00e3o.<\/p>\n\n\n\n<figure class=\"wp-block-image size-full\"><img decoding=\"async\" width=\"800\" height=\"500\" src=\"https:\/\/noticiaempauta.com\/portal\/wp-content\/uploads\/2024\/11\/c62c4a32d28003004d28558999cff5ba.jpg\" alt=\"\" class=\"wp-image-264203\" srcset=\"https:\/\/noticiaempauta.com\/portal\/wp-content\/uploads\/2024\/11\/c62c4a32d28003004d28558999cff5ba.jpg 800w, https:\/\/noticiaempauta.com\/portal\/wp-content\/uploads\/2024\/11\/c62c4a32d28003004d28558999cff5ba-300x188.jpg 300w, https:\/\/noticiaempauta.com\/portal\/wp-content\/uploads\/2024\/11\/c62c4a32d28003004d28558999cff5ba-768x480.jpg 768w\" sizes=\"(max-width: 800px) 100vw, 800px\" \/><\/figure>\n\n\n\n<p>Com o impacto, a carreta perdeu o controle, saiu da pista e virou uma de suas carrocerias, derramando parcialmente a carga. J\u00e1 o carro ficou em cima da pista e incendiou em seguida n\u00e3o dando tempo das pessoas deixarem o ve\u00edculo. O corpos da chegaram ao Instituto M\u00e9dico Lega (IML) em Teresina ainda na tarde desta quarta-feira para os procedimentos cab\u00edveis.<\/p>\n\n\n\n<figure class=\"wp-block-image size-full\"><img loading=\"lazy\" decoding=\"async\" width=\"595\" height=\"589\" src=\"https:\/\/noticiaempauta.com\/portal\/wp-content\/uploads\/2024\/11\/ff29ae7184e105c65a3b62499ada250f.jpg\" alt=\"\" class=\"wp-image-264204\" srcset=\"https:\/\/noticiaempauta.com\/portal\/wp-content\/uploads\/2024\/11\/ff29ae7184e105c65a3b62499ada250f.jpg 595w, https:\/\/noticiaempauta.com\/portal\/wp-content\/uploads\/2024\/11\/ff29ae7184e105c65a3b62499ada250f-300x297.jpg 300w\" sizes=\"(max-width: 595px) 100vw, 595px\" \/><\/figure>\n\n\n\n<p><\/p>\n\n\n\n<p>Fonte: Cidade Verde<\/p>\n","protected":false},"excerpt":{"rendered":"<p>Quatro pessoas, entre elas duas crian\u00e7as, morreram carbonizadas ap\u00f3s uma colis\u00e3o entre um carro de passeio e uma carreta bitrem na manh\u00e3 desta quarta-feira (20), que deixou o carro totalmente destru\u00eddo e incendiado no km 466 da BR-343, no munic\u00edpio de Angical (a 129 km de Teresina).&nbsp;A informa\u00e7\u00e3o foi confirmada pelo Cabo Mauro, da Pol\u00edcia [&hellip;]<\/p>\n","protected":false},"author":2,"featured_media":264202,"comment_status":"open","ping_status":"open","sticky":false,"template":"","format":"standard","meta":{"_mi_skip_tracking":false,"footnotes":""},"categories":[25,1,16],"tags":[192],"class_list":["post-264200","post","type-post","status-publish","format-standard","has-post-thumbnail","hentry","category-destaques-site","category-geral","category-todas","tag-destaqueprincipal"],"acf":[],"yoast_head":"<!-- This site is optimized with the Yoast SEO Premium plugin v19.2 (Yoast SEO v26.9) - https:\/\/yoast.com\/product\/yoast-seo-premium-wordpress\/ -->\n<title>Casal e dois filhos morrem carbonizados em colis\u00e3o entre carro e carreta na BR-343 - Portal Not\u00edcia em Pauta<\/title>\n<meta name=\"robots\" content=\"index, follow, max-snippet:-1, max-image-preview:large, max-video-preview:-1\" \/>\n<link rel=\"canonical\" href=\"https:\/\/noticiaempauta.com\/portal\/casal-e-dois-filhos-morrem-carbonizados-em-colisao-entre-carro-e-carreta-na-br-343\/\" \/>\n<meta property=\"og:locale\" content=\"pt_BR\" \/>\n<meta property=\"og:type\" content=\"article\" \/>\n<meta property=\"og:title\" content=\"Casal e dois filhos morrem carbonizados em colis\u00e3o entre carro e carreta na BR-343\" \/>\n<meta property=\"og:description\" content=\"Quatro pessoas, entre elas duas crian\u00e7as, morreram carbonizadas ap\u00f3s uma colis\u00e3o entre um carro de passeio e uma carreta bitrem na manh\u00e3 desta quarta-feira (20), que deixou o carro totalmente destru\u00eddo e incendiado no km 466 da BR-343, no munic\u00edpio de Angical (a 129 km de Teresina).&nbsp;A informa\u00e7\u00e3o foi confirmada pelo Cabo Mauro, da Pol\u00edcia [&hellip;]\" \/>\n<meta property=\"og:url\" content=\"https:\/\/noticiaempauta.com\/portal\/casal-e-dois-filhos-morrem-carbonizados-em-colisao-entre-carro-e-carreta-na-br-343\/\" \/>\n<meta property=\"og:site_name\" content=\"Portal Not\u00edcia em Pauta\" \/>\n<meta property=\"article:publisher\" content=\"https:\/\/www.facebook.com\/Portal-Notcia-Em-Pauta-102292869264820\/\" \/>\n<meta property=\"article:published_time\" content=\"2024-11-21T12:08:06+00:00\" \/>\n<meta property=\"article:modified_time\" content=\"2024-11-21T12:08:08+00:00\" \/>\n<meta property=\"og:image\" content=\"https:\/\/noticiaempauta.com\/portal\/wp-content\/uploads\/2024\/11\/6678771cf6947c53de63690bbc3dfbac.jpeg\" \/>\n\t<meta property=\"og:image:width\" content=\"828\" \/>\n\t<meta property=\"og:image:height\" content=\"591\" \/>\n\t<meta property=\"og:image:type\" content=\"image\/jpeg\" \/>\n<meta name=\"author\" content=\"Reda\u00e7\u00e3o\" \/>\n<meta name=\"twitter:card\" content=\"summary_large_image\" \/>\n<meta name=\"twitter:label1\" content=\"Escrito por\" \/>\n\t<meta name=\"twitter:data1\" content=\"Reda\u00e7\u00e3o\" \/>\n\t<meta name=\"twitter:label2\" content=\"Est. tempo de leitura\" \/>\n\t<meta name=\"twitter:data2\" content=\"3 minutos\" \/>\n<script type=\"application\/ld+json\" class=\"yoast-schema-graph\">{\"@context\":\"https:\/\/schema.org\",\"@graph\":[{\"@type\":\"Article\",\"@id\":\"https:\/\/noticiaempauta.com\/portal\/casal-e-dois-filhos-morrem-carbonizados-em-colisao-entre-carro-e-carreta-na-br-343\/#article\",\"isPartOf\":{\"@id\":\"https:\/\/noticiaempauta.com\/portal\/casal-e-dois-filhos-morrem-carbonizados-em-colisao-entre-carro-e-carreta-na-br-343\/\"},\"author\":{\"name\":\"Reda\u00e7\u00e3o\",\"@id\":\"https:\/\/noticiaempauta.com\/portal\/#\/schema\/person\/a74af43dd1ab3deca45f988c717d57ac\"},\"headline\":\"Casal e dois filhos morrem carbonizados em colis\u00e3o entre carro e carreta na BR-343\",\"datePublished\":\"2024-11-21T12:08:06+00:00\",\"dateModified\":\"2024-11-21T12:08:08+00:00\",\"mainEntityOfPage\":{\"@id\":\"https:\/\/noticiaempauta.com\/portal\/casal-e-dois-filhos-morrem-carbonizados-em-colisao-entre-carro-e-carreta-na-br-343\/\"},\"wordCount\":246,\"commentCount\":0,\"publisher\":{\"@id\":\"https:\/\/noticiaempauta.com\/portal\/#organization\"},\"image\":{\"@id\":\"https:\/\/noticiaempauta.com\/portal\/casal-e-dois-filhos-morrem-carbonizados-em-colisao-entre-carro-e-carreta-na-br-343\/#primaryimage\"},\"thumbnailUrl\":\"https:\/\/noticiaempauta.com\/portal\/wp-content\/uploads\/2024\/11\/6678771cf6947c53de63690bbc3dfbac.jpeg\",\"keywords\":[\"destaqueprincipal\"],\"articleSection\":[\"Destaques\",\"Geral\",\"Todas as Not\u00edcias\"],\"inLanguage\":\"pt-BR\",\"potentialAction\":[{\"@type\":\"CommentAction\",\"name\":\"Comment\",\"target\":[\"https:\/\/noticiaempauta.com\/portal\/casal-e-dois-filhos-morrem-carbonizados-em-colisao-entre-carro-e-carreta-na-br-343\/#respond\"]}]},{\"@type\":\"WebPage\",\"@id\":\"https:\/\/noticiaempauta.com\/portal\/casal-e-dois-filhos-morrem-carbonizados-em-colisao-entre-carro-e-carreta-na-br-343\/\",\"url\":\"https:\/\/noticiaempauta.com\/portal\/casal-e-dois-filhos-morrem-carbonizados-em-colisao-entre-carro-e-carreta-na-br-343\/\",\"name\":\"Casal e dois filhos morrem carbonizados em colis\u00e3o entre carro e carreta na BR-343 - Portal Not\u00edcia em Pauta\",\"isPartOf\":{\"@id\":\"https:\/\/noticiaempauta.com\/portal\/#website\"},\"primaryImageOfPage\":{\"@id\":\"https:\/\/noticiaempauta.com\/portal\/casal-e-dois-filhos-morrem-carbonizados-em-colisao-entre-carro-e-carreta-na-br-343\/#primaryimage\"},\"image\":{\"@id\":\"https:\/\/noticiaempauta.com\/portal\/casal-e-dois-filhos-morrem-carbonizados-em-colisao-entre-carro-e-carreta-na-br-343\/#primaryimage\"},\"thumbnailUrl\":\"https:\/\/noticiaempauta.com\/portal\/wp-content\/uploads\/2024\/11\/6678771cf6947c53de63690bbc3dfbac.jpeg\",\"datePublished\":\"2024-11-21T12:08:06+00:00\",\"dateModified\":\"2024-11-21T12:08:08+00:00\",\"breadcrumb\":{\"@id\":\"https:\/\/noticiaempauta.com\/portal\/casal-e-dois-filhos-morrem-carbonizados-em-colisao-entre-carro-e-carreta-na-br-343\/#breadcrumb\"},\"inLanguage\":\"pt-BR\",\"potentialAction\":[{\"@type\":\"ReadAction\",\"target\":[\"https:\/\/noticiaempauta.com\/portal\/casal-e-dois-filhos-morrem-carbonizados-em-colisao-entre-carro-e-carreta-na-br-343\/\"]}]},{\"@type\":\"ImageObject\",\"inLanguage\":\"pt-BR\",\"@id\":\"https:\/\/noticiaempauta.com\/portal\/casal-e-dois-filhos-morrem-carbonizados-em-colisao-entre-carro-e-carreta-na-br-343\/#primaryimage\",\"url\":\"https:\/\/noticiaempauta.com\/portal\/wp-content\/uploads\/2024\/11\/6678771cf6947c53de63690bbc3dfbac.jpeg\",\"contentUrl\":\"https:\/\/noticiaempauta.com\/portal\/wp-content\/uploads\/2024\/11\/6678771cf6947c53de63690bbc3dfbac.jpeg\",\"width\":828,\"height\":591},{\"@type\":\"BreadcrumbList\",\"@id\":\"https:\/\/noticiaempauta.com\/portal\/casal-e-dois-filhos-morrem-carbonizados-em-colisao-entre-carro-e-carreta-na-br-343\/#breadcrumb\",\"itemListElement\":[{\"@type\":\"ListItem\",\"position\":1,\"name\":\"P\u00e1gina Inicial\",\"item\":\"https:\/\/noticiaempauta.com\/portal\/\"},{\"@type\":\"ListItem\",\"position\":2,\"name\":\"Destaques\",\"item\":\"https:\/\/noticiaempauta.com\/portal\/destaques-site\/\"},{\"@type\":\"ListItem\",\"position\":3,\"name\":\"Casal e dois filhos morrem carbonizados em colis\u00e3o entre carro e carreta na BR-343\"}]},{\"@type\":\"WebSite\",\"@id\":\"https:\/\/noticiaempauta.com\/portal\/#website\",\"url\":\"https:\/\/noticiaempauta.com\/portal\/\",\"name\":\"Portal Not\u00edcia em Pauta\",\"description\":\"Voc\u00ea bem informado\",\"publisher\":{\"@id\":\"https:\/\/noticiaempauta.com\/portal\/#organization\"},\"potentialAction\":[{\"@type\":\"SearchAction\",\"target\":{\"@type\":\"EntryPoint\",\"urlTemplate\":\"https:\/\/noticiaempauta.com\/portal\/?s={search_term_string}\"},\"query-input\":{\"@type\":\"PropertyValueSpecification\",\"valueRequired\":true,\"valueName\":\"search_term_string\"}}],\"inLanguage\":\"pt-BR\"},{\"@type\":\"Organization\",\"@id\":\"https:\/\/noticiaempauta.com\/portal\/#organization\",\"name\":\"Portal Not\u00edcia em Pauta\",\"url\":\"https:\/\/noticiaempauta.com\/portal\/\",\"logo\":{\"@type\":\"ImageObject\",\"inLanguage\":\"pt-BR\",\"@id\":\"https:\/\/noticiaempauta.com\/portal\/#\/schema\/logo\/image\/\",\"url\":\"https:\/\/noticiaempauta.com\/portal\/wp-content\/uploads\/2022\/08\/logomarca_tema.fw_.png\",\"contentUrl\":\"https:\/\/noticiaempauta.com\/portal\/wp-content\/uploads\/2022\/08\/logomarca_tema.fw_.png\",\"width\":400,\"height\":232,\"caption\":\"Portal Not\u00edcia em Pauta\"},\"image\":{\"@id\":\"https:\/\/noticiaempauta.com\/portal\/#\/schema\/logo\/image\/\"},\"sameAs\":[\"https:\/\/www.facebook.com\/Portal-Notcia-Em-Pauta-102292869264820\/\",\"https:\/\/www.instagram.com\/portalnoticiaempauta\/\"]},{\"@type\":\"Person\",\"@id\":\"https:\/\/noticiaempauta.com\/portal\/#\/schema\/person\/a74af43dd1ab3deca45f988c717d57ac\",\"name\":\"Reda\u00e7\u00e3o\",\"image\":{\"@type\":\"ImageObject\",\"inLanguage\":\"pt-BR\",\"@id\":\"https:\/\/noticiaempauta.com\/portal\/#\/schema\/person\/image\/\",\"url\":\"https:\/\/secure.gravatar.com\/avatar\/03179346ecce6cdfc13361603e8f54242a90e5cde8618fa23c5c00aa2b0aadf3?s=96&d=mm&r=g\",\"contentUrl\":\"https:\/\/secure.gravatar.com\/avatar\/03179346ecce6cdfc13361603e8f54242a90e5cde8618fa23c5c00aa2b0aadf3?s=96&d=mm&r=g\",\"caption\":\"Reda\u00e7\u00e3o\"},\"sameAs\":[\"https:\/\/noticiaempauta.com\/portal\/\"],\"url\":\"https:\/\/noticiaempauta.com\/portal\/author\/fernando\/\"}]}<\/script>\n<!-- \/ Yoast SEO Premium plugin. -->","yoast_head_json":{"title":"Casal e dois filhos morrem carbonizados em colis\u00e3o entre carro e carreta na BR-343 - Portal Not\u00edcia em Pauta","robots":{"index":"index","follow":"follow","max-snippet":"max-snippet:-1","max-image-preview":"max-image-preview:large","max-video-preview":"max-video-preview:-1"},"canonical":"https:\/\/noticiaempauta.com\/portal\/casal-e-dois-filhos-morrem-carbonizados-em-colisao-entre-carro-e-carreta-na-br-343\/","og_locale":"pt_BR","og_type":"article","og_title":"Casal e dois filhos morrem carbonizados em colis\u00e3o entre carro e carreta na BR-343","og_description":"Quatro pessoas, entre elas duas crian\u00e7as, morreram carbonizadas ap\u00f3s uma colis\u00e3o entre um carro de passeio e uma carreta bitrem na manh\u00e3 desta quarta-feira (20), que deixou o carro totalmente destru\u00eddo e incendiado no km 466 da BR-343, no munic\u00edpio de Angical (a 129 km de Teresina).&nbsp;A informa\u00e7\u00e3o foi confirmada pelo Cabo Mauro, da Pol\u00edcia [&hellip;]","og_url":"https:\/\/noticiaempauta.com\/portal\/casal-e-dois-filhos-morrem-carbonizados-em-colisao-entre-carro-e-carreta-na-br-343\/","og_site_name":"Portal Not\u00edcia em Pauta","article_publisher":"https:\/\/www.facebook.com\/Portal-Notcia-Em-Pauta-102292869264820\/","article_published_time":"2024-11-21T12:08:06+00:00","article_modified_time":"2024-11-21T12:08:08+00:00","og_image":[{"width":828,"height":591,"url":"https:\/\/noticiaempauta.com\/portal\/wp-content\/uploads\/2024\/11\/6678771cf6947c53de63690bbc3dfbac.jpeg","type":"image\/jpeg"}],"author":"Reda\u00e7\u00e3o","twitter_card":"summary_large_image","twitter_misc":{"Escrito por":"Reda\u00e7\u00e3o","Est. tempo de leitura":"3 minutos"},"schema":{"@context":"https:\/\/schema.org","@graph":[{"@type":"Article","@id":"https:\/\/noticiaempauta.com\/portal\/casal-e-dois-filhos-morrem-carbonizados-em-colisao-entre-carro-e-carreta-na-br-343\/#article","isPartOf":{"@id":"https:\/\/noticiaempauta.com\/portal\/casal-e-dois-filhos-morrem-carbonizados-em-colisao-entre-carro-e-carreta-na-br-343\/"},"author":{"name":"Reda\u00e7\u00e3o","@id":"https:\/\/noticiaempauta.com\/portal\/#\/schema\/person\/a74af43dd1ab3deca45f988c717d57ac"},"headline":"Casal e dois filhos morrem carbonizados em colis\u00e3o entre carro e carreta na BR-343","datePublished":"2024-11-21T12:08:06+00:00","dateModified":"2024-11-21T12:08:08+00:00","mainEntityOfPage":{"@id":"https:\/\/noticiaempauta.com\/portal\/casal-e-dois-filhos-morrem-carbonizados-em-colisao-entre-carro-e-carreta-na-br-343\/"},"wordCount":246,"commentCount":0,"publisher":{"@id":"https:\/\/noticiaempauta.com\/portal\/#organization"},"image":{"@id":"https:\/\/noticiaempauta.com\/portal\/casal-e-dois-filhos-morrem-carbonizados-em-colisao-entre-carro-e-carreta-na-br-343\/#primaryimage"},"thumbnailUrl":"https:\/\/noticiaempauta.com\/portal\/wp-content\/uploads\/2024\/11\/6678771cf6947c53de63690bbc3dfbac.jpeg","keywords":["destaqueprincipal"],"articleSection":["Destaques","Geral","Todas as Not\u00edcias"],"inLanguage":"pt-BR","potentialAction":[{"@type":"CommentAction","name":"Comment","target":["https:\/\/noticiaempauta.com\/portal\/casal-e-dois-filhos-morrem-carbonizados-em-colisao-entre-carro-e-carreta-na-br-343\/#respond"]}]},{"@type":"WebPage","@id":"https:\/\/noticiaempauta.com\/portal\/casal-e-dois-filhos-morrem-carbonizados-em-colisao-entre-carro-e-carreta-na-br-343\/","url":"https:\/\/noticiaempauta.com\/portal\/casal-e-dois-filhos-morrem-carbonizados-em-colisao-entre-carro-e-carreta-na-br-343\/","name":"Casal e dois filhos morrem carbonizados em colis\u00e3o entre carro e carreta na BR-343 - Portal Not\u00edcia em Pauta","isPartOf":{"@id":"https:\/\/noticiaempauta.com\/portal\/#website"},"primaryImageOfPage":{"@id":"https:\/\/noticiaempauta.com\/portal\/casal-e-dois-filhos-morrem-carbonizados-em-colisao-entre-carro-e-carreta-na-br-343\/#primaryimage"},"image":{"@id":"https:\/\/noticiaempauta.com\/portal\/casal-e-dois-filhos-morrem-carbonizados-em-colisao-entre-carro-e-carreta-na-br-343\/#primaryimage"},"thumbnailUrl":"https:\/\/noticiaempauta.com\/portal\/wp-content\/uploads\/2024\/11\/6678771cf6947c53de63690bbc3dfbac.jpeg","datePublished":"2024-11-21T12:08:06+00:00","dateModified":"2024-11-21T12:08:08+00:00","breadcrumb":{"@id":"https:\/\/noticiaempauta.com\/portal\/casal-e-dois-filhos-morrem-carbonizados-em-colisao-entre-carro-e-carreta-na-br-343\/#breadcrumb"},"inLanguage":"pt-BR","potentialAction":[{"@type":"ReadAction","target":["https:\/\/noticiaempauta.com\/portal\/casal-e-dois-filhos-morrem-carbonizados-em-colisao-entre-carro-e-carreta-na-br-343\/"]}]},{"@type":"ImageObject","inLanguage":"pt-BR","@id":"https:\/\/noticiaempauta.com\/portal\/casal-e-dois-filhos-morrem-carbonizados-em-colisao-entre-carro-e-carreta-na-br-343\/#primaryimage","url":"https:\/\/noticiaempauta.com\/portal\/wp-content\/uploads\/2024\/11\/6678771cf6947c53de63690bbc3dfbac.jpeg","contentUrl":"https:\/\/noticiaempauta.com\/portal\/wp-content\/uploads\/2024\/11\/6678771cf6947c53de63690bbc3dfbac.jpeg","width":828,"height":591},{"@type":"BreadcrumbList","@id":"https:\/\/noticiaempauta.com\/portal\/casal-e-dois-filhos-morrem-carbonizados-em-colisao-entre-carro-e-carreta-na-br-343\/#breadcrumb","itemListElement":[{"@type":"ListItem","position":1,"name":"P\u00e1gina Inicial","item":"https:\/\/noticiaempauta.com\/portal\/"},{"@type":"ListItem","position":2,"name":"Destaques","item":"https:\/\/noticiaempauta.com\/portal\/destaques-site\/"},{"@type":"ListItem","position":3,"name":"Casal e dois filhos morrem carbonizados em colis\u00e3o entre carro e carreta na BR-343"}]},{"@type":"WebSite","@id":"https:\/\/noticiaempauta.com\/portal\/#website","url":"https:\/\/noticiaempauta.com\/portal\/","name":"Portal Not\u00edcia em Pauta","description":"Voc\u00ea bem informado","publisher":{"@id":"https:\/\/noticiaempauta.com\/portal\/#organization"},"potentialAction":[{"@type":"SearchAction","target":{"@type":"EntryPoint","urlTemplate":"https:\/\/noticiaempauta.com\/portal\/?s={search_term_string}"},"query-input":{"@type":"PropertyValueSpecification","valueRequired":true,"valueName":"search_term_string"}}],"inLanguage":"pt-BR"},{"@type":"Organization","@id":"https:\/\/noticiaempauta.com\/portal\/#organization","name":"Portal Not\u00edcia em Pauta","url":"https:\/\/noticiaempauta.com\/portal\/","logo":{"@type":"ImageObject","inLanguage":"pt-BR","@id":"https:\/\/noticiaempauta.com\/portal\/#\/schema\/logo\/image\/","url":"https:\/\/noticiaempauta.com\/portal\/wp-content\/uploads\/2022\/08\/logomarca_tema.fw_.png","contentUrl":"https:\/\/noticiaempauta.com\/portal\/wp-content\/uploads\/2022\/08\/logomarca_tema.fw_.png","width":400,"height":232,"caption":"Portal Not\u00edcia em Pauta"},"image":{"@id":"https:\/\/noticiaempauta.com\/portal\/#\/schema\/logo\/image\/"},"sameAs":["https:\/\/www.facebook.com\/Portal-Notcia-Em-Pauta-102292869264820\/","https:\/\/www.instagram.com\/portalnoticiaempauta\/"]},{"@type":"Person","@id":"https:\/\/noticiaempauta.com\/portal\/#\/schema\/person\/a74af43dd1ab3deca45f988c717d57ac","name":"Reda\u00e7\u00e3o","image":{"@type":"ImageObject","inLanguage":"pt-BR","@id":"https:\/\/noticiaempauta.com\/portal\/#\/schema\/person\/image\/","url":"https:\/\/secure.gravatar.com\/avatar\/03179346ecce6cdfc13361603e8f54242a90e5cde8618fa23c5c00aa2b0aadf3?s=96&d=mm&r=g","contentUrl":"https:\/\/secure.gravatar.com\/avatar\/03179346ecce6cdfc13361603e8f54242a90e5cde8618fa23c5c00aa2b0aadf3?s=96&d=mm&r=g","caption":"Reda\u00e7\u00e3o"},"sameAs":["https:\/\/noticiaempauta.com\/portal\/"],"url":"https:\/\/noticiaempauta.com\/portal\/author\/fernando\/"}]}},"_links":{"self":[{"href":"https:\/\/noticiaempauta.com\/portal\/wp-json\/wp\/v2\/posts\/264200","targetHints":{"allow":["GET"]}}],"collection":[{"href":"https:\/\/noticiaempauta.com\/portal\/wp-json\/wp\/v2\/posts"}],"about":[{"href":"https:\/\/noticiaempauta.com\/portal\/wp-json\/wp\/v2\/types\/post"}],"author":[{"embeddable":true,"href":"https:\/\/noticiaempauta.com\/portal\/wp-json\/wp\/v2\/users\/2"}],"replies":[{"embeddable":true,"href":"https:\/\/noticiaempauta.com\/portal\/wp-json\/wp\/v2\/comments?post=264200"}],"version-history":[{"count":2,"href":"https:\/\/noticiaempauta.com\/portal\/wp-json\/wp\/v2\/posts\/264200\/revisions"}],"predecessor-version":[{"id":264206,"href":"https:\/\/noticiaempauta.com\/portal\/wp-json\/wp\/v2\/posts\/264200\/revisions\/264206"}],"wp:featuredmedia":[{"embeddable":true,"href":"https:\/\/noticiaempauta.com\/portal\/wp-json\/wp\/v2\/media\/264202"}],"wp:attachment":[{"href":"https:\/\/noticiaempauta.com\/portal\/wp-json\/wp\/v2\/media?parent=264200"}],"wp:term":[{"taxonomy":"category","embeddable":true,"href":"https:\/\/noticiaempauta.com\/portal\/wp-json\/wp\/v2\/categories?post=264200"},{"taxonomy":"post_tag","embeddable":true,"href":"https:\/\/noticiaempauta.com\/portal\/wp-json\/wp\/v2\/tags?post=264200"}],"curies":[{"name":"wp","href":"https:\/\/api.w.org\/{rel}","templated":true}]}}