{"id":264355,"date":"2024-11-23T09:13:24","date_gmt":"2024-11-23T12:13:24","guid":{"rendered":"https:\/\/noticiaempauta.com\/portal\/?p=264355"},"modified":"2024-11-23T09:15:30","modified_gmt":"2024-11-23T12:15:30","slug":"renovacao-de-matriculas-para-o-ano-letivo-de-2025-das-escolas-estaduais-iniciam-na-segunda-25","status":"publish","type":"post","link":"https:\/\/noticiaempauta.com\/portal\/renovacao-de-matriculas-para-o-ano-letivo-de-2025-das-escolas-estaduais-iniciam-na-segunda-25\/","title":{"rendered":"Renova\u00e7\u00e3o de matr\u00edculas para o ano letivo de 2025 das escolas estaduais iniciam na segunda (25)"},"content":{"rendered":"\n<p>A renova\u00e7\u00e3o de matr\u00edculas para o ano letivo de 2025 na rede p\u00fablica de ensino do Piau\u00ed ter\u00e1 in\u00edcio na pr\u00f3xima segunda-feira (25), e se estender\u00e1 at\u00e9 o dia 6 de dezembro. A informa\u00e7\u00e3o foi divulgada pelo governador Rafael Fonteles e pelo secret\u00e1rio da Educa\u00e7\u00e3o, Washington Bandeira, nesta sexta-feira (22).<\/p>\n\n\n\n<figure class=\"wp-block-image size-full\"><img fetchpriority=\"high\" decoding=\"async\" width=\"1000\" height=\"667\" src=\"https:\/\/noticiaempauta.com\/portal\/wp-content\/uploads\/2024\/10\/large_sala_de_aula_climatizada_63da5dbcae.jpeg\" alt=\"\" class=\"wp-image-262758\" srcset=\"https:\/\/noticiaempauta.com\/portal\/wp-content\/uploads\/2024\/10\/large_sala_de_aula_climatizada_63da5dbcae.jpeg 1000w, https:\/\/noticiaempauta.com\/portal\/wp-content\/uploads\/2024\/10\/large_sala_de_aula_climatizada_63da5dbcae-300x200.jpeg 300w, https:\/\/noticiaempauta.com\/portal\/wp-content\/uploads\/2024\/10\/large_sala_de_aula_climatizada_63da5dbcae-768x512.jpeg 768w\" sizes=\"(max-width: 1000px) 100vw, 1000px\" \/><\/figure>\n\n\n\n<p>O per\u00edodo de remanejamento e transfer\u00eancia de alunos ocorrer\u00e1 de 2 a 6 de dezembro, enquanto as matr\u00edculas para novos estudantes que desejam ingressar nas escolas da rede estadual poder\u00e3o ser realizadas entre 9 e 30 de dezembro.<\/p>\n\n\n\n<p>As matr\u00edculas ser\u00e3o realizadas de forma online, por meio do site da Seduc (<a target=\"_blank\" rel=\"noreferrer noopener\" href=\"https:\/\/www.seduc.pi.gov.br\/matricula\">www.seduc.pi.gov.br\/matricula<\/a>), do portal Gov.pi Cidad\u00e3o (<a target=\"_blank\" rel=\"noreferrer noopener\" href=\"https:\/\/pidigital.pi.gov.br\/\">https:\/\/pidigital.pi.gov.br\/<\/a>) ou do aplicativo dispon\u00edvel para dispositivos iOS e Android.<\/p>\n\n\n\n<p>\u201cO objetivo \u00e9 tornar o processo de matr\u00edcula mais \u00e1gil e acess\u00edvel. Os alunos poder\u00e3o realizar sua matr\u00edcula sem sair de casa. Para aqueles que n\u00e3o t\u00eam acesso \u00e0 internet, ser\u00e1 poss\u00edvel realizar a matr\u00edcula diretamente nas escolas. O processo ser\u00e1 r\u00e1pido, f\u00e1cil e seguro\u201d, explicou o governador Rafael Fonteles.<\/p>\n\n\n\n<figure class=\"wp-block-image size-full\"><img decoding=\"async\" width=\"1000\" height=\"666\" src=\"https:\/\/noticiaempauta.com\/portal\/wp-content\/uploads\/2024\/11\/IMG_6683.jpeg\" alt=\"\" class=\"wp-image-264356\" srcset=\"https:\/\/noticiaempauta.com\/portal\/wp-content\/uploads\/2024\/11\/IMG_6683.jpeg 1000w, https:\/\/noticiaempauta.com\/portal\/wp-content\/uploads\/2024\/11\/IMG_6683-300x200.jpeg 300w, https:\/\/noticiaempauta.com\/portal\/wp-content\/uploads\/2024\/11\/IMG_6683-768x511.jpeg 768w\" sizes=\"(max-width: 1000px) 100vw, 1000px\" \/><\/figure>\n\n\n\n<p>O secret\u00e1rio Washington Bandeira confirmou, tamb\u00e9m, que, em 2025, todas as escolas da rede estadual funcionar\u00e3o em tempo integral, incluindo uma s\u00e9rie de cursos t\u00e9cnicos, como Desenvolvimento de Sistemas (Intelig\u00eancia Artificial), Programa\u00e7\u00e3o de Jogos, Energias Renov\u00e1veis, Cinema, Turismo e Empreendedorismo, entre outros.<\/p>\n\n\n\n<p>\u201cConvido os estudantes que ainda n\u00e3o fazem parte da nossa rede estadual de ensino a se matricularem em nossas escolas. Para os que j\u00e1 s\u00e3o matriculados, \u00e9 importante lembrar que o per\u00edodo de renova\u00e7\u00e3o come\u00e7a na pr\u00f3xima semana. Estamos preparando um ano letivo especial, com a universaliza\u00e7\u00e3o do ensino em tempo integral e a oferta de mais cursos t\u00e9cnicos em diversas \u00e1reas\u201d, destacou o secret\u00e1rio Washington Bandeira.<\/p>\n\n\n\n<p><strong>Processo seletivo ITA\/IME<\/strong><\/p>\n\n\n\n<p>Os gestores anunciaram, ainda, a realiza\u00e7\u00e3o de um processo seletivo para forma\u00e7\u00e3o de uma nova turma composta por 80 alunos da rede estadual de ensino que desejam concorrer a uma vaga nos vestibulares do Instituto Tecnol\u00f3gico de Aeron\u00e1utica (ITA) e do Instituto Militar de Engenharia (IME). As inscri\u00e7\u00f5es iniciam, nesta sexta (22) e seguem at\u00e9 a pr\u00f3xima quarta-feira (27).<\/p>\n\n\n\n<p>Acesse&nbsp;<a target=\"_blank\" rel=\"noreferrer noopener\" href=\"https:\/\/checklistescolar.mobieduca.me\/pesquisa\/ita24\"><strong>aqui<\/strong><\/a>&nbsp;a ficha de inscri\u00e7\u00e3o para a avalia\u00e7\u00e3o ITA\/IME.&nbsp;<\/p>\n\n\n\n<p>Iniciado em fevereiro deste ano, o projeto, pioneiro no Brasil, tem como objetivo capacitar os alunos, durante os tr\u00eas anos do ensino m\u00e9dio, tendo como foco o ensino de matem\u00e1tica, qu\u00edmica e f\u00edsica.<\/p>\n\n\n\n<p>Para a sele\u00e7\u00e3o da nova turma, haver\u00e1 dois modelos de ingresso: 40 alunos ser\u00e3o classificados com base no desempenho em uma prova de matem\u00e1tica e portugu\u00eas, enquanto os outros 40 ser\u00e3o escolhidos com base nas medalhas e resultados obtidos em olimp\u00edadas cient\u00edficas.<\/p>\n\n\n\n<p>CCOM-PI<\/p>\n","protected":false},"excerpt":{"rendered":"<p>A renova\u00e7\u00e3o de matr\u00edculas para o ano letivo de 2025 na rede p\u00fablica de ensino do Piau\u00ed ter\u00e1 in\u00edcio na pr\u00f3xima segunda-feira (25), e se estender\u00e1 at\u00e9 o dia 6 de dezembro. A informa\u00e7\u00e3o foi divulgada pelo governador Rafael Fonteles e pelo secret\u00e1rio da Educa\u00e7\u00e3o, Washington Bandeira, nesta sexta-feira (22). O per\u00edodo de remanejamento e [&hellip;]<\/p>\n","protected":false},"author":2,"featured_media":249878,"comment_status":"open","ping_status":"open","sticky":false,"template":"","format":"standard","meta":{"_mi_skip_tracking":false,"footnotes":""},"categories":[25,1,16],"tags":[192],"class_list":["post-264355","post","type-post","status-publish","format-standard","has-post-thumbnail","hentry","category-destaques-site","category-geral","category-todas","tag-destaqueprincipal"],"acf":[],"yoast_head":"<!-- This site is optimized with the Yoast SEO Premium plugin v19.2 (Yoast SEO v26.9) - https:\/\/yoast.com\/product\/yoast-seo-premium-wordpress\/ -->\n<title>Renova\u00e7\u00e3o de matr\u00edculas para o ano letivo de 2025 das escolas estaduais iniciam na segunda (25) - Portal Not\u00edcia em Pauta<\/title>\n<meta name=\"robots\" content=\"index, follow, max-snippet:-1, max-image-preview:large, max-video-preview:-1\" \/>\n<link rel=\"canonical\" href=\"https:\/\/noticiaempauta.com\/portal\/renovacao-de-matriculas-para-o-ano-letivo-de-2025-das-escolas-estaduais-iniciam-na-segunda-25\/\" \/>\n<meta property=\"og:locale\" content=\"pt_BR\" \/>\n<meta property=\"og:type\" content=\"article\" \/>\n<meta property=\"og:title\" content=\"Renova\u00e7\u00e3o de matr\u00edculas para o ano letivo de 2025 das escolas estaduais iniciam na segunda (25)\" \/>\n<meta property=\"og:description\" content=\"A renova\u00e7\u00e3o de matr\u00edculas para o ano letivo de 2025 na rede p\u00fablica de ensino do Piau\u00ed ter\u00e1 in\u00edcio na pr\u00f3xima segunda-feira (25), e se estender\u00e1 at\u00e9 o dia 6 de dezembro. A informa\u00e7\u00e3o foi divulgada pelo governador Rafael Fonteles e pelo secret\u00e1rio da Educa\u00e7\u00e3o, Washington Bandeira, nesta sexta-feira (22). O per\u00edodo de remanejamento e [&hellip;]\" \/>\n<meta property=\"og:url\" content=\"https:\/\/noticiaempauta.com\/portal\/renovacao-de-matriculas-para-o-ano-letivo-de-2025-das-escolas-estaduais-iniciam-na-segunda-25\/\" \/>\n<meta property=\"og:site_name\" content=\"Portal Not\u00edcia em Pauta\" \/>\n<meta property=\"article:publisher\" content=\"https:\/\/www.facebook.com\/Portal-Notcia-Em-Pauta-102292869264820\/\" \/>\n<meta property=\"article:published_time\" content=\"2024-11-23T12:13:24+00:00\" \/>\n<meta property=\"article:modified_time\" content=\"2024-11-23T12:15:30+00:00\" \/>\n<meta property=\"og:image\" content=\"https:\/\/noticiaempauta.com\/portal\/wp-content\/uploads\/2023\/09\/16tSpeRVwSVuo15qCQ2WNUBpZsAxpYA2qRyQEEcG.webp\" \/>\n\t<meta property=\"og:image:width\" content=\"800\" \/>\n\t<meta property=\"og:image:height\" content=\"533\" \/>\n\t<meta property=\"og:image:type\" content=\"image\/webp\" \/>\n<meta name=\"author\" content=\"Reda\u00e7\u00e3o\" \/>\n<meta name=\"twitter:card\" content=\"summary_large_image\" \/>\n<meta name=\"twitter:label1\" content=\"Escrito por\" \/>\n\t<meta name=\"twitter:data1\" content=\"Reda\u00e7\u00e3o\" \/>\n\t<meta name=\"twitter:label2\" content=\"Est. tempo de leitura\" \/>\n\t<meta name=\"twitter:data2\" content=\"3 minutos\" \/>\n<script type=\"application\/ld+json\" class=\"yoast-schema-graph\">{\"@context\":\"https:\/\/schema.org\",\"@graph\":[{\"@type\":\"Article\",\"@id\":\"https:\/\/noticiaempauta.com\/portal\/renovacao-de-matriculas-para-o-ano-letivo-de-2025-das-escolas-estaduais-iniciam-na-segunda-25\/#article\",\"isPartOf\":{\"@id\":\"https:\/\/noticiaempauta.com\/portal\/renovacao-de-matriculas-para-o-ano-letivo-de-2025-das-escolas-estaduais-iniciam-na-segunda-25\/\"},\"author\":{\"name\":\"Reda\u00e7\u00e3o\",\"@id\":\"https:\/\/noticiaempauta.com\/portal\/#\/schema\/person\/a74af43dd1ab3deca45f988c717d57ac\"},\"headline\":\"Renova\u00e7\u00e3o de matr\u00edculas para o ano letivo de 2025 das escolas estaduais iniciam na segunda (25)\",\"datePublished\":\"2024-11-23T12:13:24+00:00\",\"dateModified\":\"2024-11-23T12:15:30+00:00\",\"mainEntityOfPage\":{\"@id\":\"https:\/\/noticiaempauta.com\/portal\/renovacao-de-matriculas-para-o-ano-letivo-de-2025-das-escolas-estaduais-iniciam-na-segunda-25\/\"},\"wordCount\":500,\"commentCount\":0,\"publisher\":{\"@id\":\"https:\/\/noticiaempauta.com\/portal\/#organization\"},\"image\":{\"@id\":\"https:\/\/noticiaempauta.com\/portal\/renovacao-de-matriculas-para-o-ano-letivo-de-2025-das-escolas-estaduais-iniciam-na-segunda-25\/#primaryimage\"},\"thumbnailUrl\":\"https:\/\/noticiaempauta.com\/portal\/wp-content\/uploads\/2023\/09\/16tSpeRVwSVuo15qCQ2WNUBpZsAxpYA2qRyQEEcG.webp\",\"keywords\":[\"destaqueprincipal\"],\"articleSection\":[\"Destaques\",\"Geral\",\"Todas as Not\u00edcias\"],\"inLanguage\":\"pt-BR\",\"potentialAction\":[{\"@type\":\"CommentAction\",\"name\":\"Comment\",\"target\":[\"https:\/\/noticiaempauta.com\/portal\/renovacao-de-matriculas-para-o-ano-letivo-de-2025-das-escolas-estaduais-iniciam-na-segunda-25\/#respond\"]}]},{\"@type\":\"WebPage\",\"@id\":\"https:\/\/noticiaempauta.com\/portal\/renovacao-de-matriculas-para-o-ano-letivo-de-2025-das-escolas-estaduais-iniciam-na-segunda-25\/\",\"url\":\"https:\/\/noticiaempauta.com\/portal\/renovacao-de-matriculas-para-o-ano-letivo-de-2025-das-escolas-estaduais-iniciam-na-segunda-25\/\",\"name\":\"Renova\u00e7\u00e3o de matr\u00edculas para o ano letivo de 2025 das escolas estaduais iniciam na segunda (25) - Portal Not\u00edcia em Pauta\",\"isPartOf\":{\"@id\":\"https:\/\/noticiaempauta.com\/portal\/#website\"},\"primaryImageOfPage\":{\"@id\":\"https:\/\/noticiaempauta.com\/portal\/renovacao-de-matriculas-para-o-ano-letivo-de-2025-das-escolas-estaduais-iniciam-na-segunda-25\/#primaryimage\"},\"image\":{\"@id\":\"https:\/\/noticiaempauta.com\/portal\/renovacao-de-matriculas-para-o-ano-letivo-de-2025-das-escolas-estaduais-iniciam-na-segunda-25\/#primaryimage\"},\"thumbnailUrl\":\"https:\/\/noticiaempauta.com\/portal\/wp-content\/uploads\/2023\/09\/16tSpeRVwSVuo15qCQ2WNUBpZsAxpYA2qRyQEEcG.webp\",\"datePublished\":\"2024-11-23T12:13:24+00:00\",\"dateModified\":\"2024-11-23T12:15:30+00:00\",\"breadcrumb\":{\"@id\":\"https:\/\/noticiaempauta.com\/portal\/renovacao-de-matriculas-para-o-ano-letivo-de-2025-das-escolas-estaduais-iniciam-na-segunda-25\/#breadcrumb\"},\"inLanguage\":\"pt-BR\",\"potentialAction\":[{\"@type\":\"ReadAction\",\"target\":[\"https:\/\/noticiaempauta.com\/portal\/renovacao-de-matriculas-para-o-ano-letivo-de-2025-das-escolas-estaduais-iniciam-na-segunda-25\/\"]}]},{\"@type\":\"ImageObject\",\"inLanguage\":\"pt-BR\",\"@id\":\"https:\/\/noticiaempauta.com\/portal\/renovacao-de-matriculas-para-o-ano-letivo-de-2025-das-escolas-estaduais-iniciam-na-segunda-25\/#primaryimage\",\"url\":\"https:\/\/noticiaempauta.com\/portal\/wp-content\/uploads\/2023\/09\/16tSpeRVwSVuo15qCQ2WNUBpZsAxpYA2qRyQEEcG.webp\",\"contentUrl\":\"https:\/\/noticiaempauta.com\/portal\/wp-content\/uploads\/2023\/09\/16tSpeRVwSVuo15qCQ2WNUBpZsAxpYA2qRyQEEcG.webp\",\"width\":800,\"height\":533,\"caption\":\"Foto: Reprodu\u00e7\u00e3o\/Seduc\"},{\"@type\":\"BreadcrumbList\",\"@id\":\"https:\/\/noticiaempauta.com\/portal\/renovacao-de-matriculas-para-o-ano-letivo-de-2025-das-escolas-estaduais-iniciam-na-segunda-25\/#breadcrumb\",\"itemListElement\":[{\"@type\":\"ListItem\",\"position\":1,\"name\":\"P\u00e1gina Inicial\",\"item\":\"https:\/\/noticiaempauta.com\/portal\/\"},{\"@type\":\"ListItem\",\"position\":2,\"name\":\"Destaques\",\"item\":\"https:\/\/noticiaempauta.com\/portal\/destaques-site\/\"},{\"@type\":\"ListItem\",\"position\":3,\"name\":\"Renova\u00e7\u00e3o de matr\u00edculas para o ano letivo de 2025 das escolas estaduais iniciam na segunda (25)\"}]},{\"@type\":\"WebSite\",\"@id\":\"https:\/\/noticiaempauta.com\/portal\/#website\",\"url\":\"https:\/\/noticiaempauta.com\/portal\/\",\"name\":\"Portal Not\u00edcia em Pauta\",\"description\":\"Voc\u00ea bem informado\",\"publisher\":{\"@id\":\"https:\/\/noticiaempauta.com\/portal\/#organization\"},\"potentialAction\":[{\"@type\":\"SearchAction\",\"target\":{\"@type\":\"EntryPoint\",\"urlTemplate\":\"https:\/\/noticiaempauta.com\/portal\/?s={search_term_string}\"},\"query-input\":{\"@type\":\"PropertyValueSpecification\",\"valueRequired\":true,\"valueName\":\"search_term_string\"}}],\"inLanguage\":\"pt-BR\"},{\"@type\":\"Organization\",\"@id\":\"https:\/\/noticiaempauta.com\/portal\/#organization\",\"name\":\"Portal Not\u00edcia em Pauta\",\"url\":\"https:\/\/noticiaempauta.com\/portal\/\",\"logo\":{\"@type\":\"ImageObject\",\"inLanguage\":\"pt-BR\",\"@id\":\"https:\/\/noticiaempauta.com\/portal\/#\/schema\/logo\/image\/\",\"url\":\"https:\/\/noticiaempauta.com\/portal\/wp-content\/uploads\/2022\/08\/logomarca_tema.fw_.png\",\"contentUrl\":\"https:\/\/noticiaempauta.com\/portal\/wp-content\/uploads\/2022\/08\/logomarca_tema.fw_.png\",\"width\":400,\"height\":232,\"caption\":\"Portal Not\u00edcia em Pauta\"},\"image\":{\"@id\":\"https:\/\/noticiaempauta.com\/portal\/#\/schema\/logo\/image\/\"},\"sameAs\":[\"https:\/\/www.facebook.com\/Portal-Notcia-Em-Pauta-102292869264820\/\",\"https:\/\/www.instagram.com\/portalnoticiaempauta\/\"]},{\"@type\":\"Person\",\"@id\":\"https:\/\/noticiaempauta.com\/portal\/#\/schema\/person\/a74af43dd1ab3deca45f988c717d57ac\",\"name\":\"Reda\u00e7\u00e3o\",\"image\":{\"@type\":\"ImageObject\",\"inLanguage\":\"pt-BR\",\"@id\":\"https:\/\/noticiaempauta.com\/portal\/#\/schema\/person\/image\/\",\"url\":\"https:\/\/secure.gravatar.com\/avatar\/03179346ecce6cdfc13361603e8f54242a90e5cde8618fa23c5c00aa2b0aadf3?s=96&d=mm&r=g\",\"contentUrl\":\"https:\/\/secure.gravatar.com\/avatar\/03179346ecce6cdfc13361603e8f54242a90e5cde8618fa23c5c00aa2b0aadf3?s=96&d=mm&r=g\",\"caption\":\"Reda\u00e7\u00e3o\"},\"sameAs\":[\"https:\/\/noticiaempauta.com\/portal\/\"],\"url\":\"https:\/\/noticiaempauta.com\/portal\/author\/fernando\/\"}]}<\/script>\n<!-- \/ Yoast SEO Premium plugin. -->","yoast_head_json":{"title":"Renova\u00e7\u00e3o de matr\u00edculas para o ano letivo de 2025 das escolas estaduais iniciam na segunda (25) - Portal Not\u00edcia em Pauta","robots":{"index":"index","follow":"follow","max-snippet":"max-snippet:-1","max-image-preview":"max-image-preview:large","max-video-preview":"max-video-preview:-1"},"canonical":"https:\/\/noticiaempauta.com\/portal\/renovacao-de-matriculas-para-o-ano-letivo-de-2025-das-escolas-estaduais-iniciam-na-segunda-25\/","og_locale":"pt_BR","og_type":"article","og_title":"Renova\u00e7\u00e3o de matr\u00edculas para o ano letivo de 2025 das escolas estaduais iniciam na segunda (25)","og_description":"A renova\u00e7\u00e3o de matr\u00edculas para o ano letivo de 2025 na rede p\u00fablica de ensino do Piau\u00ed ter\u00e1 in\u00edcio na pr\u00f3xima segunda-feira (25), e se estender\u00e1 at\u00e9 o dia 6 de dezembro. A informa\u00e7\u00e3o foi divulgada pelo governador Rafael Fonteles e pelo secret\u00e1rio da Educa\u00e7\u00e3o, Washington Bandeira, nesta sexta-feira (22). O per\u00edodo de remanejamento e [&hellip;]","og_url":"https:\/\/noticiaempauta.com\/portal\/renovacao-de-matriculas-para-o-ano-letivo-de-2025-das-escolas-estaduais-iniciam-na-segunda-25\/","og_site_name":"Portal Not\u00edcia em Pauta","article_publisher":"https:\/\/www.facebook.com\/Portal-Notcia-Em-Pauta-102292869264820\/","article_published_time":"2024-11-23T12:13:24+00:00","article_modified_time":"2024-11-23T12:15:30+00:00","og_image":[{"width":800,"height":533,"url":"https:\/\/noticiaempauta.com\/portal\/wp-content\/uploads\/2023\/09\/16tSpeRVwSVuo15qCQ2WNUBpZsAxpYA2qRyQEEcG.webp","type":"image\/webp"}],"author":"Reda\u00e7\u00e3o","twitter_card":"summary_large_image","twitter_misc":{"Escrito por":"Reda\u00e7\u00e3o","Est. tempo de leitura":"3 minutos"},"schema":{"@context":"https:\/\/schema.org","@graph":[{"@type":"Article","@id":"https:\/\/noticiaempauta.com\/portal\/renovacao-de-matriculas-para-o-ano-letivo-de-2025-das-escolas-estaduais-iniciam-na-segunda-25\/#article","isPartOf":{"@id":"https:\/\/noticiaempauta.com\/portal\/renovacao-de-matriculas-para-o-ano-letivo-de-2025-das-escolas-estaduais-iniciam-na-segunda-25\/"},"author":{"name":"Reda\u00e7\u00e3o","@id":"https:\/\/noticiaempauta.com\/portal\/#\/schema\/person\/a74af43dd1ab3deca45f988c717d57ac"},"headline":"Renova\u00e7\u00e3o de matr\u00edculas para o ano letivo de 2025 das escolas estaduais iniciam na segunda (25)","datePublished":"2024-11-23T12:13:24+00:00","dateModified":"2024-11-23T12:15:30+00:00","mainEntityOfPage":{"@id":"https:\/\/noticiaempauta.com\/portal\/renovacao-de-matriculas-para-o-ano-letivo-de-2025-das-escolas-estaduais-iniciam-na-segunda-25\/"},"wordCount":500,"commentCount":0,"publisher":{"@id":"https:\/\/noticiaempauta.com\/portal\/#organization"},"image":{"@id":"https:\/\/noticiaempauta.com\/portal\/renovacao-de-matriculas-para-o-ano-letivo-de-2025-das-escolas-estaduais-iniciam-na-segunda-25\/#primaryimage"},"thumbnailUrl":"https:\/\/noticiaempauta.com\/portal\/wp-content\/uploads\/2023\/09\/16tSpeRVwSVuo15qCQ2WNUBpZsAxpYA2qRyQEEcG.webp","keywords":["destaqueprincipal"],"articleSection":["Destaques","Geral","Todas as Not\u00edcias"],"inLanguage":"pt-BR","potentialAction":[{"@type":"CommentAction","name":"Comment","target":["https:\/\/noticiaempauta.com\/portal\/renovacao-de-matriculas-para-o-ano-letivo-de-2025-das-escolas-estaduais-iniciam-na-segunda-25\/#respond"]}]},{"@type":"WebPage","@id":"https:\/\/noticiaempauta.com\/portal\/renovacao-de-matriculas-para-o-ano-letivo-de-2025-das-escolas-estaduais-iniciam-na-segunda-25\/","url":"https:\/\/noticiaempauta.com\/portal\/renovacao-de-matriculas-para-o-ano-letivo-de-2025-das-escolas-estaduais-iniciam-na-segunda-25\/","name":"Renova\u00e7\u00e3o de matr\u00edculas para o ano letivo de 2025 das escolas estaduais iniciam na segunda (25) - Portal Not\u00edcia em Pauta","isPartOf":{"@id":"https:\/\/noticiaempauta.com\/portal\/#website"},"primaryImageOfPage":{"@id":"https:\/\/noticiaempauta.com\/portal\/renovacao-de-matriculas-para-o-ano-letivo-de-2025-das-escolas-estaduais-iniciam-na-segunda-25\/#primaryimage"},"image":{"@id":"https:\/\/noticiaempauta.com\/portal\/renovacao-de-matriculas-para-o-ano-letivo-de-2025-das-escolas-estaduais-iniciam-na-segunda-25\/#primaryimage"},"thumbnailUrl":"https:\/\/noticiaempauta.com\/portal\/wp-content\/uploads\/2023\/09\/16tSpeRVwSVuo15qCQ2WNUBpZsAxpYA2qRyQEEcG.webp","datePublished":"2024-11-23T12:13:24+00:00","dateModified":"2024-11-23T12:15:30+00:00","breadcrumb":{"@id":"https:\/\/noticiaempauta.com\/portal\/renovacao-de-matriculas-para-o-ano-letivo-de-2025-das-escolas-estaduais-iniciam-na-segunda-25\/#breadcrumb"},"inLanguage":"pt-BR","potentialAction":[{"@type":"ReadAction","target":["https:\/\/noticiaempauta.com\/portal\/renovacao-de-matriculas-para-o-ano-letivo-de-2025-das-escolas-estaduais-iniciam-na-segunda-25\/"]}]},{"@type":"ImageObject","inLanguage":"pt-BR","@id":"https:\/\/noticiaempauta.com\/portal\/renovacao-de-matriculas-para-o-ano-letivo-de-2025-das-escolas-estaduais-iniciam-na-segunda-25\/#primaryimage","url":"https:\/\/noticiaempauta.com\/portal\/wp-content\/uploads\/2023\/09\/16tSpeRVwSVuo15qCQ2WNUBpZsAxpYA2qRyQEEcG.webp","contentUrl":"https:\/\/noticiaempauta.com\/portal\/wp-content\/uploads\/2023\/09\/16tSpeRVwSVuo15qCQ2WNUBpZsAxpYA2qRyQEEcG.webp","width":800,"height":533,"caption":"Foto: Reprodu\u00e7\u00e3o\/Seduc"},{"@type":"BreadcrumbList","@id":"https:\/\/noticiaempauta.com\/portal\/renovacao-de-matriculas-para-o-ano-letivo-de-2025-das-escolas-estaduais-iniciam-na-segunda-25\/#breadcrumb","itemListElement":[{"@type":"ListItem","position":1,"name":"P\u00e1gina Inicial","item":"https:\/\/noticiaempauta.com\/portal\/"},{"@type":"ListItem","position":2,"name":"Destaques","item":"https:\/\/noticiaempauta.com\/portal\/destaques-site\/"},{"@type":"ListItem","position":3,"name":"Renova\u00e7\u00e3o de matr\u00edculas para o ano letivo de 2025 das escolas estaduais iniciam na segunda (25)"}]},{"@type":"WebSite","@id":"https:\/\/noticiaempauta.com\/portal\/#website","url":"https:\/\/noticiaempauta.com\/portal\/","name":"Portal Not\u00edcia em Pauta","description":"Voc\u00ea bem informado","publisher":{"@id":"https:\/\/noticiaempauta.com\/portal\/#organization"},"potentialAction":[{"@type":"SearchAction","target":{"@type":"EntryPoint","urlTemplate":"https:\/\/noticiaempauta.com\/portal\/?s={search_term_string}"},"query-input":{"@type":"PropertyValueSpecification","valueRequired":true,"valueName":"search_term_string"}}],"inLanguage":"pt-BR"},{"@type":"Organization","@id":"https:\/\/noticiaempauta.com\/portal\/#organization","name":"Portal Not\u00edcia em Pauta","url":"https:\/\/noticiaempauta.com\/portal\/","logo":{"@type":"ImageObject","inLanguage":"pt-BR","@id":"https:\/\/noticiaempauta.com\/portal\/#\/schema\/logo\/image\/","url":"https:\/\/noticiaempauta.com\/portal\/wp-content\/uploads\/2022\/08\/logomarca_tema.fw_.png","contentUrl":"https:\/\/noticiaempauta.com\/portal\/wp-content\/uploads\/2022\/08\/logomarca_tema.fw_.png","width":400,"height":232,"caption":"Portal Not\u00edcia em Pauta"},"image":{"@id":"https:\/\/noticiaempauta.com\/portal\/#\/schema\/logo\/image\/"},"sameAs":["https:\/\/www.facebook.com\/Portal-Notcia-Em-Pauta-102292869264820\/","https:\/\/www.instagram.com\/portalnoticiaempauta\/"]},{"@type":"Person","@id":"https:\/\/noticiaempauta.com\/portal\/#\/schema\/person\/a74af43dd1ab3deca45f988c717d57ac","name":"Reda\u00e7\u00e3o","image":{"@type":"ImageObject","inLanguage":"pt-BR","@id":"https:\/\/noticiaempauta.com\/portal\/#\/schema\/person\/image\/","url":"https:\/\/secure.gravatar.com\/avatar\/03179346ecce6cdfc13361603e8f54242a90e5cde8618fa23c5c00aa2b0aadf3?s=96&d=mm&r=g","contentUrl":"https:\/\/secure.gravatar.com\/avatar\/03179346ecce6cdfc13361603e8f54242a90e5cde8618fa23c5c00aa2b0aadf3?s=96&d=mm&r=g","caption":"Reda\u00e7\u00e3o"},"sameAs":["https:\/\/noticiaempauta.com\/portal\/"],"url":"https:\/\/noticiaempauta.com\/portal\/author\/fernando\/"}]}},"_links":{"self":[{"href":"https:\/\/noticiaempauta.com\/portal\/wp-json\/wp\/v2\/posts\/264355","targetHints":{"allow":["GET"]}}],"collection":[{"href":"https:\/\/noticiaempauta.com\/portal\/wp-json\/wp\/v2\/posts"}],"about":[{"href":"https:\/\/noticiaempauta.com\/portal\/wp-json\/wp\/v2\/types\/post"}],"author":[{"embeddable":true,"href":"https:\/\/noticiaempauta.com\/portal\/wp-json\/wp\/v2\/users\/2"}],"replies":[{"embeddable":true,"href":"https:\/\/noticiaempauta.com\/portal\/wp-json\/wp\/v2\/comments?post=264355"}],"version-history":[{"count":2,"href":"https:\/\/noticiaempauta.com\/portal\/wp-json\/wp\/v2\/posts\/264355\/revisions"}],"predecessor-version":[{"id":264358,"href":"https:\/\/noticiaempauta.com\/portal\/wp-json\/wp\/v2\/posts\/264355\/revisions\/264358"}],"wp:featuredmedia":[{"embeddable":true,"href":"https:\/\/noticiaempauta.com\/portal\/wp-json\/wp\/v2\/media\/249878"}],"wp:attachment":[{"href":"https:\/\/noticiaempauta.com\/portal\/wp-json\/wp\/v2\/media?parent=264355"}],"wp:term":[{"taxonomy":"category","embeddable":true,"href":"https:\/\/noticiaempauta.com\/portal\/wp-json\/wp\/v2\/categories?post=264355"},{"taxonomy":"post_tag","embeddable":true,"href":"https:\/\/noticiaempauta.com\/portal\/wp-json\/wp\/v2\/tags?post=264355"}],"curies":[{"name":"wp","href":"https:\/\/api.w.org\/{rel}","templated":true}]}}