{"id":264359,"date":"2024-11-23T09:30:04","date_gmt":"2024-11-23T12:30:04","guid":{"rendered":"https:\/\/noticiaempauta.com\/portal\/?p=264359"},"modified":"2024-11-23T09:30:58","modified_gmt":"2024-11-23T12:30:58","slug":"secretaria-de-saude-de-paqueta-promove-acao-de-conscientizacao-e-prevencao-durante-o-novembro-azul","status":"publish","type":"post","link":"https:\/\/noticiaempauta.com\/portal\/secretaria-de-saude-de-paqueta-promove-acao-de-conscientizacao-e-prevencao-durante-o-novembro-azul\/","title":{"rendered":"Secretaria de Sa\u00fade de Paquet\u00e1 promove a\u00e7\u00e3o de conscientiza\u00e7\u00e3o e preven\u00e7\u00e3o durante o Novembro Azul"},"content":{"rendered":"\n<p>Na manh\u00e3 desta sexta &#8211; feira, 22, a Secretaria Municipal de Sa\u00fade de Paquet\u00e1 promoveu uma a\u00e7\u00e3o de conscientiza\u00e7\u00e3o e atendimento voltada para o Novembro Azul, m\u00eas dedicado \u00e0 sa\u00fade do homem e \u00e0 preven\u00e7\u00e3o do c\u00e2ncer de pr\u00f3stata. <\/p>\n\n\n\n<figure class=\"wp-block-image size-large\"><img fetchpriority=\"high\" decoding=\"async\" width=\"1024\" height=\"732\" src=\"https:\/\/noticiaempauta.com\/portal\/wp-content\/uploads\/2024\/11\/IMG_6691-1024x732.jpeg\" alt=\"\" class=\"wp-image-264361\" srcset=\"https:\/\/noticiaempauta.com\/portal\/wp-content\/uploads\/2024\/11\/IMG_6691-1024x732.jpeg 1024w, https:\/\/noticiaempauta.com\/portal\/wp-content\/uploads\/2024\/11\/IMG_6691-300x214.jpeg 300w, https:\/\/noticiaempauta.com\/portal\/wp-content\/uploads\/2024\/11\/IMG_6691-768x549.jpeg 768w, https:\/\/noticiaempauta.com\/portal\/wp-content\/uploads\/2024\/11\/IMG_6691.jpeg 1170w\" sizes=\"(max-width: 1024px) 100vw, 1024px\" \/><\/figure>\n\n\n\n<p>A iniciativa aconteceu na Unidade B\u00e1sica de Sa\u00fade Roberval de Moura, em Paquet\u00e1, levando informa\u00e7\u00f5es e servi\u00e7os de sa\u00fade diretamente \u00e0 popula\u00e7\u00e3o masculina.<\/p>\n\n\n\n<figure class=\"wp-block-image size-large\"><img decoding=\"async\" width=\"1024\" height=\"709\" src=\"https:\/\/noticiaempauta.com\/portal\/wp-content\/uploads\/2024\/11\/IMG_6688-1024x709.jpeg\" alt=\"\" class=\"wp-image-264362\" srcset=\"https:\/\/noticiaempauta.com\/portal\/wp-content\/uploads\/2024\/11\/IMG_6688-1024x709.jpeg 1024w, https:\/\/noticiaempauta.com\/portal\/wp-content\/uploads\/2024\/11\/IMG_6688-300x208.jpeg 300w, https:\/\/noticiaempauta.com\/portal\/wp-content\/uploads\/2024\/11\/IMG_6688-768x532.jpeg 768w, https:\/\/noticiaempauta.com\/portal\/wp-content\/uploads\/2024\/11\/IMG_6688.jpeg 1170w\" sizes=\"(max-width: 1024px) 100vw, 1024px\" \/><\/figure>\n\n\n\n<p>De acordo com o secret\u00e1rio de sa\u00fade, Marcos Val\u00e9rio, tratar da sa\u00fade masculina \u00e9 extremamente importante, j\u00e1 que \u00e9 um p\u00fablico que n\u00e3o costuma procurar atendimento preventivo como as mulheres. &#8220;Al\u00e9m de trabalhar a quest\u00e3o do c\u00e2ncer de pr\u00f3stata, a gente aproveita o novembro azul para elencar outras patologias que tamb\u00e9m afetam muito os homens, como a sa\u00fade mental, diabetes&#8230; fatores de risco como o sedentarismo, tabagismo e outros&#8221;, explicou.<\/p>\n\n\n\n<figure class=\"wp-block-image size-large\"><img decoding=\"async\" width=\"1024\" height=\"727\" src=\"https:\/\/noticiaempauta.com\/portal\/wp-content\/uploads\/2024\/11\/IMG_6690-1024x727.jpeg\" alt=\"\" class=\"wp-image-264363\" srcset=\"https:\/\/noticiaempauta.com\/portal\/wp-content\/uploads\/2024\/11\/IMG_6690-1024x727.jpeg 1024w, https:\/\/noticiaempauta.com\/portal\/wp-content\/uploads\/2024\/11\/IMG_6690-300x213.jpeg 300w, https:\/\/noticiaempauta.com\/portal\/wp-content\/uploads\/2024\/11\/IMG_6690-768x545.jpeg 768w, https:\/\/noticiaempauta.com\/portal\/wp-content\/uploads\/2024\/11\/IMG_6690.jpeg 1170w\" sizes=\"(max-width: 1024px) 100vw, 1024px\" \/><\/figure>\n\n\n\n<figure class=\"wp-block-image size-large\"><img loading=\"lazy\" decoding=\"async\" width=\"1024\" height=\"720\" src=\"https:\/\/noticiaempauta.com\/portal\/wp-content\/uploads\/2024\/11\/IMG_6689-1024x720.jpeg\" alt=\"\" class=\"wp-image-264364\" srcset=\"https:\/\/noticiaempauta.com\/portal\/wp-content\/uploads\/2024\/11\/IMG_6689-1024x720.jpeg 1024w, https:\/\/noticiaempauta.com\/portal\/wp-content\/uploads\/2024\/11\/IMG_6689-300x211.jpeg 300w, https:\/\/noticiaempauta.com\/portal\/wp-content\/uploads\/2024\/11\/IMG_6689-768x540.jpeg 768w, https:\/\/noticiaempauta.com\/portal\/wp-content\/uploads\/2024\/11\/IMG_6689.jpeg 1170w\" sizes=\"(max-width: 1024px) 100vw, 1024px\" \/><\/figure>\n\n\n\n<figure class=\"wp-block-image size-large\"><img loading=\"lazy\" decoding=\"async\" width=\"1024\" height=\"730\" src=\"https:\/\/noticiaempauta.com\/portal\/wp-content\/uploads\/2024\/11\/IMG_6692-1024x730.jpeg\" alt=\"\" class=\"wp-image-264365\" srcset=\"https:\/\/noticiaempauta.com\/portal\/wp-content\/uploads\/2024\/11\/IMG_6692-1024x730.jpeg 1024w, https:\/\/noticiaempauta.com\/portal\/wp-content\/uploads\/2024\/11\/IMG_6692-300x214.jpeg 300w, https:\/\/noticiaempauta.com\/portal\/wp-content\/uploads\/2024\/11\/IMG_6692-768x547.jpeg 768w, https:\/\/noticiaempauta.com\/portal\/wp-content\/uploads\/2024\/11\/IMG_6692.jpeg 1170w\" sizes=\"(max-width: 1024px) 100vw, 1024px\" \/><\/figure>\n\n\n\n<p><\/p>\n","protected":false},"excerpt":{"rendered":"<p>Na manh\u00e3 desta sexta &#8211; feira, 22, a Secretaria Municipal de Sa\u00fade de Paquet\u00e1 promoveu uma a\u00e7\u00e3o de conscientiza\u00e7\u00e3o e atendimento voltada para o Novembro Azul, m\u00eas dedicado \u00e0 sa\u00fade do homem e \u00e0 preven\u00e7\u00e3o do c\u00e2ncer de pr\u00f3stata. A iniciativa aconteceu na Unidade B\u00e1sica de Sa\u00fade Roberval de Moura, em Paquet\u00e1, levando informa\u00e7\u00f5es e [&hellip;]<\/p>\n","protected":false},"author":2,"featured_media":264360,"comment_status":"open","ping_status":"open","sticky":false,"template":"","format":"standard","meta":{"_mi_skip_tracking":false,"footnotes":""},"categories":[25,1,9,5,16],"tags":[192],"class_list":["post-264359","post","type-post","status-publish","format-standard","has-post-thumbnail","hentry","category-destaques-site","category-geral","category-municipios","category-saude","category-todas","tag-destaqueprincipal"],"acf":[],"yoast_head":"<!-- This site is optimized with the Yoast SEO Premium plugin v19.2 (Yoast SEO v26.9) - https:\/\/yoast.com\/product\/yoast-seo-premium-wordpress\/ -->\n<title>Secretaria de Sa\u00fade de Paquet\u00e1 promove a\u00e7\u00e3o de conscientiza\u00e7\u00e3o e preven\u00e7\u00e3o durante o Novembro Azul - Portal Not\u00edcia em Pauta<\/title>\n<meta name=\"robots\" content=\"index, follow, max-snippet:-1, max-image-preview:large, max-video-preview:-1\" \/>\n<link rel=\"canonical\" href=\"https:\/\/noticiaempauta.com\/portal\/secretaria-de-saude-de-paqueta-promove-acao-de-conscientizacao-e-prevencao-durante-o-novembro-azul\/\" \/>\n<meta property=\"og:locale\" content=\"pt_BR\" \/>\n<meta property=\"og:type\" content=\"article\" \/>\n<meta property=\"og:title\" content=\"Secretaria de Sa\u00fade de Paquet\u00e1 promove a\u00e7\u00e3o de conscientiza\u00e7\u00e3o e preven\u00e7\u00e3o durante o Novembro Azul\" \/>\n<meta property=\"og:description\" content=\"Na manh\u00e3 desta sexta &#8211; feira, 22, a Secretaria Municipal de Sa\u00fade de Paquet\u00e1 promoveu uma a\u00e7\u00e3o de conscientiza\u00e7\u00e3o e atendimento voltada para o Novembro Azul, m\u00eas dedicado \u00e0 sa\u00fade do homem e \u00e0 preven\u00e7\u00e3o do c\u00e2ncer de pr\u00f3stata. A iniciativa aconteceu na Unidade B\u00e1sica de Sa\u00fade Roberval de Moura, em Paquet\u00e1, levando informa\u00e7\u00f5es e [&hellip;]\" \/>\n<meta property=\"og:url\" content=\"https:\/\/noticiaempauta.com\/portal\/secretaria-de-saude-de-paqueta-promove-acao-de-conscientizacao-e-prevencao-durante-o-novembro-azul\/\" \/>\n<meta property=\"og:site_name\" content=\"Portal Not\u00edcia em Pauta\" \/>\n<meta property=\"article:publisher\" content=\"https:\/\/www.facebook.com\/Portal-Notcia-Em-Pauta-102292869264820\/\" \/>\n<meta property=\"article:published_time\" content=\"2024-11-23T12:30:04+00:00\" \/>\n<meta property=\"article:modified_time\" content=\"2024-11-23T12:30:58+00:00\" \/>\n<meta property=\"og:image\" content=\"https:\/\/noticiaempauta.com\/portal\/wp-content\/uploads\/2024\/11\/IMG_6686.jpeg\" \/>\n\t<meta property=\"og:image:width\" content=\"1170\" \/>\n\t<meta property=\"og:image:height\" content=\"813\" \/>\n\t<meta property=\"og:image:type\" content=\"image\/jpeg\" \/>\n<meta name=\"author\" content=\"Reda\u00e7\u00e3o\" \/>\n<meta name=\"twitter:card\" content=\"summary_large_image\" \/>\n<meta name=\"twitter:label1\" content=\"Escrito por\" \/>\n\t<meta name=\"twitter:data1\" content=\"Reda\u00e7\u00e3o\" \/>\n\t<meta name=\"twitter:label2\" content=\"Est. tempo de leitura\" \/>\n\t<meta name=\"twitter:data2\" content=\"2 minutos\" \/>\n<script type=\"application\/ld+json\" class=\"yoast-schema-graph\">{\"@context\":\"https:\/\/schema.org\",\"@graph\":[{\"@type\":\"Article\",\"@id\":\"https:\/\/noticiaempauta.com\/portal\/secretaria-de-saude-de-paqueta-promove-acao-de-conscientizacao-e-prevencao-durante-o-novembro-azul\/#article\",\"isPartOf\":{\"@id\":\"https:\/\/noticiaempauta.com\/portal\/secretaria-de-saude-de-paqueta-promove-acao-de-conscientizacao-e-prevencao-durante-o-novembro-azul\/\"},\"author\":{\"name\":\"Reda\u00e7\u00e3o\",\"@id\":\"https:\/\/noticiaempauta.com\/portal\/#\/schema\/person\/a74af43dd1ab3deca45f988c717d57ac\"},\"headline\":\"Secretaria de Sa\u00fade de Paquet\u00e1 promove a\u00e7\u00e3o de conscientiza\u00e7\u00e3o e preven\u00e7\u00e3o durante o Novembro Azul\",\"datePublished\":\"2024-11-23T12:30:04+00:00\",\"dateModified\":\"2024-11-23T12:30:58+00:00\",\"mainEntityOfPage\":{\"@id\":\"https:\/\/noticiaempauta.com\/portal\/secretaria-de-saude-de-paqueta-promove-acao-de-conscientizacao-e-prevencao-durante-o-novembro-azul\/\"},\"wordCount\":171,\"commentCount\":0,\"publisher\":{\"@id\":\"https:\/\/noticiaempauta.com\/portal\/#organization\"},\"image\":{\"@id\":\"https:\/\/noticiaempauta.com\/portal\/secretaria-de-saude-de-paqueta-promove-acao-de-conscientizacao-e-prevencao-durante-o-novembro-azul\/#primaryimage\"},\"thumbnailUrl\":\"https:\/\/noticiaempauta.com\/portal\/wp-content\/uploads\/2024\/11\/IMG_6686.jpeg\",\"keywords\":[\"destaqueprincipal\"],\"articleSection\":[\"Destaques\",\"Geral\",\"Munic\u00edpios\",\"Sa\u00fade\",\"Todas as Not\u00edcias\"],\"inLanguage\":\"pt-BR\",\"potentialAction\":[{\"@type\":\"CommentAction\",\"name\":\"Comment\",\"target\":[\"https:\/\/noticiaempauta.com\/portal\/secretaria-de-saude-de-paqueta-promove-acao-de-conscientizacao-e-prevencao-durante-o-novembro-azul\/#respond\"]}]},{\"@type\":\"WebPage\",\"@id\":\"https:\/\/noticiaempauta.com\/portal\/secretaria-de-saude-de-paqueta-promove-acao-de-conscientizacao-e-prevencao-durante-o-novembro-azul\/\",\"url\":\"https:\/\/noticiaempauta.com\/portal\/secretaria-de-saude-de-paqueta-promove-acao-de-conscientizacao-e-prevencao-durante-o-novembro-azul\/\",\"name\":\"Secretaria de Sa\u00fade de Paquet\u00e1 promove a\u00e7\u00e3o de conscientiza\u00e7\u00e3o e preven\u00e7\u00e3o durante o Novembro Azul - Portal Not\u00edcia em Pauta\",\"isPartOf\":{\"@id\":\"https:\/\/noticiaempauta.com\/portal\/#website\"},\"primaryImageOfPage\":{\"@id\":\"https:\/\/noticiaempauta.com\/portal\/secretaria-de-saude-de-paqueta-promove-acao-de-conscientizacao-e-prevencao-durante-o-novembro-azul\/#primaryimage\"},\"image\":{\"@id\":\"https:\/\/noticiaempauta.com\/portal\/secretaria-de-saude-de-paqueta-promove-acao-de-conscientizacao-e-prevencao-durante-o-novembro-azul\/#primaryimage\"},\"thumbnailUrl\":\"https:\/\/noticiaempauta.com\/portal\/wp-content\/uploads\/2024\/11\/IMG_6686.jpeg\",\"datePublished\":\"2024-11-23T12:30:04+00:00\",\"dateModified\":\"2024-11-23T12:30:58+00:00\",\"breadcrumb\":{\"@id\":\"https:\/\/noticiaempauta.com\/portal\/secretaria-de-saude-de-paqueta-promove-acao-de-conscientizacao-e-prevencao-durante-o-novembro-azul\/#breadcrumb\"},\"inLanguage\":\"pt-BR\",\"potentialAction\":[{\"@type\":\"ReadAction\",\"target\":[\"https:\/\/noticiaempauta.com\/portal\/secretaria-de-saude-de-paqueta-promove-acao-de-conscientizacao-e-prevencao-durante-o-novembro-azul\/\"]}]},{\"@type\":\"ImageObject\",\"inLanguage\":\"pt-BR\",\"@id\":\"https:\/\/noticiaempauta.com\/portal\/secretaria-de-saude-de-paqueta-promove-acao-de-conscientizacao-e-prevencao-durante-o-novembro-azul\/#primaryimage\",\"url\":\"https:\/\/noticiaempauta.com\/portal\/wp-content\/uploads\/2024\/11\/IMG_6686.jpeg\",\"contentUrl\":\"https:\/\/noticiaempauta.com\/portal\/wp-content\/uploads\/2024\/11\/IMG_6686.jpeg\",\"width\":1170,\"height\":813,\"caption\":\"Screenshot\"},{\"@type\":\"BreadcrumbList\",\"@id\":\"https:\/\/noticiaempauta.com\/portal\/secretaria-de-saude-de-paqueta-promove-acao-de-conscientizacao-e-prevencao-durante-o-novembro-azul\/#breadcrumb\",\"itemListElement\":[{\"@type\":\"ListItem\",\"position\":1,\"name\":\"P\u00e1gina Inicial\",\"item\":\"https:\/\/noticiaempauta.com\/portal\/\"},{\"@type\":\"ListItem\",\"position\":2,\"name\":\"Destaques\",\"item\":\"https:\/\/noticiaempauta.com\/portal\/destaques-site\/\"},{\"@type\":\"ListItem\",\"position\":3,\"name\":\"Secretaria de Sa\u00fade de Paquet\u00e1 promove a\u00e7\u00e3o de conscientiza\u00e7\u00e3o e preven\u00e7\u00e3o durante o Novembro Azul\"}]},{\"@type\":\"WebSite\",\"@id\":\"https:\/\/noticiaempauta.com\/portal\/#website\",\"url\":\"https:\/\/noticiaempauta.com\/portal\/\",\"name\":\"Portal Not\u00edcia em Pauta\",\"description\":\"Voc\u00ea bem informado\",\"publisher\":{\"@id\":\"https:\/\/noticiaempauta.com\/portal\/#organization\"},\"potentialAction\":[{\"@type\":\"SearchAction\",\"target\":{\"@type\":\"EntryPoint\",\"urlTemplate\":\"https:\/\/noticiaempauta.com\/portal\/?s={search_term_string}\"},\"query-input\":{\"@type\":\"PropertyValueSpecification\",\"valueRequired\":true,\"valueName\":\"search_term_string\"}}],\"inLanguage\":\"pt-BR\"},{\"@type\":\"Organization\",\"@id\":\"https:\/\/noticiaempauta.com\/portal\/#organization\",\"name\":\"Portal Not\u00edcia em Pauta\",\"url\":\"https:\/\/noticiaempauta.com\/portal\/\",\"logo\":{\"@type\":\"ImageObject\",\"inLanguage\":\"pt-BR\",\"@id\":\"https:\/\/noticiaempauta.com\/portal\/#\/schema\/logo\/image\/\",\"url\":\"https:\/\/noticiaempauta.com\/portal\/wp-content\/uploads\/2022\/08\/logomarca_tema.fw_.png\",\"contentUrl\":\"https:\/\/noticiaempauta.com\/portal\/wp-content\/uploads\/2022\/08\/logomarca_tema.fw_.png\",\"width\":400,\"height\":232,\"caption\":\"Portal Not\u00edcia em Pauta\"},\"image\":{\"@id\":\"https:\/\/noticiaempauta.com\/portal\/#\/schema\/logo\/image\/\"},\"sameAs\":[\"https:\/\/www.facebook.com\/Portal-Notcia-Em-Pauta-102292869264820\/\",\"https:\/\/www.instagram.com\/portalnoticiaempauta\/\"]},{\"@type\":\"Person\",\"@id\":\"https:\/\/noticiaempauta.com\/portal\/#\/schema\/person\/a74af43dd1ab3deca45f988c717d57ac\",\"name\":\"Reda\u00e7\u00e3o\",\"image\":{\"@type\":\"ImageObject\",\"inLanguage\":\"pt-BR\",\"@id\":\"https:\/\/noticiaempauta.com\/portal\/#\/schema\/person\/image\/\",\"url\":\"https:\/\/secure.gravatar.com\/avatar\/03179346ecce6cdfc13361603e8f54242a90e5cde8618fa23c5c00aa2b0aadf3?s=96&d=mm&r=g\",\"contentUrl\":\"https:\/\/secure.gravatar.com\/avatar\/03179346ecce6cdfc13361603e8f54242a90e5cde8618fa23c5c00aa2b0aadf3?s=96&d=mm&r=g\",\"caption\":\"Reda\u00e7\u00e3o\"},\"sameAs\":[\"https:\/\/noticiaempauta.com\/portal\/\"],\"url\":\"https:\/\/noticiaempauta.com\/portal\/author\/fernando\/\"}]}<\/script>\n<!-- \/ Yoast SEO Premium plugin. -->","yoast_head_json":{"title":"Secretaria de Sa\u00fade de Paquet\u00e1 promove a\u00e7\u00e3o de conscientiza\u00e7\u00e3o e preven\u00e7\u00e3o durante o Novembro Azul - Portal Not\u00edcia em Pauta","robots":{"index":"index","follow":"follow","max-snippet":"max-snippet:-1","max-image-preview":"max-image-preview:large","max-video-preview":"max-video-preview:-1"},"canonical":"https:\/\/noticiaempauta.com\/portal\/secretaria-de-saude-de-paqueta-promove-acao-de-conscientizacao-e-prevencao-durante-o-novembro-azul\/","og_locale":"pt_BR","og_type":"article","og_title":"Secretaria de Sa\u00fade de Paquet\u00e1 promove a\u00e7\u00e3o de conscientiza\u00e7\u00e3o e preven\u00e7\u00e3o durante o Novembro Azul","og_description":"Na manh\u00e3 desta sexta &#8211; feira, 22, a Secretaria Municipal de Sa\u00fade de Paquet\u00e1 promoveu uma a\u00e7\u00e3o de conscientiza\u00e7\u00e3o e atendimento voltada para o Novembro Azul, m\u00eas dedicado \u00e0 sa\u00fade do homem e \u00e0 preven\u00e7\u00e3o do c\u00e2ncer de pr\u00f3stata. A iniciativa aconteceu na Unidade B\u00e1sica de Sa\u00fade Roberval de Moura, em Paquet\u00e1, levando informa\u00e7\u00f5es e [&hellip;]","og_url":"https:\/\/noticiaempauta.com\/portal\/secretaria-de-saude-de-paqueta-promove-acao-de-conscientizacao-e-prevencao-durante-o-novembro-azul\/","og_site_name":"Portal Not\u00edcia em Pauta","article_publisher":"https:\/\/www.facebook.com\/Portal-Notcia-Em-Pauta-102292869264820\/","article_published_time":"2024-11-23T12:30:04+00:00","article_modified_time":"2024-11-23T12:30:58+00:00","og_image":[{"width":1170,"height":813,"url":"https:\/\/noticiaempauta.com\/portal\/wp-content\/uploads\/2024\/11\/IMG_6686.jpeg","type":"image\/jpeg"}],"author":"Reda\u00e7\u00e3o","twitter_card":"summary_large_image","twitter_misc":{"Escrito por":"Reda\u00e7\u00e3o","Est. tempo de leitura":"2 minutos"},"schema":{"@context":"https:\/\/schema.org","@graph":[{"@type":"Article","@id":"https:\/\/noticiaempauta.com\/portal\/secretaria-de-saude-de-paqueta-promove-acao-de-conscientizacao-e-prevencao-durante-o-novembro-azul\/#article","isPartOf":{"@id":"https:\/\/noticiaempauta.com\/portal\/secretaria-de-saude-de-paqueta-promove-acao-de-conscientizacao-e-prevencao-durante-o-novembro-azul\/"},"author":{"name":"Reda\u00e7\u00e3o","@id":"https:\/\/noticiaempauta.com\/portal\/#\/schema\/person\/a74af43dd1ab3deca45f988c717d57ac"},"headline":"Secretaria de Sa\u00fade de Paquet\u00e1 promove a\u00e7\u00e3o de conscientiza\u00e7\u00e3o e preven\u00e7\u00e3o durante o Novembro Azul","datePublished":"2024-11-23T12:30:04+00:00","dateModified":"2024-11-23T12:30:58+00:00","mainEntityOfPage":{"@id":"https:\/\/noticiaempauta.com\/portal\/secretaria-de-saude-de-paqueta-promove-acao-de-conscientizacao-e-prevencao-durante-o-novembro-azul\/"},"wordCount":171,"commentCount":0,"publisher":{"@id":"https:\/\/noticiaempauta.com\/portal\/#organization"},"image":{"@id":"https:\/\/noticiaempauta.com\/portal\/secretaria-de-saude-de-paqueta-promove-acao-de-conscientizacao-e-prevencao-durante-o-novembro-azul\/#primaryimage"},"thumbnailUrl":"https:\/\/noticiaempauta.com\/portal\/wp-content\/uploads\/2024\/11\/IMG_6686.jpeg","keywords":["destaqueprincipal"],"articleSection":["Destaques","Geral","Munic\u00edpios","Sa\u00fade","Todas as Not\u00edcias"],"inLanguage":"pt-BR","potentialAction":[{"@type":"CommentAction","name":"Comment","target":["https:\/\/noticiaempauta.com\/portal\/secretaria-de-saude-de-paqueta-promove-acao-de-conscientizacao-e-prevencao-durante-o-novembro-azul\/#respond"]}]},{"@type":"WebPage","@id":"https:\/\/noticiaempauta.com\/portal\/secretaria-de-saude-de-paqueta-promove-acao-de-conscientizacao-e-prevencao-durante-o-novembro-azul\/","url":"https:\/\/noticiaempauta.com\/portal\/secretaria-de-saude-de-paqueta-promove-acao-de-conscientizacao-e-prevencao-durante-o-novembro-azul\/","name":"Secretaria de Sa\u00fade de Paquet\u00e1 promove a\u00e7\u00e3o de conscientiza\u00e7\u00e3o e preven\u00e7\u00e3o durante o Novembro Azul - Portal Not\u00edcia em Pauta","isPartOf":{"@id":"https:\/\/noticiaempauta.com\/portal\/#website"},"primaryImageOfPage":{"@id":"https:\/\/noticiaempauta.com\/portal\/secretaria-de-saude-de-paqueta-promove-acao-de-conscientizacao-e-prevencao-durante-o-novembro-azul\/#primaryimage"},"image":{"@id":"https:\/\/noticiaempauta.com\/portal\/secretaria-de-saude-de-paqueta-promove-acao-de-conscientizacao-e-prevencao-durante-o-novembro-azul\/#primaryimage"},"thumbnailUrl":"https:\/\/noticiaempauta.com\/portal\/wp-content\/uploads\/2024\/11\/IMG_6686.jpeg","datePublished":"2024-11-23T12:30:04+00:00","dateModified":"2024-11-23T12:30:58+00:00","breadcrumb":{"@id":"https:\/\/noticiaempauta.com\/portal\/secretaria-de-saude-de-paqueta-promove-acao-de-conscientizacao-e-prevencao-durante-o-novembro-azul\/#breadcrumb"},"inLanguage":"pt-BR","potentialAction":[{"@type":"ReadAction","target":["https:\/\/noticiaempauta.com\/portal\/secretaria-de-saude-de-paqueta-promove-acao-de-conscientizacao-e-prevencao-durante-o-novembro-azul\/"]}]},{"@type":"ImageObject","inLanguage":"pt-BR","@id":"https:\/\/noticiaempauta.com\/portal\/secretaria-de-saude-de-paqueta-promove-acao-de-conscientizacao-e-prevencao-durante-o-novembro-azul\/#primaryimage","url":"https:\/\/noticiaempauta.com\/portal\/wp-content\/uploads\/2024\/11\/IMG_6686.jpeg","contentUrl":"https:\/\/noticiaempauta.com\/portal\/wp-content\/uploads\/2024\/11\/IMG_6686.jpeg","width":1170,"height":813,"caption":"Screenshot"},{"@type":"BreadcrumbList","@id":"https:\/\/noticiaempauta.com\/portal\/secretaria-de-saude-de-paqueta-promove-acao-de-conscientizacao-e-prevencao-durante-o-novembro-azul\/#breadcrumb","itemListElement":[{"@type":"ListItem","position":1,"name":"P\u00e1gina Inicial","item":"https:\/\/noticiaempauta.com\/portal\/"},{"@type":"ListItem","position":2,"name":"Destaques","item":"https:\/\/noticiaempauta.com\/portal\/destaques-site\/"},{"@type":"ListItem","position":3,"name":"Secretaria de Sa\u00fade de Paquet\u00e1 promove a\u00e7\u00e3o de conscientiza\u00e7\u00e3o e preven\u00e7\u00e3o durante o Novembro Azul"}]},{"@type":"WebSite","@id":"https:\/\/noticiaempauta.com\/portal\/#website","url":"https:\/\/noticiaempauta.com\/portal\/","name":"Portal Not\u00edcia em Pauta","description":"Voc\u00ea bem informado","publisher":{"@id":"https:\/\/noticiaempauta.com\/portal\/#organization"},"potentialAction":[{"@type":"SearchAction","target":{"@type":"EntryPoint","urlTemplate":"https:\/\/noticiaempauta.com\/portal\/?s={search_term_string}"},"query-input":{"@type":"PropertyValueSpecification","valueRequired":true,"valueName":"search_term_string"}}],"inLanguage":"pt-BR"},{"@type":"Organization","@id":"https:\/\/noticiaempauta.com\/portal\/#organization","name":"Portal Not\u00edcia em Pauta","url":"https:\/\/noticiaempauta.com\/portal\/","logo":{"@type":"ImageObject","inLanguage":"pt-BR","@id":"https:\/\/noticiaempauta.com\/portal\/#\/schema\/logo\/image\/","url":"https:\/\/noticiaempauta.com\/portal\/wp-content\/uploads\/2022\/08\/logomarca_tema.fw_.png","contentUrl":"https:\/\/noticiaempauta.com\/portal\/wp-content\/uploads\/2022\/08\/logomarca_tema.fw_.png","width":400,"height":232,"caption":"Portal Not\u00edcia em Pauta"},"image":{"@id":"https:\/\/noticiaempauta.com\/portal\/#\/schema\/logo\/image\/"},"sameAs":["https:\/\/www.facebook.com\/Portal-Notcia-Em-Pauta-102292869264820\/","https:\/\/www.instagram.com\/portalnoticiaempauta\/"]},{"@type":"Person","@id":"https:\/\/noticiaempauta.com\/portal\/#\/schema\/person\/a74af43dd1ab3deca45f988c717d57ac","name":"Reda\u00e7\u00e3o","image":{"@type":"ImageObject","inLanguage":"pt-BR","@id":"https:\/\/noticiaempauta.com\/portal\/#\/schema\/person\/image\/","url":"https:\/\/secure.gravatar.com\/avatar\/03179346ecce6cdfc13361603e8f54242a90e5cde8618fa23c5c00aa2b0aadf3?s=96&d=mm&r=g","contentUrl":"https:\/\/secure.gravatar.com\/avatar\/03179346ecce6cdfc13361603e8f54242a90e5cde8618fa23c5c00aa2b0aadf3?s=96&d=mm&r=g","caption":"Reda\u00e7\u00e3o"},"sameAs":["https:\/\/noticiaempauta.com\/portal\/"],"url":"https:\/\/noticiaempauta.com\/portal\/author\/fernando\/"}]}},"_links":{"self":[{"href":"https:\/\/noticiaempauta.com\/portal\/wp-json\/wp\/v2\/posts\/264359","targetHints":{"allow":["GET"]}}],"collection":[{"href":"https:\/\/noticiaempauta.com\/portal\/wp-json\/wp\/v2\/posts"}],"about":[{"href":"https:\/\/noticiaempauta.com\/portal\/wp-json\/wp\/v2\/types\/post"}],"author":[{"embeddable":true,"href":"https:\/\/noticiaempauta.com\/portal\/wp-json\/wp\/v2\/users\/2"}],"replies":[{"embeddable":true,"href":"https:\/\/noticiaempauta.com\/portal\/wp-json\/wp\/v2\/comments?post=264359"}],"version-history":[{"count":5,"href":"https:\/\/noticiaempauta.com\/portal\/wp-json\/wp\/v2\/posts\/264359\/revisions"}],"predecessor-version":[{"id":264371,"href":"https:\/\/noticiaempauta.com\/portal\/wp-json\/wp\/v2\/posts\/264359\/revisions\/264371"}],"wp:featuredmedia":[{"embeddable":true,"href":"https:\/\/noticiaempauta.com\/portal\/wp-json\/wp\/v2\/media\/264360"}],"wp:attachment":[{"href":"https:\/\/noticiaempauta.com\/portal\/wp-json\/wp\/v2\/media?parent=264359"}],"wp:term":[{"taxonomy":"category","embeddable":true,"href":"https:\/\/noticiaempauta.com\/portal\/wp-json\/wp\/v2\/categories?post=264359"},{"taxonomy":"post_tag","embeddable":true,"href":"https:\/\/noticiaempauta.com\/portal\/wp-json\/wp\/v2\/tags?post=264359"}],"curies":[{"name":"wp","href":"https:\/\/api.w.org\/{rel}","templated":true}]}}