{"id":264423,"date":"2024-11-25T18:03:22","date_gmt":"2024-11-25T21:03:22","guid":{"rendered":"https:\/\/noticiaempauta.com\/portal\/?p=264423"},"modified":"2024-11-26T07:37:26","modified_gmt":"2024-11-26T10:37:26","slug":"deputado-dr-thales-coelho-anuncia-adesao-ao-governo-de-rafael-fonteles-e-reforca-compromisso-com-o-piaui","status":"publish","type":"post","link":"https:\/\/noticiaempauta.com\/portal\/deputado-dr-thales-coelho-anuncia-adesao-ao-governo-de-rafael-fonteles-e-reforca-compromisso-com-o-piaui\/","title":{"rendered":"Deputado Dr. Thales Coelho anuncia ades\u00e3o ao governo de Rafael Fonteles e refor\u00e7a compromisso com o Piau\u00ed"},"content":{"rendered":"\n<p>O deputado estadual Dr. Thales Coelho anunciou nesta ter\u00e7a-feira (25) sua ades\u00e3o ao governo do estado, liderado pelo governador Rafael Fonteles. Em comunicado oficial, o parlamentar destacou a relev\u00e2ncia da decis\u00e3o, ressaltando o compromisso de fortalecer a\u00e7\u00f5es em prol do desenvolvimento do Piau\u00ed e atender \u00e0s demandas dos munic\u00edpios.<\/p>\n\n\n\n<figure class=\"wp-block-image size-large\"><img fetchpriority=\"high\" decoding=\"async\" width=\"1024\" height=\"683\" src=\"https:\/\/noticiaempauta.com\/portal\/wp-content\/uploads\/2024\/11\/34075a64-e2c4-4fa9-9752-4f4536e0cd4d-1024x683.jpeg\" alt=\"\" class=\"wp-image-264425\" srcset=\"https:\/\/noticiaempauta.com\/portal\/wp-content\/uploads\/2024\/11\/34075a64-e2c4-4fa9-9752-4f4536e0cd4d-1024x683.jpeg 1024w, https:\/\/noticiaempauta.com\/portal\/wp-content\/uploads\/2024\/11\/34075a64-e2c4-4fa9-9752-4f4536e0cd4d-300x200.jpeg 300w, https:\/\/noticiaempauta.com\/portal\/wp-content\/uploads\/2024\/11\/34075a64-e2c4-4fa9-9752-4f4536e0cd4d-768x512.jpeg 768w, https:\/\/noticiaempauta.com\/portal\/wp-content\/uploads\/2024\/11\/34075a64-e2c4-4fa9-9752-4f4536e0cd4d-1536x1024.jpeg 1536w, https:\/\/noticiaempauta.com\/portal\/wp-content\/uploads\/2024\/11\/34075a64-e2c4-4fa9-9752-4f4536e0cd4d-2048x1365.jpeg 2048w\" sizes=\"(max-width: 1024px) 100vw, 1024px\" \/><\/figure>\n\n\n\n<p>\u201cO Piau\u00ed est\u00e1 em boas m\u00e3os! Hoje, tomo uma decis\u00e3o importante em prol do nosso estado, unir for\u00e7as com o governo do governador Rafael Fonteles. Reconhe\u00e7o o trabalho que tem sido desenvolvido por ele, com uma aprova\u00e7\u00e3o recorde no estado e reconhecimento nacional. Ap\u00f3s ouvir nossas bases e considerando o desejo de fazer mais pelos nossos munic\u00edpios, alinho minhas for\u00e7as pol\u00edticas ao Pal\u00e1cio de Karnak\u201d, declarou Dr. Thales.<\/p>\n\n\n\n<figure class=\"wp-block-image size-large\"><img decoding=\"async\" width=\"1024\" height=\"683\" src=\"https:\/\/noticiaempauta.com\/portal\/wp-content\/uploads\/2024\/11\/65cdaac6-3cf4-4c88-baae-89848b6df4cf-1024x683.jpeg\" alt=\"\" class=\"wp-image-264424\" srcset=\"https:\/\/noticiaempauta.com\/portal\/wp-content\/uploads\/2024\/11\/65cdaac6-3cf4-4c88-baae-89848b6df4cf-1024x683.jpeg 1024w, https:\/\/noticiaempauta.com\/portal\/wp-content\/uploads\/2024\/11\/65cdaac6-3cf4-4c88-baae-89848b6df4cf-300x200.jpeg 300w, https:\/\/noticiaempauta.com\/portal\/wp-content\/uploads\/2024\/11\/65cdaac6-3cf4-4c88-baae-89848b6df4cf-768x512.jpeg 768w, https:\/\/noticiaempauta.com\/portal\/wp-content\/uploads\/2024\/11\/65cdaac6-3cf4-4c88-baae-89848b6df4cf-1536x1024.jpeg 1536w, https:\/\/noticiaempauta.com\/portal\/wp-content\/uploads\/2024\/11\/65cdaac6-3cf4-4c88-baae-89848b6df4cf-2048x1366.jpeg 2048w\" sizes=\"(max-width: 1024px) 100vw, 1024px\" \/><\/figure>\n\n\n\n<p>A decis\u00e3o foi recebida com entusiasmo pelo governador Rafael Fonteles, que afirmou que a ades\u00e3o do deputado contribuir\u00e1 significativamente para a execu\u00e7\u00e3o de pol\u00edticas p\u00fablicas voltadas para a melhoria da qualidade de vida da popula\u00e7\u00e3o. \u201cEstamos comprometidos com a continuidade do trabalho e com a amplia\u00e7\u00e3o de a\u00e7\u00f5es que promovam progresso e justi\u00e7a social. Contar com o apoio de lideran\u00e7as como o Dr. Thales \u00e9 fundamental para avan\u00e7armos ainda mais\u201d, disse Fonteles.<\/p>\n\n\n\n<p><strong>Foco no desenvolvimento municipal<br><\/strong>A uni\u00e3o entre o deputado e o governo do estado ocorre em um momento de grandes desafios e oportunidades para o Piau\u00ed. Dr. Thales destacou a import\u00e2ncia de somar esfor\u00e7os para atender as necessidades dos munic\u00edpios e refor\u00e7ou o compromisso de buscar investimentos e melhorias para os munic\u00edpios.<\/p>\n\n\n\n<p>\u201cAndaremos juntos, trabalhando ainda mais pelo nosso povo. Conte comigo, Rafael Fonteles. Juntos podemos mais!\u201d, concluiu o parlamentar.<\/p>\n\n\n\n<p>A ades\u00e3o de Dr. Thales ao governo fortalece a base pol\u00edtica de Rafael Fonteles e simboliza um alinhamento estrat\u00e9gico para atender \u00e0s demandas regionais, promovendo avan\u00e7os em \u00e1reas como infraestrutura, sa\u00fade, educa\u00e7\u00e3o e desenvolvimento econ\u00f4mico no estado do Piau\u00ed.<\/p>\n","protected":false},"excerpt":{"rendered":"<p>O parlamentar destaca o trabalho do governador e alinha for\u00e7as para atender demandas dos munic\u00edpios piauienses.<\/p>\n","protected":false},"author":2,"featured_media":264424,"comment_status":"open","ping_status":"open","sticky":false,"template":"","format":"standard","meta":{"_mi_skip_tracking":false,"footnotes":""},"categories":[25,1,3,16],"tags":[192],"class_list":["post-264423","post","type-post","status-publish","format-standard","has-post-thumbnail","hentry","category-destaques-site","category-geral","category-politica","category-todas","tag-destaqueprincipal"],"acf":[],"yoast_head":"<!-- This site is optimized with the Yoast SEO Premium plugin v19.2 (Yoast SEO v26.9) - https:\/\/yoast.com\/product\/yoast-seo-premium-wordpress\/ -->\n<title>Deputado Dr. Thales Coelho anuncia ades\u00e3o ao governo de Rafael Fonteles e refor\u00e7a compromisso com o Piau\u00ed - Portal Not\u00edcia em Pauta<\/title>\n<meta name=\"robots\" content=\"index, follow, max-snippet:-1, max-image-preview:large, max-video-preview:-1\" \/>\n<link rel=\"canonical\" href=\"https:\/\/noticiaempauta.com\/portal\/deputado-dr-thales-coelho-anuncia-adesao-ao-governo-de-rafael-fonteles-e-reforca-compromisso-com-o-piaui\/\" \/>\n<meta property=\"og:locale\" content=\"pt_BR\" \/>\n<meta property=\"og:type\" content=\"article\" \/>\n<meta property=\"og:title\" content=\"Deputado Dr. Thales Coelho anuncia ades\u00e3o ao governo de Rafael Fonteles e refor\u00e7a compromisso com o Piau\u00ed\" \/>\n<meta property=\"og:description\" content=\"O parlamentar destaca o trabalho do governador e alinha for\u00e7as para atender demandas dos munic\u00edpios piauienses.\" \/>\n<meta property=\"og:url\" content=\"https:\/\/noticiaempauta.com\/portal\/deputado-dr-thales-coelho-anuncia-adesao-ao-governo-de-rafael-fonteles-e-reforca-compromisso-com-o-piaui\/\" \/>\n<meta property=\"og:site_name\" content=\"Portal Not\u00edcia em Pauta\" \/>\n<meta property=\"article:publisher\" content=\"https:\/\/www.facebook.com\/Portal-Notcia-Em-Pauta-102292869264820\/\" \/>\n<meta property=\"article:published_time\" content=\"2024-11-25T21:03:22+00:00\" \/>\n<meta property=\"article:modified_time\" content=\"2024-11-26T10:37:26+00:00\" \/>\n<meta property=\"og:image\" content=\"https:\/\/noticiaempauta.com\/portal\/wp-content\/uploads\/2024\/11\/65cdaac6-3cf4-4c88-baae-89848b6df4cf-scaled.jpeg\" \/>\n\t<meta property=\"og:image:width\" content=\"2560\" \/>\n\t<meta property=\"og:image:height\" content=\"1707\" \/>\n\t<meta property=\"og:image:type\" content=\"image\/jpeg\" \/>\n<meta name=\"author\" content=\"Reda\u00e7\u00e3o\" \/>\n<meta name=\"twitter:card\" content=\"summary_large_image\" \/>\n<meta name=\"twitter:label1\" content=\"Escrito por\" \/>\n\t<meta name=\"twitter:data1\" content=\"Reda\u00e7\u00e3o\" \/>\n\t<meta name=\"twitter:label2\" content=\"Est. tempo de leitura\" \/>\n\t<meta name=\"twitter:data2\" content=\"3 minutos\" \/>\n<script type=\"application\/ld+json\" class=\"yoast-schema-graph\">{\"@context\":\"https:\/\/schema.org\",\"@graph\":[{\"@type\":\"Article\",\"@id\":\"https:\/\/noticiaempauta.com\/portal\/deputado-dr-thales-coelho-anuncia-adesao-ao-governo-de-rafael-fonteles-e-reforca-compromisso-com-o-piaui\/#article\",\"isPartOf\":{\"@id\":\"https:\/\/noticiaempauta.com\/portal\/deputado-dr-thales-coelho-anuncia-adesao-ao-governo-de-rafael-fonteles-e-reforca-compromisso-com-o-piaui\/\"},\"author\":{\"name\":\"Reda\u00e7\u00e3o\",\"@id\":\"https:\/\/noticiaempauta.com\/portal\/#\/schema\/person\/a74af43dd1ab3deca45f988c717d57ac\"},\"headline\":\"Deputado Dr. Thales Coelho anuncia ades\u00e3o ao governo de Rafael Fonteles e refor\u00e7a compromisso com o Piau\u00ed\",\"datePublished\":\"2024-11-25T21:03:22+00:00\",\"dateModified\":\"2024-11-26T10:37:26+00:00\",\"mainEntityOfPage\":{\"@id\":\"https:\/\/noticiaempauta.com\/portal\/deputado-dr-thales-coelho-anuncia-adesao-ao-governo-de-rafael-fonteles-e-reforca-compromisso-com-o-piaui\/\"},\"wordCount\":355,\"commentCount\":0,\"publisher\":{\"@id\":\"https:\/\/noticiaempauta.com\/portal\/#organization\"},\"image\":{\"@id\":\"https:\/\/noticiaempauta.com\/portal\/deputado-dr-thales-coelho-anuncia-adesao-ao-governo-de-rafael-fonteles-e-reforca-compromisso-com-o-piaui\/#primaryimage\"},\"thumbnailUrl\":\"https:\/\/noticiaempauta.com\/portal\/wp-content\/uploads\/2024\/11\/65cdaac6-3cf4-4c88-baae-89848b6df4cf-scaled.jpeg\",\"keywords\":[\"destaqueprincipal\"],\"articleSection\":[\"Destaques\",\"Geral\",\"Pol\u00edtica\",\"Todas as Not\u00edcias\"],\"inLanguage\":\"pt-BR\",\"potentialAction\":[{\"@type\":\"CommentAction\",\"name\":\"Comment\",\"target\":[\"https:\/\/noticiaempauta.com\/portal\/deputado-dr-thales-coelho-anuncia-adesao-ao-governo-de-rafael-fonteles-e-reforca-compromisso-com-o-piaui\/#respond\"]}]},{\"@type\":\"WebPage\",\"@id\":\"https:\/\/noticiaempauta.com\/portal\/deputado-dr-thales-coelho-anuncia-adesao-ao-governo-de-rafael-fonteles-e-reforca-compromisso-com-o-piaui\/\",\"url\":\"https:\/\/noticiaempauta.com\/portal\/deputado-dr-thales-coelho-anuncia-adesao-ao-governo-de-rafael-fonteles-e-reforca-compromisso-com-o-piaui\/\",\"name\":\"Deputado Dr. Thales Coelho anuncia ades\u00e3o ao governo de Rafael Fonteles e refor\u00e7a compromisso com o Piau\u00ed - Portal Not\u00edcia em Pauta\",\"isPartOf\":{\"@id\":\"https:\/\/noticiaempauta.com\/portal\/#website\"},\"primaryImageOfPage\":{\"@id\":\"https:\/\/noticiaempauta.com\/portal\/deputado-dr-thales-coelho-anuncia-adesao-ao-governo-de-rafael-fonteles-e-reforca-compromisso-com-o-piaui\/#primaryimage\"},\"image\":{\"@id\":\"https:\/\/noticiaempauta.com\/portal\/deputado-dr-thales-coelho-anuncia-adesao-ao-governo-de-rafael-fonteles-e-reforca-compromisso-com-o-piaui\/#primaryimage\"},\"thumbnailUrl\":\"https:\/\/noticiaempauta.com\/portal\/wp-content\/uploads\/2024\/11\/65cdaac6-3cf4-4c88-baae-89848b6df4cf-scaled.jpeg\",\"datePublished\":\"2024-11-25T21:03:22+00:00\",\"dateModified\":\"2024-11-26T10:37:26+00:00\",\"breadcrumb\":{\"@id\":\"https:\/\/noticiaempauta.com\/portal\/deputado-dr-thales-coelho-anuncia-adesao-ao-governo-de-rafael-fonteles-e-reforca-compromisso-com-o-piaui\/#breadcrumb\"},\"inLanguage\":\"pt-BR\",\"potentialAction\":[{\"@type\":\"ReadAction\",\"target\":[\"https:\/\/noticiaempauta.com\/portal\/deputado-dr-thales-coelho-anuncia-adesao-ao-governo-de-rafael-fonteles-e-reforca-compromisso-com-o-piaui\/\"]}]},{\"@type\":\"ImageObject\",\"inLanguage\":\"pt-BR\",\"@id\":\"https:\/\/noticiaempauta.com\/portal\/deputado-dr-thales-coelho-anuncia-adesao-ao-governo-de-rafael-fonteles-e-reforca-compromisso-com-o-piaui\/#primaryimage\",\"url\":\"https:\/\/noticiaempauta.com\/portal\/wp-content\/uploads\/2024\/11\/65cdaac6-3cf4-4c88-baae-89848b6df4cf-scaled.jpeg\",\"contentUrl\":\"https:\/\/noticiaempauta.com\/portal\/wp-content\/uploads\/2024\/11\/65cdaac6-3cf4-4c88-baae-89848b6df4cf-scaled.jpeg\",\"width\":2560,\"height\":1707},{\"@type\":\"BreadcrumbList\",\"@id\":\"https:\/\/noticiaempauta.com\/portal\/deputado-dr-thales-coelho-anuncia-adesao-ao-governo-de-rafael-fonteles-e-reforca-compromisso-com-o-piaui\/#breadcrumb\",\"itemListElement\":[{\"@type\":\"ListItem\",\"position\":1,\"name\":\"P\u00e1gina Inicial\",\"item\":\"https:\/\/noticiaempauta.com\/portal\/\"},{\"@type\":\"ListItem\",\"position\":2,\"name\":\"Destaques\",\"item\":\"https:\/\/noticiaempauta.com\/portal\/destaques-site\/\"},{\"@type\":\"ListItem\",\"position\":3,\"name\":\"Deputado Dr. Thales Coelho anuncia ades\u00e3o ao governo de Rafael Fonteles e refor\u00e7a compromisso com o Piau\u00ed\"}]},{\"@type\":\"WebSite\",\"@id\":\"https:\/\/noticiaempauta.com\/portal\/#website\",\"url\":\"https:\/\/noticiaempauta.com\/portal\/\",\"name\":\"Portal Not\u00edcia em Pauta\",\"description\":\"Voc\u00ea bem informado\",\"publisher\":{\"@id\":\"https:\/\/noticiaempauta.com\/portal\/#organization\"},\"potentialAction\":[{\"@type\":\"SearchAction\",\"target\":{\"@type\":\"EntryPoint\",\"urlTemplate\":\"https:\/\/noticiaempauta.com\/portal\/?s={search_term_string}\"},\"query-input\":{\"@type\":\"PropertyValueSpecification\",\"valueRequired\":true,\"valueName\":\"search_term_string\"}}],\"inLanguage\":\"pt-BR\"},{\"@type\":\"Organization\",\"@id\":\"https:\/\/noticiaempauta.com\/portal\/#organization\",\"name\":\"Portal Not\u00edcia em Pauta\",\"url\":\"https:\/\/noticiaempauta.com\/portal\/\",\"logo\":{\"@type\":\"ImageObject\",\"inLanguage\":\"pt-BR\",\"@id\":\"https:\/\/noticiaempauta.com\/portal\/#\/schema\/logo\/image\/\",\"url\":\"https:\/\/noticiaempauta.com\/portal\/wp-content\/uploads\/2022\/08\/logomarca_tema.fw_.png\",\"contentUrl\":\"https:\/\/noticiaempauta.com\/portal\/wp-content\/uploads\/2022\/08\/logomarca_tema.fw_.png\",\"width\":400,\"height\":232,\"caption\":\"Portal Not\u00edcia em Pauta\"},\"image\":{\"@id\":\"https:\/\/noticiaempauta.com\/portal\/#\/schema\/logo\/image\/\"},\"sameAs\":[\"https:\/\/www.facebook.com\/Portal-Notcia-Em-Pauta-102292869264820\/\",\"https:\/\/www.instagram.com\/portalnoticiaempauta\/\"]},{\"@type\":\"Person\",\"@id\":\"https:\/\/noticiaempauta.com\/portal\/#\/schema\/person\/a74af43dd1ab3deca45f988c717d57ac\",\"name\":\"Reda\u00e7\u00e3o\",\"image\":{\"@type\":\"ImageObject\",\"inLanguage\":\"pt-BR\",\"@id\":\"https:\/\/noticiaempauta.com\/portal\/#\/schema\/person\/image\/\",\"url\":\"https:\/\/secure.gravatar.com\/avatar\/03179346ecce6cdfc13361603e8f54242a90e5cde8618fa23c5c00aa2b0aadf3?s=96&d=mm&r=g\",\"contentUrl\":\"https:\/\/secure.gravatar.com\/avatar\/03179346ecce6cdfc13361603e8f54242a90e5cde8618fa23c5c00aa2b0aadf3?s=96&d=mm&r=g\",\"caption\":\"Reda\u00e7\u00e3o\"},\"sameAs\":[\"https:\/\/noticiaempauta.com\/portal\/\"],\"url\":\"https:\/\/noticiaempauta.com\/portal\/author\/fernando\/\"}]}<\/script>\n<!-- \/ Yoast SEO Premium plugin. -->","yoast_head_json":{"title":"Deputado Dr. Thales Coelho anuncia ades\u00e3o ao governo de Rafael Fonteles e refor\u00e7a compromisso com o Piau\u00ed - Portal Not\u00edcia em Pauta","robots":{"index":"index","follow":"follow","max-snippet":"max-snippet:-1","max-image-preview":"max-image-preview:large","max-video-preview":"max-video-preview:-1"},"canonical":"https:\/\/noticiaempauta.com\/portal\/deputado-dr-thales-coelho-anuncia-adesao-ao-governo-de-rafael-fonteles-e-reforca-compromisso-com-o-piaui\/","og_locale":"pt_BR","og_type":"article","og_title":"Deputado Dr. Thales Coelho anuncia ades\u00e3o ao governo de Rafael Fonteles e refor\u00e7a compromisso com o Piau\u00ed","og_description":"O parlamentar destaca o trabalho do governador e alinha for\u00e7as para atender demandas dos munic\u00edpios piauienses.","og_url":"https:\/\/noticiaempauta.com\/portal\/deputado-dr-thales-coelho-anuncia-adesao-ao-governo-de-rafael-fonteles-e-reforca-compromisso-com-o-piaui\/","og_site_name":"Portal Not\u00edcia em Pauta","article_publisher":"https:\/\/www.facebook.com\/Portal-Notcia-Em-Pauta-102292869264820\/","article_published_time":"2024-11-25T21:03:22+00:00","article_modified_time":"2024-11-26T10:37:26+00:00","og_image":[{"width":2560,"height":1707,"url":"https:\/\/noticiaempauta.com\/portal\/wp-content\/uploads\/2024\/11\/65cdaac6-3cf4-4c88-baae-89848b6df4cf-scaled.jpeg","type":"image\/jpeg"}],"author":"Reda\u00e7\u00e3o","twitter_card":"summary_large_image","twitter_misc":{"Escrito por":"Reda\u00e7\u00e3o","Est. tempo de leitura":"3 minutos"},"schema":{"@context":"https:\/\/schema.org","@graph":[{"@type":"Article","@id":"https:\/\/noticiaempauta.com\/portal\/deputado-dr-thales-coelho-anuncia-adesao-ao-governo-de-rafael-fonteles-e-reforca-compromisso-com-o-piaui\/#article","isPartOf":{"@id":"https:\/\/noticiaempauta.com\/portal\/deputado-dr-thales-coelho-anuncia-adesao-ao-governo-de-rafael-fonteles-e-reforca-compromisso-com-o-piaui\/"},"author":{"name":"Reda\u00e7\u00e3o","@id":"https:\/\/noticiaempauta.com\/portal\/#\/schema\/person\/a74af43dd1ab3deca45f988c717d57ac"},"headline":"Deputado Dr. Thales Coelho anuncia ades\u00e3o ao governo de Rafael Fonteles e refor\u00e7a compromisso com o Piau\u00ed","datePublished":"2024-11-25T21:03:22+00:00","dateModified":"2024-11-26T10:37:26+00:00","mainEntityOfPage":{"@id":"https:\/\/noticiaempauta.com\/portal\/deputado-dr-thales-coelho-anuncia-adesao-ao-governo-de-rafael-fonteles-e-reforca-compromisso-com-o-piaui\/"},"wordCount":355,"commentCount":0,"publisher":{"@id":"https:\/\/noticiaempauta.com\/portal\/#organization"},"image":{"@id":"https:\/\/noticiaempauta.com\/portal\/deputado-dr-thales-coelho-anuncia-adesao-ao-governo-de-rafael-fonteles-e-reforca-compromisso-com-o-piaui\/#primaryimage"},"thumbnailUrl":"https:\/\/noticiaempauta.com\/portal\/wp-content\/uploads\/2024\/11\/65cdaac6-3cf4-4c88-baae-89848b6df4cf-scaled.jpeg","keywords":["destaqueprincipal"],"articleSection":["Destaques","Geral","Pol\u00edtica","Todas as Not\u00edcias"],"inLanguage":"pt-BR","potentialAction":[{"@type":"CommentAction","name":"Comment","target":["https:\/\/noticiaempauta.com\/portal\/deputado-dr-thales-coelho-anuncia-adesao-ao-governo-de-rafael-fonteles-e-reforca-compromisso-com-o-piaui\/#respond"]}]},{"@type":"WebPage","@id":"https:\/\/noticiaempauta.com\/portal\/deputado-dr-thales-coelho-anuncia-adesao-ao-governo-de-rafael-fonteles-e-reforca-compromisso-com-o-piaui\/","url":"https:\/\/noticiaempauta.com\/portal\/deputado-dr-thales-coelho-anuncia-adesao-ao-governo-de-rafael-fonteles-e-reforca-compromisso-com-o-piaui\/","name":"Deputado Dr. Thales Coelho anuncia ades\u00e3o ao governo de Rafael Fonteles e refor\u00e7a compromisso com o Piau\u00ed - Portal Not\u00edcia em Pauta","isPartOf":{"@id":"https:\/\/noticiaempauta.com\/portal\/#website"},"primaryImageOfPage":{"@id":"https:\/\/noticiaempauta.com\/portal\/deputado-dr-thales-coelho-anuncia-adesao-ao-governo-de-rafael-fonteles-e-reforca-compromisso-com-o-piaui\/#primaryimage"},"image":{"@id":"https:\/\/noticiaempauta.com\/portal\/deputado-dr-thales-coelho-anuncia-adesao-ao-governo-de-rafael-fonteles-e-reforca-compromisso-com-o-piaui\/#primaryimage"},"thumbnailUrl":"https:\/\/noticiaempauta.com\/portal\/wp-content\/uploads\/2024\/11\/65cdaac6-3cf4-4c88-baae-89848b6df4cf-scaled.jpeg","datePublished":"2024-11-25T21:03:22+00:00","dateModified":"2024-11-26T10:37:26+00:00","breadcrumb":{"@id":"https:\/\/noticiaempauta.com\/portal\/deputado-dr-thales-coelho-anuncia-adesao-ao-governo-de-rafael-fonteles-e-reforca-compromisso-com-o-piaui\/#breadcrumb"},"inLanguage":"pt-BR","potentialAction":[{"@type":"ReadAction","target":["https:\/\/noticiaempauta.com\/portal\/deputado-dr-thales-coelho-anuncia-adesao-ao-governo-de-rafael-fonteles-e-reforca-compromisso-com-o-piaui\/"]}]},{"@type":"ImageObject","inLanguage":"pt-BR","@id":"https:\/\/noticiaempauta.com\/portal\/deputado-dr-thales-coelho-anuncia-adesao-ao-governo-de-rafael-fonteles-e-reforca-compromisso-com-o-piaui\/#primaryimage","url":"https:\/\/noticiaempauta.com\/portal\/wp-content\/uploads\/2024\/11\/65cdaac6-3cf4-4c88-baae-89848b6df4cf-scaled.jpeg","contentUrl":"https:\/\/noticiaempauta.com\/portal\/wp-content\/uploads\/2024\/11\/65cdaac6-3cf4-4c88-baae-89848b6df4cf-scaled.jpeg","width":2560,"height":1707},{"@type":"BreadcrumbList","@id":"https:\/\/noticiaempauta.com\/portal\/deputado-dr-thales-coelho-anuncia-adesao-ao-governo-de-rafael-fonteles-e-reforca-compromisso-com-o-piaui\/#breadcrumb","itemListElement":[{"@type":"ListItem","position":1,"name":"P\u00e1gina Inicial","item":"https:\/\/noticiaempauta.com\/portal\/"},{"@type":"ListItem","position":2,"name":"Destaques","item":"https:\/\/noticiaempauta.com\/portal\/destaques-site\/"},{"@type":"ListItem","position":3,"name":"Deputado Dr. Thales Coelho anuncia ades\u00e3o ao governo de Rafael Fonteles e refor\u00e7a compromisso com o Piau\u00ed"}]},{"@type":"WebSite","@id":"https:\/\/noticiaempauta.com\/portal\/#website","url":"https:\/\/noticiaempauta.com\/portal\/","name":"Portal Not\u00edcia em Pauta","description":"Voc\u00ea bem informado","publisher":{"@id":"https:\/\/noticiaempauta.com\/portal\/#organization"},"potentialAction":[{"@type":"SearchAction","target":{"@type":"EntryPoint","urlTemplate":"https:\/\/noticiaempauta.com\/portal\/?s={search_term_string}"},"query-input":{"@type":"PropertyValueSpecification","valueRequired":true,"valueName":"search_term_string"}}],"inLanguage":"pt-BR"},{"@type":"Organization","@id":"https:\/\/noticiaempauta.com\/portal\/#organization","name":"Portal Not\u00edcia em Pauta","url":"https:\/\/noticiaempauta.com\/portal\/","logo":{"@type":"ImageObject","inLanguage":"pt-BR","@id":"https:\/\/noticiaempauta.com\/portal\/#\/schema\/logo\/image\/","url":"https:\/\/noticiaempauta.com\/portal\/wp-content\/uploads\/2022\/08\/logomarca_tema.fw_.png","contentUrl":"https:\/\/noticiaempauta.com\/portal\/wp-content\/uploads\/2022\/08\/logomarca_tema.fw_.png","width":400,"height":232,"caption":"Portal Not\u00edcia em Pauta"},"image":{"@id":"https:\/\/noticiaempauta.com\/portal\/#\/schema\/logo\/image\/"},"sameAs":["https:\/\/www.facebook.com\/Portal-Notcia-Em-Pauta-102292869264820\/","https:\/\/www.instagram.com\/portalnoticiaempauta\/"]},{"@type":"Person","@id":"https:\/\/noticiaempauta.com\/portal\/#\/schema\/person\/a74af43dd1ab3deca45f988c717d57ac","name":"Reda\u00e7\u00e3o","image":{"@type":"ImageObject","inLanguage":"pt-BR","@id":"https:\/\/noticiaempauta.com\/portal\/#\/schema\/person\/image\/","url":"https:\/\/secure.gravatar.com\/avatar\/03179346ecce6cdfc13361603e8f54242a90e5cde8618fa23c5c00aa2b0aadf3?s=96&d=mm&r=g","contentUrl":"https:\/\/secure.gravatar.com\/avatar\/03179346ecce6cdfc13361603e8f54242a90e5cde8618fa23c5c00aa2b0aadf3?s=96&d=mm&r=g","caption":"Reda\u00e7\u00e3o"},"sameAs":["https:\/\/noticiaempauta.com\/portal\/"],"url":"https:\/\/noticiaempauta.com\/portal\/author\/fernando\/"}]}},"_links":{"self":[{"href":"https:\/\/noticiaempauta.com\/portal\/wp-json\/wp\/v2\/posts\/264423","targetHints":{"allow":["GET"]}}],"collection":[{"href":"https:\/\/noticiaempauta.com\/portal\/wp-json\/wp\/v2\/posts"}],"about":[{"href":"https:\/\/noticiaempauta.com\/portal\/wp-json\/wp\/v2\/types\/post"}],"author":[{"embeddable":true,"href":"https:\/\/noticiaempauta.com\/portal\/wp-json\/wp\/v2\/users\/2"}],"replies":[{"embeddable":true,"href":"https:\/\/noticiaempauta.com\/portal\/wp-json\/wp\/v2\/comments?post=264423"}],"version-history":[{"count":4,"href":"https:\/\/noticiaempauta.com\/portal\/wp-json\/wp\/v2\/posts\/264423\/revisions"}],"predecessor-version":[{"id":264432,"href":"https:\/\/noticiaempauta.com\/portal\/wp-json\/wp\/v2\/posts\/264423\/revisions\/264432"}],"wp:featuredmedia":[{"embeddable":true,"href":"https:\/\/noticiaempauta.com\/portal\/wp-json\/wp\/v2\/media\/264424"}],"wp:attachment":[{"href":"https:\/\/noticiaempauta.com\/portal\/wp-json\/wp\/v2\/media?parent=264423"}],"wp:term":[{"taxonomy":"category","embeddable":true,"href":"https:\/\/noticiaempauta.com\/portal\/wp-json\/wp\/v2\/categories?post=264423"},{"taxonomy":"post_tag","embeddable":true,"href":"https:\/\/noticiaempauta.com\/portal\/wp-json\/wp\/v2\/tags?post=264423"}],"curies":[{"name":"wp","href":"https:\/\/api.w.org\/{rel}","templated":true}]}}