{"id":264501,"date":"2024-11-28T09:49:59","date_gmt":"2024-11-28T12:49:59","guid":{"rendered":"https:\/\/noticiaempauta.com\/portal\/?p=264501"},"modified":"2024-11-28T09:50:00","modified_gmt":"2024-11-28T12:50:00","slug":"durante-evento-em-brasilia-governador-destaca-sucesso-de-solucoes-digitais-em-seguranca-saude-e-educacao-no-piaui","status":"publish","type":"post","link":"https:\/\/noticiaempauta.com\/portal\/durante-evento-em-brasilia-governador-destaca-sucesso-de-solucoes-digitais-em-seguranca-saude-e-educacao-no-piaui\/","title":{"rendered":"Durante evento em Bras\u00edlia, governador destaca sucesso de solu\u00e7\u00f5es digitais em seguran\u00e7a, sa\u00fade e educa\u00e7\u00e3o no Piau\u00ed"},"content":{"rendered":"\n<p>O governador Rafael Fonteles participou, nesta quarta-feira (27), da 6\u00aa Mostra &nbsp;de Tecnologia Bras\u00edlia Mais TI. Na ocasi\u00e3o, ele ministrou a palestra &#8220;Transforma\u00e7\u00e3o &nbsp;Digital e Inova\u00e7\u00e3o no Setor P\u00fablico: A Experi\u00eancia do Piau\u00ed no uso da Tecnologia como Ferramenta de Transforma\u00e7\u00e3o Digital dos Servi\u00e7os ao Cidad\u00e3o&#8221;, &nbsp;integrando o eixo de discuss\u00f5es Futurismo e Experi\u00eancias Imersivas.<\/p>\n\n\n\n<figure class=\"wp-block-image size-large\"><img fetchpriority=\"high\" decoding=\"async\" width=\"1024\" height=\"682\" src=\"https:\/\/noticiaempauta.com\/portal\/wp-content\/uploads\/2024\/11\/552-1024x682.jpg\" alt=\"\" class=\"wp-image-264507\" srcset=\"https:\/\/noticiaempauta.com\/portal\/wp-content\/uploads\/2024\/11\/552-1024x682.jpg 1024w, https:\/\/noticiaempauta.com\/portal\/wp-content\/uploads\/2024\/11\/552-300x200.jpg 300w, https:\/\/noticiaempauta.com\/portal\/wp-content\/uploads\/2024\/11\/552-768x512.jpg 768w, https:\/\/noticiaempauta.com\/portal\/wp-content\/uploads\/2024\/11\/552.jpg 1280w\" sizes=\"(max-width: 1024px) 100vw, 1024px\" \/><\/figure>\n\n\n\n<p>Acompanhado por Carlos Jacobino Lima, presidente do Sindicato da Ind\u00fastria da &nbsp;Informa\u00e7\u00e3o do Distrito Federal, o governador detalhou como o Piau\u00ed vem se &nbsp;beneficiando da tecnologia e inova\u00e7\u00e3o para avan\u00e7ar em \u00e1reas estrat\u00e9gicas, como &nbsp;seguran\u00e7a, sa\u00fade e educa\u00e7\u00e3o, al\u00e9m de gerar mais acesso \u00e0 presta\u00e7\u00e3o de servi\u00e7os &nbsp;\u00e0 popula\u00e7\u00e3o. &#8220;A press\u00e3o por maiores e melhores servi\u00e7os p\u00fablicos \u00e9 sempre crescente e, com as receitas limitadas, quem pode proporcionar isso \u00e9 o avan\u00e7o tecnol\u00f3gico&#8221;, disse.<\/p>\n\n\n\n<figure class=\"wp-block-image size-full\"><img decoding=\"async\" width=\"1000\" height=\"666\" src=\"https:\/\/noticiaempauta.com\/portal\/wp-content\/uploads\/2024\/11\/4562.jpg\" alt=\"\" class=\"wp-image-264506\" srcset=\"https:\/\/noticiaempauta.com\/portal\/wp-content\/uploads\/2024\/11\/4562.jpg 1000w, https:\/\/noticiaempauta.com\/portal\/wp-content\/uploads\/2024\/11\/4562-300x200.jpg 300w, https:\/\/noticiaempauta.com\/portal\/wp-content\/uploads\/2024\/11\/4562-768x511.jpg 768w\" sizes=\"(max-width: 1000px) 100vw, 1000px\" \/><\/figure>\n\n\n\n<p>Antes de conseguir os primeiros resultados, o Governo do Estado iniciou esse \u00a0processo de transforma\u00e7\u00e3o digital a partir da formata\u00e7\u00e3o do Conselho de \u00a0Transforma\u00e7\u00e3o Digital, com sa\u00fade, educa\u00e7\u00e3o e seguran\u00e7a alinhadas com a \u00e1rea meio que conduz a tecnologia do Estado. &#8220;Todos os cases de sucesso que o Piau\u00ed teve s\u00e3o frutos da intera\u00e7\u00e3o muito forte que os servidores do Estado tiveram com empresas e startups. Ent\u00e3o, o Programa de Recupera\u00e7\u00e3o de Celulares, o Piau\u00ed Sa\u00fade Digital, o nosso Programa de Educa\u00e7\u00e3o por Media\u00e7\u00e3o Tecnol\u00f3gica, o Programa de Fomento ao Ecossistema Digital, o programa de universalizar o registro civil digital de todos os cidad\u00e3os, o nosso OPA. Foi isso que gerou solu\u00e7\u00f5es realmente disruptivas que moldaram a pol\u00edtica p\u00fablica&#8221;, detalhou.<\/p>\n\n\n\n<figure class=\"wp-block-image size-full\"><img decoding=\"async\" width=\"1000\" height=\"666\" src=\"https:\/\/noticiaempauta.com\/portal\/wp-content\/uploads\/2024\/11\/321.jpg\" alt=\"\" class=\"wp-image-264505\" srcset=\"https:\/\/noticiaempauta.com\/portal\/wp-content\/uploads\/2024\/11\/321.jpg 1000w, https:\/\/noticiaempauta.com\/portal\/wp-content\/uploads\/2024\/11\/321-300x200.jpg 300w, https:\/\/noticiaempauta.com\/portal\/wp-content\/uploads\/2024\/11\/321-768x511.jpg 768w\" sizes=\"(max-width: 1000px) 100vw, 1000px\" \/><\/figure>\n\n\n\n<p><strong>Seguran\u00e7a<\/strong><\/p>\n\n\n\n<p>Durante a palestra, o governador destacou o Programa de Recupera\u00e7\u00e3o de &nbsp;Celulares. &#8220;Hoje, o protocolo do Piau\u00ed j\u00e1 \u00e9 adotado em 11 estados e o Minist\u00e9rio da Justi\u00e7a colocou como protocolo nacional. Al\u00e9m de devolvermos 10 mil aparelhos em 12 meses \u2013 e, para muita gente, o aparelho \u00e9 o maior bem que a pessoa tem \u2013 o roubo de celulares caiu 50%. Ent\u00e3o, quebrou-se a cadeia criminosa, porque inibiu-se a compra do aparelho sem nota fiscal&#8221;, explicou.<\/p>\n\n\n\n<p>Ainda na \u00e1rea da seguran\u00e7a, Rafael ressaltou a import\u00e2ncia do trabalho que vem &nbsp;sendo desenvolvido no registro digital de cada cidad\u00e3o. O Piau\u00ed \u00e9 o estado com melhor desempenho. Atualmente, 25% da popula\u00e7\u00e3o j\u00e1 est\u00e1 registrada e a meta \u00e9 chegar a 30%. A m\u00e9dia nacional \u00e9 4%. A meta do governo \u00e9, em dezembro de 2026, ter 100% da popula\u00e7\u00e3o com registro digital, come\u00e7ando pelos rec\u00e9m-nascidos, com a biometria a partir de um dia de vida.&nbsp;<\/p>\n\n\n\n<figure class=\"wp-block-image size-full\"><img loading=\"lazy\" decoding=\"async\" width=\"1000\" height=\"666\" src=\"https:\/\/noticiaempauta.com\/portal\/wp-content\/uploads\/2024\/11\/741.jpg\" alt=\"\" class=\"wp-image-264504\" srcset=\"https:\/\/noticiaempauta.com\/portal\/wp-content\/uploads\/2024\/11\/741.jpg 1000w, https:\/\/noticiaempauta.com\/portal\/wp-content\/uploads\/2024\/11\/741-300x200.jpg 300w, https:\/\/noticiaempauta.com\/portal\/wp-content\/uploads\/2024\/11\/741-768x511.jpg 768w\" sizes=\"(max-width: 1000px) 100vw, 1000px\" \/><\/figure>\n\n\n\n<p><strong>Educa\u00e7\u00e3o<\/strong><\/p>\n\n\n\n<p>De acordo com o governador, o ambiente da sala de aula no Piau\u00ed tem avan\u00e7ado a passos &nbsp;largos com uso de intelig\u00eancia artificial. &#8220;Tamb\u00e9m colocamos o ensino de IA no &nbsp;curr\u00edculo do ensino m\u00e9dio em parceria com o Google, colocando na sala de aula &nbsp;para todo mundo e n\u00e3o apenas para um grupo pequeno. Tem que ser democratizado&#8221;, &nbsp;disse.<\/p>\n\n\n\n<p><strong>Sa\u00fade<\/strong><\/p>\n\n\n\n<p>O programa Piau\u00ed Sa\u00fade Digital tamb\u00e9m foi citado pelo governador na palestra. &nbsp;Segundo ele, o programa est\u00e1 permitindo elevar o n\u00famero de atendimentos na &nbsp;aten\u00e7\u00e3o b\u00e1sica e m\u00e9dia complexidade na rede p\u00fablica a um custo menor. &#8220;Hoje &nbsp;oferecemos o Telessa\u00fade para mais de 3 milh\u00f5es de piauienses onde quer que eles estejam. Se precisar de especialista, temos o m\u00e9dico nas 1.100 unidades; se precisar de exame, pode se deslocar a um dos centros de imagem mais pr\u00f3ximo, telelaudado em poucos minutos. Toda essa tecnologia custa um d\u00f3lar por vida por m\u00eas. Ser\u00e3o mais de 1 milh\u00e3o de procedimentos por ano&#8221;, explicou.<\/p>\n\n\n\n<figure class=\"wp-block-image size-full\"><img loading=\"lazy\" decoding=\"async\" width=\"1000\" height=\"666\" src=\"https:\/\/noticiaempauta.com\/portal\/wp-content\/uploads\/2024\/11\/963.jpg\" alt=\"\" class=\"wp-image-264503\" srcset=\"https:\/\/noticiaempauta.com\/portal\/wp-content\/uploads\/2024\/11\/963.jpg 1000w, https:\/\/noticiaempauta.com\/portal\/wp-content\/uploads\/2024\/11\/963-300x200.jpg 300w, https:\/\/noticiaempauta.com\/portal\/wp-content\/uploads\/2024\/11\/963-768x511.jpg 768w\" sizes=\"(max-width: 1000px) 100vw, 1000px\" \/><\/figure>\n\n\n\n<p><strong>Transi\u00e7\u00e3o energ\u00e9tica<\/strong><\/p>\n\n\n\n<figure class=\"wp-block-image size-full\"><img loading=\"lazy\" decoding=\"async\" width=\"1000\" height=\"666\" src=\"https:\/\/noticiaempauta.com\/portal\/wp-content\/uploads\/2024\/11\/856.jpg\" alt=\"\" class=\"wp-image-264502\" srcset=\"https:\/\/noticiaempauta.com\/portal\/wp-content\/uploads\/2024\/11\/856.jpg 1000w, https:\/\/noticiaempauta.com\/portal\/wp-content\/uploads\/2024\/11\/856-300x200.jpg 300w, https:\/\/noticiaempauta.com\/portal\/wp-content\/uploads\/2024\/11\/856-768x511.jpg 768w\" sizes=\"(max-width: 1000px) 100vw, 1000px\" \/><\/figure>\n\n\n\n<p>O Piau\u00ed j\u00e1 se configura como um grande produtor de energia solar e e\u00f3lica, &nbsp;exporta cinco vezes a energia que consome e \u00e9 candidato natural. Rafael afirmou &nbsp;que a pretens\u00e3o do governo \u00e9 que o estado seja um HUB de hidrog\u00eanio verde. &#8220;N\u00f3s &nbsp;queremos ser a fonte de energia, atrair ind\u00fastrias. Esse Piau\u00ed tec, digital e &nbsp;verde que a gente sonha em ter num futuro breve&#8221;, finalizou.<\/p>\n","protected":false},"excerpt":{"rendered":"<p>O governador Rafael Fonteles participou, nesta quarta-feira (27), da 6\u00aa Mostra &nbsp;de Tecnologia Bras\u00edlia Mais TI. Na ocasi\u00e3o, ele ministrou a palestra &#8220;Transforma\u00e7\u00e3o &nbsp;Digital e Inova\u00e7\u00e3o no Setor P\u00fablico: A Experi\u00eancia do Piau\u00ed no uso da Tecnologia como Ferramenta de Transforma\u00e7\u00e3o Digital dos Servi\u00e7os ao Cidad\u00e3o&#8221;, &nbsp;integrando o eixo de discuss\u00f5es Futurismo e Experi\u00eancias Imersivas. [&hellip;]<\/p>\n","protected":false},"author":2,"featured_media":264502,"comment_status":"open","ping_status":"open","sticky":false,"template":"","format":"standard","meta":{"_mi_skip_tracking":false,"footnotes":""},"categories":[25,1,16],"tags":[192],"class_list":["post-264501","post","type-post","status-publish","format-standard","has-post-thumbnail","hentry","category-destaques-site","category-geral","category-todas","tag-destaqueprincipal"],"acf":[],"yoast_head":"<!-- This site is optimized with the Yoast SEO Premium plugin v19.2 (Yoast SEO v26.9) - https:\/\/yoast.com\/product\/yoast-seo-premium-wordpress\/ -->\n<title>Durante evento em Bras\u00edlia, governador destaca sucesso de solu\u00e7\u00f5es digitais em seguran\u00e7a, sa\u00fade e educa\u00e7\u00e3o no Piau\u00ed - Portal Not\u00edcia em Pauta<\/title>\n<meta name=\"robots\" content=\"index, follow, max-snippet:-1, max-image-preview:large, max-video-preview:-1\" \/>\n<link rel=\"canonical\" href=\"https:\/\/noticiaempauta.com\/portal\/durante-evento-em-brasilia-governador-destaca-sucesso-de-solucoes-digitais-em-seguranca-saude-e-educacao-no-piaui\/\" \/>\n<meta property=\"og:locale\" content=\"pt_BR\" \/>\n<meta property=\"og:type\" content=\"article\" \/>\n<meta property=\"og:title\" content=\"Durante evento em Bras\u00edlia, governador destaca sucesso de solu\u00e7\u00f5es digitais em seguran\u00e7a, sa\u00fade e educa\u00e7\u00e3o no Piau\u00ed\" \/>\n<meta property=\"og:description\" content=\"O governador Rafael Fonteles participou, nesta quarta-feira (27), da 6\u00aa Mostra &nbsp;de Tecnologia Bras\u00edlia Mais TI. Na ocasi\u00e3o, ele ministrou a palestra &#8220;Transforma\u00e7\u00e3o &nbsp;Digital e Inova\u00e7\u00e3o no Setor P\u00fablico: A Experi\u00eancia do Piau\u00ed no uso da Tecnologia como Ferramenta de Transforma\u00e7\u00e3o Digital dos Servi\u00e7os ao Cidad\u00e3o&#8221;, &nbsp;integrando o eixo de discuss\u00f5es Futurismo e Experi\u00eancias Imersivas. [&hellip;]\" \/>\n<meta property=\"og:url\" content=\"https:\/\/noticiaempauta.com\/portal\/durante-evento-em-brasilia-governador-destaca-sucesso-de-solucoes-digitais-em-seguranca-saude-e-educacao-no-piaui\/\" \/>\n<meta property=\"og:site_name\" content=\"Portal Not\u00edcia em Pauta\" \/>\n<meta property=\"article:publisher\" content=\"https:\/\/www.facebook.com\/Portal-Notcia-Em-Pauta-102292869264820\/\" \/>\n<meta property=\"article:published_time\" content=\"2024-11-28T12:49:59+00:00\" \/>\n<meta property=\"article:modified_time\" content=\"2024-11-28T12:50:00+00:00\" \/>\n<meta property=\"og:image\" content=\"https:\/\/noticiaempauta.com\/portal\/wp-content\/uploads\/2024\/11\/856.jpg\" \/>\n\t<meta property=\"og:image:width\" content=\"1000\" \/>\n\t<meta property=\"og:image:height\" content=\"666\" \/>\n\t<meta property=\"og:image:type\" content=\"image\/jpeg\" \/>\n<meta name=\"author\" content=\"Reda\u00e7\u00e3o\" \/>\n<meta name=\"twitter:card\" content=\"summary_large_image\" \/>\n<meta name=\"twitter:label1\" content=\"Escrito por\" \/>\n\t<meta name=\"twitter:data1\" content=\"Reda\u00e7\u00e3o\" \/>\n\t<meta name=\"twitter:label2\" content=\"Est. tempo de leitura\" \/>\n\t<meta name=\"twitter:data2\" content=\"5 minutos\" \/>\n<script type=\"application\/ld+json\" class=\"yoast-schema-graph\">{\"@context\":\"https:\/\/schema.org\",\"@graph\":[{\"@type\":\"Article\",\"@id\":\"https:\/\/noticiaempauta.com\/portal\/durante-evento-em-brasilia-governador-destaca-sucesso-de-solucoes-digitais-em-seguranca-saude-e-educacao-no-piaui\/#article\",\"isPartOf\":{\"@id\":\"https:\/\/noticiaempauta.com\/portal\/durante-evento-em-brasilia-governador-destaca-sucesso-de-solucoes-digitais-em-seguranca-saude-e-educacao-no-piaui\/\"},\"author\":{\"name\":\"Reda\u00e7\u00e3o\",\"@id\":\"https:\/\/noticiaempauta.com\/portal\/#\/schema\/person\/a74af43dd1ab3deca45f988c717d57ac\"},\"headline\":\"Durante evento em Bras\u00edlia, governador destaca sucesso de solu\u00e7\u00f5es digitais em seguran\u00e7a, sa\u00fade e educa\u00e7\u00e3o no Piau\u00ed\",\"datePublished\":\"2024-11-28T12:49:59+00:00\",\"dateModified\":\"2024-11-28T12:50:00+00:00\",\"mainEntityOfPage\":{\"@id\":\"https:\/\/noticiaempauta.com\/portal\/durante-evento-em-brasilia-governador-destaca-sucesso-de-solucoes-digitais-em-seguranca-saude-e-educacao-no-piaui\/\"},\"wordCount\":741,\"commentCount\":0,\"publisher\":{\"@id\":\"https:\/\/noticiaempauta.com\/portal\/#organization\"},\"image\":{\"@id\":\"https:\/\/noticiaempauta.com\/portal\/durante-evento-em-brasilia-governador-destaca-sucesso-de-solucoes-digitais-em-seguranca-saude-e-educacao-no-piaui\/#primaryimage\"},\"thumbnailUrl\":\"https:\/\/noticiaempauta.com\/portal\/wp-content\/uploads\/2024\/11\/856.jpg\",\"keywords\":[\"destaqueprincipal\"],\"articleSection\":[\"Destaques\",\"Geral\",\"Todas as Not\u00edcias\"],\"inLanguage\":\"pt-BR\",\"potentialAction\":[{\"@type\":\"CommentAction\",\"name\":\"Comment\",\"target\":[\"https:\/\/noticiaempauta.com\/portal\/durante-evento-em-brasilia-governador-destaca-sucesso-de-solucoes-digitais-em-seguranca-saude-e-educacao-no-piaui\/#respond\"]}]},{\"@type\":\"WebPage\",\"@id\":\"https:\/\/noticiaempauta.com\/portal\/durante-evento-em-brasilia-governador-destaca-sucesso-de-solucoes-digitais-em-seguranca-saude-e-educacao-no-piaui\/\",\"url\":\"https:\/\/noticiaempauta.com\/portal\/durante-evento-em-brasilia-governador-destaca-sucesso-de-solucoes-digitais-em-seguranca-saude-e-educacao-no-piaui\/\",\"name\":\"Durante evento em Bras\u00edlia, governador destaca sucesso de solu\u00e7\u00f5es digitais em seguran\u00e7a, sa\u00fade e educa\u00e7\u00e3o no Piau\u00ed - Portal Not\u00edcia em Pauta\",\"isPartOf\":{\"@id\":\"https:\/\/noticiaempauta.com\/portal\/#website\"},\"primaryImageOfPage\":{\"@id\":\"https:\/\/noticiaempauta.com\/portal\/durante-evento-em-brasilia-governador-destaca-sucesso-de-solucoes-digitais-em-seguranca-saude-e-educacao-no-piaui\/#primaryimage\"},\"image\":{\"@id\":\"https:\/\/noticiaempauta.com\/portal\/durante-evento-em-brasilia-governador-destaca-sucesso-de-solucoes-digitais-em-seguranca-saude-e-educacao-no-piaui\/#primaryimage\"},\"thumbnailUrl\":\"https:\/\/noticiaempauta.com\/portal\/wp-content\/uploads\/2024\/11\/856.jpg\",\"datePublished\":\"2024-11-28T12:49:59+00:00\",\"dateModified\":\"2024-11-28T12:50:00+00:00\",\"breadcrumb\":{\"@id\":\"https:\/\/noticiaempauta.com\/portal\/durante-evento-em-brasilia-governador-destaca-sucesso-de-solucoes-digitais-em-seguranca-saude-e-educacao-no-piaui\/#breadcrumb\"},\"inLanguage\":\"pt-BR\",\"potentialAction\":[{\"@type\":\"ReadAction\",\"target\":[\"https:\/\/noticiaempauta.com\/portal\/durante-evento-em-brasilia-governador-destaca-sucesso-de-solucoes-digitais-em-seguranca-saude-e-educacao-no-piaui\/\"]}]},{\"@type\":\"ImageObject\",\"inLanguage\":\"pt-BR\",\"@id\":\"https:\/\/noticiaempauta.com\/portal\/durante-evento-em-brasilia-governador-destaca-sucesso-de-solucoes-digitais-em-seguranca-saude-e-educacao-no-piaui\/#primaryimage\",\"url\":\"https:\/\/noticiaempauta.com\/portal\/wp-content\/uploads\/2024\/11\/856.jpg\",\"contentUrl\":\"https:\/\/noticiaempauta.com\/portal\/wp-content\/uploads\/2024\/11\/856.jpg\",\"width\":1000,\"height\":666},{\"@type\":\"BreadcrumbList\",\"@id\":\"https:\/\/noticiaempauta.com\/portal\/durante-evento-em-brasilia-governador-destaca-sucesso-de-solucoes-digitais-em-seguranca-saude-e-educacao-no-piaui\/#breadcrumb\",\"itemListElement\":[{\"@type\":\"ListItem\",\"position\":1,\"name\":\"P\u00e1gina Inicial\",\"item\":\"https:\/\/noticiaempauta.com\/portal\/\"},{\"@type\":\"ListItem\",\"position\":2,\"name\":\"Destaques\",\"item\":\"https:\/\/noticiaempauta.com\/portal\/destaques-site\/\"},{\"@type\":\"ListItem\",\"position\":3,\"name\":\"Durante evento em Bras\u00edlia, governador destaca sucesso de solu\u00e7\u00f5es digitais em seguran\u00e7a, sa\u00fade e educa\u00e7\u00e3o no Piau\u00ed\"}]},{\"@type\":\"WebSite\",\"@id\":\"https:\/\/noticiaempauta.com\/portal\/#website\",\"url\":\"https:\/\/noticiaempauta.com\/portal\/\",\"name\":\"Portal Not\u00edcia em Pauta\",\"description\":\"Voc\u00ea bem informado\",\"publisher\":{\"@id\":\"https:\/\/noticiaempauta.com\/portal\/#organization\"},\"potentialAction\":[{\"@type\":\"SearchAction\",\"target\":{\"@type\":\"EntryPoint\",\"urlTemplate\":\"https:\/\/noticiaempauta.com\/portal\/?s={search_term_string}\"},\"query-input\":{\"@type\":\"PropertyValueSpecification\",\"valueRequired\":true,\"valueName\":\"search_term_string\"}}],\"inLanguage\":\"pt-BR\"},{\"@type\":\"Organization\",\"@id\":\"https:\/\/noticiaempauta.com\/portal\/#organization\",\"name\":\"Portal Not\u00edcia em Pauta\",\"url\":\"https:\/\/noticiaempauta.com\/portal\/\",\"logo\":{\"@type\":\"ImageObject\",\"inLanguage\":\"pt-BR\",\"@id\":\"https:\/\/noticiaempauta.com\/portal\/#\/schema\/logo\/image\/\",\"url\":\"https:\/\/noticiaempauta.com\/portal\/wp-content\/uploads\/2022\/08\/logomarca_tema.fw_.png\",\"contentUrl\":\"https:\/\/noticiaempauta.com\/portal\/wp-content\/uploads\/2022\/08\/logomarca_tema.fw_.png\",\"width\":400,\"height\":232,\"caption\":\"Portal Not\u00edcia em Pauta\"},\"image\":{\"@id\":\"https:\/\/noticiaempauta.com\/portal\/#\/schema\/logo\/image\/\"},\"sameAs\":[\"https:\/\/www.facebook.com\/Portal-Notcia-Em-Pauta-102292869264820\/\",\"https:\/\/www.instagram.com\/portalnoticiaempauta\/\"]},{\"@type\":\"Person\",\"@id\":\"https:\/\/noticiaempauta.com\/portal\/#\/schema\/person\/a74af43dd1ab3deca45f988c717d57ac\",\"name\":\"Reda\u00e7\u00e3o\",\"image\":{\"@type\":\"ImageObject\",\"inLanguage\":\"pt-BR\",\"@id\":\"https:\/\/noticiaempauta.com\/portal\/#\/schema\/person\/image\/\",\"url\":\"https:\/\/secure.gravatar.com\/avatar\/03179346ecce6cdfc13361603e8f54242a90e5cde8618fa23c5c00aa2b0aadf3?s=96&d=mm&r=g\",\"contentUrl\":\"https:\/\/secure.gravatar.com\/avatar\/03179346ecce6cdfc13361603e8f54242a90e5cde8618fa23c5c00aa2b0aadf3?s=96&d=mm&r=g\",\"caption\":\"Reda\u00e7\u00e3o\"},\"sameAs\":[\"https:\/\/noticiaempauta.com\/portal\/\"],\"url\":\"https:\/\/noticiaempauta.com\/portal\/author\/fernando\/\"}]}<\/script>\n<!-- \/ Yoast SEO Premium plugin. -->","yoast_head_json":{"title":"Durante evento em Bras\u00edlia, governador destaca sucesso de solu\u00e7\u00f5es digitais em seguran\u00e7a, sa\u00fade e educa\u00e7\u00e3o no Piau\u00ed - Portal Not\u00edcia em Pauta","robots":{"index":"index","follow":"follow","max-snippet":"max-snippet:-1","max-image-preview":"max-image-preview:large","max-video-preview":"max-video-preview:-1"},"canonical":"https:\/\/noticiaempauta.com\/portal\/durante-evento-em-brasilia-governador-destaca-sucesso-de-solucoes-digitais-em-seguranca-saude-e-educacao-no-piaui\/","og_locale":"pt_BR","og_type":"article","og_title":"Durante evento em Bras\u00edlia, governador destaca sucesso de solu\u00e7\u00f5es digitais em seguran\u00e7a, sa\u00fade e educa\u00e7\u00e3o no Piau\u00ed","og_description":"O governador Rafael Fonteles participou, nesta quarta-feira (27), da 6\u00aa Mostra &nbsp;de Tecnologia Bras\u00edlia Mais TI. Na ocasi\u00e3o, ele ministrou a palestra &#8220;Transforma\u00e7\u00e3o &nbsp;Digital e Inova\u00e7\u00e3o no Setor P\u00fablico: A Experi\u00eancia do Piau\u00ed no uso da Tecnologia como Ferramenta de Transforma\u00e7\u00e3o Digital dos Servi\u00e7os ao Cidad\u00e3o&#8221;, &nbsp;integrando o eixo de discuss\u00f5es Futurismo e Experi\u00eancias Imersivas. [&hellip;]","og_url":"https:\/\/noticiaempauta.com\/portal\/durante-evento-em-brasilia-governador-destaca-sucesso-de-solucoes-digitais-em-seguranca-saude-e-educacao-no-piaui\/","og_site_name":"Portal Not\u00edcia em Pauta","article_publisher":"https:\/\/www.facebook.com\/Portal-Notcia-Em-Pauta-102292869264820\/","article_published_time":"2024-11-28T12:49:59+00:00","article_modified_time":"2024-11-28T12:50:00+00:00","og_image":[{"width":1000,"height":666,"url":"https:\/\/noticiaempauta.com\/portal\/wp-content\/uploads\/2024\/11\/856.jpg","type":"image\/jpeg"}],"author":"Reda\u00e7\u00e3o","twitter_card":"summary_large_image","twitter_misc":{"Escrito por":"Reda\u00e7\u00e3o","Est. tempo de leitura":"5 minutos"},"schema":{"@context":"https:\/\/schema.org","@graph":[{"@type":"Article","@id":"https:\/\/noticiaempauta.com\/portal\/durante-evento-em-brasilia-governador-destaca-sucesso-de-solucoes-digitais-em-seguranca-saude-e-educacao-no-piaui\/#article","isPartOf":{"@id":"https:\/\/noticiaempauta.com\/portal\/durante-evento-em-brasilia-governador-destaca-sucesso-de-solucoes-digitais-em-seguranca-saude-e-educacao-no-piaui\/"},"author":{"name":"Reda\u00e7\u00e3o","@id":"https:\/\/noticiaempauta.com\/portal\/#\/schema\/person\/a74af43dd1ab3deca45f988c717d57ac"},"headline":"Durante evento em Bras\u00edlia, governador destaca sucesso de solu\u00e7\u00f5es digitais em seguran\u00e7a, sa\u00fade e educa\u00e7\u00e3o no Piau\u00ed","datePublished":"2024-11-28T12:49:59+00:00","dateModified":"2024-11-28T12:50:00+00:00","mainEntityOfPage":{"@id":"https:\/\/noticiaempauta.com\/portal\/durante-evento-em-brasilia-governador-destaca-sucesso-de-solucoes-digitais-em-seguranca-saude-e-educacao-no-piaui\/"},"wordCount":741,"commentCount":0,"publisher":{"@id":"https:\/\/noticiaempauta.com\/portal\/#organization"},"image":{"@id":"https:\/\/noticiaempauta.com\/portal\/durante-evento-em-brasilia-governador-destaca-sucesso-de-solucoes-digitais-em-seguranca-saude-e-educacao-no-piaui\/#primaryimage"},"thumbnailUrl":"https:\/\/noticiaempauta.com\/portal\/wp-content\/uploads\/2024\/11\/856.jpg","keywords":["destaqueprincipal"],"articleSection":["Destaques","Geral","Todas as Not\u00edcias"],"inLanguage":"pt-BR","potentialAction":[{"@type":"CommentAction","name":"Comment","target":["https:\/\/noticiaempauta.com\/portal\/durante-evento-em-brasilia-governador-destaca-sucesso-de-solucoes-digitais-em-seguranca-saude-e-educacao-no-piaui\/#respond"]}]},{"@type":"WebPage","@id":"https:\/\/noticiaempauta.com\/portal\/durante-evento-em-brasilia-governador-destaca-sucesso-de-solucoes-digitais-em-seguranca-saude-e-educacao-no-piaui\/","url":"https:\/\/noticiaempauta.com\/portal\/durante-evento-em-brasilia-governador-destaca-sucesso-de-solucoes-digitais-em-seguranca-saude-e-educacao-no-piaui\/","name":"Durante evento em Bras\u00edlia, governador destaca sucesso de solu\u00e7\u00f5es digitais em seguran\u00e7a, sa\u00fade e educa\u00e7\u00e3o no Piau\u00ed - Portal Not\u00edcia em Pauta","isPartOf":{"@id":"https:\/\/noticiaempauta.com\/portal\/#website"},"primaryImageOfPage":{"@id":"https:\/\/noticiaempauta.com\/portal\/durante-evento-em-brasilia-governador-destaca-sucesso-de-solucoes-digitais-em-seguranca-saude-e-educacao-no-piaui\/#primaryimage"},"image":{"@id":"https:\/\/noticiaempauta.com\/portal\/durante-evento-em-brasilia-governador-destaca-sucesso-de-solucoes-digitais-em-seguranca-saude-e-educacao-no-piaui\/#primaryimage"},"thumbnailUrl":"https:\/\/noticiaempauta.com\/portal\/wp-content\/uploads\/2024\/11\/856.jpg","datePublished":"2024-11-28T12:49:59+00:00","dateModified":"2024-11-28T12:50:00+00:00","breadcrumb":{"@id":"https:\/\/noticiaempauta.com\/portal\/durante-evento-em-brasilia-governador-destaca-sucesso-de-solucoes-digitais-em-seguranca-saude-e-educacao-no-piaui\/#breadcrumb"},"inLanguage":"pt-BR","potentialAction":[{"@type":"ReadAction","target":["https:\/\/noticiaempauta.com\/portal\/durante-evento-em-brasilia-governador-destaca-sucesso-de-solucoes-digitais-em-seguranca-saude-e-educacao-no-piaui\/"]}]},{"@type":"ImageObject","inLanguage":"pt-BR","@id":"https:\/\/noticiaempauta.com\/portal\/durante-evento-em-brasilia-governador-destaca-sucesso-de-solucoes-digitais-em-seguranca-saude-e-educacao-no-piaui\/#primaryimage","url":"https:\/\/noticiaempauta.com\/portal\/wp-content\/uploads\/2024\/11\/856.jpg","contentUrl":"https:\/\/noticiaempauta.com\/portal\/wp-content\/uploads\/2024\/11\/856.jpg","width":1000,"height":666},{"@type":"BreadcrumbList","@id":"https:\/\/noticiaempauta.com\/portal\/durante-evento-em-brasilia-governador-destaca-sucesso-de-solucoes-digitais-em-seguranca-saude-e-educacao-no-piaui\/#breadcrumb","itemListElement":[{"@type":"ListItem","position":1,"name":"P\u00e1gina Inicial","item":"https:\/\/noticiaempauta.com\/portal\/"},{"@type":"ListItem","position":2,"name":"Destaques","item":"https:\/\/noticiaempauta.com\/portal\/destaques-site\/"},{"@type":"ListItem","position":3,"name":"Durante evento em Bras\u00edlia, governador destaca sucesso de solu\u00e7\u00f5es digitais em seguran\u00e7a, sa\u00fade e educa\u00e7\u00e3o no Piau\u00ed"}]},{"@type":"WebSite","@id":"https:\/\/noticiaempauta.com\/portal\/#website","url":"https:\/\/noticiaempauta.com\/portal\/","name":"Portal Not\u00edcia em Pauta","description":"Voc\u00ea bem informado","publisher":{"@id":"https:\/\/noticiaempauta.com\/portal\/#organization"},"potentialAction":[{"@type":"SearchAction","target":{"@type":"EntryPoint","urlTemplate":"https:\/\/noticiaempauta.com\/portal\/?s={search_term_string}"},"query-input":{"@type":"PropertyValueSpecification","valueRequired":true,"valueName":"search_term_string"}}],"inLanguage":"pt-BR"},{"@type":"Organization","@id":"https:\/\/noticiaempauta.com\/portal\/#organization","name":"Portal Not\u00edcia em Pauta","url":"https:\/\/noticiaempauta.com\/portal\/","logo":{"@type":"ImageObject","inLanguage":"pt-BR","@id":"https:\/\/noticiaempauta.com\/portal\/#\/schema\/logo\/image\/","url":"https:\/\/noticiaempauta.com\/portal\/wp-content\/uploads\/2022\/08\/logomarca_tema.fw_.png","contentUrl":"https:\/\/noticiaempauta.com\/portal\/wp-content\/uploads\/2022\/08\/logomarca_tema.fw_.png","width":400,"height":232,"caption":"Portal Not\u00edcia em Pauta"},"image":{"@id":"https:\/\/noticiaempauta.com\/portal\/#\/schema\/logo\/image\/"},"sameAs":["https:\/\/www.facebook.com\/Portal-Notcia-Em-Pauta-102292869264820\/","https:\/\/www.instagram.com\/portalnoticiaempauta\/"]},{"@type":"Person","@id":"https:\/\/noticiaempauta.com\/portal\/#\/schema\/person\/a74af43dd1ab3deca45f988c717d57ac","name":"Reda\u00e7\u00e3o","image":{"@type":"ImageObject","inLanguage":"pt-BR","@id":"https:\/\/noticiaempauta.com\/portal\/#\/schema\/person\/image\/","url":"https:\/\/secure.gravatar.com\/avatar\/03179346ecce6cdfc13361603e8f54242a90e5cde8618fa23c5c00aa2b0aadf3?s=96&d=mm&r=g","contentUrl":"https:\/\/secure.gravatar.com\/avatar\/03179346ecce6cdfc13361603e8f54242a90e5cde8618fa23c5c00aa2b0aadf3?s=96&d=mm&r=g","caption":"Reda\u00e7\u00e3o"},"sameAs":["https:\/\/noticiaempauta.com\/portal\/"],"url":"https:\/\/noticiaempauta.com\/portal\/author\/fernando\/"}]}},"_links":{"self":[{"href":"https:\/\/noticiaempauta.com\/portal\/wp-json\/wp\/v2\/posts\/264501","targetHints":{"allow":["GET"]}}],"collection":[{"href":"https:\/\/noticiaempauta.com\/portal\/wp-json\/wp\/v2\/posts"}],"about":[{"href":"https:\/\/noticiaempauta.com\/portal\/wp-json\/wp\/v2\/types\/post"}],"author":[{"embeddable":true,"href":"https:\/\/noticiaempauta.com\/portal\/wp-json\/wp\/v2\/users\/2"}],"replies":[{"embeddable":true,"href":"https:\/\/noticiaempauta.com\/portal\/wp-json\/wp\/v2\/comments?post=264501"}],"version-history":[{"count":2,"href":"https:\/\/noticiaempauta.com\/portal\/wp-json\/wp\/v2\/posts\/264501\/revisions"}],"predecessor-version":[{"id":264509,"href":"https:\/\/noticiaempauta.com\/portal\/wp-json\/wp\/v2\/posts\/264501\/revisions\/264509"}],"wp:featuredmedia":[{"embeddable":true,"href":"https:\/\/noticiaempauta.com\/portal\/wp-json\/wp\/v2\/media\/264502"}],"wp:attachment":[{"href":"https:\/\/noticiaempauta.com\/portal\/wp-json\/wp\/v2\/media?parent=264501"}],"wp:term":[{"taxonomy":"category","embeddable":true,"href":"https:\/\/noticiaempauta.com\/portal\/wp-json\/wp\/v2\/categories?post=264501"},{"taxonomy":"post_tag","embeddable":true,"href":"https:\/\/noticiaempauta.com\/portal\/wp-json\/wp\/v2\/tags?post=264501"}],"curies":[{"name":"wp","href":"https:\/\/api.w.org\/{rel}","templated":true}]}}