{"id":264510,"date":"2024-11-28T12:13:26","date_gmt":"2024-11-28T15:13:26","guid":{"rendered":"https:\/\/noticiaempauta.com\/portal\/?p=264510"},"modified":"2024-11-28T12:13:27","modified_gmt":"2024-11-28T15:13:27","slug":"rafael-fonteles-tem-encontro-com-kassab-e-acerta-espaco-do-psd","status":"publish","type":"post","link":"https:\/\/noticiaempauta.com\/portal\/rafael-fonteles-tem-encontro-com-kassab-e-acerta-espaco-do-psd\/","title":{"rendered":"Rafael Fonteles tem encontro com Kassab e acerta espa\u00e7o do PSD"},"content":{"rendered":"\n<p>O governador Rafael Fonteles (PT) est\u00e1 cumprindo agenda em Bras\u00edlia.\u00a0Na ocasi\u00e3o, ele\u00a0teve um encontro com o presidente nacional do PSD, Gilberto Kassab.\u00a0<\/p>\n\n\n\n<p>A coluna apurou que no encontro foi acertada a participa\u00e7\u00e3o do PSD na chapa governista de 2026.\u00a0O partido deve indicar o deputado federal J\u00falio C\u00e9sar para uma das duas vagas ao Senado Federal.<\/p>\n\n\n\n<figure class=\"wp-block-image size-full\"><img fetchpriority=\"high\" decoding=\"async\" width=\"960\" height=\"698\" src=\"https:\/\/noticiaempauta.com\/portal\/wp-content\/uploads\/2024\/11\/whatsapp-image-2024-11-28-at-09-18-53-1732796345.jpeg\" alt=\"\" class=\"wp-image-264511\" srcset=\"https:\/\/noticiaempauta.com\/portal\/wp-content\/uploads\/2024\/11\/whatsapp-image-2024-11-28-at-09-18-53-1732796345.jpeg 960w, https:\/\/noticiaempauta.com\/portal\/wp-content\/uploads\/2024\/11\/whatsapp-image-2024-11-28-at-09-18-53-1732796345-300x218.jpeg 300w, https:\/\/noticiaempauta.com\/portal\/wp-content\/uploads\/2024\/11\/whatsapp-image-2024-11-28-at-09-18-53-1732796345-768x558.jpeg 768w\" sizes=\"(max-width: 960px) 100vw, 960px\" \/><figcaption class=\"wp-element-caption\"><em>(Foto: Divulga\u00e7\u00e3o)<\/em><\/figcaption><\/figure>\n\n\n\n<p>O deputado Georgiano confirmou o acerto em torno do acordo. Agora, o governador ter\u00e1 que acalmar os \u00e2nimos de petistas como Fl\u00e1vio Nogueira.<\/p>\n\n\n\n<p><em>Fonte: Portal A10+<\/em><\/p>\n","protected":false},"excerpt":{"rendered":"<p>O governador Rafael Fonteles (PT) est\u00e1 cumprindo agenda em Bras\u00edlia.\u00a0Na ocasi\u00e3o, ele\u00a0teve um encontro com o presidente nacional do PSD, Gilberto Kassab.\u00a0 A coluna apurou que no encontro foi acertada a participa\u00e7\u00e3o do PSD na chapa governista de 2026.\u00a0O partido deve indicar o deputado federal J\u00falio C\u00e9sar para uma das duas vagas ao Senado Federal. [&hellip;]<\/p>\n","protected":false},"author":2,"featured_media":264511,"comment_status":"open","ping_status":"open","sticky":false,"template":"","format":"standard","meta":{"_mi_skip_tracking":false,"footnotes":""},"categories":[25,1,3,16],"tags":[],"class_list":["post-264510","post","type-post","status-publish","format-standard","has-post-thumbnail","hentry","category-destaques-site","category-geral","category-politica","category-todas"],"acf":[],"yoast_head":"<!-- This site is optimized with the Yoast SEO Premium plugin v19.2 (Yoast SEO v26.9) - https:\/\/yoast.com\/product\/yoast-seo-premium-wordpress\/ -->\n<title>Rafael Fonteles tem encontro com Kassab e acerta espa\u00e7o do PSD - Portal Not\u00edcia em Pauta<\/title>\n<meta name=\"robots\" content=\"index, follow, max-snippet:-1, max-image-preview:large, max-video-preview:-1\" \/>\n<link rel=\"canonical\" href=\"https:\/\/noticiaempauta.com\/portal\/rafael-fonteles-tem-encontro-com-kassab-e-acerta-espaco-do-psd\/\" \/>\n<meta property=\"og:locale\" content=\"pt_BR\" \/>\n<meta property=\"og:type\" content=\"article\" \/>\n<meta property=\"og:title\" content=\"Rafael Fonteles tem encontro com Kassab e acerta espa\u00e7o do PSD\" \/>\n<meta property=\"og:description\" content=\"O governador Rafael Fonteles (PT) est\u00e1 cumprindo agenda em Bras\u00edlia.\u00a0Na ocasi\u00e3o, ele\u00a0teve um encontro com o presidente nacional do PSD, Gilberto Kassab.\u00a0 A coluna apurou que no encontro foi acertada a participa\u00e7\u00e3o do PSD na chapa governista de 2026.\u00a0O partido deve indicar o deputado federal J\u00falio C\u00e9sar para uma das duas vagas ao Senado Federal. [&hellip;]\" \/>\n<meta property=\"og:url\" content=\"https:\/\/noticiaempauta.com\/portal\/rafael-fonteles-tem-encontro-com-kassab-e-acerta-espaco-do-psd\/\" \/>\n<meta property=\"og:site_name\" content=\"Portal Not\u00edcia em Pauta\" \/>\n<meta property=\"article:publisher\" content=\"https:\/\/www.facebook.com\/Portal-Notcia-Em-Pauta-102292869264820\/\" \/>\n<meta property=\"article:published_time\" content=\"2024-11-28T15:13:26+00:00\" \/>\n<meta property=\"article:modified_time\" content=\"2024-11-28T15:13:27+00:00\" \/>\n<meta property=\"og:image\" content=\"https:\/\/noticiaempauta.com\/portal\/wp-content\/uploads\/2024\/11\/whatsapp-image-2024-11-28-at-09-18-53-1732796345.jpeg\" \/>\n\t<meta property=\"og:image:width\" content=\"960\" \/>\n\t<meta property=\"og:image:height\" content=\"698\" \/>\n\t<meta property=\"og:image:type\" content=\"image\/jpeg\" \/>\n<meta name=\"author\" content=\"Reda\u00e7\u00e3o\" \/>\n<meta name=\"twitter:card\" content=\"summary_large_image\" \/>\n<meta name=\"twitter:label1\" content=\"Escrito por\" \/>\n\t<meta name=\"twitter:data1\" content=\"Reda\u00e7\u00e3o\" \/>\n\t<meta name=\"twitter:label2\" content=\"Est. tempo de leitura\" \/>\n\t<meta name=\"twitter:data2\" content=\"1 minuto\" \/>\n<script type=\"application\/ld+json\" class=\"yoast-schema-graph\">{\"@context\":\"https:\/\/schema.org\",\"@graph\":[{\"@type\":\"Article\",\"@id\":\"https:\/\/noticiaempauta.com\/portal\/rafael-fonteles-tem-encontro-com-kassab-e-acerta-espaco-do-psd\/#article\",\"isPartOf\":{\"@id\":\"https:\/\/noticiaempauta.com\/portal\/rafael-fonteles-tem-encontro-com-kassab-e-acerta-espaco-do-psd\/\"},\"author\":{\"name\":\"Reda\u00e7\u00e3o\",\"@id\":\"https:\/\/noticiaempauta.com\/portal\/#\/schema\/person\/a74af43dd1ab3deca45f988c717d57ac\"},\"headline\":\"Rafael Fonteles tem encontro com Kassab e acerta espa\u00e7o do PSD\",\"datePublished\":\"2024-11-28T15:13:26+00:00\",\"dateModified\":\"2024-11-28T15:13:27+00:00\",\"mainEntityOfPage\":{\"@id\":\"https:\/\/noticiaempauta.com\/portal\/rafael-fonteles-tem-encontro-com-kassab-e-acerta-espaco-do-psd\/\"},\"wordCount\":104,\"commentCount\":0,\"publisher\":{\"@id\":\"https:\/\/noticiaempauta.com\/portal\/#organization\"},\"image\":{\"@id\":\"https:\/\/noticiaempauta.com\/portal\/rafael-fonteles-tem-encontro-com-kassab-e-acerta-espaco-do-psd\/#primaryimage\"},\"thumbnailUrl\":\"https:\/\/noticiaempauta.com\/portal\/wp-content\/uploads\/2024\/11\/whatsapp-image-2024-11-28-at-09-18-53-1732796345.jpeg\",\"articleSection\":[\"Destaques\",\"Geral\",\"Pol\u00edtica\",\"Todas as Not\u00edcias\"],\"inLanguage\":\"pt-BR\",\"potentialAction\":[{\"@type\":\"CommentAction\",\"name\":\"Comment\",\"target\":[\"https:\/\/noticiaempauta.com\/portal\/rafael-fonteles-tem-encontro-com-kassab-e-acerta-espaco-do-psd\/#respond\"]}]},{\"@type\":\"WebPage\",\"@id\":\"https:\/\/noticiaempauta.com\/portal\/rafael-fonteles-tem-encontro-com-kassab-e-acerta-espaco-do-psd\/\",\"url\":\"https:\/\/noticiaempauta.com\/portal\/rafael-fonteles-tem-encontro-com-kassab-e-acerta-espaco-do-psd\/\",\"name\":\"Rafael Fonteles tem encontro com Kassab e acerta espa\u00e7o do PSD - Portal Not\u00edcia em Pauta\",\"isPartOf\":{\"@id\":\"https:\/\/noticiaempauta.com\/portal\/#website\"},\"primaryImageOfPage\":{\"@id\":\"https:\/\/noticiaempauta.com\/portal\/rafael-fonteles-tem-encontro-com-kassab-e-acerta-espaco-do-psd\/#primaryimage\"},\"image\":{\"@id\":\"https:\/\/noticiaempauta.com\/portal\/rafael-fonteles-tem-encontro-com-kassab-e-acerta-espaco-do-psd\/#primaryimage\"},\"thumbnailUrl\":\"https:\/\/noticiaempauta.com\/portal\/wp-content\/uploads\/2024\/11\/whatsapp-image-2024-11-28-at-09-18-53-1732796345.jpeg\",\"datePublished\":\"2024-11-28T15:13:26+00:00\",\"dateModified\":\"2024-11-28T15:13:27+00:00\",\"breadcrumb\":{\"@id\":\"https:\/\/noticiaempauta.com\/portal\/rafael-fonteles-tem-encontro-com-kassab-e-acerta-espaco-do-psd\/#breadcrumb\"},\"inLanguage\":\"pt-BR\",\"potentialAction\":[{\"@type\":\"ReadAction\",\"target\":[\"https:\/\/noticiaempauta.com\/portal\/rafael-fonteles-tem-encontro-com-kassab-e-acerta-espaco-do-psd\/\"]}]},{\"@type\":\"ImageObject\",\"inLanguage\":\"pt-BR\",\"@id\":\"https:\/\/noticiaempauta.com\/portal\/rafael-fonteles-tem-encontro-com-kassab-e-acerta-espaco-do-psd\/#primaryimage\",\"url\":\"https:\/\/noticiaempauta.com\/portal\/wp-content\/uploads\/2024\/11\/whatsapp-image-2024-11-28-at-09-18-53-1732796345.jpeg\",\"contentUrl\":\"https:\/\/noticiaempauta.com\/portal\/wp-content\/uploads\/2024\/11\/whatsapp-image-2024-11-28-at-09-18-53-1732796345.jpeg\",\"width\":960,\"height\":698},{\"@type\":\"BreadcrumbList\",\"@id\":\"https:\/\/noticiaempauta.com\/portal\/rafael-fonteles-tem-encontro-com-kassab-e-acerta-espaco-do-psd\/#breadcrumb\",\"itemListElement\":[{\"@type\":\"ListItem\",\"position\":1,\"name\":\"P\u00e1gina Inicial\",\"item\":\"https:\/\/noticiaempauta.com\/portal\/\"},{\"@type\":\"ListItem\",\"position\":2,\"name\":\"Destaques\",\"item\":\"https:\/\/noticiaempauta.com\/portal\/destaques-site\/\"},{\"@type\":\"ListItem\",\"position\":3,\"name\":\"Rafael Fonteles tem encontro com Kassab e acerta espa\u00e7o do PSD\"}]},{\"@type\":\"WebSite\",\"@id\":\"https:\/\/noticiaempauta.com\/portal\/#website\",\"url\":\"https:\/\/noticiaempauta.com\/portal\/\",\"name\":\"Portal Not\u00edcia em Pauta\",\"description\":\"Voc\u00ea bem informado\",\"publisher\":{\"@id\":\"https:\/\/noticiaempauta.com\/portal\/#organization\"},\"potentialAction\":[{\"@type\":\"SearchAction\",\"target\":{\"@type\":\"EntryPoint\",\"urlTemplate\":\"https:\/\/noticiaempauta.com\/portal\/?s={search_term_string}\"},\"query-input\":{\"@type\":\"PropertyValueSpecification\",\"valueRequired\":true,\"valueName\":\"search_term_string\"}}],\"inLanguage\":\"pt-BR\"},{\"@type\":\"Organization\",\"@id\":\"https:\/\/noticiaempauta.com\/portal\/#organization\",\"name\":\"Portal Not\u00edcia em Pauta\",\"url\":\"https:\/\/noticiaempauta.com\/portal\/\",\"logo\":{\"@type\":\"ImageObject\",\"inLanguage\":\"pt-BR\",\"@id\":\"https:\/\/noticiaempauta.com\/portal\/#\/schema\/logo\/image\/\",\"url\":\"https:\/\/noticiaempauta.com\/portal\/wp-content\/uploads\/2022\/08\/logomarca_tema.fw_.png\",\"contentUrl\":\"https:\/\/noticiaempauta.com\/portal\/wp-content\/uploads\/2022\/08\/logomarca_tema.fw_.png\",\"width\":400,\"height\":232,\"caption\":\"Portal Not\u00edcia em Pauta\"},\"image\":{\"@id\":\"https:\/\/noticiaempauta.com\/portal\/#\/schema\/logo\/image\/\"},\"sameAs\":[\"https:\/\/www.facebook.com\/Portal-Notcia-Em-Pauta-102292869264820\/\",\"https:\/\/www.instagram.com\/portalnoticiaempauta\/\"]},{\"@type\":\"Person\",\"@id\":\"https:\/\/noticiaempauta.com\/portal\/#\/schema\/person\/a74af43dd1ab3deca45f988c717d57ac\",\"name\":\"Reda\u00e7\u00e3o\",\"image\":{\"@type\":\"ImageObject\",\"inLanguage\":\"pt-BR\",\"@id\":\"https:\/\/noticiaempauta.com\/portal\/#\/schema\/person\/image\/\",\"url\":\"https:\/\/secure.gravatar.com\/avatar\/03179346ecce6cdfc13361603e8f54242a90e5cde8618fa23c5c00aa2b0aadf3?s=96&d=mm&r=g\",\"contentUrl\":\"https:\/\/secure.gravatar.com\/avatar\/03179346ecce6cdfc13361603e8f54242a90e5cde8618fa23c5c00aa2b0aadf3?s=96&d=mm&r=g\",\"caption\":\"Reda\u00e7\u00e3o\"},\"sameAs\":[\"https:\/\/noticiaempauta.com\/portal\/\"],\"url\":\"https:\/\/noticiaempauta.com\/portal\/author\/fernando\/\"}]}<\/script>\n<!-- \/ Yoast SEO Premium plugin. -->","yoast_head_json":{"title":"Rafael Fonteles tem encontro com Kassab e acerta espa\u00e7o do PSD - Portal Not\u00edcia em Pauta","robots":{"index":"index","follow":"follow","max-snippet":"max-snippet:-1","max-image-preview":"max-image-preview:large","max-video-preview":"max-video-preview:-1"},"canonical":"https:\/\/noticiaempauta.com\/portal\/rafael-fonteles-tem-encontro-com-kassab-e-acerta-espaco-do-psd\/","og_locale":"pt_BR","og_type":"article","og_title":"Rafael Fonteles tem encontro com Kassab e acerta espa\u00e7o do PSD","og_description":"O governador Rafael Fonteles (PT) est\u00e1 cumprindo agenda em Bras\u00edlia.\u00a0Na ocasi\u00e3o, ele\u00a0teve um encontro com o presidente nacional do PSD, Gilberto Kassab.\u00a0 A coluna apurou que no encontro foi acertada a participa\u00e7\u00e3o do PSD na chapa governista de 2026.\u00a0O partido deve indicar o deputado federal J\u00falio C\u00e9sar para uma das duas vagas ao Senado Federal. [&hellip;]","og_url":"https:\/\/noticiaempauta.com\/portal\/rafael-fonteles-tem-encontro-com-kassab-e-acerta-espaco-do-psd\/","og_site_name":"Portal Not\u00edcia em Pauta","article_publisher":"https:\/\/www.facebook.com\/Portal-Notcia-Em-Pauta-102292869264820\/","article_published_time":"2024-11-28T15:13:26+00:00","article_modified_time":"2024-11-28T15:13:27+00:00","og_image":[{"width":960,"height":698,"url":"https:\/\/noticiaempauta.com\/portal\/wp-content\/uploads\/2024\/11\/whatsapp-image-2024-11-28-at-09-18-53-1732796345.jpeg","type":"image\/jpeg"}],"author":"Reda\u00e7\u00e3o","twitter_card":"summary_large_image","twitter_misc":{"Escrito por":"Reda\u00e7\u00e3o","Est. tempo de leitura":"1 minuto"},"schema":{"@context":"https:\/\/schema.org","@graph":[{"@type":"Article","@id":"https:\/\/noticiaempauta.com\/portal\/rafael-fonteles-tem-encontro-com-kassab-e-acerta-espaco-do-psd\/#article","isPartOf":{"@id":"https:\/\/noticiaempauta.com\/portal\/rafael-fonteles-tem-encontro-com-kassab-e-acerta-espaco-do-psd\/"},"author":{"name":"Reda\u00e7\u00e3o","@id":"https:\/\/noticiaempauta.com\/portal\/#\/schema\/person\/a74af43dd1ab3deca45f988c717d57ac"},"headline":"Rafael Fonteles tem encontro com Kassab e acerta espa\u00e7o do PSD","datePublished":"2024-11-28T15:13:26+00:00","dateModified":"2024-11-28T15:13:27+00:00","mainEntityOfPage":{"@id":"https:\/\/noticiaempauta.com\/portal\/rafael-fonteles-tem-encontro-com-kassab-e-acerta-espaco-do-psd\/"},"wordCount":104,"commentCount":0,"publisher":{"@id":"https:\/\/noticiaempauta.com\/portal\/#organization"},"image":{"@id":"https:\/\/noticiaempauta.com\/portal\/rafael-fonteles-tem-encontro-com-kassab-e-acerta-espaco-do-psd\/#primaryimage"},"thumbnailUrl":"https:\/\/noticiaempauta.com\/portal\/wp-content\/uploads\/2024\/11\/whatsapp-image-2024-11-28-at-09-18-53-1732796345.jpeg","articleSection":["Destaques","Geral","Pol\u00edtica","Todas as Not\u00edcias"],"inLanguage":"pt-BR","potentialAction":[{"@type":"CommentAction","name":"Comment","target":["https:\/\/noticiaempauta.com\/portal\/rafael-fonteles-tem-encontro-com-kassab-e-acerta-espaco-do-psd\/#respond"]}]},{"@type":"WebPage","@id":"https:\/\/noticiaempauta.com\/portal\/rafael-fonteles-tem-encontro-com-kassab-e-acerta-espaco-do-psd\/","url":"https:\/\/noticiaempauta.com\/portal\/rafael-fonteles-tem-encontro-com-kassab-e-acerta-espaco-do-psd\/","name":"Rafael Fonteles tem encontro com Kassab e acerta espa\u00e7o do PSD - Portal Not\u00edcia em Pauta","isPartOf":{"@id":"https:\/\/noticiaempauta.com\/portal\/#website"},"primaryImageOfPage":{"@id":"https:\/\/noticiaempauta.com\/portal\/rafael-fonteles-tem-encontro-com-kassab-e-acerta-espaco-do-psd\/#primaryimage"},"image":{"@id":"https:\/\/noticiaempauta.com\/portal\/rafael-fonteles-tem-encontro-com-kassab-e-acerta-espaco-do-psd\/#primaryimage"},"thumbnailUrl":"https:\/\/noticiaempauta.com\/portal\/wp-content\/uploads\/2024\/11\/whatsapp-image-2024-11-28-at-09-18-53-1732796345.jpeg","datePublished":"2024-11-28T15:13:26+00:00","dateModified":"2024-11-28T15:13:27+00:00","breadcrumb":{"@id":"https:\/\/noticiaempauta.com\/portal\/rafael-fonteles-tem-encontro-com-kassab-e-acerta-espaco-do-psd\/#breadcrumb"},"inLanguage":"pt-BR","potentialAction":[{"@type":"ReadAction","target":["https:\/\/noticiaempauta.com\/portal\/rafael-fonteles-tem-encontro-com-kassab-e-acerta-espaco-do-psd\/"]}]},{"@type":"ImageObject","inLanguage":"pt-BR","@id":"https:\/\/noticiaempauta.com\/portal\/rafael-fonteles-tem-encontro-com-kassab-e-acerta-espaco-do-psd\/#primaryimage","url":"https:\/\/noticiaempauta.com\/portal\/wp-content\/uploads\/2024\/11\/whatsapp-image-2024-11-28-at-09-18-53-1732796345.jpeg","contentUrl":"https:\/\/noticiaempauta.com\/portal\/wp-content\/uploads\/2024\/11\/whatsapp-image-2024-11-28-at-09-18-53-1732796345.jpeg","width":960,"height":698},{"@type":"BreadcrumbList","@id":"https:\/\/noticiaempauta.com\/portal\/rafael-fonteles-tem-encontro-com-kassab-e-acerta-espaco-do-psd\/#breadcrumb","itemListElement":[{"@type":"ListItem","position":1,"name":"P\u00e1gina Inicial","item":"https:\/\/noticiaempauta.com\/portal\/"},{"@type":"ListItem","position":2,"name":"Destaques","item":"https:\/\/noticiaempauta.com\/portal\/destaques-site\/"},{"@type":"ListItem","position":3,"name":"Rafael Fonteles tem encontro com Kassab e acerta espa\u00e7o do PSD"}]},{"@type":"WebSite","@id":"https:\/\/noticiaempauta.com\/portal\/#website","url":"https:\/\/noticiaempauta.com\/portal\/","name":"Portal Not\u00edcia em Pauta","description":"Voc\u00ea bem informado","publisher":{"@id":"https:\/\/noticiaempauta.com\/portal\/#organization"},"potentialAction":[{"@type":"SearchAction","target":{"@type":"EntryPoint","urlTemplate":"https:\/\/noticiaempauta.com\/portal\/?s={search_term_string}"},"query-input":{"@type":"PropertyValueSpecification","valueRequired":true,"valueName":"search_term_string"}}],"inLanguage":"pt-BR"},{"@type":"Organization","@id":"https:\/\/noticiaempauta.com\/portal\/#organization","name":"Portal Not\u00edcia em Pauta","url":"https:\/\/noticiaempauta.com\/portal\/","logo":{"@type":"ImageObject","inLanguage":"pt-BR","@id":"https:\/\/noticiaempauta.com\/portal\/#\/schema\/logo\/image\/","url":"https:\/\/noticiaempauta.com\/portal\/wp-content\/uploads\/2022\/08\/logomarca_tema.fw_.png","contentUrl":"https:\/\/noticiaempauta.com\/portal\/wp-content\/uploads\/2022\/08\/logomarca_tema.fw_.png","width":400,"height":232,"caption":"Portal Not\u00edcia em Pauta"},"image":{"@id":"https:\/\/noticiaempauta.com\/portal\/#\/schema\/logo\/image\/"},"sameAs":["https:\/\/www.facebook.com\/Portal-Notcia-Em-Pauta-102292869264820\/","https:\/\/www.instagram.com\/portalnoticiaempauta\/"]},{"@type":"Person","@id":"https:\/\/noticiaempauta.com\/portal\/#\/schema\/person\/a74af43dd1ab3deca45f988c717d57ac","name":"Reda\u00e7\u00e3o","image":{"@type":"ImageObject","inLanguage":"pt-BR","@id":"https:\/\/noticiaempauta.com\/portal\/#\/schema\/person\/image\/","url":"https:\/\/secure.gravatar.com\/avatar\/03179346ecce6cdfc13361603e8f54242a90e5cde8618fa23c5c00aa2b0aadf3?s=96&d=mm&r=g","contentUrl":"https:\/\/secure.gravatar.com\/avatar\/03179346ecce6cdfc13361603e8f54242a90e5cde8618fa23c5c00aa2b0aadf3?s=96&d=mm&r=g","caption":"Reda\u00e7\u00e3o"},"sameAs":["https:\/\/noticiaempauta.com\/portal\/"],"url":"https:\/\/noticiaempauta.com\/portal\/author\/fernando\/"}]}},"_links":{"self":[{"href":"https:\/\/noticiaempauta.com\/portal\/wp-json\/wp\/v2\/posts\/264510","targetHints":{"allow":["GET"]}}],"collection":[{"href":"https:\/\/noticiaempauta.com\/portal\/wp-json\/wp\/v2\/posts"}],"about":[{"href":"https:\/\/noticiaempauta.com\/portal\/wp-json\/wp\/v2\/types\/post"}],"author":[{"embeddable":true,"href":"https:\/\/noticiaempauta.com\/portal\/wp-json\/wp\/v2\/users\/2"}],"replies":[{"embeddable":true,"href":"https:\/\/noticiaempauta.com\/portal\/wp-json\/wp\/v2\/comments?post=264510"}],"version-history":[{"count":1,"href":"https:\/\/noticiaempauta.com\/portal\/wp-json\/wp\/v2\/posts\/264510\/revisions"}],"predecessor-version":[{"id":264512,"href":"https:\/\/noticiaempauta.com\/portal\/wp-json\/wp\/v2\/posts\/264510\/revisions\/264512"}],"wp:featuredmedia":[{"embeddable":true,"href":"https:\/\/noticiaempauta.com\/portal\/wp-json\/wp\/v2\/media\/264511"}],"wp:attachment":[{"href":"https:\/\/noticiaempauta.com\/portal\/wp-json\/wp\/v2\/media?parent=264510"}],"wp:term":[{"taxonomy":"category","embeddable":true,"href":"https:\/\/noticiaempauta.com\/portal\/wp-json\/wp\/v2\/categories?post=264510"},{"taxonomy":"post_tag","embeddable":true,"href":"https:\/\/noticiaempauta.com\/portal\/wp-json\/wp\/v2\/tags?post=264510"}],"curies":[{"name":"wp","href":"https:\/\/api.w.org\/{rel}","templated":true}]}}