{"id":264513,"date":"2024-11-28T22:18:07","date_gmt":"2024-11-29T01:18:07","guid":{"rendered":"https:\/\/noticiaempauta.com\/portal\/?p=264513"},"modified":"2024-11-28T22:56:51","modified_gmt":"2024-11-29T01:56:51","slug":"em-picos-chapa-10-encerra-campanha-com-grande-evento-e-destaca-valorizacao-da-advocacia-e-independencia-da-oab","status":"publish","type":"post","link":"https:\/\/noticiaempauta.com\/portal\/em-picos-chapa-10-encerra-campanha-com-grande-evento-e-destaca-valorizacao-da-advocacia-e-independencia-da-oab\/","title":{"rendered":"Em Picos, Chapa 10 encerra campanha com grande evento e destaca valoriza\u00e7\u00e3o da advocacia e independ\u00eancia da OAB"},"content":{"rendered":"\n<p>Na noite desta quarta-feira, 27 de novembro, a Chapa 10 &#8211; A Ordem \u00e9 Avan\u00e7ar &#8211; liderada por Yana Moura e Ernandes Curica, realizou no Espa\u00e7o Unique seu grande evento de encerramento de campanha.<\/p>\n\n\n\n<figure class=\"wp-block-image size-large\"><img fetchpriority=\"high\" decoding=\"async\" width=\"1024\" height=\"682\" src=\"https:\/\/noticiaempauta.com\/portal\/wp-content\/uploads\/2024\/11\/bd4b0bbd-cb0a-47ec-b636-1d5294c6f22d-1024x682.jpeg\" alt=\"\" class=\"wp-image-264514\" srcset=\"https:\/\/noticiaempauta.com\/portal\/wp-content\/uploads\/2024\/11\/bd4b0bbd-cb0a-47ec-b636-1d5294c6f22d-1024x682.jpeg 1024w, https:\/\/noticiaempauta.com\/portal\/wp-content\/uploads\/2024\/11\/bd4b0bbd-cb0a-47ec-b636-1d5294c6f22d-300x200.jpeg 300w, https:\/\/noticiaempauta.com\/portal\/wp-content\/uploads\/2024\/11\/bd4b0bbd-cb0a-47ec-b636-1d5294c6f22d-768x512.jpeg 768w, https:\/\/noticiaempauta.com\/portal\/wp-content\/uploads\/2024\/11\/bd4b0bbd-cb0a-47ec-b636-1d5294c6f22d-1536x1023.jpeg 1536w, https:\/\/noticiaempauta.com\/portal\/wp-content\/uploads\/2024\/11\/bd4b0bbd-cb0a-47ec-b636-1d5294c6f22d.jpeg 1600w\" sizes=\"(max-width: 1024px) 100vw, 1024px\" \/><\/figure>\n\n\n\n<p><br>A ocasi\u00e3o reuniu centenas de advogados de Picos e regi\u00e3o, refor\u00e7ando o esp\u00edrito de uni\u00e3o e inclus\u00e3o da campanha. Al\u00e9m dos conselheiros, candidatos \u00e0 diretoria e do candidato \u00e0 presid\u00eancia da OAB Seccional Piau\u00ed, Dr. Raimundo Junior, da chapa &#8220;OAB da Esperan\u00e7a&#8221;, tamb\u00e9m chapa 10, que prestigiou o encontro.<\/p>\n\n\n\n<figure class=\"wp-block-image size-large\"><img decoding=\"async\" width=\"1024\" height=\"682\" src=\"https:\/\/noticiaempauta.com\/portal\/wp-content\/uploads\/2024\/11\/0c0a4099-b1a2-47f7-acf6-a25cc4409755-1024x682.jpeg\" alt=\"\" class=\"wp-image-264515\" srcset=\"https:\/\/noticiaempauta.com\/portal\/wp-content\/uploads\/2024\/11\/0c0a4099-b1a2-47f7-acf6-a25cc4409755-1024x682.jpeg 1024w, https:\/\/noticiaempauta.com\/portal\/wp-content\/uploads\/2024\/11\/0c0a4099-b1a2-47f7-acf6-a25cc4409755-300x200.jpeg 300w, https:\/\/noticiaempauta.com\/portal\/wp-content\/uploads\/2024\/11\/0c0a4099-b1a2-47f7-acf6-a25cc4409755-768x512.jpeg 768w, https:\/\/noticiaempauta.com\/portal\/wp-content\/uploads\/2024\/11\/0c0a4099-b1a2-47f7-acf6-a25cc4409755-1536x1023.jpeg 1536w, https:\/\/noticiaempauta.com\/portal\/wp-content\/uploads\/2024\/11\/0c0a4099-b1a2-47f7-acf6-a25cc4409755.jpeg 1600w\" sizes=\"(max-width: 1024px) 100vw, 1024px\" \/><\/figure>\n\n\n\n<p>O evento marcou o fechamento de uma campanha pautada pelo di\u00e1logo, propostas concretas e um forte compromisso com os interesses da advocacia piauiense. A candidata \u00e0 presid\u00eancia da OAB Subse\u00e7\u00e3o de Picos, Yana Moura, e seu vice, Ernandes Curica, agradeceram o apoio massivo recebido ao longo da trajet\u00f3ria e refor\u00e7aram a import\u00e2ncia da participa\u00e7\u00e3o da classe nas elei\u00e7\u00f5es de ordem.<\/p>\n\n\n\n<figure class=\"wp-block-image size-large\"><img decoding=\"async\" width=\"1024\" height=\"682\" src=\"https:\/\/noticiaempauta.com\/portal\/wp-content\/uploads\/2024\/11\/0a4d79ec-6752-439b-8500-c38bfb7ea939-1024x682.jpeg\" alt=\"\" class=\"wp-image-264516\" srcset=\"https:\/\/noticiaempauta.com\/portal\/wp-content\/uploads\/2024\/11\/0a4d79ec-6752-439b-8500-c38bfb7ea939-1024x682.jpeg 1024w, https:\/\/noticiaempauta.com\/portal\/wp-content\/uploads\/2024\/11\/0a4d79ec-6752-439b-8500-c38bfb7ea939-300x200.jpeg 300w, https:\/\/noticiaempauta.com\/portal\/wp-content\/uploads\/2024\/11\/0a4d79ec-6752-439b-8500-c38bfb7ea939-768x512.jpeg 768w, https:\/\/noticiaempauta.com\/portal\/wp-content\/uploads\/2024\/11\/0a4d79ec-6752-439b-8500-c38bfb7ea939-1536x1023.jpeg 1536w, https:\/\/noticiaempauta.com\/portal\/wp-content\/uploads\/2024\/11\/0a4d79ec-6752-439b-8500-c38bfb7ea939.jpeg 1600w\" sizes=\"(max-width: 1024px) 100vw, 1024px\" \/><\/figure>\n\n\n\n<p>Dr. Raimundo Junior, em sua fala, refor\u00e7ou o compromisso com a valoriza\u00e7\u00e3o dos advogados e o papel fundamental das subse\u00e7\u00f5es no atendimento \u00e0s demandas locais da categoria. O evento foi uma oportunidade de di\u00e1logo direto entre os candidatos e a classe advocat\u00edcia, promovendo uma troca enriquecedora de ideias e propostas.<\/p>\n\n\n\n<figure class=\"wp-block-image size-large\"><img loading=\"lazy\" decoding=\"async\" width=\"682\" height=\"1024\" src=\"https:\/\/noticiaempauta.com\/portal\/wp-content\/uploads\/2024\/11\/c3f438df-77a3-4aa1-91d3-69a5b3769e58-682x1024.jpeg\" alt=\"\" class=\"wp-image-264517\" srcset=\"https:\/\/noticiaempauta.com\/portal\/wp-content\/uploads\/2024\/11\/c3f438df-77a3-4aa1-91d3-69a5b3769e58-682x1024.jpeg 682w, https:\/\/noticiaempauta.com\/portal\/wp-content\/uploads\/2024\/11\/c3f438df-77a3-4aa1-91d3-69a5b3769e58-200x300.jpeg 200w, https:\/\/noticiaempauta.com\/portal\/wp-content\/uploads\/2024\/11\/c3f438df-77a3-4aa1-91d3-69a5b3769e58-768x1153.jpeg 768w, https:\/\/noticiaempauta.com\/portal\/wp-content\/uploads\/2024\/11\/c3f438df-77a3-4aa1-91d3-69a5b3769e58-1023x1536.jpeg 1023w, https:\/\/noticiaempauta.com\/portal\/wp-content\/uploads\/2024\/11\/c3f438df-77a3-4aa1-91d3-69a5b3769e58.jpeg 1066w\" sizes=\"(max-width: 682px) 100vw, 682px\" \/><\/figure>\n\n\n\n<figure class=\"wp-block-image size-large\"><img loading=\"lazy\" decoding=\"async\" width=\"1024\" height=\"683\" src=\"https:\/\/noticiaempauta.com\/portal\/wp-content\/uploads\/2024\/11\/a87aa9d2-066f-488f-89db-2a69d8c46e8f-1024x683.jpeg\" alt=\"\" class=\"wp-image-264518\" srcset=\"https:\/\/noticiaempauta.com\/portal\/wp-content\/uploads\/2024\/11\/a87aa9d2-066f-488f-89db-2a69d8c46e8f-1024x683.jpeg 1024w, https:\/\/noticiaempauta.com\/portal\/wp-content\/uploads\/2024\/11\/a87aa9d2-066f-488f-89db-2a69d8c46e8f-300x200.jpeg 300w, https:\/\/noticiaempauta.com\/portal\/wp-content\/uploads\/2024\/11\/a87aa9d2-066f-488f-89db-2a69d8c46e8f-768x512.jpeg 768w, https:\/\/noticiaempauta.com\/portal\/wp-content\/uploads\/2024\/11\/a87aa9d2-066f-488f-89db-2a69d8c46e8f-1536x1024.jpeg 1536w, https:\/\/noticiaempauta.com\/portal\/wp-content\/uploads\/2024\/11\/a87aa9d2-066f-488f-89db-2a69d8c46e8f-2048x1365.jpeg 2048w\" sizes=\"(max-width: 1024px) 100vw, 1024px\" \/><\/figure>\n\n\n\n<p>A elei\u00e7\u00e3o ocorrer\u00e1 no pr\u00f3ximo dia 30 de novembro, das 10h30 \u00e0s 18h30 na Sede da OAB Subse\u00e7\u00e3o de Picos\/PI, ocasi\u00e3o em que os advogados ir\u00e3o \u00e0s urnas para decidir o futuro da Seccional Piau\u00ed e da Subse\u00e7\u00e3o de Picos.<\/p>\n","protected":false},"excerpt":{"rendered":"<p>Na noite desta quarta-feira, 27 de novembro, a Chapa 10 &#8211; A Ordem \u00e9 Avan\u00e7ar &#8211; liderada por Yana Moura e Ernandes Curica, realizou no Espa\u00e7o Unique seu grande evento de encerramento de campanha. A ocasi\u00e3o reuniu centenas de advogados de Picos e regi\u00e3o, refor\u00e7ando o esp\u00edrito de uni\u00e3o e inclus\u00e3o da campanha. Al\u00e9m dos [&hellip;]<\/p>\n","protected":false},"author":2,"featured_media":264514,"comment_status":"open","ping_status":"open","sticky":false,"template":"","format":"standard","meta":{"_mi_skip_tracking":false,"footnotes":""},"categories":[25,1,16],"tags":[],"class_list":["post-264513","post","type-post","status-publish","format-standard","has-post-thumbnail","hentry","category-destaques-site","category-geral","category-todas"],"acf":[],"yoast_head":"<!-- This site is optimized with the Yoast SEO Premium plugin v19.2 (Yoast SEO v26.9) - https:\/\/yoast.com\/product\/yoast-seo-premium-wordpress\/ -->\n<title>Em Picos, Chapa 10 encerra campanha com grande evento e destaca valoriza\u00e7\u00e3o da advocacia e independ\u00eancia da OAB - Portal Not\u00edcia em Pauta<\/title>\n<meta name=\"robots\" content=\"index, follow, max-snippet:-1, max-image-preview:large, max-video-preview:-1\" \/>\n<link rel=\"canonical\" href=\"https:\/\/noticiaempauta.com\/portal\/em-picos-chapa-10-encerra-campanha-com-grande-evento-e-destaca-valorizacao-da-advocacia-e-independencia-da-oab\/\" \/>\n<meta property=\"og:locale\" content=\"pt_BR\" \/>\n<meta property=\"og:type\" content=\"article\" \/>\n<meta property=\"og:title\" content=\"Em Picos, Chapa 10 encerra campanha com grande evento e destaca valoriza\u00e7\u00e3o da advocacia e independ\u00eancia da OAB\" \/>\n<meta property=\"og:description\" content=\"Na noite desta quarta-feira, 27 de novembro, a Chapa 10 &#8211; A Ordem \u00e9 Avan\u00e7ar &#8211; liderada por Yana Moura e Ernandes Curica, realizou no Espa\u00e7o Unique seu grande evento de encerramento de campanha. A ocasi\u00e3o reuniu centenas de advogados de Picos e regi\u00e3o, refor\u00e7ando o esp\u00edrito de uni\u00e3o e inclus\u00e3o da campanha. Al\u00e9m dos [&hellip;]\" \/>\n<meta property=\"og:url\" content=\"https:\/\/noticiaempauta.com\/portal\/em-picos-chapa-10-encerra-campanha-com-grande-evento-e-destaca-valorizacao-da-advocacia-e-independencia-da-oab\/\" \/>\n<meta property=\"og:site_name\" content=\"Portal Not\u00edcia em Pauta\" \/>\n<meta property=\"article:publisher\" content=\"https:\/\/www.facebook.com\/Portal-Notcia-Em-Pauta-102292869264820\/\" \/>\n<meta property=\"article:published_time\" content=\"2024-11-29T01:18:07+00:00\" \/>\n<meta property=\"article:modified_time\" content=\"2024-11-29T01:56:51+00:00\" \/>\n<meta property=\"og:image\" content=\"https:\/\/noticiaempauta.com\/portal\/wp-content\/uploads\/2024\/11\/bd4b0bbd-cb0a-47ec-b636-1d5294c6f22d.jpeg\" \/>\n\t<meta property=\"og:image:width\" content=\"1600\" \/>\n\t<meta property=\"og:image:height\" content=\"1066\" \/>\n\t<meta property=\"og:image:type\" content=\"image\/jpeg\" \/>\n<meta name=\"author\" content=\"Reda\u00e7\u00e3o\" \/>\n<meta name=\"twitter:card\" content=\"summary_large_image\" \/>\n<meta name=\"twitter:label1\" content=\"Escrito por\" \/>\n\t<meta name=\"twitter:data1\" content=\"Reda\u00e7\u00e3o\" \/>\n\t<meta name=\"twitter:label2\" content=\"Est. tempo de leitura\" \/>\n\t<meta name=\"twitter:data2\" content=\"3 minutos\" \/>\n<script type=\"application\/ld+json\" class=\"yoast-schema-graph\">{\"@context\":\"https:\/\/schema.org\",\"@graph\":[{\"@type\":\"Article\",\"@id\":\"https:\/\/noticiaempauta.com\/portal\/em-picos-chapa-10-encerra-campanha-com-grande-evento-e-destaca-valorizacao-da-advocacia-e-independencia-da-oab\/#article\",\"isPartOf\":{\"@id\":\"https:\/\/noticiaempauta.com\/portal\/em-picos-chapa-10-encerra-campanha-com-grande-evento-e-destaca-valorizacao-da-advocacia-e-independencia-da-oab\/\"},\"author\":{\"name\":\"Reda\u00e7\u00e3o\",\"@id\":\"https:\/\/noticiaempauta.com\/portal\/#\/schema\/person\/a74af43dd1ab3deca45f988c717d57ac\"},\"headline\":\"Em Picos, Chapa 10 encerra campanha com grande evento e destaca valoriza\u00e7\u00e3o da advocacia e independ\u00eancia da OAB\",\"datePublished\":\"2024-11-29T01:18:07+00:00\",\"dateModified\":\"2024-11-29T01:56:51+00:00\",\"mainEntityOfPage\":{\"@id\":\"https:\/\/noticiaempauta.com\/portal\/em-picos-chapa-10-encerra-campanha-com-grande-evento-e-destaca-valorizacao-da-advocacia-e-independencia-da-oab\/\"},\"wordCount\":276,\"commentCount\":0,\"publisher\":{\"@id\":\"https:\/\/noticiaempauta.com\/portal\/#organization\"},\"image\":{\"@id\":\"https:\/\/noticiaempauta.com\/portal\/em-picos-chapa-10-encerra-campanha-com-grande-evento-e-destaca-valorizacao-da-advocacia-e-independencia-da-oab\/#primaryimage\"},\"thumbnailUrl\":\"https:\/\/noticiaempauta.com\/portal\/wp-content\/uploads\/2024\/11\/bd4b0bbd-cb0a-47ec-b636-1d5294c6f22d.jpeg\",\"articleSection\":[\"Destaques\",\"Geral\",\"Todas as Not\u00edcias\"],\"inLanguage\":\"pt-BR\",\"potentialAction\":[{\"@type\":\"CommentAction\",\"name\":\"Comment\",\"target\":[\"https:\/\/noticiaempauta.com\/portal\/em-picos-chapa-10-encerra-campanha-com-grande-evento-e-destaca-valorizacao-da-advocacia-e-independencia-da-oab\/#respond\"]}]},{\"@type\":\"WebPage\",\"@id\":\"https:\/\/noticiaempauta.com\/portal\/em-picos-chapa-10-encerra-campanha-com-grande-evento-e-destaca-valorizacao-da-advocacia-e-independencia-da-oab\/\",\"url\":\"https:\/\/noticiaempauta.com\/portal\/em-picos-chapa-10-encerra-campanha-com-grande-evento-e-destaca-valorizacao-da-advocacia-e-independencia-da-oab\/\",\"name\":\"Em Picos, Chapa 10 encerra campanha com grande evento e destaca valoriza\u00e7\u00e3o da advocacia e independ\u00eancia da OAB - Portal Not\u00edcia em Pauta\",\"isPartOf\":{\"@id\":\"https:\/\/noticiaempauta.com\/portal\/#website\"},\"primaryImageOfPage\":{\"@id\":\"https:\/\/noticiaempauta.com\/portal\/em-picos-chapa-10-encerra-campanha-com-grande-evento-e-destaca-valorizacao-da-advocacia-e-independencia-da-oab\/#primaryimage\"},\"image\":{\"@id\":\"https:\/\/noticiaempauta.com\/portal\/em-picos-chapa-10-encerra-campanha-com-grande-evento-e-destaca-valorizacao-da-advocacia-e-independencia-da-oab\/#primaryimage\"},\"thumbnailUrl\":\"https:\/\/noticiaempauta.com\/portal\/wp-content\/uploads\/2024\/11\/bd4b0bbd-cb0a-47ec-b636-1d5294c6f22d.jpeg\",\"datePublished\":\"2024-11-29T01:18:07+00:00\",\"dateModified\":\"2024-11-29T01:56:51+00:00\",\"breadcrumb\":{\"@id\":\"https:\/\/noticiaempauta.com\/portal\/em-picos-chapa-10-encerra-campanha-com-grande-evento-e-destaca-valorizacao-da-advocacia-e-independencia-da-oab\/#breadcrumb\"},\"inLanguage\":\"pt-BR\",\"potentialAction\":[{\"@type\":\"ReadAction\",\"target\":[\"https:\/\/noticiaempauta.com\/portal\/em-picos-chapa-10-encerra-campanha-com-grande-evento-e-destaca-valorizacao-da-advocacia-e-independencia-da-oab\/\"]}]},{\"@type\":\"ImageObject\",\"inLanguage\":\"pt-BR\",\"@id\":\"https:\/\/noticiaempauta.com\/portal\/em-picos-chapa-10-encerra-campanha-com-grande-evento-e-destaca-valorizacao-da-advocacia-e-independencia-da-oab\/#primaryimage\",\"url\":\"https:\/\/noticiaempauta.com\/portal\/wp-content\/uploads\/2024\/11\/bd4b0bbd-cb0a-47ec-b636-1d5294c6f22d.jpeg\",\"contentUrl\":\"https:\/\/noticiaempauta.com\/portal\/wp-content\/uploads\/2024\/11\/bd4b0bbd-cb0a-47ec-b636-1d5294c6f22d.jpeg\",\"width\":1600,\"height\":1066},{\"@type\":\"BreadcrumbList\",\"@id\":\"https:\/\/noticiaempauta.com\/portal\/em-picos-chapa-10-encerra-campanha-com-grande-evento-e-destaca-valorizacao-da-advocacia-e-independencia-da-oab\/#breadcrumb\",\"itemListElement\":[{\"@type\":\"ListItem\",\"position\":1,\"name\":\"P\u00e1gina Inicial\",\"item\":\"https:\/\/noticiaempauta.com\/portal\/\"},{\"@type\":\"ListItem\",\"position\":2,\"name\":\"Destaques\",\"item\":\"https:\/\/noticiaempauta.com\/portal\/destaques-site\/\"},{\"@type\":\"ListItem\",\"position\":3,\"name\":\"Em Picos, Chapa 10 encerra campanha com grande evento e destaca valoriza\u00e7\u00e3o da advocacia e independ\u00eancia da OAB\"}]},{\"@type\":\"WebSite\",\"@id\":\"https:\/\/noticiaempauta.com\/portal\/#website\",\"url\":\"https:\/\/noticiaempauta.com\/portal\/\",\"name\":\"Portal Not\u00edcia em Pauta\",\"description\":\"Voc\u00ea bem informado\",\"publisher\":{\"@id\":\"https:\/\/noticiaempauta.com\/portal\/#organization\"},\"potentialAction\":[{\"@type\":\"SearchAction\",\"target\":{\"@type\":\"EntryPoint\",\"urlTemplate\":\"https:\/\/noticiaempauta.com\/portal\/?s={search_term_string}\"},\"query-input\":{\"@type\":\"PropertyValueSpecification\",\"valueRequired\":true,\"valueName\":\"search_term_string\"}}],\"inLanguage\":\"pt-BR\"},{\"@type\":\"Organization\",\"@id\":\"https:\/\/noticiaempauta.com\/portal\/#organization\",\"name\":\"Portal Not\u00edcia em Pauta\",\"url\":\"https:\/\/noticiaempauta.com\/portal\/\",\"logo\":{\"@type\":\"ImageObject\",\"inLanguage\":\"pt-BR\",\"@id\":\"https:\/\/noticiaempauta.com\/portal\/#\/schema\/logo\/image\/\",\"url\":\"https:\/\/noticiaempauta.com\/portal\/wp-content\/uploads\/2022\/08\/logomarca_tema.fw_.png\",\"contentUrl\":\"https:\/\/noticiaempauta.com\/portal\/wp-content\/uploads\/2022\/08\/logomarca_tema.fw_.png\",\"width\":400,\"height\":232,\"caption\":\"Portal Not\u00edcia em Pauta\"},\"image\":{\"@id\":\"https:\/\/noticiaempauta.com\/portal\/#\/schema\/logo\/image\/\"},\"sameAs\":[\"https:\/\/www.facebook.com\/Portal-Notcia-Em-Pauta-102292869264820\/\",\"https:\/\/www.instagram.com\/portalnoticiaempauta\/\"]},{\"@type\":\"Person\",\"@id\":\"https:\/\/noticiaempauta.com\/portal\/#\/schema\/person\/a74af43dd1ab3deca45f988c717d57ac\",\"name\":\"Reda\u00e7\u00e3o\",\"image\":{\"@type\":\"ImageObject\",\"inLanguage\":\"pt-BR\",\"@id\":\"https:\/\/noticiaempauta.com\/portal\/#\/schema\/person\/image\/\",\"url\":\"https:\/\/secure.gravatar.com\/avatar\/03179346ecce6cdfc13361603e8f54242a90e5cde8618fa23c5c00aa2b0aadf3?s=96&d=mm&r=g\",\"contentUrl\":\"https:\/\/secure.gravatar.com\/avatar\/03179346ecce6cdfc13361603e8f54242a90e5cde8618fa23c5c00aa2b0aadf3?s=96&d=mm&r=g\",\"caption\":\"Reda\u00e7\u00e3o\"},\"sameAs\":[\"https:\/\/noticiaempauta.com\/portal\/\"],\"url\":\"https:\/\/noticiaempauta.com\/portal\/author\/fernando\/\"}]}<\/script>\n<!-- \/ Yoast SEO Premium plugin. -->","yoast_head_json":{"title":"Em Picos, Chapa 10 encerra campanha com grande evento e destaca valoriza\u00e7\u00e3o da advocacia e independ\u00eancia da OAB - Portal Not\u00edcia em Pauta","robots":{"index":"index","follow":"follow","max-snippet":"max-snippet:-1","max-image-preview":"max-image-preview:large","max-video-preview":"max-video-preview:-1"},"canonical":"https:\/\/noticiaempauta.com\/portal\/em-picos-chapa-10-encerra-campanha-com-grande-evento-e-destaca-valorizacao-da-advocacia-e-independencia-da-oab\/","og_locale":"pt_BR","og_type":"article","og_title":"Em Picos, Chapa 10 encerra campanha com grande evento e destaca valoriza\u00e7\u00e3o da advocacia e independ\u00eancia da OAB","og_description":"Na noite desta quarta-feira, 27 de novembro, a Chapa 10 &#8211; A Ordem \u00e9 Avan\u00e7ar &#8211; liderada por Yana Moura e Ernandes Curica, realizou no Espa\u00e7o Unique seu grande evento de encerramento de campanha. A ocasi\u00e3o reuniu centenas de advogados de Picos e regi\u00e3o, refor\u00e7ando o esp\u00edrito de uni\u00e3o e inclus\u00e3o da campanha. Al\u00e9m dos [&hellip;]","og_url":"https:\/\/noticiaempauta.com\/portal\/em-picos-chapa-10-encerra-campanha-com-grande-evento-e-destaca-valorizacao-da-advocacia-e-independencia-da-oab\/","og_site_name":"Portal Not\u00edcia em Pauta","article_publisher":"https:\/\/www.facebook.com\/Portal-Notcia-Em-Pauta-102292869264820\/","article_published_time":"2024-11-29T01:18:07+00:00","article_modified_time":"2024-11-29T01:56:51+00:00","og_image":[{"width":1600,"height":1066,"url":"https:\/\/noticiaempauta.com\/portal\/wp-content\/uploads\/2024\/11\/bd4b0bbd-cb0a-47ec-b636-1d5294c6f22d.jpeg","type":"image\/jpeg"}],"author":"Reda\u00e7\u00e3o","twitter_card":"summary_large_image","twitter_misc":{"Escrito por":"Reda\u00e7\u00e3o","Est. tempo de leitura":"3 minutos"},"schema":{"@context":"https:\/\/schema.org","@graph":[{"@type":"Article","@id":"https:\/\/noticiaempauta.com\/portal\/em-picos-chapa-10-encerra-campanha-com-grande-evento-e-destaca-valorizacao-da-advocacia-e-independencia-da-oab\/#article","isPartOf":{"@id":"https:\/\/noticiaempauta.com\/portal\/em-picos-chapa-10-encerra-campanha-com-grande-evento-e-destaca-valorizacao-da-advocacia-e-independencia-da-oab\/"},"author":{"name":"Reda\u00e7\u00e3o","@id":"https:\/\/noticiaempauta.com\/portal\/#\/schema\/person\/a74af43dd1ab3deca45f988c717d57ac"},"headline":"Em Picos, Chapa 10 encerra campanha com grande evento e destaca valoriza\u00e7\u00e3o da advocacia e independ\u00eancia da OAB","datePublished":"2024-11-29T01:18:07+00:00","dateModified":"2024-11-29T01:56:51+00:00","mainEntityOfPage":{"@id":"https:\/\/noticiaempauta.com\/portal\/em-picos-chapa-10-encerra-campanha-com-grande-evento-e-destaca-valorizacao-da-advocacia-e-independencia-da-oab\/"},"wordCount":276,"commentCount":0,"publisher":{"@id":"https:\/\/noticiaempauta.com\/portal\/#organization"},"image":{"@id":"https:\/\/noticiaempauta.com\/portal\/em-picos-chapa-10-encerra-campanha-com-grande-evento-e-destaca-valorizacao-da-advocacia-e-independencia-da-oab\/#primaryimage"},"thumbnailUrl":"https:\/\/noticiaempauta.com\/portal\/wp-content\/uploads\/2024\/11\/bd4b0bbd-cb0a-47ec-b636-1d5294c6f22d.jpeg","articleSection":["Destaques","Geral","Todas as Not\u00edcias"],"inLanguage":"pt-BR","potentialAction":[{"@type":"CommentAction","name":"Comment","target":["https:\/\/noticiaempauta.com\/portal\/em-picos-chapa-10-encerra-campanha-com-grande-evento-e-destaca-valorizacao-da-advocacia-e-independencia-da-oab\/#respond"]}]},{"@type":"WebPage","@id":"https:\/\/noticiaempauta.com\/portal\/em-picos-chapa-10-encerra-campanha-com-grande-evento-e-destaca-valorizacao-da-advocacia-e-independencia-da-oab\/","url":"https:\/\/noticiaempauta.com\/portal\/em-picos-chapa-10-encerra-campanha-com-grande-evento-e-destaca-valorizacao-da-advocacia-e-independencia-da-oab\/","name":"Em Picos, Chapa 10 encerra campanha com grande evento e destaca valoriza\u00e7\u00e3o da advocacia e independ\u00eancia da OAB - Portal Not\u00edcia em Pauta","isPartOf":{"@id":"https:\/\/noticiaempauta.com\/portal\/#website"},"primaryImageOfPage":{"@id":"https:\/\/noticiaempauta.com\/portal\/em-picos-chapa-10-encerra-campanha-com-grande-evento-e-destaca-valorizacao-da-advocacia-e-independencia-da-oab\/#primaryimage"},"image":{"@id":"https:\/\/noticiaempauta.com\/portal\/em-picos-chapa-10-encerra-campanha-com-grande-evento-e-destaca-valorizacao-da-advocacia-e-independencia-da-oab\/#primaryimage"},"thumbnailUrl":"https:\/\/noticiaempauta.com\/portal\/wp-content\/uploads\/2024\/11\/bd4b0bbd-cb0a-47ec-b636-1d5294c6f22d.jpeg","datePublished":"2024-11-29T01:18:07+00:00","dateModified":"2024-11-29T01:56:51+00:00","breadcrumb":{"@id":"https:\/\/noticiaempauta.com\/portal\/em-picos-chapa-10-encerra-campanha-com-grande-evento-e-destaca-valorizacao-da-advocacia-e-independencia-da-oab\/#breadcrumb"},"inLanguage":"pt-BR","potentialAction":[{"@type":"ReadAction","target":["https:\/\/noticiaempauta.com\/portal\/em-picos-chapa-10-encerra-campanha-com-grande-evento-e-destaca-valorizacao-da-advocacia-e-independencia-da-oab\/"]}]},{"@type":"ImageObject","inLanguage":"pt-BR","@id":"https:\/\/noticiaempauta.com\/portal\/em-picos-chapa-10-encerra-campanha-com-grande-evento-e-destaca-valorizacao-da-advocacia-e-independencia-da-oab\/#primaryimage","url":"https:\/\/noticiaempauta.com\/portal\/wp-content\/uploads\/2024\/11\/bd4b0bbd-cb0a-47ec-b636-1d5294c6f22d.jpeg","contentUrl":"https:\/\/noticiaempauta.com\/portal\/wp-content\/uploads\/2024\/11\/bd4b0bbd-cb0a-47ec-b636-1d5294c6f22d.jpeg","width":1600,"height":1066},{"@type":"BreadcrumbList","@id":"https:\/\/noticiaempauta.com\/portal\/em-picos-chapa-10-encerra-campanha-com-grande-evento-e-destaca-valorizacao-da-advocacia-e-independencia-da-oab\/#breadcrumb","itemListElement":[{"@type":"ListItem","position":1,"name":"P\u00e1gina Inicial","item":"https:\/\/noticiaempauta.com\/portal\/"},{"@type":"ListItem","position":2,"name":"Destaques","item":"https:\/\/noticiaempauta.com\/portal\/destaques-site\/"},{"@type":"ListItem","position":3,"name":"Em Picos, Chapa 10 encerra campanha com grande evento e destaca valoriza\u00e7\u00e3o da advocacia e independ\u00eancia da OAB"}]},{"@type":"WebSite","@id":"https:\/\/noticiaempauta.com\/portal\/#website","url":"https:\/\/noticiaempauta.com\/portal\/","name":"Portal Not\u00edcia em Pauta","description":"Voc\u00ea bem informado","publisher":{"@id":"https:\/\/noticiaempauta.com\/portal\/#organization"},"potentialAction":[{"@type":"SearchAction","target":{"@type":"EntryPoint","urlTemplate":"https:\/\/noticiaempauta.com\/portal\/?s={search_term_string}"},"query-input":{"@type":"PropertyValueSpecification","valueRequired":true,"valueName":"search_term_string"}}],"inLanguage":"pt-BR"},{"@type":"Organization","@id":"https:\/\/noticiaempauta.com\/portal\/#organization","name":"Portal Not\u00edcia em Pauta","url":"https:\/\/noticiaempauta.com\/portal\/","logo":{"@type":"ImageObject","inLanguage":"pt-BR","@id":"https:\/\/noticiaempauta.com\/portal\/#\/schema\/logo\/image\/","url":"https:\/\/noticiaempauta.com\/portal\/wp-content\/uploads\/2022\/08\/logomarca_tema.fw_.png","contentUrl":"https:\/\/noticiaempauta.com\/portal\/wp-content\/uploads\/2022\/08\/logomarca_tema.fw_.png","width":400,"height":232,"caption":"Portal Not\u00edcia em Pauta"},"image":{"@id":"https:\/\/noticiaempauta.com\/portal\/#\/schema\/logo\/image\/"},"sameAs":["https:\/\/www.facebook.com\/Portal-Notcia-Em-Pauta-102292869264820\/","https:\/\/www.instagram.com\/portalnoticiaempauta\/"]},{"@type":"Person","@id":"https:\/\/noticiaempauta.com\/portal\/#\/schema\/person\/a74af43dd1ab3deca45f988c717d57ac","name":"Reda\u00e7\u00e3o","image":{"@type":"ImageObject","inLanguage":"pt-BR","@id":"https:\/\/noticiaempauta.com\/portal\/#\/schema\/person\/image\/","url":"https:\/\/secure.gravatar.com\/avatar\/03179346ecce6cdfc13361603e8f54242a90e5cde8618fa23c5c00aa2b0aadf3?s=96&d=mm&r=g","contentUrl":"https:\/\/secure.gravatar.com\/avatar\/03179346ecce6cdfc13361603e8f54242a90e5cde8618fa23c5c00aa2b0aadf3?s=96&d=mm&r=g","caption":"Reda\u00e7\u00e3o"},"sameAs":["https:\/\/noticiaempauta.com\/portal\/"],"url":"https:\/\/noticiaempauta.com\/portal\/author\/fernando\/"}]}},"_links":{"self":[{"href":"https:\/\/noticiaempauta.com\/portal\/wp-json\/wp\/v2\/posts\/264513","targetHints":{"allow":["GET"]}}],"collection":[{"href":"https:\/\/noticiaempauta.com\/portal\/wp-json\/wp\/v2\/posts"}],"about":[{"href":"https:\/\/noticiaempauta.com\/portal\/wp-json\/wp\/v2\/types\/post"}],"author":[{"embeddable":true,"href":"https:\/\/noticiaempauta.com\/portal\/wp-json\/wp\/v2\/users\/2"}],"replies":[{"embeddable":true,"href":"https:\/\/noticiaempauta.com\/portal\/wp-json\/wp\/v2\/comments?post=264513"}],"version-history":[{"count":1,"href":"https:\/\/noticiaempauta.com\/portal\/wp-json\/wp\/v2\/posts\/264513\/revisions"}],"predecessor-version":[{"id":264519,"href":"https:\/\/noticiaempauta.com\/portal\/wp-json\/wp\/v2\/posts\/264513\/revisions\/264519"}],"wp:featuredmedia":[{"embeddable":true,"href":"https:\/\/noticiaempauta.com\/portal\/wp-json\/wp\/v2\/media\/264514"}],"wp:attachment":[{"href":"https:\/\/noticiaempauta.com\/portal\/wp-json\/wp\/v2\/media?parent=264513"}],"wp:term":[{"taxonomy":"category","embeddable":true,"href":"https:\/\/noticiaempauta.com\/portal\/wp-json\/wp\/v2\/categories?post=264513"},{"taxonomy":"post_tag","embeddable":true,"href":"https:\/\/noticiaempauta.com\/portal\/wp-json\/wp\/v2\/tags?post=264513"}],"curies":[{"name":"wp","href":"https:\/\/api.w.org\/{rel}","templated":true}]}}